{"id":16282,"date":"2026-03-26T19:50:10","date_gmt":"2026-03-26T18:50:10","guid":{"rendered":"https:\/\/nordnesrepublikken.no\/index.php\/2026\/03\/26\/hvor-mange-ganger-har-du-ikke-deltatt-i-verdenscupen-sammenligningen-med-den-store\/"},"modified":"2026-03-26T19:50:12","modified_gmt":"2026-03-26T18:50:12","slug":"hvor-mange-ganger-har-du-ikke-deltatt-i-verdenscupen-sammenligningen-med-den-store","status":"publish","type":"post","link":"https:\/\/nordnesrepublikken.no\/index.php\/2026\/03\/26\/hvor-mange-ganger-har-du-ikke-deltatt-i-verdenscupen-sammenligningen-med-den-store\/","title":{"rendered":"hvor mange ganger har du ikke deltatt i verdenscupen? Sammenligningen med den &laquo;store&raquo;"},"content":{"rendered":"<div>\n<div class=\"cp_wrapper cp_wrapper--fw mb-30 mb-20@tablet\">\n<figure class=\"mm\"><picture class=\"img\" style=\"padding-top:56.25%\"><source  media=\"(min-width: 1024px)\"><source  media=\"(min-width: 768px)\"><\/source><\/source><\/picture><\/figure>\n<\/p><\/div>\n<p>Inn eller ut. Der<strong> det italienske fotballaget <\/strong>m\u00e5 vinne sluttspillet for <strong>kvalifisere seg til verdensmesterskapet i 2026<\/strong>: i dag, torsdag 26. mars, kamp mot Nord-Irland i Bergamo, i tilfelle seier tirsdag 31. mars er det finale borte mot Wales eller Bosnia. Mennene ledet av <strong>Rino Gattuso<\/strong> er kalt til \u00e5 fjerne et tabu: Azzurri, faktisk, deltok ikke i <strong>siste to utgaver<\/strong> av verdenskonkurransen, den i 2018 i Russland (eliminert av Sverige) og 2022 i Qatar (fordelt av Nord-Makedonia). Hvor mange ganger har vi g\u00e5tt glipp av verdenscupen? Hvordan har kvalifikasjonssystemet endret seg gjennom flere ti\u00e5r? Har de andre store navnene i fotball lidd som oss? La oss pr\u00f8ve \u00e5 avklare ting litt for \u00e5 fordrive tiden.<\/p>\n<h2>Italias fire frav\u00e6r i verdenscupen og formatene som kastet oss ut<\/h2>\n<p>I sin lange historie<strong> Det italienske landslaget deltok ikke i fire utgaver av verdenscupen <\/strong>(samme antall titler vunnet). F\u00f8rste gang skjedde i<strong> 1930<\/strong>da Uruguay var vertskap for det f\u00f8rste verdensmesterskapet organisert av FIFA: det var ingen kvalifiseringskamper til den s\u00f8ramerikanske turneringen. FIFA jobbet for \u00e5 invitere tidens beste valg, men nesten alle de europeiske lagene (inkludert Italia) <strong>de nektet \u00e5 delta<\/strong>av flere grunner, inkludert det <strong>logistikk<\/strong>: Federasjonene var ikke villige til \u00e5 ta p\u00e5 seg strabasene ved en transoceanisk reise med skip som med oppholdet i S\u00f8r-Amerika totalt ville ha vart i minst to m\u00e5neder.<\/p>\n<p>Det andre verdensmesterskapet uten Azzurri ble avholdt <strong>1958<\/strong>. I kvalifiseringen til turneringen, spilt i 1957, befant Italia seg i en minigruppe med <strong>Portugal<\/strong> Og <strong>Nord-Irland<\/strong>. Det startet med seier mot britene, men tapte s\u00e5 3-0 i Portugal. I returkampen mot portugiserne snudde imidlertid landslaget resultatet, og vant 3-0. Med fortsatt gode sjanser til \u00e5 kvalifisere seg dukket Italia den 15. januar 1958 opp i Belfast for den siste avgj\u00f8rende kampen mot Nord-Irland. Kampen skulle v\u00e6rt spilt i desember, men p\u00e5 grunn av vanskelighetene dommerne hadde med \u00e5 flytte til Belfast (flukten ble forhindret av <strong>t\u00e5ke<\/strong>), ble utsatt til januar. Til Italia, ledet av tandem som best\u00e5r av <strong>Alfredo Foni<\/strong> (Intertrener p\u00e5 den tiden) og av sekret\u00e6ren for FIGC <strong>Giuseppe Vian<\/strong>det hadde v\u00e6rt nok \u00e5 ikke tape og i stedet <strong>tapte 2-1<\/strong>og avsluttet gruppen p\u00e5 andreplass med ett poeng mindre enn Nord-Irland som kvalifiserte seg til den svenske utgaven og deretter vunnet av Pel\u00e8s Brasil som fortsatt m\u00e5tte fylle 18 \u00e5r.<\/p>\n<div class=\"cp_wrapper cp_wrapper--fw mb-50\">\n<figure class=\"mm\"><picture class=\"img\" style=\"padding-top:72.631578947368%\"><source  media=\"(min-width: 1024px)\"><source  media=\"(min-width: 768px)\"><img decoding=\"async\" loading=\"lazy\" src=\"https:\/\/nordnesrepublikken.no\/wp-content\/uploads\/2026\/03\/1774551010_604_hvor-mange-ganger-har-du-ikke-deltatt-i-verdenscupen-Sammenligningen.jpg\" alt=\"Pele ved VM i Sverige 1958. Wikimedia Commons\" width=\"1140\" height=\"828\"\/><\/source><\/source><\/picture><\/figure>\n<\/p><\/div>\n<p>Vi ankommer kl <strong>to \u00abmoderne\u00bb nederlag<\/strong>kom etter to andreplasser i kvalifiseringsrunden. <strong>2018<\/strong>denne gangen ingen minirunde, men en sluttspillkamp med en rundtur med <strong>Sverige<\/strong>: etter 1-0-nederlaget i Solna gikk ikke Giampiero Venturas gutter utover uavgjort 0-0 i et stille San Siro. Marerittet gjentar seg for fjerde (og forh\u00e5pentligvis p\u00e5 lenge siste) gang i <strong>2022<\/strong>i sluttspillformatet som ogs\u00e5 gjelder i \u00e5r med semifinale og finale. I den f\u00f8rste kampen som ble spilt p\u00e5 Barbera stadion i Palermo <strong>Nord-Makedonia<\/strong> ford\u00f8mmer Roberto Mancinis landslag med Aleksandar Trajkovskis m\u00e5l p\u00e5 overtid.<\/p>\n<h2>Forbannet kvalifisering: sammenligningen med de store navnene i verdensfotballen<\/h2>\n<p>Med tanke p\u00e5 kun landslagene som vant <strong>minst ett verdensmesterskap<\/strong> (det er 8 totalt), det eneste store navnet som aldri har g\u00e5tt glipp av den store begivenheten er<strong> Brasil<\/strong>: <strong>23 av 23 deltakere<\/strong>. Der er hjulet <strong>Tyskland<\/strong> med 21 (med unntak av den aller f\u00f8rste i 1930 av samme grunner som Italia og den i 1950, da tyskerne ble ekskludert som f\u00f8lge av <strong>Andre verdenskrig<\/strong>). De f\u00f8lger<strong>Argentina<\/strong> med 19, Italia med 18 (som kan bli 19 hvis vi vinner sluttspillet v\u00e5rt), <strong>England<\/strong>, <strong>Frankrike<\/strong> Og <strong>Spania<\/strong> med 17. Lukker<strong>Uruguay<\/strong> med 15 deltakere. Analyserer bare de manglende deltakelsene som f\u00f8lge av manglende kvalifisering, men dette er situasjonen:<\/p>\n<p><iframe title=\"Partecipazioni, titoli e mancate qualificazioni delle \" aria-label=\"Table\" id=\"datawrapper-chart-orGDr\" scrolling=\"no\" frameborder=\"0\" style=\"width: 0; min-width: 100% !important; border: none;\" height=\"434\" data-external=\"1\" data-type=\"generic-iframe\" data-src=\"https:\/\/datawrapper.dwcdn.net\/orGDr\/1\/\" class=\"js-parse-embed\"><\/iframe><\/p>\n<\/p><\/div>\n","protected":false},"excerpt":{"rendered":"<p>Inn eller ut. Der det italienske fotballaget m\u00e5 vinne sluttspillet for kvalifisere seg til verdensmesterskapet<\/p>\n","protected":false},"author":1,"featured_media":16283,"comment_status":"closed","ping_status":"open","sticky":false,"template":"","format":"standard","meta":{"footnotes":""},"categories":[104],"tags":[10557,74,2001,179,449,187,450,79,2407,1045,10558],"class_list":["post-16282","post","type-post","status-publish","format-standard","has-post-thumbnail","hentry","category-samfunn","tag-deltatt","tag-den","tag-ganger","tag-har","tag-hvor","tag-ikke","tag-mange","tag-med","tag-sammenligningen","tag-store","tag-verdenscupen","generate-columns","tablet-grid-50","mobile-grid-100","grid-parent","grid-33","resize-featured-image"],"yoast_head":"<!-- This site is optimized with the Yoast SEO plugin v24.4 - https:\/\/yoast.com\/wordpress\/plugins\/seo\/ -->\n<title>hvor mange ganger har du ikke deltatt i verdenscupen? Sammenligningen med den &quot;store&quot; - Nordnesrepublikken<\/title>\n<meta name=\"robots\" content=\"index, follow, max-snippet:-1, max-image-preview:large, max-video-preview:-1\" \/>\n<link rel=\"canonical\" href=\"https:\/\/nordnesrepublikken.no\/index.php\/2026\/03\/26\/hvor-mange-ganger-har-du-ikke-deltatt-i-verdenscupen-sammenligningen-med-den-store\/\" \/>\n<meta property=\"og:locale\" content=\"nb_NO\" \/>\n<meta property=\"og:type\" content=\"article\" \/>\n<meta property=\"og:title\" content=\"hvor mange ganger har du ikke deltatt i verdenscupen? Sammenligningen med den &quot;store&quot; - Nordnesrepublikken\" \/>\n<meta property=\"og:description\" content=\"Inn eller ut. Der det italienske fotballaget m\u00e5 vinne sluttspillet for kvalifisere seg til verdensmesterskapet\" \/>\n<meta property=\"og:url\" content=\"https:\/\/nordnesrepublikken.no\/index.php\/2026\/03\/26\/hvor-mange-ganger-har-du-ikke-deltatt-i-verdenscupen-sammenligningen-med-den-store\/\" \/>\n<meta property=\"og:site_name\" content=\"Nordnesrepublikken\" \/>\n<meta property=\"article:published_time\" content=\"2026-03-26T18:50:10+00:00\" \/>\n<meta property=\"article:modified_time\" content=\"2026-03-26T18:50:12+00:00\" \/>\n<meta property=\"og:image\" content=\"https:\/\/nordnesrepublikken.no\/wp-content\/uploads\/2026\/03\/1774551011_hvor-mange-ganger-har-du-ikke-deltatt-i-verdenscupen-Sammenligningen.jpg\" \/>\n\t<meta property=\"og:image:width\" content=\"1890\" \/>\n\t<meta property=\"og:image:height\" content=\"1063\" \/>\n\t<meta property=\"og:image:type\" content=\"image\/jpeg\" \/>\n<meta name=\"author\" content=\"Ole Andersen\" \/>\n<meta name=\"twitter:card\" content=\"summary_large_image\" \/>\n<meta name=\"twitter:label1\" content=\"Skrevet av\" \/>\n\t<meta name=\"twitter:data1\" content=\"Ole Andersen\" \/>\n\t<meta name=\"twitter:label2\" content=\"Ansl. lesetid\" \/>\n\t<meta name=\"twitter:data2\" content=\"3 minutter\" \/>\n<script type=\"application\/ld+json\" class=\"yoast-schema-graph\">{\"@context\":\"https:\/\/schema.org\",\"@graph\":[{\"@type\":\"Article\",\"@id\":\"https:\/\/nordnesrepublikken.no\/index.php\/2026\/03\/26\/hvor-mange-ganger-har-du-ikke-deltatt-i-verdenscupen-sammenligningen-med-den-store\/#article\",\"isPartOf\":{\"@id\":\"https:\/\/nordnesrepublikken.no\/index.php\/2026\/03\/26\/hvor-mange-ganger-har-du-ikke-deltatt-i-verdenscupen-sammenligningen-med-den-store\/\"},\"author\":{\"name\":\"Ole Andersen\",\"@id\":\"https:\/\/nordnesrepublikken.no\/#\/schema\/person\/2e7e81935bab77882fffb79296240ff1\"},\"headline\":\"hvor mange ganger har du ikke deltatt i verdenscupen? Sammenligningen med den &laquo;store&raquo;\",\"datePublished\":\"2026-03-26T18:50:10+00:00\",\"dateModified\":\"2026-03-26T18:50:12+00:00\",\"mainEntityOfPage\":{\"@id\":\"https:\/\/nordnesrepublikken.no\/index.php\/2026\/03\/26\/hvor-mange-ganger-har-du-ikke-deltatt-i-verdenscupen-sammenligningen-med-den-store\/\"},\"wordCount\":594,\"publisher\":{\"@id\":\"https:\/\/nordnesrepublikken.no\/#organization\"},\"image\":{\"@id\":\"https:\/\/nordnesrepublikken.no\/index.php\/2026\/03\/26\/hvor-mange-ganger-har-du-ikke-deltatt-i-verdenscupen-sammenligningen-med-den-store\/#primaryimage\"},\"thumbnailUrl\":\"https:\/\/nordnesrepublikken.no\/wp-content\/uploads\/2026\/03\/1774551011_hvor-mange-ganger-har-du-ikke-deltatt-i-verdenscupen-Sammenligningen.jpg\",\"keywords\":[\"deltatt\",\"den\",\"ganger\",\"har\",\"hvor\",\"ikke\",\"mange\",\"med\",\"Sammenligningen\",\"Store\",\"verdenscupen\"],\"articleSection\":[\"Samfunn\"],\"inLanguage\":\"nb-NO\"},{\"@type\":\"WebPage\",\"@id\":\"https:\/\/nordnesrepublikken.no\/index.php\/2026\/03\/26\/hvor-mange-ganger-har-du-ikke-deltatt-i-verdenscupen-sammenligningen-med-den-store\/\",\"url\":\"https:\/\/nordnesrepublikken.no\/index.php\/2026\/03\/26\/hvor-mange-ganger-har-du-ikke-deltatt-i-verdenscupen-sammenligningen-med-den-store\/\",\"name\":\"hvor mange ganger har du ikke deltatt i verdenscupen? Sammenligningen med den \\\"store\\\" - Nordnesrepublikken\",\"isPartOf\":{\"@id\":\"https:\/\/nordnesrepublikken.no\/#website\"},\"primaryImageOfPage\":{\"@id\":\"https:\/\/nordnesrepublikken.no\/index.php\/2026\/03\/26\/hvor-mange-ganger-har-du-ikke-deltatt-i-verdenscupen-sammenligningen-med-den-store\/#primaryimage\"},\"image\":{\"@id\":\"https:\/\/nordnesrepublikken.no\/index.php\/2026\/03\/26\/hvor-mange-ganger-har-du-ikke-deltatt-i-verdenscupen-sammenligningen-med-den-store\/#primaryimage\"},\"thumbnailUrl\":\"https:\/\/nordnesrepublikken.no\/wp-content\/uploads\/2026\/03\/1774551011_hvor-mange-ganger-har-du-ikke-deltatt-i-verdenscupen-Sammenligningen.jpg\",\"datePublished\":\"2026-03-26T18:50:10+00:00\",\"dateModified\":\"2026-03-26T18:50:12+00:00\",\"breadcrumb\":{\"@id\":\"https:\/\/nordnesrepublikken.no\/index.php\/2026\/03\/26\/hvor-mange-ganger-har-du-ikke-deltatt-i-verdenscupen-sammenligningen-med-den-store\/#breadcrumb\"},\"inLanguage\":\"nb-NO\",\"potentialAction\":[{\"@type\":\"ReadAction\",\"target\":[\"https:\/\/nordnesrepublikken.no\/index.php\/2026\/03\/26\/hvor-mange-ganger-har-du-ikke-deltatt-i-verdenscupen-sammenligningen-med-den-store\/\"]}]},{\"@type\":\"ImageObject\",\"inLanguage\":\"nb-NO\",\"@id\":\"https:\/\/nordnesrepublikken.no\/index.php\/2026\/03\/26\/hvor-mange-ganger-har-du-ikke-deltatt-i-verdenscupen-sammenligningen-med-den-store\/#primaryimage\",\"url\":\"https:\/\/nordnesrepublikken.no\/wp-content\/uploads\/2026\/03\/1774551011_hvor-mange-ganger-har-du-ikke-deltatt-i-verdenscupen-Sammenligningen.jpg\",\"contentUrl\":\"https:\/\/nordnesrepublikken.no\/wp-content\/uploads\/2026\/03\/1774551011_hvor-mange-ganger-har-du-ikke-deltatt-i-verdenscupen-Sammenligningen.jpg\",\"width\":1890,\"height\":1063,\"caption\":\"hvor mange ganger har du ikke deltatt i verdenscupen? Sammenligningen med den \\\"store\\\"\"},{\"@type\":\"BreadcrumbList\",\"@id\":\"https:\/\/nordnesrepublikken.no\/index.php\/2026\/03\/26\/hvor-mange-ganger-har-du-ikke-deltatt-i-verdenscupen-sammenligningen-med-den-store\/#breadcrumb\",\"itemListElement\":[{\"@type\":\"ListItem\",\"position\":1,\"name\":\"Home\",\"item\":\"https:\/\/nordnesrepublikken.no\/\"},{\"@type\":\"ListItem\",\"position\":2,\"name\":\"hvor mange ganger har du ikke deltatt i verdenscupen? Sammenligningen med den &laquo;store&raquo;\"}]},{\"@type\":\"WebSite\",\"@id\":\"https:\/\/nordnesrepublikken.no\/#website\",\"url\":\"https:\/\/nordnesrepublikken.no\/\",\"name\":\"Nordnesrepublikken\",\"description\":\"Stemmer og Visjoner fra Republikkens Hjerte\",\"publisher\":{\"@id\":\"https:\/\/nordnesrepublikken.no\/#organization\"},\"potentialAction\":[{\"@type\":\"SearchAction\",\"target\":{\"@type\":\"EntryPoint\",\"urlTemplate\":\"https:\/\/nordnesrepublikken.no\/?s={search_term_string}\"},\"query-input\":{\"@type\":\"PropertyValueSpecification\",\"valueRequired\":true,\"valueName\":\"search_term_string\"}}],\"inLanguage\":\"nb-NO\"},{\"@type\":\"Organization\",\"@id\":\"https:\/\/nordnesrepublikken.no\/#organization\",\"name\":\"Nordnesrepublikken\",\"url\":\"https:\/\/nordnesrepublikken.no\/\",\"logo\":{\"@type\":\"ImageObject\",\"inLanguage\":\"nb-NO\",\"@id\":\"https:\/\/nordnesrepublikken.no\/#\/schema\/logo\/image\/\",\"url\":\"https:\/\/nordnesrepublikken.no\/wp-content\/uploads\/2025\/02\/cropped-nordnesrepublikken-2.png\",\"contentUrl\":\"https:\/\/nordnesrepublikken.no\/wp-content\/uploads\/2025\/02\/cropped-nordnesrepublikken-2.png\",\"width\":1248,\"height\":362,\"caption\":\"Nordnesrepublikken\"},\"image\":{\"@id\":\"https:\/\/nordnesrepublikken.no\/#\/schema\/logo\/image\/\"}},{\"@type\":\"Person\",\"@id\":\"https:\/\/nordnesrepublikken.no\/#\/schema\/person\/2e7e81935bab77882fffb79296240ff1\",\"name\":\"Ole Andersen\",\"image\":{\"@type\":\"ImageObject\",\"inLanguage\":\"nb-NO\",\"@id\":\"https:\/\/nordnesrepublikken.no\/#\/schema\/person\/image\/\",\"url\":\"https:\/\/nordnesrepublikken.no\/wp-content\/uploads\/2025\/02\/nordnesrepublikken-2-2-150x150.jpg\",\"contentUrl\":\"https:\/\/nordnesrepublikken.no\/wp-content\/uploads\/2025\/02\/nordnesrepublikken-2-2-150x150.jpg\",\"caption\":\"Ole Andersen\"},\"description\":\"Ettersom jeg vokste opp i Oslo, har jeg alltid v\u00e6rt fascinert av ordenes kraft og deres evne til \u00e5 skape endringer. Etter \u00e5 ha fullf\u00f8rt min utdannelse i kommunikasjon ved Universitetet i Bergen, fikk jeg muligheten til \u00e5 jobbe innen ulike medier, der jeg har s\u00f8kt \u00e5 belyse viktige samfunnssp\u00f8rsm\u00e5l. I dag, som redakt\u00f8r for Nordnesrepublikken, pr\u00f8ver jeg \u00e5 forene min kj\u00e6rlighet for journalistikk med min lidenskap for innovasjon og eventyr.\",\"sameAs\":[\"https:\/\/nordnesrepublikken.no\/\"]}]}<\/script>\n<!-- \/ Yoast SEO plugin. -->","yoast_head_json":{"title":"hvor mange ganger har du ikke deltatt i verdenscupen? Sammenligningen med den \"store\" - Nordnesrepublikken","robots":{"index":"index","follow":"follow","max-snippet":"max-snippet:-1","max-image-preview":"max-image-preview:large","max-video-preview":"max-video-preview:-1"},"canonical":"https:\/\/nordnesrepublikken.no\/index.php\/2026\/03\/26\/hvor-mange-ganger-har-du-ikke-deltatt-i-verdenscupen-sammenligningen-med-den-store\/","og_locale":"nb_NO","og_type":"article","og_title":"hvor mange ganger har du ikke deltatt i verdenscupen? Sammenligningen med den \"store\" - Nordnesrepublikken","og_description":"Inn eller ut. Der det italienske fotballaget m\u00e5 vinne sluttspillet for kvalifisere seg til verdensmesterskapet","og_url":"https:\/\/nordnesrepublikken.no\/index.php\/2026\/03\/26\/hvor-mange-ganger-har-du-ikke-deltatt-i-verdenscupen-sammenligningen-med-den-store\/","og_site_name":"Nordnesrepublikken","article_published_time":"2026-03-26T18:50:10+00:00","article_modified_time":"2026-03-26T18:50:12+00:00","og_image":[{"width":1890,"height":1063,"url":"https:\/\/nordnesrepublikken.no\/wp-content\/uploads\/2026\/03\/1774551011_hvor-mange-ganger-har-du-ikke-deltatt-i-verdenscupen-Sammenligningen.jpg","type":"image\/jpeg"}],"author":"Ole Andersen","twitter_card":"summary_large_image","twitter_misc":{"Skrevet av":"Ole Andersen","Ansl. lesetid":"3 minutter"},"schema":{"@context":"https:\/\/schema.org","@graph":[{"@type":"Article","@id":"https:\/\/nordnesrepublikken.no\/index.php\/2026\/03\/26\/hvor-mange-ganger-har-du-ikke-deltatt-i-verdenscupen-sammenligningen-med-den-store\/#article","isPartOf":{"@id":"https:\/\/nordnesrepublikken.no\/index.php\/2026\/03\/26\/hvor-mange-ganger-har-du-ikke-deltatt-i-verdenscupen-sammenligningen-med-den-store\/"},"author":{"name":"Ole Andersen","@id":"https:\/\/nordnesrepublikken.no\/#\/schema\/person\/2e7e81935bab77882fffb79296240ff1"},"headline":"hvor mange ganger har du ikke deltatt i verdenscupen? Sammenligningen med den &laquo;store&raquo;","datePublished":"2026-03-26T18:50:10+00:00","dateModified":"2026-03-26T18:50:12+00:00","mainEntityOfPage":{"@id":"https:\/\/nordnesrepublikken.no\/index.php\/2026\/03\/26\/hvor-mange-ganger-har-du-ikke-deltatt-i-verdenscupen-sammenligningen-med-den-store\/"},"wordCount":594,"publisher":{"@id":"https:\/\/nordnesrepublikken.no\/#organization"},"image":{"@id":"https:\/\/nordnesrepublikken.no\/index.php\/2026\/03\/26\/hvor-mange-ganger-har-du-ikke-deltatt-i-verdenscupen-sammenligningen-med-den-store\/#primaryimage"},"thumbnailUrl":"https:\/\/nordnesrepublikken.no\/wp-content\/uploads\/2026\/03\/1774551011_hvor-mange-ganger-har-du-ikke-deltatt-i-verdenscupen-Sammenligningen.jpg","keywords":["deltatt","den","ganger","har","hvor","ikke","mange","med","Sammenligningen","Store","verdenscupen"],"articleSection":["Samfunn"],"inLanguage":"nb-NO"},{"@type":"WebPage","@id":"https:\/\/nordnesrepublikken.no\/index.php\/2026\/03\/26\/hvor-mange-ganger-har-du-ikke-deltatt-i-verdenscupen-sammenligningen-med-den-store\/","url":"https:\/\/nordnesrepublikken.no\/index.php\/2026\/03\/26\/hvor-mange-ganger-har-du-ikke-deltatt-i-verdenscupen-sammenligningen-med-den-store\/","name":"hvor mange ganger har du ikke deltatt i verdenscupen? Sammenligningen med den \"store\" - Nordnesrepublikken","isPartOf":{"@id":"https:\/\/nordnesrepublikken.no\/#website"},"primaryImageOfPage":{"@id":"https:\/\/nordnesrepublikken.no\/index.php\/2026\/03\/26\/hvor-mange-ganger-har-du-ikke-deltatt-i-verdenscupen-sammenligningen-med-den-store\/#primaryimage"},"image":{"@id":"https:\/\/nordnesrepublikken.no\/index.php\/2026\/03\/26\/hvor-mange-ganger-har-du-ikke-deltatt-i-verdenscupen-sammenligningen-med-den-store\/#primaryimage"},"thumbnailUrl":"https:\/\/nordnesrepublikken.no\/wp-content\/uploads\/2026\/03\/1774551011_hvor-mange-ganger-har-du-ikke-deltatt-i-verdenscupen-Sammenligningen.jpg","datePublished":"2026-03-26T18:50:10+00:00","dateModified":"2026-03-26T18:50:12+00:00","breadcrumb":{"@id":"https:\/\/nordnesrepublikken.no\/index.php\/2026\/03\/26\/hvor-mange-ganger-har-du-ikke-deltatt-i-verdenscupen-sammenligningen-med-den-store\/#breadcrumb"},"inLanguage":"nb-NO","potentialAction":[{"@type":"ReadAction","target":["https:\/\/nordnesrepublikken.no\/index.php\/2026\/03\/26\/hvor-mange-ganger-har-du-ikke-deltatt-i-verdenscupen-sammenligningen-med-den-store\/"]}]},{"@type":"ImageObject","inLanguage":"nb-NO","@id":"https:\/\/nordnesrepublikken.no\/index.php\/2026\/03\/26\/hvor-mange-ganger-har-du-ikke-deltatt-i-verdenscupen-sammenligningen-med-den-store\/#primaryimage","url":"https:\/\/nordnesrepublikken.no\/wp-content\/uploads\/2026\/03\/1774551011_hvor-mange-ganger-har-du-ikke-deltatt-i-verdenscupen-Sammenligningen.jpg","contentUrl":"https:\/\/nordnesrepublikken.no\/wp-content\/uploads\/2026\/03\/1774551011_hvor-mange-ganger-har-du-ikke-deltatt-i-verdenscupen-Sammenligningen.jpg","width":1890,"height":1063,"caption":"hvor mange ganger har du ikke deltatt i verdenscupen? Sammenligningen med den \"store\""},{"@type":"BreadcrumbList","@id":"https:\/\/nordnesrepublikken.no\/index.php\/2026\/03\/26\/hvor-mange-ganger-har-du-ikke-deltatt-i-verdenscupen-sammenligningen-med-den-store\/#breadcrumb","itemListElement":[{"@type":"ListItem","position":1,"name":"Home","item":"https:\/\/nordnesrepublikken.no\/"},{"@type":"ListItem","position":2,"name":"hvor mange ganger har du ikke deltatt i verdenscupen? Sammenligningen med den &laquo;store&raquo;"}]},{"@type":"WebSite","@id":"https:\/\/nordnesrepublikken.no\/#website","url":"https:\/\/nordnesrepublikken.no\/","name":"Nordnesrepublikken","description":"Stemmer og Visjoner fra Republikkens Hjerte","publisher":{"@id":"https:\/\/nordnesrepublikken.no\/#organization"},"potentialAction":[{"@type":"SearchAction","target":{"@type":"EntryPoint","urlTemplate":"https:\/\/nordnesrepublikken.no\/?s={search_term_string}"},"query-input":{"@type":"PropertyValueSpecification","valueRequired":true,"valueName":"search_term_string"}}],"inLanguage":"nb-NO"},{"@type":"Organization","@id":"https:\/\/nordnesrepublikken.no\/#organization","name":"Nordnesrepublikken","url":"https:\/\/nordnesrepublikken.no\/","logo":{"@type":"ImageObject","inLanguage":"nb-NO","@id":"https:\/\/nordnesrepublikken.no\/#\/schema\/logo\/image\/","url":"https:\/\/nordnesrepublikken.no\/wp-content\/uploads\/2025\/02\/cropped-nordnesrepublikken-2.png","contentUrl":"https:\/\/nordnesrepublikken.no\/wp-content\/uploads\/2025\/02\/cropped-nordnesrepublikken-2.png","width":1248,"height":362,"caption":"Nordnesrepublikken"},"image":{"@id":"https:\/\/nordnesrepublikken.no\/#\/schema\/logo\/image\/"}},{"@type":"Person","@id":"https:\/\/nordnesrepublikken.no\/#\/schema\/person\/2e7e81935bab77882fffb79296240ff1","name":"Ole Andersen","image":{"@type":"ImageObject","inLanguage":"nb-NO","@id":"https:\/\/nordnesrepublikken.no\/#\/schema\/person\/image\/","url":"https:\/\/nordnesrepublikken.no\/wp-content\/uploads\/2025\/02\/nordnesrepublikken-2-2-150x150.jpg","contentUrl":"https:\/\/nordnesrepublikken.no\/wp-content\/uploads\/2025\/02\/nordnesrepublikken-2-2-150x150.jpg","caption":"Ole Andersen"},"description":"Ettersom jeg vokste opp i Oslo, har jeg alltid v\u00e6rt fascinert av ordenes kraft og deres evne til \u00e5 skape endringer. Etter \u00e5 ha fullf\u00f8rt min utdannelse i kommunikasjon ved Universitetet i Bergen, fikk jeg muligheten til \u00e5 jobbe innen ulike medier, der jeg har s\u00f8kt \u00e5 belyse viktige samfunnssp\u00f8rsm\u00e5l. I dag, som redakt\u00f8r for Nordnesrepublikken, pr\u00f8ver jeg \u00e5 forene min kj\u00e6rlighet for journalistikk med min lidenskap for innovasjon og eventyr.","sameAs":["https:\/\/nordnesrepublikken.no\/"]}]}},"_links":{"self":[{"href":"https:\/\/nordnesrepublikken.no\/index.php\/wp-json\/wp\/v2\/posts\/16282","targetHints":{"allow":["GET"]}}],"collection":[{"href":"https:\/\/nordnesrepublikken.no\/index.php\/wp-json\/wp\/v2\/posts"}],"about":[{"href":"https:\/\/nordnesrepublikken.no\/index.php\/wp-json\/wp\/v2\/types\/post"}],"author":[{"embeddable":true,"href":"https:\/\/nordnesrepublikken.no\/index.php\/wp-json\/wp\/v2\/users\/1"}],"replies":[{"embeddable":true,"href":"https:\/\/nordnesrepublikken.no\/index.php\/wp-json\/wp\/v2\/comments?post=16282"}],"version-history":[{"count":1,"href":"https:\/\/nordnesrepublikken.no\/index.php\/wp-json\/wp\/v2\/posts\/16282\/revisions"}],"predecessor-version":[{"id":16284,"href":"https:\/\/nordnesrepublikken.no\/index.php\/wp-json\/wp\/v2\/posts\/16282\/revisions\/16284"}],"wp:featuredmedia":[{"embeddable":true,"href":"https:\/\/nordnesrepublikken.no\/index.php\/wp-json\/wp\/v2\/media\/16283"}],"wp:attachment":[{"href":"https:\/\/nordnesrepublikken.no\/index.php\/wp-json\/wp\/v2\/media?parent=16282"}],"wp:term":[{"taxonomy":"category","embeddable":true,"href":"https:\/\/nordnesrepublikken.no\/index.php\/wp-json\/wp\/v2\/categories?post=16282"},{"taxonomy":"post_tag","embeddable":true,"href":"https:\/\/nordnesrepublikken.no\/index.php\/wp-json\/wp\/v2\/tags?post=16282"}],"curies":[{"name":"wp","href":"https:\/\/api.w.org\/{rel}","templated":true}]}}