{"id":16276,"date":"2026-03-26T16:51:36","date_gmt":"2026-03-26T15:51:36","guid":{"rendered":"https:\/\/nordnesrepublikken.no\/index.php\/2026\/03\/26\/hvor-syklonen-vil-komme-med-kuling-og-sno\/"},"modified":"2026-03-26T16:51:38","modified_gmt":"2026-03-26T15:51:38","slug":"hvor-syklonen-vil-komme-med-kuling-og-sno","status":"publish","type":"post","link":"https:\/\/nordnesrepublikken.no\/index.php\/2026\/03\/26\/hvor-syklonen-vil-komme-med-kuling-og-sno\/","title":{"rendered":"hvor syklonen vil komme med kuling og sn\u00f8"},"content":{"rendered":"<div>\n<div class=\"cp_wrapper cp_wrapper--fw mb-30 mb-20@tablet\">\n<figure class=\"mm\"><picture class=\"img\" style=\"padding-top:56.25%\"><source  media=\"(min-width: 1024px)\"><source  media=\"(min-width: 768px)\"><\/source><\/source><\/picture><\/figure>\n<\/p><\/div>\n<p>Italia finner seg selv igjen <strong>i kuldens grep<\/strong> til tross for starten p\u00e5 v\u00e5ren: \u00e5rsaken er en lomme med kald arktisk luft som kommer fra Nord-Europa, som nylig har n\u00e5dd Middelhavet, noe som gir opphav til en <b>syklon<\/b> som han har <strong>tok form utenfor kysten av Venezia<\/strong> og som n\u00e5 glir langs de sentrale-s\u00f8rlige regionene.<\/p>\n<p>Dette &laquo;siste slaget&raquo; av vinteren vil p\u00e5virke landet v\u00e5rt frem til helgen: fra s\u00f8ndag 29. mars<strong>arktisk luft<\/strong> \u2013 noe som f\u00f8rer til et kraftig fall i temperaturen <strong>opptil 8-10 \u00b0C mindre<\/strong> sammenlignet med gjennomsnittet \u2013 vil definitivt bevege seg \u00f8stover.<\/p>\n<p>For i dag, 26. mars, har Natural Risk Monitoring Centre of the Lombardia Region utstedt en<strong>Oransje varsel (moderat) p\u00e5 grunn av fare for sterk vind<\/strong>med mulige vindkast av<strong> vind opp til 90 km\/t<\/strong>. Av denne grunn var de i byen Milano <strong>offentlige parker og kirkeg\u00e5rder stengt<\/strong> p\u00e5 grunn av fare for at tr\u00e6r raser sammen, samt skoler, museer og n\u00e6ringsvirksomhet som ligger innenfor gr\u00f8ntarealer. I Pordenone-omr\u00e5det, p\u00e5 <strong>Mount Rest, <\/strong>en ble registrert <strong>gufs<\/strong> registreringer av <strong>216 km\/t, <\/strong>mens p\u00e5 Genova flyplass et fly ankommer fra <strong>Napoli<\/strong> var <strong>omdirigert til Pisa <\/strong>p\u00e5 grunn av <strong>sterk vind<\/strong>.<\/p>\n<p>I mellomtiden, <strong>Sivilbeskyttelsen har sendt ut gult varsel<\/strong> p\u00e5 grunn av tordenv\u00e6r i 9 regioner: Abruzzo, Basilicata, Calabria, Emilia-Romagna, Lazio, Marche, Molise, Puglia, Umbria. Som ogs\u00e5 rapportert i brannvesenets innlegg nedenfor, ble det i regioner som Emilia-Romagna utf\u00f8rt hundrevis av inngrep for utrygge tr\u00e6r og reklametavler som ble revet ned etter den sterke vinden.<\/p>\n<h2>Hva er syklonen som bringer kulden til Italia<\/h2>\n<p>I de siste timene, en <strong>innl\u00f8p av kald arktisk luft<\/strong> (dvs. en stor stripe med lavtrykk, fylt med iskald luft i stor h\u00f8yde) som kommer fra Nord-Europa har n\u00e5dd Middelhavet, og har med seg effekter som har blitt definert som en &laquo;motreaksjon&raquo; av vinteren.<\/p>\n<p>Den avanserte delen av denne kuldeforstyrrelsen har n\u00e5dd<strong> Nord-Italia<\/strong> om kvelden onsdag 25. mars, hvor m\u00f8tet med den varmere og fuktigere middelhavsluften f\u00f8rte til en ustabilitet som resulterte i forstyrrelser mht.<strong> spredte byger og haglbyger<\/strong>: a <b>syklon<\/b> den tok form utenfor kysten av Venezia natt mellom i g\u00e5r og i dag &#8211; 25. og 26. mars &#8211; som for tiden glir langs Apenninene og for\u00e5rsaker forverrede v\u00e6rforhold ogs\u00e5 i de sentrale-s\u00f8rlige regionene.<\/p>\n<p>Blant annet for\u00e5rsaket f\u00f8dselen av denne Adriaterhavssyklonen en <strong>drastisk fall i atmosf\u00e6risk trykk<\/strong>som utl\u00f8ser sterk vind i flere omr\u00e5der av Italia, inkludert Lombardia, hvor det er utstedt en oransje advarsel for sterk vind. N\u00e6rmere bestemt vindkast av <strong>vind<\/strong> til <strong>90 km\/t<\/strong>mens p\u00e5 \u00d8vre Adriaterhavet vindkastene av <strong>Bora<\/strong> de kan komme <strong>over 100 km\/t.<\/strong> Det er ogs\u00e5 ventet vindkast p\u00e5 Sardinia og Tyrrenhavet <strong>Mistral<\/strong> over 100 km\/t.<\/p>\n<p>Denne blandingen av kald luft som kommer fra Arktis og sterk vind vil f\u00f8re med seg et fall i temperaturen <strong>til og med 8-10\u00b0C mindre enn gjeldende verdier<\/strong>.<\/p>\n<h2>Hvor lenge vil denne kulden vare: v\u00e6rmeldingen<\/h2>\n<p>Fra et prognosesynspunkt vil denne dynamikken som nettopp er beskrevet ogs\u00e5 favorisere <strong>sn\u00f8 i lav h\u00f8yde<\/strong>med mulig sn\u00f8fall opp til \u00e5sene (400-600 m) i regioner som f.eks <strong>Marche, Abruzzo, Molise<\/strong>, <strong>Puglia<\/strong>, <strong>Basilicata<\/strong> Og <strong>Campania<\/strong>og sannsynlige byger p\u00e5<strong> graupel (eller rundsn\u00f8) opp til slettene<\/strong>spesielt i Abruzzo.<\/p>\n<p>Generelt sett<strong> toppen av ustabilitet<\/strong> det vil bli registrert mellom i dag, torsdag 26. mars, og i morgen, fredag \u200b\u200b27. mars: i disse timene vil faktisk syklonen rykke raskt frem mot s\u00f8r, mens det i nord og p\u00e5 en del av den tyrrenske siden i stedet vil v\u00e6re en <strong>rask forbedring,<\/strong> med temperaturer som fortsatt vil v\u00e6re lavere enn sesonggjennomsnittet. For \u00e5 f\u00e5 en id\u00e9, p\u00e5 torsdag det <strong>null temperatur<\/strong> det forventes ned til under 1000 meter i Sentral-Italia, med minimumstemperaturer p\u00e5 1500 meter i Alpene forventet rundt -8\u00b0C.<\/p>\n<p>L\u00f8rdagen vil v\u00e6re preget av gjenv\u00e6rende ustabilitet, noe som spesielt vil ramme Sentrum-S\u00f8r, hvor de mest intense fenomenene og sn\u00f8fallet vil v\u00e6re konsentrert til uvanlig lave h\u00f8yder for perioden. Allerede p\u00e5 s\u00f8ndag ble imidlertid a<strong> generell atmosf\u00e6risk forbedring<\/strong> over store deler av halv\u00f8ya, med den arktiske luften<strong> vil bevege seg definitivt mot \u00f8st.<\/strong><\/p>\n<\/p><\/div>\n","protected":false},"excerpt":{"rendered":"<p>Italia finner seg selv igjen i kuldens grep til tross for starten p\u00e5 v\u00e5ren: \u00e5rsaken<\/p>\n","protected":false},"author":1,"featured_media":16277,"comment_status":"closed","ping_status":"open","sticky":false,"template":"","format":"standard","meta":{"footnotes":""},"categories":[26],"tags":[449,3376,10552,79,7276,527,149],"class_list":["post-16276","post","type-post","status-publish","format-standard","has-post-thumbnail","hentry","category-miljo","tag-hvor","tag-komme","tag-kuling","tag-med","tag-sno","tag-syklonen","tag-vil","generate-columns","tablet-grid-50","mobile-grid-100","grid-parent","grid-33","resize-featured-image"],"yoast_head":"<!-- This site is optimized with the Yoast SEO plugin v24.4 - https:\/\/yoast.com\/wordpress\/plugins\/seo\/ -->\n<title>hvor syklonen vil komme med kuling og sn\u00f8 - Nordnesrepublikken<\/title>\n<meta name=\"robots\" content=\"index, follow, max-snippet:-1, max-image-preview:large, max-video-preview:-1\" \/>\n<link rel=\"canonical\" href=\"https:\/\/nordnesrepublikken.no\/index.php\/2026\/03\/26\/hvor-syklonen-vil-komme-med-kuling-og-sno\/\" \/>\n<meta property=\"og:locale\" content=\"nb_NO\" \/>\n<meta property=\"og:type\" content=\"article\" \/>\n<meta property=\"og:title\" content=\"hvor syklonen vil komme med kuling og sn\u00f8 - Nordnesrepublikken\" \/>\n<meta property=\"og:description\" content=\"Italia finner seg selv igjen i kuldens grep til tross for starten p\u00e5 v\u00e5ren: \u00e5rsaken\" \/>\n<meta property=\"og:url\" content=\"https:\/\/nordnesrepublikken.no\/index.php\/2026\/03\/26\/hvor-syklonen-vil-komme-med-kuling-og-sno\/\" \/>\n<meta property=\"og:site_name\" content=\"Nordnesrepublikken\" \/>\n<meta property=\"article:published_time\" content=\"2026-03-26T15:51:36+00:00\" \/>\n<meta property=\"article:modified_time\" content=\"2026-03-26T15:51:38+00:00\" \/>\n<meta property=\"og:image\" content=\"https:\/\/nordnesrepublikken.no\/wp-content\/uploads\/2026\/03\/1774540297_hvor-syklonen-vil-komme-med-kuling-og-sno.jpg\" \/>\n\t<meta property=\"og:image:width\" content=\"1056\" \/>\n\t<meta property=\"og:image:height\" content=\"541\" \/>\n\t<meta property=\"og:image:type\" content=\"image\/jpeg\" \/>\n<meta name=\"author\" content=\"Ole Andersen\" \/>\n<meta name=\"twitter:card\" content=\"summary_large_image\" \/>\n<meta name=\"twitter:label1\" content=\"Skrevet av\" \/>\n\t<meta name=\"twitter:data1\" content=\"Ole Andersen\" \/>\n\t<meta name=\"twitter:label2\" content=\"Ansl. lesetid\" \/>\n\t<meta name=\"twitter:data2\" content=\"3 minutter\" \/>\n<script type=\"application\/ld+json\" class=\"yoast-schema-graph\">{\"@context\":\"https:\/\/schema.org\",\"@graph\":[{\"@type\":\"Article\",\"@id\":\"https:\/\/nordnesrepublikken.no\/index.php\/2026\/03\/26\/hvor-syklonen-vil-komme-med-kuling-og-sno\/#article\",\"isPartOf\":{\"@id\":\"https:\/\/nordnesrepublikken.no\/index.php\/2026\/03\/26\/hvor-syklonen-vil-komme-med-kuling-og-sno\/\"},\"author\":{\"name\":\"Ole Andersen\",\"@id\":\"https:\/\/nordnesrepublikken.no\/#\/schema\/person\/2e7e81935bab77882fffb79296240ff1\"},\"headline\":\"hvor syklonen vil komme med kuling og sn\u00f8\",\"datePublished\":\"2026-03-26T15:51:36+00:00\",\"dateModified\":\"2026-03-26T15:51:38+00:00\",\"mainEntityOfPage\":{\"@id\":\"https:\/\/nordnesrepublikken.no\/index.php\/2026\/03\/26\/hvor-syklonen-vil-komme-med-kuling-og-sno\/\"},\"wordCount\":702,\"publisher\":{\"@id\":\"https:\/\/nordnesrepublikken.no\/#organization\"},\"image\":{\"@id\":\"https:\/\/nordnesrepublikken.no\/index.php\/2026\/03\/26\/hvor-syklonen-vil-komme-med-kuling-og-sno\/#primaryimage\"},\"thumbnailUrl\":\"https:\/\/nordnesrepublikken.no\/wp-content\/uploads\/2026\/03\/1774540297_hvor-syklonen-vil-komme-med-kuling-og-sno.jpg\",\"keywords\":[\"hvor\",\"komme\",\"kuling\",\"med\",\"sn\u00f8\",\"Syklonen\",\"vil\"],\"articleSection\":[\"Milj\u00f8\"],\"inLanguage\":\"nb-NO\"},{\"@type\":\"WebPage\",\"@id\":\"https:\/\/nordnesrepublikken.no\/index.php\/2026\/03\/26\/hvor-syklonen-vil-komme-med-kuling-og-sno\/\",\"url\":\"https:\/\/nordnesrepublikken.no\/index.php\/2026\/03\/26\/hvor-syklonen-vil-komme-med-kuling-og-sno\/\",\"name\":\"hvor syklonen vil komme med kuling og sn\u00f8 - Nordnesrepublikken\",\"isPartOf\":{\"@id\":\"https:\/\/nordnesrepublikken.no\/#website\"},\"primaryImageOfPage\":{\"@id\":\"https:\/\/nordnesrepublikken.no\/index.php\/2026\/03\/26\/hvor-syklonen-vil-komme-med-kuling-og-sno\/#primaryimage\"},\"image\":{\"@id\":\"https:\/\/nordnesrepublikken.no\/index.php\/2026\/03\/26\/hvor-syklonen-vil-komme-med-kuling-og-sno\/#primaryimage\"},\"thumbnailUrl\":\"https:\/\/nordnesrepublikken.no\/wp-content\/uploads\/2026\/03\/1774540297_hvor-syklonen-vil-komme-med-kuling-og-sno.jpg\",\"datePublished\":\"2026-03-26T15:51:36+00:00\",\"dateModified\":\"2026-03-26T15:51:38+00:00\",\"breadcrumb\":{\"@id\":\"https:\/\/nordnesrepublikken.no\/index.php\/2026\/03\/26\/hvor-syklonen-vil-komme-med-kuling-og-sno\/#breadcrumb\"},\"inLanguage\":\"nb-NO\",\"potentialAction\":[{\"@type\":\"ReadAction\",\"target\":[\"https:\/\/nordnesrepublikken.no\/index.php\/2026\/03\/26\/hvor-syklonen-vil-komme-med-kuling-og-sno\/\"]}]},{\"@type\":\"ImageObject\",\"inLanguage\":\"nb-NO\",\"@id\":\"https:\/\/nordnesrepublikken.no\/index.php\/2026\/03\/26\/hvor-syklonen-vil-komme-med-kuling-og-sno\/#primaryimage\",\"url\":\"https:\/\/nordnesrepublikken.no\/wp-content\/uploads\/2026\/03\/1774540297_hvor-syklonen-vil-komme-med-kuling-og-sno.jpg\",\"contentUrl\":\"https:\/\/nordnesrepublikken.no\/wp-content\/uploads\/2026\/03\/1774540297_hvor-syklonen-vil-komme-med-kuling-og-sno.jpg\",\"width\":1056,\"height\":541,\"caption\":\"hvor syklonen vil komme med kuling og sn\u00f8\"},{\"@type\":\"BreadcrumbList\",\"@id\":\"https:\/\/nordnesrepublikken.no\/index.php\/2026\/03\/26\/hvor-syklonen-vil-komme-med-kuling-og-sno\/#breadcrumb\",\"itemListElement\":[{\"@type\":\"ListItem\",\"position\":1,\"name\":\"Home\",\"item\":\"https:\/\/nordnesrepublikken.no\/\"},{\"@type\":\"ListItem\",\"position\":2,\"name\":\"hvor syklonen vil komme med kuling og sn\u00f8\"}]},{\"@type\":\"WebSite\",\"@id\":\"https:\/\/nordnesrepublikken.no\/#website\",\"url\":\"https:\/\/nordnesrepublikken.no\/\",\"name\":\"Nordnesrepublikken\",\"description\":\"Stemmer og Visjoner fra Republikkens Hjerte\",\"publisher\":{\"@id\":\"https:\/\/nordnesrepublikken.no\/#organization\"},\"potentialAction\":[{\"@type\":\"SearchAction\",\"target\":{\"@type\":\"EntryPoint\",\"urlTemplate\":\"https:\/\/nordnesrepublikken.no\/?s={search_term_string}\"},\"query-input\":{\"@type\":\"PropertyValueSpecification\",\"valueRequired\":true,\"valueName\":\"search_term_string\"}}],\"inLanguage\":\"nb-NO\"},{\"@type\":\"Organization\",\"@id\":\"https:\/\/nordnesrepublikken.no\/#organization\",\"name\":\"Nordnesrepublikken\",\"url\":\"https:\/\/nordnesrepublikken.no\/\",\"logo\":{\"@type\":\"ImageObject\",\"inLanguage\":\"nb-NO\",\"@id\":\"https:\/\/nordnesrepublikken.no\/#\/schema\/logo\/image\/\",\"url\":\"https:\/\/nordnesrepublikken.no\/wp-content\/uploads\/2025\/02\/cropped-nordnesrepublikken-2.png\",\"contentUrl\":\"https:\/\/nordnesrepublikken.no\/wp-content\/uploads\/2025\/02\/cropped-nordnesrepublikken-2.png\",\"width\":1248,\"height\":362,\"caption\":\"Nordnesrepublikken\"},\"image\":{\"@id\":\"https:\/\/nordnesrepublikken.no\/#\/schema\/logo\/image\/\"}},{\"@type\":\"Person\",\"@id\":\"https:\/\/nordnesrepublikken.no\/#\/schema\/person\/2e7e81935bab77882fffb79296240ff1\",\"name\":\"Ole Andersen\",\"image\":{\"@type\":\"ImageObject\",\"inLanguage\":\"nb-NO\",\"@id\":\"https:\/\/nordnesrepublikken.no\/#\/schema\/person\/image\/\",\"url\":\"https:\/\/nordnesrepublikken.no\/wp-content\/uploads\/2025\/02\/nordnesrepublikken-2-2-150x150.jpg\",\"contentUrl\":\"https:\/\/nordnesrepublikken.no\/wp-content\/uploads\/2025\/02\/nordnesrepublikken-2-2-150x150.jpg\",\"caption\":\"Ole Andersen\"},\"description\":\"Ettersom jeg vokste opp i Oslo, har jeg alltid v\u00e6rt fascinert av ordenes kraft og deres evne til \u00e5 skape endringer. Etter \u00e5 ha fullf\u00f8rt min utdannelse i kommunikasjon ved Universitetet i Bergen, fikk jeg muligheten til \u00e5 jobbe innen ulike medier, der jeg har s\u00f8kt \u00e5 belyse viktige samfunnssp\u00f8rsm\u00e5l. I dag, som redakt\u00f8r for Nordnesrepublikken, pr\u00f8ver jeg \u00e5 forene min kj\u00e6rlighet for journalistikk med min lidenskap for innovasjon og eventyr.\",\"sameAs\":[\"https:\/\/nordnesrepublikken.no\/\"]}]}<\/script>\n<!-- \/ Yoast SEO plugin. -->","yoast_head_json":{"title":"hvor syklonen vil komme med kuling og sn\u00f8 - Nordnesrepublikken","robots":{"index":"index","follow":"follow","max-snippet":"max-snippet:-1","max-image-preview":"max-image-preview:large","max-video-preview":"max-video-preview:-1"},"canonical":"https:\/\/nordnesrepublikken.no\/index.php\/2026\/03\/26\/hvor-syklonen-vil-komme-med-kuling-og-sno\/","og_locale":"nb_NO","og_type":"article","og_title":"hvor syklonen vil komme med kuling og sn\u00f8 - Nordnesrepublikken","og_description":"Italia finner seg selv igjen i kuldens grep til tross for starten p\u00e5 v\u00e5ren: \u00e5rsaken","og_url":"https:\/\/nordnesrepublikken.no\/index.php\/2026\/03\/26\/hvor-syklonen-vil-komme-med-kuling-og-sno\/","og_site_name":"Nordnesrepublikken","article_published_time":"2026-03-26T15:51:36+00:00","article_modified_time":"2026-03-26T15:51:38+00:00","og_image":[{"width":1056,"height":541,"url":"https:\/\/nordnesrepublikken.no\/wp-content\/uploads\/2026\/03\/1774540297_hvor-syklonen-vil-komme-med-kuling-og-sno.jpg","type":"image\/jpeg"}],"author":"Ole Andersen","twitter_card":"summary_large_image","twitter_misc":{"Skrevet av":"Ole Andersen","Ansl. lesetid":"3 minutter"},"schema":{"@context":"https:\/\/schema.org","@graph":[{"@type":"Article","@id":"https:\/\/nordnesrepublikken.no\/index.php\/2026\/03\/26\/hvor-syklonen-vil-komme-med-kuling-og-sno\/#article","isPartOf":{"@id":"https:\/\/nordnesrepublikken.no\/index.php\/2026\/03\/26\/hvor-syklonen-vil-komme-med-kuling-og-sno\/"},"author":{"name":"Ole Andersen","@id":"https:\/\/nordnesrepublikken.no\/#\/schema\/person\/2e7e81935bab77882fffb79296240ff1"},"headline":"hvor syklonen vil komme med kuling og sn\u00f8","datePublished":"2026-03-26T15:51:36+00:00","dateModified":"2026-03-26T15:51:38+00:00","mainEntityOfPage":{"@id":"https:\/\/nordnesrepublikken.no\/index.php\/2026\/03\/26\/hvor-syklonen-vil-komme-med-kuling-og-sno\/"},"wordCount":702,"publisher":{"@id":"https:\/\/nordnesrepublikken.no\/#organization"},"image":{"@id":"https:\/\/nordnesrepublikken.no\/index.php\/2026\/03\/26\/hvor-syklonen-vil-komme-med-kuling-og-sno\/#primaryimage"},"thumbnailUrl":"https:\/\/nordnesrepublikken.no\/wp-content\/uploads\/2026\/03\/1774540297_hvor-syklonen-vil-komme-med-kuling-og-sno.jpg","keywords":["hvor","komme","kuling","med","sn\u00f8","Syklonen","vil"],"articleSection":["Milj\u00f8"],"inLanguage":"nb-NO"},{"@type":"WebPage","@id":"https:\/\/nordnesrepublikken.no\/index.php\/2026\/03\/26\/hvor-syklonen-vil-komme-med-kuling-og-sno\/","url":"https:\/\/nordnesrepublikken.no\/index.php\/2026\/03\/26\/hvor-syklonen-vil-komme-med-kuling-og-sno\/","name":"hvor syklonen vil komme med kuling og sn\u00f8 - Nordnesrepublikken","isPartOf":{"@id":"https:\/\/nordnesrepublikken.no\/#website"},"primaryImageOfPage":{"@id":"https:\/\/nordnesrepublikken.no\/index.php\/2026\/03\/26\/hvor-syklonen-vil-komme-med-kuling-og-sno\/#primaryimage"},"image":{"@id":"https:\/\/nordnesrepublikken.no\/index.php\/2026\/03\/26\/hvor-syklonen-vil-komme-med-kuling-og-sno\/#primaryimage"},"thumbnailUrl":"https:\/\/nordnesrepublikken.no\/wp-content\/uploads\/2026\/03\/1774540297_hvor-syklonen-vil-komme-med-kuling-og-sno.jpg","datePublished":"2026-03-26T15:51:36+00:00","dateModified":"2026-03-26T15:51:38+00:00","breadcrumb":{"@id":"https:\/\/nordnesrepublikken.no\/index.php\/2026\/03\/26\/hvor-syklonen-vil-komme-med-kuling-og-sno\/#breadcrumb"},"inLanguage":"nb-NO","potentialAction":[{"@type":"ReadAction","target":["https:\/\/nordnesrepublikken.no\/index.php\/2026\/03\/26\/hvor-syklonen-vil-komme-med-kuling-og-sno\/"]}]},{"@type":"ImageObject","inLanguage":"nb-NO","@id":"https:\/\/nordnesrepublikken.no\/index.php\/2026\/03\/26\/hvor-syklonen-vil-komme-med-kuling-og-sno\/#primaryimage","url":"https:\/\/nordnesrepublikken.no\/wp-content\/uploads\/2026\/03\/1774540297_hvor-syklonen-vil-komme-med-kuling-og-sno.jpg","contentUrl":"https:\/\/nordnesrepublikken.no\/wp-content\/uploads\/2026\/03\/1774540297_hvor-syklonen-vil-komme-med-kuling-og-sno.jpg","width":1056,"height":541,"caption":"hvor syklonen vil komme med kuling og sn\u00f8"},{"@type":"BreadcrumbList","@id":"https:\/\/nordnesrepublikken.no\/index.php\/2026\/03\/26\/hvor-syklonen-vil-komme-med-kuling-og-sno\/#breadcrumb","itemListElement":[{"@type":"ListItem","position":1,"name":"Home","item":"https:\/\/nordnesrepublikken.no\/"},{"@type":"ListItem","position":2,"name":"hvor syklonen vil komme med kuling og sn\u00f8"}]},{"@type":"WebSite","@id":"https:\/\/nordnesrepublikken.no\/#website","url":"https:\/\/nordnesrepublikken.no\/","name":"Nordnesrepublikken","description":"Stemmer og Visjoner fra Republikkens Hjerte","publisher":{"@id":"https:\/\/nordnesrepublikken.no\/#organization"},"potentialAction":[{"@type":"SearchAction","target":{"@type":"EntryPoint","urlTemplate":"https:\/\/nordnesrepublikken.no\/?s={search_term_string}"},"query-input":{"@type":"PropertyValueSpecification","valueRequired":true,"valueName":"search_term_string"}}],"inLanguage":"nb-NO"},{"@type":"Organization","@id":"https:\/\/nordnesrepublikken.no\/#organization","name":"Nordnesrepublikken","url":"https:\/\/nordnesrepublikken.no\/","logo":{"@type":"ImageObject","inLanguage":"nb-NO","@id":"https:\/\/nordnesrepublikken.no\/#\/schema\/logo\/image\/","url":"https:\/\/nordnesrepublikken.no\/wp-content\/uploads\/2025\/02\/cropped-nordnesrepublikken-2.png","contentUrl":"https:\/\/nordnesrepublikken.no\/wp-content\/uploads\/2025\/02\/cropped-nordnesrepublikken-2.png","width":1248,"height":362,"caption":"Nordnesrepublikken"},"image":{"@id":"https:\/\/nordnesrepublikken.no\/#\/schema\/logo\/image\/"}},{"@type":"Person","@id":"https:\/\/nordnesrepublikken.no\/#\/schema\/person\/2e7e81935bab77882fffb79296240ff1","name":"Ole Andersen","image":{"@type":"ImageObject","inLanguage":"nb-NO","@id":"https:\/\/nordnesrepublikken.no\/#\/schema\/person\/image\/","url":"https:\/\/nordnesrepublikken.no\/wp-content\/uploads\/2025\/02\/nordnesrepublikken-2-2-150x150.jpg","contentUrl":"https:\/\/nordnesrepublikken.no\/wp-content\/uploads\/2025\/02\/nordnesrepublikken-2-2-150x150.jpg","caption":"Ole Andersen"},"description":"Ettersom jeg vokste opp i Oslo, har jeg alltid v\u00e6rt fascinert av ordenes kraft og deres evne til \u00e5 skape endringer. Etter \u00e5 ha fullf\u00f8rt min utdannelse i kommunikasjon ved Universitetet i Bergen, fikk jeg muligheten til \u00e5 jobbe innen ulike medier, der jeg har s\u00f8kt \u00e5 belyse viktige samfunnssp\u00f8rsm\u00e5l. I dag, som redakt\u00f8r for Nordnesrepublikken, pr\u00f8ver jeg \u00e5 forene min kj\u00e6rlighet for journalistikk med min lidenskap for innovasjon og eventyr.","sameAs":["https:\/\/nordnesrepublikken.no\/"]}]}},"_links":{"self":[{"href":"https:\/\/nordnesrepublikken.no\/index.php\/wp-json\/wp\/v2\/posts\/16276","targetHints":{"allow":["GET"]}}],"collection":[{"href":"https:\/\/nordnesrepublikken.no\/index.php\/wp-json\/wp\/v2\/posts"}],"about":[{"href":"https:\/\/nordnesrepublikken.no\/index.php\/wp-json\/wp\/v2\/types\/post"}],"author":[{"embeddable":true,"href":"https:\/\/nordnesrepublikken.no\/index.php\/wp-json\/wp\/v2\/users\/1"}],"replies":[{"embeddable":true,"href":"https:\/\/nordnesrepublikken.no\/index.php\/wp-json\/wp\/v2\/comments?post=16276"}],"version-history":[{"count":1,"href":"https:\/\/nordnesrepublikken.no\/index.php\/wp-json\/wp\/v2\/posts\/16276\/revisions"}],"predecessor-version":[{"id":16278,"href":"https:\/\/nordnesrepublikken.no\/index.php\/wp-json\/wp\/v2\/posts\/16276\/revisions\/16278"}],"wp:featuredmedia":[{"embeddable":true,"href":"https:\/\/nordnesrepublikken.no\/index.php\/wp-json\/wp\/v2\/media\/16277"}],"wp:attachment":[{"href":"https:\/\/nordnesrepublikken.no\/index.php\/wp-json\/wp\/v2\/media?parent=16276"}],"wp:term":[{"taxonomy":"category","embeddable":true,"href":"https:\/\/nordnesrepublikken.no\/index.php\/wp-json\/wp\/v2\/categories?post=16276"},{"taxonomy":"post_tag","embeddable":true,"href":"https:\/\/nordnesrepublikken.no\/index.php\/wp-json\/wp\/v2\/tags?post=16276"}],"curies":[{"name":"wp","href":"https:\/\/api.w.org\/{rel}","templated":true}]}}