{"id":16260,"date":"2026-03-26T09:52:06","date_gmt":"2026-03-26T08:52:06","guid":{"rendered":"https:\/\/nordnesrepublikken.no\/index.php\/2026\/03\/26\/6-tusen-ar-med-klimahistorie-i-fare-pa-grunn-av-smeltingen-av-weisseespitze-breen-mellom-italia-og-osterrike\/"},"modified":"2026-03-26T09:52:10","modified_gmt":"2026-03-26T08:52:10","slug":"6-tusen-ar-med-klimahistorie-i-fare-pa-grunn-av-smeltingen-av-weisseespitze-breen-mellom-italia-og-osterrike","status":"publish","type":"post","link":"https:\/\/nordnesrepublikken.no\/index.php\/2026\/03\/26\/6-tusen-ar-med-klimahistorie-i-fare-pa-grunn-av-smeltingen-av-weisseespitze-breen-mellom-italia-og-osterrike\/","title":{"rendered":"6 tusen \u00e5r med klimahistorie i fare p\u00e5 grunn av smeltingen av Wei\u00dfseespitze-breen mellom Italia og \u00d8sterrike"},"content":{"rendered":"<div>\n<div class=\"cp_wrapper cp_wrapper--fw mb-30 mb-20@tablet\">\n<figure class=\"mm\"><picture class=\"img\" style=\"padding-top:56.25%\"><source  media=\"(min-width: 1024px)\"><source  media=\"(min-width: 768px)\"><\/source><\/source><\/picture><\/figure>\n<\/p><\/div>\n<p>EN <strong>10 m lang kjerne<\/strong>hentet fra breen som dekker <strong>Weissseespitze <\/strong>(eller Top of White Lake) i<strong> \u00d6tztal-alpene<\/strong>mellom Italia og \u00d8sterrike, bevarer <strong>6000 \u00e5r med klimahistorie<\/strong> og utgj\u00f8r et grunnleggende vitnesbyrd om<strong>f\u00f8rindustriell luftforurensning<\/strong>. Men siden<strong> 2019<\/strong>da kjernen ble tatt, til 2025, har breen <strong>mistet 4,5 m i tykkelse<\/strong> p\u00e5 grunn av akselerert smelting p\u00e5 grunn av global oppvarming. Som et resultat er dette klimaarkivet n\u00e5 kompromittert og samme skjebne vil ramme de andre alpine isbreene som ligger under 4000 m h\u00f8yde. For \u00e5 fremheve viktigheten av dataene levert av kjernen som er hentet ut p\u00e5 Wei\u00dfseespitze og samtidig <strong>risiko for ikke lenger \u00e5 ha denne typen vitnesbyrd tilgjengelig<\/strong> kommer fra fjellbreer er en ny studie publisert i tidsskriftet <em>Grenser i geovitenskap<\/em> og resultatet av samarbeidet mellom Ca&#8217; Foscari-universitetet i Venezia, Institutt for polarvitenskap ved CNR (CNR-ISP) og \u00f8sterrikske og tyske forskningssentre.<\/p>\n<h2>Studien p\u00e5 Wei\u00dfseespitze alpine breen mellom Italia og \u00d8sterrike<\/h2>\n<p>I 2019 boret forskere gjennom isen i Wei\u00dfseespitze, i en h\u00f8yde av 3499 m, ned til berggrunnen den ligger p\u00e5. N\u00e5r gulroten var tatt, analyserte de den i laboratoriet. De har dem <strong>datert islagene<\/strong> ved \u00e5 bruke argon-isotoper og unders\u00f8kte deretter dens kjemiske sammensetning. Det er funnet spor etter <strong>18 forskjellige elementer<\/strong>inkludert mikrokull, levoglucosan (en forbindelse som dannes n\u00e5r ved brenner), og karboksyl- og dikarboksylsyrer. Resultatene gjorde det mulig for oss <strong>rekonstruere virkningen av menneskelig aktivitet i antikken<\/strong> p\u00e5 dette territoriet.<\/p>\n<p>Mellom 700 og 1200 e.Kr. hadde bly og andre metaller sv\u00e6rt lave konsentrasjoner, siden milj\u00f8et ikke var forurenset. Starter fra<strong> 950 e.Kr<\/strong> tiln\u00e6rmet oppst\u00e5r h\u00f8ye konsentrasjoner av arsen, bly, kobber og s\u00f8lv, som vitner om intensivering av <strong>utvinningsaktiviteter<\/strong> og smelting i gruvene i Alpene. <strong>Mellom 902 og 1280 e.Kr<\/strong> omtrent en overraskende topp p\u00e5 <strong>forurensning p\u00e5 grunn av branner<\/strong>favorisert av den ekstreme t\u00f8rken i den perioden, men sannsynligvis ogs\u00e5 av utvidelse av jordbruket, avskoging og konflikter mellom befolkninger. Noen metallkonsentrasjonstopper faller ogs\u00e5 sammen med <strong>store vulkanutbrudd<\/strong>samt med perioder med t\u00f8rt klima der st\u00f8vtransporten \u00f8kte.<\/p>\n<div class=\"cp_wrapper  mb-50\">\n<div class=\"qt\"><span class=\"icn\"><svg class=\"icn-cit\" viewbox=\"0 0 20 20\"><g clip-path=\"url(#clip-Quote)\"><g transform=\"translate(744 -8958)\"><rect data-name=\"Rettangolo 1\" width=\"20\" height=\"20\" transform=\"translate(-744 8958)\" fill=\"none\"\/><\/g><g data-name=\"Raggruppa 14\"><g transform=\"translate(0 0)\"><rect data-name=\"Rettangolo 24668\" width=\"20\" height=\"20\" transform=\"translate(0)\" fill=\"none\"\/><path data-name=\"Tracciato 45014\" d=\"M21.856,6.016V9.384a3.775,3.775,0,0,0-2.184.947,5.774,5.774,0,0,0-1.526,2.132,7.073,7.073,0,0,0-.553,2.816H21.7v8.105H13.33v-7.21A11.291,11.291,0,0,1,14.514,10.7a8.529,8.529,0,0,1,3.132-3.316A9.939,9.939,0,0,1,21.856,6.016Zm-11.421,0V9.384a3.775,3.775,0,0,0-2.184.947,5.774,5.774,0,0,0-1.526,2.132,7.073,7.073,0,0,0-.553,2.816h4.053v8.105H1.856v-7.21A11.088,11.088,0,0,1,3.067,10.7,8.718,8.718,0,0,1,6.224,7.384,9.939,9.939,0,0,1,10.435,6.016Z\" transform=\"translate(-1.856 -4.7)\"\/><\/g><\/g><\/g><\/svg><\/span><\/p>\n<p>Dette tyder p\u00e5 at b\u00e5de naturhendelser og menneskelige aktiviteter har bidratt til de kjemiske signalene som er bevart i isen.<\/p>\n<p>Azzurra Spagnesi \u2013 forfatter av studien<\/p>\n<\/div>\n<\/div>\n<p>Imidlertid var menneskelige aktiviteter i gamle tider begrenset til \u00e5 gi en <strong>midlertidig forurensning<\/strong>i en sammenheng med generell naturlig stabilitet fra dette synspunktet. I dag er imidlertid forurensning fra mennesker intens og konstant.<\/p>\n<div class=\"cp_wrapper cp_wrapper--fw mb-50\">\n<figure class=\"mm\"><picture class=\"img\" style=\"padding-top:84.280532043531%\"><source  media=\"(min-width: 1024px)\"><source  media=\"(min-width: 768px)\"><img decoding=\"async\" loading=\"lazy\" src=\"https:\/\/nordnesrepublikken.no\/wp-content\/uploads\/2026\/03\/1774515126_452_6-tusen-ar-med-klimahistorie-i-fare-pa-grunn-av.jpg\" alt=\"Bilde\" width=\"827\" height=\"697\"\/><\/source><\/source><\/picture><\/figure>\n<\/p><\/div>\n<h2><strong>Issmeltingen og tapet av 6000 \u00e5r lange klimaarkiver <\/strong><\/h2>\n<p>Etter \u00e5 ha tatt iskjernen i 2019, returnerte forskerne til Wei\u00dfseespitze <strong>i 2025<\/strong> og her oppdaget de at tykkelsen p\u00e5 isen <strong>den hadde krympet til bare 5,5 m<\/strong>. Dette enorme tapet av bremasse p\u00e5 grunn av smelting er en indikasjon p\u00e5 alvoret i situasjonen for alpine isbreer. Det er forventet at de av \u00d6tztal-alpene <strong>vil forsvinne i l\u00f8pet av de neste ti\u00e5rene<\/strong> og dette, blant de alvorlige konsekvensene det medf\u00f8rer, vil ogs\u00e5 avgj\u00f8re <strong>permanent tap av verdifull informasjon<\/strong> om fortidens klima.<\/p>\n<p>For \u00e5 bevare iskjerner for fremtiden, n\u00e5r mange isbreer vil ha forsvunnet, ble det internasjonale prosjektet startet <strong>Isminne<\/strong>. Prosjektet inneb\u00e6rer \u00e5 samle inn kjerner fra hele verden, inkludert Alpene, og lagre dem ved -50\u00b0C i Ice Memory Sanctuary, et hulrom gravd ned i isen p\u00e5 Antarktis isdekke. Blant de f\u00f8rste kjernene som skal arkiveres er pr\u00f8ver fra Col du D\u00f4me p\u00e5 Mont Blanc. Disse er veldig viktige <strong>klimaarkiv<\/strong> de vil dermed kunne bevares og analyseres i fremtiden n\u00e5r mer avanserte teknologier enn dagens vil v\u00e6re tilgjengelig.<\/p>\n<div class=\"cp_wrapper cp_wrapper--fw mb-50\">\n<figure class=\"mm\"><picture class=\"img\" style=\"padding-top:60.6%\"><source  media=\"(min-width: 1024px)\"><source  media=\"(min-width: 768px)\"><img decoding=\"async\" loading=\"lazy\" src=\"https:\/\/nordnesrepublikken.no\/wp-content\/uploads\/2026\/03\/1774515126_149_6-tusen-ar-med-klimahistorie-i-fare-pa-grunn-av.jpg\" alt=\"Bilde\" width=\"500\" height=\"303\" class=\"js-seedtag-img\"\/><\/source><\/source><\/picture><\/figure>\n<\/p><\/div>\n<\/p><\/div>\n","protected":false},"excerpt":{"rendered":"<p>EN 10 m lang kjernehentet fra breen som dekker Weissseespitze (eller Top of White Lake)<\/p>\n","protected":false},"author":1,"featured_media":16261,"comment_status":"closed","ping_status":"open","sticky":false,"template":"","format":"standard","meta":{"footnotes":""},"categories":[26],"tags":[595,1416,576,437,10543,79,212,2901,81,10544,5729,10545],"class_list":["post-16260","post","type-post","status-publish","format-standard","has-post-thumbnail","hentry","category-miljo","tag-ar","tag-fare","tag-grunn","tag-italia","tag-klimahistorie","tag-med","tag-mellom","tag-osterrike","tag-pa","tag-smeltingen","tag-tusen","tag-weisseespitzebreen","generate-columns","tablet-grid-50","mobile-grid-100","grid-parent","grid-33","resize-featured-image"],"yoast_head":"<!-- This site is optimized with the Yoast SEO plugin v24.4 - https:\/\/yoast.com\/wordpress\/plugins\/seo\/ -->\n<title>6 tusen \u00e5r med klimahistorie i fare p\u00e5 grunn av smeltingen av Wei\u00dfseespitze-breen mellom Italia og \u00d8sterrike - Nordnesrepublikken<\/title>\n<meta name=\"robots\" content=\"index, follow, max-snippet:-1, max-image-preview:large, max-video-preview:-1\" \/>\n<link rel=\"canonical\" href=\"https:\/\/nordnesrepublikken.no\/index.php\/2026\/03\/26\/6-tusen-ar-med-klimahistorie-i-fare-pa-grunn-av-smeltingen-av-weisseespitze-breen-mellom-italia-og-osterrike\/\" \/>\n<meta property=\"og:locale\" content=\"nb_NO\" \/>\n<meta property=\"og:type\" content=\"article\" \/>\n<meta property=\"og:title\" content=\"6 tusen \u00e5r med klimahistorie i fare p\u00e5 grunn av smeltingen av Wei\u00dfseespitze-breen mellom Italia og \u00d8sterrike - Nordnesrepublikken\" \/>\n<meta property=\"og:description\" content=\"EN 10 m lang kjernehentet fra breen som dekker Weissseespitze (eller Top of White Lake)\" \/>\n<meta property=\"og:url\" content=\"https:\/\/nordnesrepublikken.no\/index.php\/2026\/03\/26\/6-tusen-ar-med-klimahistorie-i-fare-pa-grunn-av-smeltingen-av-weisseespitze-breen-mellom-italia-og-osterrike\/\" \/>\n<meta property=\"og:site_name\" content=\"Nordnesrepublikken\" \/>\n<meta property=\"article:published_time\" content=\"2026-03-26T08:52:06+00:00\" \/>\n<meta property=\"article:modified_time\" content=\"2026-03-26T08:52:10+00:00\" \/>\n<meta property=\"og:image\" content=\"https:\/\/nordnesrepublikken.no\/wp-content\/uploads\/2026\/03\/1774515128_6-tusen-ar-med-klimahistorie-i-fare-pa-grunn-av.jpg\" \/>\n\t<meta property=\"og:image:width\" content=\"2484\" \/>\n\t<meta property=\"og:image:height\" content=\"1580\" \/>\n\t<meta property=\"og:image:type\" content=\"image\/jpeg\" \/>\n<meta name=\"author\" content=\"Ole Andersen\" \/>\n<meta name=\"twitter:card\" content=\"summary_large_image\" \/>\n<meta name=\"twitter:label1\" content=\"Skrevet av\" \/>\n\t<meta name=\"twitter:data1\" content=\"Ole Andersen\" \/>\n\t<meta name=\"twitter:label2\" content=\"Ansl. lesetid\" \/>\n\t<meta name=\"twitter:data2\" content=\"3 minutter\" \/>\n<script type=\"application\/ld+json\" class=\"yoast-schema-graph\">{\"@context\":\"https:\/\/schema.org\",\"@graph\":[{\"@type\":\"Article\",\"@id\":\"https:\/\/nordnesrepublikken.no\/index.php\/2026\/03\/26\/6-tusen-ar-med-klimahistorie-i-fare-pa-grunn-av-smeltingen-av-weisseespitze-breen-mellom-italia-og-osterrike\/#article\",\"isPartOf\":{\"@id\":\"https:\/\/nordnesrepublikken.no\/index.php\/2026\/03\/26\/6-tusen-ar-med-klimahistorie-i-fare-pa-grunn-av-smeltingen-av-weisseespitze-breen-mellom-italia-og-osterrike\/\"},\"author\":{\"name\":\"Ole Andersen\",\"@id\":\"https:\/\/nordnesrepublikken.no\/#\/schema\/person\/2e7e81935bab77882fffb79296240ff1\"},\"headline\":\"6 tusen \u00e5r med klimahistorie i fare p\u00e5 grunn av smeltingen av Wei\u00dfseespitze-breen mellom Italia og \u00d8sterrike\",\"datePublished\":\"2026-03-26T08:52:06+00:00\",\"dateModified\":\"2026-03-26T08:52:10+00:00\",\"mainEntityOfPage\":{\"@id\":\"https:\/\/nordnesrepublikken.no\/index.php\/2026\/03\/26\/6-tusen-ar-med-klimahistorie-i-fare-pa-grunn-av-smeltingen-av-weisseespitze-breen-mellom-italia-og-osterrike\/\"},\"wordCount\":586,\"publisher\":{\"@id\":\"https:\/\/nordnesrepublikken.no\/#organization\"},\"image\":{\"@id\":\"https:\/\/nordnesrepublikken.no\/index.php\/2026\/03\/26\/6-tusen-ar-med-klimahistorie-i-fare-pa-grunn-av-smeltingen-av-weisseespitze-breen-mellom-italia-og-osterrike\/#primaryimage\"},\"thumbnailUrl\":\"https:\/\/nordnesrepublikken.no\/wp-content\/uploads\/2026\/03\/1774515128_6-tusen-ar-med-klimahistorie-i-fare-pa-grunn-av.jpg\",\"keywords\":[\"\u00e5r\",\"fare\",\"grunn\",\"Italia\",\"klimahistorie\",\"med\",\"mellom\",\"\u00d8sterrike\",\"p\u00e5\",\"smeltingen\",\"tusen\",\"Wei\u00dfseespitzebreen\"],\"articleSection\":[\"Milj\u00f8\"],\"inLanguage\":\"nb-NO\"},{\"@type\":\"WebPage\",\"@id\":\"https:\/\/nordnesrepublikken.no\/index.php\/2026\/03\/26\/6-tusen-ar-med-klimahistorie-i-fare-pa-grunn-av-smeltingen-av-weisseespitze-breen-mellom-italia-og-osterrike\/\",\"url\":\"https:\/\/nordnesrepublikken.no\/index.php\/2026\/03\/26\/6-tusen-ar-med-klimahistorie-i-fare-pa-grunn-av-smeltingen-av-weisseespitze-breen-mellom-italia-og-osterrike\/\",\"name\":\"6 tusen \u00e5r med klimahistorie i fare p\u00e5 grunn av smeltingen av Wei\u00dfseespitze-breen mellom Italia og \u00d8sterrike - Nordnesrepublikken\",\"isPartOf\":{\"@id\":\"https:\/\/nordnesrepublikken.no\/#website\"},\"primaryImageOfPage\":{\"@id\":\"https:\/\/nordnesrepublikken.no\/index.php\/2026\/03\/26\/6-tusen-ar-med-klimahistorie-i-fare-pa-grunn-av-smeltingen-av-weisseespitze-breen-mellom-italia-og-osterrike\/#primaryimage\"},\"image\":{\"@id\":\"https:\/\/nordnesrepublikken.no\/index.php\/2026\/03\/26\/6-tusen-ar-med-klimahistorie-i-fare-pa-grunn-av-smeltingen-av-weisseespitze-breen-mellom-italia-og-osterrike\/#primaryimage\"},\"thumbnailUrl\":\"https:\/\/nordnesrepublikken.no\/wp-content\/uploads\/2026\/03\/1774515128_6-tusen-ar-med-klimahistorie-i-fare-pa-grunn-av.jpg\",\"datePublished\":\"2026-03-26T08:52:06+00:00\",\"dateModified\":\"2026-03-26T08:52:10+00:00\",\"breadcrumb\":{\"@id\":\"https:\/\/nordnesrepublikken.no\/index.php\/2026\/03\/26\/6-tusen-ar-med-klimahistorie-i-fare-pa-grunn-av-smeltingen-av-weisseespitze-breen-mellom-italia-og-osterrike\/#breadcrumb\"},\"inLanguage\":\"nb-NO\",\"potentialAction\":[{\"@type\":\"ReadAction\",\"target\":[\"https:\/\/nordnesrepublikken.no\/index.php\/2026\/03\/26\/6-tusen-ar-med-klimahistorie-i-fare-pa-grunn-av-smeltingen-av-weisseespitze-breen-mellom-italia-og-osterrike\/\"]}]},{\"@type\":\"ImageObject\",\"inLanguage\":\"nb-NO\",\"@id\":\"https:\/\/nordnesrepublikken.no\/index.php\/2026\/03\/26\/6-tusen-ar-med-klimahistorie-i-fare-pa-grunn-av-smeltingen-av-weisseespitze-breen-mellom-italia-og-osterrike\/#primaryimage\",\"url\":\"https:\/\/nordnesrepublikken.no\/wp-content\/uploads\/2026\/03\/1774515128_6-tusen-ar-med-klimahistorie-i-fare-pa-grunn-av.jpg\",\"contentUrl\":\"https:\/\/nordnesrepublikken.no\/wp-content\/uploads\/2026\/03\/1774515128_6-tusen-ar-med-klimahistorie-i-fare-pa-grunn-av.jpg\",\"width\":2484,\"height\":1580,\"caption\":\"6 tusen \u00e5r med klimahistorie i fare p\u00e5 grunn av smeltingen av Wei\u00dfseespitze-breen mellom Italia og \u00d8sterrike\"},{\"@type\":\"BreadcrumbList\",\"@id\":\"https:\/\/nordnesrepublikken.no\/index.php\/2026\/03\/26\/6-tusen-ar-med-klimahistorie-i-fare-pa-grunn-av-smeltingen-av-weisseespitze-breen-mellom-italia-og-osterrike\/#breadcrumb\",\"itemListElement\":[{\"@type\":\"ListItem\",\"position\":1,\"name\":\"Home\",\"item\":\"https:\/\/nordnesrepublikken.no\/\"},{\"@type\":\"ListItem\",\"position\":2,\"name\":\"6 tusen \u00e5r med klimahistorie i fare p\u00e5 grunn av smeltingen av Wei\u00dfseespitze-breen mellom Italia og \u00d8sterrike\"}]},{\"@type\":\"WebSite\",\"@id\":\"https:\/\/nordnesrepublikken.no\/#website\",\"url\":\"https:\/\/nordnesrepublikken.no\/\",\"name\":\"Nordnesrepublikken\",\"description\":\"Stemmer og Visjoner fra Republikkens Hjerte\",\"publisher\":{\"@id\":\"https:\/\/nordnesrepublikken.no\/#organization\"},\"potentialAction\":[{\"@type\":\"SearchAction\",\"target\":{\"@type\":\"EntryPoint\",\"urlTemplate\":\"https:\/\/nordnesrepublikken.no\/?s={search_term_string}\"},\"query-input\":{\"@type\":\"PropertyValueSpecification\",\"valueRequired\":true,\"valueName\":\"search_term_string\"}}],\"inLanguage\":\"nb-NO\"},{\"@type\":\"Organization\",\"@id\":\"https:\/\/nordnesrepublikken.no\/#organization\",\"name\":\"Nordnesrepublikken\",\"url\":\"https:\/\/nordnesrepublikken.no\/\",\"logo\":{\"@type\":\"ImageObject\",\"inLanguage\":\"nb-NO\",\"@id\":\"https:\/\/nordnesrepublikken.no\/#\/schema\/logo\/image\/\",\"url\":\"https:\/\/nordnesrepublikken.no\/wp-content\/uploads\/2025\/02\/cropped-nordnesrepublikken-2.png\",\"contentUrl\":\"https:\/\/nordnesrepublikken.no\/wp-content\/uploads\/2025\/02\/cropped-nordnesrepublikken-2.png\",\"width\":1248,\"height\":362,\"caption\":\"Nordnesrepublikken\"},\"image\":{\"@id\":\"https:\/\/nordnesrepublikken.no\/#\/schema\/logo\/image\/\"}},{\"@type\":\"Person\",\"@id\":\"https:\/\/nordnesrepublikken.no\/#\/schema\/person\/2e7e81935bab77882fffb79296240ff1\",\"name\":\"Ole Andersen\",\"image\":{\"@type\":\"ImageObject\",\"inLanguage\":\"nb-NO\",\"@id\":\"https:\/\/nordnesrepublikken.no\/#\/schema\/person\/image\/\",\"url\":\"https:\/\/nordnesrepublikken.no\/wp-content\/uploads\/2025\/02\/nordnesrepublikken-2-2-150x150.jpg\",\"contentUrl\":\"https:\/\/nordnesrepublikken.no\/wp-content\/uploads\/2025\/02\/nordnesrepublikken-2-2-150x150.jpg\",\"caption\":\"Ole Andersen\"},\"description\":\"Ettersom jeg vokste opp i Oslo, har jeg alltid v\u00e6rt fascinert av ordenes kraft og deres evne til \u00e5 skape endringer. Etter \u00e5 ha fullf\u00f8rt min utdannelse i kommunikasjon ved Universitetet i Bergen, fikk jeg muligheten til \u00e5 jobbe innen ulike medier, der jeg har s\u00f8kt \u00e5 belyse viktige samfunnssp\u00f8rsm\u00e5l. I dag, som redakt\u00f8r for Nordnesrepublikken, pr\u00f8ver jeg \u00e5 forene min kj\u00e6rlighet for journalistikk med min lidenskap for innovasjon og eventyr.\",\"sameAs\":[\"https:\/\/nordnesrepublikken.no\/\"]}]}<\/script>\n<!-- \/ Yoast SEO plugin. -->","yoast_head_json":{"title":"6 tusen \u00e5r med klimahistorie i fare p\u00e5 grunn av smeltingen av Wei\u00dfseespitze-breen mellom Italia og \u00d8sterrike - Nordnesrepublikken","robots":{"index":"index","follow":"follow","max-snippet":"max-snippet:-1","max-image-preview":"max-image-preview:large","max-video-preview":"max-video-preview:-1"},"canonical":"https:\/\/nordnesrepublikken.no\/index.php\/2026\/03\/26\/6-tusen-ar-med-klimahistorie-i-fare-pa-grunn-av-smeltingen-av-weisseespitze-breen-mellom-italia-og-osterrike\/","og_locale":"nb_NO","og_type":"article","og_title":"6 tusen \u00e5r med klimahistorie i fare p\u00e5 grunn av smeltingen av Wei\u00dfseespitze-breen mellom Italia og \u00d8sterrike - Nordnesrepublikken","og_description":"EN 10 m lang kjernehentet fra breen som dekker Weissseespitze (eller Top of White Lake)","og_url":"https:\/\/nordnesrepublikken.no\/index.php\/2026\/03\/26\/6-tusen-ar-med-klimahistorie-i-fare-pa-grunn-av-smeltingen-av-weisseespitze-breen-mellom-italia-og-osterrike\/","og_site_name":"Nordnesrepublikken","article_published_time":"2026-03-26T08:52:06+00:00","article_modified_time":"2026-03-26T08:52:10+00:00","og_image":[{"width":2484,"height":1580,"url":"https:\/\/nordnesrepublikken.no\/wp-content\/uploads\/2026\/03\/1774515128_6-tusen-ar-med-klimahistorie-i-fare-pa-grunn-av.jpg","type":"image\/jpeg"}],"author":"Ole Andersen","twitter_card":"summary_large_image","twitter_misc":{"Skrevet av":"Ole Andersen","Ansl. lesetid":"3 minutter"},"schema":{"@context":"https:\/\/schema.org","@graph":[{"@type":"Article","@id":"https:\/\/nordnesrepublikken.no\/index.php\/2026\/03\/26\/6-tusen-ar-med-klimahistorie-i-fare-pa-grunn-av-smeltingen-av-weisseespitze-breen-mellom-italia-og-osterrike\/#article","isPartOf":{"@id":"https:\/\/nordnesrepublikken.no\/index.php\/2026\/03\/26\/6-tusen-ar-med-klimahistorie-i-fare-pa-grunn-av-smeltingen-av-weisseespitze-breen-mellom-italia-og-osterrike\/"},"author":{"name":"Ole Andersen","@id":"https:\/\/nordnesrepublikken.no\/#\/schema\/person\/2e7e81935bab77882fffb79296240ff1"},"headline":"6 tusen \u00e5r med klimahistorie i fare p\u00e5 grunn av smeltingen av Wei\u00dfseespitze-breen mellom Italia og \u00d8sterrike","datePublished":"2026-03-26T08:52:06+00:00","dateModified":"2026-03-26T08:52:10+00:00","mainEntityOfPage":{"@id":"https:\/\/nordnesrepublikken.no\/index.php\/2026\/03\/26\/6-tusen-ar-med-klimahistorie-i-fare-pa-grunn-av-smeltingen-av-weisseespitze-breen-mellom-italia-og-osterrike\/"},"wordCount":586,"publisher":{"@id":"https:\/\/nordnesrepublikken.no\/#organization"},"image":{"@id":"https:\/\/nordnesrepublikken.no\/index.php\/2026\/03\/26\/6-tusen-ar-med-klimahistorie-i-fare-pa-grunn-av-smeltingen-av-weisseespitze-breen-mellom-italia-og-osterrike\/#primaryimage"},"thumbnailUrl":"https:\/\/nordnesrepublikken.no\/wp-content\/uploads\/2026\/03\/1774515128_6-tusen-ar-med-klimahistorie-i-fare-pa-grunn-av.jpg","keywords":["\u00e5r","fare","grunn","Italia","klimahistorie","med","mellom","\u00d8sterrike","p\u00e5","smeltingen","tusen","Wei\u00dfseespitzebreen"],"articleSection":["Milj\u00f8"],"inLanguage":"nb-NO"},{"@type":"WebPage","@id":"https:\/\/nordnesrepublikken.no\/index.php\/2026\/03\/26\/6-tusen-ar-med-klimahistorie-i-fare-pa-grunn-av-smeltingen-av-weisseespitze-breen-mellom-italia-og-osterrike\/","url":"https:\/\/nordnesrepublikken.no\/index.php\/2026\/03\/26\/6-tusen-ar-med-klimahistorie-i-fare-pa-grunn-av-smeltingen-av-weisseespitze-breen-mellom-italia-og-osterrike\/","name":"6 tusen \u00e5r med klimahistorie i fare p\u00e5 grunn av smeltingen av Wei\u00dfseespitze-breen mellom Italia og \u00d8sterrike - Nordnesrepublikken","isPartOf":{"@id":"https:\/\/nordnesrepublikken.no\/#website"},"primaryImageOfPage":{"@id":"https:\/\/nordnesrepublikken.no\/index.php\/2026\/03\/26\/6-tusen-ar-med-klimahistorie-i-fare-pa-grunn-av-smeltingen-av-weisseespitze-breen-mellom-italia-og-osterrike\/#primaryimage"},"image":{"@id":"https:\/\/nordnesrepublikken.no\/index.php\/2026\/03\/26\/6-tusen-ar-med-klimahistorie-i-fare-pa-grunn-av-smeltingen-av-weisseespitze-breen-mellom-italia-og-osterrike\/#primaryimage"},"thumbnailUrl":"https:\/\/nordnesrepublikken.no\/wp-content\/uploads\/2026\/03\/1774515128_6-tusen-ar-med-klimahistorie-i-fare-pa-grunn-av.jpg","datePublished":"2026-03-26T08:52:06+00:00","dateModified":"2026-03-26T08:52:10+00:00","breadcrumb":{"@id":"https:\/\/nordnesrepublikken.no\/index.php\/2026\/03\/26\/6-tusen-ar-med-klimahistorie-i-fare-pa-grunn-av-smeltingen-av-weisseespitze-breen-mellom-italia-og-osterrike\/#breadcrumb"},"inLanguage":"nb-NO","potentialAction":[{"@type":"ReadAction","target":["https:\/\/nordnesrepublikken.no\/index.php\/2026\/03\/26\/6-tusen-ar-med-klimahistorie-i-fare-pa-grunn-av-smeltingen-av-weisseespitze-breen-mellom-italia-og-osterrike\/"]}]},{"@type":"ImageObject","inLanguage":"nb-NO","@id":"https:\/\/nordnesrepublikken.no\/index.php\/2026\/03\/26\/6-tusen-ar-med-klimahistorie-i-fare-pa-grunn-av-smeltingen-av-weisseespitze-breen-mellom-italia-og-osterrike\/#primaryimage","url":"https:\/\/nordnesrepublikken.no\/wp-content\/uploads\/2026\/03\/1774515128_6-tusen-ar-med-klimahistorie-i-fare-pa-grunn-av.jpg","contentUrl":"https:\/\/nordnesrepublikken.no\/wp-content\/uploads\/2026\/03\/1774515128_6-tusen-ar-med-klimahistorie-i-fare-pa-grunn-av.jpg","width":2484,"height":1580,"caption":"6 tusen \u00e5r med klimahistorie i fare p\u00e5 grunn av smeltingen av Wei\u00dfseespitze-breen mellom Italia og \u00d8sterrike"},{"@type":"BreadcrumbList","@id":"https:\/\/nordnesrepublikken.no\/index.php\/2026\/03\/26\/6-tusen-ar-med-klimahistorie-i-fare-pa-grunn-av-smeltingen-av-weisseespitze-breen-mellom-italia-og-osterrike\/#breadcrumb","itemListElement":[{"@type":"ListItem","position":1,"name":"Home","item":"https:\/\/nordnesrepublikken.no\/"},{"@type":"ListItem","position":2,"name":"6 tusen \u00e5r med klimahistorie i fare p\u00e5 grunn av smeltingen av Wei\u00dfseespitze-breen mellom Italia og \u00d8sterrike"}]},{"@type":"WebSite","@id":"https:\/\/nordnesrepublikken.no\/#website","url":"https:\/\/nordnesrepublikken.no\/","name":"Nordnesrepublikken","description":"Stemmer og Visjoner fra Republikkens Hjerte","publisher":{"@id":"https:\/\/nordnesrepublikken.no\/#organization"},"potentialAction":[{"@type":"SearchAction","target":{"@type":"EntryPoint","urlTemplate":"https:\/\/nordnesrepublikken.no\/?s={search_term_string}"},"query-input":{"@type":"PropertyValueSpecification","valueRequired":true,"valueName":"search_term_string"}}],"inLanguage":"nb-NO"},{"@type":"Organization","@id":"https:\/\/nordnesrepublikken.no\/#organization","name":"Nordnesrepublikken","url":"https:\/\/nordnesrepublikken.no\/","logo":{"@type":"ImageObject","inLanguage":"nb-NO","@id":"https:\/\/nordnesrepublikken.no\/#\/schema\/logo\/image\/","url":"https:\/\/nordnesrepublikken.no\/wp-content\/uploads\/2025\/02\/cropped-nordnesrepublikken-2.png","contentUrl":"https:\/\/nordnesrepublikken.no\/wp-content\/uploads\/2025\/02\/cropped-nordnesrepublikken-2.png","width":1248,"height":362,"caption":"Nordnesrepublikken"},"image":{"@id":"https:\/\/nordnesrepublikken.no\/#\/schema\/logo\/image\/"}},{"@type":"Person","@id":"https:\/\/nordnesrepublikken.no\/#\/schema\/person\/2e7e81935bab77882fffb79296240ff1","name":"Ole Andersen","image":{"@type":"ImageObject","inLanguage":"nb-NO","@id":"https:\/\/nordnesrepublikken.no\/#\/schema\/person\/image\/","url":"https:\/\/nordnesrepublikken.no\/wp-content\/uploads\/2025\/02\/nordnesrepublikken-2-2-150x150.jpg","contentUrl":"https:\/\/nordnesrepublikken.no\/wp-content\/uploads\/2025\/02\/nordnesrepublikken-2-2-150x150.jpg","caption":"Ole Andersen"},"description":"Ettersom jeg vokste opp i Oslo, har jeg alltid v\u00e6rt fascinert av ordenes kraft og deres evne til \u00e5 skape endringer. Etter \u00e5 ha fullf\u00f8rt min utdannelse i kommunikasjon ved Universitetet i Bergen, fikk jeg muligheten til \u00e5 jobbe innen ulike medier, der jeg har s\u00f8kt \u00e5 belyse viktige samfunnssp\u00f8rsm\u00e5l. I dag, som redakt\u00f8r for Nordnesrepublikken, pr\u00f8ver jeg \u00e5 forene min kj\u00e6rlighet for journalistikk med min lidenskap for innovasjon og eventyr.","sameAs":["https:\/\/nordnesrepublikken.no\/"]}]}},"_links":{"self":[{"href":"https:\/\/nordnesrepublikken.no\/index.php\/wp-json\/wp\/v2\/posts\/16260","targetHints":{"allow":["GET"]}}],"collection":[{"href":"https:\/\/nordnesrepublikken.no\/index.php\/wp-json\/wp\/v2\/posts"}],"about":[{"href":"https:\/\/nordnesrepublikken.no\/index.php\/wp-json\/wp\/v2\/types\/post"}],"author":[{"embeddable":true,"href":"https:\/\/nordnesrepublikken.no\/index.php\/wp-json\/wp\/v2\/users\/1"}],"replies":[{"embeddable":true,"href":"https:\/\/nordnesrepublikken.no\/index.php\/wp-json\/wp\/v2\/comments?post=16260"}],"version-history":[{"count":1,"href":"https:\/\/nordnesrepublikken.no\/index.php\/wp-json\/wp\/v2\/posts\/16260\/revisions"}],"predecessor-version":[{"id":16262,"href":"https:\/\/nordnesrepublikken.no\/index.php\/wp-json\/wp\/v2\/posts\/16260\/revisions\/16262"}],"wp:featuredmedia":[{"embeddable":true,"href":"https:\/\/nordnesrepublikken.no\/index.php\/wp-json\/wp\/v2\/media\/16261"}],"wp:attachment":[{"href":"https:\/\/nordnesrepublikken.no\/index.php\/wp-json\/wp\/v2\/media?parent=16260"}],"wp:term":[{"taxonomy":"category","embeddable":true,"href":"https:\/\/nordnesrepublikken.no\/index.php\/wp-json\/wp\/v2\/categories?post=16260"},{"taxonomy":"post_tag","embeddable":true,"href":"https:\/\/nordnesrepublikken.no\/index.php\/wp-json\/wp\/v2\/tags?post=16260"}],"curies":[{"name":"wp","href":"https:\/\/api.w.org\/{rel}","templated":true}]}}