{"id":16254,"date":"2026-03-26T05:52:07","date_gmt":"2026-03-26T04:52:07","guid":{"rendered":"https:\/\/nordnesrepublikken.no\/index.php\/2026\/03\/26\/det-som-skjedde-24-mars-1944-i-italia\/"},"modified":"2026-03-26T05:52:08","modified_gmt":"2026-03-26T04:52:08","slug":"det-som-skjedde-24-mars-1944-i-italia","status":"publish","type":"post","link":"https:\/\/nordnesrepublikken.no\/index.php\/2026\/03\/26\/det-som-skjedde-24-mars-1944-i-italia\/","title":{"rendered":"det som skjedde 24. mars 1944 i Italia"},"content":{"rendered":"<div>\n<div class=\"cp_wrapper cp_wrapper--fw mb-30 mb-20@tablet\">\n<figure class=\"mm\"><picture class=\"img\" style=\"padding-top:56.25%\"><source  media=\"(min-width: 1024px)\"><source  media=\"(min-width: 768px)\"><\/source><\/source><\/picture><\/figure>\n<\/p><\/div>\n<p>DE&#8217;<strong>massakre av<\/strong> <b>Fosse Ardeatine <\/b>(Roma), som fant sted den <b>24. mars 1944<\/b>representerer et av de dypeste og mest smertefulle s\u00e5rene i det tjuende \u00e5rhundres italienske historie. Den dagen <strong>tyske okkupasjonstropper<\/strong> de massakrerte 335 mennesker inkludert sivile, politiske fanger og italienske j\u00f8der, som gjengjeldelse for partisanangrepet i via Rasella, utf\u00f8rt dagen f\u00f8r av noen medlemmer av Roman GAP, der 33 politimenn fra \u00abBozen\u00bb-regimentet som tilh\u00f8rte Ordnungspolizei (det tyske politiet) ble drept. Men det var ikke bare tyskerne som utf\u00f8rte denne forbrytelsen: faktisk var den avgj\u00f8rende <strong>fascistiske myndigheters medvirkning<\/strong>.<\/p>\n<p>Hendelsens brutalitet og det h\u00f8ye antallet ofre gj\u00f8r Fosse Ardeatine-massakren til et symbol p\u00e5 epoken med nazistenes okkupasjon av landet v\u00e5rt under andre verdenskrig. Fosse, gamle puzzolanebrudd som ligger i omr\u00e5det Via Ardeatina, valgt som et sted for henrettelse og fortielse av likene til ofrene, kan fortsatt bes\u00f8kes i dag og er et sted for offentlige seremonier for minnesmerker.<\/p>\n<h2>Bakgrunnen: angrepet inn via Rasella<\/h2>\n<p>Den 23. mars 1944 organiserte partisanene til GAP (Patriotic Action Groups, urban fl\u00f8y av motstanden knyttet til kommunistpartiet) et angrep via Rasella mot &laquo;Bozen&raquo;-bataljonen, en enhet av det tyske politiet.<\/p>\n<div class=\"cp_wrapper cp_wrapper--fw mb-50\">\n<figure class=\"mm\"><picture class=\"img\" style=\"padding-top:137.87878787879%\"><source  media=\"(min-width: 1024px)\"><source  media=\"(min-width: 768px)\"><img decoding=\"async\" loading=\"lazy\" src=\"https:\/\/nordnesrepublikken.no\/wp-content\/uploads\/2026\/03\/1774500726_24_det-som-skjedde-24-mars-1944-i-Italia.jpg\" alt=\"Bilde\" width=\"660\" height=\"910\"\/><\/source><\/source><\/picture><\/figure>\n<\/p><\/div>\n<p>Med hjelp og organisering av 11 partisaner, kamerat <strong>Rosario Bentivegna<\/strong>forkledd som gatevasker, utl\u00f8ste en sikringsbombe (<b>12 kg TNT<\/b> blandet med skrapmetall) inne i en s\u00f8ppelvogn. Eksplosjonen skjedde da den tyske kolonnen passerte inn via Rasella, en smal gate n\u00e6r Piazza Barberini.<\/p>\n<p>Eksplosjonen drepte <b>33 sydtyrolske soldater<\/b> som hver dag paraderte i krigsutstyr gjennom gatene i Roma sentrum og sang milit\u00e6rsanger. To italienske sivile d\u00f8de ogs\u00e5 under eksplosjonen, Antonio Chiaretti, en partisan fra Bandiera Rossa-formasjonen, og en ung gutt, tretten \u00e5r gamle Piero Zuccheretti.<\/p>\n<h2>Reaksjonsrekkef\u00f8lgen og valget av ofre: 10 italienere skutt for hver tysk drept<\/h2>\n<p>Umiddelbart etter angrepet kom generalen til stedet <strong>Kurt Malzer,<\/strong> kommandant for torget i Roma, som ble rasende og ropte \u00abhevn for min stakkars kameraden\u00bb.<\/p>\n<p>Kommandanten, oberst Kappler og general Eberhard von Mackensen (direkte overordnede av general M\u00e4lzer og ansvarlig for krigssonen til Anzio-brohodet) besluttet gjensidig \u00e5 <strong>skyte ti italienere<\/strong> <strong>for hver av de tyske soldatene som ble drept<\/strong>. Det ble ogs\u00e5 bestemt at ofrene for represalien skulle v\u00e6re &laquo;<strong>Todeskandidaten<\/strong>&raquo; det vil si &laquo;folket som skal elimineres&raquo; (romerske borgere av j\u00f8disk opprinnelse, politiske fanger og partisaner internert i Via Tasso og Regina Coeli som allerede er d\u00f8mt til d\u00f8den eller livsvarig fengsel og de som er skyldige i handlinger som sannsynligvis ville ha f\u00f8rt til en d\u00f8dsdom). Represalien ble organisert i l\u00f8pet av bare noen f\u00e5 timer, med offisererseksjonen til \u00e5 sette opp Roma Gestapo-listen. ha det klart f\u00f8r daggry, og unng\u00e5 enhver form for kunngj\u00f8ring (ingen anmodning ble gjort til partisanene fri til \u00e5 utlevere seg for \u00e5 unng\u00e5 massakren av uskyldige, som allerede hadde skjedd i andre tilfeller) av hensyn til overraskelseseffekten.<\/p>\n<h2>Henrettelsen av de 335 ofrene og gjemningen av likene<\/h2>\n<div class=\"cp_wrapper cp_wrapper--fw mb-50\">\n<figure class=\"mm\"><picture class=\"img\" style=\"padding-top:75.625%\"><source  media=\"(min-width: 1024px)\"><source  media=\"(min-width: 768px)\"><img decoding=\"async\" loading=\"lazy\" src=\"https:\/\/nordnesrepublikken.no\/wp-content\/uploads\/2026\/03\/1774500727_413_det-som-skjedde-24-mars-1944-i-Italia.jpg\" alt=\"Bilde\" width=\"1600\" height=\"1210\" class=\"js-seedtag-img\"\/><\/source><\/source><\/picture><\/figure>\n<\/p><\/div>\n<p>Ved middagstid den 24. mars begynte tyske offiserer \u00e5 samle Todeskandidaten. Fangene som var innel\u00e5st i Via Tasso ble f\u00f8rt ut av cellene og samlet sammen med hendene bundet bak ryggen, uten \u00e5 gi dem andre instruksjoner. D\u00f8den kunne imidlertid allerede luktes i luften.<\/p>\n<p>Rundt klokken 14.00 gikk en serie kj\u00f8ret\u00f8y med fanger om bord fra via Tasso mot via Ardeatina (fire kilometer lenger), i retning av <strong>katakombene i San Callisto og Domitilla<\/strong>steinbrudd valgt for massakren.<\/p>\n<p>Klokken 15.30 ankom ogs\u00e5 fangene til Regina Coeli og 75 j\u00f8der, f\u00f8rt inn i tunnelene i gropene opplyst av de tyske soldatenes elektriske fakler. Der ble ofrene kalt ved navn, tvunget til \u00e5 knele og deretter skutt i nakken. Litt etter litt ble henrettelsesomr\u00e5det fylt med lik, stablet opp\u00e5 hverandre. Siden det nesten ikke var ledig plass, ble de siste d\u00f8dsd\u00f8mte mennene tvunget til \u00e5 klatre opp p\u00e5 massen av lik. Situasjonen ble stadig mer kaotisk, og noen fanger fors\u00f8kte \u00e5 gj\u00f8re motstand, men ble tvangsdempet og skutt gjentatte ganger. P\u00e5 grunn av noen forstyrrelser som skjedde under oppsamlingen av de d\u00f8dsd\u00f8mte, hadde fem flere menn enn forventet antall (330) blitt tatt, som oberst Kappler hadde bestemt seg for \u00e5 drepe fordi &laquo;<em>de hadde sett alt<\/em>&laquo;.<\/p>\n<p>De siste tjuefem henrettelsene ble avsluttet klokken 20.00, med oberst Kappler som uttalte at det hadde v\u00e6rt vanskelig, men at &laquo;repressalien hadde blitt utf\u00f8rt i samsvar med krigens lover&raquo;.<\/p>\n<p>P\u00e5 slutten av operasjonen eksploderte tyskerne miner for \u00e5 blokkere inngangen til steinbruddene og skjule grusomhetene som ble beg\u00e5tt, men eksplosjonene n\u00e5dde \u00f8rene til <strong>Selgere<\/strong> ikke langt unna (som fungerte som guider til katakombene), som hadde lagt merke til at milit\u00e6rkj\u00f8ret\u00f8yer kom og gikk. I l\u00f8pet av natten gikk de inn i steinbruddene og s\u00e5 \u00f8deleggelsene beg\u00e5tt av nazistene, og ryktet spredte seg raskt og skapte stor forvirring og redsel i Roma.<\/p>\n<p>Det eldste offeret var Moses Di Consiglio, 74 \u00e5r gammel. Den yngste var Duilio Cibei, bare 15 \u00e5r gammel.<\/p>\n<h2>En uforsvarlig massakre selv etter datidens lover<\/h2>\n<p>Etterp\u00e5, <strong>Benito Mussolini<\/strong> han begrunnet det som skjedde med at gjengjeldelsen var lovlig, men det var ikke helt sant.<\/p>\n<p>Duce tok faktisk ikke hensyn til det som ble skrevet i dokumentet til Haagkonvensjonen av 1907, som forb\u00f8d represalier mot en hel befolkning &laquo;for handlinger som den ikke er ansvarlig for&raquo;, og heller ikke Gen\u00e8ve-konvensjonen av 1929 (ang\u00e5ende behandling av krigsfanger), som forb\u00f8d represalier mot krigsfanger.<\/p>\n<p>gjengjeldelse ble faktisk vurdert <strong>i nasjonale krigslover<\/strong>men innenfor dem ble det referert til en rekke kriterier: fra proporsjonalitet med hensyn til omfanget av lovbruddet til utvelgelsen av gisler (som ikke b\u00f8r v\u00e6re vilk\u00e5rlig) og beskyttelse av sivilbefolkningen. Men ingen av disse kriteriene ble oppfylt av Keppler og selskapet:<\/p>\n<ul>\n<li>Nazistene utf\u00f8rte ingen etterforskning for \u00e5 fastsl\u00e5 identiteten til de ansvarlige for angrepet p\u00e5 Via Rasella<\/li>\n<li>Gjenaksjonen var avgjort uforholdsmessig<\/li>\n<li>Ofrene var vilk\u00e5rlige: de hadde ingenting \u00e5 gj\u00f8re med den som hadde utf\u00f8rt angrepet<\/li>\n<li>Under utvelgelsen av ofre ble ogs\u00e5 helsepersonell og pasienter skutt, og sivile ble tatt til fange bare fordi de var j\u00f8der<\/li>\n<\/ul>\n<h2>Minne og rettferdighet<\/h2>\n<div class=\"cp_wrapper cp_wrapper--fw mb-50\">\n<figure class=\"mm\"><picture class=\"img\" style=\"padding-top:56.25%\"><source  media=\"(min-width: 1024px)\"><source  media=\"(min-width: 768px)\"><img decoding=\"async\" loading=\"lazy\" src=\"https:\/\/nordnesrepublikken.no\/wp-content\/uploads\/2026\/03\/1774500727_738_det-som-skjedde-24-mars-1944-i-Italia.jpg\" alt=\"Bilde\" width=\"1920\" height=\"1080\"\/><\/source><\/source><\/picture><\/figure>\n<\/p><\/div>\n<p>Etter krigen ble de hovedansvarlige for massakren stilt for retten, selv om veien til rettferdighet var lang og kontroversiell.<\/p>\n<p>I 1944 ble Nasjonalforeningen for italienske familier av martyrer falt for landets frihet f\u00f8dt (<strong>AMPHIM<\/strong>), med sikte p\u00e5 \u00e5 gi et navn og en <strong>verdig begravelse<\/strong> til ofrene. I dag er Fosse Ardeatine-omr\u00e5det en <b>Milit\u00e6r helligdom<\/b>et sted for stillhet og ettertanke hvor restene av ofrene hviler, som minnes hver 24. mars under en h\u00f8ytidelig seremoni av republikkens president.<\/p>\n<\/p><\/div>\n","protected":false},"excerpt":{"rendered":"<p>DE&#8217;massakre av Fosse Ardeatine (Roma), som fant sted den 24. mars 1944representerer et av de<\/p>\n","protected":false},"author":1,"featured_media":16255,"comment_status":"closed","ping_status":"open","sticky":false,"template":"","format":"standard","meta":{"footnotes":""},"categories":[104],"tags":[66,437,372,325,31],"class_list":["post-16254","post","type-post","status-publish","format-standard","has-post-thumbnail","hentry","category-samfunn","tag-det","tag-italia","tag-mars","tag-skjedde","tag-som","generate-columns","tablet-grid-50","mobile-grid-100","grid-parent","grid-33","resize-featured-image"],"yoast_head":"<!-- This site is optimized with the Yoast SEO plugin v24.4 - https:\/\/yoast.com\/wordpress\/plugins\/seo\/ -->\n<title>det som skjedde 24. mars 1944 i Italia - Nordnesrepublikken<\/title>\n<meta name=\"robots\" content=\"index, follow, max-snippet:-1, max-image-preview:large, max-video-preview:-1\" \/>\n<link rel=\"canonical\" href=\"https:\/\/nordnesrepublikken.no\/index.php\/2026\/03\/26\/det-som-skjedde-24-mars-1944-i-italia\/\" \/>\n<meta property=\"og:locale\" content=\"nb_NO\" \/>\n<meta property=\"og:type\" content=\"article\" \/>\n<meta property=\"og:title\" content=\"det som skjedde 24. mars 1944 i Italia - Nordnesrepublikken\" \/>\n<meta property=\"og:description\" content=\"DE&#8217;massakre av Fosse Ardeatine (Roma), som fant sted den 24. mars 1944representerer et av de\" \/>\n<meta property=\"og:url\" content=\"https:\/\/nordnesrepublikken.no\/index.php\/2026\/03\/26\/det-som-skjedde-24-mars-1944-i-italia\/\" \/>\n<meta property=\"og:site_name\" content=\"Nordnesrepublikken\" \/>\n<meta property=\"article:published_time\" content=\"2026-03-26T04:52:07+00:00\" \/>\n<meta property=\"article:modified_time\" content=\"2026-03-26T04:52:08+00:00\" \/>\n<meta property=\"og:image\" content=\"https:\/\/nordnesrepublikken.no\/wp-content\/uploads\/2026\/03\/1774500728_det-som-skjedde-24-mars-1944-i-Italia.jpg\" \/>\n\t<meta property=\"og:image:width\" content=\"600\" \/>\n\t<meta property=\"og:image:height\" content=\"400\" \/>\n\t<meta property=\"og:image:type\" content=\"image\/jpeg\" \/>\n<meta name=\"author\" content=\"Ole Andersen\" \/>\n<meta name=\"twitter:card\" content=\"summary_large_image\" \/>\n<meta name=\"twitter:label1\" content=\"Skrevet av\" \/>\n\t<meta name=\"twitter:data1\" content=\"Ole Andersen\" \/>\n\t<meta name=\"twitter:label2\" content=\"Ansl. lesetid\" \/>\n\t<meta name=\"twitter:data2\" content=\"5 minutter\" \/>\n<script type=\"application\/ld+json\" class=\"yoast-schema-graph\">{\"@context\":\"https:\/\/schema.org\",\"@graph\":[{\"@type\":\"Article\",\"@id\":\"https:\/\/nordnesrepublikken.no\/index.php\/2026\/03\/26\/det-som-skjedde-24-mars-1944-i-italia\/#article\",\"isPartOf\":{\"@id\":\"https:\/\/nordnesrepublikken.no\/index.php\/2026\/03\/26\/det-som-skjedde-24-mars-1944-i-italia\/\"},\"author\":{\"name\":\"Ole Andersen\",\"@id\":\"https:\/\/nordnesrepublikken.no\/#\/schema\/person\/2e7e81935bab77882fffb79296240ff1\"},\"headline\":\"det som skjedde 24. mars 1944 i Italia\",\"datePublished\":\"2026-03-26T04:52:07+00:00\",\"dateModified\":\"2026-03-26T04:52:08+00:00\",\"mainEntityOfPage\":{\"@id\":\"https:\/\/nordnesrepublikken.no\/index.php\/2026\/03\/26\/det-som-skjedde-24-mars-1944-i-italia\/\"},\"wordCount\":1076,\"publisher\":{\"@id\":\"https:\/\/nordnesrepublikken.no\/#organization\"},\"image\":{\"@id\":\"https:\/\/nordnesrepublikken.no\/index.php\/2026\/03\/26\/det-som-skjedde-24-mars-1944-i-italia\/#primaryimage\"},\"thumbnailUrl\":\"https:\/\/nordnesrepublikken.no\/wp-content\/uploads\/2026\/03\/1774500728_det-som-skjedde-24-mars-1944-i-Italia.jpg\",\"keywords\":[\"Det\",\"Italia\",\"mars\",\"skjedde\",\"som\"],\"articleSection\":[\"Samfunn\"],\"inLanguage\":\"nb-NO\"},{\"@type\":\"WebPage\",\"@id\":\"https:\/\/nordnesrepublikken.no\/index.php\/2026\/03\/26\/det-som-skjedde-24-mars-1944-i-italia\/\",\"url\":\"https:\/\/nordnesrepublikken.no\/index.php\/2026\/03\/26\/det-som-skjedde-24-mars-1944-i-italia\/\",\"name\":\"det som skjedde 24. mars 1944 i Italia - Nordnesrepublikken\",\"isPartOf\":{\"@id\":\"https:\/\/nordnesrepublikken.no\/#website\"},\"primaryImageOfPage\":{\"@id\":\"https:\/\/nordnesrepublikken.no\/index.php\/2026\/03\/26\/det-som-skjedde-24-mars-1944-i-italia\/#primaryimage\"},\"image\":{\"@id\":\"https:\/\/nordnesrepublikken.no\/index.php\/2026\/03\/26\/det-som-skjedde-24-mars-1944-i-italia\/#primaryimage\"},\"thumbnailUrl\":\"https:\/\/nordnesrepublikken.no\/wp-content\/uploads\/2026\/03\/1774500728_det-som-skjedde-24-mars-1944-i-Italia.jpg\",\"datePublished\":\"2026-03-26T04:52:07+00:00\",\"dateModified\":\"2026-03-26T04:52:08+00:00\",\"breadcrumb\":{\"@id\":\"https:\/\/nordnesrepublikken.no\/index.php\/2026\/03\/26\/det-som-skjedde-24-mars-1944-i-italia\/#breadcrumb\"},\"inLanguage\":\"nb-NO\",\"potentialAction\":[{\"@type\":\"ReadAction\",\"target\":[\"https:\/\/nordnesrepublikken.no\/index.php\/2026\/03\/26\/det-som-skjedde-24-mars-1944-i-italia\/\"]}]},{\"@type\":\"ImageObject\",\"inLanguage\":\"nb-NO\",\"@id\":\"https:\/\/nordnesrepublikken.no\/index.php\/2026\/03\/26\/det-som-skjedde-24-mars-1944-i-italia\/#primaryimage\",\"url\":\"https:\/\/nordnesrepublikken.no\/wp-content\/uploads\/2026\/03\/1774500728_det-som-skjedde-24-mars-1944-i-Italia.jpg\",\"contentUrl\":\"https:\/\/nordnesrepublikken.no\/wp-content\/uploads\/2026\/03\/1774500728_det-som-skjedde-24-mars-1944-i-Italia.jpg\",\"width\":600,\"height\":400,\"caption\":\"det som skjedde 24. mars 1944 i Italia\"},{\"@type\":\"BreadcrumbList\",\"@id\":\"https:\/\/nordnesrepublikken.no\/index.php\/2026\/03\/26\/det-som-skjedde-24-mars-1944-i-italia\/#breadcrumb\",\"itemListElement\":[{\"@type\":\"ListItem\",\"position\":1,\"name\":\"Home\",\"item\":\"https:\/\/nordnesrepublikken.no\/\"},{\"@type\":\"ListItem\",\"position\":2,\"name\":\"det som skjedde 24. mars 1944 i Italia\"}]},{\"@type\":\"WebSite\",\"@id\":\"https:\/\/nordnesrepublikken.no\/#website\",\"url\":\"https:\/\/nordnesrepublikken.no\/\",\"name\":\"Nordnesrepublikken\",\"description\":\"Stemmer og Visjoner fra Republikkens Hjerte\",\"publisher\":{\"@id\":\"https:\/\/nordnesrepublikken.no\/#organization\"},\"potentialAction\":[{\"@type\":\"SearchAction\",\"target\":{\"@type\":\"EntryPoint\",\"urlTemplate\":\"https:\/\/nordnesrepublikken.no\/?s={search_term_string}\"},\"query-input\":{\"@type\":\"PropertyValueSpecification\",\"valueRequired\":true,\"valueName\":\"search_term_string\"}}],\"inLanguage\":\"nb-NO\"},{\"@type\":\"Organization\",\"@id\":\"https:\/\/nordnesrepublikken.no\/#organization\",\"name\":\"Nordnesrepublikken\",\"url\":\"https:\/\/nordnesrepublikken.no\/\",\"logo\":{\"@type\":\"ImageObject\",\"inLanguage\":\"nb-NO\",\"@id\":\"https:\/\/nordnesrepublikken.no\/#\/schema\/logo\/image\/\",\"url\":\"https:\/\/nordnesrepublikken.no\/wp-content\/uploads\/2025\/02\/cropped-nordnesrepublikken-2.png\",\"contentUrl\":\"https:\/\/nordnesrepublikken.no\/wp-content\/uploads\/2025\/02\/cropped-nordnesrepublikken-2.png\",\"width\":1248,\"height\":362,\"caption\":\"Nordnesrepublikken\"},\"image\":{\"@id\":\"https:\/\/nordnesrepublikken.no\/#\/schema\/logo\/image\/\"}},{\"@type\":\"Person\",\"@id\":\"https:\/\/nordnesrepublikken.no\/#\/schema\/person\/2e7e81935bab77882fffb79296240ff1\",\"name\":\"Ole Andersen\",\"image\":{\"@type\":\"ImageObject\",\"inLanguage\":\"nb-NO\",\"@id\":\"https:\/\/nordnesrepublikken.no\/#\/schema\/person\/image\/\",\"url\":\"https:\/\/nordnesrepublikken.no\/wp-content\/uploads\/2025\/02\/nordnesrepublikken-2-2-150x150.jpg\",\"contentUrl\":\"https:\/\/nordnesrepublikken.no\/wp-content\/uploads\/2025\/02\/nordnesrepublikken-2-2-150x150.jpg\",\"caption\":\"Ole Andersen\"},\"description\":\"Ettersom jeg vokste opp i Oslo, har jeg alltid v\u00e6rt fascinert av ordenes kraft og deres evne til \u00e5 skape endringer. Etter \u00e5 ha fullf\u00f8rt min utdannelse i kommunikasjon ved Universitetet i Bergen, fikk jeg muligheten til \u00e5 jobbe innen ulike medier, der jeg har s\u00f8kt \u00e5 belyse viktige samfunnssp\u00f8rsm\u00e5l. I dag, som redakt\u00f8r for Nordnesrepublikken, pr\u00f8ver jeg \u00e5 forene min kj\u00e6rlighet for journalistikk med min lidenskap for innovasjon og eventyr.\",\"sameAs\":[\"https:\/\/nordnesrepublikken.no\/\"]}]}<\/script>\n<!-- \/ Yoast SEO plugin. -->","yoast_head_json":{"title":"det som skjedde 24. mars 1944 i Italia - Nordnesrepublikken","robots":{"index":"index","follow":"follow","max-snippet":"max-snippet:-1","max-image-preview":"max-image-preview:large","max-video-preview":"max-video-preview:-1"},"canonical":"https:\/\/nordnesrepublikken.no\/index.php\/2026\/03\/26\/det-som-skjedde-24-mars-1944-i-italia\/","og_locale":"nb_NO","og_type":"article","og_title":"det som skjedde 24. mars 1944 i Italia - Nordnesrepublikken","og_description":"DE&#8217;massakre av Fosse Ardeatine (Roma), som fant sted den 24. mars 1944representerer et av de","og_url":"https:\/\/nordnesrepublikken.no\/index.php\/2026\/03\/26\/det-som-skjedde-24-mars-1944-i-italia\/","og_site_name":"Nordnesrepublikken","article_published_time":"2026-03-26T04:52:07+00:00","article_modified_time":"2026-03-26T04:52:08+00:00","og_image":[{"width":600,"height":400,"url":"https:\/\/nordnesrepublikken.no\/wp-content\/uploads\/2026\/03\/1774500728_det-som-skjedde-24-mars-1944-i-Italia.jpg","type":"image\/jpeg"}],"author":"Ole Andersen","twitter_card":"summary_large_image","twitter_misc":{"Skrevet av":"Ole Andersen","Ansl. lesetid":"5 minutter"},"schema":{"@context":"https:\/\/schema.org","@graph":[{"@type":"Article","@id":"https:\/\/nordnesrepublikken.no\/index.php\/2026\/03\/26\/det-som-skjedde-24-mars-1944-i-italia\/#article","isPartOf":{"@id":"https:\/\/nordnesrepublikken.no\/index.php\/2026\/03\/26\/det-som-skjedde-24-mars-1944-i-italia\/"},"author":{"name":"Ole Andersen","@id":"https:\/\/nordnesrepublikken.no\/#\/schema\/person\/2e7e81935bab77882fffb79296240ff1"},"headline":"det som skjedde 24. mars 1944 i Italia","datePublished":"2026-03-26T04:52:07+00:00","dateModified":"2026-03-26T04:52:08+00:00","mainEntityOfPage":{"@id":"https:\/\/nordnesrepublikken.no\/index.php\/2026\/03\/26\/det-som-skjedde-24-mars-1944-i-italia\/"},"wordCount":1076,"publisher":{"@id":"https:\/\/nordnesrepublikken.no\/#organization"},"image":{"@id":"https:\/\/nordnesrepublikken.no\/index.php\/2026\/03\/26\/det-som-skjedde-24-mars-1944-i-italia\/#primaryimage"},"thumbnailUrl":"https:\/\/nordnesrepublikken.no\/wp-content\/uploads\/2026\/03\/1774500728_det-som-skjedde-24-mars-1944-i-Italia.jpg","keywords":["Det","Italia","mars","skjedde","som"],"articleSection":["Samfunn"],"inLanguage":"nb-NO"},{"@type":"WebPage","@id":"https:\/\/nordnesrepublikken.no\/index.php\/2026\/03\/26\/det-som-skjedde-24-mars-1944-i-italia\/","url":"https:\/\/nordnesrepublikken.no\/index.php\/2026\/03\/26\/det-som-skjedde-24-mars-1944-i-italia\/","name":"det som skjedde 24. mars 1944 i Italia - Nordnesrepublikken","isPartOf":{"@id":"https:\/\/nordnesrepublikken.no\/#website"},"primaryImageOfPage":{"@id":"https:\/\/nordnesrepublikken.no\/index.php\/2026\/03\/26\/det-som-skjedde-24-mars-1944-i-italia\/#primaryimage"},"image":{"@id":"https:\/\/nordnesrepublikken.no\/index.php\/2026\/03\/26\/det-som-skjedde-24-mars-1944-i-italia\/#primaryimage"},"thumbnailUrl":"https:\/\/nordnesrepublikken.no\/wp-content\/uploads\/2026\/03\/1774500728_det-som-skjedde-24-mars-1944-i-Italia.jpg","datePublished":"2026-03-26T04:52:07+00:00","dateModified":"2026-03-26T04:52:08+00:00","breadcrumb":{"@id":"https:\/\/nordnesrepublikken.no\/index.php\/2026\/03\/26\/det-som-skjedde-24-mars-1944-i-italia\/#breadcrumb"},"inLanguage":"nb-NO","potentialAction":[{"@type":"ReadAction","target":["https:\/\/nordnesrepublikken.no\/index.php\/2026\/03\/26\/det-som-skjedde-24-mars-1944-i-italia\/"]}]},{"@type":"ImageObject","inLanguage":"nb-NO","@id":"https:\/\/nordnesrepublikken.no\/index.php\/2026\/03\/26\/det-som-skjedde-24-mars-1944-i-italia\/#primaryimage","url":"https:\/\/nordnesrepublikken.no\/wp-content\/uploads\/2026\/03\/1774500728_det-som-skjedde-24-mars-1944-i-Italia.jpg","contentUrl":"https:\/\/nordnesrepublikken.no\/wp-content\/uploads\/2026\/03\/1774500728_det-som-skjedde-24-mars-1944-i-Italia.jpg","width":600,"height":400,"caption":"det som skjedde 24. mars 1944 i Italia"},{"@type":"BreadcrumbList","@id":"https:\/\/nordnesrepublikken.no\/index.php\/2026\/03\/26\/det-som-skjedde-24-mars-1944-i-italia\/#breadcrumb","itemListElement":[{"@type":"ListItem","position":1,"name":"Home","item":"https:\/\/nordnesrepublikken.no\/"},{"@type":"ListItem","position":2,"name":"det som skjedde 24. mars 1944 i Italia"}]},{"@type":"WebSite","@id":"https:\/\/nordnesrepublikken.no\/#website","url":"https:\/\/nordnesrepublikken.no\/","name":"Nordnesrepublikken","description":"Stemmer og Visjoner fra Republikkens Hjerte","publisher":{"@id":"https:\/\/nordnesrepublikken.no\/#organization"},"potentialAction":[{"@type":"SearchAction","target":{"@type":"EntryPoint","urlTemplate":"https:\/\/nordnesrepublikken.no\/?s={search_term_string}"},"query-input":{"@type":"PropertyValueSpecification","valueRequired":true,"valueName":"search_term_string"}}],"inLanguage":"nb-NO"},{"@type":"Organization","@id":"https:\/\/nordnesrepublikken.no\/#organization","name":"Nordnesrepublikken","url":"https:\/\/nordnesrepublikken.no\/","logo":{"@type":"ImageObject","inLanguage":"nb-NO","@id":"https:\/\/nordnesrepublikken.no\/#\/schema\/logo\/image\/","url":"https:\/\/nordnesrepublikken.no\/wp-content\/uploads\/2025\/02\/cropped-nordnesrepublikken-2.png","contentUrl":"https:\/\/nordnesrepublikken.no\/wp-content\/uploads\/2025\/02\/cropped-nordnesrepublikken-2.png","width":1248,"height":362,"caption":"Nordnesrepublikken"},"image":{"@id":"https:\/\/nordnesrepublikken.no\/#\/schema\/logo\/image\/"}},{"@type":"Person","@id":"https:\/\/nordnesrepublikken.no\/#\/schema\/person\/2e7e81935bab77882fffb79296240ff1","name":"Ole Andersen","image":{"@type":"ImageObject","inLanguage":"nb-NO","@id":"https:\/\/nordnesrepublikken.no\/#\/schema\/person\/image\/","url":"https:\/\/nordnesrepublikken.no\/wp-content\/uploads\/2025\/02\/nordnesrepublikken-2-2-150x150.jpg","contentUrl":"https:\/\/nordnesrepublikken.no\/wp-content\/uploads\/2025\/02\/nordnesrepublikken-2-2-150x150.jpg","caption":"Ole Andersen"},"description":"Ettersom jeg vokste opp i Oslo, har jeg alltid v\u00e6rt fascinert av ordenes kraft og deres evne til \u00e5 skape endringer. Etter \u00e5 ha fullf\u00f8rt min utdannelse i kommunikasjon ved Universitetet i Bergen, fikk jeg muligheten til \u00e5 jobbe innen ulike medier, der jeg har s\u00f8kt \u00e5 belyse viktige samfunnssp\u00f8rsm\u00e5l. I dag, som redakt\u00f8r for Nordnesrepublikken, pr\u00f8ver jeg \u00e5 forene min kj\u00e6rlighet for journalistikk med min lidenskap for innovasjon og eventyr.","sameAs":["https:\/\/nordnesrepublikken.no\/"]}]}},"_links":{"self":[{"href":"https:\/\/nordnesrepublikken.no\/index.php\/wp-json\/wp\/v2\/posts\/16254","targetHints":{"allow":["GET"]}}],"collection":[{"href":"https:\/\/nordnesrepublikken.no\/index.php\/wp-json\/wp\/v2\/posts"}],"about":[{"href":"https:\/\/nordnesrepublikken.no\/index.php\/wp-json\/wp\/v2\/types\/post"}],"author":[{"embeddable":true,"href":"https:\/\/nordnesrepublikken.no\/index.php\/wp-json\/wp\/v2\/users\/1"}],"replies":[{"embeddable":true,"href":"https:\/\/nordnesrepublikken.no\/index.php\/wp-json\/wp\/v2\/comments?post=16254"}],"version-history":[{"count":1,"href":"https:\/\/nordnesrepublikken.no\/index.php\/wp-json\/wp\/v2\/posts\/16254\/revisions"}],"predecessor-version":[{"id":16256,"href":"https:\/\/nordnesrepublikken.no\/index.php\/wp-json\/wp\/v2\/posts\/16254\/revisions\/16256"}],"wp:featuredmedia":[{"embeddable":true,"href":"https:\/\/nordnesrepublikken.no\/index.php\/wp-json\/wp\/v2\/media\/16255"}],"wp:attachment":[{"href":"https:\/\/nordnesrepublikken.no\/index.php\/wp-json\/wp\/v2\/media?parent=16254"}],"wp:term":[{"taxonomy":"category","embeddable":true,"href":"https:\/\/nordnesrepublikken.no\/index.php\/wp-json\/wp\/v2\/categories?post=16254"},{"taxonomy":"post_tag","embeddable":true,"href":"https:\/\/nordnesrepublikken.no\/index.php\/wp-json\/wp\/v2\/tags?post=16254"}],"curies":[{"name":"wp","href":"https:\/\/api.w.org\/{rel}","templated":true}]}}