{"id":16251,"date":"2026-03-26T04:51:03","date_gmt":"2026-03-26T03:51:03","guid":{"rendered":"https:\/\/nordnesrepublikken.no\/index.php\/2026\/03\/26\/opplev-mallorca-pa-sitt-mest-atmosfaeriske-semana-santa-2026-guide\/"},"modified":"2026-03-26T04:51:05","modified_gmt":"2026-03-26T03:51:05","slug":"opplev-mallorca-pa-sitt-mest-atmosfaeriske-semana-santa-2026-guide","status":"publish","type":"post","link":"https:\/\/nordnesrepublikken.no\/index.php\/2026\/03\/26\/opplev-mallorca-pa-sitt-mest-atmosfaeriske-semana-santa-2026-guide\/","title":{"rendered":"Opplev Mallorca p\u00e5 sitt mest atmosf\u00e6riske: Semana Santa 2026 Guide"},"content":{"rendered":"<p><\/p>\n<div class=\"wordpress-content\">\n                    <!-- Article Start --><\/p>\n<div class=\"flex flex-col text-sm pb-25\">\n<section class=\"text-token-text-primary w-full focus:outline-none (--shadow-height:45px) has-data-writing-block:pointer-events-none has-data-writing-block:-mt-(--shadow-height) has-data-writing-block:pt-(--shadow-height) (&amp;:has((data-writing-block))&gt;*):pointer-events-auto scroll-mt-(calc(var(--header-height)+min(200px,max(70px,20svh))))\" dir=\"auto\" data-turn-id=\"request-WEB:9c3cb1b9-08e9-4b7c-a2b9-aa2f97f61757-1\" data-testid=\"conversation-turn-4\" data-scroll-anchor=\"true\" data-turn=\"assistant\">\n<div class=\"text-base my-auto mx-auto pb-10 (--thread-content-margin:var(--thread-content-margin-xs,calc(var(--spacing)*4))) @w-sm\/main:(--thread-content-margin:var(--thread-content-margin-sm,calc(var(--spacing)*6))) @w-lg\/main:(--thread-content-margin:var(--thread-content-margin-lg,calc(var(--spacing)*16))) px-(--thread-content-margin)\">\n<div class=\"(--thread-content-max-width:40rem) @w-lg\/main:(--thread-content-max-width:48rem) mx-auto max-w-(--thread-content-max-width) flex-1 group\/turn-messages focus-visible:outline-hidden relative flex w-full min-w-0 flex-col agent-turn\">\n<div class=\"flex max-w-full flex-col gap-4 grow\">\n<div class=\"min-h-8 text-message relative flex w-full flex-col items-end gap-2 text-start break-words whitespace-normal outline-none keyboard-focused:focus-ring (.text-message+&amp;):mt-1\" dir=\"auto\" data-message-author-role=\"assistant\" data-message-id=\"0bd48f42-c9b8-42cd-88bf-d47e15451437\" data-message-model-slug=\"gpt-5-3\" data-turn-start-message=\"true\">\n<div class=\"flex w-full flex-col gap-1 empty:hidden\">\n<div class=\"markdown prose dark:prose-invert w-full wrap-break-word light markdown-new-styling\">\n<p data-start=\"113\" data-end=\"549\"><strong>Semana Santa<\/strong> p\u00e5 Mallorca er en av \u00f8yas mektigste og mest kulturelt rike tider p\u00e5 \u00e5ret. Holy Week, som finner sted fra slutten av mars til begynnelsen av april 2026, forvandler Mallorca fra en avslappet middelhavsdestinasjon til en scene for \u00e5rhundregamle tradisjoner, bevegende prosesjoner og dypt forankrede lokale skikker. Det er et \u00f8yeblikk hvor historie, religion og samfunn kommer sammen og en av de mest unike tidene \u00e5 bes\u00f8ke \u00f8ya.<\/p>\n<h2 data-section-id=\"17n4bup\" data-start=\"556\" data-end=\"593\">Hva er Semana Santa p\u00e5 Mallorca?<\/h2>\n<p data-start=\"595\" data-end=\"855\">Semana Santa, som betyr Holy Week, er en n\u00f8kkelbegivenhet i den spanske kalenderen, og markerer dagene frem til p\u00e5skes\u00f8ndag. P\u00e5 Mallorca blander den h\u00f8ytidelig religi\u00f8s overholdelse med en levende kulturell atmosf\u00e6re, og tilbyr bes\u00f8kende et vindu inn i det autentiske \u00f8ylivet.<\/p>\n<p data-start=\"857\" data-end=\"1102\">Fra Palmas brosteinsbelagte gater til rolige landsbyer i innlandet, f\u00e5r \u00f8ya en annen rytme. Balkonger er drapert, kirker fylles med lokalbefolkningen, og duften av stearinlys og r\u00f8kelse henger i luften mens prosesjoner passerer gjennom historiske torg.<\/p>\n<div class=\"sra_unit\"><link rel=\"stylesheet\" id=\"block-sra\" href=\"https:\/\/euroweeklynews.com\/wp-content\/plugins\/snack-related-articles\/dist\/css\/snack-related.min.css?250312-193541\" type=\"text\/css\" media=\"all\">\n<\/div>\n<h2 data-section-id=\"5ivolq\" data-start=\"1109\" data-end=\"1137\">De m\u00e5-se prosesjoner<\/h2>\n<p data-start=\"1139\" data-end=\"1388\">H\u00f8ydepunktet til Semana Santa er utvilsomt prosesjonene, kjent for sin dramatikk og symbolikk. Religi\u00f8se brorskap paraderer gjennom byene if\u00f8rt tradisjonelle kapper og hetter, med utsmykkede flott\u00f8rer som skildrer scener fra Kristi lidenskap.<\/p>\n<p data-start=\"1390\" data-end=\"1712\">Skj\u00e6rtorsdag og langfredag \u200b\u200ber vertskap for de mest sl\u00e5ende begivenhetene, spesielt i Palma, hvor den ber\u00f8mte Crist de la Sang-prosesjonen tiltrekker seg folkemengder p\u00e5 grunn av sin forferdelige skj\u00f8nnhet. I Pollensa er &laquo;Davallament&raquo;, en stille nedstigning med levende lys fra Calvari-trinnene, en av \u00f8yas mest emosjonelle og uforglemmelige tradisjoner.<\/p>\n<h2 data-section-id=\"2mj7aa\" data-start=\"1719\" data-end=\"1755\">Lokale tradisjoner og sesongbasert mat<\/h2>\n<p data-start=\"1757\" data-end=\"1989\">Utover prosesjonene er Semana Santa ogs\u00e5 en tid for familiesammenkomster og tradisjonell mat. Bakerier fylles med sesongens godbiter som panader (smakfulle paier fylt med kj\u00f8tt eller fisk) og robioler, delikate bakverk drysset med sukker.<\/p>\n<p data-start=\"1991\" data-end=\"2220\">Palmes\u00f8ndag markerer begynnelsen av uken, med barn som b\u00e6rer intrikat vevde palmeblader, mens p\u00e5skes\u00f8ndag skifter stemningen til feiring, ofte tilbrakt utend\u00f8rs for \u00e5 nyte lange, rolige lunsjer med familie og venner.<\/p>\n<h2 data-section-id=\"lvr984\" data-start=\"2227\" data-end=\"2254\">Hva mer skjer?<\/h2>\n<p data-start=\"2256\" data-end=\"2612\">Ved siden av religi\u00f8se begivenheter kommer Mallorca til live med v\u00e5renergi. Forvent lokale markeder, sm\u00e5 konserter og en fornyet sus i Palmas restauranter og kafeer n\u00e5r sesongen starter. Det er ogs\u00e5 den perfekte tiden \u00e5 utforske, med milde temperaturer som er ideelle for fotturer i Tramuntana-fjellene, kystvandringer eller tidlige stranddager f\u00f8r sommerens folkemengder ankommer.<\/p>\n<h2 data-section-id=\"55zcz5\" data-start=\"2619\" data-end=\"2653\">Hvorfor bes\u00f8ke under Semana Santa?<\/h2>\n<p data-start=\"2655\" data-end=\"2925\" data-is-last-node=\"\" data-is-only-node=\"\">Semana Santa p\u00e5 Mallorca tilbyr noe helt spesielt: en blanding av kultur, tradisjon og diskr\u00e9 skj\u00f8nnhet. Det er roligere enn h\u00f8ysommeren, men likevel full av atmosf\u00e6re &#8211; noe som gj\u00f8r det til en ideell tid for de som \u00f8nsker \u00e5 oppleve \u00f8ya p\u00e5 en mer meningsfull, autentisk m\u00e5te.<\/p>\n<\/div>\n<\/div>\n<\/div>\n<\/div>\n<div class=\"z-0 flex min-h-(46px) justify-start\"><\/div>\n<div class=\"mt-3 w-full empty:hidden\">\n<div class=\"text-center\"><\/div>\n<\/div>\n<\/div>\n<\/div>\n<\/section>\n<\/div>\n<div class=\"pointer-events-none h-px w-px absolute bottom-0\" aria-hidden=\"true\" data-edge=\"true\"><\/div>\n<p>                    <!-- Originally published at https:\/\/euroweeklynews.com\/2026\/03\/25\/experience-mallorca-at-its-most-atmospheric-semana-santa-2026-guide\/ on 25 Mar 2026 at 12:10 by Lottie Verrier --><br \/>\n                    <!-- Article End -->\n                <\/div>\n","protected":false},"excerpt":{"rendered":"<p>Semana Santa p\u00e5 Mallorca er en av \u00f8yas mektigste og mest kulturelt rike tider p\u00e5<\/p>\n","protected":false},"author":1,"featured_media":16252,"comment_status":"closed","ping_status":"open","sticky":false,"template":"","format":"standard","meta":{"footnotes":""},"categories":[105],"tags":[7630,1567,2964,167,10540,81,9812,9811,7139],"class_list":["post-16251","post","type-post","status-publish","format-standard","has-post-thumbnail","hentry","category-livsstil","tag-atmosfaeriske","tag-guide","tag-mallorca","tag-mest","tag-opplev","tag-pa","tag-santa","tag-semana","tag-sitt","generate-columns","tablet-grid-50","mobile-grid-100","grid-parent","grid-33","resize-featured-image"],"yoast_head":"<!-- This site is optimized with the Yoast SEO plugin v24.4 - https:\/\/yoast.com\/wordpress\/plugins\/seo\/ -->\n<title>Opplev Mallorca p\u00e5 sitt mest atmosf\u00e6riske: Semana Santa 2026 Guide - Nordnesrepublikken<\/title>\n<meta name=\"robots\" content=\"index, follow, max-snippet:-1, max-image-preview:large, max-video-preview:-1\" \/>\n<link rel=\"canonical\" href=\"https:\/\/nordnesrepublikken.no\/index.php\/2026\/03\/26\/opplev-mallorca-pa-sitt-mest-atmosfaeriske-semana-santa-2026-guide\/\" \/>\n<meta property=\"og:locale\" content=\"nb_NO\" \/>\n<meta property=\"og:type\" content=\"article\" \/>\n<meta property=\"og:title\" content=\"Opplev Mallorca p\u00e5 sitt mest atmosf\u00e6riske: Semana Santa 2026 Guide - Nordnesrepublikken\" \/>\n<meta property=\"og:description\" content=\"Semana Santa p\u00e5 Mallorca er en av \u00f8yas mektigste og mest kulturelt rike tider p\u00e5\" \/>\n<meta property=\"og:url\" content=\"https:\/\/nordnesrepublikken.no\/index.php\/2026\/03\/26\/opplev-mallorca-pa-sitt-mest-atmosfaeriske-semana-santa-2026-guide\/\" \/>\n<meta property=\"og:site_name\" content=\"Nordnesrepublikken\" \/>\n<meta property=\"article:published_time\" content=\"2026-03-26T03:51:03+00:00\" \/>\n<meta property=\"article:modified_time\" content=\"2026-03-26T03:51:05+00:00\" \/>\n<meta property=\"og:image\" content=\"https:\/\/nordnesrepublikken.no\/wp-content\/uploads\/2026\/03\/1774497064_Opplev-Mallorca-pa-sitt-mest-atmosfaeriske-Semana-Santa-2026-Guide.jpg\" \/>\n\t<meta property=\"og:image:width\" content=\"1200\" \/>\n\t<meta property=\"og:image:height\" content=\"600\" \/>\n\t<meta property=\"og:image:type\" content=\"image\/jpeg\" \/>\n<meta name=\"author\" content=\"Ole Andersen\" \/>\n<meta name=\"twitter:card\" content=\"summary_large_image\" \/>\n<meta name=\"twitter:label1\" content=\"Skrevet av\" \/>\n\t<meta name=\"twitter:data1\" content=\"Ole Andersen\" \/>\n\t<meta name=\"twitter:label2\" content=\"Ansl. lesetid\" \/>\n\t<meta name=\"twitter:data2\" content=\"2 minutter\" \/>\n<script type=\"application\/ld+json\" class=\"yoast-schema-graph\">{\"@context\":\"https:\/\/schema.org\",\"@graph\":[{\"@type\":\"Article\",\"@id\":\"https:\/\/nordnesrepublikken.no\/index.php\/2026\/03\/26\/opplev-mallorca-pa-sitt-mest-atmosfaeriske-semana-santa-2026-guide\/#article\",\"isPartOf\":{\"@id\":\"https:\/\/nordnesrepublikken.no\/index.php\/2026\/03\/26\/opplev-mallorca-pa-sitt-mest-atmosfaeriske-semana-santa-2026-guide\/\"},\"author\":{\"name\":\"Ole Andersen\",\"@id\":\"https:\/\/nordnesrepublikken.no\/#\/schema\/person\/2e7e81935bab77882fffb79296240ff1\"},\"headline\":\"Opplev Mallorca p\u00e5 sitt mest atmosf\u00e6riske: Semana Santa 2026 Guide\",\"datePublished\":\"2026-03-26T03:51:03+00:00\",\"dateModified\":\"2026-03-26T03:51:05+00:00\",\"mainEntityOfPage\":{\"@id\":\"https:\/\/nordnesrepublikken.no\/index.php\/2026\/03\/26\/opplev-mallorca-pa-sitt-mest-atmosfaeriske-semana-santa-2026-guide\/\"},\"wordCount\":457,\"publisher\":{\"@id\":\"https:\/\/nordnesrepublikken.no\/#organization\"},\"image\":{\"@id\":\"https:\/\/nordnesrepublikken.no\/index.php\/2026\/03\/26\/opplev-mallorca-pa-sitt-mest-atmosfaeriske-semana-santa-2026-guide\/#primaryimage\"},\"thumbnailUrl\":\"https:\/\/nordnesrepublikken.no\/wp-content\/uploads\/2026\/03\/1774497064_Opplev-Mallorca-pa-sitt-mest-atmosfaeriske-Semana-Santa-2026-Guide.jpg\",\"keywords\":[\"atmosf\u00e6riske\",\"guide\",\"Mallorca\",\"mest\",\"Opplev\",\"p\u00e5\",\"Santa\",\"Semana\",\"sitt\"],\"articleSection\":[\"Livsstil\"],\"inLanguage\":\"nb-NO\"},{\"@type\":\"WebPage\",\"@id\":\"https:\/\/nordnesrepublikken.no\/index.php\/2026\/03\/26\/opplev-mallorca-pa-sitt-mest-atmosfaeriske-semana-santa-2026-guide\/\",\"url\":\"https:\/\/nordnesrepublikken.no\/index.php\/2026\/03\/26\/opplev-mallorca-pa-sitt-mest-atmosfaeriske-semana-santa-2026-guide\/\",\"name\":\"Opplev Mallorca p\u00e5 sitt mest atmosf\u00e6riske: Semana Santa 2026 Guide - Nordnesrepublikken\",\"isPartOf\":{\"@id\":\"https:\/\/nordnesrepublikken.no\/#website\"},\"primaryImageOfPage\":{\"@id\":\"https:\/\/nordnesrepublikken.no\/index.php\/2026\/03\/26\/opplev-mallorca-pa-sitt-mest-atmosfaeriske-semana-santa-2026-guide\/#primaryimage\"},\"image\":{\"@id\":\"https:\/\/nordnesrepublikken.no\/index.php\/2026\/03\/26\/opplev-mallorca-pa-sitt-mest-atmosfaeriske-semana-santa-2026-guide\/#primaryimage\"},\"thumbnailUrl\":\"https:\/\/nordnesrepublikken.no\/wp-content\/uploads\/2026\/03\/1774497064_Opplev-Mallorca-pa-sitt-mest-atmosfaeriske-Semana-Santa-2026-Guide.jpg\",\"datePublished\":\"2026-03-26T03:51:03+00:00\",\"dateModified\":\"2026-03-26T03:51:05+00:00\",\"breadcrumb\":{\"@id\":\"https:\/\/nordnesrepublikken.no\/index.php\/2026\/03\/26\/opplev-mallorca-pa-sitt-mest-atmosfaeriske-semana-santa-2026-guide\/#breadcrumb\"},\"inLanguage\":\"nb-NO\",\"potentialAction\":[{\"@type\":\"ReadAction\",\"target\":[\"https:\/\/nordnesrepublikken.no\/index.php\/2026\/03\/26\/opplev-mallorca-pa-sitt-mest-atmosfaeriske-semana-santa-2026-guide\/\"]}]},{\"@type\":\"ImageObject\",\"inLanguage\":\"nb-NO\",\"@id\":\"https:\/\/nordnesrepublikken.no\/index.php\/2026\/03\/26\/opplev-mallorca-pa-sitt-mest-atmosfaeriske-semana-santa-2026-guide\/#primaryimage\",\"url\":\"https:\/\/nordnesrepublikken.no\/wp-content\/uploads\/2026\/03\/1774497064_Opplev-Mallorca-pa-sitt-mest-atmosfaeriske-Semana-Santa-2026-Guide.jpg\",\"contentUrl\":\"https:\/\/nordnesrepublikken.no\/wp-content\/uploads\/2026\/03\/1774497064_Opplev-Mallorca-pa-sitt-mest-atmosfaeriske-Semana-Santa-2026-Guide.jpg\",\"width\":1200,\"height\":600,\"caption\":\"Opplev Mallorca p\u00e5 sitt mest atmosf\u00e6riske: Semana Santa 2026 Guide\"},{\"@type\":\"BreadcrumbList\",\"@id\":\"https:\/\/nordnesrepublikken.no\/index.php\/2026\/03\/26\/opplev-mallorca-pa-sitt-mest-atmosfaeriske-semana-santa-2026-guide\/#breadcrumb\",\"itemListElement\":[{\"@type\":\"ListItem\",\"position\":1,\"name\":\"Home\",\"item\":\"https:\/\/nordnesrepublikken.no\/\"},{\"@type\":\"ListItem\",\"position\":2,\"name\":\"Opplev Mallorca p\u00e5 sitt mest atmosf\u00e6riske: Semana Santa 2026 Guide\"}]},{\"@type\":\"WebSite\",\"@id\":\"https:\/\/nordnesrepublikken.no\/#website\",\"url\":\"https:\/\/nordnesrepublikken.no\/\",\"name\":\"Nordnesrepublikken\",\"description\":\"Stemmer og Visjoner fra Republikkens Hjerte\",\"publisher\":{\"@id\":\"https:\/\/nordnesrepublikken.no\/#organization\"},\"potentialAction\":[{\"@type\":\"SearchAction\",\"target\":{\"@type\":\"EntryPoint\",\"urlTemplate\":\"https:\/\/nordnesrepublikken.no\/?s={search_term_string}\"},\"query-input\":{\"@type\":\"PropertyValueSpecification\",\"valueRequired\":true,\"valueName\":\"search_term_string\"}}],\"inLanguage\":\"nb-NO\"},{\"@type\":\"Organization\",\"@id\":\"https:\/\/nordnesrepublikken.no\/#organization\",\"name\":\"Nordnesrepublikken\",\"url\":\"https:\/\/nordnesrepublikken.no\/\",\"logo\":{\"@type\":\"ImageObject\",\"inLanguage\":\"nb-NO\",\"@id\":\"https:\/\/nordnesrepublikken.no\/#\/schema\/logo\/image\/\",\"url\":\"https:\/\/nordnesrepublikken.no\/wp-content\/uploads\/2025\/02\/cropped-nordnesrepublikken-2.png\",\"contentUrl\":\"https:\/\/nordnesrepublikken.no\/wp-content\/uploads\/2025\/02\/cropped-nordnesrepublikken-2.png\",\"width\":1248,\"height\":362,\"caption\":\"Nordnesrepublikken\"},\"image\":{\"@id\":\"https:\/\/nordnesrepublikken.no\/#\/schema\/logo\/image\/\"}},{\"@type\":\"Person\",\"@id\":\"https:\/\/nordnesrepublikken.no\/#\/schema\/person\/2e7e81935bab77882fffb79296240ff1\",\"name\":\"Ole Andersen\",\"image\":{\"@type\":\"ImageObject\",\"inLanguage\":\"nb-NO\",\"@id\":\"https:\/\/nordnesrepublikken.no\/#\/schema\/person\/image\/\",\"url\":\"https:\/\/nordnesrepublikken.no\/wp-content\/uploads\/2025\/02\/nordnesrepublikken-2-2-150x150.jpg\",\"contentUrl\":\"https:\/\/nordnesrepublikken.no\/wp-content\/uploads\/2025\/02\/nordnesrepublikken-2-2-150x150.jpg\",\"caption\":\"Ole Andersen\"},\"description\":\"Ettersom jeg vokste opp i Oslo, har jeg alltid v\u00e6rt fascinert av ordenes kraft og deres evne til \u00e5 skape endringer. Etter \u00e5 ha fullf\u00f8rt min utdannelse i kommunikasjon ved Universitetet i Bergen, fikk jeg muligheten til \u00e5 jobbe innen ulike medier, der jeg har s\u00f8kt \u00e5 belyse viktige samfunnssp\u00f8rsm\u00e5l. I dag, som redakt\u00f8r for Nordnesrepublikken, pr\u00f8ver jeg \u00e5 forene min kj\u00e6rlighet for journalistikk med min lidenskap for innovasjon og eventyr.\",\"sameAs\":[\"https:\/\/nordnesrepublikken.no\/\"]}]}<\/script>\n<!-- \/ Yoast SEO plugin. -->","yoast_head_json":{"title":"Opplev Mallorca p\u00e5 sitt mest atmosf\u00e6riske: Semana Santa 2026 Guide - Nordnesrepublikken","robots":{"index":"index","follow":"follow","max-snippet":"max-snippet:-1","max-image-preview":"max-image-preview:large","max-video-preview":"max-video-preview:-1"},"canonical":"https:\/\/nordnesrepublikken.no\/index.php\/2026\/03\/26\/opplev-mallorca-pa-sitt-mest-atmosfaeriske-semana-santa-2026-guide\/","og_locale":"nb_NO","og_type":"article","og_title":"Opplev Mallorca p\u00e5 sitt mest atmosf\u00e6riske: Semana Santa 2026 Guide - Nordnesrepublikken","og_description":"Semana Santa p\u00e5 Mallorca er en av \u00f8yas mektigste og mest kulturelt rike tider p\u00e5","og_url":"https:\/\/nordnesrepublikken.no\/index.php\/2026\/03\/26\/opplev-mallorca-pa-sitt-mest-atmosfaeriske-semana-santa-2026-guide\/","og_site_name":"Nordnesrepublikken","article_published_time":"2026-03-26T03:51:03+00:00","article_modified_time":"2026-03-26T03:51:05+00:00","og_image":[{"width":1200,"height":600,"url":"https:\/\/nordnesrepublikken.no\/wp-content\/uploads\/2026\/03\/1774497064_Opplev-Mallorca-pa-sitt-mest-atmosfaeriske-Semana-Santa-2026-Guide.jpg","type":"image\/jpeg"}],"author":"Ole Andersen","twitter_card":"summary_large_image","twitter_misc":{"Skrevet av":"Ole Andersen","Ansl. lesetid":"2 minutter"},"schema":{"@context":"https:\/\/schema.org","@graph":[{"@type":"Article","@id":"https:\/\/nordnesrepublikken.no\/index.php\/2026\/03\/26\/opplev-mallorca-pa-sitt-mest-atmosfaeriske-semana-santa-2026-guide\/#article","isPartOf":{"@id":"https:\/\/nordnesrepublikken.no\/index.php\/2026\/03\/26\/opplev-mallorca-pa-sitt-mest-atmosfaeriske-semana-santa-2026-guide\/"},"author":{"name":"Ole Andersen","@id":"https:\/\/nordnesrepublikken.no\/#\/schema\/person\/2e7e81935bab77882fffb79296240ff1"},"headline":"Opplev Mallorca p\u00e5 sitt mest atmosf\u00e6riske: Semana Santa 2026 Guide","datePublished":"2026-03-26T03:51:03+00:00","dateModified":"2026-03-26T03:51:05+00:00","mainEntityOfPage":{"@id":"https:\/\/nordnesrepublikken.no\/index.php\/2026\/03\/26\/opplev-mallorca-pa-sitt-mest-atmosfaeriske-semana-santa-2026-guide\/"},"wordCount":457,"publisher":{"@id":"https:\/\/nordnesrepublikken.no\/#organization"},"image":{"@id":"https:\/\/nordnesrepublikken.no\/index.php\/2026\/03\/26\/opplev-mallorca-pa-sitt-mest-atmosfaeriske-semana-santa-2026-guide\/#primaryimage"},"thumbnailUrl":"https:\/\/nordnesrepublikken.no\/wp-content\/uploads\/2026\/03\/1774497064_Opplev-Mallorca-pa-sitt-mest-atmosfaeriske-Semana-Santa-2026-Guide.jpg","keywords":["atmosf\u00e6riske","guide","Mallorca","mest","Opplev","p\u00e5","Santa","Semana","sitt"],"articleSection":["Livsstil"],"inLanguage":"nb-NO"},{"@type":"WebPage","@id":"https:\/\/nordnesrepublikken.no\/index.php\/2026\/03\/26\/opplev-mallorca-pa-sitt-mest-atmosfaeriske-semana-santa-2026-guide\/","url":"https:\/\/nordnesrepublikken.no\/index.php\/2026\/03\/26\/opplev-mallorca-pa-sitt-mest-atmosfaeriske-semana-santa-2026-guide\/","name":"Opplev Mallorca p\u00e5 sitt mest atmosf\u00e6riske: Semana Santa 2026 Guide - Nordnesrepublikken","isPartOf":{"@id":"https:\/\/nordnesrepublikken.no\/#website"},"primaryImageOfPage":{"@id":"https:\/\/nordnesrepublikken.no\/index.php\/2026\/03\/26\/opplev-mallorca-pa-sitt-mest-atmosfaeriske-semana-santa-2026-guide\/#primaryimage"},"image":{"@id":"https:\/\/nordnesrepublikken.no\/index.php\/2026\/03\/26\/opplev-mallorca-pa-sitt-mest-atmosfaeriske-semana-santa-2026-guide\/#primaryimage"},"thumbnailUrl":"https:\/\/nordnesrepublikken.no\/wp-content\/uploads\/2026\/03\/1774497064_Opplev-Mallorca-pa-sitt-mest-atmosfaeriske-Semana-Santa-2026-Guide.jpg","datePublished":"2026-03-26T03:51:03+00:00","dateModified":"2026-03-26T03:51:05+00:00","breadcrumb":{"@id":"https:\/\/nordnesrepublikken.no\/index.php\/2026\/03\/26\/opplev-mallorca-pa-sitt-mest-atmosfaeriske-semana-santa-2026-guide\/#breadcrumb"},"inLanguage":"nb-NO","potentialAction":[{"@type":"ReadAction","target":["https:\/\/nordnesrepublikken.no\/index.php\/2026\/03\/26\/opplev-mallorca-pa-sitt-mest-atmosfaeriske-semana-santa-2026-guide\/"]}]},{"@type":"ImageObject","inLanguage":"nb-NO","@id":"https:\/\/nordnesrepublikken.no\/index.php\/2026\/03\/26\/opplev-mallorca-pa-sitt-mest-atmosfaeriske-semana-santa-2026-guide\/#primaryimage","url":"https:\/\/nordnesrepublikken.no\/wp-content\/uploads\/2026\/03\/1774497064_Opplev-Mallorca-pa-sitt-mest-atmosfaeriske-Semana-Santa-2026-Guide.jpg","contentUrl":"https:\/\/nordnesrepublikken.no\/wp-content\/uploads\/2026\/03\/1774497064_Opplev-Mallorca-pa-sitt-mest-atmosfaeriske-Semana-Santa-2026-Guide.jpg","width":1200,"height":600,"caption":"Opplev Mallorca p\u00e5 sitt mest atmosf\u00e6riske: Semana Santa 2026 Guide"},{"@type":"BreadcrumbList","@id":"https:\/\/nordnesrepublikken.no\/index.php\/2026\/03\/26\/opplev-mallorca-pa-sitt-mest-atmosfaeriske-semana-santa-2026-guide\/#breadcrumb","itemListElement":[{"@type":"ListItem","position":1,"name":"Home","item":"https:\/\/nordnesrepublikken.no\/"},{"@type":"ListItem","position":2,"name":"Opplev Mallorca p\u00e5 sitt mest atmosf\u00e6riske: Semana Santa 2026 Guide"}]},{"@type":"WebSite","@id":"https:\/\/nordnesrepublikken.no\/#website","url":"https:\/\/nordnesrepublikken.no\/","name":"Nordnesrepublikken","description":"Stemmer og Visjoner fra Republikkens Hjerte","publisher":{"@id":"https:\/\/nordnesrepublikken.no\/#organization"},"potentialAction":[{"@type":"SearchAction","target":{"@type":"EntryPoint","urlTemplate":"https:\/\/nordnesrepublikken.no\/?s={search_term_string}"},"query-input":{"@type":"PropertyValueSpecification","valueRequired":true,"valueName":"search_term_string"}}],"inLanguage":"nb-NO"},{"@type":"Organization","@id":"https:\/\/nordnesrepublikken.no\/#organization","name":"Nordnesrepublikken","url":"https:\/\/nordnesrepublikken.no\/","logo":{"@type":"ImageObject","inLanguage":"nb-NO","@id":"https:\/\/nordnesrepublikken.no\/#\/schema\/logo\/image\/","url":"https:\/\/nordnesrepublikken.no\/wp-content\/uploads\/2025\/02\/cropped-nordnesrepublikken-2.png","contentUrl":"https:\/\/nordnesrepublikken.no\/wp-content\/uploads\/2025\/02\/cropped-nordnesrepublikken-2.png","width":1248,"height":362,"caption":"Nordnesrepublikken"},"image":{"@id":"https:\/\/nordnesrepublikken.no\/#\/schema\/logo\/image\/"}},{"@type":"Person","@id":"https:\/\/nordnesrepublikken.no\/#\/schema\/person\/2e7e81935bab77882fffb79296240ff1","name":"Ole Andersen","image":{"@type":"ImageObject","inLanguage":"nb-NO","@id":"https:\/\/nordnesrepublikken.no\/#\/schema\/person\/image\/","url":"https:\/\/nordnesrepublikken.no\/wp-content\/uploads\/2025\/02\/nordnesrepublikken-2-2-150x150.jpg","contentUrl":"https:\/\/nordnesrepublikken.no\/wp-content\/uploads\/2025\/02\/nordnesrepublikken-2-2-150x150.jpg","caption":"Ole Andersen"},"description":"Ettersom jeg vokste opp i Oslo, har jeg alltid v\u00e6rt fascinert av ordenes kraft og deres evne til \u00e5 skape endringer. Etter \u00e5 ha fullf\u00f8rt min utdannelse i kommunikasjon ved Universitetet i Bergen, fikk jeg muligheten til \u00e5 jobbe innen ulike medier, der jeg har s\u00f8kt \u00e5 belyse viktige samfunnssp\u00f8rsm\u00e5l. I dag, som redakt\u00f8r for Nordnesrepublikken, pr\u00f8ver jeg \u00e5 forene min kj\u00e6rlighet for journalistikk med min lidenskap for innovasjon og eventyr.","sameAs":["https:\/\/nordnesrepublikken.no\/"]}]}},"_links":{"self":[{"href":"https:\/\/nordnesrepublikken.no\/index.php\/wp-json\/wp\/v2\/posts\/16251","targetHints":{"allow":["GET"]}}],"collection":[{"href":"https:\/\/nordnesrepublikken.no\/index.php\/wp-json\/wp\/v2\/posts"}],"about":[{"href":"https:\/\/nordnesrepublikken.no\/index.php\/wp-json\/wp\/v2\/types\/post"}],"author":[{"embeddable":true,"href":"https:\/\/nordnesrepublikken.no\/index.php\/wp-json\/wp\/v2\/users\/1"}],"replies":[{"embeddable":true,"href":"https:\/\/nordnesrepublikken.no\/index.php\/wp-json\/wp\/v2\/comments?post=16251"}],"version-history":[{"count":1,"href":"https:\/\/nordnesrepublikken.no\/index.php\/wp-json\/wp\/v2\/posts\/16251\/revisions"}],"predecessor-version":[{"id":16253,"href":"https:\/\/nordnesrepublikken.no\/index.php\/wp-json\/wp\/v2\/posts\/16251\/revisions\/16253"}],"wp:featuredmedia":[{"embeddable":true,"href":"https:\/\/nordnesrepublikken.no\/index.php\/wp-json\/wp\/v2\/media\/16252"}],"wp:attachment":[{"href":"https:\/\/nordnesrepublikken.no\/index.php\/wp-json\/wp\/v2\/media?parent=16251"}],"wp:term":[{"taxonomy":"category","embeddable":true,"href":"https:\/\/nordnesrepublikken.no\/index.php\/wp-json\/wp\/v2\/categories?post=16251"},{"taxonomy":"post_tag","embeddable":true,"href":"https:\/\/nordnesrepublikken.no\/index.php\/wp-json\/wp\/v2\/tags?post=16251"}],"curies":[{"name":"wp","href":"https:\/\/api.w.org\/{rel}","templated":true}]}}