{"id":16242,"date":"2026-03-25T21:50:45","date_gmt":"2026-03-25T20:50:45","guid":{"rendered":"https:\/\/nordnesrepublikken.no\/index.php\/2026\/03\/25\/mens-spania-markerer-pasken-i-stillhet-drikker-en-by-hele-natten\/"},"modified":"2026-03-25T21:50:46","modified_gmt":"2026-03-25T20:50:46","slug":"mens-spania-markerer-pasken-i-stillhet-drikker-en-by-hele-natten","status":"publish","type":"post","link":"https:\/\/nordnesrepublikken.no\/index.php\/2026\/03\/25\/mens-spania-markerer-pasken-i-stillhet-drikker-en-by-hele-natten\/","title":{"rendered":"Mens Spania markerer p\u00e5sken i stillhet, drikker \u00e9n by hele natten"},"content":{"rendered":"<div class=\"wordpress-content\">\n                    <!-- Article Start --><\/p>\n<p data-start=\"80\" data-end=\"531\">Det meste av Spania tilbringer p\u00e5sken i stillhet, men i Le\u00f3n bryter den stillheten sent torsdag kveld. Tusenvis samles i sentrum og drikker \u00e5penlyst, med t\u00f8nner med sterk brennevin passert gjennom folkemengden som en del av en tradisjon som f\u00f8les helt malplassert under Holy Week. Kjent som Genar\u00edn, utfolder den seg bare timer etter noen av landets mest h\u00f8ytidelige prosesjoner, og om morgenen drar mange rett fra nattens drikke til Encuentro, et av de mest symbolske religi\u00f8se \u00f8yeblikkene i hele uken. Kontrasten er sl\u00e5ende, og det er akkurat det som trekker publikum fra hele Nord-Spania hvert \u00e5r.<\/p>\n<p data-start=\"80\" data-end=\"531\">For et klarere blikk p\u00e5 hvordan Holy Week vanligvis utfolder seg over hele landet, se denne guiden til <span class=\"hover:entity-accent entity-underline inline cursor-pointer align-baseline\"><span class=\"whitespace-normal\">Semana Santa<\/span><\/span>  i Spania og som deltar hver dag.<\/p>\n<h2 data-section-id=\"3d3b7i\" data-start=\"533\" data-end=\"597\">En kveld som f\u00f8les helt annerledes enn resten av p\u00e5sken<\/h2>\n<p data-start=\"599\" data-end=\"933\">Jeg husker at jeg gikk gjennom byen den kvelden. Bare timer tidligere fulgte alt den kjente rytmen til <span class=\"hover:entity-accent entity-underline inline cursor-pointer align-baseline\"><span class=\"whitespace-normal\">Semana Santa<\/span><\/span>levende lys, stillhet og sakteg\u00e5ende prosesjoner. S\u00e5 sent p\u00e5 skj\u00e6rtorsdag skifter stemningen. Folk vender tilbake til gatene, og i l\u00f8pet av minutter endres stemningen fullstendig.<\/p>\n<div class=\"sra_unit\"><link rel=\"stylesheet\" id=\"block-sra\" href=\"https:\/\/euroweeklynews.com\/wp-content\/plugins\/snack-related-articles\/dist\/css\/snack-related.min.css?250312-193541\" type=\"text\/css\" media=\"all\">\n<\/div>\n<p data-start=\"977\" data-end=\"1176\">Gatene som f\u00f8ltes nesten frosne tidligere p\u00e5 kvelden blir plutselig h\u00f8ylytte og uforutsigbare. Det er ikke kaotisk p\u00e5 en tilfeldig m\u00e5te, men det er langt fra den kontrollerte stillheten man s\u00e5 bare timer f\u00f8r.<\/p>\n<h2 data-section-id=\"1qyvm8w\" data-start=\"1178\" data-end=\"1219\">Hvorfor folk drikker i gatene<\/h2>\n<p data-start=\"253\" data-end=\"535\">Genar\u00edn er bygget rundt en ekte historie. Genaro Blanco, en velkjent lokal skikkelse, d\u00f8de i 1929 etter \u00e5 ha blitt p\u00e5kj\u00f8rt av en s\u00f8ppelbil. Han var kjent lokalt for sin kj\u00e6rlighet til \u00e5 drikke, spesielt orujo, og if\u00f8lge historien hadde han drukket den natten da ulykken skjedde.<\/p>\n<p data-start=\"537\" data-end=\"695\">Med tiden ble historien hans en slags parodiprosesjon som speiler tradisjonelle p\u00e5skeritualer, men erstatter religi\u00f8se skikkelser med karakterer fra livet hans.<\/p>\n<p data-start=\"697\" data-end=\"968\">I stedet for \u00e5 b\u00e6re Kristus eller Jomfruen, b\u00e6rer de Genar\u00edn. Ved siden av ham ligger en t\u00f8nne med orujo, og den er ikke bare symbolsk. Den \u00e5pnes og sendes rundt mens folk beveger seg gjennom gamlebyen. Br\u00f8d, ost og appelsiner dukker opp langs ruten, delt mellom fremmede.<\/p>\n<h2 data-section-id=\"x79wxl\" data-start=\"1783\" data-end=\"1856\">Tusenvis av liter alkohol og bes\u00f8kende fra hele Nord-Spania<\/h2>\n<p data-start=\"1858\" data-end=\"2081\">Skalaen er det som overrasker de fleste. Dette er ikke en liten lokal samling lenger. Tusenvis av liter alkohol blir konsumert i l\u00f8pet av natten, og arrangementet tiltrekker seg n\u00e5 bes\u00f8kende fra hele Nord-Spania.<\/p>\n<p data-start=\"2083\" data-end=\"2305\">Folk reiser fra Asturias, Galicia og Cantabria for \u00e5 v\u00e6re der. Det som startet som en lokal tradisjon, fyller n\u00e5 Le\u00f3ns sentrum med folkemengder som vokser hvert \u00e5r, og gj\u00f8r det til en av de travleste nettene i byens kalender.<\/p>\n<h2 data-section-id=\"1pjgsxy\" data-start=\"2307\" data-end=\"2350\">\u00d8yeblikket alle husker, La Moncha<\/h2>\n<figure id=\"attachment_564836\" aria-describedby=\"caption-attachment-564836\" style=\"width: 1280px\" class=\"wp-caption alignnone\"><figcaption id=\"caption-attachment-564836\" class=\"wp-caption-text\">La Moncha, en n\u00f8kkelfigur i Genar\u00edn-tradisjonen, blir portrettert n\u00e5r han leser en avis under nattetoget i Le\u00f3n. Fotokreditt Wikimedia Commons \/ Oviraptor<\/figcaption><\/figure>\n<p data-start=\"2352\" data-end=\"2483\">Ett \u00f8yeblikk skiller seg alltid ut. En flott\u00f8r dukker opp med en kvinne som leser fra en overdimensjonert avis under fakkellys. Dette er La Moncha.<\/p>\n<p data-start=\"2485\" data-end=\"2739\">Jeg husker jeg spurte hva jeg s\u00e5 p\u00e5 f\u00f8rste gang. Hun var en ekte person, kvinnen som fant Genar\u00edn etter ulykken og dekket kroppen hans. I prosesjonen gjenskapes det \u00f8yeblikket p\u00e5 en m\u00e5te som er overdrevet og bevisst langt fra h\u00f8ytidelig.<\/p>\n<p data-start=\"2741\" data-end=\"2882\">Det er en scene som perfekt fanger nattens tone. Den f\u00f8lger en historie, men den nekter \u00e5 oppf\u00f8re seg som et tradisjonelt religi\u00f8st bilde.<\/p>\n<h2 data-section-id=\"1mw2ea5\" data-start=\"2884\" data-end=\"2943\">En prosesjon som speiler tradisjonen, men endrer tonen<\/h2>\n<p data-start=\"2945\" data-end=\"3121\">Etter hvert som natten fortsetter, blir strukturen klarere. Det er stopp der det leses dikt, noen ganger alvorlige, noen ganger \u00e5pent satiriske. Publikum lytter, s\u00e5 beveger seg igjen.<\/p>\n<p data-start=\"3123\" data-end=\"3298\">Det f\u00f8les organisert, men aldri kontrollert. Folk synger, drikker og ler mens de f\u00f8lger en rute som gjenspeiler de samme gatene som ble brukt av de offisielle prosesjonene tidligere samme dag.<\/p>\n<h2 data-section-id=\"1od2e5l\" data-start=\"3300\" data-end=\"3334\">Hvorfor det fortsetter \u00e5 vokse hvert \u00e5r<\/h2>\n<p data-start=\"3336\" data-end=\"3577\">Etter \u00e5 ha bodd i Le\u00f3n, slutter denne kontrasten aldri \u00e5 f\u00f8les merkelig. Du kan se en stille prosesjon om kvelden og s\u00e5, timer senere, finne deg selv omgitt av folk som deler drinker og f\u00f8lger en figur basert p\u00e5 en lokal legende.<\/p>\n<p data-start=\"3579\" data-end=\"3758\">Hoteller fylles opp p\u00e5 forh\u00e5nd, barer holder \u00e5pent til sent, og for lokale gjestfrihetsbedrifter er det en av de travleste og viktigste nettene i \u00e5ret. Samtidig fortsetter det \u00e5 dele meninger.<\/p>\n<p data-start=\"3760\" data-end=\"3933\">Noen ser det som et avbrekk fra det p\u00e5sken skal representere. Andre ser det som en del av Le\u00f3ns identitet, en blanding av historie, humor og uavhengighet som har overlevd i flere ti\u00e5r.<\/p>\n<h2 data-section-id=\"rxhln\" data-start=\"3935\" data-end=\"3986\">Den ene tingen som gj\u00f8r det umulig \u00e5 ignorere<\/h2>\n<p data-start=\"3988\" data-end=\"4148\">Det som blir med deg er ikke bare drikkingen eller skuespillet, men timingen. Det skjer ved siden av en av de mest seri\u00f8se religi\u00f8se tradisjonene i landet.<\/p>\n<p data-start=\"4150\" data-end=\"4248\" data-is-last-node=\"\" data-is-only-node=\"\">Den kontrasten er det som gj\u00f8r Genar\u00edn s\u00e5 annerledes, og hvorfor den fortsetter \u00e5 trekke folk tilbake hvert \u00e5r.<\/p>\n<p>                    <!-- Originally published at https:\/\/euroweeklynews.com\/2026\/03\/25\/while-spain-marks-easter-in-silence-one-city-drinks-all-night\/ on 25 Mar 2026 at 15:55 by Nazario Rodriguez --><br \/>\n                    <!-- Article End -->\n                <\/div>\n","protected":false},"excerpt":{"rendered":"<p>Det meste av Spania tilbringer p\u00e5sken i stillhet, men i Le\u00f3n bryter den stillheten sent<\/p>\n","protected":false},"author":1,"featured_media":16243,"comment_status":"closed","ping_status":"open","sticky":false,"template":"","format":"standard","meta":{"footnotes":""},"categories":[105],"tags":[6663,5284,3372,3236,2088,3865,1056,529,10537],"class_list":["post-16242","post","type-post","status-publish","format-standard","has-post-thumbnail","hentry","category-livsstil","tag-drikker","tag-en","tag-hele","tag-markerer","tag-mens","tag-natten","tag-pasken","tag-spania","tag-stillhet","generate-columns","tablet-grid-50","mobile-grid-100","grid-parent","grid-33","resize-featured-image"],"yoast_head":"<!-- This site is optimized with the Yoast SEO plugin v24.4 - https:\/\/yoast.com\/wordpress\/plugins\/seo\/ -->\n<title>Mens Spania markerer p\u00e5sken i stillhet, drikker \u00e9n by hele natten - Nordnesrepublikken<\/title>\n<meta name=\"robots\" content=\"index, follow, max-snippet:-1, max-image-preview:large, max-video-preview:-1\" \/>\n<link rel=\"canonical\" href=\"https:\/\/nordnesrepublikken.no\/index.php\/2026\/03\/25\/mens-spania-markerer-pasken-i-stillhet-drikker-en-by-hele-natten\/\" \/>\n<meta property=\"og:locale\" content=\"nb_NO\" \/>\n<meta property=\"og:type\" content=\"article\" \/>\n<meta property=\"og:title\" content=\"Mens Spania markerer p\u00e5sken i stillhet, drikker \u00e9n by hele natten - Nordnesrepublikken\" \/>\n<meta property=\"og:description\" content=\"Det meste av Spania tilbringer p\u00e5sken i stillhet, men i Le\u00f3n bryter den stillheten sent\" \/>\n<meta property=\"og:url\" content=\"https:\/\/nordnesrepublikken.no\/index.php\/2026\/03\/25\/mens-spania-markerer-pasken-i-stillhet-drikker-en-by-hele-natten\/\" \/>\n<meta property=\"og:site_name\" content=\"Nordnesrepublikken\" \/>\n<meta property=\"article:published_time\" content=\"2026-03-25T20:50:45+00:00\" \/>\n<meta property=\"article:modified_time\" content=\"2026-03-25T20:50:46+00:00\" \/>\n<meta property=\"og:image\" content=\"https:\/\/nordnesrepublikken.no\/wp-content\/uploads\/2026\/03\/1774471845_Mens-Spania-markerer-pasken-i-stillhet-drikker-en-by-hele.jpg\" \/>\n\t<meta property=\"og:image:width\" content=\"1200\" \/>\n\t<meta property=\"og:image:height\" content=\"799\" \/>\n\t<meta property=\"og:image:type\" content=\"image\/jpeg\" \/>\n<meta name=\"author\" content=\"Ole Andersen\" \/>\n<meta name=\"twitter:card\" content=\"summary_large_image\" \/>\n<meta name=\"twitter:label1\" content=\"Skrevet av\" \/>\n\t<meta name=\"twitter:data1\" content=\"Ole Andersen\" \/>\n\t<meta name=\"twitter:label2\" content=\"Ansl. lesetid\" \/>\n\t<meta name=\"twitter:data2\" content=\"4 minutter\" \/>\n<script type=\"application\/ld+json\" class=\"yoast-schema-graph\">{\"@context\":\"https:\/\/schema.org\",\"@graph\":[{\"@type\":\"Article\",\"@id\":\"https:\/\/nordnesrepublikken.no\/index.php\/2026\/03\/25\/mens-spania-markerer-pasken-i-stillhet-drikker-en-by-hele-natten\/#article\",\"isPartOf\":{\"@id\":\"https:\/\/nordnesrepublikken.no\/index.php\/2026\/03\/25\/mens-spania-markerer-pasken-i-stillhet-drikker-en-by-hele-natten\/\"},\"author\":{\"name\":\"Ole Andersen\",\"@id\":\"https:\/\/nordnesrepublikken.no\/#\/schema\/person\/2e7e81935bab77882fffb79296240ff1\"},\"headline\":\"Mens Spania markerer p\u00e5sken i stillhet, drikker \u00e9n by hele natten\",\"datePublished\":\"2026-03-25T20:50:45+00:00\",\"dateModified\":\"2026-03-25T20:50:46+00:00\",\"mainEntityOfPage\":{\"@id\":\"https:\/\/nordnesrepublikken.no\/index.php\/2026\/03\/25\/mens-spania-markerer-pasken-i-stillhet-drikker-en-by-hele-natten\/\"},\"wordCount\":832,\"publisher\":{\"@id\":\"https:\/\/nordnesrepublikken.no\/#organization\"},\"image\":{\"@id\":\"https:\/\/nordnesrepublikken.no\/index.php\/2026\/03\/25\/mens-spania-markerer-pasken-i-stillhet-drikker-en-by-hele-natten\/#primaryimage\"},\"thumbnailUrl\":\"https:\/\/nordnesrepublikken.no\/wp-content\/uploads\/2026\/03\/1774471845_Mens-Spania-markerer-pasken-i-stillhet-drikker-en-by-hele.jpg\",\"keywords\":[\"drikker\",\"\u00c9n\",\"hele\",\"markerer\",\"mens\",\"natten\",\"P\u00e5sken\",\"Spania\",\"stillhet\"],\"articleSection\":[\"Livsstil\"],\"inLanguage\":\"nb-NO\"},{\"@type\":\"WebPage\",\"@id\":\"https:\/\/nordnesrepublikken.no\/index.php\/2026\/03\/25\/mens-spania-markerer-pasken-i-stillhet-drikker-en-by-hele-natten\/\",\"url\":\"https:\/\/nordnesrepublikken.no\/index.php\/2026\/03\/25\/mens-spania-markerer-pasken-i-stillhet-drikker-en-by-hele-natten\/\",\"name\":\"Mens Spania markerer p\u00e5sken i stillhet, drikker \u00e9n by hele natten - Nordnesrepublikken\",\"isPartOf\":{\"@id\":\"https:\/\/nordnesrepublikken.no\/#website\"},\"primaryImageOfPage\":{\"@id\":\"https:\/\/nordnesrepublikken.no\/index.php\/2026\/03\/25\/mens-spania-markerer-pasken-i-stillhet-drikker-en-by-hele-natten\/#primaryimage\"},\"image\":{\"@id\":\"https:\/\/nordnesrepublikken.no\/index.php\/2026\/03\/25\/mens-spania-markerer-pasken-i-stillhet-drikker-en-by-hele-natten\/#primaryimage\"},\"thumbnailUrl\":\"https:\/\/nordnesrepublikken.no\/wp-content\/uploads\/2026\/03\/1774471845_Mens-Spania-markerer-pasken-i-stillhet-drikker-en-by-hele.jpg\",\"datePublished\":\"2026-03-25T20:50:45+00:00\",\"dateModified\":\"2026-03-25T20:50:46+00:00\",\"breadcrumb\":{\"@id\":\"https:\/\/nordnesrepublikken.no\/index.php\/2026\/03\/25\/mens-spania-markerer-pasken-i-stillhet-drikker-en-by-hele-natten\/#breadcrumb\"},\"inLanguage\":\"nb-NO\",\"potentialAction\":[{\"@type\":\"ReadAction\",\"target\":[\"https:\/\/nordnesrepublikken.no\/index.php\/2026\/03\/25\/mens-spania-markerer-pasken-i-stillhet-drikker-en-by-hele-natten\/\"]}]},{\"@type\":\"ImageObject\",\"inLanguage\":\"nb-NO\",\"@id\":\"https:\/\/nordnesrepublikken.no\/index.php\/2026\/03\/25\/mens-spania-markerer-pasken-i-stillhet-drikker-en-by-hele-natten\/#primaryimage\",\"url\":\"https:\/\/nordnesrepublikken.no\/wp-content\/uploads\/2026\/03\/1774471845_Mens-Spania-markerer-pasken-i-stillhet-drikker-en-by-hele.jpg\",\"contentUrl\":\"https:\/\/nordnesrepublikken.no\/wp-content\/uploads\/2026\/03\/1774471845_Mens-Spania-markerer-pasken-i-stillhet-drikker-en-by-hele.jpg\",\"width\":1200,\"height\":799,\"caption\":\"Mens Spania markerer p\u00e5sken i stillhet, drikker \u00e9n by hele natten\"},{\"@type\":\"BreadcrumbList\",\"@id\":\"https:\/\/nordnesrepublikken.no\/index.php\/2026\/03\/25\/mens-spania-markerer-pasken-i-stillhet-drikker-en-by-hele-natten\/#breadcrumb\",\"itemListElement\":[{\"@type\":\"ListItem\",\"position\":1,\"name\":\"Home\",\"item\":\"https:\/\/nordnesrepublikken.no\/\"},{\"@type\":\"ListItem\",\"position\":2,\"name\":\"Mens Spania markerer p\u00e5sken i stillhet, drikker \u00e9n by hele natten\"}]},{\"@type\":\"WebSite\",\"@id\":\"https:\/\/nordnesrepublikken.no\/#website\",\"url\":\"https:\/\/nordnesrepublikken.no\/\",\"name\":\"Nordnesrepublikken\",\"description\":\"Stemmer og Visjoner fra Republikkens Hjerte\",\"publisher\":{\"@id\":\"https:\/\/nordnesrepublikken.no\/#organization\"},\"potentialAction\":[{\"@type\":\"SearchAction\",\"target\":{\"@type\":\"EntryPoint\",\"urlTemplate\":\"https:\/\/nordnesrepublikken.no\/?s={search_term_string}\"},\"query-input\":{\"@type\":\"PropertyValueSpecification\",\"valueRequired\":true,\"valueName\":\"search_term_string\"}}],\"inLanguage\":\"nb-NO\"},{\"@type\":\"Organization\",\"@id\":\"https:\/\/nordnesrepublikken.no\/#organization\",\"name\":\"Nordnesrepublikken\",\"url\":\"https:\/\/nordnesrepublikken.no\/\",\"logo\":{\"@type\":\"ImageObject\",\"inLanguage\":\"nb-NO\",\"@id\":\"https:\/\/nordnesrepublikken.no\/#\/schema\/logo\/image\/\",\"url\":\"https:\/\/nordnesrepublikken.no\/wp-content\/uploads\/2025\/02\/cropped-nordnesrepublikken-2.png\",\"contentUrl\":\"https:\/\/nordnesrepublikken.no\/wp-content\/uploads\/2025\/02\/cropped-nordnesrepublikken-2.png\",\"width\":1248,\"height\":362,\"caption\":\"Nordnesrepublikken\"},\"image\":{\"@id\":\"https:\/\/nordnesrepublikken.no\/#\/schema\/logo\/image\/\"}},{\"@type\":\"Person\",\"@id\":\"https:\/\/nordnesrepublikken.no\/#\/schema\/person\/2e7e81935bab77882fffb79296240ff1\",\"name\":\"Ole Andersen\",\"image\":{\"@type\":\"ImageObject\",\"inLanguage\":\"nb-NO\",\"@id\":\"https:\/\/nordnesrepublikken.no\/#\/schema\/person\/image\/\",\"url\":\"https:\/\/nordnesrepublikken.no\/wp-content\/uploads\/2025\/02\/nordnesrepublikken-2-2-150x150.jpg\",\"contentUrl\":\"https:\/\/nordnesrepublikken.no\/wp-content\/uploads\/2025\/02\/nordnesrepublikken-2-2-150x150.jpg\",\"caption\":\"Ole Andersen\"},\"description\":\"Ettersom jeg vokste opp i Oslo, har jeg alltid v\u00e6rt fascinert av ordenes kraft og deres evne til \u00e5 skape endringer. Etter \u00e5 ha fullf\u00f8rt min utdannelse i kommunikasjon ved Universitetet i Bergen, fikk jeg muligheten til \u00e5 jobbe innen ulike medier, der jeg har s\u00f8kt \u00e5 belyse viktige samfunnssp\u00f8rsm\u00e5l. I dag, som redakt\u00f8r for Nordnesrepublikken, pr\u00f8ver jeg \u00e5 forene min kj\u00e6rlighet for journalistikk med min lidenskap for innovasjon og eventyr.\",\"sameAs\":[\"https:\/\/nordnesrepublikken.no\/\"]}]}<\/script>\n<!-- \/ Yoast SEO plugin. -->","yoast_head_json":{"title":"Mens Spania markerer p\u00e5sken i stillhet, drikker \u00e9n by hele natten - Nordnesrepublikken","robots":{"index":"index","follow":"follow","max-snippet":"max-snippet:-1","max-image-preview":"max-image-preview:large","max-video-preview":"max-video-preview:-1"},"canonical":"https:\/\/nordnesrepublikken.no\/index.php\/2026\/03\/25\/mens-spania-markerer-pasken-i-stillhet-drikker-en-by-hele-natten\/","og_locale":"nb_NO","og_type":"article","og_title":"Mens Spania markerer p\u00e5sken i stillhet, drikker \u00e9n by hele natten - Nordnesrepublikken","og_description":"Det meste av Spania tilbringer p\u00e5sken i stillhet, men i Le\u00f3n bryter den stillheten sent","og_url":"https:\/\/nordnesrepublikken.no\/index.php\/2026\/03\/25\/mens-spania-markerer-pasken-i-stillhet-drikker-en-by-hele-natten\/","og_site_name":"Nordnesrepublikken","article_published_time":"2026-03-25T20:50:45+00:00","article_modified_time":"2026-03-25T20:50:46+00:00","og_image":[{"width":1200,"height":799,"url":"https:\/\/nordnesrepublikken.no\/wp-content\/uploads\/2026\/03\/1774471845_Mens-Spania-markerer-pasken-i-stillhet-drikker-en-by-hele.jpg","type":"image\/jpeg"}],"author":"Ole Andersen","twitter_card":"summary_large_image","twitter_misc":{"Skrevet av":"Ole Andersen","Ansl. lesetid":"4 minutter"},"schema":{"@context":"https:\/\/schema.org","@graph":[{"@type":"Article","@id":"https:\/\/nordnesrepublikken.no\/index.php\/2026\/03\/25\/mens-spania-markerer-pasken-i-stillhet-drikker-en-by-hele-natten\/#article","isPartOf":{"@id":"https:\/\/nordnesrepublikken.no\/index.php\/2026\/03\/25\/mens-spania-markerer-pasken-i-stillhet-drikker-en-by-hele-natten\/"},"author":{"name":"Ole Andersen","@id":"https:\/\/nordnesrepublikken.no\/#\/schema\/person\/2e7e81935bab77882fffb79296240ff1"},"headline":"Mens Spania markerer p\u00e5sken i stillhet, drikker \u00e9n by hele natten","datePublished":"2026-03-25T20:50:45+00:00","dateModified":"2026-03-25T20:50:46+00:00","mainEntityOfPage":{"@id":"https:\/\/nordnesrepublikken.no\/index.php\/2026\/03\/25\/mens-spania-markerer-pasken-i-stillhet-drikker-en-by-hele-natten\/"},"wordCount":832,"publisher":{"@id":"https:\/\/nordnesrepublikken.no\/#organization"},"image":{"@id":"https:\/\/nordnesrepublikken.no\/index.php\/2026\/03\/25\/mens-spania-markerer-pasken-i-stillhet-drikker-en-by-hele-natten\/#primaryimage"},"thumbnailUrl":"https:\/\/nordnesrepublikken.no\/wp-content\/uploads\/2026\/03\/1774471845_Mens-Spania-markerer-pasken-i-stillhet-drikker-en-by-hele.jpg","keywords":["drikker","\u00c9n","hele","markerer","mens","natten","P\u00e5sken","Spania","stillhet"],"articleSection":["Livsstil"],"inLanguage":"nb-NO"},{"@type":"WebPage","@id":"https:\/\/nordnesrepublikken.no\/index.php\/2026\/03\/25\/mens-spania-markerer-pasken-i-stillhet-drikker-en-by-hele-natten\/","url":"https:\/\/nordnesrepublikken.no\/index.php\/2026\/03\/25\/mens-spania-markerer-pasken-i-stillhet-drikker-en-by-hele-natten\/","name":"Mens Spania markerer p\u00e5sken i stillhet, drikker \u00e9n by hele natten - Nordnesrepublikken","isPartOf":{"@id":"https:\/\/nordnesrepublikken.no\/#website"},"primaryImageOfPage":{"@id":"https:\/\/nordnesrepublikken.no\/index.php\/2026\/03\/25\/mens-spania-markerer-pasken-i-stillhet-drikker-en-by-hele-natten\/#primaryimage"},"image":{"@id":"https:\/\/nordnesrepublikken.no\/index.php\/2026\/03\/25\/mens-spania-markerer-pasken-i-stillhet-drikker-en-by-hele-natten\/#primaryimage"},"thumbnailUrl":"https:\/\/nordnesrepublikken.no\/wp-content\/uploads\/2026\/03\/1774471845_Mens-Spania-markerer-pasken-i-stillhet-drikker-en-by-hele.jpg","datePublished":"2026-03-25T20:50:45+00:00","dateModified":"2026-03-25T20:50:46+00:00","breadcrumb":{"@id":"https:\/\/nordnesrepublikken.no\/index.php\/2026\/03\/25\/mens-spania-markerer-pasken-i-stillhet-drikker-en-by-hele-natten\/#breadcrumb"},"inLanguage":"nb-NO","potentialAction":[{"@type":"ReadAction","target":["https:\/\/nordnesrepublikken.no\/index.php\/2026\/03\/25\/mens-spania-markerer-pasken-i-stillhet-drikker-en-by-hele-natten\/"]}]},{"@type":"ImageObject","inLanguage":"nb-NO","@id":"https:\/\/nordnesrepublikken.no\/index.php\/2026\/03\/25\/mens-spania-markerer-pasken-i-stillhet-drikker-en-by-hele-natten\/#primaryimage","url":"https:\/\/nordnesrepublikken.no\/wp-content\/uploads\/2026\/03\/1774471845_Mens-Spania-markerer-pasken-i-stillhet-drikker-en-by-hele.jpg","contentUrl":"https:\/\/nordnesrepublikken.no\/wp-content\/uploads\/2026\/03\/1774471845_Mens-Spania-markerer-pasken-i-stillhet-drikker-en-by-hele.jpg","width":1200,"height":799,"caption":"Mens Spania markerer p\u00e5sken i stillhet, drikker \u00e9n by hele natten"},{"@type":"BreadcrumbList","@id":"https:\/\/nordnesrepublikken.no\/index.php\/2026\/03\/25\/mens-spania-markerer-pasken-i-stillhet-drikker-en-by-hele-natten\/#breadcrumb","itemListElement":[{"@type":"ListItem","position":1,"name":"Home","item":"https:\/\/nordnesrepublikken.no\/"},{"@type":"ListItem","position":2,"name":"Mens Spania markerer p\u00e5sken i stillhet, drikker \u00e9n by hele natten"}]},{"@type":"WebSite","@id":"https:\/\/nordnesrepublikken.no\/#website","url":"https:\/\/nordnesrepublikken.no\/","name":"Nordnesrepublikken","description":"Stemmer og Visjoner fra Republikkens Hjerte","publisher":{"@id":"https:\/\/nordnesrepublikken.no\/#organization"},"potentialAction":[{"@type":"SearchAction","target":{"@type":"EntryPoint","urlTemplate":"https:\/\/nordnesrepublikken.no\/?s={search_term_string}"},"query-input":{"@type":"PropertyValueSpecification","valueRequired":true,"valueName":"search_term_string"}}],"inLanguage":"nb-NO"},{"@type":"Organization","@id":"https:\/\/nordnesrepublikken.no\/#organization","name":"Nordnesrepublikken","url":"https:\/\/nordnesrepublikken.no\/","logo":{"@type":"ImageObject","inLanguage":"nb-NO","@id":"https:\/\/nordnesrepublikken.no\/#\/schema\/logo\/image\/","url":"https:\/\/nordnesrepublikken.no\/wp-content\/uploads\/2025\/02\/cropped-nordnesrepublikken-2.png","contentUrl":"https:\/\/nordnesrepublikken.no\/wp-content\/uploads\/2025\/02\/cropped-nordnesrepublikken-2.png","width":1248,"height":362,"caption":"Nordnesrepublikken"},"image":{"@id":"https:\/\/nordnesrepublikken.no\/#\/schema\/logo\/image\/"}},{"@type":"Person","@id":"https:\/\/nordnesrepublikken.no\/#\/schema\/person\/2e7e81935bab77882fffb79296240ff1","name":"Ole Andersen","image":{"@type":"ImageObject","inLanguage":"nb-NO","@id":"https:\/\/nordnesrepublikken.no\/#\/schema\/person\/image\/","url":"https:\/\/nordnesrepublikken.no\/wp-content\/uploads\/2025\/02\/nordnesrepublikken-2-2-150x150.jpg","contentUrl":"https:\/\/nordnesrepublikken.no\/wp-content\/uploads\/2025\/02\/nordnesrepublikken-2-2-150x150.jpg","caption":"Ole Andersen"},"description":"Ettersom jeg vokste opp i Oslo, har jeg alltid v\u00e6rt fascinert av ordenes kraft og deres evne til \u00e5 skape endringer. Etter \u00e5 ha fullf\u00f8rt min utdannelse i kommunikasjon ved Universitetet i Bergen, fikk jeg muligheten til \u00e5 jobbe innen ulike medier, der jeg har s\u00f8kt \u00e5 belyse viktige samfunnssp\u00f8rsm\u00e5l. I dag, som redakt\u00f8r for Nordnesrepublikken, pr\u00f8ver jeg \u00e5 forene min kj\u00e6rlighet for journalistikk med min lidenskap for innovasjon og eventyr.","sameAs":["https:\/\/nordnesrepublikken.no\/"]}]}},"_links":{"self":[{"href":"https:\/\/nordnesrepublikken.no\/index.php\/wp-json\/wp\/v2\/posts\/16242","targetHints":{"allow":["GET"]}}],"collection":[{"href":"https:\/\/nordnesrepublikken.no\/index.php\/wp-json\/wp\/v2\/posts"}],"about":[{"href":"https:\/\/nordnesrepublikken.no\/index.php\/wp-json\/wp\/v2\/types\/post"}],"author":[{"embeddable":true,"href":"https:\/\/nordnesrepublikken.no\/index.php\/wp-json\/wp\/v2\/users\/1"}],"replies":[{"embeddable":true,"href":"https:\/\/nordnesrepublikken.no\/index.php\/wp-json\/wp\/v2\/comments?post=16242"}],"version-history":[{"count":1,"href":"https:\/\/nordnesrepublikken.no\/index.php\/wp-json\/wp\/v2\/posts\/16242\/revisions"}],"predecessor-version":[{"id":16244,"href":"https:\/\/nordnesrepublikken.no\/index.php\/wp-json\/wp\/v2\/posts\/16242\/revisions\/16244"}],"wp:featuredmedia":[{"embeddable":true,"href":"https:\/\/nordnesrepublikken.no\/index.php\/wp-json\/wp\/v2\/media\/16243"}],"wp:attachment":[{"href":"https:\/\/nordnesrepublikken.no\/index.php\/wp-json\/wp\/v2\/media?parent=16242"}],"wp:term":[{"taxonomy":"category","embeddable":true,"href":"https:\/\/nordnesrepublikken.no\/index.php\/wp-json\/wp\/v2\/categories?post=16242"},{"taxonomy":"post_tag","embeddable":true,"href":"https:\/\/nordnesrepublikken.no\/index.php\/wp-json\/wp\/v2\/tags?post=16242"}],"curies":[{"name":"wp","href":"https:\/\/api.w.org\/{rel}","templated":true}]}}