{"id":16224,"date":"2026-03-25T11:50:40","date_gmt":"2026-03-25T10:50:40","guid":{"rendered":"https:\/\/nordnesrepublikken.no\/index.php\/2026\/03\/25\/jordskjelv-i-provinsen-massa-carrara-med-styrke-40-episenter-i-fosdinovo\/"},"modified":"2026-03-25T11:50:41","modified_gmt":"2026-03-25T10:50:41","slug":"jordskjelv-i-provinsen-massa-carrara-med-styrke-40-episenter-i-fosdinovo","status":"publish","type":"post","link":"https:\/\/nordnesrepublikken.no\/index.php\/2026\/03\/25\/jordskjelv-i-provinsen-massa-carrara-med-styrke-40-episenter-i-fosdinovo\/","title":{"rendered":"Jordskjelv i provinsen Massa-Carrara med styrke 4,0, episenter i Fosdinovo"},"content":{"rendered":"<div>\n<div class=\"cp_wrapper cp_wrapper--fw mb-30 mb-20@tablet\">\n<figure class=\"mm\"><picture class=\"img\" style=\"padding-top:56.25%\"><source  media=\"(min-width: 1024px)\"><source  media=\"(min-width: 768px)\"><\/source><\/source><\/picture><\/figure>\n<\/p><\/div>\n<p>Et sjokk av <b>jordskjelv <\/b>Av<b> styrke 4,0 <\/b>treffer <b>provinsen Massa-Carrara<\/b>i Toscana, i dag 25. mars kl <strong>08:13.<\/strong> I f\u00f8lge det som ble registrert av INGV, var episenteret lokalisert 3 km nord-\u00f8st for <strong>Fosdinovo<\/strong>en by med omtrent 4800 innbyggere <strong>9 km<\/strong> nord <strong>av Carrara<\/strong> ea <strong>15 km<\/strong> nord for <strong>Masse<\/strong>. Hyposenteret ble imidlertid oppdaget kl<strong> 11 km dyp.<\/strong><\/p>\n<p>Sjokket ble f\u00f8lt tydelig i hele omr\u00e5det: if\u00f8lge de f\u00f8rste rapportene var det et jordskjelv <strong>oppfattet s\u00e5 langt som til La Spezia<\/strong> (som ligger bare 18 km fra episenteret), men ogs\u00e5 opp til <strong>Genova<\/strong>, <strong>Lucca<\/strong> og p\u00e5 forskjellige steder i Lunigiana og Garfagnana.<\/p>\n<p>For \u00f8yeblikket derimot, <strong>ingen spesiell skade ble rapportert<\/strong> til bygninger eller mennesker. Brannvesenets sentralbord meldte imidlertid om en \u00f8kning i oppringninger fra lokalbefolkningen som ber om mer informasjon og r\u00e5d. Av f\u00f8re-var-grunner, noen <strong>utdanningsinstitusjoner<\/strong> de var <strong>lukket.<\/strong><\/p>\n<p>Fra et geologisk synspunkt er provinsen Massa-Carrara klassifisert som<strong> seismisk sone 3<\/strong>som indikerer en lav seismisk fare, hvor det imidlertid ogs\u00e5 kan registreres sterke jordskjelv, selv om de er sjeldne.<\/p>\n<p>Denne klassifiseringen bekreftes ogs\u00e5 av <strong>historisk jordskjelvkart<\/strong> publisert av INGV, vist nedenfor: de forskjellige rutene representerer episentrene til tidligere jordskjelv. Jo st\u00f8rre og r\u00f8dere de er, jo mer intenst var jordskjelvet. Som du kan se, er det i Fosdinovo-omr\u00e5det \u2013 episenteret for dagens sjokk \u2013 registrert jordskjelv med relativt lav styrke siden \u00e5r 1000, med unntak av jordskjelvet med en styrke p\u00e5 6,4 som skjedde i 1920, som for\u00e5rsaket over 170 skader.<\/p>\n<div class=\"cp_wrapper cp_wrapper--fw mb-50\">\n<figure class=\"mm\"><picture class=\"img\" style=\"padding-top:115.25%\"><source  media=\"(min-width: 1024px)\"><source  media=\"(min-width: 768px)\"><img decoding=\"async\" loading=\"lazy\" src=\"https:\/\/nordnesrepublikken.no\/wp-content\/uploads\/2026\/03\/1774435840_432_Jordskjelv-i-provinsen-Massa-Carrara-med-styrke-40-episenter-i-Fosdinovo.jpg\" alt=\"seismisitet-massa-carrara\" width=\"1200\" height=\"1383\"\/><\/source><\/source><\/picture><\/figure>\n<\/p><\/div>\n<\/p><\/div>\n","protected":false},"excerpt":{"rendered":"<p>Et sjokk av jordskjelv Av styrke 4,0 treffer provinsen Massa-Carrarai Toscana, i dag 25. mars<\/p>\n","protected":false},"author":1,"featured_media":16225,"comment_status":"closed","ping_status":"open","sticky":false,"template":"","format":"standard","meta":{"footnotes":""},"categories":[24],"tags":[2076,10528,137,10527,79,2073,6954],"class_list":["post-16224","post","type-post","status-publish","format-standard","has-post-thumbnail","hentry","category-vitenskap","tag-episenter","tag-fosdinovo","tag-jordskjelv","tag-massacarrara","tag-med","tag-provinsen","tag-styrke","generate-columns","tablet-grid-50","mobile-grid-100","grid-parent","grid-33","resize-featured-image"],"yoast_head":"<!-- This site is optimized with the Yoast SEO plugin v24.4 - https:\/\/yoast.com\/wordpress\/plugins\/seo\/ -->\n<title>Jordskjelv i provinsen Massa-Carrara med styrke 4,0, episenter i Fosdinovo - Nordnesrepublikken<\/title>\n<meta name=\"robots\" content=\"index, follow, max-snippet:-1, max-image-preview:large, max-video-preview:-1\" \/>\n<link rel=\"canonical\" href=\"https:\/\/nordnesrepublikken.no\/index.php\/2026\/03\/25\/jordskjelv-i-provinsen-massa-carrara-med-styrke-40-episenter-i-fosdinovo\/\" \/>\n<meta property=\"og:locale\" content=\"nb_NO\" \/>\n<meta property=\"og:type\" content=\"article\" \/>\n<meta property=\"og:title\" content=\"Jordskjelv i provinsen Massa-Carrara med styrke 4,0, episenter i Fosdinovo - Nordnesrepublikken\" \/>\n<meta property=\"og:description\" content=\"Et sjokk av jordskjelv Av styrke 4,0 treffer provinsen Massa-Carrarai Toscana, i dag 25. mars\" \/>\n<meta property=\"og:url\" content=\"https:\/\/nordnesrepublikken.no\/index.php\/2026\/03\/25\/jordskjelv-i-provinsen-massa-carrara-med-styrke-40-episenter-i-fosdinovo\/\" \/>\n<meta property=\"og:site_name\" content=\"Nordnesrepublikken\" \/>\n<meta property=\"article:published_time\" content=\"2026-03-25T10:50:40+00:00\" \/>\n<meta property=\"article:modified_time\" content=\"2026-03-25T10:50:41+00:00\" \/>\n<meta property=\"og:image\" content=\"https:\/\/nordnesrepublikken.no\/wp-content\/uploads\/2026\/03\/1774435840_Jordskjelv-i-provinsen-Massa-Carrara-med-styrke-40-episenter-i-Fosdinovo.jpg\" \/>\n\t<meta property=\"og:image:width\" content=\"1280\" \/>\n\t<meta property=\"og:image:height\" content=\"720\" \/>\n\t<meta property=\"og:image:type\" content=\"image\/jpeg\" \/>\n<meta name=\"author\" content=\"Ole Andersen\" \/>\n<meta name=\"twitter:card\" content=\"summary_large_image\" \/>\n<meta name=\"twitter:label1\" content=\"Skrevet av\" \/>\n\t<meta name=\"twitter:data1\" content=\"Ole Andersen\" \/>\n\t<meta name=\"twitter:label2\" content=\"Ansl. lesetid\" \/>\n\t<meta name=\"twitter:data2\" content=\"1 minutt\" \/>\n<script type=\"application\/ld+json\" class=\"yoast-schema-graph\">{\"@context\":\"https:\/\/schema.org\",\"@graph\":[{\"@type\":\"Article\",\"@id\":\"https:\/\/nordnesrepublikken.no\/index.php\/2026\/03\/25\/jordskjelv-i-provinsen-massa-carrara-med-styrke-40-episenter-i-fosdinovo\/#article\",\"isPartOf\":{\"@id\":\"https:\/\/nordnesrepublikken.no\/index.php\/2026\/03\/25\/jordskjelv-i-provinsen-massa-carrara-med-styrke-40-episenter-i-fosdinovo\/\"},\"author\":{\"name\":\"Ole Andersen\",\"@id\":\"https:\/\/nordnesrepublikken.no\/#\/schema\/person\/2e7e81935bab77882fffb79296240ff1\"},\"headline\":\"Jordskjelv i provinsen Massa-Carrara med styrke 4,0, episenter i Fosdinovo\",\"datePublished\":\"2026-03-25T10:50:40+00:00\",\"dateModified\":\"2026-03-25T10:50:41+00:00\",\"mainEntityOfPage\":{\"@id\":\"https:\/\/nordnesrepublikken.no\/index.php\/2026\/03\/25\/jordskjelv-i-provinsen-massa-carrara-med-styrke-40-episenter-i-fosdinovo\/\"},\"wordCount\":245,\"publisher\":{\"@id\":\"https:\/\/nordnesrepublikken.no\/#organization\"},\"image\":{\"@id\":\"https:\/\/nordnesrepublikken.no\/index.php\/2026\/03\/25\/jordskjelv-i-provinsen-massa-carrara-med-styrke-40-episenter-i-fosdinovo\/#primaryimage\"},\"thumbnailUrl\":\"https:\/\/nordnesrepublikken.no\/wp-content\/uploads\/2026\/03\/1774435840_Jordskjelv-i-provinsen-Massa-Carrara-med-styrke-40-episenter-i-Fosdinovo.jpg\",\"keywords\":[\"episenter\",\"Fosdinovo\",\"Jordskjelv\",\"MassaCarrara\",\"med\",\"provinsen\",\"styrke\"],\"articleSection\":[\"Vitenskap\"],\"inLanguage\":\"nb-NO\"},{\"@type\":\"WebPage\",\"@id\":\"https:\/\/nordnesrepublikken.no\/index.php\/2026\/03\/25\/jordskjelv-i-provinsen-massa-carrara-med-styrke-40-episenter-i-fosdinovo\/\",\"url\":\"https:\/\/nordnesrepublikken.no\/index.php\/2026\/03\/25\/jordskjelv-i-provinsen-massa-carrara-med-styrke-40-episenter-i-fosdinovo\/\",\"name\":\"Jordskjelv i provinsen Massa-Carrara med styrke 4,0, episenter i Fosdinovo - Nordnesrepublikken\",\"isPartOf\":{\"@id\":\"https:\/\/nordnesrepublikken.no\/#website\"},\"primaryImageOfPage\":{\"@id\":\"https:\/\/nordnesrepublikken.no\/index.php\/2026\/03\/25\/jordskjelv-i-provinsen-massa-carrara-med-styrke-40-episenter-i-fosdinovo\/#primaryimage\"},\"image\":{\"@id\":\"https:\/\/nordnesrepublikken.no\/index.php\/2026\/03\/25\/jordskjelv-i-provinsen-massa-carrara-med-styrke-40-episenter-i-fosdinovo\/#primaryimage\"},\"thumbnailUrl\":\"https:\/\/nordnesrepublikken.no\/wp-content\/uploads\/2026\/03\/1774435840_Jordskjelv-i-provinsen-Massa-Carrara-med-styrke-40-episenter-i-Fosdinovo.jpg\",\"datePublished\":\"2026-03-25T10:50:40+00:00\",\"dateModified\":\"2026-03-25T10:50:41+00:00\",\"breadcrumb\":{\"@id\":\"https:\/\/nordnesrepublikken.no\/index.php\/2026\/03\/25\/jordskjelv-i-provinsen-massa-carrara-med-styrke-40-episenter-i-fosdinovo\/#breadcrumb\"},\"inLanguage\":\"nb-NO\",\"potentialAction\":[{\"@type\":\"ReadAction\",\"target\":[\"https:\/\/nordnesrepublikken.no\/index.php\/2026\/03\/25\/jordskjelv-i-provinsen-massa-carrara-med-styrke-40-episenter-i-fosdinovo\/\"]}]},{\"@type\":\"ImageObject\",\"inLanguage\":\"nb-NO\",\"@id\":\"https:\/\/nordnesrepublikken.no\/index.php\/2026\/03\/25\/jordskjelv-i-provinsen-massa-carrara-med-styrke-40-episenter-i-fosdinovo\/#primaryimage\",\"url\":\"https:\/\/nordnesrepublikken.no\/wp-content\/uploads\/2026\/03\/1774435840_Jordskjelv-i-provinsen-Massa-Carrara-med-styrke-40-episenter-i-Fosdinovo.jpg\",\"contentUrl\":\"https:\/\/nordnesrepublikken.no\/wp-content\/uploads\/2026\/03\/1774435840_Jordskjelv-i-provinsen-Massa-Carrara-med-styrke-40-episenter-i-Fosdinovo.jpg\",\"width\":1280,\"height\":720,\"caption\":\"Jordskjelv i provinsen Massa-Carrara med styrke 4,0, episenter i Fosdinovo\"},{\"@type\":\"BreadcrumbList\",\"@id\":\"https:\/\/nordnesrepublikken.no\/index.php\/2026\/03\/25\/jordskjelv-i-provinsen-massa-carrara-med-styrke-40-episenter-i-fosdinovo\/#breadcrumb\",\"itemListElement\":[{\"@type\":\"ListItem\",\"position\":1,\"name\":\"Home\",\"item\":\"https:\/\/nordnesrepublikken.no\/\"},{\"@type\":\"ListItem\",\"position\":2,\"name\":\"Jordskjelv i provinsen Massa-Carrara med styrke 4,0, episenter i Fosdinovo\"}]},{\"@type\":\"WebSite\",\"@id\":\"https:\/\/nordnesrepublikken.no\/#website\",\"url\":\"https:\/\/nordnesrepublikken.no\/\",\"name\":\"Nordnesrepublikken\",\"description\":\"Stemmer og Visjoner fra Republikkens Hjerte\",\"publisher\":{\"@id\":\"https:\/\/nordnesrepublikken.no\/#organization\"},\"potentialAction\":[{\"@type\":\"SearchAction\",\"target\":{\"@type\":\"EntryPoint\",\"urlTemplate\":\"https:\/\/nordnesrepublikken.no\/?s={search_term_string}\"},\"query-input\":{\"@type\":\"PropertyValueSpecification\",\"valueRequired\":true,\"valueName\":\"search_term_string\"}}],\"inLanguage\":\"nb-NO\"},{\"@type\":\"Organization\",\"@id\":\"https:\/\/nordnesrepublikken.no\/#organization\",\"name\":\"Nordnesrepublikken\",\"url\":\"https:\/\/nordnesrepublikken.no\/\",\"logo\":{\"@type\":\"ImageObject\",\"inLanguage\":\"nb-NO\",\"@id\":\"https:\/\/nordnesrepublikken.no\/#\/schema\/logo\/image\/\",\"url\":\"https:\/\/nordnesrepublikken.no\/wp-content\/uploads\/2025\/02\/cropped-nordnesrepublikken-2.png\",\"contentUrl\":\"https:\/\/nordnesrepublikken.no\/wp-content\/uploads\/2025\/02\/cropped-nordnesrepublikken-2.png\",\"width\":1248,\"height\":362,\"caption\":\"Nordnesrepublikken\"},\"image\":{\"@id\":\"https:\/\/nordnesrepublikken.no\/#\/schema\/logo\/image\/\"}},{\"@type\":\"Person\",\"@id\":\"https:\/\/nordnesrepublikken.no\/#\/schema\/person\/2e7e81935bab77882fffb79296240ff1\",\"name\":\"Ole Andersen\",\"image\":{\"@type\":\"ImageObject\",\"inLanguage\":\"nb-NO\",\"@id\":\"https:\/\/nordnesrepublikken.no\/#\/schema\/person\/image\/\",\"url\":\"https:\/\/nordnesrepublikken.no\/wp-content\/uploads\/2025\/02\/nordnesrepublikken-2-2-150x150.jpg\",\"contentUrl\":\"https:\/\/nordnesrepublikken.no\/wp-content\/uploads\/2025\/02\/nordnesrepublikken-2-2-150x150.jpg\",\"caption\":\"Ole Andersen\"},\"description\":\"Ettersom jeg vokste opp i Oslo, har jeg alltid v\u00e6rt fascinert av ordenes kraft og deres evne til \u00e5 skape endringer. Etter \u00e5 ha fullf\u00f8rt min utdannelse i kommunikasjon ved Universitetet i Bergen, fikk jeg muligheten til \u00e5 jobbe innen ulike medier, der jeg har s\u00f8kt \u00e5 belyse viktige samfunnssp\u00f8rsm\u00e5l. I dag, som redakt\u00f8r for Nordnesrepublikken, pr\u00f8ver jeg \u00e5 forene min kj\u00e6rlighet for journalistikk med min lidenskap for innovasjon og eventyr.\",\"sameAs\":[\"https:\/\/nordnesrepublikken.no\/\"]}]}<\/script>\n<!-- \/ Yoast SEO plugin. -->","yoast_head_json":{"title":"Jordskjelv i provinsen Massa-Carrara med styrke 4,0, episenter i Fosdinovo - Nordnesrepublikken","robots":{"index":"index","follow":"follow","max-snippet":"max-snippet:-1","max-image-preview":"max-image-preview:large","max-video-preview":"max-video-preview:-1"},"canonical":"https:\/\/nordnesrepublikken.no\/index.php\/2026\/03\/25\/jordskjelv-i-provinsen-massa-carrara-med-styrke-40-episenter-i-fosdinovo\/","og_locale":"nb_NO","og_type":"article","og_title":"Jordskjelv i provinsen Massa-Carrara med styrke 4,0, episenter i Fosdinovo - Nordnesrepublikken","og_description":"Et sjokk av jordskjelv Av styrke 4,0 treffer provinsen Massa-Carrarai Toscana, i dag 25. mars","og_url":"https:\/\/nordnesrepublikken.no\/index.php\/2026\/03\/25\/jordskjelv-i-provinsen-massa-carrara-med-styrke-40-episenter-i-fosdinovo\/","og_site_name":"Nordnesrepublikken","article_published_time":"2026-03-25T10:50:40+00:00","article_modified_time":"2026-03-25T10:50:41+00:00","og_image":[{"width":1280,"height":720,"url":"https:\/\/nordnesrepublikken.no\/wp-content\/uploads\/2026\/03\/1774435840_Jordskjelv-i-provinsen-Massa-Carrara-med-styrke-40-episenter-i-Fosdinovo.jpg","type":"image\/jpeg"}],"author":"Ole Andersen","twitter_card":"summary_large_image","twitter_misc":{"Skrevet av":"Ole Andersen","Ansl. lesetid":"1 minutt"},"schema":{"@context":"https:\/\/schema.org","@graph":[{"@type":"Article","@id":"https:\/\/nordnesrepublikken.no\/index.php\/2026\/03\/25\/jordskjelv-i-provinsen-massa-carrara-med-styrke-40-episenter-i-fosdinovo\/#article","isPartOf":{"@id":"https:\/\/nordnesrepublikken.no\/index.php\/2026\/03\/25\/jordskjelv-i-provinsen-massa-carrara-med-styrke-40-episenter-i-fosdinovo\/"},"author":{"name":"Ole Andersen","@id":"https:\/\/nordnesrepublikken.no\/#\/schema\/person\/2e7e81935bab77882fffb79296240ff1"},"headline":"Jordskjelv i provinsen Massa-Carrara med styrke 4,0, episenter i Fosdinovo","datePublished":"2026-03-25T10:50:40+00:00","dateModified":"2026-03-25T10:50:41+00:00","mainEntityOfPage":{"@id":"https:\/\/nordnesrepublikken.no\/index.php\/2026\/03\/25\/jordskjelv-i-provinsen-massa-carrara-med-styrke-40-episenter-i-fosdinovo\/"},"wordCount":245,"publisher":{"@id":"https:\/\/nordnesrepublikken.no\/#organization"},"image":{"@id":"https:\/\/nordnesrepublikken.no\/index.php\/2026\/03\/25\/jordskjelv-i-provinsen-massa-carrara-med-styrke-40-episenter-i-fosdinovo\/#primaryimage"},"thumbnailUrl":"https:\/\/nordnesrepublikken.no\/wp-content\/uploads\/2026\/03\/1774435840_Jordskjelv-i-provinsen-Massa-Carrara-med-styrke-40-episenter-i-Fosdinovo.jpg","keywords":["episenter","Fosdinovo","Jordskjelv","MassaCarrara","med","provinsen","styrke"],"articleSection":["Vitenskap"],"inLanguage":"nb-NO"},{"@type":"WebPage","@id":"https:\/\/nordnesrepublikken.no\/index.php\/2026\/03\/25\/jordskjelv-i-provinsen-massa-carrara-med-styrke-40-episenter-i-fosdinovo\/","url":"https:\/\/nordnesrepublikken.no\/index.php\/2026\/03\/25\/jordskjelv-i-provinsen-massa-carrara-med-styrke-40-episenter-i-fosdinovo\/","name":"Jordskjelv i provinsen Massa-Carrara med styrke 4,0, episenter i Fosdinovo - Nordnesrepublikken","isPartOf":{"@id":"https:\/\/nordnesrepublikken.no\/#website"},"primaryImageOfPage":{"@id":"https:\/\/nordnesrepublikken.no\/index.php\/2026\/03\/25\/jordskjelv-i-provinsen-massa-carrara-med-styrke-40-episenter-i-fosdinovo\/#primaryimage"},"image":{"@id":"https:\/\/nordnesrepublikken.no\/index.php\/2026\/03\/25\/jordskjelv-i-provinsen-massa-carrara-med-styrke-40-episenter-i-fosdinovo\/#primaryimage"},"thumbnailUrl":"https:\/\/nordnesrepublikken.no\/wp-content\/uploads\/2026\/03\/1774435840_Jordskjelv-i-provinsen-Massa-Carrara-med-styrke-40-episenter-i-Fosdinovo.jpg","datePublished":"2026-03-25T10:50:40+00:00","dateModified":"2026-03-25T10:50:41+00:00","breadcrumb":{"@id":"https:\/\/nordnesrepublikken.no\/index.php\/2026\/03\/25\/jordskjelv-i-provinsen-massa-carrara-med-styrke-40-episenter-i-fosdinovo\/#breadcrumb"},"inLanguage":"nb-NO","potentialAction":[{"@type":"ReadAction","target":["https:\/\/nordnesrepublikken.no\/index.php\/2026\/03\/25\/jordskjelv-i-provinsen-massa-carrara-med-styrke-40-episenter-i-fosdinovo\/"]}]},{"@type":"ImageObject","inLanguage":"nb-NO","@id":"https:\/\/nordnesrepublikken.no\/index.php\/2026\/03\/25\/jordskjelv-i-provinsen-massa-carrara-med-styrke-40-episenter-i-fosdinovo\/#primaryimage","url":"https:\/\/nordnesrepublikken.no\/wp-content\/uploads\/2026\/03\/1774435840_Jordskjelv-i-provinsen-Massa-Carrara-med-styrke-40-episenter-i-Fosdinovo.jpg","contentUrl":"https:\/\/nordnesrepublikken.no\/wp-content\/uploads\/2026\/03\/1774435840_Jordskjelv-i-provinsen-Massa-Carrara-med-styrke-40-episenter-i-Fosdinovo.jpg","width":1280,"height":720,"caption":"Jordskjelv i provinsen Massa-Carrara med styrke 4,0, episenter i Fosdinovo"},{"@type":"BreadcrumbList","@id":"https:\/\/nordnesrepublikken.no\/index.php\/2026\/03\/25\/jordskjelv-i-provinsen-massa-carrara-med-styrke-40-episenter-i-fosdinovo\/#breadcrumb","itemListElement":[{"@type":"ListItem","position":1,"name":"Home","item":"https:\/\/nordnesrepublikken.no\/"},{"@type":"ListItem","position":2,"name":"Jordskjelv i provinsen Massa-Carrara med styrke 4,0, episenter i Fosdinovo"}]},{"@type":"WebSite","@id":"https:\/\/nordnesrepublikken.no\/#website","url":"https:\/\/nordnesrepublikken.no\/","name":"Nordnesrepublikken","description":"Stemmer og Visjoner fra Republikkens Hjerte","publisher":{"@id":"https:\/\/nordnesrepublikken.no\/#organization"},"potentialAction":[{"@type":"SearchAction","target":{"@type":"EntryPoint","urlTemplate":"https:\/\/nordnesrepublikken.no\/?s={search_term_string}"},"query-input":{"@type":"PropertyValueSpecification","valueRequired":true,"valueName":"search_term_string"}}],"inLanguage":"nb-NO"},{"@type":"Organization","@id":"https:\/\/nordnesrepublikken.no\/#organization","name":"Nordnesrepublikken","url":"https:\/\/nordnesrepublikken.no\/","logo":{"@type":"ImageObject","inLanguage":"nb-NO","@id":"https:\/\/nordnesrepublikken.no\/#\/schema\/logo\/image\/","url":"https:\/\/nordnesrepublikken.no\/wp-content\/uploads\/2025\/02\/cropped-nordnesrepublikken-2.png","contentUrl":"https:\/\/nordnesrepublikken.no\/wp-content\/uploads\/2025\/02\/cropped-nordnesrepublikken-2.png","width":1248,"height":362,"caption":"Nordnesrepublikken"},"image":{"@id":"https:\/\/nordnesrepublikken.no\/#\/schema\/logo\/image\/"}},{"@type":"Person","@id":"https:\/\/nordnesrepublikken.no\/#\/schema\/person\/2e7e81935bab77882fffb79296240ff1","name":"Ole Andersen","image":{"@type":"ImageObject","inLanguage":"nb-NO","@id":"https:\/\/nordnesrepublikken.no\/#\/schema\/person\/image\/","url":"https:\/\/nordnesrepublikken.no\/wp-content\/uploads\/2025\/02\/nordnesrepublikken-2-2-150x150.jpg","contentUrl":"https:\/\/nordnesrepublikken.no\/wp-content\/uploads\/2025\/02\/nordnesrepublikken-2-2-150x150.jpg","caption":"Ole Andersen"},"description":"Ettersom jeg vokste opp i Oslo, har jeg alltid v\u00e6rt fascinert av ordenes kraft og deres evne til \u00e5 skape endringer. Etter \u00e5 ha fullf\u00f8rt min utdannelse i kommunikasjon ved Universitetet i Bergen, fikk jeg muligheten til \u00e5 jobbe innen ulike medier, der jeg har s\u00f8kt \u00e5 belyse viktige samfunnssp\u00f8rsm\u00e5l. I dag, som redakt\u00f8r for Nordnesrepublikken, pr\u00f8ver jeg \u00e5 forene min kj\u00e6rlighet for journalistikk med min lidenskap for innovasjon og eventyr.","sameAs":["https:\/\/nordnesrepublikken.no\/"]}]}},"_links":{"self":[{"href":"https:\/\/nordnesrepublikken.no\/index.php\/wp-json\/wp\/v2\/posts\/16224","targetHints":{"allow":["GET"]}}],"collection":[{"href":"https:\/\/nordnesrepublikken.no\/index.php\/wp-json\/wp\/v2\/posts"}],"about":[{"href":"https:\/\/nordnesrepublikken.no\/index.php\/wp-json\/wp\/v2\/types\/post"}],"author":[{"embeddable":true,"href":"https:\/\/nordnesrepublikken.no\/index.php\/wp-json\/wp\/v2\/users\/1"}],"replies":[{"embeddable":true,"href":"https:\/\/nordnesrepublikken.no\/index.php\/wp-json\/wp\/v2\/comments?post=16224"}],"version-history":[{"count":1,"href":"https:\/\/nordnesrepublikken.no\/index.php\/wp-json\/wp\/v2\/posts\/16224\/revisions"}],"predecessor-version":[{"id":16226,"href":"https:\/\/nordnesrepublikken.no\/index.php\/wp-json\/wp\/v2\/posts\/16224\/revisions\/16226"}],"wp:featuredmedia":[{"embeddable":true,"href":"https:\/\/nordnesrepublikken.no\/index.php\/wp-json\/wp\/v2\/media\/16225"}],"wp:attachment":[{"href":"https:\/\/nordnesrepublikken.no\/index.php\/wp-json\/wp\/v2\/media?parent=16224"}],"wp:term":[{"taxonomy":"category","embeddable":true,"href":"https:\/\/nordnesrepublikken.no\/index.php\/wp-json\/wp\/v2\/categories?post=16224"},{"taxonomy":"post_tag","embeddable":true,"href":"https:\/\/nordnesrepublikken.no\/index.php\/wp-json\/wp\/v2\/tags?post=16224"}],"curies":[{"name":"wp","href":"https:\/\/api.w.org\/{rel}","templated":true}]}}