{"id":16219,"date":"2026-03-25T09:50:33","date_gmt":"2026-03-25T08:50:33","guid":{"rendered":"https:\/\/nordnesrepublikken.no\/index.php\/2026\/03\/25\/jeg-hadde-en-glippe-for-freud-er-det-ikke-bare-en-enkel-glemsel-mening-og-opphav\/"},"modified":"2026-03-25T09:50:37","modified_gmt":"2026-03-25T08:50:37","slug":"jeg-hadde-en-glippe-for-freud-er-det-ikke-bare-en-enkel-glemsel-mening-og-opphav","status":"publish","type":"post","link":"https:\/\/nordnesrepublikken.no\/index.php\/2026\/03\/25\/jeg-hadde-en-glippe-for-freud-er-det-ikke-bare-en-enkel-glemsel-mening-og-opphav\/","title":{"rendered":"&laquo;Jeg hadde en glippe&raquo;, for Freud er det ikke bare en enkel glemsel: mening og opphav"},"content":{"rendered":"<div>\n<div class=\"cp_wrapper cp_wrapper--fw mb-30 mb-20@tablet\">\n<figure class=\"mm\"><picture class=\"img\" style=\"padding-top:56.25%\"><source  media=\"(min-width: 1024px)\"><source  media=\"(min-width: 768px)\"><\/source><\/source><\/picture><\/figure>\n<\/p><\/div>\n<p>Generelt er vi vant til \u00e5 bruke ordet <strong>slip<\/strong> \u00e5 indikere a <strong>enkel distraksjon eller <\/strong>un\u00f8yaktighet: et ord uttalt ved en feiltakelse, et glemt navn eller en skrivefeil, en slags tilsynelatende ufrivillig &laquo;glidning&raquo; i tale.<\/p>\n<p>Faktisk i de fleste tilfeller <strong>brukes feil<\/strong>. For psykoanalyse er dette ikke bare en spr\u00e5klig eller mnemonisk forglemmelse: det er det <strong>uttrykk for en indre konflikt<\/strong>et signal om at noe i det ubevisste pr\u00f8ver \u00e5 dukke opp.<\/p>\n<h2><strong>Glippen beskrevet av Freud: den mislykkede handlingen<\/strong><\/h2>\n<p>Slippet analyseres fra et psykoanalytisk synspunkt for f\u00f8rste gang i verket <em><strong>Psykopatologi i hverdagen<\/strong><\/em>utgitt av <strong>Sigmund Freud<\/strong> I <strong>1901<\/strong>. Denne teksten analyserer et bredt spekter av tilsynelatende ubetydelige feil: glemsel, forvekslinger, navn som \u00abunnslipper\u00bb, un\u00f8yaktigheter i skriving og lesing. If\u00f8lge Freud <strong>feil <\/strong>Som dette<strong> trivielle er motivert<\/strong>er ikke tilfeldige, og de er heller ikke et resultat av mangel p\u00e5 oppmerksomhet: det er skjult bak dem<strong> en psykisk konflikt, en undertrykt tanke eller en undertrykt f\u00f8lelse<\/strong>som gj\u00f8r sin vei til tross for sensur av det bevisste egoet.<\/p>\n<div class=\"cp_wrapper cp_wrapper--fw mb-50\">\n<figure class=\"mm\"><picture class=\"img\" style=\"padding-top:140.71294559099%\"><source  media=\"(min-width: 1024px)\"><source  media=\"(min-width: 768px)\"><img decoding=\"async\" loading=\"lazy\" src=\"https:\/\/nordnesrepublikken.no\/wp-content\/uploads\/2026\/03\/Jeg-hadde-en-glippe-for-Freud-er-det-ikke-bare.jpg\" alt=\"Foto av Sigmund Freud. Kreditt: Max Halberstadt via Wikipedia Commons.\" width=\"1066\" height=\"1500\"\/><\/source><\/source><\/picture><\/figure>\n<\/p><\/div>\n<p>Freud inns\u00e5 den psykologiske betydningen av utglidninger ved \u00e5 observere seg selv og pasientene sine. For \u00e5 gi noen eksempler fra boken hans:<\/p>\n<ul>\n<li>Under en reise \u00f8nsket Freud \u00e5 nevne maleren Luca Signorelli, men navnet slapp ham fullstendig, erstattet av andre som Botticelli eller Boltraffio. Ved \u00e5 analysere episoden inns\u00e5 Freud det kort tid f\u00f8r han hadde snakket om <strong>emosjonelt viktige temaer for ham<\/strong>som d\u00f8d og seksualitet, under en samtale om Bosnia-Hercegovina. Det fjernede innholdet hadde forstyrret gjeninnf\u00f8ringen av malerens navn. <strong>Ubevisst sensur, <\/strong>for \u00e5 beskytte motivet mot forstyrrende tanker, <strong>hadde midlertidig blokkert<\/strong> det navnet, og gir rom for mer n\u00f8ytrale erstatningsord. Spesielt var ordet Bosnia knyttet til andre n\u00f8ytrale termer som Botticelli eller Boltraffio (som deler den f\u00f8rste stavelsen), og forstyrret Signorellis gjeninnf\u00f8ring av m\u00e5let.<\/li>\n<li>Videre la psykoanalytikeren merke til at pasientene hans erstattet ett ord med et annet som, n\u00e5r det ble analysert, avsl\u00f8rte <strong>et skjult \u00f8nske eller en undertrykt f\u00f8lelse<\/strong>. Sl\u00e5tt av sammenhengen i denne mekanismen begynte han \u00e5 betrakte tungeglidninger som ekte <strong>&laquo;glipp av handlinger&raquo;<\/strong>det vil si tilsynelatende feil, men psykologisk betydningsfulle handlinger.<\/li>\n<\/ul>\n<p>For Freud, kort sagt, <strong>slipset er et kompromiss mellom hva fors\u00f8kspersonen \u00f8nsker \u00e5 si og hva han vil tie<\/strong>.<\/p>\n<h2><strong>Hva er en glippe i f\u00f8lge psykoanalysen og hvordan manifesterer den seg<\/strong><\/h2>\n<p>I psykoanalysen alts\u00e5 <strong>en glippe er en feil som oppst\u00e5r fra en ubevisst konflikt<\/strong>. Det er ikke en enkel forglemmelse, men et slags \u00abbrudd\u00bb der det fortrengte mentale innholdet klarer \u00e5 komme frem, forkledd som en feil. I f\u00f8lge Freud tilh\u00f8rer de kategorien &laquo;paraprakser&raquo;, dvs. ufrivillig atferd som avsl\u00f8rer ubevisste motivasjoner, sammen med:<\/p>\n<ul>\n<li>betydelig glemsel;<\/li>\n<li>midlertidig tap av navn eller ord;<\/li>\n<li>gjentatt uforsiktighet.<\/li>\n<\/ul>\n<p>Slippet er derfor manifestasjonen av <strong>en spenning mellom to krefter<\/strong>: <strong>\u00f8nsket<\/strong> eller den ubevisste representasjonen som \u00f8nsker \u00e5 komme frem; <strong>psykisk sensur<\/strong>som pr\u00f8ver \u00e5 blokkere henne. Feilen er resultatet av <strong>kompromiss<\/strong>. De viktigste typene utglidninger som kan oppst\u00e5 er:<\/p>\n<ul>\n<li><strong>Slipp av tungen<\/strong> (verbal feil): det er den mest kjente og indikerer <strong>en feil i \u00e5 snakke<\/strong>; det kan best\u00e5 av en erstatning av ett ord med et annet, en reversering av stavelser eller en utilsiktet bruk av et &laquo;forbudt&raquo; eller pinlig begrep. Et klassisk eksempel er \u00e5 kalle partneren din ved navnet til ekskj\u00e6resten din. Eller det kan skje at sjefen under et arbeidsm\u00f8te sier: &laquo;Dette prosjektet blir en fiasko&#8230;.err jeg mente suksess!&raquo;. I dette tilfellet kan feilen avsl\u00f8re frykten for at ting ikke vil g\u00e5 s\u00e5 bra som h\u00e5pet eller en ubevisst negativ oppfatning av prosjektet.<\/li>\n<li><strong>Lapsus calami <\/strong>(skrivefeil): skjer n\u00e5r <strong>ved \u00e5 skrive passer de inn<\/strong> <strong>feil ord<\/strong>Ja <strong>bokstaver hopper over<\/strong> eller andre vilk\u00e5r enn de tiltenkte er rapportert. \u00c5 skrive i en jobb-e-post: \u00abJeg er fortsatt tilgjengelig for \u00e5 l\u00f8se eventuelle tvil\u00bb i stedet for \u00abl\u00f8se\u00bb, kan bety at du er bekymret for \u00e5 fremst\u00e5 som inkompetent og at du bruker mer formelle termer p\u00e5 en ufrivillig m\u00e5te.<\/li>\n<li><strong>Leselapp<\/strong>: oppst\u00e5r n\u00e5r <strong>du leser et ord eller en setning annerledes enn det er skrevet<\/strong>og erstatter det ofte med et begrep som gjenspeiler en mental eller emosjonell tilstand. \u00c5 lese ordet &laquo;venn&raquo; som &laquo;kj\u00e6rlighet&raquo; i en melding kan skje fordi det er et skjult \u00f8nske eller fordi det emnet er f\u00f8lelsesmessig relevant for personen.<\/li>\n<li><strong>Minneforfall<\/strong> (betydelig glemsel): dette er de situasjonene der <strong>du glemmer et navn, en avtale eller et spesifikt objekt<\/strong>. If\u00f8lge Freud er det ikke bare distraksjon: sinnet unng\u00e5r det som genererer spenning i det. Det kan derfor skje at du glemmer \u00e5 ringe en person du har en uuttalt konflikt med, eller du kan ikke huske navnet p\u00e5 en som for\u00e5rsaker angst eller sjenanse.<\/li>\n<\/ul>\n<h2><strong>Forklaringen p\u00e5 moderne psykologi: slip eller stress?<\/strong><\/h2>\n<p>Moderne psykologi erkjenner at mange hverdagslige feil ogs\u00e5 kan forklares med <strong>kognitive faktorer som tretthet, stress og mental overbelastning<\/strong>. N\u00e5r sinnet v\u00e5rt er sliten, snubler det lettere inn i verbal forvirring og glemsel. <strong>Kort sagt, ikke alt er et resultat av en ubevisst konflikt<\/strong>. Likevel sletter ikke dette fascinasjonen av den freudianske glidningen, og heller ikke det faktum at det er et mye studert og langt fra trivielt fenomen. V\u00e5rt sinn er ikke en perfekt mekanisme: det krysses av minner, f\u00f8lelser og \u00f8nsker, som noen ganger unnslipper bevisst kontroll. Det er sm\u00e5 ulykker underveis som imidlertid <strong>de avsl\u00f8rer mye mer enn vi vil innr\u00f8mme<\/strong>.<\/p>\n<p>Neste gang vi tilfeldigvis sier ett ord i stedet for et annet eller glemmer \u00e5 gj\u00f8re \u00abakkurat det\u00bb, la oss pr\u00f8ve \u00e5 sp\u00f8rre oss selv: \u00abEr det virkelig bare en forglemmelse for\u00e5rsaket av tretthet?\u00bb. Kanskje ja&#8230; eller bak den banale feilen ligger en del av oss som p\u00e5 t\u00e5, pr\u00f8ver \u00e5 bli lagt merke til.<\/p>\n<\/p><\/div>\n","protected":false},"excerpt":{"rendered":"<p>Generelt er vi vant til \u00e5 bruke ordet slip \u00e5 indikere a enkel distraksjon eller<\/p>\n","protected":false},"author":1,"featured_media":16222,"comment_status":"closed","ping_status":"open","sticky":false,"template":"","format":"standard","meta":{"footnotes":""},"categories":[104],"tags":[1930,66,983,10525,10526,10524,2169,187,813,7122,1343],"class_list":["post-16219","post","type-post","status-publish","format-standard","has-post-thumbnail","hentry","category-samfunn","tag-bare","tag-det","tag-enkel","tag-freud","tag-glemsel","tag-glippe","tag-hadde","tag-ikke","tag-jeg","tag-mening","tag-opphav","generate-columns","tablet-grid-50","mobile-grid-100","grid-parent","grid-33","resize-featured-image"],"yoast_head":"<!-- This site is optimized with the Yoast SEO plugin v24.4 - https:\/\/yoast.com\/wordpress\/plugins\/seo\/ -->\n<title>&quot;Jeg hadde en glippe&quot;, for Freud er det ikke bare en enkel glemsel: mening og opphav - Nordnesrepublikken<\/title>\n<meta name=\"robots\" content=\"index, follow, max-snippet:-1, max-image-preview:large, max-video-preview:-1\" \/>\n<link rel=\"canonical\" href=\"https:\/\/nordnesrepublikken.no\/index.php\/2026\/03\/25\/jeg-hadde-en-glippe-for-freud-er-det-ikke-bare-en-enkel-glemsel-mening-og-opphav\/\" \/>\n<meta property=\"og:locale\" content=\"nb_NO\" \/>\n<meta property=\"og:type\" content=\"article\" \/>\n<meta property=\"og:title\" content=\"&quot;Jeg hadde en glippe&quot;, for Freud er det ikke bare en enkel glemsel: mening og opphav - Nordnesrepublikken\" \/>\n<meta property=\"og:description\" content=\"Generelt er vi vant til \u00e5 bruke ordet slip \u00e5 indikere a enkel distraksjon eller\" \/>\n<meta property=\"og:url\" content=\"https:\/\/nordnesrepublikken.no\/index.php\/2026\/03\/25\/jeg-hadde-en-glippe-for-freud-er-det-ikke-bare-en-enkel-glemsel-mening-og-opphav\/\" \/>\n<meta property=\"og:site_name\" content=\"Nordnesrepublikken\" \/>\n<meta property=\"article:published_time\" content=\"2026-03-25T08:50:33+00:00\" \/>\n<meta property=\"article:modified_time\" content=\"2026-03-25T08:50:37+00:00\" \/>\n<meta property=\"og:image\" content=\"https:\/\/nordnesrepublikken.no\/wp-content\/uploads\/2026\/03\/1774428634_Jeg-hadde-en-glippe-for-Freud-er-det-ikke-bare-scaled.jpeg\" \/>\n\t<meta property=\"og:image:width\" content=\"2560\" \/>\n\t<meta property=\"og:image:height\" content=\"1429\" \/>\n\t<meta property=\"og:image:type\" content=\"image\/jpeg\" \/>\n<meta name=\"author\" content=\"Ole Andersen\" \/>\n<meta name=\"twitter:card\" content=\"summary_large_image\" \/>\n<meta name=\"twitter:label1\" content=\"Skrevet av\" \/>\n\t<meta name=\"twitter:data1\" content=\"Ole Andersen\" \/>\n\t<meta name=\"twitter:label2\" content=\"Ansl. lesetid\" \/>\n\t<meta name=\"twitter:data2\" content=\"5 minutter\" \/>\n<script type=\"application\/ld+json\" class=\"yoast-schema-graph\">{\"@context\":\"https:\/\/schema.org\",\"@graph\":[{\"@type\":\"Article\",\"@id\":\"https:\/\/nordnesrepublikken.no\/index.php\/2026\/03\/25\/jeg-hadde-en-glippe-for-freud-er-det-ikke-bare-en-enkel-glemsel-mening-og-opphav\/#article\",\"isPartOf\":{\"@id\":\"https:\/\/nordnesrepublikken.no\/index.php\/2026\/03\/25\/jeg-hadde-en-glippe-for-freud-er-det-ikke-bare-en-enkel-glemsel-mening-og-opphav\/\"},\"author\":{\"name\":\"Ole Andersen\",\"@id\":\"https:\/\/nordnesrepublikken.no\/#\/schema\/person\/2e7e81935bab77882fffb79296240ff1\"},\"headline\":\"&laquo;Jeg hadde en glippe&raquo;, for Freud er det ikke bare en enkel glemsel: mening og opphav\",\"datePublished\":\"2026-03-25T08:50:33+00:00\",\"dateModified\":\"2026-03-25T08:50:37+00:00\",\"mainEntityOfPage\":{\"@id\":\"https:\/\/nordnesrepublikken.no\/index.php\/2026\/03\/25\/jeg-hadde-en-glippe-for-freud-er-det-ikke-bare-en-enkel-glemsel-mening-og-opphav\/\"},\"wordCount\":968,\"publisher\":{\"@id\":\"https:\/\/nordnesrepublikken.no\/#organization\"},\"image\":{\"@id\":\"https:\/\/nordnesrepublikken.no\/index.php\/2026\/03\/25\/jeg-hadde-en-glippe-for-freud-er-det-ikke-bare-en-enkel-glemsel-mening-og-opphav\/#primaryimage\"},\"thumbnailUrl\":\"https:\/\/nordnesrepublikken.no\/wp-content\/uploads\/2026\/03\/1774428634_Jeg-hadde-en-glippe-for-Freud-er-det-ikke-bare-scaled.jpeg\",\"keywords\":[\"bare\",\"Det\",\"enkel\",\"Freud\",\"glemsel\",\"glippe\",\"hadde\",\"ikke\",\"jeg\",\"mening\",\"opphav\"],\"articleSection\":[\"Samfunn\"],\"inLanguage\":\"nb-NO\"},{\"@type\":\"WebPage\",\"@id\":\"https:\/\/nordnesrepublikken.no\/index.php\/2026\/03\/25\/jeg-hadde-en-glippe-for-freud-er-det-ikke-bare-en-enkel-glemsel-mening-og-opphav\/\",\"url\":\"https:\/\/nordnesrepublikken.no\/index.php\/2026\/03\/25\/jeg-hadde-en-glippe-for-freud-er-det-ikke-bare-en-enkel-glemsel-mening-og-opphav\/\",\"name\":\"\\\"Jeg hadde en glippe\\\", for Freud er det ikke bare en enkel glemsel: mening og opphav - Nordnesrepublikken\",\"isPartOf\":{\"@id\":\"https:\/\/nordnesrepublikken.no\/#website\"},\"primaryImageOfPage\":{\"@id\":\"https:\/\/nordnesrepublikken.no\/index.php\/2026\/03\/25\/jeg-hadde-en-glippe-for-freud-er-det-ikke-bare-en-enkel-glemsel-mening-og-opphav\/#primaryimage\"},\"image\":{\"@id\":\"https:\/\/nordnesrepublikken.no\/index.php\/2026\/03\/25\/jeg-hadde-en-glippe-for-freud-er-det-ikke-bare-en-enkel-glemsel-mening-og-opphav\/#primaryimage\"},\"thumbnailUrl\":\"https:\/\/nordnesrepublikken.no\/wp-content\/uploads\/2026\/03\/1774428634_Jeg-hadde-en-glippe-for-Freud-er-det-ikke-bare-scaled.jpeg\",\"datePublished\":\"2026-03-25T08:50:33+00:00\",\"dateModified\":\"2026-03-25T08:50:37+00:00\",\"breadcrumb\":{\"@id\":\"https:\/\/nordnesrepublikken.no\/index.php\/2026\/03\/25\/jeg-hadde-en-glippe-for-freud-er-det-ikke-bare-en-enkel-glemsel-mening-og-opphav\/#breadcrumb\"},\"inLanguage\":\"nb-NO\",\"potentialAction\":[{\"@type\":\"ReadAction\",\"target\":[\"https:\/\/nordnesrepublikken.no\/index.php\/2026\/03\/25\/jeg-hadde-en-glippe-for-freud-er-det-ikke-bare-en-enkel-glemsel-mening-og-opphav\/\"]}]},{\"@type\":\"ImageObject\",\"inLanguage\":\"nb-NO\",\"@id\":\"https:\/\/nordnesrepublikken.no\/index.php\/2026\/03\/25\/jeg-hadde-en-glippe-for-freud-er-det-ikke-bare-en-enkel-glemsel-mening-og-opphav\/#primaryimage\",\"url\":\"https:\/\/nordnesrepublikken.no\/wp-content\/uploads\/2026\/03\/1774428634_Jeg-hadde-en-glippe-for-Freud-er-det-ikke-bare-scaled.jpeg\",\"contentUrl\":\"https:\/\/nordnesrepublikken.no\/wp-content\/uploads\/2026\/03\/1774428634_Jeg-hadde-en-glippe-for-Freud-er-det-ikke-bare-scaled.jpeg\",\"width\":2560,\"height\":1429,\"caption\":\"\\\"Jeg hadde en glippe\\\", for Freud er det ikke bare en enkel glemsel: mening og opphav\"},{\"@type\":\"BreadcrumbList\",\"@id\":\"https:\/\/nordnesrepublikken.no\/index.php\/2026\/03\/25\/jeg-hadde-en-glippe-for-freud-er-det-ikke-bare-en-enkel-glemsel-mening-og-opphav\/#breadcrumb\",\"itemListElement\":[{\"@type\":\"ListItem\",\"position\":1,\"name\":\"Home\",\"item\":\"https:\/\/nordnesrepublikken.no\/\"},{\"@type\":\"ListItem\",\"position\":2,\"name\":\"&laquo;Jeg hadde en glippe&raquo;, for Freud er det ikke bare en enkel glemsel: mening og opphav\"}]},{\"@type\":\"WebSite\",\"@id\":\"https:\/\/nordnesrepublikken.no\/#website\",\"url\":\"https:\/\/nordnesrepublikken.no\/\",\"name\":\"Nordnesrepublikken\",\"description\":\"Stemmer og Visjoner fra Republikkens Hjerte\",\"publisher\":{\"@id\":\"https:\/\/nordnesrepublikken.no\/#organization\"},\"potentialAction\":[{\"@type\":\"SearchAction\",\"target\":{\"@type\":\"EntryPoint\",\"urlTemplate\":\"https:\/\/nordnesrepublikken.no\/?s={search_term_string}\"},\"query-input\":{\"@type\":\"PropertyValueSpecification\",\"valueRequired\":true,\"valueName\":\"search_term_string\"}}],\"inLanguage\":\"nb-NO\"},{\"@type\":\"Organization\",\"@id\":\"https:\/\/nordnesrepublikken.no\/#organization\",\"name\":\"Nordnesrepublikken\",\"url\":\"https:\/\/nordnesrepublikken.no\/\",\"logo\":{\"@type\":\"ImageObject\",\"inLanguage\":\"nb-NO\",\"@id\":\"https:\/\/nordnesrepublikken.no\/#\/schema\/logo\/image\/\",\"url\":\"https:\/\/nordnesrepublikken.no\/wp-content\/uploads\/2025\/02\/cropped-nordnesrepublikken-2.png\",\"contentUrl\":\"https:\/\/nordnesrepublikken.no\/wp-content\/uploads\/2025\/02\/cropped-nordnesrepublikken-2.png\",\"width\":1248,\"height\":362,\"caption\":\"Nordnesrepublikken\"},\"image\":{\"@id\":\"https:\/\/nordnesrepublikken.no\/#\/schema\/logo\/image\/\"}},{\"@type\":\"Person\",\"@id\":\"https:\/\/nordnesrepublikken.no\/#\/schema\/person\/2e7e81935bab77882fffb79296240ff1\",\"name\":\"Ole Andersen\",\"image\":{\"@type\":\"ImageObject\",\"inLanguage\":\"nb-NO\",\"@id\":\"https:\/\/nordnesrepublikken.no\/#\/schema\/person\/image\/\",\"url\":\"https:\/\/nordnesrepublikken.no\/wp-content\/uploads\/2025\/02\/nordnesrepublikken-2-2-150x150.jpg\",\"contentUrl\":\"https:\/\/nordnesrepublikken.no\/wp-content\/uploads\/2025\/02\/nordnesrepublikken-2-2-150x150.jpg\",\"caption\":\"Ole Andersen\"},\"description\":\"Ettersom jeg vokste opp i Oslo, har jeg alltid v\u00e6rt fascinert av ordenes kraft og deres evne til \u00e5 skape endringer. Etter \u00e5 ha fullf\u00f8rt min utdannelse i kommunikasjon ved Universitetet i Bergen, fikk jeg muligheten til \u00e5 jobbe innen ulike medier, der jeg har s\u00f8kt \u00e5 belyse viktige samfunnssp\u00f8rsm\u00e5l. I dag, som redakt\u00f8r for Nordnesrepublikken, pr\u00f8ver jeg \u00e5 forene min kj\u00e6rlighet for journalistikk med min lidenskap for innovasjon og eventyr.\",\"sameAs\":[\"https:\/\/nordnesrepublikken.no\/\"]}]}<\/script>\n<!-- \/ Yoast SEO plugin. -->","yoast_head_json":{"title":"\"Jeg hadde en glippe\", for Freud er det ikke bare en enkel glemsel: mening og opphav - Nordnesrepublikken","robots":{"index":"index","follow":"follow","max-snippet":"max-snippet:-1","max-image-preview":"max-image-preview:large","max-video-preview":"max-video-preview:-1"},"canonical":"https:\/\/nordnesrepublikken.no\/index.php\/2026\/03\/25\/jeg-hadde-en-glippe-for-freud-er-det-ikke-bare-en-enkel-glemsel-mening-og-opphav\/","og_locale":"nb_NO","og_type":"article","og_title":"\"Jeg hadde en glippe\", for Freud er det ikke bare en enkel glemsel: mening og opphav - Nordnesrepublikken","og_description":"Generelt er vi vant til \u00e5 bruke ordet slip \u00e5 indikere a enkel distraksjon eller","og_url":"https:\/\/nordnesrepublikken.no\/index.php\/2026\/03\/25\/jeg-hadde-en-glippe-for-freud-er-det-ikke-bare-en-enkel-glemsel-mening-og-opphav\/","og_site_name":"Nordnesrepublikken","article_published_time":"2026-03-25T08:50:33+00:00","article_modified_time":"2026-03-25T08:50:37+00:00","og_image":[{"width":2560,"height":1429,"url":"https:\/\/nordnesrepublikken.no\/wp-content\/uploads\/2026\/03\/1774428634_Jeg-hadde-en-glippe-for-Freud-er-det-ikke-bare-scaled.jpeg","type":"image\/jpeg"}],"author":"Ole Andersen","twitter_card":"summary_large_image","twitter_misc":{"Skrevet av":"Ole Andersen","Ansl. lesetid":"5 minutter"},"schema":{"@context":"https:\/\/schema.org","@graph":[{"@type":"Article","@id":"https:\/\/nordnesrepublikken.no\/index.php\/2026\/03\/25\/jeg-hadde-en-glippe-for-freud-er-det-ikke-bare-en-enkel-glemsel-mening-og-opphav\/#article","isPartOf":{"@id":"https:\/\/nordnesrepublikken.no\/index.php\/2026\/03\/25\/jeg-hadde-en-glippe-for-freud-er-det-ikke-bare-en-enkel-glemsel-mening-og-opphav\/"},"author":{"name":"Ole Andersen","@id":"https:\/\/nordnesrepublikken.no\/#\/schema\/person\/2e7e81935bab77882fffb79296240ff1"},"headline":"&laquo;Jeg hadde en glippe&raquo;, for Freud er det ikke bare en enkel glemsel: mening og opphav","datePublished":"2026-03-25T08:50:33+00:00","dateModified":"2026-03-25T08:50:37+00:00","mainEntityOfPage":{"@id":"https:\/\/nordnesrepublikken.no\/index.php\/2026\/03\/25\/jeg-hadde-en-glippe-for-freud-er-det-ikke-bare-en-enkel-glemsel-mening-og-opphav\/"},"wordCount":968,"publisher":{"@id":"https:\/\/nordnesrepublikken.no\/#organization"},"image":{"@id":"https:\/\/nordnesrepublikken.no\/index.php\/2026\/03\/25\/jeg-hadde-en-glippe-for-freud-er-det-ikke-bare-en-enkel-glemsel-mening-og-opphav\/#primaryimage"},"thumbnailUrl":"https:\/\/nordnesrepublikken.no\/wp-content\/uploads\/2026\/03\/1774428634_Jeg-hadde-en-glippe-for-Freud-er-det-ikke-bare-scaled.jpeg","keywords":["bare","Det","enkel","Freud","glemsel","glippe","hadde","ikke","jeg","mening","opphav"],"articleSection":["Samfunn"],"inLanguage":"nb-NO"},{"@type":"WebPage","@id":"https:\/\/nordnesrepublikken.no\/index.php\/2026\/03\/25\/jeg-hadde-en-glippe-for-freud-er-det-ikke-bare-en-enkel-glemsel-mening-og-opphav\/","url":"https:\/\/nordnesrepublikken.no\/index.php\/2026\/03\/25\/jeg-hadde-en-glippe-for-freud-er-det-ikke-bare-en-enkel-glemsel-mening-og-opphav\/","name":"\"Jeg hadde en glippe\", for Freud er det ikke bare en enkel glemsel: mening og opphav - Nordnesrepublikken","isPartOf":{"@id":"https:\/\/nordnesrepublikken.no\/#website"},"primaryImageOfPage":{"@id":"https:\/\/nordnesrepublikken.no\/index.php\/2026\/03\/25\/jeg-hadde-en-glippe-for-freud-er-det-ikke-bare-en-enkel-glemsel-mening-og-opphav\/#primaryimage"},"image":{"@id":"https:\/\/nordnesrepublikken.no\/index.php\/2026\/03\/25\/jeg-hadde-en-glippe-for-freud-er-det-ikke-bare-en-enkel-glemsel-mening-og-opphav\/#primaryimage"},"thumbnailUrl":"https:\/\/nordnesrepublikken.no\/wp-content\/uploads\/2026\/03\/1774428634_Jeg-hadde-en-glippe-for-Freud-er-det-ikke-bare-scaled.jpeg","datePublished":"2026-03-25T08:50:33+00:00","dateModified":"2026-03-25T08:50:37+00:00","breadcrumb":{"@id":"https:\/\/nordnesrepublikken.no\/index.php\/2026\/03\/25\/jeg-hadde-en-glippe-for-freud-er-det-ikke-bare-en-enkel-glemsel-mening-og-opphav\/#breadcrumb"},"inLanguage":"nb-NO","potentialAction":[{"@type":"ReadAction","target":["https:\/\/nordnesrepublikken.no\/index.php\/2026\/03\/25\/jeg-hadde-en-glippe-for-freud-er-det-ikke-bare-en-enkel-glemsel-mening-og-opphav\/"]}]},{"@type":"ImageObject","inLanguage":"nb-NO","@id":"https:\/\/nordnesrepublikken.no\/index.php\/2026\/03\/25\/jeg-hadde-en-glippe-for-freud-er-det-ikke-bare-en-enkel-glemsel-mening-og-opphav\/#primaryimage","url":"https:\/\/nordnesrepublikken.no\/wp-content\/uploads\/2026\/03\/1774428634_Jeg-hadde-en-glippe-for-Freud-er-det-ikke-bare-scaled.jpeg","contentUrl":"https:\/\/nordnesrepublikken.no\/wp-content\/uploads\/2026\/03\/1774428634_Jeg-hadde-en-glippe-for-Freud-er-det-ikke-bare-scaled.jpeg","width":2560,"height":1429,"caption":"\"Jeg hadde en glippe\", for Freud er det ikke bare en enkel glemsel: mening og opphav"},{"@type":"BreadcrumbList","@id":"https:\/\/nordnesrepublikken.no\/index.php\/2026\/03\/25\/jeg-hadde-en-glippe-for-freud-er-det-ikke-bare-en-enkel-glemsel-mening-og-opphav\/#breadcrumb","itemListElement":[{"@type":"ListItem","position":1,"name":"Home","item":"https:\/\/nordnesrepublikken.no\/"},{"@type":"ListItem","position":2,"name":"&laquo;Jeg hadde en glippe&raquo;, for Freud er det ikke bare en enkel glemsel: mening og opphav"}]},{"@type":"WebSite","@id":"https:\/\/nordnesrepublikken.no\/#website","url":"https:\/\/nordnesrepublikken.no\/","name":"Nordnesrepublikken","description":"Stemmer og Visjoner fra Republikkens Hjerte","publisher":{"@id":"https:\/\/nordnesrepublikken.no\/#organization"},"potentialAction":[{"@type":"SearchAction","target":{"@type":"EntryPoint","urlTemplate":"https:\/\/nordnesrepublikken.no\/?s={search_term_string}"},"query-input":{"@type":"PropertyValueSpecification","valueRequired":true,"valueName":"search_term_string"}}],"inLanguage":"nb-NO"},{"@type":"Organization","@id":"https:\/\/nordnesrepublikken.no\/#organization","name":"Nordnesrepublikken","url":"https:\/\/nordnesrepublikken.no\/","logo":{"@type":"ImageObject","inLanguage":"nb-NO","@id":"https:\/\/nordnesrepublikken.no\/#\/schema\/logo\/image\/","url":"https:\/\/nordnesrepublikken.no\/wp-content\/uploads\/2025\/02\/cropped-nordnesrepublikken-2.png","contentUrl":"https:\/\/nordnesrepublikken.no\/wp-content\/uploads\/2025\/02\/cropped-nordnesrepublikken-2.png","width":1248,"height":362,"caption":"Nordnesrepublikken"},"image":{"@id":"https:\/\/nordnesrepublikken.no\/#\/schema\/logo\/image\/"}},{"@type":"Person","@id":"https:\/\/nordnesrepublikken.no\/#\/schema\/person\/2e7e81935bab77882fffb79296240ff1","name":"Ole Andersen","image":{"@type":"ImageObject","inLanguage":"nb-NO","@id":"https:\/\/nordnesrepublikken.no\/#\/schema\/person\/image\/","url":"https:\/\/nordnesrepublikken.no\/wp-content\/uploads\/2025\/02\/nordnesrepublikken-2-2-150x150.jpg","contentUrl":"https:\/\/nordnesrepublikken.no\/wp-content\/uploads\/2025\/02\/nordnesrepublikken-2-2-150x150.jpg","caption":"Ole Andersen"},"description":"Ettersom jeg vokste opp i Oslo, har jeg alltid v\u00e6rt fascinert av ordenes kraft og deres evne til \u00e5 skape endringer. Etter \u00e5 ha fullf\u00f8rt min utdannelse i kommunikasjon ved Universitetet i Bergen, fikk jeg muligheten til \u00e5 jobbe innen ulike medier, der jeg har s\u00f8kt \u00e5 belyse viktige samfunnssp\u00f8rsm\u00e5l. I dag, som redakt\u00f8r for Nordnesrepublikken, pr\u00f8ver jeg \u00e5 forene min kj\u00e6rlighet for journalistikk med min lidenskap for innovasjon og eventyr.","sameAs":["https:\/\/nordnesrepublikken.no\/"]}]}},"_links":{"self":[{"href":"https:\/\/nordnesrepublikken.no\/index.php\/wp-json\/wp\/v2\/posts\/16219","targetHints":{"allow":["GET"]}}],"collection":[{"href":"https:\/\/nordnesrepublikken.no\/index.php\/wp-json\/wp\/v2\/posts"}],"about":[{"href":"https:\/\/nordnesrepublikken.no\/index.php\/wp-json\/wp\/v2\/types\/post"}],"author":[{"embeddable":true,"href":"https:\/\/nordnesrepublikken.no\/index.php\/wp-json\/wp\/v2\/users\/1"}],"replies":[{"embeddable":true,"href":"https:\/\/nordnesrepublikken.no\/index.php\/wp-json\/wp\/v2\/comments?post=16219"}],"version-history":[{"count":1,"href":"https:\/\/nordnesrepublikken.no\/index.php\/wp-json\/wp\/v2\/posts\/16219\/revisions"}],"predecessor-version":[{"id":16223,"href":"https:\/\/nordnesrepublikken.no\/index.php\/wp-json\/wp\/v2\/posts\/16219\/revisions\/16223"}],"wp:featuredmedia":[{"embeddable":true,"href":"https:\/\/nordnesrepublikken.no\/index.php\/wp-json\/wp\/v2\/media\/16222"}],"wp:attachment":[{"href":"https:\/\/nordnesrepublikken.no\/index.php\/wp-json\/wp\/v2\/media?parent=16219"}],"wp:term":[{"taxonomy":"category","embeddable":true,"href":"https:\/\/nordnesrepublikken.no\/index.php\/wp-json\/wp\/v2\/categories?post=16219"},{"taxonomy":"post_tag","embeddable":true,"href":"https:\/\/nordnesrepublikken.no\/index.php\/wp-json\/wp\/v2\/tags?post=16219"}],"curies":[{"name":"wp","href":"https:\/\/api.w.org\/{rel}","templated":true}]}}