{"id":16206,"date":"2026-03-25T01:50:46","date_gmt":"2026-03-25T00:50:46","guid":{"rendered":"https:\/\/nordnesrepublikken.no\/index.php\/2026\/03\/25\/sjaforer-i-spania-fanget-opp-av-et-lite-usynlig-fotoboks\/"},"modified":"2026-03-25T01:50:47","modified_gmt":"2026-03-25T00:50:47","slug":"sjaforer-i-spania-fanget-opp-av-et-lite-usynlig-fotoboks","status":"publish","type":"post","link":"https:\/\/nordnesrepublikken.no\/index.php\/2026\/03\/25\/sjaforer-i-spania-fanget-opp-av-et-lite-usynlig-fotoboks\/","title":{"rendered":"Sj\u00e5f\u00f8rer i Spania fanget opp av et lite &laquo;usynlig&raquo; fotoboks"},"content":{"rendered":"<p><\/p>\n<div class=\"wordpress-content\">\n                    <!-- Article Start --><\/p>\n<p>Det er en ny type fartsfelle p\u00e5 spanske veier \u2013 og den fanger bilister f\u00f8r de i det hele tatt skj\u00f8nner at de har gjort noe galt. Velolaser-radaren er liten, b\u00e6rbar og nesten umulig \u00e5 f\u00e5 \u00f8ye p\u00e5, og blir stille og rolig et av de mest effektive verkt\u00f8yene som brukes av Spanias trafikkmyndighet.<\/p>\n<p>Hvis du har kj\u00f8rt i Spania og tenkt at du vil legge merke til et fotoboks i tide til \u00e5 bremse ned, endrer dette ting. Disse enhetene ser ikke ut som tradisjonelle radarer, de skiller seg ikke ut \u2013 og n\u00e5r du innser at en kan v\u00e6re der, er det vanligvis allerede for sent.<\/p>\n<p>For mange sj\u00e5f\u00f8rer, spesielt expats som er vant til tydelig skiltede kameraer i land som Storbritannia eller Frankrike, kan det komme som litt av et sjokk.<\/p>\n<div class=\"sra_unit\"><link rel=\"stylesheet\" id=\"block-sra\" href=\"https:\/\/euroweeklynews.com\/wp-content\/plugins\/snack-related-articles\/dist\/css\/snack-related.min.css?250312-193541\" type=\"text\/css\" media=\"all\">\n<\/div>\n<h2>Hvorfor denne radaren er s\u00e5 vanskelig \u00e5 f\u00e5 \u00f8ye p\u00e5 p\u00e5 spanske veier<\/h2>\n<p>Velolaseren er ikke ditt typiske kamera ved veikanten.<\/p>\n<p>Den er liten \u2013 veldig liten \u2013 og det er nettopp det som gj\u00f8r den s\u00e5 effektiv. Den kan plasseres nesten hvor som helst: bak et autovern, festet til et veiskilt, sittende lavt i gresset eller til og med plassert i n\u00e6rheten av et umerket kj\u00f8ret\u00f8y.<\/p>\n<p>Du er ikke ute etter en stor gr\u00e5 boks lenger. Du ser etter noe du sannsynligvis ikke vil se.<\/p>\n<p>Og det er poenget.<\/p>\n<p>Trafikkmyndighetene vil at sj\u00e5f\u00f8rene skal respektere fartsgrensene til enhver tid, ikke bare n\u00e5r de vet at en radar kommer opp. Ved \u00e5 gj\u00f8re disse enhetene diskrete og mobile, fjerner de denne vanen med \u00abbremsing i siste sekund\u00bb som mange sj\u00e5f\u00f8rer stoler p\u00e5.<\/p>\n<p>Velolaseren bruker laserteknologi for \u00e5 m\u00e5le hastighet med h\u00f8y n\u00f8yaktighet og p\u00e5 avstand. Den kan ta flere avlesninger p\u00e5 sekunder og fange kj\u00f8ret\u00f8ydetaljer tydelig. I reelle termer betyr det at det er sv\u00e6rt lite rom for feil \u2013 eller andre sjanser.<\/p>\n<h2>Hvor og n\u00e5r er det mest sannsynlig at du m\u00f8ter det<\/h2>\n<p>Disse radarene brukes ofte p\u00e5 lange, rette veistrekninger \u2013 den typen hvor det er lett \u00e5 drive litt over grensen uten \u00e5 tenke.<\/p>\n<p>Men det som virkelig gj\u00f8r dem vanskelige er hvor ofte de beveger seg.<\/p>\n<p>Fordi de er lette og batteridrevne, kan betjenter sette dem opp raskt og flytte dem like raskt. Den ene timen er de p\u00e5 en rolig strekning utenfor en by, den neste er de flyttet et helt annet sted.<\/p>\n<p>Noen rapporter tyder p\u00e5 at de blir p\u00e5 ett sted i rundt en time f\u00f8r de blir omplassert. Det gj\u00f8r dem vanskelige \u00e5 spore ved bruk av apper eller delte varsler mellom sj\u00e5f\u00f8rer.<\/p>\n<p>De har ogs\u00e5 en tendens til \u00e5 dukke opp i travle perioder \u2013 morgenpendler eller tidlig kveld \u2013 n\u00e5r veiene er mer overfylte og faren for fart \u00f8ker.<\/p>\n<p>S\u00e5 selv om du kj\u00f8rer samme rute hver dag, kan du ikke anta at du vet hvor de vil v\u00e6re.<\/p>\n<h2>Det handler ikke bare om b\u00f8ter \u2013 men det kan f\u00f8les slik<\/h2>\n<p>Offisielt er m\u00e5let trafikksikkerhet.<\/p>\n<p>Hastighet er fortsatt en av hovedfaktorene i alvorlige ulykker, og DGT har investert mer i teknologi for \u00e5 overv\u00e5ke den. Velolaseren er en del av den bredere strategien \u2013 sammen med droner og helikoptre som kan spore trafikk ovenfra.<\/p>\n<p>Men fra en sj\u00e5f\u00f8rs synspunkt f\u00f8les det ikke alltid slik.<\/p>\n<p>For mange mennesker, spesielt de som ikke har v\u00e6rt borti denne typen h\u00e5ndhevelse f\u00f8r, kan det f\u00f8les som en skjult felle. Du kj\u00f8rer som vanlig, kanskje noen kilometer over grensen uten \u00e5 v\u00e6re klar over det \u2013 og senere kommer en bot.<\/p>\n<p>Det er ofte slik folk f\u00f8rst oppdager at disse enhetene til og med eksisterer.<\/p>\n<h2>Hva expats i Spania b\u00f8r v\u00e6re klar over<\/h2>\n<p>Hvis du bor i Spania eller kj\u00f8rer her regelmessig, er dette en av de sm\u00e5, men viktige forskjellene du b\u00f8r v\u00e6re klar over.<\/p>\n<p>I noen land er fotobokser tydelig merket eller delt mye gjennom navigasjonsapper. I Spania er det ikke alltid tilfelle \u2013 spesielt med mobile enheter som Velolaser.<\/p>\n<p>Du kan ikke stole p\u00e5 \u00e5 oppdage dem. Og du kan ikke stole p\u00e5 at apper advarer deg hver gang.<\/p>\n<p>For expats som kj\u00f8rer mellom byer som Alicante, Valencia, Malaga eller Madrid, hvor lange strekninger med \u00e5pen vei er vanlig, er det spesielt aktuelt. Dette er akkurat den typen veier hvor disse radarene ofte brukes.<\/p>\n<h2>Den enkle takeawayen for sj\u00e5f\u00f8rer<\/h2>\n<p>Det er egentlig ikke et triks for \u00e5 unng\u00e5 dem.<\/p>\n<p>Ingen spesiell rute, ingen p\u00e5litelig varslingssystem, ingen \u00e5penbar visuell anelse.<\/p>\n<p>Den eneste virkelige m\u00e5ten \u00e5 unng\u00e5 b\u00f8ter p\u00e5 er den \u00e5penbare \u2013 hold deg til fartsgrensen, selv n\u00e5r veien f\u00f8les tom.<\/p>\n<p>For akkurat n\u00e5, p\u00e5 spanske veier, er det en god sjanse for at tingen som ser p\u00e5 hastigheten din&#8230; er den du aldri s\u00e5.<\/p>\n<p>                    <!-- Originally published at https:\/\/euroweeklynews.com\/2026\/03\/24\/drivers-in-spain-caught-by-tiny-invisible-speed-camera\/ on 24 Mar 2026 at 12:03 by Farah Mokrani --><br \/>\n                    <!-- Article End -->\n                <\/div>\n","protected":false},"excerpt":{"rendered":"<p>Det er en ny type fartsfelle p\u00e5 spanske veier \u2013 og den fanger bilister f\u00f8r<\/p>\n","protected":false},"author":1,"featured_media":16207,"comment_status":"closed","ping_status":"open","sticky":false,"template":"","format":"standard","meta":{"footnotes":""},"categories":[105],"tags":[4721,10517,2421,283,1737,529,5183],"class_list":["post-16206","post","type-post","status-publish","format-standard","has-post-thumbnail","hentry","category-livsstil","tag-fanget","tag-fotoboks","tag-lite","tag-opp","tag-sjaforer","tag-spania","tag-usynlig","generate-columns","tablet-grid-50","mobile-grid-100","grid-parent","grid-33","resize-featured-image"],"yoast_head":"<!-- This site is optimized with the Yoast SEO plugin v24.4 - https:\/\/yoast.com\/wordpress\/plugins\/seo\/ -->\n<title>Sj\u00e5f\u00f8rer i Spania fanget opp av et lite &quot;usynlig&quot; fotoboks - Nordnesrepublikken<\/title>\n<meta name=\"robots\" content=\"index, follow, max-snippet:-1, max-image-preview:large, max-video-preview:-1\" \/>\n<link rel=\"canonical\" href=\"https:\/\/nordnesrepublikken.no\/index.php\/2026\/03\/25\/sjaforer-i-spania-fanget-opp-av-et-lite-usynlig-fotoboks\/\" \/>\n<meta property=\"og:locale\" content=\"nb_NO\" \/>\n<meta property=\"og:type\" content=\"article\" \/>\n<meta property=\"og:title\" content=\"Sj\u00e5f\u00f8rer i Spania fanget opp av et lite &quot;usynlig&quot; fotoboks - Nordnesrepublikken\" \/>\n<meta property=\"og:description\" content=\"Det er en ny type fartsfelle p\u00e5 spanske veier \u2013 og den fanger bilister f\u00f8r\" \/>\n<meta property=\"og:url\" content=\"https:\/\/nordnesrepublikken.no\/index.php\/2026\/03\/25\/sjaforer-i-spania-fanget-opp-av-et-lite-usynlig-fotoboks\/\" \/>\n<meta property=\"og:site_name\" content=\"Nordnesrepublikken\" \/>\n<meta property=\"article:published_time\" content=\"2026-03-25T00:50:46+00:00\" \/>\n<meta property=\"article:modified_time\" content=\"2026-03-25T00:50:47+00:00\" \/>\n<meta property=\"og:image\" content=\"https:\/\/nordnesrepublikken.no\/wp-content\/uploads\/2026\/03\/1774399846_Sjaforer-i-Spania-fanget-opp-av-et-lite-usynlig-fotoboks.jpg\" \/>\n\t<meta property=\"og:image:width\" content=\"1200\" \/>\n\t<meta property=\"og:image:height\" content=\"901\" \/>\n\t<meta property=\"og:image:type\" content=\"image\/jpeg\" \/>\n<meta name=\"author\" content=\"Ole Andersen\" \/>\n<meta name=\"twitter:card\" content=\"summary_large_image\" \/>\n<meta name=\"twitter:label1\" content=\"Skrevet av\" \/>\n\t<meta name=\"twitter:data1\" content=\"Ole Andersen\" \/>\n\t<meta name=\"twitter:label2\" content=\"Ansl. lesetid\" \/>\n\t<meta name=\"twitter:data2\" content=\"4 minutter\" \/>\n<script type=\"application\/ld+json\" class=\"yoast-schema-graph\">{\"@context\":\"https:\/\/schema.org\",\"@graph\":[{\"@type\":\"Article\",\"@id\":\"https:\/\/nordnesrepublikken.no\/index.php\/2026\/03\/25\/sjaforer-i-spania-fanget-opp-av-et-lite-usynlig-fotoboks\/#article\",\"isPartOf\":{\"@id\":\"https:\/\/nordnesrepublikken.no\/index.php\/2026\/03\/25\/sjaforer-i-spania-fanget-opp-av-et-lite-usynlig-fotoboks\/\"},\"author\":{\"name\":\"Ole Andersen\",\"@id\":\"https:\/\/nordnesrepublikken.no\/#\/schema\/person\/2e7e81935bab77882fffb79296240ff1\"},\"headline\":\"Sj\u00e5f\u00f8rer i Spania fanget opp av et lite &laquo;usynlig&raquo; fotoboks\",\"datePublished\":\"2026-03-25T00:50:46+00:00\",\"dateModified\":\"2026-03-25T00:50:47+00:00\",\"mainEntityOfPage\":{\"@id\":\"https:\/\/nordnesrepublikken.no\/index.php\/2026\/03\/25\/sjaforer-i-spania-fanget-opp-av-et-lite-usynlig-fotoboks\/\"},\"wordCount\":823,\"publisher\":{\"@id\":\"https:\/\/nordnesrepublikken.no\/#organization\"},\"image\":{\"@id\":\"https:\/\/nordnesrepublikken.no\/index.php\/2026\/03\/25\/sjaforer-i-spania-fanget-opp-av-et-lite-usynlig-fotoboks\/#primaryimage\"},\"thumbnailUrl\":\"https:\/\/nordnesrepublikken.no\/wp-content\/uploads\/2026\/03\/1774399846_Sjaforer-i-Spania-fanget-opp-av-et-lite-usynlig-fotoboks.jpg\",\"keywords\":[\"fanget\",\"fotoboks\",\"lite\",\"opp\",\"sj\u00e5f\u00f8rer\",\"Spania\",\"usynlig\"],\"articleSection\":[\"Livsstil\"],\"inLanguage\":\"nb-NO\"},{\"@type\":\"WebPage\",\"@id\":\"https:\/\/nordnesrepublikken.no\/index.php\/2026\/03\/25\/sjaforer-i-spania-fanget-opp-av-et-lite-usynlig-fotoboks\/\",\"url\":\"https:\/\/nordnesrepublikken.no\/index.php\/2026\/03\/25\/sjaforer-i-spania-fanget-opp-av-et-lite-usynlig-fotoboks\/\",\"name\":\"Sj\u00e5f\u00f8rer i Spania fanget opp av et lite \\\"usynlig\\\" fotoboks - Nordnesrepublikken\",\"isPartOf\":{\"@id\":\"https:\/\/nordnesrepublikken.no\/#website\"},\"primaryImageOfPage\":{\"@id\":\"https:\/\/nordnesrepublikken.no\/index.php\/2026\/03\/25\/sjaforer-i-spania-fanget-opp-av-et-lite-usynlig-fotoboks\/#primaryimage\"},\"image\":{\"@id\":\"https:\/\/nordnesrepublikken.no\/index.php\/2026\/03\/25\/sjaforer-i-spania-fanget-opp-av-et-lite-usynlig-fotoboks\/#primaryimage\"},\"thumbnailUrl\":\"https:\/\/nordnesrepublikken.no\/wp-content\/uploads\/2026\/03\/1774399846_Sjaforer-i-Spania-fanget-opp-av-et-lite-usynlig-fotoboks.jpg\",\"datePublished\":\"2026-03-25T00:50:46+00:00\",\"dateModified\":\"2026-03-25T00:50:47+00:00\",\"breadcrumb\":{\"@id\":\"https:\/\/nordnesrepublikken.no\/index.php\/2026\/03\/25\/sjaforer-i-spania-fanget-opp-av-et-lite-usynlig-fotoboks\/#breadcrumb\"},\"inLanguage\":\"nb-NO\",\"potentialAction\":[{\"@type\":\"ReadAction\",\"target\":[\"https:\/\/nordnesrepublikken.no\/index.php\/2026\/03\/25\/sjaforer-i-spania-fanget-opp-av-et-lite-usynlig-fotoboks\/\"]}]},{\"@type\":\"ImageObject\",\"inLanguage\":\"nb-NO\",\"@id\":\"https:\/\/nordnesrepublikken.no\/index.php\/2026\/03\/25\/sjaforer-i-spania-fanget-opp-av-et-lite-usynlig-fotoboks\/#primaryimage\",\"url\":\"https:\/\/nordnesrepublikken.no\/wp-content\/uploads\/2026\/03\/1774399846_Sjaforer-i-Spania-fanget-opp-av-et-lite-usynlig-fotoboks.jpg\",\"contentUrl\":\"https:\/\/nordnesrepublikken.no\/wp-content\/uploads\/2026\/03\/1774399846_Sjaforer-i-Spania-fanget-opp-av-et-lite-usynlig-fotoboks.jpg\",\"width\":1200,\"height\":901,\"caption\":\"Sj\u00e5f\u00f8rer i Spania fanget opp av et lite \\\"usynlig\\\" fotoboks\"},{\"@type\":\"BreadcrumbList\",\"@id\":\"https:\/\/nordnesrepublikken.no\/index.php\/2026\/03\/25\/sjaforer-i-spania-fanget-opp-av-et-lite-usynlig-fotoboks\/#breadcrumb\",\"itemListElement\":[{\"@type\":\"ListItem\",\"position\":1,\"name\":\"Home\",\"item\":\"https:\/\/nordnesrepublikken.no\/\"},{\"@type\":\"ListItem\",\"position\":2,\"name\":\"Sj\u00e5f\u00f8rer i Spania fanget opp av et lite &laquo;usynlig&raquo; fotoboks\"}]},{\"@type\":\"WebSite\",\"@id\":\"https:\/\/nordnesrepublikken.no\/#website\",\"url\":\"https:\/\/nordnesrepublikken.no\/\",\"name\":\"Nordnesrepublikken\",\"description\":\"Stemmer og Visjoner fra Republikkens Hjerte\",\"publisher\":{\"@id\":\"https:\/\/nordnesrepublikken.no\/#organization\"},\"potentialAction\":[{\"@type\":\"SearchAction\",\"target\":{\"@type\":\"EntryPoint\",\"urlTemplate\":\"https:\/\/nordnesrepublikken.no\/?s={search_term_string}\"},\"query-input\":{\"@type\":\"PropertyValueSpecification\",\"valueRequired\":true,\"valueName\":\"search_term_string\"}}],\"inLanguage\":\"nb-NO\"},{\"@type\":\"Organization\",\"@id\":\"https:\/\/nordnesrepublikken.no\/#organization\",\"name\":\"Nordnesrepublikken\",\"url\":\"https:\/\/nordnesrepublikken.no\/\",\"logo\":{\"@type\":\"ImageObject\",\"inLanguage\":\"nb-NO\",\"@id\":\"https:\/\/nordnesrepublikken.no\/#\/schema\/logo\/image\/\",\"url\":\"https:\/\/nordnesrepublikken.no\/wp-content\/uploads\/2025\/02\/cropped-nordnesrepublikken-2.png\",\"contentUrl\":\"https:\/\/nordnesrepublikken.no\/wp-content\/uploads\/2025\/02\/cropped-nordnesrepublikken-2.png\",\"width\":1248,\"height\":362,\"caption\":\"Nordnesrepublikken\"},\"image\":{\"@id\":\"https:\/\/nordnesrepublikken.no\/#\/schema\/logo\/image\/\"}},{\"@type\":\"Person\",\"@id\":\"https:\/\/nordnesrepublikken.no\/#\/schema\/person\/2e7e81935bab77882fffb79296240ff1\",\"name\":\"Ole Andersen\",\"image\":{\"@type\":\"ImageObject\",\"inLanguage\":\"nb-NO\",\"@id\":\"https:\/\/nordnesrepublikken.no\/#\/schema\/person\/image\/\",\"url\":\"https:\/\/nordnesrepublikken.no\/wp-content\/uploads\/2025\/02\/nordnesrepublikken-2-2-150x150.jpg\",\"contentUrl\":\"https:\/\/nordnesrepublikken.no\/wp-content\/uploads\/2025\/02\/nordnesrepublikken-2-2-150x150.jpg\",\"caption\":\"Ole Andersen\"},\"description\":\"Ettersom jeg vokste opp i Oslo, har jeg alltid v\u00e6rt fascinert av ordenes kraft og deres evne til \u00e5 skape endringer. Etter \u00e5 ha fullf\u00f8rt min utdannelse i kommunikasjon ved Universitetet i Bergen, fikk jeg muligheten til \u00e5 jobbe innen ulike medier, der jeg har s\u00f8kt \u00e5 belyse viktige samfunnssp\u00f8rsm\u00e5l. I dag, som redakt\u00f8r for Nordnesrepublikken, pr\u00f8ver jeg \u00e5 forene min kj\u00e6rlighet for journalistikk med min lidenskap for innovasjon og eventyr.\",\"sameAs\":[\"https:\/\/nordnesrepublikken.no\/\"]}]}<\/script>\n<!-- \/ Yoast SEO plugin. -->","yoast_head_json":{"title":"Sj\u00e5f\u00f8rer i Spania fanget opp av et lite \"usynlig\" fotoboks - Nordnesrepublikken","robots":{"index":"index","follow":"follow","max-snippet":"max-snippet:-1","max-image-preview":"max-image-preview:large","max-video-preview":"max-video-preview:-1"},"canonical":"https:\/\/nordnesrepublikken.no\/index.php\/2026\/03\/25\/sjaforer-i-spania-fanget-opp-av-et-lite-usynlig-fotoboks\/","og_locale":"nb_NO","og_type":"article","og_title":"Sj\u00e5f\u00f8rer i Spania fanget opp av et lite \"usynlig\" fotoboks - Nordnesrepublikken","og_description":"Det er en ny type fartsfelle p\u00e5 spanske veier \u2013 og den fanger bilister f\u00f8r","og_url":"https:\/\/nordnesrepublikken.no\/index.php\/2026\/03\/25\/sjaforer-i-spania-fanget-opp-av-et-lite-usynlig-fotoboks\/","og_site_name":"Nordnesrepublikken","article_published_time":"2026-03-25T00:50:46+00:00","article_modified_time":"2026-03-25T00:50:47+00:00","og_image":[{"width":1200,"height":901,"url":"https:\/\/nordnesrepublikken.no\/wp-content\/uploads\/2026\/03\/1774399846_Sjaforer-i-Spania-fanget-opp-av-et-lite-usynlig-fotoboks.jpg","type":"image\/jpeg"}],"author":"Ole Andersen","twitter_card":"summary_large_image","twitter_misc":{"Skrevet av":"Ole Andersen","Ansl. lesetid":"4 minutter"},"schema":{"@context":"https:\/\/schema.org","@graph":[{"@type":"Article","@id":"https:\/\/nordnesrepublikken.no\/index.php\/2026\/03\/25\/sjaforer-i-spania-fanget-opp-av-et-lite-usynlig-fotoboks\/#article","isPartOf":{"@id":"https:\/\/nordnesrepublikken.no\/index.php\/2026\/03\/25\/sjaforer-i-spania-fanget-opp-av-et-lite-usynlig-fotoboks\/"},"author":{"name":"Ole Andersen","@id":"https:\/\/nordnesrepublikken.no\/#\/schema\/person\/2e7e81935bab77882fffb79296240ff1"},"headline":"Sj\u00e5f\u00f8rer i Spania fanget opp av et lite &laquo;usynlig&raquo; fotoboks","datePublished":"2026-03-25T00:50:46+00:00","dateModified":"2026-03-25T00:50:47+00:00","mainEntityOfPage":{"@id":"https:\/\/nordnesrepublikken.no\/index.php\/2026\/03\/25\/sjaforer-i-spania-fanget-opp-av-et-lite-usynlig-fotoboks\/"},"wordCount":823,"publisher":{"@id":"https:\/\/nordnesrepublikken.no\/#organization"},"image":{"@id":"https:\/\/nordnesrepublikken.no\/index.php\/2026\/03\/25\/sjaforer-i-spania-fanget-opp-av-et-lite-usynlig-fotoboks\/#primaryimage"},"thumbnailUrl":"https:\/\/nordnesrepublikken.no\/wp-content\/uploads\/2026\/03\/1774399846_Sjaforer-i-Spania-fanget-opp-av-et-lite-usynlig-fotoboks.jpg","keywords":["fanget","fotoboks","lite","opp","sj\u00e5f\u00f8rer","Spania","usynlig"],"articleSection":["Livsstil"],"inLanguage":"nb-NO"},{"@type":"WebPage","@id":"https:\/\/nordnesrepublikken.no\/index.php\/2026\/03\/25\/sjaforer-i-spania-fanget-opp-av-et-lite-usynlig-fotoboks\/","url":"https:\/\/nordnesrepublikken.no\/index.php\/2026\/03\/25\/sjaforer-i-spania-fanget-opp-av-et-lite-usynlig-fotoboks\/","name":"Sj\u00e5f\u00f8rer i Spania fanget opp av et lite \"usynlig\" fotoboks - Nordnesrepublikken","isPartOf":{"@id":"https:\/\/nordnesrepublikken.no\/#website"},"primaryImageOfPage":{"@id":"https:\/\/nordnesrepublikken.no\/index.php\/2026\/03\/25\/sjaforer-i-spania-fanget-opp-av-et-lite-usynlig-fotoboks\/#primaryimage"},"image":{"@id":"https:\/\/nordnesrepublikken.no\/index.php\/2026\/03\/25\/sjaforer-i-spania-fanget-opp-av-et-lite-usynlig-fotoboks\/#primaryimage"},"thumbnailUrl":"https:\/\/nordnesrepublikken.no\/wp-content\/uploads\/2026\/03\/1774399846_Sjaforer-i-Spania-fanget-opp-av-et-lite-usynlig-fotoboks.jpg","datePublished":"2026-03-25T00:50:46+00:00","dateModified":"2026-03-25T00:50:47+00:00","breadcrumb":{"@id":"https:\/\/nordnesrepublikken.no\/index.php\/2026\/03\/25\/sjaforer-i-spania-fanget-opp-av-et-lite-usynlig-fotoboks\/#breadcrumb"},"inLanguage":"nb-NO","potentialAction":[{"@type":"ReadAction","target":["https:\/\/nordnesrepublikken.no\/index.php\/2026\/03\/25\/sjaforer-i-spania-fanget-opp-av-et-lite-usynlig-fotoboks\/"]}]},{"@type":"ImageObject","inLanguage":"nb-NO","@id":"https:\/\/nordnesrepublikken.no\/index.php\/2026\/03\/25\/sjaforer-i-spania-fanget-opp-av-et-lite-usynlig-fotoboks\/#primaryimage","url":"https:\/\/nordnesrepublikken.no\/wp-content\/uploads\/2026\/03\/1774399846_Sjaforer-i-Spania-fanget-opp-av-et-lite-usynlig-fotoboks.jpg","contentUrl":"https:\/\/nordnesrepublikken.no\/wp-content\/uploads\/2026\/03\/1774399846_Sjaforer-i-Spania-fanget-opp-av-et-lite-usynlig-fotoboks.jpg","width":1200,"height":901,"caption":"Sj\u00e5f\u00f8rer i Spania fanget opp av et lite \"usynlig\" fotoboks"},{"@type":"BreadcrumbList","@id":"https:\/\/nordnesrepublikken.no\/index.php\/2026\/03\/25\/sjaforer-i-spania-fanget-opp-av-et-lite-usynlig-fotoboks\/#breadcrumb","itemListElement":[{"@type":"ListItem","position":1,"name":"Home","item":"https:\/\/nordnesrepublikken.no\/"},{"@type":"ListItem","position":2,"name":"Sj\u00e5f\u00f8rer i Spania fanget opp av et lite &laquo;usynlig&raquo; fotoboks"}]},{"@type":"WebSite","@id":"https:\/\/nordnesrepublikken.no\/#website","url":"https:\/\/nordnesrepublikken.no\/","name":"Nordnesrepublikken","description":"Stemmer og Visjoner fra Republikkens Hjerte","publisher":{"@id":"https:\/\/nordnesrepublikken.no\/#organization"},"potentialAction":[{"@type":"SearchAction","target":{"@type":"EntryPoint","urlTemplate":"https:\/\/nordnesrepublikken.no\/?s={search_term_string}"},"query-input":{"@type":"PropertyValueSpecification","valueRequired":true,"valueName":"search_term_string"}}],"inLanguage":"nb-NO"},{"@type":"Organization","@id":"https:\/\/nordnesrepublikken.no\/#organization","name":"Nordnesrepublikken","url":"https:\/\/nordnesrepublikken.no\/","logo":{"@type":"ImageObject","inLanguage":"nb-NO","@id":"https:\/\/nordnesrepublikken.no\/#\/schema\/logo\/image\/","url":"https:\/\/nordnesrepublikken.no\/wp-content\/uploads\/2025\/02\/cropped-nordnesrepublikken-2.png","contentUrl":"https:\/\/nordnesrepublikken.no\/wp-content\/uploads\/2025\/02\/cropped-nordnesrepublikken-2.png","width":1248,"height":362,"caption":"Nordnesrepublikken"},"image":{"@id":"https:\/\/nordnesrepublikken.no\/#\/schema\/logo\/image\/"}},{"@type":"Person","@id":"https:\/\/nordnesrepublikken.no\/#\/schema\/person\/2e7e81935bab77882fffb79296240ff1","name":"Ole Andersen","image":{"@type":"ImageObject","inLanguage":"nb-NO","@id":"https:\/\/nordnesrepublikken.no\/#\/schema\/person\/image\/","url":"https:\/\/nordnesrepublikken.no\/wp-content\/uploads\/2025\/02\/nordnesrepublikken-2-2-150x150.jpg","contentUrl":"https:\/\/nordnesrepublikken.no\/wp-content\/uploads\/2025\/02\/nordnesrepublikken-2-2-150x150.jpg","caption":"Ole Andersen"},"description":"Ettersom jeg vokste opp i Oslo, har jeg alltid v\u00e6rt fascinert av ordenes kraft og deres evne til \u00e5 skape endringer. Etter \u00e5 ha fullf\u00f8rt min utdannelse i kommunikasjon ved Universitetet i Bergen, fikk jeg muligheten til \u00e5 jobbe innen ulike medier, der jeg har s\u00f8kt \u00e5 belyse viktige samfunnssp\u00f8rsm\u00e5l. I dag, som redakt\u00f8r for Nordnesrepublikken, pr\u00f8ver jeg \u00e5 forene min kj\u00e6rlighet for journalistikk med min lidenskap for innovasjon og eventyr.","sameAs":["https:\/\/nordnesrepublikken.no\/"]}]}},"_links":{"self":[{"href":"https:\/\/nordnesrepublikken.no\/index.php\/wp-json\/wp\/v2\/posts\/16206","targetHints":{"allow":["GET"]}}],"collection":[{"href":"https:\/\/nordnesrepublikken.no\/index.php\/wp-json\/wp\/v2\/posts"}],"about":[{"href":"https:\/\/nordnesrepublikken.no\/index.php\/wp-json\/wp\/v2\/types\/post"}],"author":[{"embeddable":true,"href":"https:\/\/nordnesrepublikken.no\/index.php\/wp-json\/wp\/v2\/users\/1"}],"replies":[{"embeddable":true,"href":"https:\/\/nordnesrepublikken.no\/index.php\/wp-json\/wp\/v2\/comments?post=16206"}],"version-history":[{"count":1,"href":"https:\/\/nordnesrepublikken.no\/index.php\/wp-json\/wp\/v2\/posts\/16206\/revisions"}],"predecessor-version":[{"id":16208,"href":"https:\/\/nordnesrepublikken.no\/index.php\/wp-json\/wp\/v2\/posts\/16206\/revisions\/16208"}],"wp:featuredmedia":[{"embeddable":true,"href":"https:\/\/nordnesrepublikken.no\/index.php\/wp-json\/wp\/v2\/media\/16207"}],"wp:attachment":[{"href":"https:\/\/nordnesrepublikken.no\/index.php\/wp-json\/wp\/v2\/media?parent=16206"}],"wp:term":[{"taxonomy":"category","embeddable":true,"href":"https:\/\/nordnesrepublikken.no\/index.php\/wp-json\/wp\/v2\/categories?post=16206"},{"taxonomy":"post_tag","embeddable":true,"href":"https:\/\/nordnesrepublikken.no\/index.php\/wp-json\/wp\/v2\/tags?post=16206"}],"curies":[{"name":"wp","href":"https:\/\/api.w.org\/{rel}","templated":true}]}}