{"id":14597,"date":"2026-02-06T02:50:14","date_gmt":"2026-02-06T01:50:14","guid":{"rendered":"https:\/\/nordnesrepublikken.no\/index.php\/2026\/02\/06\/vi-feirer-barden\/"},"modified":"2026-02-06T02:50:15","modified_gmt":"2026-02-06T01:50:15","slug":"vi-feirer-barden","status":"publish","type":"post","link":"https:\/\/nordnesrepublikken.no\/index.php\/2026\/02\/06\/vi-feirer-barden\/","title":{"rendered":"Vi feirer barden!"},"content":{"rendered":"<div class=\"wordpress-content\">\n                    <!-- Article Start --><\/p>\n<p>Robert Burns ville ha v\u00e6rt glad for \u00e5 vite hvor mange mennesker som feirer livet og tidene til den ber\u00f8mte barden som d\u00f8de da han bare var 37, men med ni legitime barn og tre uekte. Hvordan han fant tid til \u00e5 produsere over 550 komponerte verk og gj\u00f8re en jobb som bonde er ganske utrolig. Alltid klar med en grunn for en fest, holdt The Classic &#038; Sportscar Club en veldig spesiell kveld til \u00e6re for Burns p\u00e5 fantastiske &#8216;Geranium&#8217; Restaurante i La Cala de Mijas sist helg. Stedet var stappfullt av Burns-fester, der en sv\u00e6rt akseptabel gjengivelse av &#8216;Selkirk Grace&#8217; og &#8216;Ode to the Haggis&#8217; ble levert av det bekiltede CSCC-medlemmet, Frank Murray. En ekte skotte&#8230;! Etter en ypperlig middag, som inkluderte Haggis, Neeps, Tatties og kamskjell, og en liten dram, ble kvelden avsluttet med en spennende gjengivelse av &#8216;Auld Lang Syne&#8217;. Spennende, men ikke n\u00f8dvendigvis melodisk!<\/p>\n<p>Siden de fleste motorsportentusiaster venter med stor spenning p\u00e5 at F1-sesongen 2026 skal komme i gang, har januar v\u00e6rt en flott m\u00e5ned for The Classic &#038; Sportscar Club og dens medlemmer.<\/p>\n<h2><strong>M\u00e5neden p\u00e5 The Classic &#038; Sportscar Club<\/strong><\/h2>\n<p>Deres vanlige lunsj p\u00e5 La Siera Restaurante i begynnelsen av m\u00e5neden var godt st\u00f8ttet og mest underholdende, og deres Classic &#038; Sportscar Run og lunsj p\u00e5f\u00f8lgende l\u00f8rdag var en stor suksess. Godt over 80 personer kom ut for \u00e5 delta i bilkj\u00f8ringen, som startet ved Venta Peligrino n\u00e6r Ojen, like ovenfor La Ca\u00f1ada kommersielle senter. Ruten p\u00e5 135 km gikk gjennom Monda, Guaro og deretter Alozaina og Yunquera f\u00f8r et kaffestopp n\u00e6r El Burgo. Det store oppm\u00f8tet av klassiske og moderne sportsbiler og deres mannskap krysset deretter Serrania de Ronda-fjellkjeden, og det er et fantastisk &laquo;M\u00e5nelandskap&raquo; da den satte kursen mot Ronda f\u00f8r den svingte s\u00f8rover, og den svingete, men raske, nedstigningen av A-397 til San Pedro.<\/p>\n<div class=\"sra_unit\"><link rel=\"stylesheet\" id=\"block-sra\" href=\"https:\/\/euroweeklynews.com\/wp-content\/plugins\/snack-related-articles\/dist\/css\/snack-related.min.css?250312-193541\" type=\"text\/css\" media=\"all\">\n<\/div>\n<p>Rett f\u00f8r San Pedro ligger den fabelaktige &#8216;Coto&#8217;-restauranten hvor en fantastisk tre-retters lunsj ble produsert av kokk\/beskytter Clive Rogers, og satte kvalitetsstempel p\u00e5 dette ypperlige Ian Giles-organiserte arrangementet.<\/p>\n<\/p>\n<h2>Det f\u00f8rste biler og kaffem\u00f8te<\/h2>\n<p>Bare \u00e9n dag senere, s\u00f8ndag, s\u00e5 det f\u00f8rste Cars-and-Coffee-m\u00f8tet finne sted i Centro Plaza, Puerto Banus. Kj\u00f8rt i forbindelse med YANX American Diner, parkeringsplassen, \u00e5pen fra 10.00 til 13.00, skilte med ikke mindre enn 130 biler og deres eiere. Alle kom for \u00e5 nyte den sosiale anledningen, en sjanse til \u00e5 vise frem bilene sine til et interessert publikum, m\u00f8te andre entusiaster og nyte kaffe eller frokost p\u00e5 YANX. Arrangementet ble godt st\u00f8ttet av The Ferrari Owners Club og The Porsche Owners Club samt lokale klubber og The Classic &#038; Sportscar Club. Det er forh\u00e5pentligvis \u00e5 gjennomf\u00f8re dette arrangementet m\u00e5nedlig, neste m\u00f8te vil v\u00e6re s\u00f8ndag 15. februar.<\/p>\n<p><img loading=\"lazy\" decoding=\"async\" class=\"alignnone  wp-image-559974\" src=\"https:\/\/nordnesrepublikken.no\/wp-content\/uploads\/2026\/02\/1770342614_636_Vi-feirer-barden.jpg\" alt=\"Classic &#038; Sportscar Club \" width=\"292\" height=\"390\"  ><img loading=\"lazy\" decoding=\"async\" class=\"alignnone  wp-image-559975\" src=\"https:\/\/nordnesrepublikken.no\/wp-content\/uploads\/2026\/02\/1770342614_20_Vi-feirer-barden.jpg\" alt=\"Classic &#038; Sportscar Club \" width=\"292\" height=\"389\"  ><img loading=\"lazy\" decoding=\"async\" class=\"alignnone  wp-image-559976\" src=\"https:\/\/nordnesrepublikken.no\/wp-content\/uploads\/2026\/02\/1770342614_492_Vi-feirer-barden.jpg\" alt=\"Classic &#038; Sportscar Club \" width=\"291\" height=\"388\"  ><\/p>\n<h2>Den fantastiske verdenen til F1<\/h2>\n<p>Snakker, som jeg var, om F1 og den nye sesongen. Mens jeg skriver, er de radikale, nye F1-bilene i Barcelona for den f\u00f8rste &laquo;Bak lukkede d\u00f8rer&raquo;-test\u00f8kten. Informasjon &laquo;sives&raquo; ut, og vi forst\u00e5r at de fleste av disse utrolige h\u00f8yteknologiske maskinene oppf\u00f8rer seg bra og overraskende p\u00e5litelig. Dette \u00e5ret bringer trolig de st\u00f8rste endringene i F1-historien til byggeforskriftene, s\u00e5 disse bilene er virkelig nye og upr\u00f8vde. Ved \u00e5 bruke 50 % elektrisk kraft og 50 % intern forbrenningsmotor, er disse bilene helt annerledes enn tidligere versjoner og har blitt bygget etter helt nye forskrifter som tar sikte p\u00e5 \u00e5 skape tettere racing og med mer &laquo;f\u00f8rerinnsats&raquo;. Produserer rundt 1000 hestekrefter og med mindre vekt, kommer dette til \u00e5 gi en fascinerende og spennende kommende sesong. Det vanlige sirkuset med 10 lag og 20 f\u00f8rere vil for 2026 f\u00e5 selskap av oppkomlingene &#8216;Cadillac&#8217;, som bygger sitt eget Formel 1-team, selv om de forel\u00f8pig vil bruke Ferrari-motorer. Sj\u00e5f\u00f8rer, valgt for deres erfaring s\u00e5 vel som tidligere suksesser, vil v\u00e6re Sergio Perez og Valteri Bottas. Mens jeg skriver dette g\u00e5r den f\u00f8rste pr\u00f8veuken mot slutten. Uken har handlet om systemsjekking og p\u00e5litelighet i motsetning til ytelse, s\u00e5 det er ingen klar indikasjon p\u00e5 hvilke lag som kan v\u00e6re foran, men n\u00e5r det gjelder p\u00e5litelighet, har alle gjort det bra med sannsynligvis Mercedes som viser best form, etter \u00e5 ha lagt inn hundrevis av problemfrie runder. Alle \u00f8yne vil v\u00e6re rettet mot den nye Adrian Newey-designede Aston Martin som skal vises i dag. Lance Stroll la bare fire runder i g\u00e5r med bilen, s\u00e5 han og Fernando Alonso h\u00e5per \u00e5 klare en god \u00f8kt i dag. Neste test\u00f8kt er \u00e5pen for publikum i Bahrain i februar mens vi venter ut\u00e5lmodig p\u00e5 at sesongen skal sparkes skikkelig i gang i Australia i mars. Det kommer til \u00e5 bli en spennende sesong!<\/p>\n<p>N\u00e5r vi kommer tilbake n\u00e6rmere hjemmet, vil de neste arrangementene for The Classic &#038; Sportscar Club v\u00e6re en lunsj p\u00e5 La Sierra tirsdag 3. februar, etterfulgt av en biltur og lunsj l\u00f8rdag 7. februar, som starter n\u00e6r Marbella og avsluttes med lunsj p\u00e5 super &#8216;Papillon Beach&#8217; n\u00e6r Elviria, Marbella. Etter det med s\u00f8ndag 15. \u00abCars and Coffee\u00bb-m\u00f8tet i Puerto Banus og en 5-dagers tur til Costa de la Luz som starter mandag 23. februar.<\/p>\n<p>Mer informasjon om alle disse arrangementene finner du p\u00e5 klubbens hjemmeside, www.csccspain.com eller e-post for informasjon til csccspain@gmail.com<\/p>\n<p><strong>Det var det for denne m\u00e5neden. Nyt bilkj\u00f8ringen din!<\/strong><\/p>\n<p>                    <!-- Originally published at https:\/\/euroweeklynews.com\/2026\/02\/04\/celebrating-the-bard\/ on 04 Feb 2026 at 9:25 by Ian Giles --><br \/>\n                    <!-- Article End -->\n                <\/div>\n","protected":false},"excerpt":{"rendered":"<p>Robert Burns ville ha v\u00e6rt glad for \u00e5 vite hvor mange mennesker som feirer livet<\/p>\n","protected":false},"author":1,"featured_media":14598,"comment_status":"closed","ping_status":"open","sticky":false,"template":"","format":"standard","meta":{"footnotes":""},"categories":[105],"tags":[9509,370],"class_list":["post-14597","post","type-post","status-publish","format-standard","has-post-thumbnail","hentry","category-livsstil","tag-barden","tag-feirer","generate-columns","tablet-grid-50","mobile-grid-100","grid-parent","grid-33","resize-featured-image"],"yoast_head":"<!-- This site is optimized with the Yoast SEO plugin v24.4 - https:\/\/yoast.com\/wordpress\/plugins\/seo\/ -->\n<title>Vi feirer barden! - Nordnesrepublikken<\/title>\n<meta name=\"robots\" content=\"index, follow, max-snippet:-1, max-image-preview:large, max-video-preview:-1\" \/>\n<link rel=\"canonical\" href=\"https:\/\/nordnesrepublikken.no\/index.php\/2026\/02\/06\/vi-feirer-barden\/\" \/>\n<meta property=\"og:locale\" content=\"nb_NO\" \/>\n<meta property=\"og:type\" content=\"article\" \/>\n<meta property=\"og:title\" content=\"Vi feirer barden! - Nordnesrepublikken\" \/>\n<meta property=\"og:description\" content=\"Robert Burns ville ha v\u00e6rt glad for \u00e5 vite hvor mange mennesker som feirer livet\" \/>\n<meta property=\"og:url\" content=\"https:\/\/nordnesrepublikken.no\/index.php\/2026\/02\/06\/vi-feirer-barden\/\" \/>\n<meta property=\"og:site_name\" content=\"Nordnesrepublikken\" \/>\n<meta property=\"article:published_time\" content=\"2026-02-06T01:50:14+00:00\" \/>\n<meta property=\"article:modified_time\" content=\"2026-02-06T01:50:15+00:00\" \/>\n<meta property=\"og:image\" content=\"https:\/\/nordnesrepublikken.no\/wp-content\/uploads\/2026\/02\/1770342614_Vi-feirer-barden.jpg\" \/>\n\t<meta property=\"og:image:width\" content=\"906\" \/>\n\t<meta property=\"og:image:height\" content=\"646\" \/>\n\t<meta property=\"og:image:type\" content=\"image\/jpeg\" \/>\n<meta name=\"author\" content=\"Ole Andersen\" \/>\n<meta name=\"twitter:card\" content=\"summary_large_image\" \/>\n<meta name=\"twitter:label1\" content=\"Skrevet av\" \/>\n\t<meta name=\"twitter:data1\" content=\"Ole Andersen\" \/>\n\t<meta name=\"twitter:label2\" content=\"Ansl. lesetid\" \/>\n\t<meta name=\"twitter:data2\" content=\"5 minutter\" \/>\n<script type=\"application\/ld+json\" class=\"yoast-schema-graph\">{\"@context\":\"https:\/\/schema.org\",\"@graph\":[{\"@type\":\"Article\",\"@id\":\"https:\/\/nordnesrepublikken.no\/index.php\/2026\/02\/06\/vi-feirer-barden\/#article\",\"isPartOf\":{\"@id\":\"https:\/\/nordnesrepublikken.no\/index.php\/2026\/02\/06\/vi-feirer-barden\/\"},\"author\":{\"name\":\"Ole Andersen\",\"@id\":\"https:\/\/nordnesrepublikken.no\/#\/schema\/person\/2e7e81935bab77882fffb79296240ff1\"},\"headline\":\"Vi feirer barden!\",\"datePublished\":\"2026-02-06T01:50:14+00:00\",\"dateModified\":\"2026-02-06T01:50:15+00:00\",\"mainEntityOfPage\":{\"@id\":\"https:\/\/nordnesrepublikken.no\/index.php\/2026\/02\/06\/vi-feirer-barden\/\"},\"wordCount\":905,\"publisher\":{\"@id\":\"https:\/\/nordnesrepublikken.no\/#organization\"},\"image\":{\"@id\":\"https:\/\/nordnesrepublikken.no\/index.php\/2026\/02\/06\/vi-feirer-barden\/#primaryimage\"},\"thumbnailUrl\":\"https:\/\/nordnesrepublikken.no\/wp-content\/uploads\/2026\/02\/1770342614_Vi-feirer-barden.jpg\",\"keywords\":[\"barden\",\"feirer\"],\"articleSection\":[\"Livsstil\"],\"inLanguage\":\"nb-NO\"},{\"@type\":\"WebPage\",\"@id\":\"https:\/\/nordnesrepublikken.no\/index.php\/2026\/02\/06\/vi-feirer-barden\/\",\"url\":\"https:\/\/nordnesrepublikken.no\/index.php\/2026\/02\/06\/vi-feirer-barden\/\",\"name\":\"Vi feirer barden! - Nordnesrepublikken\",\"isPartOf\":{\"@id\":\"https:\/\/nordnesrepublikken.no\/#website\"},\"primaryImageOfPage\":{\"@id\":\"https:\/\/nordnesrepublikken.no\/index.php\/2026\/02\/06\/vi-feirer-barden\/#primaryimage\"},\"image\":{\"@id\":\"https:\/\/nordnesrepublikken.no\/index.php\/2026\/02\/06\/vi-feirer-barden\/#primaryimage\"},\"thumbnailUrl\":\"https:\/\/nordnesrepublikken.no\/wp-content\/uploads\/2026\/02\/1770342614_Vi-feirer-barden.jpg\",\"datePublished\":\"2026-02-06T01:50:14+00:00\",\"dateModified\":\"2026-02-06T01:50:15+00:00\",\"breadcrumb\":{\"@id\":\"https:\/\/nordnesrepublikken.no\/index.php\/2026\/02\/06\/vi-feirer-barden\/#breadcrumb\"},\"inLanguage\":\"nb-NO\",\"potentialAction\":[{\"@type\":\"ReadAction\",\"target\":[\"https:\/\/nordnesrepublikken.no\/index.php\/2026\/02\/06\/vi-feirer-barden\/\"]}]},{\"@type\":\"ImageObject\",\"inLanguage\":\"nb-NO\",\"@id\":\"https:\/\/nordnesrepublikken.no\/index.php\/2026\/02\/06\/vi-feirer-barden\/#primaryimage\",\"url\":\"https:\/\/nordnesrepublikken.no\/wp-content\/uploads\/2026\/02\/1770342614_Vi-feirer-barden.jpg\",\"contentUrl\":\"https:\/\/nordnesrepublikken.no\/wp-content\/uploads\/2026\/02\/1770342614_Vi-feirer-barden.jpg\",\"width\":906,\"height\":646,\"caption\":\"Vi feirer barden!\"},{\"@type\":\"BreadcrumbList\",\"@id\":\"https:\/\/nordnesrepublikken.no\/index.php\/2026\/02\/06\/vi-feirer-barden\/#breadcrumb\",\"itemListElement\":[{\"@type\":\"ListItem\",\"position\":1,\"name\":\"Home\",\"item\":\"https:\/\/nordnesrepublikken.no\/\"},{\"@type\":\"ListItem\",\"position\":2,\"name\":\"Vi feirer barden!\"}]},{\"@type\":\"WebSite\",\"@id\":\"https:\/\/nordnesrepublikken.no\/#website\",\"url\":\"https:\/\/nordnesrepublikken.no\/\",\"name\":\"Nordnesrepublikken\",\"description\":\"Stemmer og Visjoner fra Republikkens Hjerte\",\"publisher\":{\"@id\":\"https:\/\/nordnesrepublikken.no\/#organization\"},\"potentialAction\":[{\"@type\":\"SearchAction\",\"target\":{\"@type\":\"EntryPoint\",\"urlTemplate\":\"https:\/\/nordnesrepublikken.no\/?s={search_term_string}\"},\"query-input\":{\"@type\":\"PropertyValueSpecification\",\"valueRequired\":true,\"valueName\":\"search_term_string\"}}],\"inLanguage\":\"nb-NO\"},{\"@type\":\"Organization\",\"@id\":\"https:\/\/nordnesrepublikken.no\/#organization\",\"name\":\"Nordnesrepublikken\",\"url\":\"https:\/\/nordnesrepublikken.no\/\",\"logo\":{\"@type\":\"ImageObject\",\"inLanguage\":\"nb-NO\",\"@id\":\"https:\/\/nordnesrepublikken.no\/#\/schema\/logo\/image\/\",\"url\":\"https:\/\/nordnesrepublikken.no\/wp-content\/uploads\/2025\/02\/cropped-nordnesrepublikken-2.png\",\"contentUrl\":\"https:\/\/nordnesrepublikken.no\/wp-content\/uploads\/2025\/02\/cropped-nordnesrepublikken-2.png\",\"width\":1248,\"height\":362,\"caption\":\"Nordnesrepublikken\"},\"image\":{\"@id\":\"https:\/\/nordnesrepublikken.no\/#\/schema\/logo\/image\/\"}},{\"@type\":\"Person\",\"@id\":\"https:\/\/nordnesrepublikken.no\/#\/schema\/person\/2e7e81935bab77882fffb79296240ff1\",\"name\":\"Ole Andersen\",\"image\":{\"@type\":\"ImageObject\",\"inLanguage\":\"nb-NO\",\"@id\":\"https:\/\/nordnesrepublikken.no\/#\/schema\/person\/image\/\",\"url\":\"https:\/\/nordnesrepublikken.no\/wp-content\/uploads\/2025\/02\/nordnesrepublikken-2-2-150x150.jpg\",\"contentUrl\":\"https:\/\/nordnesrepublikken.no\/wp-content\/uploads\/2025\/02\/nordnesrepublikken-2-2-150x150.jpg\",\"caption\":\"Ole Andersen\"},\"description\":\"Ettersom jeg vokste opp i Oslo, har jeg alltid v\u00e6rt fascinert av ordenes kraft og deres evne til \u00e5 skape endringer. Etter \u00e5 ha fullf\u00f8rt min utdannelse i kommunikasjon ved Universitetet i Bergen, fikk jeg muligheten til \u00e5 jobbe innen ulike medier, der jeg har s\u00f8kt \u00e5 belyse viktige samfunnssp\u00f8rsm\u00e5l. I dag, som redakt\u00f8r for Nordnesrepublikken, pr\u00f8ver jeg \u00e5 forene min kj\u00e6rlighet for journalistikk med min lidenskap for innovasjon og eventyr.\",\"sameAs\":[\"https:\/\/nordnesrepublikken.no\/\"]}]}<\/script>\n<!-- \/ Yoast SEO plugin. -->","yoast_head_json":{"title":"Vi feirer barden! - Nordnesrepublikken","robots":{"index":"index","follow":"follow","max-snippet":"max-snippet:-1","max-image-preview":"max-image-preview:large","max-video-preview":"max-video-preview:-1"},"canonical":"https:\/\/nordnesrepublikken.no\/index.php\/2026\/02\/06\/vi-feirer-barden\/","og_locale":"nb_NO","og_type":"article","og_title":"Vi feirer barden! - Nordnesrepublikken","og_description":"Robert Burns ville ha v\u00e6rt glad for \u00e5 vite hvor mange mennesker som feirer livet","og_url":"https:\/\/nordnesrepublikken.no\/index.php\/2026\/02\/06\/vi-feirer-barden\/","og_site_name":"Nordnesrepublikken","article_published_time":"2026-02-06T01:50:14+00:00","article_modified_time":"2026-02-06T01:50:15+00:00","og_image":[{"width":906,"height":646,"url":"https:\/\/nordnesrepublikken.no\/wp-content\/uploads\/2026\/02\/1770342614_Vi-feirer-barden.jpg","type":"image\/jpeg"}],"author":"Ole Andersen","twitter_card":"summary_large_image","twitter_misc":{"Skrevet av":"Ole Andersen","Ansl. lesetid":"5 minutter"},"schema":{"@context":"https:\/\/schema.org","@graph":[{"@type":"Article","@id":"https:\/\/nordnesrepublikken.no\/index.php\/2026\/02\/06\/vi-feirer-barden\/#article","isPartOf":{"@id":"https:\/\/nordnesrepublikken.no\/index.php\/2026\/02\/06\/vi-feirer-barden\/"},"author":{"name":"Ole Andersen","@id":"https:\/\/nordnesrepublikken.no\/#\/schema\/person\/2e7e81935bab77882fffb79296240ff1"},"headline":"Vi feirer barden!","datePublished":"2026-02-06T01:50:14+00:00","dateModified":"2026-02-06T01:50:15+00:00","mainEntityOfPage":{"@id":"https:\/\/nordnesrepublikken.no\/index.php\/2026\/02\/06\/vi-feirer-barden\/"},"wordCount":905,"publisher":{"@id":"https:\/\/nordnesrepublikken.no\/#organization"},"image":{"@id":"https:\/\/nordnesrepublikken.no\/index.php\/2026\/02\/06\/vi-feirer-barden\/#primaryimage"},"thumbnailUrl":"https:\/\/nordnesrepublikken.no\/wp-content\/uploads\/2026\/02\/1770342614_Vi-feirer-barden.jpg","keywords":["barden","feirer"],"articleSection":["Livsstil"],"inLanguage":"nb-NO"},{"@type":"WebPage","@id":"https:\/\/nordnesrepublikken.no\/index.php\/2026\/02\/06\/vi-feirer-barden\/","url":"https:\/\/nordnesrepublikken.no\/index.php\/2026\/02\/06\/vi-feirer-barden\/","name":"Vi feirer barden! - Nordnesrepublikken","isPartOf":{"@id":"https:\/\/nordnesrepublikken.no\/#website"},"primaryImageOfPage":{"@id":"https:\/\/nordnesrepublikken.no\/index.php\/2026\/02\/06\/vi-feirer-barden\/#primaryimage"},"image":{"@id":"https:\/\/nordnesrepublikken.no\/index.php\/2026\/02\/06\/vi-feirer-barden\/#primaryimage"},"thumbnailUrl":"https:\/\/nordnesrepublikken.no\/wp-content\/uploads\/2026\/02\/1770342614_Vi-feirer-barden.jpg","datePublished":"2026-02-06T01:50:14+00:00","dateModified":"2026-02-06T01:50:15+00:00","breadcrumb":{"@id":"https:\/\/nordnesrepublikken.no\/index.php\/2026\/02\/06\/vi-feirer-barden\/#breadcrumb"},"inLanguage":"nb-NO","potentialAction":[{"@type":"ReadAction","target":["https:\/\/nordnesrepublikken.no\/index.php\/2026\/02\/06\/vi-feirer-barden\/"]}]},{"@type":"ImageObject","inLanguage":"nb-NO","@id":"https:\/\/nordnesrepublikken.no\/index.php\/2026\/02\/06\/vi-feirer-barden\/#primaryimage","url":"https:\/\/nordnesrepublikken.no\/wp-content\/uploads\/2026\/02\/1770342614_Vi-feirer-barden.jpg","contentUrl":"https:\/\/nordnesrepublikken.no\/wp-content\/uploads\/2026\/02\/1770342614_Vi-feirer-barden.jpg","width":906,"height":646,"caption":"Vi feirer barden!"},{"@type":"BreadcrumbList","@id":"https:\/\/nordnesrepublikken.no\/index.php\/2026\/02\/06\/vi-feirer-barden\/#breadcrumb","itemListElement":[{"@type":"ListItem","position":1,"name":"Home","item":"https:\/\/nordnesrepublikken.no\/"},{"@type":"ListItem","position":2,"name":"Vi feirer barden!"}]},{"@type":"WebSite","@id":"https:\/\/nordnesrepublikken.no\/#website","url":"https:\/\/nordnesrepublikken.no\/","name":"Nordnesrepublikken","description":"Stemmer og Visjoner fra Republikkens Hjerte","publisher":{"@id":"https:\/\/nordnesrepublikken.no\/#organization"},"potentialAction":[{"@type":"SearchAction","target":{"@type":"EntryPoint","urlTemplate":"https:\/\/nordnesrepublikken.no\/?s={search_term_string}"},"query-input":{"@type":"PropertyValueSpecification","valueRequired":true,"valueName":"search_term_string"}}],"inLanguage":"nb-NO"},{"@type":"Organization","@id":"https:\/\/nordnesrepublikken.no\/#organization","name":"Nordnesrepublikken","url":"https:\/\/nordnesrepublikken.no\/","logo":{"@type":"ImageObject","inLanguage":"nb-NO","@id":"https:\/\/nordnesrepublikken.no\/#\/schema\/logo\/image\/","url":"https:\/\/nordnesrepublikken.no\/wp-content\/uploads\/2025\/02\/cropped-nordnesrepublikken-2.png","contentUrl":"https:\/\/nordnesrepublikken.no\/wp-content\/uploads\/2025\/02\/cropped-nordnesrepublikken-2.png","width":1248,"height":362,"caption":"Nordnesrepublikken"},"image":{"@id":"https:\/\/nordnesrepublikken.no\/#\/schema\/logo\/image\/"}},{"@type":"Person","@id":"https:\/\/nordnesrepublikken.no\/#\/schema\/person\/2e7e81935bab77882fffb79296240ff1","name":"Ole Andersen","image":{"@type":"ImageObject","inLanguage":"nb-NO","@id":"https:\/\/nordnesrepublikken.no\/#\/schema\/person\/image\/","url":"https:\/\/nordnesrepublikken.no\/wp-content\/uploads\/2025\/02\/nordnesrepublikken-2-2-150x150.jpg","contentUrl":"https:\/\/nordnesrepublikken.no\/wp-content\/uploads\/2025\/02\/nordnesrepublikken-2-2-150x150.jpg","caption":"Ole Andersen"},"description":"Ettersom jeg vokste opp i Oslo, har jeg alltid v\u00e6rt fascinert av ordenes kraft og deres evne til \u00e5 skape endringer. Etter \u00e5 ha fullf\u00f8rt min utdannelse i kommunikasjon ved Universitetet i Bergen, fikk jeg muligheten til \u00e5 jobbe innen ulike medier, der jeg har s\u00f8kt \u00e5 belyse viktige samfunnssp\u00f8rsm\u00e5l. I dag, som redakt\u00f8r for Nordnesrepublikken, pr\u00f8ver jeg \u00e5 forene min kj\u00e6rlighet for journalistikk med min lidenskap for innovasjon og eventyr.","sameAs":["https:\/\/nordnesrepublikken.no\/"]}]}},"_links":{"self":[{"href":"https:\/\/nordnesrepublikken.no\/index.php\/wp-json\/wp\/v2\/posts\/14597","targetHints":{"allow":["GET"]}}],"collection":[{"href":"https:\/\/nordnesrepublikken.no\/index.php\/wp-json\/wp\/v2\/posts"}],"about":[{"href":"https:\/\/nordnesrepublikken.no\/index.php\/wp-json\/wp\/v2\/types\/post"}],"author":[{"embeddable":true,"href":"https:\/\/nordnesrepublikken.no\/index.php\/wp-json\/wp\/v2\/users\/1"}],"replies":[{"embeddable":true,"href":"https:\/\/nordnesrepublikken.no\/index.php\/wp-json\/wp\/v2\/comments?post=14597"}],"version-history":[{"count":1,"href":"https:\/\/nordnesrepublikken.no\/index.php\/wp-json\/wp\/v2\/posts\/14597\/revisions"}],"predecessor-version":[{"id":14599,"href":"https:\/\/nordnesrepublikken.no\/index.php\/wp-json\/wp\/v2\/posts\/14597\/revisions\/14599"}],"wp:featuredmedia":[{"embeddable":true,"href":"https:\/\/nordnesrepublikken.no\/index.php\/wp-json\/wp\/v2\/media\/14598"}],"wp:attachment":[{"href":"https:\/\/nordnesrepublikken.no\/index.php\/wp-json\/wp\/v2\/media?parent=14597"}],"wp:term":[{"taxonomy":"category","embeddable":true,"href":"https:\/\/nordnesrepublikken.no\/index.php\/wp-json\/wp\/v2\/categories?post=14597"},{"taxonomy":"post_tag","embeddable":true,"href":"https:\/\/nordnesrepublikken.no\/index.php\/wp-json\/wp\/v2\/tags?post=14597"}],"curies":[{"name":"wp","href":"https:\/\/api.w.org\/{rel}","templated":true}]}}