{"id":14579,"date":"2026-02-05T17:50:44","date_gmt":"2026-02-05T16:50:44","guid":{"rendered":"https:\/\/nordnesrepublikken.no\/index.php\/2026\/02\/05\/fra-pordenone-til-termoli\/"},"modified":"2026-02-05T17:50:47","modified_gmt":"2026-02-05T16:50:47","slug":"fra-pordenone-til-termoli","status":"publish","type":"post","link":"https:\/\/nordnesrepublikken.no\/index.php\/2026\/02\/05\/fra-pordenone-til-termoli\/","title":{"rendered":"fra Pordenone til Termoli"},"content":{"rendered":"<div>\n<div class=\"cp_wrapper cp_wrapper--fw mb-30 mb-20@tablet\">\n<figure class=\"mm\"><picture class=\"img\" style=\"padding-top:56.25%\"><source  media=\"(min-width: 1024px)\"><source  media=\"(min-width: 768px)\"><\/source><\/source><\/picture><\/figure>\n<\/p><\/div>\n<p>I Italia er det flere<strong> 100 provinshovedsteder<\/strong> \u2013 fordelt p\u00e5 v\u00e5re 20 regioner \u2013 men det er ikke alltid lett \u00e5 identifisere dem riktig <strong>opprinnelsesregion<\/strong>: i mange tilfeller kan du faktisk bli forvirret p\u00e5 grunn av noen <strong>assonanser<\/strong> som villeder oss, som i tilfellet med endelsene i -ingen eller -eti.<\/p>\n<p>Blant disse har vi valgt ut 5 provinser som kan avsl\u00f8re seg <strong>spesielt vanskelig \u00e5 plassere i riktig region<\/strong>. Vennligst merk: vi sier ikke at disse byene er uviktige. Rett og slett kan likhetene mellom de forskjellige navnene desorientere de som ikke er spesielt glad i geografi.<\/p>\n<p>Pr\u00f8v \u00e5 gjette dem alle uten \u00e5 kikke p\u00e5 l\u00f8sningene, pr\u00f8v \u00e5 samle maksimalpoengene i dette <strong>ny Geopop-quiz<\/strong>!<\/p>\n<p> <!-- SUMMARY --><\/p>\n<div class=\"cp_wrapper mb-20 mb-40@desktop\">\n<div class=\"smy\" data-sticky-btn-text=\"\">\n<p>Gjett i hvilke regioner disse 5 provinsene ligger:<\/p>\n<\/div>\n<\/div>\n<p>Oppmerksomhet! <strong>Herfra finner du l\u00f8sningene.<\/strong><\/p>\n<h2 id=\"terni\">Terni<\/h2>\n<p><strong>Terni<\/strong> ligger i <strong>Umbria<\/strong>! Byen, som ligger s\u00f8r i regionen, har en befolkning p\u00e5 rundt 106 000 innbyggere: den er fremfor alt kjent for \u00e5 v\u00e6re vert for<strong> Marmore-fossen<\/strong>den h\u00f8yeste kunstige fossen i verden (165 meter) og for \u00e5 v\u00e6re hjemmet til <strong>Saint Valentine<\/strong> martyr, ansett som skytshelgen for elskere.<\/p>\n<div class=\"cp_wrapper cp_wrapper--fw mb-50\">\n<figure class=\"mm\"><picture class=\"img\" style=\"padding-top:112.93900184843%\"><source  media=\"(min-width: 1024px)\"><source  media=\"(min-width: 768px)\"><img decoding=\"async\" loading=\"lazy\" src=\"https:\/\/nordnesrepublikken.no\/wp-content\/uploads\/2026\/02\/1770310243_816_fra-Pordenone-til-Termoli.jpg\" alt=\"kart-provinser-umbria\" width=\"541\" height=\"611\"\/><\/source><\/source><\/picture><\/figure>\n<\/p><\/div>\n<h2 id=\"belluno\">Belluno<\/h2>\n<p><strong>Belluno<\/strong> ligger i <strong>Veneto<\/strong>! Med sine omtrent 35 000 innbyggere er Belluno den nordligste provinsen i regionen: den er kjent for \u00e5 huse noen av de vakreste toppene i <b>Dolomittene<\/b> (UNESCOs verdensarvliste siden 2009), men ogs\u00e5 for \u00e5 v\u00e6re f\u00f8destedet til <strong>Dino Buzzati<\/strong>en av de st\u00f8rste italienske forfatterne p\u00e5 1900-tallet.<\/p>\n<div class=\"cp_wrapper cp_wrapper--fw mb-50\">\n<figure class=\"mm\"><picture class=\"img\" style=\"padding-top:88.888888888889%\"><source  media=\"(min-width: 1024px)\"><source  media=\"(min-width: 768px)\"><img decoding=\"async\" loading=\"lazy\" src=\"https:\/\/nordnesrepublikken.no\/wp-content\/uploads\/2026\/02\/1770310243_499_fra-Pordenone-til-Termoli.jpg\" alt=\"map-belluno-veneto\" width=\"693\" height=\"616\" class=\"js-seedtag-img\"\/><\/source><\/source><\/picture><\/figure>\n<\/p><\/div>\n<h2 id=\"chieti\">Chieti<\/h2>\n<p><strong>Chieti<\/strong> ligger i <strong>Abruzzo<\/strong>! Med sine 48 000 innbyggere blir det ofte forvekslet med <strong>Rieti<\/strong>som i stedet ligger i Lazio. Byen er delt inn i to deler, som Bergamo: <b>Chieti Alta, <\/b>det historiske sentrum av romersk opprinnelse som ligger p\u00e5 en h\u00f8yde, f.eks <b>Chieti Scalo, <\/b>nedstr\u00f8ms, som i stedet representerer den moderne delen. Bemerkelsesverdig er navnet p\u00e5 innbyggerne, dvs <strong>Theatines,<\/strong> som stammer fra Teate Marrucinorum (det gamle romerske navnet p\u00e5 byen), dvs. Teate dei Marrucini, et eldgammelt kursivt folk.<\/p>\n<div class=\"cp_wrapper cp_wrapper--fw mb-50\">\n<figure class=\"mm\"><picture class=\"img\" style=\"padding-top:75.844806007509%\"><source  media=\"(min-width: 1024px)\"><source  media=\"(min-width: 768px)\"><img decoding=\"async\" loading=\"lazy\" src=\"https:\/\/nordnesrepublikken.no\/wp-content\/uploads\/2026\/02\/1770310243_957_fra-Pordenone-til-Termoli.jpg\" alt=\"kart-abruzzo\" width=\"799\" height=\"606\"\/><\/source><\/source><\/picture><\/figure>\n<\/p><\/div>\n<h2 id=\"pordenone\">Pordenone<\/h2>\n<p><strong>Pordenone<\/strong> ligger i <strong>Friuli-Venezia Giulia<\/strong>! Byen, som ligger vest i regionen, har en befolkning p\u00e5 rundt 52 \u200b\u200b000 innbyggere og blir ofte forvirret p\u00e5 grunn av sin likhet med Frosinone, som i stedet ligger i Lazio. Opprinnelsen til dette stedet er knyttet til eksistensen av en havn ved Noncello-elven, men byen er ogs\u00e5 kjent for \u00e5 v\u00e6re vertskap<strong> en av de lengste portikene i Italia<\/strong>.<\/p>\n<div class=\"cp_wrapper cp_wrapper--fw mb-50\">\n<figure class=\"mm\"><picture class=\"img\" style=\"padding-top:75.969962453066%\"><source  media=\"(min-width: 1024px)\"><source  media=\"(min-width: 768px)\"><img decoding=\"async\" loading=\"lazy\" src=\"https:\/\/nordnesrepublikken.no\/wp-content\/uploads\/2026\/02\/1770310244_67_fra-Pordenone-til-Termoli.jpg\" alt=\"kart-friuli-venezia-giulia\" width=\"799\" height=\"607\" class=\"js-seedtag-img\"\/><\/source><\/source><\/picture><\/figure>\n<\/p><\/div>\n<h2 id=\"teramo\">Teramo<\/h2>\n<p><strong>Teramo<\/strong> ligger i <strong>Abruzzo<\/strong>! Med sine 51 000 innbyggere ligger byen nord i regionen. Den ligger halvveis mellom Gran Sasso, den h\u00f8yeste toppen i Appenninene, og Adriaterhavet. Dets historiske sentrum er omgitt av to vannveier, den <b>Torino elv<\/b> og den <b>Vezzola torrent.<\/b><\/p>\n<div class=\"cp_wrapper cp_wrapper--fw mb-50\">\n<figure class=\"mm\"><picture class=\"img\" style=\"padding-top:75.844806007509%\"><source  media=\"(min-width: 1024px)\"><source  media=\"(min-width: 768px)\"><img decoding=\"async\" loading=\"lazy\" src=\"https:\/\/nordnesrepublikken.no\/wp-content\/uploads\/2026\/02\/1770310244_871_fra-Pordenone-til-Termoli.jpg\" alt=\"provinser-abruzzo\" width=\"799\" height=\"606\"\/><\/source><\/source><\/picture><\/figure>\n<\/p><\/div>\n<\/p><\/div>\n","protected":false},"excerpt":{"rendered":"<p>I Italia er det flere 100 provinshovedsteder \u2013 fordelt p\u00e5 v\u00e5re 20 regioner \u2013 men<\/p>\n","protected":false},"author":1,"featured_media":14580,"comment_status":"closed","ping_status":"open","sticky":false,"template":"","format":"standard","meta":{"footnotes":""},"categories":[26],"tags":[125,9497,9498,117],"class_list":["post-14579","post","type-post","status-publish","format-standard","has-post-thumbnail","hentry","category-miljo","tag-fra","tag-pordenone","tag-termoli","tag-til","generate-columns","tablet-grid-50","mobile-grid-100","grid-parent","grid-33","resize-featured-image"],"yoast_head":"<!-- This site is optimized with the Yoast SEO plugin v24.4 - https:\/\/yoast.com\/wordpress\/plugins\/seo\/ -->\n<title>fra Pordenone til Termoli - Nordnesrepublikken<\/title>\n<meta name=\"robots\" content=\"index, follow, max-snippet:-1, max-image-preview:large, max-video-preview:-1\" \/>\n<link rel=\"canonical\" href=\"https:\/\/nordnesrepublikken.no\/index.php\/2026\/02\/05\/fra-pordenone-til-termoli\/\" \/>\n<meta property=\"og:locale\" content=\"nb_NO\" \/>\n<meta property=\"og:type\" content=\"article\" \/>\n<meta property=\"og:title\" content=\"fra Pordenone til Termoli - Nordnesrepublikken\" \/>\n<meta property=\"og:description\" content=\"I Italia er det flere 100 provinshovedsteder \u2013 fordelt p\u00e5 v\u00e5re 20 regioner \u2013 men\" \/>\n<meta property=\"og:url\" content=\"https:\/\/nordnesrepublikken.no\/index.php\/2026\/02\/05\/fra-pordenone-til-termoli\/\" \/>\n<meta property=\"og:site_name\" content=\"Nordnesrepublikken\" \/>\n<meta property=\"article:published_time\" content=\"2026-02-05T16:50:44+00:00\" \/>\n<meta property=\"article:modified_time\" content=\"2026-02-05T16:50:47+00:00\" \/>\n<meta property=\"og:image\" content=\"https:\/\/nordnesrepublikken.no\/wp-content\/uploads\/2026\/02\/1770310244_fra-Pordenone-til-Termoli-scaled.jpg\" \/>\n\t<meta property=\"og:image:width\" content=\"2560\" \/>\n\t<meta property=\"og:image:height\" content=\"1429\" \/>\n\t<meta property=\"og:image:type\" content=\"image\/jpeg\" \/>\n<meta name=\"author\" content=\"Ole Andersen\" \/>\n<meta name=\"twitter:card\" content=\"summary_large_image\" \/>\n<meta name=\"twitter:label1\" content=\"Skrevet av\" \/>\n\t<meta name=\"twitter:data1\" content=\"Ole Andersen\" \/>\n\t<meta name=\"twitter:label2\" content=\"Ansl. lesetid\" \/>\n\t<meta name=\"twitter:data2\" content=\"2 minutter\" \/>\n<script type=\"application\/ld+json\" class=\"yoast-schema-graph\">{\"@context\":\"https:\/\/schema.org\",\"@graph\":[{\"@type\":\"Article\",\"@id\":\"https:\/\/nordnesrepublikken.no\/index.php\/2026\/02\/05\/fra-pordenone-til-termoli\/#article\",\"isPartOf\":{\"@id\":\"https:\/\/nordnesrepublikken.no\/index.php\/2026\/02\/05\/fra-pordenone-til-termoli\/\"},\"author\":{\"name\":\"Ole Andersen\",\"@id\":\"https:\/\/nordnesrepublikken.no\/#\/schema\/person\/2e7e81935bab77882fffb79296240ff1\"},\"headline\":\"fra Pordenone til Termoli\",\"datePublished\":\"2026-02-05T16:50:44+00:00\",\"dateModified\":\"2026-02-05T16:50:47+00:00\",\"mainEntityOfPage\":{\"@id\":\"https:\/\/nordnesrepublikken.no\/index.php\/2026\/02\/05\/fra-pordenone-til-termoli\/\"},\"wordCount\":413,\"publisher\":{\"@id\":\"https:\/\/nordnesrepublikken.no\/#organization\"},\"image\":{\"@id\":\"https:\/\/nordnesrepublikken.no\/index.php\/2026\/02\/05\/fra-pordenone-til-termoli\/#primaryimage\"},\"thumbnailUrl\":\"https:\/\/nordnesrepublikken.no\/wp-content\/uploads\/2026\/02\/1770310244_fra-Pordenone-til-Termoli-scaled.jpg\",\"keywords\":[\"fra\",\"Pordenone\",\"Termoli\",\"til\"],\"articleSection\":[\"Milj\u00f8\"],\"inLanguage\":\"nb-NO\"},{\"@type\":\"WebPage\",\"@id\":\"https:\/\/nordnesrepublikken.no\/index.php\/2026\/02\/05\/fra-pordenone-til-termoli\/\",\"url\":\"https:\/\/nordnesrepublikken.no\/index.php\/2026\/02\/05\/fra-pordenone-til-termoli\/\",\"name\":\"fra Pordenone til Termoli - Nordnesrepublikken\",\"isPartOf\":{\"@id\":\"https:\/\/nordnesrepublikken.no\/#website\"},\"primaryImageOfPage\":{\"@id\":\"https:\/\/nordnesrepublikken.no\/index.php\/2026\/02\/05\/fra-pordenone-til-termoli\/#primaryimage\"},\"image\":{\"@id\":\"https:\/\/nordnesrepublikken.no\/index.php\/2026\/02\/05\/fra-pordenone-til-termoli\/#primaryimage\"},\"thumbnailUrl\":\"https:\/\/nordnesrepublikken.no\/wp-content\/uploads\/2026\/02\/1770310244_fra-Pordenone-til-Termoli-scaled.jpg\",\"datePublished\":\"2026-02-05T16:50:44+00:00\",\"dateModified\":\"2026-02-05T16:50:47+00:00\",\"breadcrumb\":{\"@id\":\"https:\/\/nordnesrepublikken.no\/index.php\/2026\/02\/05\/fra-pordenone-til-termoli\/#breadcrumb\"},\"inLanguage\":\"nb-NO\",\"potentialAction\":[{\"@type\":\"ReadAction\",\"target\":[\"https:\/\/nordnesrepublikken.no\/index.php\/2026\/02\/05\/fra-pordenone-til-termoli\/\"]}]},{\"@type\":\"ImageObject\",\"inLanguage\":\"nb-NO\",\"@id\":\"https:\/\/nordnesrepublikken.no\/index.php\/2026\/02\/05\/fra-pordenone-til-termoli\/#primaryimage\",\"url\":\"https:\/\/nordnesrepublikken.no\/wp-content\/uploads\/2026\/02\/1770310244_fra-Pordenone-til-Termoli-scaled.jpg\",\"contentUrl\":\"https:\/\/nordnesrepublikken.no\/wp-content\/uploads\/2026\/02\/1770310244_fra-Pordenone-til-Termoli-scaled.jpg\",\"width\":2560,\"height\":1429,\"caption\":\"fra Pordenone til Termoli\"},{\"@type\":\"BreadcrumbList\",\"@id\":\"https:\/\/nordnesrepublikken.no\/index.php\/2026\/02\/05\/fra-pordenone-til-termoli\/#breadcrumb\",\"itemListElement\":[{\"@type\":\"ListItem\",\"position\":1,\"name\":\"Home\",\"item\":\"https:\/\/nordnesrepublikken.no\/\"},{\"@type\":\"ListItem\",\"position\":2,\"name\":\"fra Pordenone til Termoli\"}]},{\"@type\":\"WebSite\",\"@id\":\"https:\/\/nordnesrepublikken.no\/#website\",\"url\":\"https:\/\/nordnesrepublikken.no\/\",\"name\":\"Nordnesrepublikken\",\"description\":\"Stemmer og Visjoner fra Republikkens Hjerte\",\"publisher\":{\"@id\":\"https:\/\/nordnesrepublikken.no\/#organization\"},\"potentialAction\":[{\"@type\":\"SearchAction\",\"target\":{\"@type\":\"EntryPoint\",\"urlTemplate\":\"https:\/\/nordnesrepublikken.no\/?s={search_term_string}\"},\"query-input\":{\"@type\":\"PropertyValueSpecification\",\"valueRequired\":true,\"valueName\":\"search_term_string\"}}],\"inLanguage\":\"nb-NO\"},{\"@type\":\"Organization\",\"@id\":\"https:\/\/nordnesrepublikken.no\/#organization\",\"name\":\"Nordnesrepublikken\",\"url\":\"https:\/\/nordnesrepublikken.no\/\",\"logo\":{\"@type\":\"ImageObject\",\"inLanguage\":\"nb-NO\",\"@id\":\"https:\/\/nordnesrepublikken.no\/#\/schema\/logo\/image\/\",\"url\":\"https:\/\/nordnesrepublikken.no\/wp-content\/uploads\/2025\/02\/cropped-nordnesrepublikken-2.png\",\"contentUrl\":\"https:\/\/nordnesrepublikken.no\/wp-content\/uploads\/2025\/02\/cropped-nordnesrepublikken-2.png\",\"width\":1248,\"height\":362,\"caption\":\"Nordnesrepublikken\"},\"image\":{\"@id\":\"https:\/\/nordnesrepublikken.no\/#\/schema\/logo\/image\/\"}},{\"@type\":\"Person\",\"@id\":\"https:\/\/nordnesrepublikken.no\/#\/schema\/person\/2e7e81935bab77882fffb79296240ff1\",\"name\":\"Ole Andersen\",\"image\":{\"@type\":\"ImageObject\",\"inLanguage\":\"nb-NO\",\"@id\":\"https:\/\/nordnesrepublikken.no\/#\/schema\/person\/image\/\",\"url\":\"https:\/\/nordnesrepublikken.no\/wp-content\/uploads\/2025\/02\/nordnesrepublikken-2-2-150x150.jpg\",\"contentUrl\":\"https:\/\/nordnesrepublikken.no\/wp-content\/uploads\/2025\/02\/nordnesrepublikken-2-2-150x150.jpg\",\"caption\":\"Ole Andersen\"},\"description\":\"Ettersom jeg vokste opp i Oslo, har jeg alltid v\u00e6rt fascinert av ordenes kraft og deres evne til \u00e5 skape endringer. Etter \u00e5 ha fullf\u00f8rt min utdannelse i kommunikasjon ved Universitetet i Bergen, fikk jeg muligheten til \u00e5 jobbe innen ulike medier, der jeg har s\u00f8kt \u00e5 belyse viktige samfunnssp\u00f8rsm\u00e5l. I dag, som redakt\u00f8r for Nordnesrepublikken, pr\u00f8ver jeg \u00e5 forene min kj\u00e6rlighet for journalistikk med min lidenskap for innovasjon og eventyr.\",\"sameAs\":[\"https:\/\/nordnesrepublikken.no\/\"]}]}<\/script>\n<!-- \/ Yoast SEO plugin. -->","yoast_head_json":{"title":"fra Pordenone til Termoli - Nordnesrepublikken","robots":{"index":"index","follow":"follow","max-snippet":"max-snippet:-1","max-image-preview":"max-image-preview:large","max-video-preview":"max-video-preview:-1"},"canonical":"https:\/\/nordnesrepublikken.no\/index.php\/2026\/02\/05\/fra-pordenone-til-termoli\/","og_locale":"nb_NO","og_type":"article","og_title":"fra Pordenone til Termoli - Nordnesrepublikken","og_description":"I Italia er det flere 100 provinshovedsteder \u2013 fordelt p\u00e5 v\u00e5re 20 regioner \u2013 men","og_url":"https:\/\/nordnesrepublikken.no\/index.php\/2026\/02\/05\/fra-pordenone-til-termoli\/","og_site_name":"Nordnesrepublikken","article_published_time":"2026-02-05T16:50:44+00:00","article_modified_time":"2026-02-05T16:50:47+00:00","og_image":[{"width":2560,"height":1429,"url":"https:\/\/nordnesrepublikken.no\/wp-content\/uploads\/2026\/02\/1770310244_fra-Pordenone-til-Termoli-scaled.jpg","type":"image\/jpeg"}],"author":"Ole Andersen","twitter_card":"summary_large_image","twitter_misc":{"Skrevet av":"Ole Andersen","Ansl. lesetid":"2 minutter"},"schema":{"@context":"https:\/\/schema.org","@graph":[{"@type":"Article","@id":"https:\/\/nordnesrepublikken.no\/index.php\/2026\/02\/05\/fra-pordenone-til-termoli\/#article","isPartOf":{"@id":"https:\/\/nordnesrepublikken.no\/index.php\/2026\/02\/05\/fra-pordenone-til-termoli\/"},"author":{"name":"Ole Andersen","@id":"https:\/\/nordnesrepublikken.no\/#\/schema\/person\/2e7e81935bab77882fffb79296240ff1"},"headline":"fra Pordenone til Termoli","datePublished":"2026-02-05T16:50:44+00:00","dateModified":"2026-02-05T16:50:47+00:00","mainEntityOfPage":{"@id":"https:\/\/nordnesrepublikken.no\/index.php\/2026\/02\/05\/fra-pordenone-til-termoli\/"},"wordCount":413,"publisher":{"@id":"https:\/\/nordnesrepublikken.no\/#organization"},"image":{"@id":"https:\/\/nordnesrepublikken.no\/index.php\/2026\/02\/05\/fra-pordenone-til-termoli\/#primaryimage"},"thumbnailUrl":"https:\/\/nordnesrepublikken.no\/wp-content\/uploads\/2026\/02\/1770310244_fra-Pordenone-til-Termoli-scaled.jpg","keywords":["fra","Pordenone","Termoli","til"],"articleSection":["Milj\u00f8"],"inLanguage":"nb-NO"},{"@type":"WebPage","@id":"https:\/\/nordnesrepublikken.no\/index.php\/2026\/02\/05\/fra-pordenone-til-termoli\/","url":"https:\/\/nordnesrepublikken.no\/index.php\/2026\/02\/05\/fra-pordenone-til-termoli\/","name":"fra Pordenone til Termoli - Nordnesrepublikken","isPartOf":{"@id":"https:\/\/nordnesrepublikken.no\/#website"},"primaryImageOfPage":{"@id":"https:\/\/nordnesrepublikken.no\/index.php\/2026\/02\/05\/fra-pordenone-til-termoli\/#primaryimage"},"image":{"@id":"https:\/\/nordnesrepublikken.no\/index.php\/2026\/02\/05\/fra-pordenone-til-termoli\/#primaryimage"},"thumbnailUrl":"https:\/\/nordnesrepublikken.no\/wp-content\/uploads\/2026\/02\/1770310244_fra-Pordenone-til-Termoli-scaled.jpg","datePublished":"2026-02-05T16:50:44+00:00","dateModified":"2026-02-05T16:50:47+00:00","breadcrumb":{"@id":"https:\/\/nordnesrepublikken.no\/index.php\/2026\/02\/05\/fra-pordenone-til-termoli\/#breadcrumb"},"inLanguage":"nb-NO","potentialAction":[{"@type":"ReadAction","target":["https:\/\/nordnesrepublikken.no\/index.php\/2026\/02\/05\/fra-pordenone-til-termoli\/"]}]},{"@type":"ImageObject","inLanguage":"nb-NO","@id":"https:\/\/nordnesrepublikken.no\/index.php\/2026\/02\/05\/fra-pordenone-til-termoli\/#primaryimage","url":"https:\/\/nordnesrepublikken.no\/wp-content\/uploads\/2026\/02\/1770310244_fra-Pordenone-til-Termoli-scaled.jpg","contentUrl":"https:\/\/nordnesrepublikken.no\/wp-content\/uploads\/2026\/02\/1770310244_fra-Pordenone-til-Termoli-scaled.jpg","width":2560,"height":1429,"caption":"fra Pordenone til Termoli"},{"@type":"BreadcrumbList","@id":"https:\/\/nordnesrepublikken.no\/index.php\/2026\/02\/05\/fra-pordenone-til-termoli\/#breadcrumb","itemListElement":[{"@type":"ListItem","position":1,"name":"Home","item":"https:\/\/nordnesrepublikken.no\/"},{"@type":"ListItem","position":2,"name":"fra Pordenone til Termoli"}]},{"@type":"WebSite","@id":"https:\/\/nordnesrepublikken.no\/#website","url":"https:\/\/nordnesrepublikken.no\/","name":"Nordnesrepublikken","description":"Stemmer og Visjoner fra Republikkens Hjerte","publisher":{"@id":"https:\/\/nordnesrepublikken.no\/#organization"},"potentialAction":[{"@type":"SearchAction","target":{"@type":"EntryPoint","urlTemplate":"https:\/\/nordnesrepublikken.no\/?s={search_term_string}"},"query-input":{"@type":"PropertyValueSpecification","valueRequired":true,"valueName":"search_term_string"}}],"inLanguage":"nb-NO"},{"@type":"Organization","@id":"https:\/\/nordnesrepublikken.no\/#organization","name":"Nordnesrepublikken","url":"https:\/\/nordnesrepublikken.no\/","logo":{"@type":"ImageObject","inLanguage":"nb-NO","@id":"https:\/\/nordnesrepublikken.no\/#\/schema\/logo\/image\/","url":"https:\/\/nordnesrepublikken.no\/wp-content\/uploads\/2025\/02\/cropped-nordnesrepublikken-2.png","contentUrl":"https:\/\/nordnesrepublikken.no\/wp-content\/uploads\/2025\/02\/cropped-nordnesrepublikken-2.png","width":1248,"height":362,"caption":"Nordnesrepublikken"},"image":{"@id":"https:\/\/nordnesrepublikken.no\/#\/schema\/logo\/image\/"}},{"@type":"Person","@id":"https:\/\/nordnesrepublikken.no\/#\/schema\/person\/2e7e81935bab77882fffb79296240ff1","name":"Ole Andersen","image":{"@type":"ImageObject","inLanguage":"nb-NO","@id":"https:\/\/nordnesrepublikken.no\/#\/schema\/person\/image\/","url":"https:\/\/nordnesrepublikken.no\/wp-content\/uploads\/2025\/02\/nordnesrepublikken-2-2-150x150.jpg","contentUrl":"https:\/\/nordnesrepublikken.no\/wp-content\/uploads\/2025\/02\/nordnesrepublikken-2-2-150x150.jpg","caption":"Ole Andersen"},"description":"Ettersom jeg vokste opp i Oslo, har jeg alltid v\u00e6rt fascinert av ordenes kraft og deres evne til \u00e5 skape endringer. Etter \u00e5 ha fullf\u00f8rt min utdannelse i kommunikasjon ved Universitetet i Bergen, fikk jeg muligheten til \u00e5 jobbe innen ulike medier, der jeg har s\u00f8kt \u00e5 belyse viktige samfunnssp\u00f8rsm\u00e5l. I dag, som redakt\u00f8r for Nordnesrepublikken, pr\u00f8ver jeg \u00e5 forene min kj\u00e6rlighet for journalistikk med min lidenskap for innovasjon og eventyr.","sameAs":["https:\/\/nordnesrepublikken.no\/"]}]}},"_links":{"self":[{"href":"https:\/\/nordnesrepublikken.no\/index.php\/wp-json\/wp\/v2\/posts\/14579","targetHints":{"allow":["GET"]}}],"collection":[{"href":"https:\/\/nordnesrepublikken.no\/index.php\/wp-json\/wp\/v2\/posts"}],"about":[{"href":"https:\/\/nordnesrepublikken.no\/index.php\/wp-json\/wp\/v2\/types\/post"}],"author":[{"embeddable":true,"href":"https:\/\/nordnesrepublikken.no\/index.php\/wp-json\/wp\/v2\/users\/1"}],"replies":[{"embeddable":true,"href":"https:\/\/nordnesrepublikken.no\/index.php\/wp-json\/wp\/v2\/comments?post=14579"}],"version-history":[{"count":1,"href":"https:\/\/nordnesrepublikken.no\/index.php\/wp-json\/wp\/v2\/posts\/14579\/revisions"}],"predecessor-version":[{"id":14581,"href":"https:\/\/nordnesrepublikken.no\/index.php\/wp-json\/wp\/v2\/posts\/14579\/revisions\/14581"}],"wp:featuredmedia":[{"embeddable":true,"href":"https:\/\/nordnesrepublikken.no\/index.php\/wp-json\/wp\/v2\/media\/14580"}],"wp:attachment":[{"href":"https:\/\/nordnesrepublikken.no\/index.php\/wp-json\/wp\/v2\/media?parent=14579"}],"wp:term":[{"taxonomy":"category","embeddable":true,"href":"https:\/\/nordnesrepublikken.no\/index.php\/wp-json\/wp\/v2\/categories?post=14579"},{"taxonomy":"post_tag","embeddable":true,"href":"https:\/\/nordnesrepublikken.no\/index.php\/wp-json\/wp\/v2\/tags?post=14579"}],"curies":[{"name":"wp","href":"https:\/\/api.w.org\/{rel}","templated":true}]}}