{"id":14570,"date":"2026-02-05T12:51:07","date_gmt":"2026-02-05T11:51:07","guid":{"rendered":"https:\/\/nordnesrepublikken.no\/index.php\/2026\/02\/05\/dgt-slar-ned-pa-slitne-sjaforer\/"},"modified":"2026-02-05T12:51:09","modified_gmt":"2026-02-05T11:51:09","slug":"dgt-slar-ned-pa-slitne-sjaforer","status":"publish","type":"post","link":"https:\/\/nordnesrepublikken.no\/index.php\/2026\/02\/05\/dgt-slar-ned-pa-slitne-sjaforer\/","title":{"rendered":"DGT sl\u00e5r ned p\u00e5 slitne sj\u00e5f\u00f8rer"},"content":{"rendered":"<p><\/p>\n<div class=\"wordpress-content\">\n                    <!-- Article Start --><\/p>\n<p><span style=\"font-weight: 400\">Selv om dagens m\u00f8te i Madrid offisielt ble innrammet rundt bredere trafikksikkerhetssp\u00f8rsm\u00e5l, satte diskusjonen nok en gang s\u00f8kelyset p\u00e5 et problem mange lesere vil kjenne igjen av personlig erfaring: s\u00f8vnighet p\u00e5 lange reiser. For tusenvis av bilister som regelmessig reiser mellom byer eller langs Spanias motorveier, er tretthet en reell og kjent risiko.<\/span><\/p>\n<h2><span style=\"font-weight: 400\">Tretthet og trafikksikkerhetsstatistikk i Spania<\/span><\/h2>\n<p><span style=\"font-weight: 400\">Omfanget av problemet er betydelig. Data fra Direcci\u00f3n General de Tr\u00e1fico (DGT) viser konsekvent at tretthet er en medvirkende \u00e5rsak i mellom 15 og 30 prosent av trafikkulykkene p\u00e5 landsbasis. Selv n\u00e5r sj\u00e5f\u00f8rene ikke sovner helt, kan redusert konsentrasjon, langsommere reaksjonstider og korte &laquo;mikro-s\u00f8vn&raquo; v\u00e6re nok til \u00e5 for\u00e5rsake alvorlige kollisjoner.<\/span><\/p>\n<p><span style=\"font-weight: 400\">Offisielle tall indikerer ogs\u00e5 at d\u00f8sighet spiller en rolle i rundt 7 prosent av d\u00f8dsulykkene i Spania, spesielt p\u00e5 landlige veier og h\u00f8yhastighetsruter der monotoni kan lulle sj\u00e5f\u00f8rene inn i en falsk f\u00f8lelse av sikkerhet. Filavvik, et klassisk symptom p\u00e5 tretthet, er fortsatt en av de vanligste \u00e5rsakene til d\u00f8delige ulykker utenfor urbane omr\u00e5der.<\/span><\/p>\n<div class=\"sra_unit\"><link rel=\"stylesheet\" id=\"block-sra\" href=\"https:\/\/euroweeklynews.com\/wp-content\/plugins\/snack-related-articles\/dist\/css\/snack-related.min.css?250312-193541\" type=\"text\/css\" media=\"all\">\n<\/div>\n<h2><span style=\"font-weight: 400\">Viktige sikkerhetstiltak for sj\u00e5f\u00f8rer<\/span><\/h2>\n<p><span style=\"font-weight: 400\">Veisikkerhetseksperter anbefaler fortsatt bilister \u00e5 ta en skikkelig pause minst annenhver time eller hver 200. kilometer n\u00e5r de kj\u00f8rer lange avstander. \u00c5 starte en tur etter utilstrekkelig s\u00f8vn, reise tidlig om morgenen eller midt p\u00e5 ettermiddagen og stole p\u00e5 koffein alene er alle atferd DGT advarer mot.<\/span><\/p>\n<p><span style=\"font-weight: 400\">Sj\u00e5f\u00f8rer oppfordres ogs\u00e5 til \u00e5 gjenkjenne tidlige varseltegn p\u00e5 tretthet, inkludert hyppig gjespe, problemer med \u00e5 holde \u00f8ynene \u00e5pne, drivende over kj\u00f8refeltmarkeringer eller manglende evne til \u00e5 huske de siste kilometerne som er kj\u00f8rt. I disse situasjonene er det alltid tryggere \u00e5 stoppe ved n\u00e6rmeste serviceomr\u00e5de for en kort pause enn \u00e5 pr\u00f8ve \u00e5 &laquo;presse igjennom&raquo;.<\/span><\/p>\n<h2><span style=\"font-weight: 400\">Hvordan Guardia Civil sannsynligvis vil h\u00e5ndheve hvilepauser<\/span><\/h2>\n<p><span style=\"font-weight: 400\">Etter dagens diskusjoner forventes Agrupaci\u00f3n de Tr\u00e1fico de la Guardia Civil \u00e5 intensivere sitt fokus p\u00e5 f\u00f8rerv\u00e5kenhet under eksisterende trafikksikkerhetskampanjer. Dette vil neppe involvere ny teknologi som droner eller dedikerte anti-s\u00f8vnkameraer, men snarere en utvidelse av dagens praksis.<\/span><\/p>\n<p><span style=\"font-weight: 400\">Offiserer forventes \u00e5 \u00f8ke synlig patruljering p\u00e5 store ruter, spesielt i h\u00f8ytrafikkperioder og sene nattetimer. Tilfeldige veikontroller kan omfatte korte sp\u00f8rsm\u00e5l om nylige hvilestopp eller planlagte pauser, spesielt for sj\u00e5f\u00f8rer som dekker lange avstander.<\/span><\/p>\n<p><span style=\"font-weight: 400\">Bensinstasjoner og rasteplasser p\u00e5 motorveier vil sannsynligvis ogs\u00e5 se en sterkere Guardia Civil-tilstedev\u00e6relse, noe som oppmuntrer bilister til \u00e5 stoppe i stedet for \u00e5 kj\u00f8re mens de er overtr\u00f8tte. I noen tilfeller kan offiserer r\u00e5de sj\u00e5f\u00f8rene til \u00e5 hvile f\u00f8r de fortsetter, spesielt hvis de viser tydelige tegn p\u00e5 utmattelse.<\/span><\/p>\n<h2><span style=\"font-weight: 400\">Hva Guardia Civil kan kreve at sj\u00e5f\u00f8rer gj\u00f8r<\/span><\/h2>\n<p><span style=\"font-weight: 400\">Hvis en sj\u00e5f\u00f8r anses for tr\u00f8tt til \u00e5 fortsette trygt, har betjentene myndighet til \u00e5 anbefale eller insistere p\u00e5 \u00e5 ta en pause f\u00f8r de fortsetter reisen. I ekstreme tilfeller, der en bilists tilstand anses som en fare for seg selv eller andre, kan Guardia Civil utsette viderekj\u00f8ring til sj\u00e5f\u00f8ren er i stand til \u00e5 kj\u00f8re.<\/span><\/p>\n<p><span style=\"font-weight: 400\">Vekten forblir imidlertid forebyggende snarere enn straffende. Myndighetene er opptatt av \u00e5 utforme disse tiltakene som et sikkerhetsinitiativ snarere enn et undertrykkelse, med fokus p\u00e5 \u00e5 redusere ulykker i stedet for \u00e5 utstede b\u00f8ter.<\/span><\/p>\n<h2><span style=\"font-weight: 400\">\u00d8kt reisevirksomhet de kommende ukene<\/span><\/h2>\n<p><span style=\"font-weight: 400\">Med vinterreiser, kommende karnevalsfeiringer og \u00f8kt helgetrafikk, vil tretthetsrelaterte risikoer sannsynligvis \u00f8ke i de kommende ukene. Dagens m\u00f8te i Madrid signaliserer at DGT og Guardia Civil er fast bestemt p\u00e5 \u00e5 holde saken h\u00f8yt p\u00e5 agendaen.<\/span><\/p>\n<p><span style=\"font-weight: 400\">For lesere som allerede gruer seg til lange kj\u00f8returer, er budskapet klart: planlegg reisen, ta skikkelig hvile og forvent mer synlige kontroller p\u00e5 Spanias veier.<\/span><\/p>\n<p>                    <!-- Originally published at https:\/\/euroweeklynews.com\/2026\/02\/05\/the-dgt-cracks-down-on-tired-drivers\/ on 05 Feb 2026 at 12:36 by Dora Urbancsek --><br \/>\n                    <!-- Article End -->\n                <\/div>\n","protected":false},"excerpt":{"rendered":"<p>Selv om dagens m\u00f8te i Madrid offisielt ble innrammet rundt bredere trafikksikkerhetssp\u00f8rsm\u00e5l, satte diskusjonen nok<\/p>\n","protected":false},"author":1,"featured_media":14571,"comment_status":"closed","ping_status":"open","sticky":false,"template":"","format":"standard","meta":{"footnotes":""},"categories":[105],"tags":[1599,324,81,1737,3677,2609],"class_list":["post-14570","post","type-post","status-publish","format-standard","has-post-thumbnail","hentry","category-livsstil","tag-dgt","tag-ned","tag-pa","tag-sjaforer","tag-slar","tag-slitne","generate-columns","tablet-grid-50","mobile-grid-100","grid-parent","grid-33","resize-featured-image"],"yoast_head":"<!-- This site is optimized with the Yoast SEO plugin v24.4 - https:\/\/yoast.com\/wordpress\/plugins\/seo\/ -->\n<title>DGT sl\u00e5r ned p\u00e5 slitne sj\u00e5f\u00f8rer - Nordnesrepublikken<\/title>\n<meta name=\"robots\" content=\"index, follow, max-snippet:-1, max-image-preview:large, max-video-preview:-1\" \/>\n<link rel=\"canonical\" href=\"https:\/\/nordnesrepublikken.no\/index.php\/2026\/02\/05\/dgt-slar-ned-pa-slitne-sjaforer\/\" \/>\n<meta property=\"og:locale\" content=\"nb_NO\" \/>\n<meta property=\"og:type\" content=\"article\" \/>\n<meta property=\"og:title\" content=\"DGT sl\u00e5r ned p\u00e5 slitne sj\u00e5f\u00f8rer - Nordnesrepublikken\" \/>\n<meta property=\"og:description\" content=\"Selv om dagens m\u00f8te i Madrid offisielt ble innrammet rundt bredere trafikksikkerhetssp\u00f8rsm\u00e5l, satte diskusjonen nok\" \/>\n<meta property=\"og:url\" content=\"https:\/\/nordnesrepublikken.no\/index.php\/2026\/02\/05\/dgt-slar-ned-pa-slitne-sjaforer\/\" \/>\n<meta property=\"og:site_name\" content=\"Nordnesrepublikken\" \/>\n<meta property=\"article:published_time\" content=\"2026-02-05T11:51:07+00:00\" \/>\n<meta property=\"article:modified_time\" content=\"2026-02-05T11:51:09+00:00\" \/>\n<meta property=\"og:image\" content=\"https:\/\/nordnesrepublikken.no\/wp-content\/uploads\/2026\/02\/1770292268_DGT-slar-ned-pa-slitne-sjaforer.jpg\" \/>\n\t<meta property=\"og:image:width\" content=\"1200\" \/>\n\t<meta property=\"og:image:height\" content=\"800\" \/>\n\t<meta property=\"og:image:type\" content=\"image\/jpeg\" \/>\n<meta name=\"author\" content=\"Ole Andersen\" \/>\n<meta name=\"twitter:card\" content=\"summary_large_image\" \/>\n<meta name=\"twitter:label1\" content=\"Skrevet av\" \/>\n\t<meta name=\"twitter:data1\" content=\"Ole Andersen\" \/>\n\t<meta name=\"twitter:label2\" content=\"Ansl. lesetid\" \/>\n\t<meta name=\"twitter:data2\" content=\"3 minutter\" \/>\n<script type=\"application\/ld+json\" class=\"yoast-schema-graph\">{\"@context\":\"https:\/\/schema.org\",\"@graph\":[{\"@type\":\"Article\",\"@id\":\"https:\/\/nordnesrepublikken.no\/index.php\/2026\/02\/05\/dgt-slar-ned-pa-slitne-sjaforer\/#article\",\"isPartOf\":{\"@id\":\"https:\/\/nordnesrepublikken.no\/index.php\/2026\/02\/05\/dgt-slar-ned-pa-slitne-sjaforer\/\"},\"author\":{\"name\":\"Ole Andersen\",\"@id\":\"https:\/\/nordnesrepublikken.no\/#\/schema\/person\/2e7e81935bab77882fffb79296240ff1\"},\"headline\":\"DGT sl\u00e5r ned p\u00e5 slitne sj\u00e5f\u00f8rer\",\"datePublished\":\"2026-02-05T11:51:07+00:00\",\"dateModified\":\"2026-02-05T11:51:09+00:00\",\"mainEntityOfPage\":{\"@id\":\"https:\/\/nordnesrepublikken.no\/index.php\/2026\/02\/05\/dgt-slar-ned-pa-slitne-sjaforer\/\"},\"wordCount\":612,\"publisher\":{\"@id\":\"https:\/\/nordnesrepublikken.no\/#organization\"},\"image\":{\"@id\":\"https:\/\/nordnesrepublikken.no\/index.php\/2026\/02\/05\/dgt-slar-ned-pa-slitne-sjaforer\/#primaryimage\"},\"thumbnailUrl\":\"https:\/\/nordnesrepublikken.no\/wp-content\/uploads\/2026\/02\/1770292268_DGT-slar-ned-pa-slitne-sjaforer.jpg\",\"keywords\":[\"DGT\",\"ned\",\"p\u00e5\",\"sj\u00e5f\u00f8rer\",\"sl\u00e5r\",\"slitne\"],\"articleSection\":[\"Livsstil\"],\"inLanguage\":\"nb-NO\"},{\"@type\":\"WebPage\",\"@id\":\"https:\/\/nordnesrepublikken.no\/index.php\/2026\/02\/05\/dgt-slar-ned-pa-slitne-sjaforer\/\",\"url\":\"https:\/\/nordnesrepublikken.no\/index.php\/2026\/02\/05\/dgt-slar-ned-pa-slitne-sjaforer\/\",\"name\":\"DGT sl\u00e5r ned p\u00e5 slitne sj\u00e5f\u00f8rer - Nordnesrepublikken\",\"isPartOf\":{\"@id\":\"https:\/\/nordnesrepublikken.no\/#website\"},\"primaryImageOfPage\":{\"@id\":\"https:\/\/nordnesrepublikken.no\/index.php\/2026\/02\/05\/dgt-slar-ned-pa-slitne-sjaforer\/#primaryimage\"},\"image\":{\"@id\":\"https:\/\/nordnesrepublikken.no\/index.php\/2026\/02\/05\/dgt-slar-ned-pa-slitne-sjaforer\/#primaryimage\"},\"thumbnailUrl\":\"https:\/\/nordnesrepublikken.no\/wp-content\/uploads\/2026\/02\/1770292268_DGT-slar-ned-pa-slitne-sjaforer.jpg\",\"datePublished\":\"2026-02-05T11:51:07+00:00\",\"dateModified\":\"2026-02-05T11:51:09+00:00\",\"breadcrumb\":{\"@id\":\"https:\/\/nordnesrepublikken.no\/index.php\/2026\/02\/05\/dgt-slar-ned-pa-slitne-sjaforer\/#breadcrumb\"},\"inLanguage\":\"nb-NO\",\"potentialAction\":[{\"@type\":\"ReadAction\",\"target\":[\"https:\/\/nordnesrepublikken.no\/index.php\/2026\/02\/05\/dgt-slar-ned-pa-slitne-sjaforer\/\"]}]},{\"@type\":\"ImageObject\",\"inLanguage\":\"nb-NO\",\"@id\":\"https:\/\/nordnesrepublikken.no\/index.php\/2026\/02\/05\/dgt-slar-ned-pa-slitne-sjaforer\/#primaryimage\",\"url\":\"https:\/\/nordnesrepublikken.no\/wp-content\/uploads\/2026\/02\/1770292268_DGT-slar-ned-pa-slitne-sjaforer.jpg\",\"contentUrl\":\"https:\/\/nordnesrepublikken.no\/wp-content\/uploads\/2026\/02\/1770292268_DGT-slar-ned-pa-slitne-sjaforer.jpg\",\"width\":1200,\"height\":800,\"caption\":\"DGT sl\u00e5r ned p\u00e5 slitne sj\u00e5f\u00f8rer\"},{\"@type\":\"BreadcrumbList\",\"@id\":\"https:\/\/nordnesrepublikken.no\/index.php\/2026\/02\/05\/dgt-slar-ned-pa-slitne-sjaforer\/#breadcrumb\",\"itemListElement\":[{\"@type\":\"ListItem\",\"position\":1,\"name\":\"Home\",\"item\":\"https:\/\/nordnesrepublikken.no\/\"},{\"@type\":\"ListItem\",\"position\":2,\"name\":\"DGT sl\u00e5r ned p\u00e5 slitne sj\u00e5f\u00f8rer\"}]},{\"@type\":\"WebSite\",\"@id\":\"https:\/\/nordnesrepublikken.no\/#website\",\"url\":\"https:\/\/nordnesrepublikken.no\/\",\"name\":\"Nordnesrepublikken\",\"description\":\"Stemmer og Visjoner fra Republikkens Hjerte\",\"publisher\":{\"@id\":\"https:\/\/nordnesrepublikken.no\/#organization\"},\"potentialAction\":[{\"@type\":\"SearchAction\",\"target\":{\"@type\":\"EntryPoint\",\"urlTemplate\":\"https:\/\/nordnesrepublikken.no\/?s={search_term_string}\"},\"query-input\":{\"@type\":\"PropertyValueSpecification\",\"valueRequired\":true,\"valueName\":\"search_term_string\"}}],\"inLanguage\":\"nb-NO\"},{\"@type\":\"Organization\",\"@id\":\"https:\/\/nordnesrepublikken.no\/#organization\",\"name\":\"Nordnesrepublikken\",\"url\":\"https:\/\/nordnesrepublikken.no\/\",\"logo\":{\"@type\":\"ImageObject\",\"inLanguage\":\"nb-NO\",\"@id\":\"https:\/\/nordnesrepublikken.no\/#\/schema\/logo\/image\/\",\"url\":\"https:\/\/nordnesrepublikken.no\/wp-content\/uploads\/2025\/02\/cropped-nordnesrepublikken-2.png\",\"contentUrl\":\"https:\/\/nordnesrepublikken.no\/wp-content\/uploads\/2025\/02\/cropped-nordnesrepublikken-2.png\",\"width\":1248,\"height\":362,\"caption\":\"Nordnesrepublikken\"},\"image\":{\"@id\":\"https:\/\/nordnesrepublikken.no\/#\/schema\/logo\/image\/\"}},{\"@type\":\"Person\",\"@id\":\"https:\/\/nordnesrepublikken.no\/#\/schema\/person\/2e7e81935bab77882fffb79296240ff1\",\"name\":\"Ole Andersen\",\"image\":{\"@type\":\"ImageObject\",\"inLanguage\":\"nb-NO\",\"@id\":\"https:\/\/nordnesrepublikken.no\/#\/schema\/person\/image\/\",\"url\":\"https:\/\/nordnesrepublikken.no\/wp-content\/uploads\/2025\/02\/nordnesrepublikken-2-2-150x150.jpg\",\"contentUrl\":\"https:\/\/nordnesrepublikken.no\/wp-content\/uploads\/2025\/02\/nordnesrepublikken-2-2-150x150.jpg\",\"caption\":\"Ole Andersen\"},\"description\":\"Ettersom jeg vokste opp i Oslo, har jeg alltid v\u00e6rt fascinert av ordenes kraft og deres evne til \u00e5 skape endringer. Etter \u00e5 ha fullf\u00f8rt min utdannelse i kommunikasjon ved Universitetet i Bergen, fikk jeg muligheten til \u00e5 jobbe innen ulike medier, der jeg har s\u00f8kt \u00e5 belyse viktige samfunnssp\u00f8rsm\u00e5l. I dag, som redakt\u00f8r for Nordnesrepublikken, pr\u00f8ver jeg \u00e5 forene min kj\u00e6rlighet for journalistikk med min lidenskap for innovasjon og eventyr.\",\"sameAs\":[\"https:\/\/nordnesrepublikken.no\/\"]}]}<\/script>\n<!-- \/ Yoast SEO plugin. -->","yoast_head_json":{"title":"DGT sl\u00e5r ned p\u00e5 slitne sj\u00e5f\u00f8rer - Nordnesrepublikken","robots":{"index":"index","follow":"follow","max-snippet":"max-snippet:-1","max-image-preview":"max-image-preview:large","max-video-preview":"max-video-preview:-1"},"canonical":"https:\/\/nordnesrepublikken.no\/index.php\/2026\/02\/05\/dgt-slar-ned-pa-slitne-sjaforer\/","og_locale":"nb_NO","og_type":"article","og_title":"DGT sl\u00e5r ned p\u00e5 slitne sj\u00e5f\u00f8rer - Nordnesrepublikken","og_description":"Selv om dagens m\u00f8te i Madrid offisielt ble innrammet rundt bredere trafikksikkerhetssp\u00f8rsm\u00e5l, satte diskusjonen nok","og_url":"https:\/\/nordnesrepublikken.no\/index.php\/2026\/02\/05\/dgt-slar-ned-pa-slitne-sjaforer\/","og_site_name":"Nordnesrepublikken","article_published_time":"2026-02-05T11:51:07+00:00","article_modified_time":"2026-02-05T11:51:09+00:00","og_image":[{"width":1200,"height":800,"url":"https:\/\/nordnesrepublikken.no\/wp-content\/uploads\/2026\/02\/1770292268_DGT-slar-ned-pa-slitne-sjaforer.jpg","type":"image\/jpeg"}],"author":"Ole Andersen","twitter_card":"summary_large_image","twitter_misc":{"Skrevet av":"Ole Andersen","Ansl. lesetid":"3 minutter"},"schema":{"@context":"https:\/\/schema.org","@graph":[{"@type":"Article","@id":"https:\/\/nordnesrepublikken.no\/index.php\/2026\/02\/05\/dgt-slar-ned-pa-slitne-sjaforer\/#article","isPartOf":{"@id":"https:\/\/nordnesrepublikken.no\/index.php\/2026\/02\/05\/dgt-slar-ned-pa-slitne-sjaforer\/"},"author":{"name":"Ole Andersen","@id":"https:\/\/nordnesrepublikken.no\/#\/schema\/person\/2e7e81935bab77882fffb79296240ff1"},"headline":"DGT sl\u00e5r ned p\u00e5 slitne sj\u00e5f\u00f8rer","datePublished":"2026-02-05T11:51:07+00:00","dateModified":"2026-02-05T11:51:09+00:00","mainEntityOfPage":{"@id":"https:\/\/nordnesrepublikken.no\/index.php\/2026\/02\/05\/dgt-slar-ned-pa-slitne-sjaforer\/"},"wordCount":612,"publisher":{"@id":"https:\/\/nordnesrepublikken.no\/#organization"},"image":{"@id":"https:\/\/nordnesrepublikken.no\/index.php\/2026\/02\/05\/dgt-slar-ned-pa-slitne-sjaforer\/#primaryimage"},"thumbnailUrl":"https:\/\/nordnesrepublikken.no\/wp-content\/uploads\/2026\/02\/1770292268_DGT-slar-ned-pa-slitne-sjaforer.jpg","keywords":["DGT","ned","p\u00e5","sj\u00e5f\u00f8rer","sl\u00e5r","slitne"],"articleSection":["Livsstil"],"inLanguage":"nb-NO"},{"@type":"WebPage","@id":"https:\/\/nordnesrepublikken.no\/index.php\/2026\/02\/05\/dgt-slar-ned-pa-slitne-sjaforer\/","url":"https:\/\/nordnesrepublikken.no\/index.php\/2026\/02\/05\/dgt-slar-ned-pa-slitne-sjaforer\/","name":"DGT sl\u00e5r ned p\u00e5 slitne sj\u00e5f\u00f8rer - Nordnesrepublikken","isPartOf":{"@id":"https:\/\/nordnesrepublikken.no\/#website"},"primaryImageOfPage":{"@id":"https:\/\/nordnesrepublikken.no\/index.php\/2026\/02\/05\/dgt-slar-ned-pa-slitne-sjaforer\/#primaryimage"},"image":{"@id":"https:\/\/nordnesrepublikken.no\/index.php\/2026\/02\/05\/dgt-slar-ned-pa-slitne-sjaforer\/#primaryimage"},"thumbnailUrl":"https:\/\/nordnesrepublikken.no\/wp-content\/uploads\/2026\/02\/1770292268_DGT-slar-ned-pa-slitne-sjaforer.jpg","datePublished":"2026-02-05T11:51:07+00:00","dateModified":"2026-02-05T11:51:09+00:00","breadcrumb":{"@id":"https:\/\/nordnesrepublikken.no\/index.php\/2026\/02\/05\/dgt-slar-ned-pa-slitne-sjaforer\/#breadcrumb"},"inLanguage":"nb-NO","potentialAction":[{"@type":"ReadAction","target":["https:\/\/nordnesrepublikken.no\/index.php\/2026\/02\/05\/dgt-slar-ned-pa-slitne-sjaforer\/"]}]},{"@type":"ImageObject","inLanguage":"nb-NO","@id":"https:\/\/nordnesrepublikken.no\/index.php\/2026\/02\/05\/dgt-slar-ned-pa-slitne-sjaforer\/#primaryimage","url":"https:\/\/nordnesrepublikken.no\/wp-content\/uploads\/2026\/02\/1770292268_DGT-slar-ned-pa-slitne-sjaforer.jpg","contentUrl":"https:\/\/nordnesrepublikken.no\/wp-content\/uploads\/2026\/02\/1770292268_DGT-slar-ned-pa-slitne-sjaforer.jpg","width":1200,"height":800,"caption":"DGT sl\u00e5r ned p\u00e5 slitne sj\u00e5f\u00f8rer"},{"@type":"BreadcrumbList","@id":"https:\/\/nordnesrepublikken.no\/index.php\/2026\/02\/05\/dgt-slar-ned-pa-slitne-sjaforer\/#breadcrumb","itemListElement":[{"@type":"ListItem","position":1,"name":"Home","item":"https:\/\/nordnesrepublikken.no\/"},{"@type":"ListItem","position":2,"name":"DGT sl\u00e5r ned p\u00e5 slitne sj\u00e5f\u00f8rer"}]},{"@type":"WebSite","@id":"https:\/\/nordnesrepublikken.no\/#website","url":"https:\/\/nordnesrepublikken.no\/","name":"Nordnesrepublikken","description":"Stemmer og Visjoner fra Republikkens Hjerte","publisher":{"@id":"https:\/\/nordnesrepublikken.no\/#organization"},"potentialAction":[{"@type":"SearchAction","target":{"@type":"EntryPoint","urlTemplate":"https:\/\/nordnesrepublikken.no\/?s={search_term_string}"},"query-input":{"@type":"PropertyValueSpecification","valueRequired":true,"valueName":"search_term_string"}}],"inLanguage":"nb-NO"},{"@type":"Organization","@id":"https:\/\/nordnesrepublikken.no\/#organization","name":"Nordnesrepublikken","url":"https:\/\/nordnesrepublikken.no\/","logo":{"@type":"ImageObject","inLanguage":"nb-NO","@id":"https:\/\/nordnesrepublikken.no\/#\/schema\/logo\/image\/","url":"https:\/\/nordnesrepublikken.no\/wp-content\/uploads\/2025\/02\/cropped-nordnesrepublikken-2.png","contentUrl":"https:\/\/nordnesrepublikken.no\/wp-content\/uploads\/2025\/02\/cropped-nordnesrepublikken-2.png","width":1248,"height":362,"caption":"Nordnesrepublikken"},"image":{"@id":"https:\/\/nordnesrepublikken.no\/#\/schema\/logo\/image\/"}},{"@type":"Person","@id":"https:\/\/nordnesrepublikken.no\/#\/schema\/person\/2e7e81935bab77882fffb79296240ff1","name":"Ole Andersen","image":{"@type":"ImageObject","inLanguage":"nb-NO","@id":"https:\/\/nordnesrepublikken.no\/#\/schema\/person\/image\/","url":"https:\/\/nordnesrepublikken.no\/wp-content\/uploads\/2025\/02\/nordnesrepublikken-2-2-150x150.jpg","contentUrl":"https:\/\/nordnesrepublikken.no\/wp-content\/uploads\/2025\/02\/nordnesrepublikken-2-2-150x150.jpg","caption":"Ole Andersen"},"description":"Ettersom jeg vokste opp i Oslo, har jeg alltid v\u00e6rt fascinert av ordenes kraft og deres evne til \u00e5 skape endringer. Etter \u00e5 ha fullf\u00f8rt min utdannelse i kommunikasjon ved Universitetet i Bergen, fikk jeg muligheten til \u00e5 jobbe innen ulike medier, der jeg har s\u00f8kt \u00e5 belyse viktige samfunnssp\u00f8rsm\u00e5l. I dag, som redakt\u00f8r for Nordnesrepublikken, pr\u00f8ver jeg \u00e5 forene min kj\u00e6rlighet for journalistikk med min lidenskap for innovasjon og eventyr.","sameAs":["https:\/\/nordnesrepublikken.no\/"]}]}},"_links":{"self":[{"href":"https:\/\/nordnesrepublikken.no\/index.php\/wp-json\/wp\/v2\/posts\/14570","targetHints":{"allow":["GET"]}}],"collection":[{"href":"https:\/\/nordnesrepublikken.no\/index.php\/wp-json\/wp\/v2\/posts"}],"about":[{"href":"https:\/\/nordnesrepublikken.no\/index.php\/wp-json\/wp\/v2\/types\/post"}],"author":[{"embeddable":true,"href":"https:\/\/nordnesrepublikken.no\/index.php\/wp-json\/wp\/v2\/users\/1"}],"replies":[{"embeddable":true,"href":"https:\/\/nordnesrepublikken.no\/index.php\/wp-json\/wp\/v2\/comments?post=14570"}],"version-history":[{"count":1,"href":"https:\/\/nordnesrepublikken.no\/index.php\/wp-json\/wp\/v2\/posts\/14570\/revisions"}],"predecessor-version":[{"id":14572,"href":"https:\/\/nordnesrepublikken.no\/index.php\/wp-json\/wp\/v2\/posts\/14570\/revisions\/14572"}],"wp:featuredmedia":[{"embeddable":true,"href":"https:\/\/nordnesrepublikken.no\/index.php\/wp-json\/wp\/v2\/media\/14571"}],"wp:attachment":[{"href":"https:\/\/nordnesrepublikken.no\/index.php\/wp-json\/wp\/v2\/media?parent=14570"}],"wp:term":[{"taxonomy":"category","embeddable":true,"href":"https:\/\/nordnesrepublikken.no\/index.php\/wp-json\/wp\/v2\/categories?post=14570"},{"taxonomy":"post_tag","embeddable":true,"href":"https:\/\/nordnesrepublikken.no\/index.php\/wp-json\/wp\/v2\/tags?post=14570"}],"curies":[{"name":"wp","href":"https:\/\/api.w.org\/{rel}","templated":true}]}}