{"id":14555,"date":"2026-02-04T23:50:49","date_gmt":"2026-02-04T22:50:49","guid":{"rendered":"https:\/\/nordnesrepublikken.no\/index.php\/2026\/02\/04\/i-italia-horer-vi-pa-mer-og-mer-musikk-det-er-sa-mye\/"},"modified":"2026-02-04T23:50:51","modified_gmt":"2026-02-04T22:50:51","slug":"i-italia-horer-vi-pa-mer-og-mer-musikk-det-er-sa-mye","status":"publish","type":"post","link":"https:\/\/nordnesrepublikken.no\/index.php\/2026\/02\/04\/i-italia-horer-vi-pa-mer-og-mer-musikk-det-er-sa-mye\/","title":{"rendered":"I Italia h\u00f8rer vi p\u00e5 mer og mer musikk: det er s\u00e5 mye"},"content":{"rendered":"<div>\n<div class=\"cp_wrapper cp_wrapper--fw mb-30 mb-20@tablet\">\n<figure class=\"mm\"><picture class=\"img\" style=\"padding-top:56.25%\"><source  media=\"(min-width: 1024px)\"><source  media=\"(min-width: 768px)\"><\/source><\/source><\/picture><\/figure>\n<\/p><\/div>\n<p><strong>I Italia<\/strong> du h\u00f8rer mye p\u00e5 <strong>musikk:<\/strong> <strong>i mer enn 21 timer i uken<\/strong>det vil si over 3 timer om dagen. Nesten halvparten av lyttingen er dedikert til det italienske repertoaret, mens de mest elskede sjangrene er <strong>Italiensk pop<\/strong>The <strong>singer-songwriter<\/strong> (b\u00e5de italiensk og internasjonal) og <strong>stein<\/strong>med <strong>rap og trap<\/strong> dominerende blant de yngre. Vi liker spesielt godt \u00e5 h\u00f8re p\u00e5 den mens vi gj\u00f8r husarbeid, slapper av og trener. La oss se i denne artikkelen hva statistikken sier.<\/p>\n<h2>Hvor mye musikk h\u00f8rer italienerne p\u00e5<\/h2>\n<p>I f\u00f8lge de nyeste dataene, <strong>i Italia<\/strong> blir lyttet til i gjennomsnitt <strong>21,9 timer musikk per uke<\/strong>: et tall som plasserer oss <strong>over det globale gjennomsnittet<\/strong> p\u00e5 20,7 timer. Disse dataene fremhever at for italienere er musikk ikke bare underholdning, men et ekte lydspor fra hverdagen.<\/p>\n<p>Tallrike studier viser det <strong>\u00e5 h\u00f8re p\u00e5 musikk er bra for deg<\/strong>: reduserer stress, forbedrer konsentrasjonen og fremmer emosjonelt velv\u00e6re, og risikoen oppst\u00e5r kun ved for h\u00f8ye og langvarige volumer, spesielt med hodetelefoner og \u00f8retelefoner.<\/p>\n<p>Dette er imidlertid ikke &laquo;statisk&raquo; lytting: musikken akkompagnerer i gjennomsnitt <strong>\u00e5tte ulike aktiviteter<\/strong>inkludert n\u00e5r vi gj\u00f8r husarbeid (53%), vi tar oss tid til \u00e5 slappe av (50%), vi trener (48%), vi reiser (46%), vi tar vare p\u00e5 oss selv (44%), vi er p\u00e5 nett (41%), vi reiser med bil (40%), vi lager mat (36%) og vi er p\u00e5 jobb (33%)<\/p>\n<p>Mellom 16 og 19 \u00e5r stiger antallet aktiviteter til og med til 12. Det er derfor ikke overraskende at <strong>de under 25 overstiger 25 timers lytting per uke<\/strong>en mengde som deretter gradvis avtar med alderen.<\/p>\n<p>Dataene fra den siste FIMI-rapporten forteller oss at streaming leder det italienske markedet: i 2024 ble de spilt <strong>95 milliarder str\u00f8mmer, <\/strong>med en vekst p\u00e5 31 % sammenlignet med 2023. Drivkraften for denne typen lytting er fremfor alt gratistjenester st\u00f8ttet av annonsering, som \u00f8kte med 53 %, mens abonnementstjenester vokste med kun 14 %. Et annet interessant faktum gjelder tid: <strong>82 % av str\u00f8mmene<\/strong> kommer fra <strong>sanger utgitt fra 2010 og utover<\/strong>og sanger utgitt i 2024 alene representerer 22 % av de totale lytterne. Musikken vi h\u00f8rer p\u00e5 er derfor stadig nyere.<\/p>\n<p>Imidlertid er det noen aldersrelaterte forskjeller: hvis streaming er tydelig <strong>favoritt blant under 45 \u00e5r<\/strong>forblir de eldre gruppene mer knyttet til fysisk st\u00f8tte, om enn p\u00e5 en stadig mer selektiv m\u00e5te.<\/p>\n<p>S\u00e5 er det en m\u00e5te \u00e5 lytte til musikk som opplever en ny ungdom: <strong>vinyl<\/strong>. Fra et nostalgisk objekt for voksne entusiaster har 33 rpm-platen blitt en <strong>formatet blir stadig mer elsket ogs\u00e5 av Gen Z<\/strong>som oppfatter det som et fysisk vitnesbyrd om b\u00e5ndet til kunstneren. I 2021, for f\u00f8rste gang siden 1991, overgikk vinyl CD i inntekter, og ble det dominerende formatet i det fysiske segmentet. Et eneste tilsynelatende paradoks: jo mer digital musikken er, jo mer vokser \u00f8nsket om \u00e5 ha en konkret form for den.<\/p>\n<h2>De mest lyttede til musikalske sjangrene i Italia<\/h2>\n<p>De mest lyttede til musikalske sjangrene er <strong>Italiensk pop<\/strong>The <strong>singer-songwriter<\/strong> (b\u00e5de italiensk og internasjonal) og <strong>stein<\/strong>med <strong>rap og trap<\/strong> dominerende blant de yngre. De siste ti\u00e5rene har f\u00f8rst rap og deretter trap, f\u00f8dt som nisjefenomener, utviklet seg fullt ut <strong>mainstream<\/strong>ogs\u00e5 takket v\u00e6re skarpe rytmer, seri\u00f8se toner og et direkte spr\u00e5k som tar opp saker som ber\u00f8mmelse, suksess, rikdom, identitet og sosial hevn.<\/p>\n<p>I f\u00f8lge FIMI-data genererer det italienske repertoaret 45 % av de totale str\u00f8mmene. Selv om du ser p\u00e5 Spotify-listene, dukker det opp en klar trend: <strong>Italienske artister dominerer. <\/strong>Det italienske musikkmarkedet opplever faktisk en generasjonsomsetning uten sidestykke. Mellom 2014 og 2024 sank gjennomsnittsalderen for artister som var med i de \u00e5rlige Topp 10-albumene med 31,7 %, fra 44,5 til 30,4 \u00e5r.<\/p>\n<p>Basert p\u00e5 Spotifys \u00e5rlige wraps, den <strong>Topp 10 mest fulgte artister i 2025<\/strong> er helt mannlig, med Sfera Ebbasta p\u00e5 f\u00f8rsteplass, etterfulgt av Shiva, Gu\u00e8, Geolier og Marracash<strong>.<\/strong> Tilstedev\u00e6relsen av Tony Boy og Glocky forteller om et panorama som blir stadig mer forurenset og n\u00e6rt de nye digitale generasjonene. Ved siden av de store navnene innen rap, bel\u00f8nner Wrapped 2025 ogs\u00e5 nye profiler som f.eks. <strong>Olly<\/strong>representant for en ny singer-songwriter-sensibilitet som kombinerer skrift, pop og digital estetikk.<\/p>\n<p><strong>Anna<\/strong> I stedet<strong> leder kvinnenes rangering, <\/strong>bekrefter den \u00f8kende vekten av nye urbane stemmer<strong>. <\/strong>Totalt sett \u00f8kte antallet kvinnelige artister i Topp 20-albumene 2024 med 300 % sammenlignet med 2023, noe som bekrefter den voksende kvinnelige hovedrollen i musikkmarkedet.<\/p>\n<h2>De mest suksessrike sangene og de mest lyttede til artistene<\/h2>\n<p>Blant l\u00e5tene er det repertoaret til de som dominerer <strong>Sanremo-festivalen<\/strong>som fortsetter \u00e5 v\u00e6re en kraftig forsterker av suksesser med fire sanger p\u00e5 topp 10: Den italienske plata g\u00e5r til \u00abBalorda nostalgia\u00bb av Olly og Juli, foran \u00abIncoscienti Giovani\u00bb av Achille Lauro, \u00abLA CURA PER ME\u00bb av Giorgia og \u00abBATTITO\u00bb av Fedez. Podiet inkluderer ogs\u00e5 &laquo;NEON&raquo; av Sfera Ebbasta og Shiva, mens de latinske lydene forblir veldig sterke, med &laquo;DtMF&raquo; av Bad Bunny som p\u00e5tvinger seg nasjonale spillelister, og bekrefter en musikalsk smak \u00e5pen for internasjonal p\u00e5virkning.<\/p>\n<p>I rangeringen av <strong>album,<\/strong> 2025 er <strong>\u00e5ret til Olly<\/strong> som n\u00e5r toppen med \u00abTUTTA VITA (ALLTID)\u00bb. Etterfulgt av \u201cDIO LO SA\u201d av Geolier og \u201cSANTANA MONEY GANG\u201d av Sfera Ebbasta og Shiva. Bad Bunny og Artie 5ive fullf\u00f8rer topp 5, et ytterligere tegn p\u00e5 et stadig mer hybrid marked mellom lokalt og globalt.<\/p>\n<\/p><\/div>\n","protected":false},"excerpt":{"rendered":"<p>I Italia du h\u00f8rer mye p\u00e5 musikk: i mer enn 21 timer i ukendet vil<\/p>\n","protected":false},"author":1,"featured_media":14556,"comment_status":"closed","ping_status":"open","sticky":false,"template":"","format":"standard","meta":{"footnotes":""},"categories":[104],"tags":[66,4292,437,379,5634,535,81,1472],"class_list":["post-14555","post","type-post","status-publish","format-standard","has-post-thumbnail","hentry","category-samfunn","tag-det","tag-horer","tag-italia","tag-mer","tag-musikk","tag-mye","tag-pa","tag-sa","generate-columns","tablet-grid-50","mobile-grid-100","grid-parent","grid-33","resize-featured-image"],"yoast_head":"<!-- This site is optimized with the Yoast SEO plugin v24.4 - https:\/\/yoast.com\/wordpress\/plugins\/seo\/ -->\n<title>I Italia h\u00f8rer vi p\u00e5 mer og mer musikk: det er s\u00e5 mye - Nordnesrepublikken<\/title>\n<meta name=\"robots\" content=\"index, follow, max-snippet:-1, max-image-preview:large, max-video-preview:-1\" \/>\n<link rel=\"canonical\" href=\"https:\/\/nordnesrepublikken.no\/index.php\/2026\/02\/04\/i-italia-horer-vi-pa-mer-og-mer-musikk-det-er-sa-mye\/\" \/>\n<meta property=\"og:locale\" content=\"nb_NO\" \/>\n<meta property=\"og:type\" content=\"article\" \/>\n<meta property=\"og:title\" content=\"I Italia h\u00f8rer vi p\u00e5 mer og mer musikk: det er s\u00e5 mye - Nordnesrepublikken\" \/>\n<meta property=\"og:description\" content=\"I Italia du h\u00f8rer mye p\u00e5 musikk: i mer enn 21 timer i ukendet vil\" \/>\n<meta property=\"og:url\" content=\"https:\/\/nordnesrepublikken.no\/index.php\/2026\/02\/04\/i-italia-horer-vi-pa-mer-og-mer-musikk-det-er-sa-mye\/\" \/>\n<meta property=\"og:site_name\" content=\"Nordnesrepublikken\" \/>\n<meta property=\"article:published_time\" content=\"2026-02-04T22:50:49+00:00\" \/>\n<meta property=\"article:modified_time\" content=\"2026-02-04T22:50:51+00:00\" \/>\n<meta property=\"og:image\" content=\"https:\/\/nordnesrepublikken.no\/wp-content\/uploads\/2026\/02\/1770245450_I-Italia-horer-vi-pa-mer-og-mer-musikk-det.jpg\" \/>\n\t<meta property=\"og:image:width\" content=\"2121\" \/>\n\t<meta property=\"og:image:height\" content=\"1414\" \/>\n\t<meta property=\"og:image:type\" content=\"image\/jpeg\" \/>\n<meta name=\"author\" content=\"Ole Andersen\" \/>\n<meta name=\"twitter:card\" content=\"summary_large_image\" \/>\n<meta name=\"twitter:label1\" content=\"Skrevet av\" \/>\n\t<meta name=\"twitter:data1\" content=\"Ole Andersen\" \/>\n\t<meta name=\"twitter:label2\" content=\"Ansl. lesetid\" \/>\n\t<meta name=\"twitter:data2\" content=\"4 minutter\" \/>\n<script type=\"application\/ld+json\" class=\"yoast-schema-graph\">{\"@context\":\"https:\/\/schema.org\",\"@graph\":[{\"@type\":\"Article\",\"@id\":\"https:\/\/nordnesrepublikken.no\/index.php\/2026\/02\/04\/i-italia-horer-vi-pa-mer-og-mer-musikk-det-er-sa-mye\/#article\",\"isPartOf\":{\"@id\":\"https:\/\/nordnesrepublikken.no\/index.php\/2026\/02\/04\/i-italia-horer-vi-pa-mer-og-mer-musikk-det-er-sa-mye\/\"},\"author\":{\"name\":\"Ole Andersen\",\"@id\":\"https:\/\/nordnesrepublikken.no\/#\/schema\/person\/2e7e81935bab77882fffb79296240ff1\"},\"headline\":\"I Italia h\u00f8rer vi p\u00e5 mer og mer musikk: det er s\u00e5 mye\",\"datePublished\":\"2026-02-04T22:50:49+00:00\",\"dateModified\":\"2026-02-04T22:50:51+00:00\",\"mainEntityOfPage\":{\"@id\":\"https:\/\/nordnesrepublikken.no\/index.php\/2026\/02\/04\/i-italia-horer-vi-pa-mer-og-mer-musikk-det-er-sa-mye\/\"},\"wordCount\":863,\"publisher\":{\"@id\":\"https:\/\/nordnesrepublikken.no\/#organization\"},\"image\":{\"@id\":\"https:\/\/nordnesrepublikken.no\/index.php\/2026\/02\/04\/i-italia-horer-vi-pa-mer-og-mer-musikk-det-er-sa-mye\/#primaryimage\"},\"thumbnailUrl\":\"https:\/\/nordnesrepublikken.no\/wp-content\/uploads\/2026\/02\/1770245450_I-Italia-horer-vi-pa-mer-og-mer-musikk-det.jpg\",\"keywords\":[\"Det\",\"h\u00f8rer\",\"Italia\",\"mer\",\"musikk\",\"mye\",\"p\u00e5\",\"s\u00e5\"],\"articleSection\":[\"Samfunn\"],\"inLanguage\":\"nb-NO\"},{\"@type\":\"WebPage\",\"@id\":\"https:\/\/nordnesrepublikken.no\/index.php\/2026\/02\/04\/i-italia-horer-vi-pa-mer-og-mer-musikk-det-er-sa-mye\/\",\"url\":\"https:\/\/nordnesrepublikken.no\/index.php\/2026\/02\/04\/i-italia-horer-vi-pa-mer-og-mer-musikk-det-er-sa-mye\/\",\"name\":\"I Italia h\u00f8rer vi p\u00e5 mer og mer musikk: det er s\u00e5 mye - Nordnesrepublikken\",\"isPartOf\":{\"@id\":\"https:\/\/nordnesrepublikken.no\/#website\"},\"primaryImageOfPage\":{\"@id\":\"https:\/\/nordnesrepublikken.no\/index.php\/2026\/02\/04\/i-italia-horer-vi-pa-mer-og-mer-musikk-det-er-sa-mye\/#primaryimage\"},\"image\":{\"@id\":\"https:\/\/nordnesrepublikken.no\/index.php\/2026\/02\/04\/i-italia-horer-vi-pa-mer-og-mer-musikk-det-er-sa-mye\/#primaryimage\"},\"thumbnailUrl\":\"https:\/\/nordnesrepublikken.no\/wp-content\/uploads\/2026\/02\/1770245450_I-Italia-horer-vi-pa-mer-og-mer-musikk-det.jpg\",\"datePublished\":\"2026-02-04T22:50:49+00:00\",\"dateModified\":\"2026-02-04T22:50:51+00:00\",\"breadcrumb\":{\"@id\":\"https:\/\/nordnesrepublikken.no\/index.php\/2026\/02\/04\/i-italia-horer-vi-pa-mer-og-mer-musikk-det-er-sa-mye\/#breadcrumb\"},\"inLanguage\":\"nb-NO\",\"potentialAction\":[{\"@type\":\"ReadAction\",\"target\":[\"https:\/\/nordnesrepublikken.no\/index.php\/2026\/02\/04\/i-italia-horer-vi-pa-mer-og-mer-musikk-det-er-sa-mye\/\"]}]},{\"@type\":\"ImageObject\",\"inLanguage\":\"nb-NO\",\"@id\":\"https:\/\/nordnesrepublikken.no\/index.php\/2026\/02\/04\/i-italia-horer-vi-pa-mer-og-mer-musikk-det-er-sa-mye\/#primaryimage\",\"url\":\"https:\/\/nordnesrepublikken.no\/wp-content\/uploads\/2026\/02\/1770245450_I-Italia-horer-vi-pa-mer-og-mer-musikk-det.jpg\",\"contentUrl\":\"https:\/\/nordnesrepublikken.no\/wp-content\/uploads\/2026\/02\/1770245450_I-Italia-horer-vi-pa-mer-og-mer-musikk-det.jpg\",\"width\":2121,\"height\":1414,\"caption\":\"I Italia h\u00f8rer vi p\u00e5 mer og mer musikk: det er s\u00e5 mye\"},{\"@type\":\"BreadcrumbList\",\"@id\":\"https:\/\/nordnesrepublikken.no\/index.php\/2026\/02\/04\/i-italia-horer-vi-pa-mer-og-mer-musikk-det-er-sa-mye\/#breadcrumb\",\"itemListElement\":[{\"@type\":\"ListItem\",\"position\":1,\"name\":\"Home\",\"item\":\"https:\/\/nordnesrepublikken.no\/\"},{\"@type\":\"ListItem\",\"position\":2,\"name\":\"I Italia h\u00f8rer vi p\u00e5 mer og mer musikk: det er s\u00e5 mye\"}]},{\"@type\":\"WebSite\",\"@id\":\"https:\/\/nordnesrepublikken.no\/#website\",\"url\":\"https:\/\/nordnesrepublikken.no\/\",\"name\":\"Nordnesrepublikken\",\"description\":\"Stemmer og Visjoner fra Republikkens Hjerte\",\"publisher\":{\"@id\":\"https:\/\/nordnesrepublikken.no\/#organization\"},\"potentialAction\":[{\"@type\":\"SearchAction\",\"target\":{\"@type\":\"EntryPoint\",\"urlTemplate\":\"https:\/\/nordnesrepublikken.no\/?s={search_term_string}\"},\"query-input\":{\"@type\":\"PropertyValueSpecification\",\"valueRequired\":true,\"valueName\":\"search_term_string\"}}],\"inLanguage\":\"nb-NO\"},{\"@type\":\"Organization\",\"@id\":\"https:\/\/nordnesrepublikken.no\/#organization\",\"name\":\"Nordnesrepublikken\",\"url\":\"https:\/\/nordnesrepublikken.no\/\",\"logo\":{\"@type\":\"ImageObject\",\"inLanguage\":\"nb-NO\",\"@id\":\"https:\/\/nordnesrepublikken.no\/#\/schema\/logo\/image\/\",\"url\":\"https:\/\/nordnesrepublikken.no\/wp-content\/uploads\/2025\/02\/cropped-nordnesrepublikken-2.png\",\"contentUrl\":\"https:\/\/nordnesrepublikken.no\/wp-content\/uploads\/2025\/02\/cropped-nordnesrepublikken-2.png\",\"width\":1248,\"height\":362,\"caption\":\"Nordnesrepublikken\"},\"image\":{\"@id\":\"https:\/\/nordnesrepublikken.no\/#\/schema\/logo\/image\/\"}},{\"@type\":\"Person\",\"@id\":\"https:\/\/nordnesrepublikken.no\/#\/schema\/person\/2e7e81935bab77882fffb79296240ff1\",\"name\":\"Ole Andersen\",\"image\":{\"@type\":\"ImageObject\",\"inLanguage\":\"nb-NO\",\"@id\":\"https:\/\/nordnesrepublikken.no\/#\/schema\/person\/image\/\",\"url\":\"https:\/\/nordnesrepublikken.no\/wp-content\/uploads\/2025\/02\/nordnesrepublikken-2-2-150x150.jpg\",\"contentUrl\":\"https:\/\/nordnesrepublikken.no\/wp-content\/uploads\/2025\/02\/nordnesrepublikken-2-2-150x150.jpg\",\"caption\":\"Ole Andersen\"},\"description\":\"Ettersom jeg vokste opp i Oslo, har jeg alltid v\u00e6rt fascinert av ordenes kraft og deres evne til \u00e5 skape endringer. Etter \u00e5 ha fullf\u00f8rt min utdannelse i kommunikasjon ved Universitetet i Bergen, fikk jeg muligheten til \u00e5 jobbe innen ulike medier, der jeg har s\u00f8kt \u00e5 belyse viktige samfunnssp\u00f8rsm\u00e5l. I dag, som redakt\u00f8r for Nordnesrepublikken, pr\u00f8ver jeg \u00e5 forene min kj\u00e6rlighet for journalistikk med min lidenskap for innovasjon og eventyr.\",\"sameAs\":[\"https:\/\/nordnesrepublikken.no\/\"]}]}<\/script>\n<!-- \/ Yoast SEO plugin. -->","yoast_head_json":{"title":"I Italia h\u00f8rer vi p\u00e5 mer og mer musikk: det er s\u00e5 mye - Nordnesrepublikken","robots":{"index":"index","follow":"follow","max-snippet":"max-snippet:-1","max-image-preview":"max-image-preview:large","max-video-preview":"max-video-preview:-1"},"canonical":"https:\/\/nordnesrepublikken.no\/index.php\/2026\/02\/04\/i-italia-horer-vi-pa-mer-og-mer-musikk-det-er-sa-mye\/","og_locale":"nb_NO","og_type":"article","og_title":"I Italia h\u00f8rer vi p\u00e5 mer og mer musikk: det er s\u00e5 mye - Nordnesrepublikken","og_description":"I Italia du h\u00f8rer mye p\u00e5 musikk: i mer enn 21 timer i ukendet vil","og_url":"https:\/\/nordnesrepublikken.no\/index.php\/2026\/02\/04\/i-italia-horer-vi-pa-mer-og-mer-musikk-det-er-sa-mye\/","og_site_name":"Nordnesrepublikken","article_published_time":"2026-02-04T22:50:49+00:00","article_modified_time":"2026-02-04T22:50:51+00:00","og_image":[{"width":2121,"height":1414,"url":"https:\/\/nordnesrepublikken.no\/wp-content\/uploads\/2026\/02\/1770245450_I-Italia-horer-vi-pa-mer-og-mer-musikk-det.jpg","type":"image\/jpeg"}],"author":"Ole Andersen","twitter_card":"summary_large_image","twitter_misc":{"Skrevet av":"Ole Andersen","Ansl. lesetid":"4 minutter"},"schema":{"@context":"https:\/\/schema.org","@graph":[{"@type":"Article","@id":"https:\/\/nordnesrepublikken.no\/index.php\/2026\/02\/04\/i-italia-horer-vi-pa-mer-og-mer-musikk-det-er-sa-mye\/#article","isPartOf":{"@id":"https:\/\/nordnesrepublikken.no\/index.php\/2026\/02\/04\/i-italia-horer-vi-pa-mer-og-mer-musikk-det-er-sa-mye\/"},"author":{"name":"Ole Andersen","@id":"https:\/\/nordnesrepublikken.no\/#\/schema\/person\/2e7e81935bab77882fffb79296240ff1"},"headline":"I Italia h\u00f8rer vi p\u00e5 mer og mer musikk: det er s\u00e5 mye","datePublished":"2026-02-04T22:50:49+00:00","dateModified":"2026-02-04T22:50:51+00:00","mainEntityOfPage":{"@id":"https:\/\/nordnesrepublikken.no\/index.php\/2026\/02\/04\/i-italia-horer-vi-pa-mer-og-mer-musikk-det-er-sa-mye\/"},"wordCount":863,"publisher":{"@id":"https:\/\/nordnesrepublikken.no\/#organization"},"image":{"@id":"https:\/\/nordnesrepublikken.no\/index.php\/2026\/02\/04\/i-italia-horer-vi-pa-mer-og-mer-musikk-det-er-sa-mye\/#primaryimage"},"thumbnailUrl":"https:\/\/nordnesrepublikken.no\/wp-content\/uploads\/2026\/02\/1770245450_I-Italia-horer-vi-pa-mer-og-mer-musikk-det.jpg","keywords":["Det","h\u00f8rer","Italia","mer","musikk","mye","p\u00e5","s\u00e5"],"articleSection":["Samfunn"],"inLanguage":"nb-NO"},{"@type":"WebPage","@id":"https:\/\/nordnesrepublikken.no\/index.php\/2026\/02\/04\/i-italia-horer-vi-pa-mer-og-mer-musikk-det-er-sa-mye\/","url":"https:\/\/nordnesrepublikken.no\/index.php\/2026\/02\/04\/i-italia-horer-vi-pa-mer-og-mer-musikk-det-er-sa-mye\/","name":"I Italia h\u00f8rer vi p\u00e5 mer og mer musikk: det er s\u00e5 mye - Nordnesrepublikken","isPartOf":{"@id":"https:\/\/nordnesrepublikken.no\/#website"},"primaryImageOfPage":{"@id":"https:\/\/nordnesrepublikken.no\/index.php\/2026\/02\/04\/i-italia-horer-vi-pa-mer-og-mer-musikk-det-er-sa-mye\/#primaryimage"},"image":{"@id":"https:\/\/nordnesrepublikken.no\/index.php\/2026\/02\/04\/i-italia-horer-vi-pa-mer-og-mer-musikk-det-er-sa-mye\/#primaryimage"},"thumbnailUrl":"https:\/\/nordnesrepublikken.no\/wp-content\/uploads\/2026\/02\/1770245450_I-Italia-horer-vi-pa-mer-og-mer-musikk-det.jpg","datePublished":"2026-02-04T22:50:49+00:00","dateModified":"2026-02-04T22:50:51+00:00","breadcrumb":{"@id":"https:\/\/nordnesrepublikken.no\/index.php\/2026\/02\/04\/i-italia-horer-vi-pa-mer-og-mer-musikk-det-er-sa-mye\/#breadcrumb"},"inLanguage":"nb-NO","potentialAction":[{"@type":"ReadAction","target":["https:\/\/nordnesrepublikken.no\/index.php\/2026\/02\/04\/i-italia-horer-vi-pa-mer-og-mer-musikk-det-er-sa-mye\/"]}]},{"@type":"ImageObject","inLanguage":"nb-NO","@id":"https:\/\/nordnesrepublikken.no\/index.php\/2026\/02\/04\/i-italia-horer-vi-pa-mer-og-mer-musikk-det-er-sa-mye\/#primaryimage","url":"https:\/\/nordnesrepublikken.no\/wp-content\/uploads\/2026\/02\/1770245450_I-Italia-horer-vi-pa-mer-og-mer-musikk-det.jpg","contentUrl":"https:\/\/nordnesrepublikken.no\/wp-content\/uploads\/2026\/02\/1770245450_I-Italia-horer-vi-pa-mer-og-mer-musikk-det.jpg","width":2121,"height":1414,"caption":"I Italia h\u00f8rer vi p\u00e5 mer og mer musikk: det er s\u00e5 mye"},{"@type":"BreadcrumbList","@id":"https:\/\/nordnesrepublikken.no\/index.php\/2026\/02\/04\/i-italia-horer-vi-pa-mer-og-mer-musikk-det-er-sa-mye\/#breadcrumb","itemListElement":[{"@type":"ListItem","position":1,"name":"Home","item":"https:\/\/nordnesrepublikken.no\/"},{"@type":"ListItem","position":2,"name":"I Italia h\u00f8rer vi p\u00e5 mer og mer musikk: det er s\u00e5 mye"}]},{"@type":"WebSite","@id":"https:\/\/nordnesrepublikken.no\/#website","url":"https:\/\/nordnesrepublikken.no\/","name":"Nordnesrepublikken","description":"Stemmer og Visjoner fra Republikkens Hjerte","publisher":{"@id":"https:\/\/nordnesrepublikken.no\/#organization"},"potentialAction":[{"@type":"SearchAction","target":{"@type":"EntryPoint","urlTemplate":"https:\/\/nordnesrepublikken.no\/?s={search_term_string}"},"query-input":{"@type":"PropertyValueSpecification","valueRequired":true,"valueName":"search_term_string"}}],"inLanguage":"nb-NO"},{"@type":"Organization","@id":"https:\/\/nordnesrepublikken.no\/#organization","name":"Nordnesrepublikken","url":"https:\/\/nordnesrepublikken.no\/","logo":{"@type":"ImageObject","inLanguage":"nb-NO","@id":"https:\/\/nordnesrepublikken.no\/#\/schema\/logo\/image\/","url":"https:\/\/nordnesrepublikken.no\/wp-content\/uploads\/2025\/02\/cropped-nordnesrepublikken-2.png","contentUrl":"https:\/\/nordnesrepublikken.no\/wp-content\/uploads\/2025\/02\/cropped-nordnesrepublikken-2.png","width":1248,"height":362,"caption":"Nordnesrepublikken"},"image":{"@id":"https:\/\/nordnesrepublikken.no\/#\/schema\/logo\/image\/"}},{"@type":"Person","@id":"https:\/\/nordnesrepublikken.no\/#\/schema\/person\/2e7e81935bab77882fffb79296240ff1","name":"Ole Andersen","image":{"@type":"ImageObject","inLanguage":"nb-NO","@id":"https:\/\/nordnesrepublikken.no\/#\/schema\/person\/image\/","url":"https:\/\/nordnesrepublikken.no\/wp-content\/uploads\/2025\/02\/nordnesrepublikken-2-2-150x150.jpg","contentUrl":"https:\/\/nordnesrepublikken.no\/wp-content\/uploads\/2025\/02\/nordnesrepublikken-2-2-150x150.jpg","caption":"Ole Andersen"},"description":"Ettersom jeg vokste opp i Oslo, har jeg alltid v\u00e6rt fascinert av ordenes kraft og deres evne til \u00e5 skape endringer. Etter \u00e5 ha fullf\u00f8rt min utdannelse i kommunikasjon ved Universitetet i Bergen, fikk jeg muligheten til \u00e5 jobbe innen ulike medier, der jeg har s\u00f8kt \u00e5 belyse viktige samfunnssp\u00f8rsm\u00e5l. I dag, som redakt\u00f8r for Nordnesrepublikken, pr\u00f8ver jeg \u00e5 forene min kj\u00e6rlighet for journalistikk med min lidenskap for innovasjon og eventyr.","sameAs":["https:\/\/nordnesrepublikken.no\/"]}]}},"_links":{"self":[{"href":"https:\/\/nordnesrepublikken.no\/index.php\/wp-json\/wp\/v2\/posts\/14555","targetHints":{"allow":["GET"]}}],"collection":[{"href":"https:\/\/nordnesrepublikken.no\/index.php\/wp-json\/wp\/v2\/posts"}],"about":[{"href":"https:\/\/nordnesrepublikken.no\/index.php\/wp-json\/wp\/v2\/types\/post"}],"author":[{"embeddable":true,"href":"https:\/\/nordnesrepublikken.no\/index.php\/wp-json\/wp\/v2\/users\/1"}],"replies":[{"embeddable":true,"href":"https:\/\/nordnesrepublikken.no\/index.php\/wp-json\/wp\/v2\/comments?post=14555"}],"version-history":[{"count":1,"href":"https:\/\/nordnesrepublikken.no\/index.php\/wp-json\/wp\/v2\/posts\/14555\/revisions"}],"predecessor-version":[{"id":14557,"href":"https:\/\/nordnesrepublikken.no\/index.php\/wp-json\/wp\/v2\/posts\/14555\/revisions\/14557"}],"wp:featuredmedia":[{"embeddable":true,"href":"https:\/\/nordnesrepublikken.no\/index.php\/wp-json\/wp\/v2\/media\/14556"}],"wp:attachment":[{"href":"https:\/\/nordnesrepublikken.no\/index.php\/wp-json\/wp\/v2\/media?parent=14555"}],"wp:term":[{"taxonomy":"category","embeddable":true,"href":"https:\/\/nordnesrepublikken.no\/index.php\/wp-json\/wp\/v2\/categories?post=14555"},{"taxonomy":"post_tag","embeddable":true,"href":"https:\/\/nordnesrepublikken.no\/index.php\/wp-json\/wp\/v2\/tags?post=14555"}],"curies":[{"name":"wp","href":"https:\/\/api.w.org\/{rel}","templated":true}]}}