{"id":14552,"date":"2026-02-04T22:50:36","date_gmt":"2026-02-04T21:50:36","guid":{"rendered":"https:\/\/nordnesrepublikken.no\/index.php\/2026\/02\/04\/kia-pv5-praktisk-og-jordnaer-men-slaende-og-rimelig-ogsa\/"},"modified":"2026-02-04T22:50:38","modified_gmt":"2026-02-04T21:50:38","slug":"kia-pv5-praktisk-og-jordnaer-men-slaende-og-rimelig-ogsa","status":"publish","type":"post","link":"https:\/\/nordnesrepublikken.no\/index.php\/2026\/02\/04\/kia-pv5-praktisk-og-jordnaer-men-slaende-og-rimelig-ogsa\/","title":{"rendered":"Kia PV5 \u2013 praktisk og jordn\u00e6r, men sl\u00e5ende og rimelig ogs\u00e5"},"content":{"rendered":"<p><\/p>\n<div class=\"wordpress-content\">\n                    <!-- Article Start --><\/p>\n<p>Da den ble lansert vakte VWs ID Buzz oppsikt med sitt sl\u00e5ende utseende og fargevalg, for ikke \u00e5 snakke om det elektriske kraftverket. Det har egentlig ikke v\u00e6rt noe lignende \u00e5 konkurrere, f\u00f8r n\u00e5. Kia har lansert sin PV5, som i likhet med ID Buzz kommer i b\u00e5de person- og varebilform, og selv om stilen er veldig subjektiv, har den absolutt et sl\u00e5ende utseende, alle v\u00e6re annerledes enn Buzz.<\/p>\n<p><span id=\"more-559964\"><\/span><\/p>\n<p>Den virkelig sl\u00e5ende forskjellen er imidlertid prisen. P\u00e5 ikke langt under halve prisen p\u00e5 den innledende Buzz Kias PV5 kommer alltid til \u00e5 tiltrekke seg oppmerksomhet. Den foresl\u00e5tte rekkevidden er kortere enn Buzz p\u00e5 mellom 294\/183 til 412\/256 km\/mil \u2013 Buzz tilbyr mellom 445\/277 til 471\/293 km\/mil \u2013 men gitt prisforskjellene vil PV5 fortsatt tilby en betydelig prisfordel med en mer brukbar rekkevidde.<\/p>\n<div class=\"sra_unit\"><link rel=\"stylesheet\" id=\"block-sra\" href=\"https:\/\/euroweeklynews.com\/wp-content\/plugins\/snack-related-articles\/dist\/css\/snack-related.min.css?250312-193541\" type=\"text\/css\" media=\"all\">\n<\/div>\n<p>Standardutstyr p\u00e5 tvers av PV5-serien inkluderer automatiske lys og vindusviskere, elektriske, sammenleggbare og oppvarmede sidespeil, automatiske vindusviskere, klimaanlegg, n\u00f8kkelfri inngang og start, tr\u00e5dl\u00f8s Apple Car Play og Android Auto, tre kj\u00f8remoduser og parkeringssensorer foran og bak med ryggekamera.<\/p>\n<p>Det er bare to trimniv\u00e5er \u2013 Essential standard og lang rekkevidde fra \u20ac38.073\/\u00a332.995 og Plus lang rekkevidde kun til \u20ac44.190\/\u00a338.295 \u2013 med Plus-modellen som legger til standarden over hele linjen. ID Buzz sl\u00e5r dette niv\u00e5et av innledende utstyr og p\u00e5 tvers av de forskjellige modellvariantene.<\/p>\n<p>Det er ingen tvil om at ID Buzz har fordelen n\u00e5r det gjelder rekkevidde, utstyr og uten tvil i b\u00e5de stil og karakter, med sin lange historie med VW-busser. Kia er kanskje noe mer praktisk og jordn\u00e6r, men den vil fortsatt tiltrekke seg de som leter etter s\u00e6regen og stilig transport til en mye rimeligere pris. Det er bare \u00e9n standardfarge, men en rekke valgfrie malingsfinisher for ekstra kostnader er verdt \u00e5 utforske fordi de utgj\u00f8r en enorm forskjell for utseendet til PV5.<\/p>\n<p>Rekkevidde p\u00e5 den innledende PV5-kraftenheten kan v\u00e6re et problem for noen, men hvis bruken din inneb\u00e6rer mer lokal kj\u00f8ring for pendler, kj\u00f8rer skolen og shopping med en og annen lengre reise, s\u00e5 er det kanskje ikke et slikt problem.<\/p>\n<p>For \u00f8yeblikket tilbys PV5 kun med 5-seter, men det b\u00f8r rettes opp senere i \u00e5r n\u00e5r 6- og 7-seters varianter vil bli introdusert. Det er verdt \u00e5 gjenta p\u00e5 dette tidspunktet at, igjen som med ID Buzz, tilbys PV5 ogs\u00e5 i varebilform for de som ser p\u00e5 et mer \u00f8kologisk og kommersielt levedyktig alternativ.<\/p>\n<p>                    <!-- Originally published at https:\/\/euroweeklynews.com\/2026\/02\/04\/kia-pv5-practical-and-down-to-earth-but-striking-and-affordable-too\/ on 04 Feb 2026 at 9:34 by Mark Slack --><br \/>\n                    <!-- Article End -->\n                <\/div>\n","protected":false},"excerpt":{"rendered":"<p>Da den ble lansert vakte VWs ID Buzz oppsikt med sitt sl\u00e5ende utseende og fargevalg,<\/p>\n","protected":false},"author":1,"featured_media":14553,"comment_status":"closed","ping_status":"open","sticky":false,"template":"","format":"standard","meta":{"footnotes":""},"categories":[105],"tags":[9483,6308,355,753,4470,9482,5236,8335],"class_list":["post-14552","post","type-post","status-publish","format-standard","has-post-thumbnail","hentry","category-livsstil","tag-jordnaer","tag-kia","tag-men","tag-ogsa","tag-praktisk","tag-pv5","tag-rimelig","tag-slaende","generate-columns","tablet-grid-50","mobile-grid-100","grid-parent","grid-33","resize-featured-image"],"yoast_head":"<!-- This site is optimized with the Yoast SEO plugin v24.4 - https:\/\/yoast.com\/wordpress\/plugins\/seo\/ -->\n<title>Kia PV5 \u2013 praktisk og jordn\u00e6r, men sl\u00e5ende og rimelig ogs\u00e5 - Nordnesrepublikken<\/title>\n<meta name=\"robots\" content=\"index, follow, max-snippet:-1, max-image-preview:large, max-video-preview:-1\" \/>\n<link rel=\"canonical\" href=\"https:\/\/nordnesrepublikken.no\/index.php\/2026\/02\/04\/kia-pv5-praktisk-og-jordnaer-men-slaende-og-rimelig-ogsa\/\" \/>\n<meta property=\"og:locale\" content=\"nb_NO\" \/>\n<meta property=\"og:type\" content=\"article\" \/>\n<meta property=\"og:title\" content=\"Kia PV5 \u2013 praktisk og jordn\u00e6r, men sl\u00e5ende og rimelig ogs\u00e5 - Nordnesrepublikken\" \/>\n<meta property=\"og:description\" content=\"Da den ble lansert vakte VWs ID Buzz oppsikt med sitt sl\u00e5ende utseende og fargevalg,\" \/>\n<meta property=\"og:url\" content=\"https:\/\/nordnesrepublikken.no\/index.php\/2026\/02\/04\/kia-pv5-praktisk-og-jordnaer-men-slaende-og-rimelig-ogsa\/\" \/>\n<meta property=\"og:site_name\" content=\"Nordnesrepublikken\" \/>\n<meta property=\"article:published_time\" content=\"2026-02-04T21:50:36+00:00\" \/>\n<meta property=\"article:modified_time\" content=\"2026-02-04T21:50:38+00:00\" \/>\n<meta property=\"og:image\" content=\"https:\/\/nordnesrepublikken.no\/wp-content\/uploads\/2026\/02\/1770241837_Kia-PV5-\u2013-praktisk-og-jordnaer-men-slaende-og-rimelig.jpg\" \/>\n\t<meta property=\"og:image:width\" content=\"1200\" \/>\n\t<meta property=\"og:image:height\" content=\"800\" \/>\n\t<meta property=\"og:image:type\" content=\"image\/jpeg\" \/>\n<meta name=\"author\" content=\"Ole Andersen\" \/>\n<meta name=\"twitter:card\" content=\"summary_large_image\" \/>\n<meta name=\"twitter:label1\" content=\"Skrevet av\" \/>\n\t<meta name=\"twitter:data1\" content=\"Ole Andersen\" \/>\n\t<meta name=\"twitter:label2\" content=\"Ansl. lesetid\" \/>\n\t<meta name=\"twitter:data2\" content=\"2 minutter\" \/>\n<script type=\"application\/ld+json\" class=\"yoast-schema-graph\">{\"@context\":\"https:\/\/schema.org\",\"@graph\":[{\"@type\":\"Article\",\"@id\":\"https:\/\/nordnesrepublikken.no\/index.php\/2026\/02\/04\/kia-pv5-praktisk-og-jordnaer-men-slaende-og-rimelig-ogsa\/#article\",\"isPartOf\":{\"@id\":\"https:\/\/nordnesrepublikken.no\/index.php\/2026\/02\/04\/kia-pv5-praktisk-og-jordnaer-men-slaende-og-rimelig-ogsa\/\"},\"author\":{\"name\":\"Ole Andersen\",\"@id\":\"https:\/\/nordnesrepublikken.no\/#\/schema\/person\/2e7e81935bab77882fffb79296240ff1\"},\"headline\":\"Kia PV5 \u2013 praktisk og jordn\u00e6r, men sl\u00e5ende og rimelig ogs\u00e5\",\"datePublished\":\"2026-02-04T21:50:36+00:00\",\"dateModified\":\"2026-02-04T21:50:38+00:00\",\"mainEntityOfPage\":{\"@id\":\"https:\/\/nordnesrepublikken.no\/index.php\/2026\/02\/04\/kia-pv5-praktisk-og-jordnaer-men-slaende-og-rimelig-ogsa\/\"},\"wordCount\":418,\"publisher\":{\"@id\":\"https:\/\/nordnesrepublikken.no\/#organization\"},\"image\":{\"@id\":\"https:\/\/nordnesrepublikken.no\/index.php\/2026\/02\/04\/kia-pv5-praktisk-og-jordnaer-men-slaende-og-rimelig-ogsa\/#primaryimage\"},\"thumbnailUrl\":\"https:\/\/nordnesrepublikken.no\/wp-content\/uploads\/2026\/02\/1770241837_Kia-PV5-\u2013-praktisk-og-jordnaer-men-slaende-og-rimelig.jpg\",\"keywords\":[\"jordn\u00e6r\",\"Kia\",\"men\",\"ogs\u00e5\",\"praktisk\",\"PV5\",\"Rimelig\",\"sl\u00e5ende\"],\"articleSection\":[\"Livsstil\"],\"inLanguage\":\"nb-NO\"},{\"@type\":\"WebPage\",\"@id\":\"https:\/\/nordnesrepublikken.no\/index.php\/2026\/02\/04\/kia-pv5-praktisk-og-jordnaer-men-slaende-og-rimelig-ogsa\/\",\"url\":\"https:\/\/nordnesrepublikken.no\/index.php\/2026\/02\/04\/kia-pv5-praktisk-og-jordnaer-men-slaende-og-rimelig-ogsa\/\",\"name\":\"Kia PV5 \u2013 praktisk og jordn\u00e6r, men sl\u00e5ende og rimelig ogs\u00e5 - Nordnesrepublikken\",\"isPartOf\":{\"@id\":\"https:\/\/nordnesrepublikken.no\/#website\"},\"primaryImageOfPage\":{\"@id\":\"https:\/\/nordnesrepublikken.no\/index.php\/2026\/02\/04\/kia-pv5-praktisk-og-jordnaer-men-slaende-og-rimelig-ogsa\/#primaryimage\"},\"image\":{\"@id\":\"https:\/\/nordnesrepublikken.no\/index.php\/2026\/02\/04\/kia-pv5-praktisk-og-jordnaer-men-slaende-og-rimelig-ogsa\/#primaryimage\"},\"thumbnailUrl\":\"https:\/\/nordnesrepublikken.no\/wp-content\/uploads\/2026\/02\/1770241837_Kia-PV5-\u2013-praktisk-og-jordnaer-men-slaende-og-rimelig.jpg\",\"datePublished\":\"2026-02-04T21:50:36+00:00\",\"dateModified\":\"2026-02-04T21:50:38+00:00\",\"breadcrumb\":{\"@id\":\"https:\/\/nordnesrepublikken.no\/index.php\/2026\/02\/04\/kia-pv5-praktisk-og-jordnaer-men-slaende-og-rimelig-ogsa\/#breadcrumb\"},\"inLanguage\":\"nb-NO\",\"potentialAction\":[{\"@type\":\"ReadAction\",\"target\":[\"https:\/\/nordnesrepublikken.no\/index.php\/2026\/02\/04\/kia-pv5-praktisk-og-jordnaer-men-slaende-og-rimelig-ogsa\/\"]}]},{\"@type\":\"ImageObject\",\"inLanguage\":\"nb-NO\",\"@id\":\"https:\/\/nordnesrepublikken.no\/index.php\/2026\/02\/04\/kia-pv5-praktisk-og-jordnaer-men-slaende-og-rimelig-ogsa\/#primaryimage\",\"url\":\"https:\/\/nordnesrepublikken.no\/wp-content\/uploads\/2026\/02\/1770241837_Kia-PV5-\u2013-praktisk-og-jordnaer-men-slaende-og-rimelig.jpg\",\"contentUrl\":\"https:\/\/nordnesrepublikken.no\/wp-content\/uploads\/2026\/02\/1770241837_Kia-PV5-\u2013-praktisk-og-jordnaer-men-slaende-og-rimelig.jpg\",\"width\":1200,\"height\":800,\"caption\":\"Kia PV5 \u2013 praktisk og jordn\u00e6r, men sl\u00e5ende og rimelig ogs\u00e5\"},{\"@type\":\"BreadcrumbList\",\"@id\":\"https:\/\/nordnesrepublikken.no\/index.php\/2026\/02\/04\/kia-pv5-praktisk-og-jordnaer-men-slaende-og-rimelig-ogsa\/#breadcrumb\",\"itemListElement\":[{\"@type\":\"ListItem\",\"position\":1,\"name\":\"Home\",\"item\":\"https:\/\/nordnesrepublikken.no\/\"},{\"@type\":\"ListItem\",\"position\":2,\"name\":\"Kia PV5 \u2013 praktisk og jordn\u00e6r, men sl\u00e5ende og rimelig ogs\u00e5\"}]},{\"@type\":\"WebSite\",\"@id\":\"https:\/\/nordnesrepublikken.no\/#website\",\"url\":\"https:\/\/nordnesrepublikken.no\/\",\"name\":\"Nordnesrepublikken\",\"description\":\"Stemmer og Visjoner fra Republikkens Hjerte\",\"publisher\":{\"@id\":\"https:\/\/nordnesrepublikken.no\/#organization\"},\"potentialAction\":[{\"@type\":\"SearchAction\",\"target\":{\"@type\":\"EntryPoint\",\"urlTemplate\":\"https:\/\/nordnesrepublikken.no\/?s={search_term_string}\"},\"query-input\":{\"@type\":\"PropertyValueSpecification\",\"valueRequired\":true,\"valueName\":\"search_term_string\"}}],\"inLanguage\":\"nb-NO\"},{\"@type\":\"Organization\",\"@id\":\"https:\/\/nordnesrepublikken.no\/#organization\",\"name\":\"Nordnesrepublikken\",\"url\":\"https:\/\/nordnesrepublikken.no\/\",\"logo\":{\"@type\":\"ImageObject\",\"inLanguage\":\"nb-NO\",\"@id\":\"https:\/\/nordnesrepublikken.no\/#\/schema\/logo\/image\/\",\"url\":\"https:\/\/nordnesrepublikken.no\/wp-content\/uploads\/2025\/02\/cropped-nordnesrepublikken-2.png\",\"contentUrl\":\"https:\/\/nordnesrepublikken.no\/wp-content\/uploads\/2025\/02\/cropped-nordnesrepublikken-2.png\",\"width\":1248,\"height\":362,\"caption\":\"Nordnesrepublikken\"},\"image\":{\"@id\":\"https:\/\/nordnesrepublikken.no\/#\/schema\/logo\/image\/\"}},{\"@type\":\"Person\",\"@id\":\"https:\/\/nordnesrepublikken.no\/#\/schema\/person\/2e7e81935bab77882fffb79296240ff1\",\"name\":\"Ole Andersen\",\"image\":{\"@type\":\"ImageObject\",\"inLanguage\":\"nb-NO\",\"@id\":\"https:\/\/nordnesrepublikken.no\/#\/schema\/person\/image\/\",\"url\":\"https:\/\/nordnesrepublikken.no\/wp-content\/uploads\/2025\/02\/nordnesrepublikken-2-2-150x150.jpg\",\"contentUrl\":\"https:\/\/nordnesrepublikken.no\/wp-content\/uploads\/2025\/02\/nordnesrepublikken-2-2-150x150.jpg\",\"caption\":\"Ole Andersen\"},\"description\":\"Ettersom jeg vokste opp i Oslo, har jeg alltid v\u00e6rt fascinert av ordenes kraft og deres evne til \u00e5 skape endringer. Etter \u00e5 ha fullf\u00f8rt min utdannelse i kommunikasjon ved Universitetet i Bergen, fikk jeg muligheten til \u00e5 jobbe innen ulike medier, der jeg har s\u00f8kt \u00e5 belyse viktige samfunnssp\u00f8rsm\u00e5l. I dag, som redakt\u00f8r for Nordnesrepublikken, pr\u00f8ver jeg \u00e5 forene min kj\u00e6rlighet for journalistikk med min lidenskap for innovasjon og eventyr.\",\"sameAs\":[\"https:\/\/nordnesrepublikken.no\/\"]}]}<\/script>\n<!-- \/ Yoast SEO plugin. -->","yoast_head_json":{"title":"Kia PV5 \u2013 praktisk og jordn\u00e6r, men sl\u00e5ende og rimelig ogs\u00e5 - Nordnesrepublikken","robots":{"index":"index","follow":"follow","max-snippet":"max-snippet:-1","max-image-preview":"max-image-preview:large","max-video-preview":"max-video-preview:-1"},"canonical":"https:\/\/nordnesrepublikken.no\/index.php\/2026\/02\/04\/kia-pv5-praktisk-og-jordnaer-men-slaende-og-rimelig-ogsa\/","og_locale":"nb_NO","og_type":"article","og_title":"Kia PV5 \u2013 praktisk og jordn\u00e6r, men sl\u00e5ende og rimelig ogs\u00e5 - Nordnesrepublikken","og_description":"Da den ble lansert vakte VWs ID Buzz oppsikt med sitt sl\u00e5ende utseende og fargevalg,","og_url":"https:\/\/nordnesrepublikken.no\/index.php\/2026\/02\/04\/kia-pv5-praktisk-og-jordnaer-men-slaende-og-rimelig-ogsa\/","og_site_name":"Nordnesrepublikken","article_published_time":"2026-02-04T21:50:36+00:00","article_modified_time":"2026-02-04T21:50:38+00:00","og_image":[{"width":1200,"height":800,"url":"https:\/\/nordnesrepublikken.no\/wp-content\/uploads\/2026\/02\/1770241837_Kia-PV5-\u2013-praktisk-og-jordnaer-men-slaende-og-rimelig.jpg","type":"image\/jpeg"}],"author":"Ole Andersen","twitter_card":"summary_large_image","twitter_misc":{"Skrevet av":"Ole Andersen","Ansl. lesetid":"2 minutter"},"schema":{"@context":"https:\/\/schema.org","@graph":[{"@type":"Article","@id":"https:\/\/nordnesrepublikken.no\/index.php\/2026\/02\/04\/kia-pv5-praktisk-og-jordnaer-men-slaende-og-rimelig-ogsa\/#article","isPartOf":{"@id":"https:\/\/nordnesrepublikken.no\/index.php\/2026\/02\/04\/kia-pv5-praktisk-og-jordnaer-men-slaende-og-rimelig-ogsa\/"},"author":{"name":"Ole Andersen","@id":"https:\/\/nordnesrepublikken.no\/#\/schema\/person\/2e7e81935bab77882fffb79296240ff1"},"headline":"Kia PV5 \u2013 praktisk og jordn\u00e6r, men sl\u00e5ende og rimelig ogs\u00e5","datePublished":"2026-02-04T21:50:36+00:00","dateModified":"2026-02-04T21:50:38+00:00","mainEntityOfPage":{"@id":"https:\/\/nordnesrepublikken.no\/index.php\/2026\/02\/04\/kia-pv5-praktisk-og-jordnaer-men-slaende-og-rimelig-ogsa\/"},"wordCount":418,"publisher":{"@id":"https:\/\/nordnesrepublikken.no\/#organization"},"image":{"@id":"https:\/\/nordnesrepublikken.no\/index.php\/2026\/02\/04\/kia-pv5-praktisk-og-jordnaer-men-slaende-og-rimelig-ogsa\/#primaryimage"},"thumbnailUrl":"https:\/\/nordnesrepublikken.no\/wp-content\/uploads\/2026\/02\/1770241837_Kia-PV5-\u2013-praktisk-og-jordnaer-men-slaende-og-rimelig.jpg","keywords":["jordn\u00e6r","Kia","men","ogs\u00e5","praktisk","PV5","Rimelig","sl\u00e5ende"],"articleSection":["Livsstil"],"inLanguage":"nb-NO"},{"@type":"WebPage","@id":"https:\/\/nordnesrepublikken.no\/index.php\/2026\/02\/04\/kia-pv5-praktisk-og-jordnaer-men-slaende-og-rimelig-ogsa\/","url":"https:\/\/nordnesrepublikken.no\/index.php\/2026\/02\/04\/kia-pv5-praktisk-og-jordnaer-men-slaende-og-rimelig-ogsa\/","name":"Kia PV5 \u2013 praktisk og jordn\u00e6r, men sl\u00e5ende og rimelig ogs\u00e5 - Nordnesrepublikken","isPartOf":{"@id":"https:\/\/nordnesrepublikken.no\/#website"},"primaryImageOfPage":{"@id":"https:\/\/nordnesrepublikken.no\/index.php\/2026\/02\/04\/kia-pv5-praktisk-og-jordnaer-men-slaende-og-rimelig-ogsa\/#primaryimage"},"image":{"@id":"https:\/\/nordnesrepublikken.no\/index.php\/2026\/02\/04\/kia-pv5-praktisk-og-jordnaer-men-slaende-og-rimelig-ogsa\/#primaryimage"},"thumbnailUrl":"https:\/\/nordnesrepublikken.no\/wp-content\/uploads\/2026\/02\/1770241837_Kia-PV5-\u2013-praktisk-og-jordnaer-men-slaende-og-rimelig.jpg","datePublished":"2026-02-04T21:50:36+00:00","dateModified":"2026-02-04T21:50:38+00:00","breadcrumb":{"@id":"https:\/\/nordnesrepublikken.no\/index.php\/2026\/02\/04\/kia-pv5-praktisk-og-jordnaer-men-slaende-og-rimelig-ogsa\/#breadcrumb"},"inLanguage":"nb-NO","potentialAction":[{"@type":"ReadAction","target":["https:\/\/nordnesrepublikken.no\/index.php\/2026\/02\/04\/kia-pv5-praktisk-og-jordnaer-men-slaende-og-rimelig-ogsa\/"]}]},{"@type":"ImageObject","inLanguage":"nb-NO","@id":"https:\/\/nordnesrepublikken.no\/index.php\/2026\/02\/04\/kia-pv5-praktisk-og-jordnaer-men-slaende-og-rimelig-ogsa\/#primaryimage","url":"https:\/\/nordnesrepublikken.no\/wp-content\/uploads\/2026\/02\/1770241837_Kia-PV5-\u2013-praktisk-og-jordnaer-men-slaende-og-rimelig.jpg","contentUrl":"https:\/\/nordnesrepublikken.no\/wp-content\/uploads\/2026\/02\/1770241837_Kia-PV5-\u2013-praktisk-og-jordnaer-men-slaende-og-rimelig.jpg","width":1200,"height":800,"caption":"Kia PV5 \u2013 praktisk og jordn\u00e6r, men sl\u00e5ende og rimelig ogs\u00e5"},{"@type":"BreadcrumbList","@id":"https:\/\/nordnesrepublikken.no\/index.php\/2026\/02\/04\/kia-pv5-praktisk-og-jordnaer-men-slaende-og-rimelig-ogsa\/#breadcrumb","itemListElement":[{"@type":"ListItem","position":1,"name":"Home","item":"https:\/\/nordnesrepublikken.no\/"},{"@type":"ListItem","position":2,"name":"Kia PV5 \u2013 praktisk og jordn\u00e6r, men sl\u00e5ende og rimelig ogs\u00e5"}]},{"@type":"WebSite","@id":"https:\/\/nordnesrepublikken.no\/#website","url":"https:\/\/nordnesrepublikken.no\/","name":"Nordnesrepublikken","description":"Stemmer og Visjoner fra Republikkens Hjerte","publisher":{"@id":"https:\/\/nordnesrepublikken.no\/#organization"},"potentialAction":[{"@type":"SearchAction","target":{"@type":"EntryPoint","urlTemplate":"https:\/\/nordnesrepublikken.no\/?s={search_term_string}"},"query-input":{"@type":"PropertyValueSpecification","valueRequired":true,"valueName":"search_term_string"}}],"inLanguage":"nb-NO"},{"@type":"Organization","@id":"https:\/\/nordnesrepublikken.no\/#organization","name":"Nordnesrepublikken","url":"https:\/\/nordnesrepublikken.no\/","logo":{"@type":"ImageObject","inLanguage":"nb-NO","@id":"https:\/\/nordnesrepublikken.no\/#\/schema\/logo\/image\/","url":"https:\/\/nordnesrepublikken.no\/wp-content\/uploads\/2025\/02\/cropped-nordnesrepublikken-2.png","contentUrl":"https:\/\/nordnesrepublikken.no\/wp-content\/uploads\/2025\/02\/cropped-nordnesrepublikken-2.png","width":1248,"height":362,"caption":"Nordnesrepublikken"},"image":{"@id":"https:\/\/nordnesrepublikken.no\/#\/schema\/logo\/image\/"}},{"@type":"Person","@id":"https:\/\/nordnesrepublikken.no\/#\/schema\/person\/2e7e81935bab77882fffb79296240ff1","name":"Ole Andersen","image":{"@type":"ImageObject","inLanguage":"nb-NO","@id":"https:\/\/nordnesrepublikken.no\/#\/schema\/person\/image\/","url":"https:\/\/nordnesrepublikken.no\/wp-content\/uploads\/2025\/02\/nordnesrepublikken-2-2-150x150.jpg","contentUrl":"https:\/\/nordnesrepublikken.no\/wp-content\/uploads\/2025\/02\/nordnesrepublikken-2-2-150x150.jpg","caption":"Ole Andersen"},"description":"Ettersom jeg vokste opp i Oslo, har jeg alltid v\u00e6rt fascinert av ordenes kraft og deres evne til \u00e5 skape endringer. Etter \u00e5 ha fullf\u00f8rt min utdannelse i kommunikasjon ved Universitetet i Bergen, fikk jeg muligheten til \u00e5 jobbe innen ulike medier, der jeg har s\u00f8kt \u00e5 belyse viktige samfunnssp\u00f8rsm\u00e5l. I dag, som redakt\u00f8r for Nordnesrepublikken, pr\u00f8ver jeg \u00e5 forene min kj\u00e6rlighet for journalistikk med min lidenskap for innovasjon og eventyr.","sameAs":["https:\/\/nordnesrepublikken.no\/"]}]}},"_links":{"self":[{"href":"https:\/\/nordnesrepublikken.no\/index.php\/wp-json\/wp\/v2\/posts\/14552","targetHints":{"allow":["GET"]}}],"collection":[{"href":"https:\/\/nordnesrepublikken.no\/index.php\/wp-json\/wp\/v2\/posts"}],"about":[{"href":"https:\/\/nordnesrepublikken.no\/index.php\/wp-json\/wp\/v2\/types\/post"}],"author":[{"embeddable":true,"href":"https:\/\/nordnesrepublikken.no\/index.php\/wp-json\/wp\/v2\/users\/1"}],"replies":[{"embeddable":true,"href":"https:\/\/nordnesrepublikken.no\/index.php\/wp-json\/wp\/v2\/comments?post=14552"}],"version-history":[{"count":1,"href":"https:\/\/nordnesrepublikken.no\/index.php\/wp-json\/wp\/v2\/posts\/14552\/revisions"}],"predecessor-version":[{"id":14554,"href":"https:\/\/nordnesrepublikken.no\/index.php\/wp-json\/wp\/v2\/posts\/14552\/revisions\/14554"}],"wp:featuredmedia":[{"embeddable":true,"href":"https:\/\/nordnesrepublikken.no\/index.php\/wp-json\/wp\/v2\/media\/14553"}],"wp:attachment":[{"href":"https:\/\/nordnesrepublikken.no\/index.php\/wp-json\/wp\/v2\/media?parent=14552"}],"wp:term":[{"taxonomy":"category","embeddable":true,"href":"https:\/\/nordnesrepublikken.no\/index.php\/wp-json\/wp\/v2\/categories?post=14552"},{"taxonomy":"post_tag","embeddable":true,"href":"https:\/\/nordnesrepublikken.no\/index.php\/wp-json\/wp\/v2\/tags?post=14552"}],"curies":[{"name":"wp","href":"https:\/\/api.w.org\/{rel}","templated":true}]}}