{"id":14531,"date":"2026-02-04T09:50:52","date_gmt":"2026-02-04T08:50:52","guid":{"rendered":"https:\/\/nordnesrepublikken.no\/index.php\/2026\/02\/04\/i-salento-er-det-et-romersk-vrak-som-har-ventet-pa-a-bli-studert-i-forti-ar\/"},"modified":"2026-02-04T09:50:59","modified_gmt":"2026-02-04T08:50:59","slug":"i-salento-er-det-et-romersk-vrak-som-har-ventet-pa-a-bli-studert-i-forti-ar","status":"publish","type":"post","link":"https:\/\/nordnesrepublikken.no\/index.php\/2026\/02\/04\/i-salento-er-det-et-romersk-vrak-som-har-ventet-pa-a-bli-studert-i-forti-ar\/","title":{"rendered":"I Salento er det et romersk vrak som har ventet p\u00e5 \u00e5 bli studert i f\u00f8rti \u00e5r"},"content":{"rendered":"<div>\n<div class=\"cp_wrapper cp_wrapper--fw mb-30 mb-20@tablet\">\n<figure class=\"mm\"><picture class=\"img\" style=\"padding-top:56.25%\"><source  media=\"(min-width: 1024px)\"><source  media=\"(min-width: 768px)\"><\/source><\/source><\/picture><\/figure>\n<\/p><\/div>\n<p>I dypet av <strong>Salento<\/strong>utenfor kysten av <strong>Den hellige Katarina av Nard\u00f2<\/strong>har l\u00f8yet i over f\u00f8rti \u00e5r <strong>eldgammelt vrak<\/strong> av stor betydning. Det er en <strong>lasteskip<\/strong>det vil si et lastefart\u00f8y, forliste mellom 4. og 2. \u00e5rhundre f.Kr. (sen republikansk periode), offisielt registrert i <strong>Kulturdepartementets generelle katalog over kulturarv<\/strong>. Vraket ble identifisert p\u00e5 begynnelsen av 1980-tallet under dykking og p\u00e5f\u00f8lgende rekognosering av superintendenten. I dag kunne vraket og den omkringliggende havbunnen endelig renses og sikres, og bli en ekte &laquo;<strong>undervannsmuseum<\/strong>&laquo;.<\/p>\n<p>Fart\u00f8yet, omtrent 23 meter langt, bar en imponerende last p\u00e5 <strong>Gresk-kursiv amforer<\/strong> (en type amfora av Magna Graecia-opprinnelse, produsert mellom 4. og 2. \u00e5rhundre f.Kr.), sannsynligvis beregnet for vinhandel. Den opprinnelige lasten kunne kanskje ha overskredet tusen amforaer, hvorav mange fortsatt ligger p\u00e5 havbunnen i dag, sammen med tredeler av skroget.<\/p>\n<p>Arkeologer bekrefter tilstedev\u00e6relsen av en <strong>arkeologisk undervannssted<\/strong> av stor vitenskapelig verdi, daterbar <strong>mellom 400 og 100 f.Kr<\/strong>fullt inkludert blant <strong>beskyttede neddykkede arkeologiske verdier<\/strong>. Dette er ikke et sporadisk eller d\u00e5rlig dokumentert funn, men en <strong>nettstedet offisielt anerkjent og studert<\/strong>om enn p\u00e5 en fragmentert m\u00e5te. Dessverre er plasseringen av vraket kjent for publikum <strong>gravr\u00f8vere <\/strong>(mennesker som ulovlig s\u00f8ker og graver i oppdagede eller uoppdagede arkeologiske omr\u00e5der for \u00e5 stjele eldgamle varer)<strong>,<\/strong> at i et fors\u00f8k p\u00e5 \u00e5 gjenopprette amforaer for \u00e5 videreselge, har de noen <strong>skadet<\/strong> flere som bryter nakken.<\/p>\n<p>Denne nedsenkede arven har v\u00e6rt i ruin i lang tid<strong> byr\u00e5kratisk d\u00f8dpunkt<\/strong>. I motsetning til lignende funn langs den apuliske kysten, som har v\u00e6rt gjenstand for m\u00e5lrettede beskyttelsesinngrep, har Santa Caterina-vraket aldri blitt integrert i et vitenskapelig utvinningsprosjekt. De <strong>teknisk kompleksitet<\/strong> og det enorme \u00f8konomiske engasjementet som kreves har s\u00e5 langt utelukket definitiv sikring av stedet, og gjort det s\u00e5rbart for milj\u00f8forringelse og plyndring. Likevel er potensialet enormt: den fullstendige studien av skipet kan gi verdifull informasjon om <strong>handelsrutene til det republikanske Roma<\/strong>om skipsbyggingsteknikker og \u00f8konomien i det gamle Middelhavet.<\/p>\n<\/p><\/div>\n","protected":false},"excerpt":{"rendered":"<p>I dypet av Salentoutenfor kysten av Den hellige Katarina av Nard\u00f2har l\u00f8yet i over f\u00f8rti<\/p>\n","protected":false},"author":1,"featured_media":14532,"comment_status":"closed","ping_status":"open","sticky":false,"template":"","format":"standard","meta":{"footnotes":""},"categories":[104],"tags":[595,218,66,9469,179,81,8337,5373,31,5261,9468,3874],"class_list":["post-14531","post","type-post","status-publish","format-standard","has-post-thumbnail","hentry","category-samfunn","tag-ar","tag-bli","tag-det","tag-forti","tag-har","tag-pa","tag-romersk","tag-salento","tag-som","tag-studert","tag-ventet","tag-vrak","generate-columns","tablet-grid-50","mobile-grid-100","grid-parent","grid-33","resize-featured-image"],"yoast_head":"<!-- This site is optimized with the Yoast SEO plugin v24.4 - https:\/\/yoast.com\/wordpress\/plugins\/seo\/ -->\n<title>I Salento er det et romersk vrak som har ventet p\u00e5 \u00e5 bli studert i f\u00f8rti \u00e5r - Nordnesrepublikken<\/title>\n<meta name=\"robots\" content=\"index, follow, max-snippet:-1, max-image-preview:large, max-video-preview:-1\" \/>\n<link rel=\"canonical\" href=\"https:\/\/nordnesrepublikken.no\/index.php\/2026\/02\/04\/i-salento-er-det-et-romersk-vrak-som-har-ventet-pa-a-bli-studert-i-forti-ar\/\" \/>\n<meta property=\"og:locale\" content=\"nb_NO\" \/>\n<meta property=\"og:type\" content=\"article\" \/>\n<meta property=\"og:title\" content=\"I Salento er det et romersk vrak som har ventet p\u00e5 \u00e5 bli studert i f\u00f8rti \u00e5r - Nordnesrepublikken\" \/>\n<meta property=\"og:description\" content=\"I dypet av Salentoutenfor kysten av Den hellige Katarina av Nard\u00f2har l\u00f8yet i over f\u00f8rti\" \/>\n<meta property=\"og:url\" content=\"https:\/\/nordnesrepublikken.no\/index.php\/2026\/02\/04\/i-salento-er-det-et-romersk-vrak-som-har-ventet-pa-a-bli-studert-i-forti-ar\/\" \/>\n<meta property=\"og:site_name\" content=\"Nordnesrepublikken\" \/>\n<meta property=\"article:published_time\" content=\"2026-02-04T08:50:52+00:00\" \/>\n<meta property=\"article:modified_time\" content=\"2026-02-04T08:50:59+00:00\" \/>\n<meta property=\"og:image\" content=\"https:\/\/nordnesrepublikken.no\/wp-content\/uploads\/2026\/02\/1770195053_I-Salento-er-det-et-romersk-vrak-som-har-ventet-scaled.jpg\" \/>\n\t<meta property=\"og:image:width\" content=\"2560\" \/>\n\t<meta property=\"og:image:height\" content=\"1440\" \/>\n\t<meta property=\"og:image:type\" content=\"image\/jpeg\" \/>\n<meta name=\"author\" content=\"Ole Andersen\" \/>\n<meta name=\"twitter:card\" content=\"summary_large_image\" \/>\n<meta name=\"twitter:label1\" content=\"Skrevet av\" \/>\n\t<meta name=\"twitter:data1\" content=\"Ole Andersen\" \/>\n\t<meta name=\"twitter:label2\" content=\"Ansl. lesetid\" \/>\n\t<meta name=\"twitter:data2\" content=\"2 minutter\" \/>\n<script type=\"application\/ld+json\" class=\"yoast-schema-graph\">{\"@context\":\"https:\/\/schema.org\",\"@graph\":[{\"@type\":\"Article\",\"@id\":\"https:\/\/nordnesrepublikken.no\/index.php\/2026\/02\/04\/i-salento-er-det-et-romersk-vrak-som-har-ventet-pa-a-bli-studert-i-forti-ar\/#article\",\"isPartOf\":{\"@id\":\"https:\/\/nordnesrepublikken.no\/index.php\/2026\/02\/04\/i-salento-er-det-et-romersk-vrak-som-har-ventet-pa-a-bli-studert-i-forti-ar\/\"},\"author\":{\"name\":\"Ole Andersen\",\"@id\":\"https:\/\/nordnesrepublikken.no\/#\/schema\/person\/2e7e81935bab77882fffb79296240ff1\"},\"headline\":\"I Salento er det et romersk vrak som har ventet p\u00e5 \u00e5 bli studert i f\u00f8rti \u00e5r\",\"datePublished\":\"2026-02-04T08:50:52+00:00\",\"dateModified\":\"2026-02-04T08:50:59+00:00\",\"mainEntityOfPage\":{\"@id\":\"https:\/\/nordnesrepublikken.no\/index.php\/2026\/02\/04\/i-salento-er-det-et-romersk-vrak-som-har-ventet-pa-a-bli-studert-i-forti-ar\/\"},\"wordCount\":339,\"publisher\":{\"@id\":\"https:\/\/nordnesrepublikken.no\/#organization\"},\"image\":{\"@id\":\"https:\/\/nordnesrepublikken.no\/index.php\/2026\/02\/04\/i-salento-er-det-et-romersk-vrak-som-har-ventet-pa-a-bli-studert-i-forti-ar\/#primaryimage\"},\"thumbnailUrl\":\"https:\/\/nordnesrepublikken.no\/wp-content\/uploads\/2026\/02\/1770195053_I-Salento-er-det-et-romersk-vrak-som-har-ventet-scaled.jpg\",\"keywords\":[\"\u00e5r\",\"bli\",\"Det\",\"f\u00f8rti\",\"har\",\"p\u00e5\",\"romersk\",\"Salento\",\"som\",\"studert\",\"ventet\",\"vrak\"],\"articleSection\":[\"Samfunn\"],\"inLanguage\":\"nb-NO\"},{\"@type\":\"WebPage\",\"@id\":\"https:\/\/nordnesrepublikken.no\/index.php\/2026\/02\/04\/i-salento-er-det-et-romersk-vrak-som-har-ventet-pa-a-bli-studert-i-forti-ar\/\",\"url\":\"https:\/\/nordnesrepublikken.no\/index.php\/2026\/02\/04\/i-salento-er-det-et-romersk-vrak-som-har-ventet-pa-a-bli-studert-i-forti-ar\/\",\"name\":\"I Salento er det et romersk vrak som har ventet p\u00e5 \u00e5 bli studert i f\u00f8rti \u00e5r - Nordnesrepublikken\",\"isPartOf\":{\"@id\":\"https:\/\/nordnesrepublikken.no\/#website\"},\"primaryImageOfPage\":{\"@id\":\"https:\/\/nordnesrepublikken.no\/index.php\/2026\/02\/04\/i-salento-er-det-et-romersk-vrak-som-har-ventet-pa-a-bli-studert-i-forti-ar\/#primaryimage\"},\"image\":{\"@id\":\"https:\/\/nordnesrepublikken.no\/index.php\/2026\/02\/04\/i-salento-er-det-et-romersk-vrak-som-har-ventet-pa-a-bli-studert-i-forti-ar\/#primaryimage\"},\"thumbnailUrl\":\"https:\/\/nordnesrepublikken.no\/wp-content\/uploads\/2026\/02\/1770195053_I-Salento-er-det-et-romersk-vrak-som-har-ventet-scaled.jpg\",\"datePublished\":\"2026-02-04T08:50:52+00:00\",\"dateModified\":\"2026-02-04T08:50:59+00:00\",\"breadcrumb\":{\"@id\":\"https:\/\/nordnesrepublikken.no\/index.php\/2026\/02\/04\/i-salento-er-det-et-romersk-vrak-som-har-ventet-pa-a-bli-studert-i-forti-ar\/#breadcrumb\"},\"inLanguage\":\"nb-NO\",\"potentialAction\":[{\"@type\":\"ReadAction\",\"target\":[\"https:\/\/nordnesrepublikken.no\/index.php\/2026\/02\/04\/i-salento-er-det-et-romersk-vrak-som-har-ventet-pa-a-bli-studert-i-forti-ar\/\"]}]},{\"@type\":\"ImageObject\",\"inLanguage\":\"nb-NO\",\"@id\":\"https:\/\/nordnesrepublikken.no\/index.php\/2026\/02\/04\/i-salento-er-det-et-romersk-vrak-som-har-ventet-pa-a-bli-studert-i-forti-ar\/#primaryimage\",\"url\":\"https:\/\/nordnesrepublikken.no\/wp-content\/uploads\/2026\/02\/1770195053_I-Salento-er-det-et-romersk-vrak-som-har-ventet-scaled.jpg\",\"contentUrl\":\"https:\/\/nordnesrepublikken.no\/wp-content\/uploads\/2026\/02\/1770195053_I-Salento-er-det-et-romersk-vrak-som-har-ventet-scaled.jpg\",\"width\":2560,\"height\":1440,\"caption\":\"I Salento er det et romersk vrak som har ventet p\u00e5 \u00e5 bli studert i f\u00f8rti \u00e5r\"},{\"@type\":\"BreadcrumbList\",\"@id\":\"https:\/\/nordnesrepublikken.no\/index.php\/2026\/02\/04\/i-salento-er-det-et-romersk-vrak-som-har-ventet-pa-a-bli-studert-i-forti-ar\/#breadcrumb\",\"itemListElement\":[{\"@type\":\"ListItem\",\"position\":1,\"name\":\"Home\",\"item\":\"https:\/\/nordnesrepublikken.no\/\"},{\"@type\":\"ListItem\",\"position\":2,\"name\":\"I Salento er det et romersk vrak som har ventet p\u00e5 \u00e5 bli studert i f\u00f8rti \u00e5r\"}]},{\"@type\":\"WebSite\",\"@id\":\"https:\/\/nordnesrepublikken.no\/#website\",\"url\":\"https:\/\/nordnesrepublikken.no\/\",\"name\":\"Nordnesrepublikken\",\"description\":\"Stemmer og Visjoner fra Republikkens Hjerte\",\"publisher\":{\"@id\":\"https:\/\/nordnesrepublikken.no\/#organization\"},\"potentialAction\":[{\"@type\":\"SearchAction\",\"target\":{\"@type\":\"EntryPoint\",\"urlTemplate\":\"https:\/\/nordnesrepublikken.no\/?s={search_term_string}\"},\"query-input\":{\"@type\":\"PropertyValueSpecification\",\"valueRequired\":true,\"valueName\":\"search_term_string\"}}],\"inLanguage\":\"nb-NO\"},{\"@type\":\"Organization\",\"@id\":\"https:\/\/nordnesrepublikken.no\/#organization\",\"name\":\"Nordnesrepublikken\",\"url\":\"https:\/\/nordnesrepublikken.no\/\",\"logo\":{\"@type\":\"ImageObject\",\"inLanguage\":\"nb-NO\",\"@id\":\"https:\/\/nordnesrepublikken.no\/#\/schema\/logo\/image\/\",\"url\":\"https:\/\/nordnesrepublikken.no\/wp-content\/uploads\/2025\/02\/cropped-nordnesrepublikken-2.png\",\"contentUrl\":\"https:\/\/nordnesrepublikken.no\/wp-content\/uploads\/2025\/02\/cropped-nordnesrepublikken-2.png\",\"width\":1248,\"height\":362,\"caption\":\"Nordnesrepublikken\"},\"image\":{\"@id\":\"https:\/\/nordnesrepublikken.no\/#\/schema\/logo\/image\/\"}},{\"@type\":\"Person\",\"@id\":\"https:\/\/nordnesrepublikken.no\/#\/schema\/person\/2e7e81935bab77882fffb79296240ff1\",\"name\":\"Ole Andersen\",\"image\":{\"@type\":\"ImageObject\",\"inLanguage\":\"nb-NO\",\"@id\":\"https:\/\/nordnesrepublikken.no\/#\/schema\/person\/image\/\",\"url\":\"https:\/\/nordnesrepublikken.no\/wp-content\/uploads\/2025\/02\/nordnesrepublikken-2-2-150x150.jpg\",\"contentUrl\":\"https:\/\/nordnesrepublikken.no\/wp-content\/uploads\/2025\/02\/nordnesrepublikken-2-2-150x150.jpg\",\"caption\":\"Ole Andersen\"},\"description\":\"Ettersom jeg vokste opp i Oslo, har jeg alltid v\u00e6rt fascinert av ordenes kraft og deres evne til \u00e5 skape endringer. Etter \u00e5 ha fullf\u00f8rt min utdannelse i kommunikasjon ved Universitetet i Bergen, fikk jeg muligheten til \u00e5 jobbe innen ulike medier, der jeg har s\u00f8kt \u00e5 belyse viktige samfunnssp\u00f8rsm\u00e5l. I dag, som redakt\u00f8r for Nordnesrepublikken, pr\u00f8ver jeg \u00e5 forene min kj\u00e6rlighet for journalistikk med min lidenskap for innovasjon og eventyr.\",\"sameAs\":[\"https:\/\/nordnesrepublikken.no\/\"]}]}<\/script>\n<!-- \/ Yoast SEO plugin. -->","yoast_head_json":{"title":"I Salento er det et romersk vrak som har ventet p\u00e5 \u00e5 bli studert i f\u00f8rti \u00e5r - Nordnesrepublikken","robots":{"index":"index","follow":"follow","max-snippet":"max-snippet:-1","max-image-preview":"max-image-preview:large","max-video-preview":"max-video-preview:-1"},"canonical":"https:\/\/nordnesrepublikken.no\/index.php\/2026\/02\/04\/i-salento-er-det-et-romersk-vrak-som-har-ventet-pa-a-bli-studert-i-forti-ar\/","og_locale":"nb_NO","og_type":"article","og_title":"I Salento er det et romersk vrak som har ventet p\u00e5 \u00e5 bli studert i f\u00f8rti \u00e5r - Nordnesrepublikken","og_description":"I dypet av Salentoutenfor kysten av Den hellige Katarina av Nard\u00f2har l\u00f8yet i over f\u00f8rti","og_url":"https:\/\/nordnesrepublikken.no\/index.php\/2026\/02\/04\/i-salento-er-det-et-romersk-vrak-som-har-ventet-pa-a-bli-studert-i-forti-ar\/","og_site_name":"Nordnesrepublikken","article_published_time":"2026-02-04T08:50:52+00:00","article_modified_time":"2026-02-04T08:50:59+00:00","og_image":[{"width":2560,"height":1440,"url":"https:\/\/nordnesrepublikken.no\/wp-content\/uploads\/2026\/02\/1770195053_I-Salento-er-det-et-romersk-vrak-som-har-ventet-scaled.jpg","type":"image\/jpeg"}],"author":"Ole Andersen","twitter_card":"summary_large_image","twitter_misc":{"Skrevet av":"Ole Andersen","Ansl. lesetid":"2 minutter"},"schema":{"@context":"https:\/\/schema.org","@graph":[{"@type":"Article","@id":"https:\/\/nordnesrepublikken.no\/index.php\/2026\/02\/04\/i-salento-er-det-et-romersk-vrak-som-har-ventet-pa-a-bli-studert-i-forti-ar\/#article","isPartOf":{"@id":"https:\/\/nordnesrepublikken.no\/index.php\/2026\/02\/04\/i-salento-er-det-et-romersk-vrak-som-har-ventet-pa-a-bli-studert-i-forti-ar\/"},"author":{"name":"Ole Andersen","@id":"https:\/\/nordnesrepublikken.no\/#\/schema\/person\/2e7e81935bab77882fffb79296240ff1"},"headline":"I Salento er det et romersk vrak som har ventet p\u00e5 \u00e5 bli studert i f\u00f8rti \u00e5r","datePublished":"2026-02-04T08:50:52+00:00","dateModified":"2026-02-04T08:50:59+00:00","mainEntityOfPage":{"@id":"https:\/\/nordnesrepublikken.no\/index.php\/2026\/02\/04\/i-salento-er-det-et-romersk-vrak-som-har-ventet-pa-a-bli-studert-i-forti-ar\/"},"wordCount":339,"publisher":{"@id":"https:\/\/nordnesrepublikken.no\/#organization"},"image":{"@id":"https:\/\/nordnesrepublikken.no\/index.php\/2026\/02\/04\/i-salento-er-det-et-romersk-vrak-som-har-ventet-pa-a-bli-studert-i-forti-ar\/#primaryimage"},"thumbnailUrl":"https:\/\/nordnesrepublikken.no\/wp-content\/uploads\/2026\/02\/1770195053_I-Salento-er-det-et-romersk-vrak-som-har-ventet-scaled.jpg","keywords":["\u00e5r","bli","Det","f\u00f8rti","har","p\u00e5","romersk","Salento","som","studert","ventet","vrak"],"articleSection":["Samfunn"],"inLanguage":"nb-NO"},{"@type":"WebPage","@id":"https:\/\/nordnesrepublikken.no\/index.php\/2026\/02\/04\/i-salento-er-det-et-romersk-vrak-som-har-ventet-pa-a-bli-studert-i-forti-ar\/","url":"https:\/\/nordnesrepublikken.no\/index.php\/2026\/02\/04\/i-salento-er-det-et-romersk-vrak-som-har-ventet-pa-a-bli-studert-i-forti-ar\/","name":"I Salento er det et romersk vrak som har ventet p\u00e5 \u00e5 bli studert i f\u00f8rti \u00e5r - Nordnesrepublikken","isPartOf":{"@id":"https:\/\/nordnesrepublikken.no\/#website"},"primaryImageOfPage":{"@id":"https:\/\/nordnesrepublikken.no\/index.php\/2026\/02\/04\/i-salento-er-det-et-romersk-vrak-som-har-ventet-pa-a-bli-studert-i-forti-ar\/#primaryimage"},"image":{"@id":"https:\/\/nordnesrepublikken.no\/index.php\/2026\/02\/04\/i-salento-er-det-et-romersk-vrak-som-har-ventet-pa-a-bli-studert-i-forti-ar\/#primaryimage"},"thumbnailUrl":"https:\/\/nordnesrepublikken.no\/wp-content\/uploads\/2026\/02\/1770195053_I-Salento-er-det-et-romersk-vrak-som-har-ventet-scaled.jpg","datePublished":"2026-02-04T08:50:52+00:00","dateModified":"2026-02-04T08:50:59+00:00","breadcrumb":{"@id":"https:\/\/nordnesrepublikken.no\/index.php\/2026\/02\/04\/i-salento-er-det-et-romersk-vrak-som-har-ventet-pa-a-bli-studert-i-forti-ar\/#breadcrumb"},"inLanguage":"nb-NO","potentialAction":[{"@type":"ReadAction","target":["https:\/\/nordnesrepublikken.no\/index.php\/2026\/02\/04\/i-salento-er-det-et-romersk-vrak-som-har-ventet-pa-a-bli-studert-i-forti-ar\/"]}]},{"@type":"ImageObject","inLanguage":"nb-NO","@id":"https:\/\/nordnesrepublikken.no\/index.php\/2026\/02\/04\/i-salento-er-det-et-romersk-vrak-som-har-ventet-pa-a-bli-studert-i-forti-ar\/#primaryimage","url":"https:\/\/nordnesrepublikken.no\/wp-content\/uploads\/2026\/02\/1770195053_I-Salento-er-det-et-romersk-vrak-som-har-ventet-scaled.jpg","contentUrl":"https:\/\/nordnesrepublikken.no\/wp-content\/uploads\/2026\/02\/1770195053_I-Salento-er-det-et-romersk-vrak-som-har-ventet-scaled.jpg","width":2560,"height":1440,"caption":"I Salento er det et romersk vrak som har ventet p\u00e5 \u00e5 bli studert i f\u00f8rti \u00e5r"},{"@type":"BreadcrumbList","@id":"https:\/\/nordnesrepublikken.no\/index.php\/2026\/02\/04\/i-salento-er-det-et-romersk-vrak-som-har-ventet-pa-a-bli-studert-i-forti-ar\/#breadcrumb","itemListElement":[{"@type":"ListItem","position":1,"name":"Home","item":"https:\/\/nordnesrepublikken.no\/"},{"@type":"ListItem","position":2,"name":"I Salento er det et romersk vrak som har ventet p\u00e5 \u00e5 bli studert i f\u00f8rti \u00e5r"}]},{"@type":"WebSite","@id":"https:\/\/nordnesrepublikken.no\/#website","url":"https:\/\/nordnesrepublikken.no\/","name":"Nordnesrepublikken","description":"Stemmer og Visjoner fra Republikkens Hjerte","publisher":{"@id":"https:\/\/nordnesrepublikken.no\/#organization"},"potentialAction":[{"@type":"SearchAction","target":{"@type":"EntryPoint","urlTemplate":"https:\/\/nordnesrepublikken.no\/?s={search_term_string}"},"query-input":{"@type":"PropertyValueSpecification","valueRequired":true,"valueName":"search_term_string"}}],"inLanguage":"nb-NO"},{"@type":"Organization","@id":"https:\/\/nordnesrepublikken.no\/#organization","name":"Nordnesrepublikken","url":"https:\/\/nordnesrepublikken.no\/","logo":{"@type":"ImageObject","inLanguage":"nb-NO","@id":"https:\/\/nordnesrepublikken.no\/#\/schema\/logo\/image\/","url":"https:\/\/nordnesrepublikken.no\/wp-content\/uploads\/2025\/02\/cropped-nordnesrepublikken-2.png","contentUrl":"https:\/\/nordnesrepublikken.no\/wp-content\/uploads\/2025\/02\/cropped-nordnesrepublikken-2.png","width":1248,"height":362,"caption":"Nordnesrepublikken"},"image":{"@id":"https:\/\/nordnesrepublikken.no\/#\/schema\/logo\/image\/"}},{"@type":"Person","@id":"https:\/\/nordnesrepublikken.no\/#\/schema\/person\/2e7e81935bab77882fffb79296240ff1","name":"Ole Andersen","image":{"@type":"ImageObject","inLanguage":"nb-NO","@id":"https:\/\/nordnesrepublikken.no\/#\/schema\/person\/image\/","url":"https:\/\/nordnesrepublikken.no\/wp-content\/uploads\/2025\/02\/nordnesrepublikken-2-2-150x150.jpg","contentUrl":"https:\/\/nordnesrepublikken.no\/wp-content\/uploads\/2025\/02\/nordnesrepublikken-2-2-150x150.jpg","caption":"Ole Andersen"},"description":"Ettersom jeg vokste opp i Oslo, har jeg alltid v\u00e6rt fascinert av ordenes kraft og deres evne til \u00e5 skape endringer. Etter \u00e5 ha fullf\u00f8rt min utdannelse i kommunikasjon ved Universitetet i Bergen, fikk jeg muligheten til \u00e5 jobbe innen ulike medier, der jeg har s\u00f8kt \u00e5 belyse viktige samfunnssp\u00f8rsm\u00e5l. I dag, som redakt\u00f8r for Nordnesrepublikken, pr\u00f8ver jeg \u00e5 forene min kj\u00e6rlighet for journalistikk med min lidenskap for innovasjon og eventyr.","sameAs":["https:\/\/nordnesrepublikken.no\/"]}]}},"_links":{"self":[{"href":"https:\/\/nordnesrepublikken.no\/index.php\/wp-json\/wp\/v2\/posts\/14531","targetHints":{"allow":["GET"]}}],"collection":[{"href":"https:\/\/nordnesrepublikken.no\/index.php\/wp-json\/wp\/v2\/posts"}],"about":[{"href":"https:\/\/nordnesrepublikken.no\/index.php\/wp-json\/wp\/v2\/types\/post"}],"author":[{"embeddable":true,"href":"https:\/\/nordnesrepublikken.no\/index.php\/wp-json\/wp\/v2\/users\/1"}],"replies":[{"embeddable":true,"href":"https:\/\/nordnesrepublikken.no\/index.php\/wp-json\/wp\/v2\/comments?post=14531"}],"version-history":[{"count":1,"href":"https:\/\/nordnesrepublikken.no\/index.php\/wp-json\/wp\/v2\/posts\/14531\/revisions"}],"predecessor-version":[{"id":14533,"href":"https:\/\/nordnesrepublikken.no\/index.php\/wp-json\/wp\/v2\/posts\/14531\/revisions\/14533"}],"wp:featuredmedia":[{"embeddable":true,"href":"https:\/\/nordnesrepublikken.no\/index.php\/wp-json\/wp\/v2\/media\/14532"}],"wp:attachment":[{"href":"https:\/\/nordnesrepublikken.no\/index.php\/wp-json\/wp\/v2\/media?parent=14531"}],"wp:term":[{"taxonomy":"category","embeddable":true,"href":"https:\/\/nordnesrepublikken.no\/index.php\/wp-json\/wp\/v2\/categories?post=14531"},{"taxonomy":"post_tag","embeddable":true,"href":"https:\/\/nordnesrepublikken.no\/index.php\/wp-json\/wp\/v2\/tags?post=14531"}],"curies":[{"name":"wp","href":"https:\/\/api.w.org\/{rel}","templated":true}]}}