{"id":14528,"date":"2026-02-04T08:51:46","date_gmt":"2026-02-04T07:51:46","guid":{"rendered":"https:\/\/nordnesrepublikken.no\/index.php\/2026\/02\/04\/gjor-deg-klar-for-sommeren-uten-dietter-stress-eller-skyldfolelse\/"},"modified":"2026-02-04T08:51:47","modified_gmt":"2026-02-04T07:51:47","slug":"gjor-deg-klar-for-sommeren-uten-dietter-stress-eller-skyldfolelse","status":"publish","type":"post","link":"https:\/\/nordnesrepublikken.no\/index.php\/2026\/02\/04\/gjor-deg-klar-for-sommeren-uten-dietter-stress-eller-skyldfolelse\/","title":{"rendered":"Gj\u00f8r deg klar for sommeren: Uten dietter, stress eller skyldf\u00f8lelse"},"content":{"rendered":"<div class=\"wordpress-content\">\n                    <!-- Article Start --><\/p>\n<p style=\"text-align: left;\">Ettersom vinteren sakte avtar og dagene blir lengre, merker jeg at den samme tanken dukker opp for mange mennesker: <em>&laquo;Jeg burde gj\u00f8re meg klar til sommeren.&raquo;<\/em><\/p>\n<p>Nesten umiddelbart etterf\u00f8lges den tanken av press.<br \/>\nDietter. Restriksjoner. Og et veldig kjent sp\u00f8rsm\u00e5l: <em>Vil jeg passe inn i v\u00e5r- og sommerkl\u00e6rne n\u00e5r vinterkl\u00e6rne forsvinner? Vil jeg f\u00f8le meg presentabel og selvsikker n\u00e5r jeg har mindre p\u00e5 meg?<\/em><\/p>\n<p>Men la meg fortelle deg noe som ofte kommer som en lettelse:<br \/>\n\u00e5 gj\u00f8re seg klar for sommeren er ikke noe du gj\u00f8r p\u00e5 en uke eller en m\u00e5ned.<br \/>\nOg det krever absolutt ikke \u00e5 straffe deg selv.<\/p>\n<div class=\"sra_unit\"><link rel=\"stylesheet\" id=\"block-sra\" href=\"https:\/\/euroweeklynews.com\/wp-content\/plugins\/snack-related-articles\/dist\/css\/snack-related.min.css?250312-193541\" type=\"text\/css\" media=\"all\">\n<\/div>\n<p>For selv om sommeren kanskje er utl\u00f8seren akkurat n\u00e5, handler ikke middelhavslivsstilen om \u00e9n sesong. N\u00e5r du bor p\u00e5 denne m\u00e5ten, er du ikke bare klar for sommeren. <strong>Du er klar for livet<\/strong>.<\/p>\n<p>I middelhavsm\u00e5ten er det ingen hast med \u00e5 forberede seg til sommeren. Det er et skifte, en gradvis endring i rytmen som f\u00f8lger \u00e5rstidene. Og nettopp derfor fungerer det s\u00e5 bra. Du fikser ikke kroppen p\u00e5 noen varme m\u00e5neder og begynner s\u00e5 p\u00e5 nytt om h\u00f8sten. Du skaper en m\u00e5te \u00e5 leve p\u00e5 som hjelper deg \u00e5 f\u00f8le deg bra, se bra ut og holde deg frisk hele \u00e5ret.<\/p>\n<p>N\u00e5r du starter n\u00e5 og forsiktig tilpasser noen f\u00e5 n\u00f8kkelelementer i denne livsstilen, reagerer kroppen din overraskende raskt. Jeg ser det igjen og igjen. I l\u00f8pet av bare to uker merker folk mer stabilt blodsukker, forbedret kolesterol, bedre s\u00f8vn, roligere ford\u00f8yelse og jevn energi gjennom dagen. Ikke fordi de pr\u00f8vde hardere, men fordi de sluttet \u00e5 kjempe mot kroppen sin.<\/p>\n<p>N\u00e5r v\u00e6ret varmes opp, blir maten naturlig lettere. Mer gr\u00f8nnsaker. Friske salater. Grillet fisk. Olivenolje. Enklere m\u00e5ltider som gj\u00f8r deg forn\u00f8yd i stedet for tung. Du spiser ikke mindre, du spiser bedre. Og n\u00e5r mat fungerer med kroppen din, skjer det noe vakkert: suget roer seg, oppbl\u00e5sthet reduseres og den konstante tenkningen om mat forsvinner.<\/p>\n<p>En liten vane gj\u00f8r allerede en stor forskjell: \u00e5 ta en kort spasertur etter m\u00e5ltider. Ti til femten minutter er nok. Den st\u00f8tter ford\u00f8yelsen, balanserer blodsukkeret og renser hodet. Enkelt, effektivt og lett \u00e5 fortsette.<\/p>\n<p>Bevegelsen endres ogs\u00e5, og det er her mange mennesker sliter. \u00c5 komme i form skal aldri f\u00f8les som straff. N\u00e5r bevegelse f\u00f8les som press, gj\u00f8r kroppen motstand. Stress \u00f8ker. Motivasjonen forsvinner. Og fremgangen avtar.<\/p>\n<p>I middelhavskulturer er bevegelse en del av livet. G\u00e5r. Sv\u00f8mming. Sykling. \u00c5 v\u00e6re ute. \u00c5 flytte fordi det f\u00f8les bra, ikke fordi du &laquo;m\u00e5&raquo;. N\u00e5r bevegelse er hyggelig, gj\u00f8r du naturlig nok mer av det. Stressniv\u00e5et synker og det er da vekttap og helseforbedringer faktisk skjer raskere.<\/p>\n<p>For meg er golf en av de morsomste m\u00e5tene \u00e5 bevege seg p\u00e5. G\u00e5r i timevis ute, fokusert, men avslappet, ingen hastverk, ingen distraksjoner. Det er fitness uten \u00e5 f\u00f8le seg som fitness. Kroppen beveger seg, sinnet roer seg og du f\u00f8ler deg ferdig bedre enn da du startet.<\/p>\n<p>Det er derfor jeg opprettet <strong>Middelhavet 9. <\/strong>En ukentlig ni-hulls morgenrunde som finner sted hver tirsdag. G\u00e5 f\u00f8rst, rolig tempo, ikke noe press. Det handler ikke om ytelse. Det handler om rytme. Og de fleste merker at resten av dagen og noen ganger til og med hele uken f\u00f8les annerledes etterp\u00e5.<\/p>\n<p>Det viktigste jeg vil at du skal vite er dette: du trenger ikke \u00e5 telle kalorier, begrense maten eller hele tiden overv\u00e5ke hva du spiser for \u00e5 f\u00f8le deg bra i kroppen. Tenk hvor befriende det ville v\u00e6re \u00e5 stole p\u00e5 mat igjen. \u00c5 nyte bevegelse. \u00c5 f\u00f8le seg trygg p\u00e5 kl\u00e6rne. \u00c5 ha energi uten \u00e5 tvinge den.<\/p>\n<p>Det er det middelhavslivsstilen tilbyr. Ikke en rask l\u00f8sning, men en m\u00e5te \u00e5 leve p\u00e5 som gj\u00f8r livet enklere, lettere og morsommere, lenge f\u00f8r sommeren i det hele tatt begynner.<\/p>\n<p>Hvis du vil ha veiledning i \u00e5 lage denne typen struktur for deg selv, trenger du ikke \u00e5 gj\u00f8re det alene. Du kan bestille en <strong>100 % gratis inntakssamtale<\/strong>bli med <strong>Middelhavet 9<\/strong>eller bestill en <strong>golf leksjon<\/strong> og opplev hvordan bevegelse, natur og fokus kan st\u00f8tte helsen din naturlig.<\/p>\n<p>Bes\u00f8k <strong>www.casamiguel.life<\/strong> og velg det som f\u00f8les riktig for deg.<\/p>\n<p>Sommeren er ikke noe du trenger \u00e5 forberede deg p\u00e5 med stress.<br \/>\nDet er noe du kan komme frem til \u00e5 f\u00f8le deg trygg, rolig, sunn og klar til \u00e5 nyte det fullt ut.<\/p>\n<h2><strong> Middelhavstips \u00e5 ta med seg inn i sommeren<\/strong><\/h2>\n<ul>\n<li>Skift m\u00e5ltidene dine med \u00e5rstidene: lettere, friskere, enklere<\/li>\n<li>G\u00e5 daglig, spesielt etter m\u00e5ltider<\/li>\n<li>Beveg deg utend\u00f8rs n\u00e5r det er mulig<\/li>\n<li>Velg bevegelse du liker, ikke straff<\/li>\n<li>Senk m\u00e5ltidene og nyt dem<\/li>\n<li>Senk stress for \u00e5 st\u00f8tte vekttap naturlig<\/li>\n<li>Bygg opp vaner du kan beholde hele \u00e5ret, ikke bare til sommeren<\/li>\n<\/ul>\n<p>Sm\u00e5 endringer, gjort konsekvent, skaper en kropp og et liv som f\u00f8les bra.<\/p>\n<\/p>\n<p>                    <!-- Originally published at https:\/\/euroweeklynews.com\/2026\/02\/04\/getting-ready-for-summer-without-diets-stress-or-guilt\/ on 04 Feb 2026 at 8:00 by Miguel Franco --><br \/>\n                    <!-- Article End -->\n                <\/div>\n","protected":false},"excerpt":{"rendered":"<p>Ettersom vinteren sakte avtar og dagene blir lengre, merker jeg at den samme tanken dukker<\/p>\n","protected":false},"author":1,"featured_media":14529,"comment_status":"closed","ping_status":"open","sticky":false,"template":"","format":"standard","meta":{"footnotes":""},"categories":[105],"tags":[586,9466,1156,1238,1240,9467,2664,3109,684],"class_list":["post-14528","post","type-post","status-publish","format-standard","has-post-thumbnail","hentry","category-livsstil","tag-deg","tag-dietter","tag-eller","tag-gjor","tag-klar","tag-skyldfolelse","tag-sommeren","tag-stress","tag-uten","generate-columns","tablet-grid-50","mobile-grid-100","grid-parent","grid-33","resize-featured-image"],"yoast_head":"<!-- This site is optimized with the Yoast SEO plugin v24.4 - https:\/\/yoast.com\/wordpress\/plugins\/seo\/ -->\n<title>Gj\u00f8r deg klar for sommeren: Uten dietter, stress eller skyldf\u00f8lelse - Nordnesrepublikken<\/title>\n<meta name=\"robots\" content=\"index, follow, max-snippet:-1, max-image-preview:large, max-video-preview:-1\" \/>\n<link rel=\"canonical\" href=\"https:\/\/nordnesrepublikken.no\/index.php\/2026\/02\/04\/gjor-deg-klar-for-sommeren-uten-dietter-stress-eller-skyldfolelse\/\" \/>\n<meta property=\"og:locale\" content=\"nb_NO\" \/>\n<meta property=\"og:type\" content=\"article\" \/>\n<meta property=\"og:title\" content=\"Gj\u00f8r deg klar for sommeren: Uten dietter, stress eller skyldf\u00f8lelse - Nordnesrepublikken\" \/>\n<meta property=\"og:description\" content=\"Ettersom vinteren sakte avtar og dagene blir lengre, merker jeg at den samme tanken dukker\" \/>\n<meta property=\"og:url\" content=\"https:\/\/nordnesrepublikken.no\/index.php\/2026\/02\/04\/gjor-deg-klar-for-sommeren-uten-dietter-stress-eller-skyldfolelse\/\" \/>\n<meta property=\"og:site_name\" content=\"Nordnesrepublikken\" \/>\n<meta property=\"article:published_time\" content=\"2026-02-04T07:51:46+00:00\" \/>\n<meta property=\"article:modified_time\" content=\"2026-02-04T07:51:47+00:00\" \/>\n<meta property=\"og:image\" content=\"https:\/\/nordnesrepublikken.no\/wp-content\/uploads\/2026\/02\/Gjor-deg-klar-for-sommeren-Uten-dietter-stress-eller-skyldfolelse.jpg\" \/>\n\t<meta property=\"og:image:width\" content=\"1179\" \/>\n\t<meta property=\"og:image:height\" content=\"1033\" \/>\n\t<meta property=\"og:image:type\" content=\"image\/jpeg\" \/>\n<meta name=\"author\" content=\"Ole Andersen\" \/>\n<meta name=\"twitter:card\" content=\"summary_large_image\" \/>\n<meta name=\"twitter:label1\" content=\"Skrevet av\" \/>\n\t<meta name=\"twitter:data1\" content=\"Ole Andersen\" \/>\n\t<meta name=\"twitter:label2\" content=\"Ansl. lesetid\" \/>\n\t<meta name=\"twitter:data2\" content=\"4 minutter\" \/>\n<script type=\"application\/ld+json\" class=\"yoast-schema-graph\">{\"@context\":\"https:\/\/schema.org\",\"@graph\":[{\"@type\":\"Article\",\"@id\":\"https:\/\/nordnesrepublikken.no\/index.php\/2026\/02\/04\/gjor-deg-klar-for-sommeren-uten-dietter-stress-eller-skyldfolelse\/#article\",\"isPartOf\":{\"@id\":\"https:\/\/nordnesrepublikken.no\/index.php\/2026\/02\/04\/gjor-deg-klar-for-sommeren-uten-dietter-stress-eller-skyldfolelse\/\"},\"author\":{\"name\":\"Ole Andersen\",\"@id\":\"https:\/\/nordnesrepublikken.no\/#\/schema\/person\/2e7e81935bab77882fffb79296240ff1\"},\"headline\":\"Gj\u00f8r deg klar for sommeren: Uten dietter, stress eller skyldf\u00f8lelse\",\"datePublished\":\"2026-02-04T07:51:46+00:00\",\"dateModified\":\"2026-02-04T07:51:47+00:00\",\"mainEntityOfPage\":{\"@id\":\"https:\/\/nordnesrepublikken.no\/index.php\/2026\/02\/04\/gjor-deg-klar-for-sommeren-uten-dietter-stress-eller-skyldfolelse\/\"},\"wordCount\":848,\"publisher\":{\"@id\":\"https:\/\/nordnesrepublikken.no\/#organization\"},\"image\":{\"@id\":\"https:\/\/nordnesrepublikken.no\/index.php\/2026\/02\/04\/gjor-deg-klar-for-sommeren-uten-dietter-stress-eller-skyldfolelse\/#primaryimage\"},\"thumbnailUrl\":\"https:\/\/nordnesrepublikken.no\/wp-content\/uploads\/2026\/02\/Gjor-deg-klar-for-sommeren-Uten-dietter-stress-eller-skyldfolelse.jpg\",\"keywords\":[\"deg\",\"dietter\",\"eller\",\"gj\u00f8r\",\"klar\",\"skyldf\u00f8lelse\",\"sommeren\",\"stress\",\"uten\"],\"articleSection\":[\"Livsstil\"],\"inLanguage\":\"nb-NO\"},{\"@type\":\"WebPage\",\"@id\":\"https:\/\/nordnesrepublikken.no\/index.php\/2026\/02\/04\/gjor-deg-klar-for-sommeren-uten-dietter-stress-eller-skyldfolelse\/\",\"url\":\"https:\/\/nordnesrepublikken.no\/index.php\/2026\/02\/04\/gjor-deg-klar-for-sommeren-uten-dietter-stress-eller-skyldfolelse\/\",\"name\":\"Gj\u00f8r deg klar for sommeren: Uten dietter, stress eller skyldf\u00f8lelse - Nordnesrepublikken\",\"isPartOf\":{\"@id\":\"https:\/\/nordnesrepublikken.no\/#website\"},\"primaryImageOfPage\":{\"@id\":\"https:\/\/nordnesrepublikken.no\/index.php\/2026\/02\/04\/gjor-deg-klar-for-sommeren-uten-dietter-stress-eller-skyldfolelse\/#primaryimage\"},\"image\":{\"@id\":\"https:\/\/nordnesrepublikken.no\/index.php\/2026\/02\/04\/gjor-deg-klar-for-sommeren-uten-dietter-stress-eller-skyldfolelse\/#primaryimage\"},\"thumbnailUrl\":\"https:\/\/nordnesrepublikken.no\/wp-content\/uploads\/2026\/02\/Gjor-deg-klar-for-sommeren-Uten-dietter-stress-eller-skyldfolelse.jpg\",\"datePublished\":\"2026-02-04T07:51:46+00:00\",\"dateModified\":\"2026-02-04T07:51:47+00:00\",\"breadcrumb\":{\"@id\":\"https:\/\/nordnesrepublikken.no\/index.php\/2026\/02\/04\/gjor-deg-klar-for-sommeren-uten-dietter-stress-eller-skyldfolelse\/#breadcrumb\"},\"inLanguage\":\"nb-NO\",\"potentialAction\":[{\"@type\":\"ReadAction\",\"target\":[\"https:\/\/nordnesrepublikken.no\/index.php\/2026\/02\/04\/gjor-deg-klar-for-sommeren-uten-dietter-stress-eller-skyldfolelse\/\"]}]},{\"@type\":\"ImageObject\",\"inLanguage\":\"nb-NO\",\"@id\":\"https:\/\/nordnesrepublikken.no\/index.php\/2026\/02\/04\/gjor-deg-klar-for-sommeren-uten-dietter-stress-eller-skyldfolelse\/#primaryimage\",\"url\":\"https:\/\/nordnesrepublikken.no\/wp-content\/uploads\/2026\/02\/Gjor-deg-klar-for-sommeren-Uten-dietter-stress-eller-skyldfolelse.jpg\",\"contentUrl\":\"https:\/\/nordnesrepublikken.no\/wp-content\/uploads\/2026\/02\/Gjor-deg-klar-for-sommeren-Uten-dietter-stress-eller-skyldfolelse.jpg\",\"width\":1179,\"height\":1033,\"caption\":\"Gj\u00f8r deg klar for sommeren: Uten dietter, stress eller skyldf\u00f8lelse\"},{\"@type\":\"BreadcrumbList\",\"@id\":\"https:\/\/nordnesrepublikken.no\/index.php\/2026\/02\/04\/gjor-deg-klar-for-sommeren-uten-dietter-stress-eller-skyldfolelse\/#breadcrumb\",\"itemListElement\":[{\"@type\":\"ListItem\",\"position\":1,\"name\":\"Home\",\"item\":\"https:\/\/nordnesrepublikken.no\/\"},{\"@type\":\"ListItem\",\"position\":2,\"name\":\"Gj\u00f8r deg klar for sommeren: Uten dietter, stress eller skyldf\u00f8lelse\"}]},{\"@type\":\"WebSite\",\"@id\":\"https:\/\/nordnesrepublikken.no\/#website\",\"url\":\"https:\/\/nordnesrepublikken.no\/\",\"name\":\"Nordnesrepublikken\",\"description\":\"Stemmer og Visjoner fra Republikkens Hjerte\",\"publisher\":{\"@id\":\"https:\/\/nordnesrepublikken.no\/#organization\"},\"potentialAction\":[{\"@type\":\"SearchAction\",\"target\":{\"@type\":\"EntryPoint\",\"urlTemplate\":\"https:\/\/nordnesrepublikken.no\/?s={search_term_string}\"},\"query-input\":{\"@type\":\"PropertyValueSpecification\",\"valueRequired\":true,\"valueName\":\"search_term_string\"}}],\"inLanguage\":\"nb-NO\"},{\"@type\":\"Organization\",\"@id\":\"https:\/\/nordnesrepublikken.no\/#organization\",\"name\":\"Nordnesrepublikken\",\"url\":\"https:\/\/nordnesrepublikken.no\/\",\"logo\":{\"@type\":\"ImageObject\",\"inLanguage\":\"nb-NO\",\"@id\":\"https:\/\/nordnesrepublikken.no\/#\/schema\/logo\/image\/\",\"url\":\"https:\/\/nordnesrepublikken.no\/wp-content\/uploads\/2025\/02\/cropped-nordnesrepublikken-2.png\",\"contentUrl\":\"https:\/\/nordnesrepublikken.no\/wp-content\/uploads\/2025\/02\/cropped-nordnesrepublikken-2.png\",\"width\":1248,\"height\":362,\"caption\":\"Nordnesrepublikken\"},\"image\":{\"@id\":\"https:\/\/nordnesrepublikken.no\/#\/schema\/logo\/image\/\"}},{\"@type\":\"Person\",\"@id\":\"https:\/\/nordnesrepublikken.no\/#\/schema\/person\/2e7e81935bab77882fffb79296240ff1\",\"name\":\"Ole Andersen\",\"image\":{\"@type\":\"ImageObject\",\"inLanguage\":\"nb-NO\",\"@id\":\"https:\/\/nordnesrepublikken.no\/#\/schema\/person\/image\/\",\"url\":\"https:\/\/nordnesrepublikken.no\/wp-content\/uploads\/2025\/02\/nordnesrepublikken-2-2-150x150.jpg\",\"contentUrl\":\"https:\/\/nordnesrepublikken.no\/wp-content\/uploads\/2025\/02\/nordnesrepublikken-2-2-150x150.jpg\",\"caption\":\"Ole Andersen\"},\"description\":\"Ettersom jeg vokste opp i Oslo, har jeg alltid v\u00e6rt fascinert av ordenes kraft og deres evne til \u00e5 skape endringer. Etter \u00e5 ha fullf\u00f8rt min utdannelse i kommunikasjon ved Universitetet i Bergen, fikk jeg muligheten til \u00e5 jobbe innen ulike medier, der jeg har s\u00f8kt \u00e5 belyse viktige samfunnssp\u00f8rsm\u00e5l. I dag, som redakt\u00f8r for Nordnesrepublikken, pr\u00f8ver jeg \u00e5 forene min kj\u00e6rlighet for journalistikk med min lidenskap for innovasjon og eventyr.\",\"sameAs\":[\"https:\/\/nordnesrepublikken.no\/\"]}]}<\/script>\n<!-- \/ Yoast SEO plugin. -->","yoast_head_json":{"title":"Gj\u00f8r deg klar for sommeren: Uten dietter, stress eller skyldf\u00f8lelse - Nordnesrepublikken","robots":{"index":"index","follow":"follow","max-snippet":"max-snippet:-1","max-image-preview":"max-image-preview:large","max-video-preview":"max-video-preview:-1"},"canonical":"https:\/\/nordnesrepublikken.no\/index.php\/2026\/02\/04\/gjor-deg-klar-for-sommeren-uten-dietter-stress-eller-skyldfolelse\/","og_locale":"nb_NO","og_type":"article","og_title":"Gj\u00f8r deg klar for sommeren: Uten dietter, stress eller skyldf\u00f8lelse - Nordnesrepublikken","og_description":"Ettersom vinteren sakte avtar og dagene blir lengre, merker jeg at den samme tanken dukker","og_url":"https:\/\/nordnesrepublikken.no\/index.php\/2026\/02\/04\/gjor-deg-klar-for-sommeren-uten-dietter-stress-eller-skyldfolelse\/","og_site_name":"Nordnesrepublikken","article_published_time":"2026-02-04T07:51:46+00:00","article_modified_time":"2026-02-04T07:51:47+00:00","og_image":[{"width":1179,"height":1033,"url":"https:\/\/nordnesrepublikken.no\/wp-content\/uploads\/2026\/02\/Gjor-deg-klar-for-sommeren-Uten-dietter-stress-eller-skyldfolelse.jpg","type":"image\/jpeg"}],"author":"Ole Andersen","twitter_card":"summary_large_image","twitter_misc":{"Skrevet av":"Ole Andersen","Ansl. lesetid":"4 minutter"},"schema":{"@context":"https:\/\/schema.org","@graph":[{"@type":"Article","@id":"https:\/\/nordnesrepublikken.no\/index.php\/2026\/02\/04\/gjor-deg-klar-for-sommeren-uten-dietter-stress-eller-skyldfolelse\/#article","isPartOf":{"@id":"https:\/\/nordnesrepublikken.no\/index.php\/2026\/02\/04\/gjor-deg-klar-for-sommeren-uten-dietter-stress-eller-skyldfolelse\/"},"author":{"name":"Ole Andersen","@id":"https:\/\/nordnesrepublikken.no\/#\/schema\/person\/2e7e81935bab77882fffb79296240ff1"},"headline":"Gj\u00f8r deg klar for sommeren: Uten dietter, stress eller skyldf\u00f8lelse","datePublished":"2026-02-04T07:51:46+00:00","dateModified":"2026-02-04T07:51:47+00:00","mainEntityOfPage":{"@id":"https:\/\/nordnesrepublikken.no\/index.php\/2026\/02\/04\/gjor-deg-klar-for-sommeren-uten-dietter-stress-eller-skyldfolelse\/"},"wordCount":848,"publisher":{"@id":"https:\/\/nordnesrepublikken.no\/#organization"},"image":{"@id":"https:\/\/nordnesrepublikken.no\/index.php\/2026\/02\/04\/gjor-deg-klar-for-sommeren-uten-dietter-stress-eller-skyldfolelse\/#primaryimage"},"thumbnailUrl":"https:\/\/nordnesrepublikken.no\/wp-content\/uploads\/2026\/02\/Gjor-deg-klar-for-sommeren-Uten-dietter-stress-eller-skyldfolelse.jpg","keywords":["deg","dietter","eller","gj\u00f8r","klar","skyldf\u00f8lelse","sommeren","stress","uten"],"articleSection":["Livsstil"],"inLanguage":"nb-NO"},{"@type":"WebPage","@id":"https:\/\/nordnesrepublikken.no\/index.php\/2026\/02\/04\/gjor-deg-klar-for-sommeren-uten-dietter-stress-eller-skyldfolelse\/","url":"https:\/\/nordnesrepublikken.no\/index.php\/2026\/02\/04\/gjor-deg-klar-for-sommeren-uten-dietter-stress-eller-skyldfolelse\/","name":"Gj\u00f8r deg klar for sommeren: Uten dietter, stress eller skyldf\u00f8lelse - Nordnesrepublikken","isPartOf":{"@id":"https:\/\/nordnesrepublikken.no\/#website"},"primaryImageOfPage":{"@id":"https:\/\/nordnesrepublikken.no\/index.php\/2026\/02\/04\/gjor-deg-klar-for-sommeren-uten-dietter-stress-eller-skyldfolelse\/#primaryimage"},"image":{"@id":"https:\/\/nordnesrepublikken.no\/index.php\/2026\/02\/04\/gjor-deg-klar-for-sommeren-uten-dietter-stress-eller-skyldfolelse\/#primaryimage"},"thumbnailUrl":"https:\/\/nordnesrepublikken.no\/wp-content\/uploads\/2026\/02\/Gjor-deg-klar-for-sommeren-Uten-dietter-stress-eller-skyldfolelse.jpg","datePublished":"2026-02-04T07:51:46+00:00","dateModified":"2026-02-04T07:51:47+00:00","breadcrumb":{"@id":"https:\/\/nordnesrepublikken.no\/index.php\/2026\/02\/04\/gjor-deg-klar-for-sommeren-uten-dietter-stress-eller-skyldfolelse\/#breadcrumb"},"inLanguage":"nb-NO","potentialAction":[{"@type":"ReadAction","target":["https:\/\/nordnesrepublikken.no\/index.php\/2026\/02\/04\/gjor-deg-klar-for-sommeren-uten-dietter-stress-eller-skyldfolelse\/"]}]},{"@type":"ImageObject","inLanguage":"nb-NO","@id":"https:\/\/nordnesrepublikken.no\/index.php\/2026\/02\/04\/gjor-deg-klar-for-sommeren-uten-dietter-stress-eller-skyldfolelse\/#primaryimage","url":"https:\/\/nordnesrepublikken.no\/wp-content\/uploads\/2026\/02\/Gjor-deg-klar-for-sommeren-Uten-dietter-stress-eller-skyldfolelse.jpg","contentUrl":"https:\/\/nordnesrepublikken.no\/wp-content\/uploads\/2026\/02\/Gjor-deg-klar-for-sommeren-Uten-dietter-stress-eller-skyldfolelse.jpg","width":1179,"height":1033,"caption":"Gj\u00f8r deg klar for sommeren: Uten dietter, stress eller skyldf\u00f8lelse"},{"@type":"BreadcrumbList","@id":"https:\/\/nordnesrepublikken.no\/index.php\/2026\/02\/04\/gjor-deg-klar-for-sommeren-uten-dietter-stress-eller-skyldfolelse\/#breadcrumb","itemListElement":[{"@type":"ListItem","position":1,"name":"Home","item":"https:\/\/nordnesrepublikken.no\/"},{"@type":"ListItem","position":2,"name":"Gj\u00f8r deg klar for sommeren: Uten dietter, stress eller skyldf\u00f8lelse"}]},{"@type":"WebSite","@id":"https:\/\/nordnesrepublikken.no\/#website","url":"https:\/\/nordnesrepublikken.no\/","name":"Nordnesrepublikken","description":"Stemmer og Visjoner fra Republikkens Hjerte","publisher":{"@id":"https:\/\/nordnesrepublikken.no\/#organization"},"potentialAction":[{"@type":"SearchAction","target":{"@type":"EntryPoint","urlTemplate":"https:\/\/nordnesrepublikken.no\/?s={search_term_string}"},"query-input":{"@type":"PropertyValueSpecification","valueRequired":true,"valueName":"search_term_string"}}],"inLanguage":"nb-NO"},{"@type":"Organization","@id":"https:\/\/nordnesrepublikken.no\/#organization","name":"Nordnesrepublikken","url":"https:\/\/nordnesrepublikken.no\/","logo":{"@type":"ImageObject","inLanguage":"nb-NO","@id":"https:\/\/nordnesrepublikken.no\/#\/schema\/logo\/image\/","url":"https:\/\/nordnesrepublikken.no\/wp-content\/uploads\/2025\/02\/cropped-nordnesrepublikken-2.png","contentUrl":"https:\/\/nordnesrepublikken.no\/wp-content\/uploads\/2025\/02\/cropped-nordnesrepublikken-2.png","width":1248,"height":362,"caption":"Nordnesrepublikken"},"image":{"@id":"https:\/\/nordnesrepublikken.no\/#\/schema\/logo\/image\/"}},{"@type":"Person","@id":"https:\/\/nordnesrepublikken.no\/#\/schema\/person\/2e7e81935bab77882fffb79296240ff1","name":"Ole Andersen","image":{"@type":"ImageObject","inLanguage":"nb-NO","@id":"https:\/\/nordnesrepublikken.no\/#\/schema\/person\/image\/","url":"https:\/\/nordnesrepublikken.no\/wp-content\/uploads\/2025\/02\/nordnesrepublikken-2-2-150x150.jpg","contentUrl":"https:\/\/nordnesrepublikken.no\/wp-content\/uploads\/2025\/02\/nordnesrepublikken-2-2-150x150.jpg","caption":"Ole Andersen"},"description":"Ettersom jeg vokste opp i Oslo, har jeg alltid v\u00e6rt fascinert av ordenes kraft og deres evne til \u00e5 skape endringer. Etter \u00e5 ha fullf\u00f8rt min utdannelse i kommunikasjon ved Universitetet i Bergen, fikk jeg muligheten til \u00e5 jobbe innen ulike medier, der jeg har s\u00f8kt \u00e5 belyse viktige samfunnssp\u00f8rsm\u00e5l. I dag, som redakt\u00f8r for Nordnesrepublikken, pr\u00f8ver jeg \u00e5 forene min kj\u00e6rlighet for journalistikk med min lidenskap for innovasjon og eventyr.","sameAs":["https:\/\/nordnesrepublikken.no\/"]}]}},"_links":{"self":[{"href":"https:\/\/nordnesrepublikken.no\/index.php\/wp-json\/wp\/v2\/posts\/14528","targetHints":{"allow":["GET"]}}],"collection":[{"href":"https:\/\/nordnesrepublikken.no\/index.php\/wp-json\/wp\/v2\/posts"}],"about":[{"href":"https:\/\/nordnesrepublikken.no\/index.php\/wp-json\/wp\/v2\/types\/post"}],"author":[{"embeddable":true,"href":"https:\/\/nordnesrepublikken.no\/index.php\/wp-json\/wp\/v2\/users\/1"}],"replies":[{"embeddable":true,"href":"https:\/\/nordnesrepublikken.no\/index.php\/wp-json\/wp\/v2\/comments?post=14528"}],"version-history":[{"count":1,"href":"https:\/\/nordnesrepublikken.no\/index.php\/wp-json\/wp\/v2\/posts\/14528\/revisions"}],"predecessor-version":[{"id":14530,"href":"https:\/\/nordnesrepublikken.no\/index.php\/wp-json\/wp\/v2\/posts\/14528\/revisions\/14530"}],"wp:featuredmedia":[{"embeddable":true,"href":"https:\/\/nordnesrepublikken.no\/index.php\/wp-json\/wp\/v2\/media\/14529"}],"wp:attachment":[{"href":"https:\/\/nordnesrepublikken.no\/index.php\/wp-json\/wp\/v2\/media?parent=14528"}],"wp:term":[{"taxonomy":"category","embeddable":true,"href":"https:\/\/nordnesrepublikken.no\/index.php\/wp-json\/wp\/v2\/categories?post=14528"},{"taxonomy":"post_tag","embeddable":true,"href":"https:\/\/nordnesrepublikken.no\/index.php\/wp-json\/wp\/v2\/tags?post=14528"}],"curies":[{"name":"wp","href":"https:\/\/api.w.org\/{rel}","templated":true}]}}