{"id":14519,"date":"2026-02-03T22:51:52","date_gmt":"2026-02-03T21:51:52","guid":{"rendered":"https:\/\/nordnesrepublikken.no\/index.php\/2026\/02\/03\/fra-torsdag-ikke-flere-grenser-for-atomvapen-mellom-usa-og-russland\/"},"modified":"2026-02-03T22:51:53","modified_gmt":"2026-02-03T21:51:53","slug":"fra-torsdag-ikke-flere-grenser-for-atomvapen-mellom-usa-og-russland","status":"publish","type":"post","link":"https:\/\/nordnesrepublikken.no\/index.php\/2026\/02\/03\/fra-torsdag-ikke-flere-grenser-for-atomvapen-mellom-usa-og-russland\/","title":{"rendered":"fra torsdag ikke flere grenser for atomv\u00e5pen mellom USA og Russland"},"content":{"rendered":"<div>\n<div class=\"cp_wrapper cp_wrapper--fw mb-30 mb-20@tablet\">\n<figure class=\"mm\"><picture class=\"img\" style=\"padding-top:56.25%\"><source  media=\"(min-width: 1024px)\"><source  media=\"(min-width: 768px)\"><\/source><\/source><\/picture><\/figure>\n<\/p><\/div>\n<p>Torsdag 5. februar 2026 forandrer verden seg: den <strong>Ny startavtale <\/strong>(akronym for Strategic Arms Reduction Treaty) <strong>mellom USA og Russland<\/strong> som begrenset deres langtrekkende atomarsenaler <strong>vil komme til en slutt<\/strong>.<\/p>\n<p>Traktaten, undertegnet i 2010 og fornyet i 2021, og setter en grense p\u00e5 <strong>1550 atomstridshoder<\/strong> utplassert (de som er klare til bruk) til hver av de to supermaktene. Imidlertid et uforholdsmessig antall, noe som ville f\u00f8re til \u00f8deleggelsen av jorden. Men det er ikke alt: vi m\u00e5 legge til 3 tusen amerikanske og russiske atomstridshoder i depotene til deres respektive arsenaler.<\/p>\n<h2><strong>Hva er gjort for \u00e5 redusere atomv\u00e5pen <\/strong><\/h2>\n<p>Forhandlinger om reduksjon av atomv\u00e5pen mellom supermaktene begynte under den kalde krigen, med ikke-spredningstraktaten fra 1968 og Strategic Arms Limitations Treaties (SALT) p\u00e5 1970-tallet. Deretter ble avtaler som START og New START oppn\u00e5dd, som inneholdt Nixon, Reagan, Gorbatsjov, Obama og Medvedev.<\/p>\n<p>De f\u00f8rste grensene satte 5000 atomstridshoder for hvert land, men p\u00e5 midten av 1980-tallet gikk Reagan og Gorbatsjov til og med s\u00e5 langt som \u00e5 vurdere total \u00f8deleggelse av arsenalene, som imidlertid ikke ble fulgt opp.<\/p>\n<h2><strong>Hva kan skje n\u00e5<\/strong> at traktaten g\u00e5r mot slutten<\/h2>\n<p>Med dagens tid \u00f8ker utl\u00f8pet av denne traktaten <strong>internasjonale spenninger<\/strong>fordi det kan f\u00f8re til et v\u00e5penkappl\u00f8p p\u00e5 begge sider. I f\u00f8lge noen kilder fra Moskva ser det imidlertid ut til at Russland ikke er interessert (i hvert fall for \u00f8yeblikket) i \u00e5 oppruste seg selv i denne forstand, ogs\u00e5 fordi det for \u00f8yeblikket er desidert foran sin amerikanske rival, med 1549 atomstridshoder installert (interkontinentale missiler, bombefly og ub\u00e5ter) og ytterligere 1830 1830 1420 p\u00e5 lager, sammenlignet med 1 420 lagrede stridshoder. USA.<\/p>\n<p>Videre er Kreml for tiden fokusert p\u00e5 <strong>finansiering av krigen i Ukraina<\/strong>. Videre, if\u00f8lge andre analytikere, fokuserer Putin p\u00e5 \u00e5 lage kraftige b\u00e6rere for \u00e5 transportere stridshodene, som Oreshnik hypersoniske missil og Poseidon.<\/p>\n<p>Uansett sannhet har Russlands president Vladimir Putin if\u00f8lge informasjonsbyr\u00e5et Ria Novosti foresl\u00e5tt \u00e5 fortsette \u00e5 respektere grensene for traktaten, men Donald Trump \u2013 som mener at den russiske lederens id\u00e9 er \u00aben god id\u00e9\u00bb \u2013 har antydet at han helst vil signere en ny avtale om atomv\u00e5pen som ogs\u00e5 involverer den tredje atommakten: Kina. If\u00f8lge geopolitiske analytikere virker imidlertid et scenario der tycoonen vedtar den russiske presidentens forslag mer sannsynlig, i hvert fall frem til begynnelsen av 2027.<\/p>\n<h2>Konseptet avskrekking og star wars<\/h2>\n<p>\u00c5 ha en slik mengde v\u00e5pen virker avskrekkende, men opp til et visst punkt.<\/p>\n<p>Der <strong>kjernefysisk avskrekking<\/strong> er basert p\u00e5 ideen om at besittelse av atomv\u00e5pen av to eller flere makter reduserer sannsynligheten for direkte konflikt, siden hver side vet at et angrep vil f\u00f8re til gjensidig \u00f8deleggelse. Dette konseptet, kjent som &laquo;<strong>Gjensidig sikret \u00f8deleggelse<\/strong>&raquo; (MAD), argumenterer for at ingen av de to involverte nasjonene kan vinne en atomkonflikt, og derfor vil begge avst\u00e5 fra \u00e5 sette i gang angrep. I praksis forhindrer frykten for en \u00f8deleggende reaksjon i tilfelle aggresjon starten p\u00e5 en krig.<\/p>\n<p>Men det er et men: hvis en av de to supermaktene utviklet et v\u00e5pen som ville gj\u00f8re den immun mot et atomangrep, for eksempel &laquo;<strong>romskjold<\/strong>&raquo; foresl\u00e5tt av USA, kan prinsippet om avskrekking mislykkes, gitt at trusselen om gjensidig \u00f8deleggelse ikke lenger vil v\u00e6re gyldig.<\/p>\n<p>Det aktuelle romskjoldet er et forsvarssystem designet for \u00e5 beskytte landet mot atomangrep ved hjelp av <strong>v\u00e6pnede satellitter og teknologi i bane for \u00e5 avskj\u00e6re fiendtlige missiler<\/strong>og det er nettopp fra denne ideen at &laquo;stjernekriger&raquo; blir f\u00f8dt. Russland har alltid ansett det som en offensiv trussel, som kompromitterer balansen mellom kjernefysisk avskrekking.<\/p>\n<h2>Hvem er de andre atommaktene<\/h2>\n<p>Skj\u00f8nt <strong>Russland og USA<\/strong> er definitivt i ledelsen for atomduopolet (som holder<b>86 % av verdens aviser<\/b> og interkontinentale transport\u00f8rer som er i stand til \u00e5 treffe et hvilket som helst punkt p\u00e5 kloden p\u00e5 mindre enn 30 minutter), er scenariet farlig overfylt. Der <strong>Kina<\/strong> den har kommet veldig n\u00e6r sine to titaniske motstykker, og doblet antallet atomv\u00e5pen (for tiden over 500, forventet \u00e5 overstige 1000 innen 2030) p\u00e5 bare et ti\u00e5r.<\/p>\n<p>Deretter finner vi de andre skuespillerne p\u00e5 sjakkbrettet:<\/p>\n<ul>\n<li>Frankrike (290 publikasjoner)<\/li>\n<li>Storbritannia (170)<\/li>\n<li>Pakistan (170, men tallet er sannsynligvis overvurdert)<\/li>\n<li>India (164, men tallet er trolig overvurdert. Landet moderniserer sine transport\u00f8rer for \u00e5 sikre at de kan dekke hele det kinesiske territoriet)<\/li>\n<li>Israel (hevder \u00e5 ha 90, men tallet er usikkert: den j\u00f8diske regjeringen har aldri offisielt bekreftet eller avkreftet sin besittelse av atomv\u00e5pen, men analytikere er enige om tilstedev\u00e6relsen av et sofistikert arsenal klar til bruk)<\/li>\n<li>Nord-Korea (hevder 30, men antallet er usikkert)<\/li>\n<\/ul>\n<p>Som nylig fremhevet av \u00f8konomen og tidligere statsminister <b>Mario Draghi<\/b>g\u00e5r menneskeheten inn i en ny \u00e6ra der de gamle m\u00f8nstrene for den kalde krigen ikke lenger er tilstrekkelige. Nedgangen av formelle grenser gir rom for en verden der enhver stat, stor som liten, kunne f\u00f8le seg legitimert til \u00e5 utvide sitt arsenal.<\/p>\n<p>Fremtidens utfordring blir derfor ikke bare \u00e5 telle avisene, men <strong>gjenoppbygge global tillit<\/strong> som for hvert \u00e5r ser ut til \u00e5 bli mer og mer skj\u00f8r.<\/p>\n<\/p><\/div>\n","protected":false},"excerpt":{"rendered":"<p>Torsdag 5. februar 2026 forandrer verden seg: den Ny startavtale (akronym for Strategic Arms Reduction<\/p>\n","protected":false},"author":1,"featured_media":14520,"comment_status":"closed","ping_status":"open","sticky":false,"template":"","format":"standard","meta":{"footnotes":""},"categories":[23],"tags":[448,850,125,2079,187,212,398,9462,499],"class_list":["post-14519","post","type-post","status-publish","format-standard","has-post-thumbnail","hentry","category-politikk","tag-atomvapen","tag-flere","tag-fra","tag-grenser","tag-ikke","tag-mellom","tag-russland","tag-torsdag","tag-usa","generate-columns","tablet-grid-50","mobile-grid-100","grid-parent","grid-33","resize-featured-image"],"yoast_head":"<!-- This site is optimized with the Yoast SEO plugin v24.4 - https:\/\/yoast.com\/wordpress\/plugins\/seo\/ -->\n<title>fra torsdag ikke flere grenser for atomv\u00e5pen mellom USA og Russland - Nordnesrepublikken<\/title>\n<meta name=\"robots\" content=\"index, follow, max-snippet:-1, max-image-preview:large, max-video-preview:-1\" \/>\n<link rel=\"canonical\" href=\"https:\/\/nordnesrepublikken.no\/index.php\/2026\/02\/03\/fra-torsdag-ikke-flere-grenser-for-atomvapen-mellom-usa-og-russland\/\" \/>\n<meta property=\"og:locale\" content=\"nb_NO\" \/>\n<meta property=\"og:type\" content=\"article\" \/>\n<meta property=\"og:title\" content=\"fra torsdag ikke flere grenser for atomv\u00e5pen mellom USA og Russland - Nordnesrepublikken\" \/>\n<meta property=\"og:description\" content=\"Torsdag 5. februar 2026 forandrer verden seg: den Ny startavtale (akronym for Strategic Arms Reduction\" \/>\n<meta property=\"og:url\" content=\"https:\/\/nordnesrepublikken.no\/index.php\/2026\/02\/03\/fra-torsdag-ikke-flere-grenser-for-atomvapen-mellom-usa-og-russland\/\" \/>\n<meta property=\"og:site_name\" content=\"Nordnesrepublikken\" \/>\n<meta property=\"article:published_time\" content=\"2026-02-03T21:51:52+00:00\" \/>\n<meta property=\"article:modified_time\" content=\"2026-02-03T21:51:53+00:00\" \/>\n<meta property=\"og:image\" content=\"https:\/\/nordnesrepublikken.no\/wp-content\/uploads\/2026\/02\/1770155512_fra-torsdag-ikke-flere-grenser-for-atomvapen-mellom-USA-og.jpg\" \/>\n\t<meta property=\"og:image:width\" content=\"1376\" \/>\n\t<meta property=\"og:image:height\" content=\"768\" \/>\n\t<meta property=\"og:image:type\" content=\"image\/jpeg\" \/>\n<meta name=\"author\" content=\"Ole Andersen\" \/>\n<meta name=\"twitter:card\" content=\"summary_large_image\" \/>\n<meta name=\"twitter:label1\" content=\"Skrevet av\" \/>\n\t<meta name=\"twitter:data1\" content=\"Ole Andersen\" \/>\n\t<meta name=\"twitter:label2\" content=\"Ansl. lesetid\" \/>\n\t<meta name=\"twitter:data2\" content=\"4 minutter\" \/>\n<script type=\"application\/ld+json\" class=\"yoast-schema-graph\">{\"@context\":\"https:\/\/schema.org\",\"@graph\":[{\"@type\":\"Article\",\"@id\":\"https:\/\/nordnesrepublikken.no\/index.php\/2026\/02\/03\/fra-torsdag-ikke-flere-grenser-for-atomvapen-mellom-usa-og-russland\/#article\",\"isPartOf\":{\"@id\":\"https:\/\/nordnesrepublikken.no\/index.php\/2026\/02\/03\/fra-torsdag-ikke-flere-grenser-for-atomvapen-mellom-usa-og-russland\/\"},\"author\":{\"name\":\"Ole Andersen\",\"@id\":\"https:\/\/nordnesrepublikken.no\/#\/schema\/person\/2e7e81935bab77882fffb79296240ff1\"},\"headline\":\"fra torsdag ikke flere grenser for atomv\u00e5pen mellom USA og Russland\",\"datePublished\":\"2026-02-03T21:51:52+00:00\",\"dateModified\":\"2026-02-03T21:51:53+00:00\",\"mainEntityOfPage\":{\"@id\":\"https:\/\/nordnesrepublikken.no\/index.php\/2026\/02\/03\/fra-torsdag-ikke-flere-grenser-for-atomvapen-mellom-usa-og-russland\/\"},\"wordCount\":819,\"publisher\":{\"@id\":\"https:\/\/nordnesrepublikken.no\/#organization\"},\"image\":{\"@id\":\"https:\/\/nordnesrepublikken.no\/index.php\/2026\/02\/03\/fra-torsdag-ikke-flere-grenser-for-atomvapen-mellom-usa-og-russland\/#primaryimage\"},\"thumbnailUrl\":\"https:\/\/nordnesrepublikken.no\/wp-content\/uploads\/2026\/02\/1770155512_fra-torsdag-ikke-flere-grenser-for-atomvapen-mellom-USA-og.jpg\",\"keywords\":[\"atomv\u00e5pen\",\"flere\",\"fra\",\"grenser\",\"ikke\",\"mellom\",\"Russland\",\"torsdag\",\"USA\"],\"articleSection\":[\"Politikk\"],\"inLanguage\":\"nb-NO\"},{\"@type\":\"WebPage\",\"@id\":\"https:\/\/nordnesrepublikken.no\/index.php\/2026\/02\/03\/fra-torsdag-ikke-flere-grenser-for-atomvapen-mellom-usa-og-russland\/\",\"url\":\"https:\/\/nordnesrepublikken.no\/index.php\/2026\/02\/03\/fra-torsdag-ikke-flere-grenser-for-atomvapen-mellom-usa-og-russland\/\",\"name\":\"fra torsdag ikke flere grenser for atomv\u00e5pen mellom USA og Russland - Nordnesrepublikken\",\"isPartOf\":{\"@id\":\"https:\/\/nordnesrepublikken.no\/#website\"},\"primaryImageOfPage\":{\"@id\":\"https:\/\/nordnesrepublikken.no\/index.php\/2026\/02\/03\/fra-torsdag-ikke-flere-grenser-for-atomvapen-mellom-usa-og-russland\/#primaryimage\"},\"image\":{\"@id\":\"https:\/\/nordnesrepublikken.no\/index.php\/2026\/02\/03\/fra-torsdag-ikke-flere-grenser-for-atomvapen-mellom-usa-og-russland\/#primaryimage\"},\"thumbnailUrl\":\"https:\/\/nordnesrepublikken.no\/wp-content\/uploads\/2026\/02\/1770155512_fra-torsdag-ikke-flere-grenser-for-atomvapen-mellom-USA-og.jpg\",\"datePublished\":\"2026-02-03T21:51:52+00:00\",\"dateModified\":\"2026-02-03T21:51:53+00:00\",\"breadcrumb\":{\"@id\":\"https:\/\/nordnesrepublikken.no\/index.php\/2026\/02\/03\/fra-torsdag-ikke-flere-grenser-for-atomvapen-mellom-usa-og-russland\/#breadcrumb\"},\"inLanguage\":\"nb-NO\",\"potentialAction\":[{\"@type\":\"ReadAction\",\"target\":[\"https:\/\/nordnesrepublikken.no\/index.php\/2026\/02\/03\/fra-torsdag-ikke-flere-grenser-for-atomvapen-mellom-usa-og-russland\/\"]}]},{\"@type\":\"ImageObject\",\"inLanguage\":\"nb-NO\",\"@id\":\"https:\/\/nordnesrepublikken.no\/index.php\/2026\/02\/03\/fra-torsdag-ikke-flere-grenser-for-atomvapen-mellom-usa-og-russland\/#primaryimage\",\"url\":\"https:\/\/nordnesrepublikken.no\/wp-content\/uploads\/2026\/02\/1770155512_fra-torsdag-ikke-flere-grenser-for-atomvapen-mellom-USA-og.jpg\",\"contentUrl\":\"https:\/\/nordnesrepublikken.no\/wp-content\/uploads\/2026\/02\/1770155512_fra-torsdag-ikke-flere-grenser-for-atomvapen-mellom-USA-og.jpg\",\"width\":1376,\"height\":768,\"caption\":\"fra torsdag ikke flere grenser for atomv\u00e5pen mellom USA og Russland\"},{\"@type\":\"BreadcrumbList\",\"@id\":\"https:\/\/nordnesrepublikken.no\/index.php\/2026\/02\/03\/fra-torsdag-ikke-flere-grenser-for-atomvapen-mellom-usa-og-russland\/#breadcrumb\",\"itemListElement\":[{\"@type\":\"ListItem\",\"position\":1,\"name\":\"Home\",\"item\":\"https:\/\/nordnesrepublikken.no\/\"},{\"@type\":\"ListItem\",\"position\":2,\"name\":\"fra torsdag ikke flere grenser for atomv\u00e5pen mellom USA og Russland\"}]},{\"@type\":\"WebSite\",\"@id\":\"https:\/\/nordnesrepublikken.no\/#website\",\"url\":\"https:\/\/nordnesrepublikken.no\/\",\"name\":\"Nordnesrepublikken\",\"description\":\"Stemmer og Visjoner fra Republikkens Hjerte\",\"publisher\":{\"@id\":\"https:\/\/nordnesrepublikken.no\/#organization\"},\"potentialAction\":[{\"@type\":\"SearchAction\",\"target\":{\"@type\":\"EntryPoint\",\"urlTemplate\":\"https:\/\/nordnesrepublikken.no\/?s={search_term_string}\"},\"query-input\":{\"@type\":\"PropertyValueSpecification\",\"valueRequired\":true,\"valueName\":\"search_term_string\"}}],\"inLanguage\":\"nb-NO\"},{\"@type\":\"Organization\",\"@id\":\"https:\/\/nordnesrepublikken.no\/#organization\",\"name\":\"Nordnesrepublikken\",\"url\":\"https:\/\/nordnesrepublikken.no\/\",\"logo\":{\"@type\":\"ImageObject\",\"inLanguage\":\"nb-NO\",\"@id\":\"https:\/\/nordnesrepublikken.no\/#\/schema\/logo\/image\/\",\"url\":\"https:\/\/nordnesrepublikken.no\/wp-content\/uploads\/2025\/02\/cropped-nordnesrepublikken-2.png\",\"contentUrl\":\"https:\/\/nordnesrepublikken.no\/wp-content\/uploads\/2025\/02\/cropped-nordnesrepublikken-2.png\",\"width\":1248,\"height\":362,\"caption\":\"Nordnesrepublikken\"},\"image\":{\"@id\":\"https:\/\/nordnesrepublikken.no\/#\/schema\/logo\/image\/\"}},{\"@type\":\"Person\",\"@id\":\"https:\/\/nordnesrepublikken.no\/#\/schema\/person\/2e7e81935bab77882fffb79296240ff1\",\"name\":\"Ole Andersen\",\"image\":{\"@type\":\"ImageObject\",\"inLanguage\":\"nb-NO\",\"@id\":\"https:\/\/nordnesrepublikken.no\/#\/schema\/person\/image\/\",\"url\":\"https:\/\/nordnesrepublikken.no\/wp-content\/uploads\/2025\/02\/nordnesrepublikken-2-2-150x150.jpg\",\"contentUrl\":\"https:\/\/nordnesrepublikken.no\/wp-content\/uploads\/2025\/02\/nordnesrepublikken-2-2-150x150.jpg\",\"caption\":\"Ole Andersen\"},\"description\":\"Ettersom jeg vokste opp i Oslo, har jeg alltid v\u00e6rt fascinert av ordenes kraft og deres evne til \u00e5 skape endringer. Etter \u00e5 ha fullf\u00f8rt min utdannelse i kommunikasjon ved Universitetet i Bergen, fikk jeg muligheten til \u00e5 jobbe innen ulike medier, der jeg har s\u00f8kt \u00e5 belyse viktige samfunnssp\u00f8rsm\u00e5l. I dag, som redakt\u00f8r for Nordnesrepublikken, pr\u00f8ver jeg \u00e5 forene min kj\u00e6rlighet for journalistikk med min lidenskap for innovasjon og eventyr.\",\"sameAs\":[\"https:\/\/nordnesrepublikken.no\/\"]}]}<\/script>\n<!-- \/ Yoast SEO plugin. -->","yoast_head_json":{"title":"fra torsdag ikke flere grenser for atomv\u00e5pen mellom USA og Russland - Nordnesrepublikken","robots":{"index":"index","follow":"follow","max-snippet":"max-snippet:-1","max-image-preview":"max-image-preview:large","max-video-preview":"max-video-preview:-1"},"canonical":"https:\/\/nordnesrepublikken.no\/index.php\/2026\/02\/03\/fra-torsdag-ikke-flere-grenser-for-atomvapen-mellom-usa-og-russland\/","og_locale":"nb_NO","og_type":"article","og_title":"fra torsdag ikke flere grenser for atomv\u00e5pen mellom USA og Russland - Nordnesrepublikken","og_description":"Torsdag 5. februar 2026 forandrer verden seg: den Ny startavtale (akronym for Strategic Arms Reduction","og_url":"https:\/\/nordnesrepublikken.no\/index.php\/2026\/02\/03\/fra-torsdag-ikke-flere-grenser-for-atomvapen-mellom-usa-og-russland\/","og_site_name":"Nordnesrepublikken","article_published_time":"2026-02-03T21:51:52+00:00","article_modified_time":"2026-02-03T21:51:53+00:00","og_image":[{"width":1376,"height":768,"url":"https:\/\/nordnesrepublikken.no\/wp-content\/uploads\/2026\/02\/1770155512_fra-torsdag-ikke-flere-grenser-for-atomvapen-mellom-USA-og.jpg","type":"image\/jpeg"}],"author":"Ole Andersen","twitter_card":"summary_large_image","twitter_misc":{"Skrevet av":"Ole Andersen","Ansl. lesetid":"4 minutter"},"schema":{"@context":"https:\/\/schema.org","@graph":[{"@type":"Article","@id":"https:\/\/nordnesrepublikken.no\/index.php\/2026\/02\/03\/fra-torsdag-ikke-flere-grenser-for-atomvapen-mellom-usa-og-russland\/#article","isPartOf":{"@id":"https:\/\/nordnesrepublikken.no\/index.php\/2026\/02\/03\/fra-torsdag-ikke-flere-grenser-for-atomvapen-mellom-usa-og-russland\/"},"author":{"name":"Ole Andersen","@id":"https:\/\/nordnesrepublikken.no\/#\/schema\/person\/2e7e81935bab77882fffb79296240ff1"},"headline":"fra torsdag ikke flere grenser for atomv\u00e5pen mellom USA og Russland","datePublished":"2026-02-03T21:51:52+00:00","dateModified":"2026-02-03T21:51:53+00:00","mainEntityOfPage":{"@id":"https:\/\/nordnesrepublikken.no\/index.php\/2026\/02\/03\/fra-torsdag-ikke-flere-grenser-for-atomvapen-mellom-usa-og-russland\/"},"wordCount":819,"publisher":{"@id":"https:\/\/nordnesrepublikken.no\/#organization"},"image":{"@id":"https:\/\/nordnesrepublikken.no\/index.php\/2026\/02\/03\/fra-torsdag-ikke-flere-grenser-for-atomvapen-mellom-usa-og-russland\/#primaryimage"},"thumbnailUrl":"https:\/\/nordnesrepublikken.no\/wp-content\/uploads\/2026\/02\/1770155512_fra-torsdag-ikke-flere-grenser-for-atomvapen-mellom-USA-og.jpg","keywords":["atomv\u00e5pen","flere","fra","grenser","ikke","mellom","Russland","torsdag","USA"],"articleSection":["Politikk"],"inLanguage":"nb-NO"},{"@type":"WebPage","@id":"https:\/\/nordnesrepublikken.no\/index.php\/2026\/02\/03\/fra-torsdag-ikke-flere-grenser-for-atomvapen-mellom-usa-og-russland\/","url":"https:\/\/nordnesrepublikken.no\/index.php\/2026\/02\/03\/fra-torsdag-ikke-flere-grenser-for-atomvapen-mellom-usa-og-russland\/","name":"fra torsdag ikke flere grenser for atomv\u00e5pen mellom USA og Russland - Nordnesrepublikken","isPartOf":{"@id":"https:\/\/nordnesrepublikken.no\/#website"},"primaryImageOfPage":{"@id":"https:\/\/nordnesrepublikken.no\/index.php\/2026\/02\/03\/fra-torsdag-ikke-flere-grenser-for-atomvapen-mellom-usa-og-russland\/#primaryimage"},"image":{"@id":"https:\/\/nordnesrepublikken.no\/index.php\/2026\/02\/03\/fra-torsdag-ikke-flere-grenser-for-atomvapen-mellom-usa-og-russland\/#primaryimage"},"thumbnailUrl":"https:\/\/nordnesrepublikken.no\/wp-content\/uploads\/2026\/02\/1770155512_fra-torsdag-ikke-flere-grenser-for-atomvapen-mellom-USA-og.jpg","datePublished":"2026-02-03T21:51:52+00:00","dateModified":"2026-02-03T21:51:53+00:00","breadcrumb":{"@id":"https:\/\/nordnesrepublikken.no\/index.php\/2026\/02\/03\/fra-torsdag-ikke-flere-grenser-for-atomvapen-mellom-usa-og-russland\/#breadcrumb"},"inLanguage":"nb-NO","potentialAction":[{"@type":"ReadAction","target":["https:\/\/nordnesrepublikken.no\/index.php\/2026\/02\/03\/fra-torsdag-ikke-flere-grenser-for-atomvapen-mellom-usa-og-russland\/"]}]},{"@type":"ImageObject","inLanguage":"nb-NO","@id":"https:\/\/nordnesrepublikken.no\/index.php\/2026\/02\/03\/fra-torsdag-ikke-flere-grenser-for-atomvapen-mellom-usa-og-russland\/#primaryimage","url":"https:\/\/nordnesrepublikken.no\/wp-content\/uploads\/2026\/02\/1770155512_fra-torsdag-ikke-flere-grenser-for-atomvapen-mellom-USA-og.jpg","contentUrl":"https:\/\/nordnesrepublikken.no\/wp-content\/uploads\/2026\/02\/1770155512_fra-torsdag-ikke-flere-grenser-for-atomvapen-mellom-USA-og.jpg","width":1376,"height":768,"caption":"fra torsdag ikke flere grenser for atomv\u00e5pen mellom USA og Russland"},{"@type":"BreadcrumbList","@id":"https:\/\/nordnesrepublikken.no\/index.php\/2026\/02\/03\/fra-torsdag-ikke-flere-grenser-for-atomvapen-mellom-usa-og-russland\/#breadcrumb","itemListElement":[{"@type":"ListItem","position":1,"name":"Home","item":"https:\/\/nordnesrepublikken.no\/"},{"@type":"ListItem","position":2,"name":"fra torsdag ikke flere grenser for atomv\u00e5pen mellom USA og Russland"}]},{"@type":"WebSite","@id":"https:\/\/nordnesrepublikken.no\/#website","url":"https:\/\/nordnesrepublikken.no\/","name":"Nordnesrepublikken","description":"Stemmer og Visjoner fra Republikkens Hjerte","publisher":{"@id":"https:\/\/nordnesrepublikken.no\/#organization"},"potentialAction":[{"@type":"SearchAction","target":{"@type":"EntryPoint","urlTemplate":"https:\/\/nordnesrepublikken.no\/?s={search_term_string}"},"query-input":{"@type":"PropertyValueSpecification","valueRequired":true,"valueName":"search_term_string"}}],"inLanguage":"nb-NO"},{"@type":"Organization","@id":"https:\/\/nordnesrepublikken.no\/#organization","name":"Nordnesrepublikken","url":"https:\/\/nordnesrepublikken.no\/","logo":{"@type":"ImageObject","inLanguage":"nb-NO","@id":"https:\/\/nordnesrepublikken.no\/#\/schema\/logo\/image\/","url":"https:\/\/nordnesrepublikken.no\/wp-content\/uploads\/2025\/02\/cropped-nordnesrepublikken-2.png","contentUrl":"https:\/\/nordnesrepublikken.no\/wp-content\/uploads\/2025\/02\/cropped-nordnesrepublikken-2.png","width":1248,"height":362,"caption":"Nordnesrepublikken"},"image":{"@id":"https:\/\/nordnesrepublikken.no\/#\/schema\/logo\/image\/"}},{"@type":"Person","@id":"https:\/\/nordnesrepublikken.no\/#\/schema\/person\/2e7e81935bab77882fffb79296240ff1","name":"Ole Andersen","image":{"@type":"ImageObject","inLanguage":"nb-NO","@id":"https:\/\/nordnesrepublikken.no\/#\/schema\/person\/image\/","url":"https:\/\/nordnesrepublikken.no\/wp-content\/uploads\/2025\/02\/nordnesrepublikken-2-2-150x150.jpg","contentUrl":"https:\/\/nordnesrepublikken.no\/wp-content\/uploads\/2025\/02\/nordnesrepublikken-2-2-150x150.jpg","caption":"Ole Andersen"},"description":"Ettersom jeg vokste opp i Oslo, har jeg alltid v\u00e6rt fascinert av ordenes kraft og deres evne til \u00e5 skape endringer. Etter \u00e5 ha fullf\u00f8rt min utdannelse i kommunikasjon ved Universitetet i Bergen, fikk jeg muligheten til \u00e5 jobbe innen ulike medier, der jeg har s\u00f8kt \u00e5 belyse viktige samfunnssp\u00f8rsm\u00e5l. I dag, som redakt\u00f8r for Nordnesrepublikken, pr\u00f8ver jeg \u00e5 forene min kj\u00e6rlighet for journalistikk med min lidenskap for innovasjon og eventyr.","sameAs":["https:\/\/nordnesrepublikken.no\/"]}]}},"_links":{"self":[{"href":"https:\/\/nordnesrepublikken.no\/index.php\/wp-json\/wp\/v2\/posts\/14519","targetHints":{"allow":["GET"]}}],"collection":[{"href":"https:\/\/nordnesrepublikken.no\/index.php\/wp-json\/wp\/v2\/posts"}],"about":[{"href":"https:\/\/nordnesrepublikken.no\/index.php\/wp-json\/wp\/v2\/types\/post"}],"author":[{"embeddable":true,"href":"https:\/\/nordnesrepublikken.no\/index.php\/wp-json\/wp\/v2\/users\/1"}],"replies":[{"embeddable":true,"href":"https:\/\/nordnesrepublikken.no\/index.php\/wp-json\/wp\/v2\/comments?post=14519"}],"version-history":[{"count":1,"href":"https:\/\/nordnesrepublikken.no\/index.php\/wp-json\/wp\/v2\/posts\/14519\/revisions"}],"predecessor-version":[{"id":14521,"href":"https:\/\/nordnesrepublikken.no\/index.php\/wp-json\/wp\/v2\/posts\/14519\/revisions\/14521"}],"wp:featuredmedia":[{"embeddable":true,"href":"https:\/\/nordnesrepublikken.no\/index.php\/wp-json\/wp\/v2\/media\/14520"}],"wp:attachment":[{"href":"https:\/\/nordnesrepublikken.no\/index.php\/wp-json\/wp\/v2\/media?parent=14519"}],"wp:term":[{"taxonomy":"category","embeddable":true,"href":"https:\/\/nordnesrepublikken.no\/index.php\/wp-json\/wp\/v2\/categories?post=14519"},{"taxonomy":"post_tag","embeddable":true,"href":"https:\/\/nordnesrepublikken.no\/index.php\/wp-json\/wp\/v2\/tags?post=14519"}],"curies":[{"name":"wp","href":"https:\/\/api.w.org\/{rel}","templated":true}]}}