{"id":14507,"date":"2026-02-03T13:50:53","date_gmt":"2026-02-03T12:50:53","guid":{"rendered":"https:\/\/nordnesrepublikken.no\/index.php\/2026\/02\/03\/en-skjult-detalj-i-anne-boleyns-portrett-beviser-at-hun-ikke-var-en-heks\/"},"modified":"2026-02-03T13:50:54","modified_gmt":"2026-02-03T12:50:54","slug":"en-skjult-detalj-i-anne-boleyns-portrett-beviser-at-hun-ikke-var-en-heks","status":"publish","type":"post","link":"https:\/\/nordnesrepublikken.no\/index.php\/2026\/02\/03\/en-skjult-detalj-i-anne-boleyns-portrett-beviser-at-hun-ikke-var-en-heks\/","title":{"rendered":"En skjult detalj i Anne Boleyns portrett beviser at hun ikke var en heks"},"content":{"rendered":"<div>\n<div class=\"cp_wrapper cp_wrapper--fw mb-30 mb-20@tablet\">\n<figure class=\"mm\"><picture class=\"img\" style=\"padding-top:56.25%\"><source  media=\"(min-width: 1024px)\"><source  media=\"(min-width: 768px)\"><\/source><\/source><\/picture><\/figure>\n<\/p><\/div>\n<p>En detalj som forble skjult under et kjent maleri i nesten fem hundre \u00e5r har kommet frem i lyset, og avsl\u00f8rer en glemt, men dyrebar historie. Det er The Guardian som avsl\u00f8rer at en gruppe forskere ved hjelp av infrar\u00f8d teknologi har funnet en annen tegning under overflatelagene til et ber\u00f8mt engelsk maleri fra sekstende \u00e5rhundre, en trekantet form, som forteller oss hva noen engelske intellektuelle syntes om dronningen av England. <strong>Anna<\/strong> <strong>Boleyn<\/strong>.<\/p>\n<p>La oss ta et skritt tilbake.<\/p>\n<p>Det var <strong>1533<\/strong> da kongen av England <strong>Henry<\/strong> <strong>VIII<\/strong> <strong>skilsmisse<\/strong> av sin kone Katarina av Aragon, en handling som f\u00f8rte til at han br\u00f8t med den katolske kirken og fant den anglikanske kirken. P\u00e5 det tidspunktet var han i stand til \u00e5 gifte seg igjen <strong>Anna<\/strong> <strong>Boleyn<\/strong>.<\/p>\n<p>Dette var et faktum som f\u00f8rte til utbruddet av tunge kriger i hele England <strong>anklager om hekseri<\/strong> mot den nye dronningekonsorten. Disse ble verre med tiden, ogs\u00e5 gitt det d\u00e5rlige ryktet som Anna fikk blant ektemannen <strong>unnlater \u00e5 unnfange en mannlig arving<\/strong>. I <strong>1536<\/strong> hun ble fengslet for utroskap i Tower of London, da <strong>funnet skyldig i forr\u00e6deri og halshugget<\/strong>.<\/p>\n<p>I de p\u00e5f\u00f8lgende \u00e5rene fikk Henry VIII, som giftet seg med seks koner, alle spor av Anne slettet, til det punktet at ingen portrett laget i l\u00f8pet av hennes levetid har overlevd til i dag. Imidlertid overlever et kjent maleri fra en senere periode, den <strong>portrett av Anne Boleyn fra Hever Castle, ogs\u00e5 kalt &laquo;Rose&raquo;<\/strong>: det er et av de mest kjente maleriene i engelsk kunsthistorie, laget p\u00e5 et trepanel noen ti\u00e5r senere under regjeringstiden til Annes datter, Elizabeth I av England.<\/p>\n<div class=\"cp_wrapper cp_wrapper--fw mb-50\">\n<figure class=\"mm\"><picture class=\"img\" style=\"padding-top:129.67741935484%\"><source  media=\"(min-width: 1024px)\"><source  media=\"(min-width: 768px)\"><img decoding=\"async\" loading=\"lazy\" src=\"https:\/\/staticgeopop.akamaized.net\/wp-content\/uploads\/sites\/32\/2026\/02\/The-Hever-portrait-of-Anne-Boleyn-depicts-the-mother-of-Elizabeth-I-and-is-believed-to-have-been-painted-during-the-latterrsquos-reign.-Photograph-Hever-Castle-.jpg?im=Resize,width=638;\" alt=\"Bilde\" width=\"1240\" height=\"1608\"\/><\/source><\/source><\/picture><\/figure>\n<\/p><\/div>\n<p>Vitenskapelig analyse av maleriet har begge tillatt oss \u00e5 datere panelet rundt <strong>1583<\/strong> (gjennom dendrokronologi, dvs. tellingen av treets ringer) og, gjennom infrar\u00f8dt, for \u00e5 oppdage det n\u00f8yaktige \u00f8yeblikket da den elisabethanske kunstneren beveget seg bort fra den forberedende tegningen &#8211; en modell som presenterte en trekant under motivet, deretter dekket &#8211; og bestemte seg i stedet for \u00e5<strong> skildre Anna i gesten av \u00e5 holde en r\u00f8d rose, med hendene og fingrene godt synlige<\/strong>.<\/p>\n<p>Men hva betyr dette valget, og hvorfor er det s\u00e5 relevant? \u00c5 vise alle fingrene hadde en bestemt hensikt i betrakterens \u00f8yne, alts\u00e5 <strong>frikjenne Henry VIIIs uheldige kone for \u00e5 v\u00e6re en heks<\/strong>.<\/p>\n<p>Kunstneren, faktisk, <strong>han fjernet den \u00absjette fingeren\u00bb som Anna ble sagt \u00e5 ha p\u00e5 h\u00f8yre h\u00e5nd<\/strong>. Dette ryktet hadde blitt satt i sirkulasjon av forfatteren Nicholas Sanders, som p\u00e5 1500-tallet kjempet for gjenopprettelsen av romersk-katolisismen i England og fors\u00f8kte \u00e5 diskreditere Elizabeth I. Portrettet, p\u00e5 denne m\u00e5ten, <strong>det gjenopprettet verdigheten til moren og legitimiteten til datteren.<\/strong><\/p>\n<\/p><\/div>\n","protected":false},"excerpt":{"rendered":"<p>En detalj som forble skjult under et kjent maleri i nesten fem hundre \u00e5r har<\/p>\n","protected":false},"author":1,"featured_media":14508,"comment_status":"closed","ping_status":"open","sticky":false,"template":"","format":"standard","meta":{"footnotes":""},"categories":[104],"tags":[9455,7695,9456,6159,9458,3559,187,9457,1899,100],"class_list":["post-14507","post","type-post","status-publish","format-standard","has-post-thumbnail","hentry","category-samfunn","tag-anne","tag-beviser","tag-boleyns","tag-detalj","tag-heks","tag-hun","tag-ikke","tag-portrett","tag-skjult","tag-var","generate-columns","tablet-grid-50","mobile-grid-100","grid-parent","grid-33","resize-featured-image"],"yoast_head":"<!-- This site is optimized with the Yoast SEO plugin v24.4 - https:\/\/yoast.com\/wordpress\/plugins\/seo\/ -->\n<title>En skjult detalj i Anne Boleyns portrett beviser at hun ikke var en heks - Nordnesrepublikken<\/title>\n<meta name=\"robots\" content=\"index, follow, max-snippet:-1, max-image-preview:large, max-video-preview:-1\" \/>\n<link rel=\"canonical\" href=\"https:\/\/nordnesrepublikken.no\/index.php\/2026\/02\/03\/en-skjult-detalj-i-anne-boleyns-portrett-beviser-at-hun-ikke-var-en-heks\/\" \/>\n<meta property=\"og:locale\" content=\"nb_NO\" \/>\n<meta property=\"og:type\" content=\"article\" \/>\n<meta property=\"og:title\" content=\"En skjult detalj i Anne Boleyns portrett beviser at hun ikke var en heks - Nordnesrepublikken\" \/>\n<meta property=\"og:description\" content=\"En detalj som forble skjult under et kjent maleri i nesten fem hundre \u00e5r har\" \/>\n<meta property=\"og:url\" content=\"https:\/\/nordnesrepublikken.no\/index.php\/2026\/02\/03\/en-skjult-detalj-i-anne-boleyns-portrett-beviser-at-hun-ikke-var-en-heks\/\" \/>\n<meta property=\"og:site_name\" content=\"Nordnesrepublikken\" \/>\n<meta property=\"article:published_time\" content=\"2026-02-03T12:50:53+00:00\" \/>\n<meta property=\"article:modified_time\" content=\"2026-02-03T12:50:54+00:00\" \/>\n<meta property=\"og:image\" content=\"https:\/\/nordnesrepublikken.no\/wp-content\/uploads\/2026\/02\/1770123054_En-skjult-detalj-i-Anne-Boleyns-portrett-beviser-at-hun.jpg\" \/>\n\t<meta property=\"og:image:width\" content=\"1376\" \/>\n\t<meta property=\"og:image:height\" content=\"768\" \/>\n\t<meta property=\"og:image:type\" content=\"image\/jpeg\" \/>\n<meta name=\"author\" content=\"Ole Andersen\" \/>\n<meta name=\"twitter:card\" content=\"summary_large_image\" \/>\n<meta name=\"twitter:label1\" content=\"Skrevet av\" \/>\n\t<meta name=\"twitter:data1\" content=\"Ole Andersen\" \/>\n\t<meta name=\"twitter:label2\" content=\"Ansl. lesetid\" \/>\n\t<meta name=\"twitter:data2\" content=\"2 minutter\" \/>\n<script type=\"application\/ld+json\" class=\"yoast-schema-graph\">{\"@context\":\"https:\/\/schema.org\",\"@graph\":[{\"@type\":\"Article\",\"@id\":\"https:\/\/nordnesrepublikken.no\/index.php\/2026\/02\/03\/en-skjult-detalj-i-anne-boleyns-portrett-beviser-at-hun-ikke-var-en-heks\/#article\",\"isPartOf\":{\"@id\":\"https:\/\/nordnesrepublikken.no\/index.php\/2026\/02\/03\/en-skjult-detalj-i-anne-boleyns-portrett-beviser-at-hun-ikke-var-en-heks\/\"},\"author\":{\"name\":\"Ole Andersen\",\"@id\":\"https:\/\/nordnesrepublikken.no\/#\/schema\/person\/2e7e81935bab77882fffb79296240ff1\"},\"headline\":\"En skjult detalj i Anne Boleyns portrett beviser at hun ikke var en heks\",\"datePublished\":\"2026-02-03T12:50:53+00:00\",\"dateModified\":\"2026-02-03T12:50:54+00:00\",\"mainEntityOfPage\":{\"@id\":\"https:\/\/nordnesrepublikken.no\/index.php\/2026\/02\/03\/en-skjult-detalj-i-anne-boleyns-portrett-beviser-at-hun-ikke-var-en-heks\/\"},\"wordCount\":454,\"publisher\":{\"@id\":\"https:\/\/nordnesrepublikken.no\/#organization\"},\"image\":{\"@id\":\"https:\/\/nordnesrepublikken.no\/index.php\/2026\/02\/03\/en-skjult-detalj-i-anne-boleyns-portrett-beviser-at-hun-ikke-var-en-heks\/#primaryimage\"},\"thumbnailUrl\":\"https:\/\/nordnesrepublikken.no\/wp-content\/uploads\/2026\/02\/1770123054_En-skjult-detalj-i-Anne-Boleyns-portrett-beviser-at-hun.jpg\",\"keywords\":[\"Anne\",\"beviser\",\"Boleyns\",\"detalj\",\"heks\",\"hun\",\"ikke\",\"portrett\",\"skjult\",\"var\"],\"articleSection\":[\"Samfunn\"],\"inLanguage\":\"nb-NO\"},{\"@type\":\"WebPage\",\"@id\":\"https:\/\/nordnesrepublikken.no\/index.php\/2026\/02\/03\/en-skjult-detalj-i-anne-boleyns-portrett-beviser-at-hun-ikke-var-en-heks\/\",\"url\":\"https:\/\/nordnesrepublikken.no\/index.php\/2026\/02\/03\/en-skjult-detalj-i-anne-boleyns-portrett-beviser-at-hun-ikke-var-en-heks\/\",\"name\":\"En skjult detalj i Anne Boleyns portrett beviser at hun ikke var en heks - Nordnesrepublikken\",\"isPartOf\":{\"@id\":\"https:\/\/nordnesrepublikken.no\/#website\"},\"primaryImageOfPage\":{\"@id\":\"https:\/\/nordnesrepublikken.no\/index.php\/2026\/02\/03\/en-skjult-detalj-i-anne-boleyns-portrett-beviser-at-hun-ikke-var-en-heks\/#primaryimage\"},\"image\":{\"@id\":\"https:\/\/nordnesrepublikken.no\/index.php\/2026\/02\/03\/en-skjult-detalj-i-anne-boleyns-portrett-beviser-at-hun-ikke-var-en-heks\/#primaryimage\"},\"thumbnailUrl\":\"https:\/\/nordnesrepublikken.no\/wp-content\/uploads\/2026\/02\/1770123054_En-skjult-detalj-i-Anne-Boleyns-portrett-beviser-at-hun.jpg\",\"datePublished\":\"2026-02-03T12:50:53+00:00\",\"dateModified\":\"2026-02-03T12:50:54+00:00\",\"breadcrumb\":{\"@id\":\"https:\/\/nordnesrepublikken.no\/index.php\/2026\/02\/03\/en-skjult-detalj-i-anne-boleyns-portrett-beviser-at-hun-ikke-var-en-heks\/#breadcrumb\"},\"inLanguage\":\"nb-NO\",\"potentialAction\":[{\"@type\":\"ReadAction\",\"target\":[\"https:\/\/nordnesrepublikken.no\/index.php\/2026\/02\/03\/en-skjult-detalj-i-anne-boleyns-portrett-beviser-at-hun-ikke-var-en-heks\/\"]}]},{\"@type\":\"ImageObject\",\"inLanguage\":\"nb-NO\",\"@id\":\"https:\/\/nordnesrepublikken.no\/index.php\/2026\/02\/03\/en-skjult-detalj-i-anne-boleyns-portrett-beviser-at-hun-ikke-var-en-heks\/#primaryimage\",\"url\":\"https:\/\/nordnesrepublikken.no\/wp-content\/uploads\/2026\/02\/1770123054_En-skjult-detalj-i-Anne-Boleyns-portrett-beviser-at-hun.jpg\",\"contentUrl\":\"https:\/\/nordnesrepublikken.no\/wp-content\/uploads\/2026\/02\/1770123054_En-skjult-detalj-i-Anne-Boleyns-portrett-beviser-at-hun.jpg\",\"width\":1376,\"height\":768,\"caption\":\"En skjult detalj i Anne Boleyns portrett beviser at hun ikke var en heks\"},{\"@type\":\"BreadcrumbList\",\"@id\":\"https:\/\/nordnesrepublikken.no\/index.php\/2026\/02\/03\/en-skjult-detalj-i-anne-boleyns-portrett-beviser-at-hun-ikke-var-en-heks\/#breadcrumb\",\"itemListElement\":[{\"@type\":\"ListItem\",\"position\":1,\"name\":\"Home\",\"item\":\"https:\/\/nordnesrepublikken.no\/\"},{\"@type\":\"ListItem\",\"position\":2,\"name\":\"En skjult detalj i Anne Boleyns portrett beviser at hun ikke var en heks\"}]},{\"@type\":\"WebSite\",\"@id\":\"https:\/\/nordnesrepublikken.no\/#website\",\"url\":\"https:\/\/nordnesrepublikken.no\/\",\"name\":\"Nordnesrepublikken\",\"description\":\"Stemmer og Visjoner fra Republikkens Hjerte\",\"publisher\":{\"@id\":\"https:\/\/nordnesrepublikken.no\/#organization\"},\"potentialAction\":[{\"@type\":\"SearchAction\",\"target\":{\"@type\":\"EntryPoint\",\"urlTemplate\":\"https:\/\/nordnesrepublikken.no\/?s={search_term_string}\"},\"query-input\":{\"@type\":\"PropertyValueSpecification\",\"valueRequired\":true,\"valueName\":\"search_term_string\"}}],\"inLanguage\":\"nb-NO\"},{\"@type\":\"Organization\",\"@id\":\"https:\/\/nordnesrepublikken.no\/#organization\",\"name\":\"Nordnesrepublikken\",\"url\":\"https:\/\/nordnesrepublikken.no\/\",\"logo\":{\"@type\":\"ImageObject\",\"inLanguage\":\"nb-NO\",\"@id\":\"https:\/\/nordnesrepublikken.no\/#\/schema\/logo\/image\/\",\"url\":\"https:\/\/nordnesrepublikken.no\/wp-content\/uploads\/2025\/02\/cropped-nordnesrepublikken-2.png\",\"contentUrl\":\"https:\/\/nordnesrepublikken.no\/wp-content\/uploads\/2025\/02\/cropped-nordnesrepublikken-2.png\",\"width\":1248,\"height\":362,\"caption\":\"Nordnesrepublikken\"},\"image\":{\"@id\":\"https:\/\/nordnesrepublikken.no\/#\/schema\/logo\/image\/\"}},{\"@type\":\"Person\",\"@id\":\"https:\/\/nordnesrepublikken.no\/#\/schema\/person\/2e7e81935bab77882fffb79296240ff1\",\"name\":\"Ole Andersen\",\"image\":{\"@type\":\"ImageObject\",\"inLanguage\":\"nb-NO\",\"@id\":\"https:\/\/nordnesrepublikken.no\/#\/schema\/person\/image\/\",\"url\":\"https:\/\/nordnesrepublikken.no\/wp-content\/uploads\/2025\/02\/nordnesrepublikken-2-2-150x150.jpg\",\"contentUrl\":\"https:\/\/nordnesrepublikken.no\/wp-content\/uploads\/2025\/02\/nordnesrepublikken-2-2-150x150.jpg\",\"caption\":\"Ole Andersen\"},\"description\":\"Ettersom jeg vokste opp i Oslo, har jeg alltid v\u00e6rt fascinert av ordenes kraft og deres evne til \u00e5 skape endringer. Etter \u00e5 ha fullf\u00f8rt min utdannelse i kommunikasjon ved Universitetet i Bergen, fikk jeg muligheten til \u00e5 jobbe innen ulike medier, der jeg har s\u00f8kt \u00e5 belyse viktige samfunnssp\u00f8rsm\u00e5l. I dag, som redakt\u00f8r for Nordnesrepublikken, pr\u00f8ver jeg \u00e5 forene min kj\u00e6rlighet for journalistikk med min lidenskap for innovasjon og eventyr.\",\"sameAs\":[\"https:\/\/nordnesrepublikken.no\/\"]}]}<\/script>\n<!-- \/ Yoast SEO plugin. -->","yoast_head_json":{"title":"En skjult detalj i Anne Boleyns portrett beviser at hun ikke var en heks - Nordnesrepublikken","robots":{"index":"index","follow":"follow","max-snippet":"max-snippet:-1","max-image-preview":"max-image-preview:large","max-video-preview":"max-video-preview:-1"},"canonical":"https:\/\/nordnesrepublikken.no\/index.php\/2026\/02\/03\/en-skjult-detalj-i-anne-boleyns-portrett-beviser-at-hun-ikke-var-en-heks\/","og_locale":"nb_NO","og_type":"article","og_title":"En skjult detalj i Anne Boleyns portrett beviser at hun ikke var en heks - Nordnesrepublikken","og_description":"En detalj som forble skjult under et kjent maleri i nesten fem hundre \u00e5r har","og_url":"https:\/\/nordnesrepublikken.no\/index.php\/2026\/02\/03\/en-skjult-detalj-i-anne-boleyns-portrett-beviser-at-hun-ikke-var-en-heks\/","og_site_name":"Nordnesrepublikken","article_published_time":"2026-02-03T12:50:53+00:00","article_modified_time":"2026-02-03T12:50:54+00:00","og_image":[{"width":1376,"height":768,"url":"https:\/\/nordnesrepublikken.no\/wp-content\/uploads\/2026\/02\/1770123054_En-skjult-detalj-i-Anne-Boleyns-portrett-beviser-at-hun.jpg","type":"image\/jpeg"}],"author":"Ole Andersen","twitter_card":"summary_large_image","twitter_misc":{"Skrevet av":"Ole Andersen","Ansl. lesetid":"2 minutter"},"schema":{"@context":"https:\/\/schema.org","@graph":[{"@type":"Article","@id":"https:\/\/nordnesrepublikken.no\/index.php\/2026\/02\/03\/en-skjult-detalj-i-anne-boleyns-portrett-beviser-at-hun-ikke-var-en-heks\/#article","isPartOf":{"@id":"https:\/\/nordnesrepublikken.no\/index.php\/2026\/02\/03\/en-skjult-detalj-i-anne-boleyns-portrett-beviser-at-hun-ikke-var-en-heks\/"},"author":{"name":"Ole Andersen","@id":"https:\/\/nordnesrepublikken.no\/#\/schema\/person\/2e7e81935bab77882fffb79296240ff1"},"headline":"En skjult detalj i Anne Boleyns portrett beviser at hun ikke var en heks","datePublished":"2026-02-03T12:50:53+00:00","dateModified":"2026-02-03T12:50:54+00:00","mainEntityOfPage":{"@id":"https:\/\/nordnesrepublikken.no\/index.php\/2026\/02\/03\/en-skjult-detalj-i-anne-boleyns-portrett-beviser-at-hun-ikke-var-en-heks\/"},"wordCount":454,"publisher":{"@id":"https:\/\/nordnesrepublikken.no\/#organization"},"image":{"@id":"https:\/\/nordnesrepublikken.no\/index.php\/2026\/02\/03\/en-skjult-detalj-i-anne-boleyns-portrett-beviser-at-hun-ikke-var-en-heks\/#primaryimage"},"thumbnailUrl":"https:\/\/nordnesrepublikken.no\/wp-content\/uploads\/2026\/02\/1770123054_En-skjult-detalj-i-Anne-Boleyns-portrett-beviser-at-hun.jpg","keywords":["Anne","beviser","Boleyns","detalj","heks","hun","ikke","portrett","skjult","var"],"articleSection":["Samfunn"],"inLanguage":"nb-NO"},{"@type":"WebPage","@id":"https:\/\/nordnesrepublikken.no\/index.php\/2026\/02\/03\/en-skjult-detalj-i-anne-boleyns-portrett-beviser-at-hun-ikke-var-en-heks\/","url":"https:\/\/nordnesrepublikken.no\/index.php\/2026\/02\/03\/en-skjult-detalj-i-anne-boleyns-portrett-beviser-at-hun-ikke-var-en-heks\/","name":"En skjult detalj i Anne Boleyns portrett beviser at hun ikke var en heks - Nordnesrepublikken","isPartOf":{"@id":"https:\/\/nordnesrepublikken.no\/#website"},"primaryImageOfPage":{"@id":"https:\/\/nordnesrepublikken.no\/index.php\/2026\/02\/03\/en-skjult-detalj-i-anne-boleyns-portrett-beviser-at-hun-ikke-var-en-heks\/#primaryimage"},"image":{"@id":"https:\/\/nordnesrepublikken.no\/index.php\/2026\/02\/03\/en-skjult-detalj-i-anne-boleyns-portrett-beviser-at-hun-ikke-var-en-heks\/#primaryimage"},"thumbnailUrl":"https:\/\/nordnesrepublikken.no\/wp-content\/uploads\/2026\/02\/1770123054_En-skjult-detalj-i-Anne-Boleyns-portrett-beviser-at-hun.jpg","datePublished":"2026-02-03T12:50:53+00:00","dateModified":"2026-02-03T12:50:54+00:00","breadcrumb":{"@id":"https:\/\/nordnesrepublikken.no\/index.php\/2026\/02\/03\/en-skjult-detalj-i-anne-boleyns-portrett-beviser-at-hun-ikke-var-en-heks\/#breadcrumb"},"inLanguage":"nb-NO","potentialAction":[{"@type":"ReadAction","target":["https:\/\/nordnesrepublikken.no\/index.php\/2026\/02\/03\/en-skjult-detalj-i-anne-boleyns-portrett-beviser-at-hun-ikke-var-en-heks\/"]}]},{"@type":"ImageObject","inLanguage":"nb-NO","@id":"https:\/\/nordnesrepublikken.no\/index.php\/2026\/02\/03\/en-skjult-detalj-i-anne-boleyns-portrett-beviser-at-hun-ikke-var-en-heks\/#primaryimage","url":"https:\/\/nordnesrepublikken.no\/wp-content\/uploads\/2026\/02\/1770123054_En-skjult-detalj-i-Anne-Boleyns-portrett-beviser-at-hun.jpg","contentUrl":"https:\/\/nordnesrepublikken.no\/wp-content\/uploads\/2026\/02\/1770123054_En-skjult-detalj-i-Anne-Boleyns-portrett-beviser-at-hun.jpg","width":1376,"height":768,"caption":"En skjult detalj i Anne Boleyns portrett beviser at hun ikke var en heks"},{"@type":"BreadcrumbList","@id":"https:\/\/nordnesrepublikken.no\/index.php\/2026\/02\/03\/en-skjult-detalj-i-anne-boleyns-portrett-beviser-at-hun-ikke-var-en-heks\/#breadcrumb","itemListElement":[{"@type":"ListItem","position":1,"name":"Home","item":"https:\/\/nordnesrepublikken.no\/"},{"@type":"ListItem","position":2,"name":"En skjult detalj i Anne Boleyns portrett beviser at hun ikke var en heks"}]},{"@type":"WebSite","@id":"https:\/\/nordnesrepublikken.no\/#website","url":"https:\/\/nordnesrepublikken.no\/","name":"Nordnesrepublikken","description":"Stemmer og Visjoner fra Republikkens Hjerte","publisher":{"@id":"https:\/\/nordnesrepublikken.no\/#organization"},"potentialAction":[{"@type":"SearchAction","target":{"@type":"EntryPoint","urlTemplate":"https:\/\/nordnesrepublikken.no\/?s={search_term_string}"},"query-input":{"@type":"PropertyValueSpecification","valueRequired":true,"valueName":"search_term_string"}}],"inLanguage":"nb-NO"},{"@type":"Organization","@id":"https:\/\/nordnesrepublikken.no\/#organization","name":"Nordnesrepublikken","url":"https:\/\/nordnesrepublikken.no\/","logo":{"@type":"ImageObject","inLanguage":"nb-NO","@id":"https:\/\/nordnesrepublikken.no\/#\/schema\/logo\/image\/","url":"https:\/\/nordnesrepublikken.no\/wp-content\/uploads\/2025\/02\/cropped-nordnesrepublikken-2.png","contentUrl":"https:\/\/nordnesrepublikken.no\/wp-content\/uploads\/2025\/02\/cropped-nordnesrepublikken-2.png","width":1248,"height":362,"caption":"Nordnesrepublikken"},"image":{"@id":"https:\/\/nordnesrepublikken.no\/#\/schema\/logo\/image\/"}},{"@type":"Person","@id":"https:\/\/nordnesrepublikken.no\/#\/schema\/person\/2e7e81935bab77882fffb79296240ff1","name":"Ole Andersen","image":{"@type":"ImageObject","inLanguage":"nb-NO","@id":"https:\/\/nordnesrepublikken.no\/#\/schema\/person\/image\/","url":"https:\/\/nordnesrepublikken.no\/wp-content\/uploads\/2025\/02\/nordnesrepublikken-2-2-150x150.jpg","contentUrl":"https:\/\/nordnesrepublikken.no\/wp-content\/uploads\/2025\/02\/nordnesrepublikken-2-2-150x150.jpg","caption":"Ole Andersen"},"description":"Ettersom jeg vokste opp i Oslo, har jeg alltid v\u00e6rt fascinert av ordenes kraft og deres evne til \u00e5 skape endringer. Etter \u00e5 ha fullf\u00f8rt min utdannelse i kommunikasjon ved Universitetet i Bergen, fikk jeg muligheten til \u00e5 jobbe innen ulike medier, der jeg har s\u00f8kt \u00e5 belyse viktige samfunnssp\u00f8rsm\u00e5l. I dag, som redakt\u00f8r for Nordnesrepublikken, pr\u00f8ver jeg \u00e5 forene min kj\u00e6rlighet for journalistikk med min lidenskap for innovasjon og eventyr.","sameAs":["https:\/\/nordnesrepublikken.no\/"]}]}},"_links":{"self":[{"href":"https:\/\/nordnesrepublikken.no\/index.php\/wp-json\/wp\/v2\/posts\/14507","targetHints":{"allow":["GET"]}}],"collection":[{"href":"https:\/\/nordnesrepublikken.no\/index.php\/wp-json\/wp\/v2\/posts"}],"about":[{"href":"https:\/\/nordnesrepublikken.no\/index.php\/wp-json\/wp\/v2\/types\/post"}],"author":[{"embeddable":true,"href":"https:\/\/nordnesrepublikken.no\/index.php\/wp-json\/wp\/v2\/users\/1"}],"replies":[{"embeddable":true,"href":"https:\/\/nordnesrepublikken.no\/index.php\/wp-json\/wp\/v2\/comments?post=14507"}],"version-history":[{"count":1,"href":"https:\/\/nordnesrepublikken.no\/index.php\/wp-json\/wp\/v2\/posts\/14507\/revisions"}],"predecessor-version":[{"id":14509,"href":"https:\/\/nordnesrepublikken.no\/index.php\/wp-json\/wp\/v2\/posts\/14507\/revisions\/14509"}],"wp:featuredmedia":[{"embeddable":true,"href":"https:\/\/nordnesrepublikken.no\/index.php\/wp-json\/wp\/v2\/media\/14508"}],"wp:attachment":[{"href":"https:\/\/nordnesrepublikken.no\/index.php\/wp-json\/wp\/v2\/media?parent=14507"}],"wp:term":[{"taxonomy":"category","embeddable":true,"href":"https:\/\/nordnesrepublikken.no\/index.php\/wp-json\/wp\/v2\/categories?post=14507"},{"taxonomy":"post_tag","embeddable":true,"href":"https:\/\/nordnesrepublikken.no\/index.php\/wp-json\/wp\/v2\/tags?post=14507"}],"curies":[{"name":"wp","href":"https:\/\/api.w.org\/{rel}","templated":true}]}}