{"id":14462,"date":"2026-02-02T02:51:52","date_gmt":"2026-02-02T01:51:52","guid":{"rendered":"https:\/\/nordnesrepublikken.no\/index.php\/2026\/02\/02\/hvordan-vi-kom-til-dette-malet\/"},"modified":"2026-02-02T02:51:53","modified_gmt":"2026-02-02T01:51:53","slug":"hvordan-vi-kom-til-dette-malet","status":"publish","type":"post","link":"https:\/\/nordnesrepublikken.no\/index.php\/2026\/02\/02\/hvordan-vi-kom-til-dette-malet\/","title":{"rendered":"hvordan vi kom til dette m\u00e5let"},"content":{"rendered":"<div>\n<div class=\"cp_wrapper cp_wrapper--fw mb-30 mb-20@tablet\">\n<figure class=\"mm\"><picture class=\"img\" style=\"padding-top:56.25%\"><source  media=\"(min-width: 1024px)\"><source  media=\"(min-width: 768px)\"><\/source><\/source><\/picture><\/figure>\n<\/p><\/div>\n<p><strong>1. februar 1945 fikk italienske kvinner stemmerett: <\/strong>etter \u00e5r med kamp ble allmenn stemmerett utvidet til hele den kvinnelige befolkningen &#8211; minst 21 \u00e5r gammel &#8211; takket v\u00e6re <strong>L\u00f8ytnant lovdekret n. 23<\/strong>. 81 \u00e5r skiller oss fra det \u00f8yeblikket, en veldig kort periode hvis vi stopper opp og tenker et \u00f8yeblikk: ungdommene som i dag g\u00e5r til valgurnene for \u00e5 fritt uttrykke sin stemme, representerer bare <b>fjerde generasjon<\/b> <strong>italienske kvinner til \u00e5 nyte denne retten. <\/strong>For \u00e5 gi deg en id\u00e9, fikk italienske menn stemmerett i 1912, 33 \u00e5r tidligere.<\/p>\n<p>Flommen <strong>likestilling<\/strong> fra synspunktet til <strong>politiske rettigheter<\/strong> Det ble imidlertid oppn\u00e5dd f\u00f8rst \u00e5ret etter: Allmenn stemmerett for kvinner ble godkjent i 1945, men kvinner m\u00e5tte vente til 1946 for \u00e5 kunne ut\u00f8ve stemmerett. Samtidig er <strong>passiv stemmerett<\/strong> (dvs <strong>mulighet for \u00e5 stille til valg<\/strong> og for \u00e5 bli stemt) ble bare utvidet til den kvinnelige befolkningen 10. mars 1946.<\/p>\n<h2>Hvordan allmenn stemmerett for kvinner ble oppn\u00e5dd i Italia<\/h2>\n<p>Men hvordan n\u00e5dde vi dette viktige m\u00e5let? Som vi vet, senere <strong>v\u00e5penhvilen 8. september 1943,<\/strong> Italia ble delt inn i to distinkte politiske enheter: i nord <strong>italiensk sosial republikk<\/strong>st\u00f8ttet av fascister og tyskere, og i s\u00f8r den<strong> S\u00f8rriket<\/strong>med monarkisk regjering og milit\u00e6r st\u00f8tte fra anglo-amerikanerne.<\/p>\n<p>Datoen som markerer et vannskille i Italias historie, er imidlertid<strong> 1. februar 1945<\/strong>: mens landet fortsatt var delt i to, utstedte regjeringen i det s\u00f8rlige riket ledet av Bonomi l\u00f8ytnantens lovdekret nr. 23, som <strong>utvidet stemmerett til alle kvinner som var minst 21 \u00e5r <\/strong>(som den gang indikerte aldersgrensen).<\/p>\n<div class=\"cp_wrapper cp_wrapper--fw mb-50\">\n<figure class=\"mm\"><picture class=\"img\" style=\"padding-top:76.207513416816%\"><source  media=\"(min-width: 1024px)\"><source  media=\"(min-width: 768px)\"><img decoding=\"async\" loading=\"lazy\" src=\"https:\/\/nordnesrepublikken.no\/wp-content\/uploads\/2026\/02\/1769997112_929_hvordan-vi-kom-til-dette-malet.jpg\" alt=\"dekret-stemme-kvinner\" width=\"559\" height=\"426\"\/><\/source><\/source><\/picture><\/figure>\n<\/p><\/div>\n<p>Det avgj\u00f8rende dyttet kom fra bevisstheten om at etter <strong>en avgj\u00f8rende rolle spilt av kvinner under motstandsbevegelsen<\/strong>var det ikke lenger mulig \u00e5 ekskludere den kvinnelige befolkningen fra det politiske liv. If\u00f8lge historisk rekonstruksjon, det formelle forslaget om \u00e5 utvide <strong>allmenn stemmerett<\/strong> den ble fremmet 30. januar 1945 under et m\u00f8te i Ministerr\u00e5det. Initiativet ble fremmet av to n\u00f8kkelpersoner i italiensk historie: <strong>Palmiro Togliatti<\/strong>medlem av kommunistpartiet, f.eks <strong>Alcide De Gasperi<\/strong>medlem av Kristelig Folkeparti.<\/p>\n<p>Med ikrafttredelsen av dekretet 21. februar 1945 ble et lite antall kvinner (14 av totalt 430 medlemmer) en del av <strong>Nasjonalt r\u00e5d,<\/strong> en forsamling opprettet for \u00e5 st\u00f8tte regjeringen i den postfascistiske overgangsperioden, det f\u00f8rste statlige organet der ogs\u00e5 kvinnelige representanter satt.<\/p>\n<h2>Gapet p\u00e5 retten til passiv stemme og sp\u00f8rsm\u00e5let om valgbarhet<\/h2>\n<p>Bonomi-dekretet av 1. februar 1945 hadde imidlertid en <strong>ikke ubetydelig gap:<\/strong> bestemmelsen sanksjonerte faktisk<strong>aktive velgere, <\/strong>dvs. stemmeretten, men den regulerte ikke p\u00e5 noen m\u00e5te <strong>passiv stemmerett<\/strong>eller rett til \u00e5 stille som kandidat og bli stemt frem. Selv i dag er det ikke klart om det var en spesifikk politisk vilje \u00e5 bremse fremveksten av kvinner i institusjoner, selv om de fleste historiske rekonstruksjoner er enige om at det var en &laquo;<strong>glemsel<\/strong>\u201d, sannsynligvis p\u00e5 grunn av hastverket med \u00e5 utstede dekretet i en krisesituasjon.<\/p>\n<p>For \u00e5 f\u00e5 full valgbarhet m\u00e5tte kvinner <strong>vent til 10. mars 1946,<\/strong> da valgloven for den grunnlovgivende forsamling (lovvedtak nr. 74 av 10. mars 1946) erkl\u00e6rte \u00abitalienske statsborgere som p\u00e5 valgdagen har fylt 25 \u00e5r\u00bb er valgbare. De <strong>2. juni 1946<\/strong>i tillegg til \u00e5 stemme for folkeavstemningen mellom monarki og republikk, ble italienske menn og kvinner ogs\u00e5 kalt til \u00e5 stemme p\u00e5 medlemmene av<strong>Grunnlovgivende forsamling<\/strong>: 21 kvinner satt ogs\u00e5 p\u00e5 benkene til organet som var ansvarlig for \u00e5 utarbeide den nye grunnloven for den italienske republikken.<\/p>\n<\/p><\/div>\n","protected":false},"excerpt":{"rendered":"<p>1. februar 1945 fikk italienske kvinner stemmerett: etter \u00e5r med kamp ble allmenn stemmerett utvidet<\/p>\n","protected":false},"author":1,"featured_media":14463,"comment_status":"closed","ping_status":"open","sticky":false,"template":"","format":"standard","meta":{"footnotes":""},"categories":[104],"tags":[185,112,3912,9423,117],"class_list":["post-14462","post","type-post","status-publish","format-standard","has-post-thumbnail","hentry","category-samfunn","tag-dette","tag-hvordan","tag-kom","tag-malet","tag-til","generate-columns","tablet-grid-50","mobile-grid-100","grid-parent","grid-33","resize-featured-image"],"yoast_head":"<!-- This site is optimized with the Yoast SEO plugin v24.4 - https:\/\/yoast.com\/wordpress\/plugins\/seo\/ -->\n<title>hvordan vi kom til dette m\u00e5let - Nordnesrepublikken<\/title>\n<meta name=\"robots\" content=\"index, follow, max-snippet:-1, max-image-preview:large, max-video-preview:-1\" \/>\n<link rel=\"canonical\" href=\"https:\/\/nordnesrepublikken.no\/index.php\/2026\/02\/02\/hvordan-vi-kom-til-dette-malet\/\" \/>\n<meta property=\"og:locale\" content=\"nb_NO\" \/>\n<meta property=\"og:type\" content=\"article\" \/>\n<meta property=\"og:title\" content=\"hvordan vi kom til dette m\u00e5let - Nordnesrepublikken\" \/>\n<meta property=\"og:description\" content=\"1. februar 1945 fikk italienske kvinner stemmerett: etter \u00e5r med kamp ble allmenn stemmerett utvidet\" \/>\n<meta property=\"og:url\" content=\"https:\/\/nordnesrepublikken.no\/index.php\/2026\/02\/02\/hvordan-vi-kom-til-dette-malet\/\" \/>\n<meta property=\"og:site_name\" content=\"Nordnesrepublikken\" \/>\n<meta property=\"article:published_time\" content=\"2026-02-02T01:51:52+00:00\" \/>\n<meta property=\"article:modified_time\" content=\"2026-02-02T01:51:53+00:00\" \/>\n<meta property=\"og:image\" content=\"https:\/\/nordnesrepublikken.no\/wp-content\/uploads\/2026\/02\/1769997112_hvordan-vi-kom-til-dette-malet.jpg\" \/>\n\t<meta property=\"og:image:width\" content=\"795\" \/>\n\t<meta property=\"og:image:height\" content=\"512\" \/>\n\t<meta property=\"og:image:type\" content=\"image\/jpeg\" \/>\n<meta name=\"author\" content=\"Ole Andersen\" \/>\n<meta name=\"twitter:card\" content=\"summary_large_image\" \/>\n<meta name=\"twitter:label1\" content=\"Skrevet av\" \/>\n\t<meta name=\"twitter:data1\" content=\"Ole Andersen\" \/>\n\t<meta name=\"twitter:label2\" content=\"Ansl. lesetid\" \/>\n\t<meta name=\"twitter:data2\" content=\"3 minutter\" \/>\n<script type=\"application\/ld+json\" class=\"yoast-schema-graph\">{\"@context\":\"https:\/\/schema.org\",\"@graph\":[{\"@type\":\"Article\",\"@id\":\"https:\/\/nordnesrepublikken.no\/index.php\/2026\/02\/02\/hvordan-vi-kom-til-dette-malet\/#article\",\"isPartOf\":{\"@id\":\"https:\/\/nordnesrepublikken.no\/index.php\/2026\/02\/02\/hvordan-vi-kom-til-dette-malet\/\"},\"author\":{\"name\":\"Ole Andersen\",\"@id\":\"https:\/\/nordnesrepublikken.no\/#\/schema\/person\/2e7e81935bab77882fffb79296240ff1\"},\"headline\":\"hvordan vi kom til dette m\u00e5let\",\"datePublished\":\"2026-02-02T01:51:52+00:00\",\"dateModified\":\"2026-02-02T01:51:53+00:00\",\"mainEntityOfPage\":{\"@id\":\"https:\/\/nordnesrepublikken.no\/index.php\/2026\/02\/02\/hvordan-vi-kom-til-dette-malet\/\"},\"wordCount\":536,\"publisher\":{\"@id\":\"https:\/\/nordnesrepublikken.no\/#organization\"},\"image\":{\"@id\":\"https:\/\/nordnesrepublikken.no\/index.php\/2026\/02\/02\/hvordan-vi-kom-til-dette-malet\/#primaryimage\"},\"thumbnailUrl\":\"https:\/\/nordnesrepublikken.no\/wp-content\/uploads\/2026\/02\/1769997112_hvordan-vi-kom-til-dette-malet.jpg\",\"keywords\":[\"dette\",\"Hvordan\",\"kom\",\"m\u00e5let\",\"til\"],\"articleSection\":[\"Samfunn\"],\"inLanguage\":\"nb-NO\"},{\"@type\":\"WebPage\",\"@id\":\"https:\/\/nordnesrepublikken.no\/index.php\/2026\/02\/02\/hvordan-vi-kom-til-dette-malet\/\",\"url\":\"https:\/\/nordnesrepublikken.no\/index.php\/2026\/02\/02\/hvordan-vi-kom-til-dette-malet\/\",\"name\":\"hvordan vi kom til dette m\u00e5let - Nordnesrepublikken\",\"isPartOf\":{\"@id\":\"https:\/\/nordnesrepublikken.no\/#website\"},\"primaryImageOfPage\":{\"@id\":\"https:\/\/nordnesrepublikken.no\/index.php\/2026\/02\/02\/hvordan-vi-kom-til-dette-malet\/#primaryimage\"},\"image\":{\"@id\":\"https:\/\/nordnesrepublikken.no\/index.php\/2026\/02\/02\/hvordan-vi-kom-til-dette-malet\/#primaryimage\"},\"thumbnailUrl\":\"https:\/\/nordnesrepublikken.no\/wp-content\/uploads\/2026\/02\/1769997112_hvordan-vi-kom-til-dette-malet.jpg\",\"datePublished\":\"2026-02-02T01:51:52+00:00\",\"dateModified\":\"2026-02-02T01:51:53+00:00\",\"breadcrumb\":{\"@id\":\"https:\/\/nordnesrepublikken.no\/index.php\/2026\/02\/02\/hvordan-vi-kom-til-dette-malet\/#breadcrumb\"},\"inLanguage\":\"nb-NO\",\"potentialAction\":[{\"@type\":\"ReadAction\",\"target\":[\"https:\/\/nordnesrepublikken.no\/index.php\/2026\/02\/02\/hvordan-vi-kom-til-dette-malet\/\"]}]},{\"@type\":\"ImageObject\",\"inLanguage\":\"nb-NO\",\"@id\":\"https:\/\/nordnesrepublikken.no\/index.php\/2026\/02\/02\/hvordan-vi-kom-til-dette-malet\/#primaryimage\",\"url\":\"https:\/\/nordnesrepublikken.no\/wp-content\/uploads\/2026\/02\/1769997112_hvordan-vi-kom-til-dette-malet.jpg\",\"contentUrl\":\"https:\/\/nordnesrepublikken.no\/wp-content\/uploads\/2026\/02\/1769997112_hvordan-vi-kom-til-dette-malet.jpg\",\"width\":795,\"height\":512,\"caption\":\"hvordan vi kom til dette m\u00e5let\"},{\"@type\":\"BreadcrumbList\",\"@id\":\"https:\/\/nordnesrepublikken.no\/index.php\/2026\/02\/02\/hvordan-vi-kom-til-dette-malet\/#breadcrumb\",\"itemListElement\":[{\"@type\":\"ListItem\",\"position\":1,\"name\":\"Home\",\"item\":\"https:\/\/nordnesrepublikken.no\/\"},{\"@type\":\"ListItem\",\"position\":2,\"name\":\"hvordan vi kom til dette m\u00e5let\"}]},{\"@type\":\"WebSite\",\"@id\":\"https:\/\/nordnesrepublikken.no\/#website\",\"url\":\"https:\/\/nordnesrepublikken.no\/\",\"name\":\"Nordnesrepublikken\",\"description\":\"Stemmer og Visjoner fra Republikkens Hjerte\",\"publisher\":{\"@id\":\"https:\/\/nordnesrepublikken.no\/#organization\"},\"potentialAction\":[{\"@type\":\"SearchAction\",\"target\":{\"@type\":\"EntryPoint\",\"urlTemplate\":\"https:\/\/nordnesrepublikken.no\/?s={search_term_string}\"},\"query-input\":{\"@type\":\"PropertyValueSpecification\",\"valueRequired\":true,\"valueName\":\"search_term_string\"}}],\"inLanguage\":\"nb-NO\"},{\"@type\":\"Organization\",\"@id\":\"https:\/\/nordnesrepublikken.no\/#organization\",\"name\":\"Nordnesrepublikken\",\"url\":\"https:\/\/nordnesrepublikken.no\/\",\"logo\":{\"@type\":\"ImageObject\",\"inLanguage\":\"nb-NO\",\"@id\":\"https:\/\/nordnesrepublikken.no\/#\/schema\/logo\/image\/\",\"url\":\"https:\/\/nordnesrepublikken.no\/wp-content\/uploads\/2025\/02\/cropped-nordnesrepublikken-2.png\",\"contentUrl\":\"https:\/\/nordnesrepublikken.no\/wp-content\/uploads\/2025\/02\/cropped-nordnesrepublikken-2.png\",\"width\":1248,\"height\":362,\"caption\":\"Nordnesrepublikken\"},\"image\":{\"@id\":\"https:\/\/nordnesrepublikken.no\/#\/schema\/logo\/image\/\"}},{\"@type\":\"Person\",\"@id\":\"https:\/\/nordnesrepublikken.no\/#\/schema\/person\/2e7e81935bab77882fffb79296240ff1\",\"name\":\"Ole Andersen\",\"image\":{\"@type\":\"ImageObject\",\"inLanguage\":\"nb-NO\",\"@id\":\"https:\/\/nordnesrepublikken.no\/#\/schema\/person\/image\/\",\"url\":\"https:\/\/nordnesrepublikken.no\/wp-content\/uploads\/2025\/02\/nordnesrepublikken-2-2-150x150.jpg\",\"contentUrl\":\"https:\/\/nordnesrepublikken.no\/wp-content\/uploads\/2025\/02\/nordnesrepublikken-2-2-150x150.jpg\",\"caption\":\"Ole Andersen\"},\"description\":\"Ettersom jeg vokste opp i Oslo, har jeg alltid v\u00e6rt fascinert av ordenes kraft og deres evne til \u00e5 skape endringer. Etter \u00e5 ha fullf\u00f8rt min utdannelse i kommunikasjon ved Universitetet i Bergen, fikk jeg muligheten til \u00e5 jobbe innen ulike medier, der jeg har s\u00f8kt \u00e5 belyse viktige samfunnssp\u00f8rsm\u00e5l. I dag, som redakt\u00f8r for Nordnesrepublikken, pr\u00f8ver jeg \u00e5 forene min kj\u00e6rlighet for journalistikk med min lidenskap for innovasjon og eventyr.\",\"sameAs\":[\"https:\/\/nordnesrepublikken.no\/\"]}]}<\/script>\n<!-- \/ Yoast SEO plugin. -->","yoast_head_json":{"title":"hvordan vi kom til dette m\u00e5let - Nordnesrepublikken","robots":{"index":"index","follow":"follow","max-snippet":"max-snippet:-1","max-image-preview":"max-image-preview:large","max-video-preview":"max-video-preview:-1"},"canonical":"https:\/\/nordnesrepublikken.no\/index.php\/2026\/02\/02\/hvordan-vi-kom-til-dette-malet\/","og_locale":"nb_NO","og_type":"article","og_title":"hvordan vi kom til dette m\u00e5let - Nordnesrepublikken","og_description":"1. februar 1945 fikk italienske kvinner stemmerett: etter \u00e5r med kamp ble allmenn stemmerett utvidet","og_url":"https:\/\/nordnesrepublikken.no\/index.php\/2026\/02\/02\/hvordan-vi-kom-til-dette-malet\/","og_site_name":"Nordnesrepublikken","article_published_time":"2026-02-02T01:51:52+00:00","article_modified_time":"2026-02-02T01:51:53+00:00","og_image":[{"width":795,"height":512,"url":"https:\/\/nordnesrepublikken.no\/wp-content\/uploads\/2026\/02\/1769997112_hvordan-vi-kom-til-dette-malet.jpg","type":"image\/jpeg"}],"author":"Ole Andersen","twitter_card":"summary_large_image","twitter_misc":{"Skrevet av":"Ole Andersen","Ansl. lesetid":"3 minutter"},"schema":{"@context":"https:\/\/schema.org","@graph":[{"@type":"Article","@id":"https:\/\/nordnesrepublikken.no\/index.php\/2026\/02\/02\/hvordan-vi-kom-til-dette-malet\/#article","isPartOf":{"@id":"https:\/\/nordnesrepublikken.no\/index.php\/2026\/02\/02\/hvordan-vi-kom-til-dette-malet\/"},"author":{"name":"Ole Andersen","@id":"https:\/\/nordnesrepublikken.no\/#\/schema\/person\/2e7e81935bab77882fffb79296240ff1"},"headline":"hvordan vi kom til dette m\u00e5let","datePublished":"2026-02-02T01:51:52+00:00","dateModified":"2026-02-02T01:51:53+00:00","mainEntityOfPage":{"@id":"https:\/\/nordnesrepublikken.no\/index.php\/2026\/02\/02\/hvordan-vi-kom-til-dette-malet\/"},"wordCount":536,"publisher":{"@id":"https:\/\/nordnesrepublikken.no\/#organization"},"image":{"@id":"https:\/\/nordnesrepublikken.no\/index.php\/2026\/02\/02\/hvordan-vi-kom-til-dette-malet\/#primaryimage"},"thumbnailUrl":"https:\/\/nordnesrepublikken.no\/wp-content\/uploads\/2026\/02\/1769997112_hvordan-vi-kom-til-dette-malet.jpg","keywords":["dette","Hvordan","kom","m\u00e5let","til"],"articleSection":["Samfunn"],"inLanguage":"nb-NO"},{"@type":"WebPage","@id":"https:\/\/nordnesrepublikken.no\/index.php\/2026\/02\/02\/hvordan-vi-kom-til-dette-malet\/","url":"https:\/\/nordnesrepublikken.no\/index.php\/2026\/02\/02\/hvordan-vi-kom-til-dette-malet\/","name":"hvordan vi kom til dette m\u00e5let - Nordnesrepublikken","isPartOf":{"@id":"https:\/\/nordnesrepublikken.no\/#website"},"primaryImageOfPage":{"@id":"https:\/\/nordnesrepublikken.no\/index.php\/2026\/02\/02\/hvordan-vi-kom-til-dette-malet\/#primaryimage"},"image":{"@id":"https:\/\/nordnesrepublikken.no\/index.php\/2026\/02\/02\/hvordan-vi-kom-til-dette-malet\/#primaryimage"},"thumbnailUrl":"https:\/\/nordnesrepublikken.no\/wp-content\/uploads\/2026\/02\/1769997112_hvordan-vi-kom-til-dette-malet.jpg","datePublished":"2026-02-02T01:51:52+00:00","dateModified":"2026-02-02T01:51:53+00:00","breadcrumb":{"@id":"https:\/\/nordnesrepublikken.no\/index.php\/2026\/02\/02\/hvordan-vi-kom-til-dette-malet\/#breadcrumb"},"inLanguage":"nb-NO","potentialAction":[{"@type":"ReadAction","target":["https:\/\/nordnesrepublikken.no\/index.php\/2026\/02\/02\/hvordan-vi-kom-til-dette-malet\/"]}]},{"@type":"ImageObject","inLanguage":"nb-NO","@id":"https:\/\/nordnesrepublikken.no\/index.php\/2026\/02\/02\/hvordan-vi-kom-til-dette-malet\/#primaryimage","url":"https:\/\/nordnesrepublikken.no\/wp-content\/uploads\/2026\/02\/1769997112_hvordan-vi-kom-til-dette-malet.jpg","contentUrl":"https:\/\/nordnesrepublikken.no\/wp-content\/uploads\/2026\/02\/1769997112_hvordan-vi-kom-til-dette-malet.jpg","width":795,"height":512,"caption":"hvordan vi kom til dette m\u00e5let"},{"@type":"BreadcrumbList","@id":"https:\/\/nordnesrepublikken.no\/index.php\/2026\/02\/02\/hvordan-vi-kom-til-dette-malet\/#breadcrumb","itemListElement":[{"@type":"ListItem","position":1,"name":"Home","item":"https:\/\/nordnesrepublikken.no\/"},{"@type":"ListItem","position":2,"name":"hvordan vi kom til dette m\u00e5let"}]},{"@type":"WebSite","@id":"https:\/\/nordnesrepublikken.no\/#website","url":"https:\/\/nordnesrepublikken.no\/","name":"Nordnesrepublikken","description":"Stemmer og Visjoner fra Republikkens Hjerte","publisher":{"@id":"https:\/\/nordnesrepublikken.no\/#organization"},"potentialAction":[{"@type":"SearchAction","target":{"@type":"EntryPoint","urlTemplate":"https:\/\/nordnesrepublikken.no\/?s={search_term_string}"},"query-input":{"@type":"PropertyValueSpecification","valueRequired":true,"valueName":"search_term_string"}}],"inLanguage":"nb-NO"},{"@type":"Organization","@id":"https:\/\/nordnesrepublikken.no\/#organization","name":"Nordnesrepublikken","url":"https:\/\/nordnesrepublikken.no\/","logo":{"@type":"ImageObject","inLanguage":"nb-NO","@id":"https:\/\/nordnesrepublikken.no\/#\/schema\/logo\/image\/","url":"https:\/\/nordnesrepublikken.no\/wp-content\/uploads\/2025\/02\/cropped-nordnesrepublikken-2.png","contentUrl":"https:\/\/nordnesrepublikken.no\/wp-content\/uploads\/2025\/02\/cropped-nordnesrepublikken-2.png","width":1248,"height":362,"caption":"Nordnesrepublikken"},"image":{"@id":"https:\/\/nordnesrepublikken.no\/#\/schema\/logo\/image\/"}},{"@type":"Person","@id":"https:\/\/nordnesrepublikken.no\/#\/schema\/person\/2e7e81935bab77882fffb79296240ff1","name":"Ole Andersen","image":{"@type":"ImageObject","inLanguage":"nb-NO","@id":"https:\/\/nordnesrepublikken.no\/#\/schema\/person\/image\/","url":"https:\/\/nordnesrepublikken.no\/wp-content\/uploads\/2025\/02\/nordnesrepublikken-2-2-150x150.jpg","contentUrl":"https:\/\/nordnesrepublikken.no\/wp-content\/uploads\/2025\/02\/nordnesrepublikken-2-2-150x150.jpg","caption":"Ole Andersen"},"description":"Ettersom jeg vokste opp i Oslo, har jeg alltid v\u00e6rt fascinert av ordenes kraft og deres evne til \u00e5 skape endringer. Etter \u00e5 ha fullf\u00f8rt min utdannelse i kommunikasjon ved Universitetet i Bergen, fikk jeg muligheten til \u00e5 jobbe innen ulike medier, der jeg har s\u00f8kt \u00e5 belyse viktige samfunnssp\u00f8rsm\u00e5l. I dag, som redakt\u00f8r for Nordnesrepublikken, pr\u00f8ver jeg \u00e5 forene min kj\u00e6rlighet for journalistikk med min lidenskap for innovasjon og eventyr.","sameAs":["https:\/\/nordnesrepublikken.no\/"]}]}},"_links":{"self":[{"href":"https:\/\/nordnesrepublikken.no\/index.php\/wp-json\/wp\/v2\/posts\/14462","targetHints":{"allow":["GET"]}}],"collection":[{"href":"https:\/\/nordnesrepublikken.no\/index.php\/wp-json\/wp\/v2\/posts"}],"about":[{"href":"https:\/\/nordnesrepublikken.no\/index.php\/wp-json\/wp\/v2\/types\/post"}],"author":[{"embeddable":true,"href":"https:\/\/nordnesrepublikken.no\/index.php\/wp-json\/wp\/v2\/users\/1"}],"replies":[{"embeddable":true,"href":"https:\/\/nordnesrepublikken.no\/index.php\/wp-json\/wp\/v2\/comments?post=14462"}],"version-history":[{"count":1,"href":"https:\/\/nordnesrepublikken.no\/index.php\/wp-json\/wp\/v2\/posts\/14462\/revisions"}],"predecessor-version":[{"id":14464,"href":"https:\/\/nordnesrepublikken.no\/index.php\/wp-json\/wp\/v2\/posts\/14462\/revisions\/14464"}],"wp:featuredmedia":[{"embeddable":true,"href":"https:\/\/nordnesrepublikken.no\/index.php\/wp-json\/wp\/v2\/media\/14463"}],"wp:attachment":[{"href":"https:\/\/nordnesrepublikken.no\/index.php\/wp-json\/wp\/v2\/media?parent=14462"}],"wp:term":[{"taxonomy":"category","embeddable":true,"href":"https:\/\/nordnesrepublikken.no\/index.php\/wp-json\/wp\/v2\/categories?post=14462"},{"taxonomy":"post_tag","embeddable":true,"href":"https:\/\/nordnesrepublikken.no\/index.php\/wp-json\/wp\/v2\/tags?post=14462"}],"curies":[{"name":"wp","href":"https:\/\/api.w.org\/{rel}","templated":true}]}}