{"id":14426,"date":"2026-01-31T22:50:58","date_gmt":"2026-01-31T21:50:58","guid":{"rendered":"https:\/\/nordnesrepublikken.no\/index.php\/2026\/01\/31\/opprinnelse-og-ordtak-til-feiringen-av-2-februar\/"},"modified":"2026-01-31T22:51:08","modified_gmt":"2026-01-31T21:51:08","slug":"opprinnelse-og-ordtak-til-feiringen-av-2-februar","status":"publish","type":"post","link":"https:\/\/nordnesrepublikken.no\/index.php\/2026\/01\/31\/opprinnelse-og-ordtak-til-feiringen-av-2-februar\/","title":{"rendered":"opprinnelse og ordtak til feiringen av 2. februar"},"content":{"rendered":"<div>\n<div class=\"cp_wrapper cp_wrapper--fw mb-30 mb-20@tablet\">\n<figure class=\"mm\"><picture class=\"img\" style=\"padding-top:56.25%\"><source  media=\"(min-width: 1024px)\"><source  media=\"(min-width: 768px)\"><\/source><\/source><\/picture><\/figure>\n<\/p><\/div>\n<p>Der <strong>Kyndelmisse<\/strong> feirer, gjennom velsignelse av stearinlys i kirker, den <strong>presentasjon av Jesus i templet<\/strong>som fant sted, if\u00f8lge tradisjonen, 40 dager etter f\u00f8dselen. Det er derfor det feires 40 dager etter jul, alts\u00e5 <strong>2. februar<\/strong>. \u00c5 tenne lys, i denne tradisjonen, er en metafor for \u00e5penbaringen av Jesus. Anledningen feirer ogs\u00e5 en annen begivenhet, den <strong>renselse av Maria<\/strong>men siden \u00e5rene av Det andre Vatikankonsilet r\u00e5der betydningen av minnesmerke <strong>presentasjon av Jesus<\/strong>. Under Kyndelmisse <strong>velsignelse av stearinlys<\/strong>hvorfra navnet som vi kjenner h\u00f8ytiden stammer fra. Videre er skikker og ordtak knyttet til jubileet i alle kristne land.<\/p>\n<h2>Hva er Kyndelmisse: historie og mening<\/h2>\n<p>Kyndelmisse er navnet som feiringen av presentasjonen av Jesus i templet i Jerusalem er kjent under. Jesus var j\u00f8de og if\u00f8lge <strong>Moseloven<\/strong>de f\u00f8rstef\u00f8dte barna m\u00e5tte bringes til templet og &laquo;ofres til Gud&raquo;, i henhold til et presist ritual, <strong>f\u00f8rti dager etter f\u00f8dselen<\/strong>. Derfor, da datoen 25. desember ble fastsatt for Jesu f\u00f8dsel, ble det tatt for gitt at presentasjonen i templet fant sted 2. februar, det vil si f\u00f8rti dager senere.<\/p>\n<div class=\"cp_wrapper cp_wrapper--fw mb-50\">\n<figure class=\"mm\"><picture class=\"img\" style=\"padding-top:101%\"><source  media=\"(min-width: 1024px)\"><source  media=\"(min-width: 768px)\"><img decoding=\"async\" loading=\"lazy\" src=\"https:\/\/nordnesrepublikken.no\/wp-content\/uploads\/2026\/01\/1769896257_822_opprinnelse-og-ordtak-til-feiringen-av-2-februar.jpg\" alt=\"Presentasjonen i tempelet malt av Giotto\" width=\"800\" height=\"808\"\/><\/source><\/source><\/picture><\/figure>\n<\/p><\/div>\n<p>Feiringen av Kyndelmisse minnes imidlertid ogs\u00e5 en annen begivenhet som fant sted samme dag, renselsen av Maria. I f\u00f8lge j\u00f8disk tradisjon var en kvinne etter f\u00f8dselen <strong>uren i f\u00f8rti dager <\/strong>(sekstiseks hvis hun f\u00f8dte en datter). 2. februar er derfor ogs\u00e5 dagen da Maria kom tilbake til \u00e5 v\u00e6re \u00abren\u00bb.<\/p>\n<p>Navnet Candelora stammer imidlertid fra skikken med \u00e5 velsigne stearinlys, som regnes som et symbol p\u00e5 Jesus fordi, da han ble brakt til templet i Jerusalem, ble han m\u00f8tt av <strong>prest Simeon <\/strong>med kallenavnet \u00ablys som lyser opp folket\u00bb.<\/p>\n<h2><strong>Den f\u00f8rkristne opprinnelsen til jubileet<\/strong><\/h2>\n<p>Feiringen av Kyndelmisse har innlemmet elementer av hedenske kulter. Det er nok relatert til <strong>Den romerske festivalen Lupercalia<\/strong>som ble feiret i februar til \u00e6re for Lupercus, fruktbarhetsguden.<\/p>\n<p>Det er ogs\u00e5 mulig at feiringen ogs\u00e5 har <strong>j\u00f8disk arv<\/strong>. Stearinlys har stor relevans i j\u00f8dedommen, et av symbolene som er <strong>Menorah<\/strong>den syv-grenede lysestaken. Videre er stearinlys det sentrale elementet i <strong>Hanukkah ferie<\/strong>ogs\u00e5 kjent som lysfesten, til minne om innvielsen av et nytt alter i tempelet i Jerusalem.<\/p>\n<div class=\"cp_wrapper cp_wrapper--fw mb-50\">\n<figure class=\"mm\"><picture class=\"img\" style=\"padding-top:65.4296875%\"><source  media=\"(min-width: 1024px)\"><source  media=\"(min-width: 768px)\"><img decoding=\"async\" loading=\"lazy\" src=\"https:\/\/nordnesrepublikken.no\/wp-content\/uploads\/2026\/01\/opprinnelse-og-ordtak-til-feiringen-av-2-februar.jpeg\" alt=\"Hanukkah-feiring p\u00e5 1950-tallet\" width=\"1024\" height=\"670\" class=\"js-seedtag-img\"\/><\/source><\/source><\/picture><\/figure>\n<\/p><\/div>\n<h2><strong>Utviklingen av Kyndelmisse-feiringen <\/strong><\/h2>\n<p>Feiringen av Kyndelmisse er attesteret <strong>siden det 5. \u00e5rhundre e.Kr. C.<\/strong>men opprinnelig falt den 14. februar, f\u00f8rti dager etter \u00e5penbaringen. Begivenhetens popularitet \u00f8kte etter 492, da pave Gelasius I overbeviste det romerske senatet om \u00e5 avskaffe Lupercalia-festivalen. I det f\u00f8lgende \u00e5rhundre, p\u00e5 keiser Justinians tid, var feiringen <strong>fremrykket til 2. februar<\/strong>.<\/p>\n<p>Siden den gang har Kyndelmisse f\u00e5tt stor popularitet, men betydningen har variert avhengig av perioder og steder. I <strong>orientalske kirker <\/strong>feiringen minnes fremfor alt Jesu m\u00f8te med presten Simeon, til det punktet \u00e5 bli kalt <em>hypapanti<\/em>dvs. &laquo;m\u00f8te&raquo;. I <strong>Vest<\/strong>Gjennom middelalderen og den moderne tidsalder minnet imidlertid Kyndelmisse renselsen av Maria og ble betraktet som en marian-feiring, som offisielt sanksjonert i det sekstende \u00e5rhundre av konsilet i Trent. Imidlertid, p\u00e5 1960-tallet <strong>Vatikankonsil II <\/strong>\u00f8nsket \u00e5 gi Jesusskikkelsen sentralitet og slo fast at dagen feirer presentasjonen av Jesus i templet.<\/p>\n<div class=\"cp_wrapper cp_wrapper--fw mb-50\">\n<figure class=\"mm\"><picture class=\"img\" style=\"padding-top:138.25503355705%\"><source  media=\"(min-width: 1024px)\"><source  media=\"(min-width: 768px)\"><img decoding=\"async\" loading=\"lazy\" src=\"https:\/\/nordnesrepublikken.no\/wp-content\/uploads\/2026\/01\/1769896257_617_opprinnelse-og-ordtak-til-feiringen-av-2-februar.jpeg\" alt=\"Simeon og Jesus. Maleri av Alexey Yegorov\" width=\"745\" height=\"1030\"\/><\/source><\/source><\/picture><\/figure>\n<\/p><\/div>\n<h2>Popul\u00e6re tradisjoner og fjerning av julekrybbe og julepynt<\/h2>\n<p>Feiringen av Kyndelmisse er utbredt i mange kristne land og har gitt opphav til ulike <strong>popul\u00e6re tradisjoner<\/strong>. For eksempel, i Frankrike og Belgia er det en dag hvor det er vanlig \u00e5 tilberede pannekaker.<\/p>\n<p>Figuren til. er ogs\u00e5 knyttet til feiringen <strong>Jomfru av Candelaria<\/strong>som stammer fra legenden om at to innf\u00f8dte i 1392 fant en statue av Madonna p\u00e5 Tenerife, i <strong>Kanari\u00f8yene<\/strong>som enn\u00e5 ikke var kristne p\u00e5 den tiden. Lokalbefolkningen begynte snart \u00e5 \u00e6re statuen, og p\u00e5 slutten av det femtende \u00e5rhundre, da Kanari\u00f8yene ble erobret av Spania, fikk feiringen en mariansk karakter. I dag er jomfruen av Candelaria Kanari\u00f8yenes skytshelgen og \u00e6res i flere latinamerikanske land.<\/p>\n<div class=\"cp_wrapper cp_wrapper--fw mb-50\">\n<figure class=\"mm\"><picture class=\"img\" style=\"padding-top:133.33333333333%\"><source  media=\"(min-width: 1024px)\"><source  media=\"(min-width: 768px)\"><img decoding=\"async\" loading=\"lazy\" src=\"https:\/\/nordnesrepublikken.no\/wp-content\/uploads\/2026\/01\/1769896258_427_opprinnelse-og-ordtak-til-feiringen-av-2-februar.jpeg\" alt=\"Jomfruen av Candelaria\" width=\"375\" height=\"500\" class=\"js-seedtag-img\"\/><\/source><\/source><\/picture><\/figure>\n<\/p><\/div>\n<p>Selv i Italia er tradisjonene og ordtakene knyttet til Kyndelmisse mange. For eksempel, al <strong>Sanctuary of Montevergine<\/strong>n\u00e6r Avellino, den 2. februar er det en samling av transvestitter, hvorav &laquo;Mamma Schiavona&raquo;, Madonnaen \u00e6ret i helligdommen, regnes som beskytteren. TIL <strong>Catania<\/strong>Feiringen av Kyndelmisse er imidlertid innlemmet i festen til Sant&#8217;Agata, byens skytshelgen.<\/p>\n<h2>Ordtak knyttet til meteorologi<\/h2>\n<p>Mange er ogs\u00e5 knyttet til Kyndelmissetradisjonen <strong>ordtak<\/strong>hvorav mange er relatert til v\u00e6ret og slutten av vinteren. Den mest kjente leser mer eller mindre:<\/p>\n<blockquote>\n<p>For hellig lysmesse, enten det sn\u00f8r eller regner, er vi ute av vinteren; men om det er sol eller sol er vi fortsatt midt p\u00e5 vinteren.<\/p>\n<\/blockquote>\n<p>D\u00e5rlig v\u00e6r vil med andre ord tyde p\u00e5 en rask slutt p\u00e5 vinteren, mens godt v\u00e6r tilsier at den kalde \u00e5rstiden vil vare mye lenger. Det er et ordtak helt likt det om <strong>Merla-dagene<\/strong>som i popul\u00e6r tradisjon faller rett f\u00f8r Kyndelmisse. I virkeligheten er det ingen reell bekreftelse p\u00e5 p\u00e5liteligheten til dette ordtaket, som sannsynligvis har sin opprinnelse i eldgamle landbruksaktiviteter.<\/p>\n<div class=\"cp_wrapper  mb-50   \">\n<div class=\"cbx\">\n<div class=\"cbx__collection\">\n<p>Hovedkilder<\/p>\n<div class=\"cbx__sources\">\n<p>                                                            Sebastiano Rizza, Kyndelmissens tid,<\/p>\n<p>Franco Cardini, Det helliges dager. Kalenderens ritualer og h\u00f8ytider fra antikken til i dag, Utet 2016<\/p>\n<p>Philippe Walter, Mythologie chr\u00e9tienne. Mythes et rites du Moyen \u00c2ge, Imago, 2003.<\/p>\n<\/p><\/div>\n<\/p><\/div>\n<\/p><\/div>\n<\/div><\/div>\n","protected":false},"excerpt":{"rendered":"<p>Der Kyndelmisse feirer, gjennom velsignelse av stearinlys i kirker, den presentasjon av Jesus i templetsom<\/p>\n","protected":false},"author":1,"featured_media":14427,"comment_status":"closed","ping_status":"open","sticky":false,"template":"","format":"standard","meta":{"footnotes":""},"categories":[104],"tags":[103,9398,1480,9397,117],"class_list":["post-14426","post","type-post","status-publish","format-standard","has-post-thumbnail","hentry","category-samfunn","tag-februar","tag-feiringen","tag-opprinnelse","tag-ordtak","tag-til","generate-columns","tablet-grid-50","mobile-grid-100","grid-parent","grid-33","resize-featured-image"],"yoast_head":"<!-- This site is optimized with the Yoast SEO plugin v24.4 - https:\/\/yoast.com\/wordpress\/plugins\/seo\/ -->\n<title>opprinnelse og ordtak til feiringen av 2. februar - Nordnesrepublikken<\/title>\n<meta name=\"robots\" content=\"index, follow, max-snippet:-1, max-image-preview:large, max-video-preview:-1\" \/>\n<link rel=\"canonical\" href=\"https:\/\/nordnesrepublikken.no\/index.php\/2026\/01\/31\/opprinnelse-og-ordtak-til-feiringen-av-2-februar\/\" \/>\n<meta property=\"og:locale\" content=\"nb_NO\" \/>\n<meta property=\"og:type\" content=\"article\" \/>\n<meta property=\"og:title\" content=\"opprinnelse og ordtak til feiringen av 2. februar - Nordnesrepublikken\" \/>\n<meta property=\"og:description\" content=\"Der Kyndelmisse feirer, gjennom velsignelse av stearinlys i kirker, den presentasjon av Jesus i templetsom\" \/>\n<meta property=\"og:url\" content=\"https:\/\/nordnesrepublikken.no\/index.php\/2026\/01\/31\/opprinnelse-og-ordtak-til-feiringen-av-2-februar\/\" \/>\n<meta property=\"og:site_name\" content=\"Nordnesrepublikken\" \/>\n<meta property=\"article:published_time\" content=\"2026-01-31T21:50:58+00:00\" \/>\n<meta property=\"article:modified_time\" content=\"2026-01-31T21:51:08+00:00\" \/>\n<meta property=\"og:image\" content=\"https:\/\/nordnesrepublikken.no\/wp-content\/uploads\/2026\/01\/1769896259_opprinnelse-og-ordtak-til-feiringen-av-2-februar-scaled.jpg\" \/>\n\t<meta property=\"og:image:width\" content=\"2560\" \/>\n\t<meta property=\"og:image:height\" content=\"1706\" \/>\n\t<meta property=\"og:image:type\" content=\"image\/jpeg\" \/>\n<meta name=\"author\" content=\"Ole Andersen\" \/>\n<meta name=\"twitter:card\" content=\"summary_large_image\" \/>\n<meta name=\"twitter:label1\" content=\"Skrevet av\" \/>\n\t<meta name=\"twitter:data1\" content=\"Ole Andersen\" \/>\n\t<meta name=\"twitter:label2\" content=\"Ansl. lesetid\" \/>\n\t<meta name=\"twitter:data2\" content=\"4 minutter\" \/>\n<script type=\"application\/ld+json\" class=\"yoast-schema-graph\">{\"@context\":\"https:\/\/schema.org\",\"@graph\":[{\"@type\":\"Article\",\"@id\":\"https:\/\/nordnesrepublikken.no\/index.php\/2026\/01\/31\/opprinnelse-og-ordtak-til-feiringen-av-2-februar\/#article\",\"isPartOf\":{\"@id\":\"https:\/\/nordnesrepublikken.no\/index.php\/2026\/01\/31\/opprinnelse-og-ordtak-til-feiringen-av-2-februar\/\"},\"author\":{\"name\":\"Ole Andersen\",\"@id\":\"https:\/\/nordnesrepublikken.no\/#\/schema\/person\/2e7e81935bab77882fffb79296240ff1\"},\"headline\":\"opprinnelse og ordtak til feiringen av 2. februar\",\"datePublished\":\"2026-01-31T21:50:58+00:00\",\"dateModified\":\"2026-01-31T21:51:08+00:00\",\"mainEntityOfPage\":{\"@id\":\"https:\/\/nordnesrepublikken.no\/index.php\/2026\/01\/31\/opprinnelse-og-ordtak-til-feiringen-av-2-februar\/\"},\"wordCount\":828,\"publisher\":{\"@id\":\"https:\/\/nordnesrepublikken.no\/#organization\"},\"image\":{\"@id\":\"https:\/\/nordnesrepublikken.no\/index.php\/2026\/01\/31\/opprinnelse-og-ordtak-til-feiringen-av-2-februar\/#primaryimage\"},\"thumbnailUrl\":\"https:\/\/nordnesrepublikken.no\/wp-content\/uploads\/2026\/01\/1769896259_opprinnelse-og-ordtak-til-feiringen-av-2-februar-scaled.jpg\",\"keywords\":[\"februar\",\"feiringen\",\"Opprinnelse\",\"ordtak\",\"til\"],\"articleSection\":[\"Samfunn\"],\"inLanguage\":\"nb-NO\"},{\"@type\":\"WebPage\",\"@id\":\"https:\/\/nordnesrepublikken.no\/index.php\/2026\/01\/31\/opprinnelse-og-ordtak-til-feiringen-av-2-februar\/\",\"url\":\"https:\/\/nordnesrepublikken.no\/index.php\/2026\/01\/31\/opprinnelse-og-ordtak-til-feiringen-av-2-februar\/\",\"name\":\"opprinnelse og ordtak til feiringen av 2. februar - Nordnesrepublikken\",\"isPartOf\":{\"@id\":\"https:\/\/nordnesrepublikken.no\/#website\"},\"primaryImageOfPage\":{\"@id\":\"https:\/\/nordnesrepublikken.no\/index.php\/2026\/01\/31\/opprinnelse-og-ordtak-til-feiringen-av-2-februar\/#primaryimage\"},\"image\":{\"@id\":\"https:\/\/nordnesrepublikken.no\/index.php\/2026\/01\/31\/opprinnelse-og-ordtak-til-feiringen-av-2-februar\/#primaryimage\"},\"thumbnailUrl\":\"https:\/\/nordnesrepublikken.no\/wp-content\/uploads\/2026\/01\/1769896259_opprinnelse-og-ordtak-til-feiringen-av-2-februar-scaled.jpg\",\"datePublished\":\"2026-01-31T21:50:58+00:00\",\"dateModified\":\"2026-01-31T21:51:08+00:00\",\"breadcrumb\":{\"@id\":\"https:\/\/nordnesrepublikken.no\/index.php\/2026\/01\/31\/opprinnelse-og-ordtak-til-feiringen-av-2-februar\/#breadcrumb\"},\"inLanguage\":\"nb-NO\",\"potentialAction\":[{\"@type\":\"ReadAction\",\"target\":[\"https:\/\/nordnesrepublikken.no\/index.php\/2026\/01\/31\/opprinnelse-og-ordtak-til-feiringen-av-2-februar\/\"]}]},{\"@type\":\"ImageObject\",\"inLanguage\":\"nb-NO\",\"@id\":\"https:\/\/nordnesrepublikken.no\/index.php\/2026\/01\/31\/opprinnelse-og-ordtak-til-feiringen-av-2-februar\/#primaryimage\",\"url\":\"https:\/\/nordnesrepublikken.no\/wp-content\/uploads\/2026\/01\/1769896259_opprinnelse-og-ordtak-til-feiringen-av-2-februar-scaled.jpg\",\"contentUrl\":\"https:\/\/nordnesrepublikken.no\/wp-content\/uploads\/2026\/01\/1769896259_opprinnelse-og-ordtak-til-feiringen-av-2-februar-scaled.jpg\",\"width\":2560,\"height\":1706,\"caption\":\"opprinnelse og ordtak til feiringen av 2. februar\"},{\"@type\":\"BreadcrumbList\",\"@id\":\"https:\/\/nordnesrepublikken.no\/index.php\/2026\/01\/31\/opprinnelse-og-ordtak-til-feiringen-av-2-februar\/#breadcrumb\",\"itemListElement\":[{\"@type\":\"ListItem\",\"position\":1,\"name\":\"Home\",\"item\":\"https:\/\/nordnesrepublikken.no\/\"},{\"@type\":\"ListItem\",\"position\":2,\"name\":\"opprinnelse og ordtak til feiringen av 2. februar\"}]},{\"@type\":\"WebSite\",\"@id\":\"https:\/\/nordnesrepublikken.no\/#website\",\"url\":\"https:\/\/nordnesrepublikken.no\/\",\"name\":\"Nordnesrepublikken\",\"description\":\"Stemmer og Visjoner fra Republikkens Hjerte\",\"publisher\":{\"@id\":\"https:\/\/nordnesrepublikken.no\/#organization\"},\"potentialAction\":[{\"@type\":\"SearchAction\",\"target\":{\"@type\":\"EntryPoint\",\"urlTemplate\":\"https:\/\/nordnesrepublikken.no\/?s={search_term_string}\"},\"query-input\":{\"@type\":\"PropertyValueSpecification\",\"valueRequired\":true,\"valueName\":\"search_term_string\"}}],\"inLanguage\":\"nb-NO\"},{\"@type\":\"Organization\",\"@id\":\"https:\/\/nordnesrepublikken.no\/#organization\",\"name\":\"Nordnesrepublikken\",\"url\":\"https:\/\/nordnesrepublikken.no\/\",\"logo\":{\"@type\":\"ImageObject\",\"inLanguage\":\"nb-NO\",\"@id\":\"https:\/\/nordnesrepublikken.no\/#\/schema\/logo\/image\/\",\"url\":\"https:\/\/nordnesrepublikken.no\/wp-content\/uploads\/2025\/02\/cropped-nordnesrepublikken-2.png\",\"contentUrl\":\"https:\/\/nordnesrepublikken.no\/wp-content\/uploads\/2025\/02\/cropped-nordnesrepublikken-2.png\",\"width\":1248,\"height\":362,\"caption\":\"Nordnesrepublikken\"},\"image\":{\"@id\":\"https:\/\/nordnesrepublikken.no\/#\/schema\/logo\/image\/\"}},{\"@type\":\"Person\",\"@id\":\"https:\/\/nordnesrepublikken.no\/#\/schema\/person\/2e7e81935bab77882fffb79296240ff1\",\"name\":\"Ole Andersen\",\"image\":{\"@type\":\"ImageObject\",\"inLanguage\":\"nb-NO\",\"@id\":\"https:\/\/nordnesrepublikken.no\/#\/schema\/person\/image\/\",\"url\":\"https:\/\/nordnesrepublikken.no\/wp-content\/uploads\/2025\/02\/nordnesrepublikken-2-2-150x150.jpg\",\"contentUrl\":\"https:\/\/nordnesrepublikken.no\/wp-content\/uploads\/2025\/02\/nordnesrepublikken-2-2-150x150.jpg\",\"caption\":\"Ole Andersen\"},\"description\":\"Ettersom jeg vokste opp i Oslo, har jeg alltid v\u00e6rt fascinert av ordenes kraft og deres evne til \u00e5 skape endringer. Etter \u00e5 ha fullf\u00f8rt min utdannelse i kommunikasjon ved Universitetet i Bergen, fikk jeg muligheten til \u00e5 jobbe innen ulike medier, der jeg har s\u00f8kt \u00e5 belyse viktige samfunnssp\u00f8rsm\u00e5l. I dag, som redakt\u00f8r for Nordnesrepublikken, pr\u00f8ver jeg \u00e5 forene min kj\u00e6rlighet for journalistikk med min lidenskap for innovasjon og eventyr.\",\"sameAs\":[\"https:\/\/nordnesrepublikken.no\/\"]}]}<\/script>\n<!-- \/ Yoast SEO plugin. -->","yoast_head_json":{"title":"opprinnelse og ordtak til feiringen av 2. februar - Nordnesrepublikken","robots":{"index":"index","follow":"follow","max-snippet":"max-snippet:-1","max-image-preview":"max-image-preview:large","max-video-preview":"max-video-preview:-1"},"canonical":"https:\/\/nordnesrepublikken.no\/index.php\/2026\/01\/31\/opprinnelse-og-ordtak-til-feiringen-av-2-februar\/","og_locale":"nb_NO","og_type":"article","og_title":"opprinnelse og ordtak til feiringen av 2. februar - Nordnesrepublikken","og_description":"Der Kyndelmisse feirer, gjennom velsignelse av stearinlys i kirker, den presentasjon av Jesus i templetsom","og_url":"https:\/\/nordnesrepublikken.no\/index.php\/2026\/01\/31\/opprinnelse-og-ordtak-til-feiringen-av-2-februar\/","og_site_name":"Nordnesrepublikken","article_published_time":"2026-01-31T21:50:58+00:00","article_modified_time":"2026-01-31T21:51:08+00:00","og_image":[{"width":2560,"height":1706,"url":"https:\/\/nordnesrepublikken.no\/wp-content\/uploads\/2026\/01\/1769896259_opprinnelse-og-ordtak-til-feiringen-av-2-februar-scaled.jpg","type":"image\/jpeg"}],"author":"Ole Andersen","twitter_card":"summary_large_image","twitter_misc":{"Skrevet av":"Ole Andersen","Ansl. lesetid":"4 minutter"},"schema":{"@context":"https:\/\/schema.org","@graph":[{"@type":"Article","@id":"https:\/\/nordnesrepublikken.no\/index.php\/2026\/01\/31\/opprinnelse-og-ordtak-til-feiringen-av-2-februar\/#article","isPartOf":{"@id":"https:\/\/nordnesrepublikken.no\/index.php\/2026\/01\/31\/opprinnelse-og-ordtak-til-feiringen-av-2-februar\/"},"author":{"name":"Ole Andersen","@id":"https:\/\/nordnesrepublikken.no\/#\/schema\/person\/2e7e81935bab77882fffb79296240ff1"},"headline":"opprinnelse og ordtak til feiringen av 2. februar","datePublished":"2026-01-31T21:50:58+00:00","dateModified":"2026-01-31T21:51:08+00:00","mainEntityOfPage":{"@id":"https:\/\/nordnesrepublikken.no\/index.php\/2026\/01\/31\/opprinnelse-og-ordtak-til-feiringen-av-2-februar\/"},"wordCount":828,"publisher":{"@id":"https:\/\/nordnesrepublikken.no\/#organization"},"image":{"@id":"https:\/\/nordnesrepublikken.no\/index.php\/2026\/01\/31\/opprinnelse-og-ordtak-til-feiringen-av-2-februar\/#primaryimage"},"thumbnailUrl":"https:\/\/nordnesrepublikken.no\/wp-content\/uploads\/2026\/01\/1769896259_opprinnelse-og-ordtak-til-feiringen-av-2-februar-scaled.jpg","keywords":["februar","feiringen","Opprinnelse","ordtak","til"],"articleSection":["Samfunn"],"inLanguage":"nb-NO"},{"@type":"WebPage","@id":"https:\/\/nordnesrepublikken.no\/index.php\/2026\/01\/31\/opprinnelse-og-ordtak-til-feiringen-av-2-februar\/","url":"https:\/\/nordnesrepublikken.no\/index.php\/2026\/01\/31\/opprinnelse-og-ordtak-til-feiringen-av-2-februar\/","name":"opprinnelse og ordtak til feiringen av 2. februar - Nordnesrepublikken","isPartOf":{"@id":"https:\/\/nordnesrepublikken.no\/#website"},"primaryImageOfPage":{"@id":"https:\/\/nordnesrepublikken.no\/index.php\/2026\/01\/31\/opprinnelse-og-ordtak-til-feiringen-av-2-februar\/#primaryimage"},"image":{"@id":"https:\/\/nordnesrepublikken.no\/index.php\/2026\/01\/31\/opprinnelse-og-ordtak-til-feiringen-av-2-februar\/#primaryimage"},"thumbnailUrl":"https:\/\/nordnesrepublikken.no\/wp-content\/uploads\/2026\/01\/1769896259_opprinnelse-og-ordtak-til-feiringen-av-2-februar-scaled.jpg","datePublished":"2026-01-31T21:50:58+00:00","dateModified":"2026-01-31T21:51:08+00:00","breadcrumb":{"@id":"https:\/\/nordnesrepublikken.no\/index.php\/2026\/01\/31\/opprinnelse-og-ordtak-til-feiringen-av-2-februar\/#breadcrumb"},"inLanguage":"nb-NO","potentialAction":[{"@type":"ReadAction","target":["https:\/\/nordnesrepublikken.no\/index.php\/2026\/01\/31\/opprinnelse-og-ordtak-til-feiringen-av-2-februar\/"]}]},{"@type":"ImageObject","inLanguage":"nb-NO","@id":"https:\/\/nordnesrepublikken.no\/index.php\/2026\/01\/31\/opprinnelse-og-ordtak-til-feiringen-av-2-februar\/#primaryimage","url":"https:\/\/nordnesrepublikken.no\/wp-content\/uploads\/2026\/01\/1769896259_opprinnelse-og-ordtak-til-feiringen-av-2-februar-scaled.jpg","contentUrl":"https:\/\/nordnesrepublikken.no\/wp-content\/uploads\/2026\/01\/1769896259_opprinnelse-og-ordtak-til-feiringen-av-2-februar-scaled.jpg","width":2560,"height":1706,"caption":"opprinnelse og ordtak til feiringen av 2. februar"},{"@type":"BreadcrumbList","@id":"https:\/\/nordnesrepublikken.no\/index.php\/2026\/01\/31\/opprinnelse-og-ordtak-til-feiringen-av-2-februar\/#breadcrumb","itemListElement":[{"@type":"ListItem","position":1,"name":"Home","item":"https:\/\/nordnesrepublikken.no\/"},{"@type":"ListItem","position":2,"name":"opprinnelse og ordtak til feiringen av 2. februar"}]},{"@type":"WebSite","@id":"https:\/\/nordnesrepublikken.no\/#website","url":"https:\/\/nordnesrepublikken.no\/","name":"Nordnesrepublikken","description":"Stemmer og Visjoner fra Republikkens Hjerte","publisher":{"@id":"https:\/\/nordnesrepublikken.no\/#organization"},"potentialAction":[{"@type":"SearchAction","target":{"@type":"EntryPoint","urlTemplate":"https:\/\/nordnesrepublikken.no\/?s={search_term_string}"},"query-input":{"@type":"PropertyValueSpecification","valueRequired":true,"valueName":"search_term_string"}}],"inLanguage":"nb-NO"},{"@type":"Organization","@id":"https:\/\/nordnesrepublikken.no\/#organization","name":"Nordnesrepublikken","url":"https:\/\/nordnesrepublikken.no\/","logo":{"@type":"ImageObject","inLanguage":"nb-NO","@id":"https:\/\/nordnesrepublikken.no\/#\/schema\/logo\/image\/","url":"https:\/\/nordnesrepublikken.no\/wp-content\/uploads\/2025\/02\/cropped-nordnesrepublikken-2.png","contentUrl":"https:\/\/nordnesrepublikken.no\/wp-content\/uploads\/2025\/02\/cropped-nordnesrepublikken-2.png","width":1248,"height":362,"caption":"Nordnesrepublikken"},"image":{"@id":"https:\/\/nordnesrepublikken.no\/#\/schema\/logo\/image\/"}},{"@type":"Person","@id":"https:\/\/nordnesrepublikken.no\/#\/schema\/person\/2e7e81935bab77882fffb79296240ff1","name":"Ole Andersen","image":{"@type":"ImageObject","inLanguage":"nb-NO","@id":"https:\/\/nordnesrepublikken.no\/#\/schema\/person\/image\/","url":"https:\/\/nordnesrepublikken.no\/wp-content\/uploads\/2025\/02\/nordnesrepublikken-2-2-150x150.jpg","contentUrl":"https:\/\/nordnesrepublikken.no\/wp-content\/uploads\/2025\/02\/nordnesrepublikken-2-2-150x150.jpg","caption":"Ole Andersen"},"description":"Ettersom jeg vokste opp i Oslo, har jeg alltid v\u00e6rt fascinert av ordenes kraft og deres evne til \u00e5 skape endringer. Etter \u00e5 ha fullf\u00f8rt min utdannelse i kommunikasjon ved Universitetet i Bergen, fikk jeg muligheten til \u00e5 jobbe innen ulike medier, der jeg har s\u00f8kt \u00e5 belyse viktige samfunnssp\u00f8rsm\u00e5l. I dag, som redakt\u00f8r for Nordnesrepublikken, pr\u00f8ver jeg \u00e5 forene min kj\u00e6rlighet for journalistikk med min lidenskap for innovasjon og eventyr.","sameAs":["https:\/\/nordnesrepublikken.no\/"]}]}},"_links":{"self":[{"href":"https:\/\/nordnesrepublikken.no\/index.php\/wp-json\/wp\/v2\/posts\/14426","targetHints":{"allow":["GET"]}}],"collection":[{"href":"https:\/\/nordnesrepublikken.no\/index.php\/wp-json\/wp\/v2\/posts"}],"about":[{"href":"https:\/\/nordnesrepublikken.no\/index.php\/wp-json\/wp\/v2\/types\/post"}],"author":[{"embeddable":true,"href":"https:\/\/nordnesrepublikken.no\/index.php\/wp-json\/wp\/v2\/users\/1"}],"replies":[{"embeddable":true,"href":"https:\/\/nordnesrepublikken.no\/index.php\/wp-json\/wp\/v2\/comments?post=14426"}],"version-history":[{"count":1,"href":"https:\/\/nordnesrepublikken.no\/index.php\/wp-json\/wp\/v2\/posts\/14426\/revisions"}],"predecessor-version":[{"id":14428,"href":"https:\/\/nordnesrepublikken.no\/index.php\/wp-json\/wp\/v2\/posts\/14426\/revisions\/14428"}],"wp:featuredmedia":[{"embeddable":true,"href":"https:\/\/nordnesrepublikken.no\/index.php\/wp-json\/wp\/v2\/media\/14427"}],"wp:attachment":[{"href":"https:\/\/nordnesrepublikken.no\/index.php\/wp-json\/wp\/v2\/media?parent=14426"}],"wp:term":[{"taxonomy":"category","embeddable":true,"href":"https:\/\/nordnesrepublikken.no\/index.php\/wp-json\/wp\/v2\/categories?post=14426"},{"taxonomy":"post_tag","embeddable":true,"href":"https:\/\/nordnesrepublikken.no\/index.php\/wp-json\/wp\/v2\/tags?post=14426"}],"curies":[{"name":"wp","href":"https:\/\/api.w.org\/{rel}","templated":true}]}}