{"id":14356,"date":"2026-01-29T22:51:50","date_gmt":"2026-01-29T21:51:50","guid":{"rendered":"https:\/\/nordnesrepublikken.no\/index.php\/2026\/01\/29\/sno-avslorer-en-ny-hodepine-for-sjaforer-v16-varsellykter-sliter-under-ekte-vinterforhold\/"},"modified":"2026-01-29T22:51:51","modified_gmt":"2026-01-29T21:51:51","slug":"sno-avslorer-en-ny-hodepine-for-sjaforer-v16-varsellykter-sliter-under-ekte-vinterforhold","status":"publish","type":"post","link":"https:\/\/nordnesrepublikken.no\/index.php\/2026\/01\/29\/sno-avslorer-en-ny-hodepine-for-sjaforer-v16-varsellykter-sliter-under-ekte-vinterforhold\/","title":{"rendered":"Sn\u00f8 avsl\u00f8rer en ny hodepine for sj\u00e5f\u00f8rer: V16-varsellykter sliter under ekte vinterforhold"},"content":{"rendered":"<p><\/p>\n<div class=\"wordpress-content\">\n                    <!-- Article Start --><\/p>\n<p>Stormen Kristin brakte ikke bare sn\u00f8, regn og trafikkaos til Spania denne uken. Den avsl\u00f8rte ogs\u00e5 et annet svakt punkt i landets nye V16 n\u00f8dvarselfyrer, n\u00e5 obligatoriske siden 1. januar.<\/p>\n<p>Etter hvert som ulykkene \u00f8kte p\u00e5 sn\u00f8dekte veier \u2013 mange av dem i omr\u00e5der hvor det ikke en gang var forventet sn\u00f8 \u2013 begynte sj\u00e5f\u00f8rene \u00e5 rapportere det samme problemet igjen og igjen: varene gjorde ikke jobben de skulle gj\u00f8re.<\/p>\n<h2>Vanskelig \u00e5 se, lett \u00e5 dekke til, og verre i d\u00e5rlig v\u00e6r<\/h2>\n<p>V16 beacon er ment \u00e5 erstatte de gamle varseltrekantene, og tilbyr et blinkende gult lys som skal v\u00e6re synlig fra opptil en kilometer unna. I teorien h\u00f8res det enkelt ut. I praksis har sn\u00f8 vist noe annet.<\/p>\n<div class=\"sra_unit\"><link rel=\"stylesheet\" id=\"block-sra\" href=\"https:\/\/euroweeklynews.com\/wp-content\/plugins\/snack-related-articles\/dist\/css\/snack-related.min.css?250312-193541\" type=\"text\/css\" media=\"all\">\n<\/div>\n<p>Sj\u00e5f\u00f8rer forteller at sikten synker kraftig i d\u00e5rlig v\u00e6r. I svinger, i t\u00e5ke, ved sn\u00f8fall eller til og med i dagslys kan lyset v\u00e6re vanskelig \u00e5 f\u00e5 \u00f8ye p\u00e5. N\u00e5r sn\u00f8en faller tungt, kan enheten ende opp delvis eller helt dekket, noe som gj\u00f8r den ubrukelig i l\u00f8pet av minutter.<\/p>\n<p>Dette er ikke et isolert scenario. Mange havarier skjer i fjellomr\u00e5der, hvor trafikken er mindre, forholdene er t\u00f8ffere og sj\u00e5f\u00f8rene allerede er mer utsatt.<\/p>\n<h2>Kalde temperaturer treffer batterier der det gj\u00f8r mest vondt<\/h2>\n<p>Et annet problem som ble fremhevet av stormen er batterilevetiden. Forskriftene sier at V16-b\u00e5kene skal fungere kontinuerlig i minst 30 minutter og ha en minimumslevetid p\u00e5 18 m\u00e5neder. Men kaldt v\u00e6r forteller en annen historie.<\/p>\n<p>Batterier og frysetemperaturer blander seg d\u00e5rlig. N\u00e5r temperaturen synker mot \u2013 eller under \u2013 null, faller batteriytelsen kraftig. Kjemiske reaksjoner bremses, indre motstand \u00f8ker og i ekstrem kulde blir feil mer sannsynlig.<\/p>\n<p>Resultatet? Selv med fulladede batterier kan noen varemerker vare i knapt 15 minutter under vinterforhold \u2013 langt mindre enn det som er n\u00f8dvendig n\u00e5r sj\u00e5f\u00f8rer er strandet p\u00e5 isete veier og venter p\u00e5 hjelp.<\/p>\n<p>Produsenter spesifiserer at enhetene er designet for \u00e5 fungere mellom \u201310 \u00b0C og 50 \u00b0C, men temperaturer under \u201310 \u00b0C er ikke sjeldne i deler av Spania, spesielt i fjellomr\u00e5der.<\/p>\n<h2>En enhet omgitt av kontrovers siden dag \u00e9n<\/h2>\n<p>Disse nye bekymringene legger til en liste over kritikk som har fulgt V16-systemet fra starten. DGT har endret posisjon flere ganger, f\u00f8rst antydet b\u00f8ter vil bli utstedt umiddelbart, deretter tillate en frist. Myndighetene har ogs\u00e5 skiftet fra \u00e5 si at beacons ville erstatte trekanter til \u00e5 kalle dem komplement\u00e6re.<\/p>\n<p>Politiforeninger har stilt sp\u00f8rsm\u00e5l ved effektiviteten deres, mens nettplattformer n\u00e5 tilbyr gratis juridisk veiledning for sj\u00e5f\u00f8rer som f\u00e5r b\u00f8ter. Personvernsp\u00f8rsm\u00e5l har ogs\u00e5 blitt tatt opp, ettersom systemet gj\u00f8r at plasseringen av \u00f8delagte kj\u00f8ret\u00f8y er tilgjengelig p\u00e5 nettet.<\/p>\n<p>Stormen Kristin har rett og slett lagt bensin til debatten. Under selve forholdene der varslingsutstyr betyr mest \u2013 sn\u00f8, kulde, d\u00e5rlig sikt \u2013 ser V16-fyrene ut til \u00e5 v\u00e6re p\u00e5 sitt svakeste.<\/p>\n<p>For mange sj\u00e5f\u00f8rer er ikke sp\u00f8rsm\u00e5let lenger teoretisk. Etter denne ukens kaos sp\u00f8r de om et apparat som sliter om vinteren virkelig kan erstatte den gamle varseltrekanten n\u00e5r det gjelder som mest.<\/p>\n<p>                    <!-- Originally published at https:\/\/euroweeklynews.com\/2026\/01\/29\/snow-reveals-a-new-headache-for-drivers-v16-warning-beacons-struggle-in-real-winter-conditions\/ on 29 Jan 2026 at 11:21 by Farah Mokrani --><br \/>\n                    <!-- Article End -->\n                <\/div>\n","protected":false},"excerpt":{"rendered":"<p>Stormen Kristin brakte ikke bare sn\u00f8, regn og trafikkaos til Spania denne uken. Den avsl\u00f8rte<\/p>\n","protected":false},"author":1,"featured_media":14357,"comment_status":"closed","ping_status":"open","sticky":false,"template":"","format":"standard","meta":{"footnotes":""},"categories":[105],"tags":[240,2210,8956,1737,441,7276,9361,9362],"class_list":["post-14356","post","type-post","status-publish","format-standard","has-post-thumbnail","hentry","category-livsstil","tag-avslorer","tag-ekte","tag-hodepine","tag-sjaforer","tag-sliter","tag-sno","tag-v16varsellykter","tag-vinterforhold","generate-columns","tablet-grid-50","mobile-grid-100","grid-parent","grid-33","resize-featured-image"],"yoast_head":"<!-- This site is optimized with the Yoast SEO plugin v24.4 - https:\/\/yoast.com\/wordpress\/plugins\/seo\/ -->\n<title>Sn\u00f8 avsl\u00f8rer en ny hodepine for sj\u00e5f\u00f8rer: V16-varsellykter sliter under ekte vinterforhold - Nordnesrepublikken<\/title>\n<meta name=\"robots\" content=\"index, follow, max-snippet:-1, max-image-preview:large, max-video-preview:-1\" \/>\n<link rel=\"canonical\" href=\"https:\/\/nordnesrepublikken.no\/index.php\/2026\/01\/29\/sno-avslorer-en-ny-hodepine-for-sjaforer-v16-varsellykter-sliter-under-ekte-vinterforhold\/\" \/>\n<meta property=\"og:locale\" content=\"nb_NO\" \/>\n<meta property=\"og:type\" content=\"article\" \/>\n<meta property=\"og:title\" content=\"Sn\u00f8 avsl\u00f8rer en ny hodepine for sj\u00e5f\u00f8rer: V16-varsellykter sliter under ekte vinterforhold - Nordnesrepublikken\" \/>\n<meta property=\"og:description\" content=\"Stormen Kristin brakte ikke bare sn\u00f8, regn og trafikkaos til Spania denne uken. Den avsl\u00f8rte\" \/>\n<meta property=\"og:url\" content=\"https:\/\/nordnesrepublikken.no\/index.php\/2026\/01\/29\/sno-avslorer-en-ny-hodepine-for-sjaforer-v16-varsellykter-sliter-under-ekte-vinterforhold\/\" \/>\n<meta property=\"og:site_name\" content=\"Nordnesrepublikken\" \/>\n<meta property=\"article:published_time\" content=\"2026-01-29T21:51:50+00:00\" \/>\n<meta property=\"article:modified_time\" content=\"2026-01-29T21:51:51+00:00\" \/>\n<meta property=\"og:image\" content=\"https:\/\/nordnesrepublikken.no\/wp-content\/uploads\/2026\/01\/1769723510_Sno-avslorer-en-ny-hodepine-for-sjaforer-V16-varsellykter-sliter-under.jpg\" \/>\n\t<meta property=\"og:image:width\" content=\"1200\" \/>\n\t<meta property=\"og:image:height\" content=\"800\" \/>\n\t<meta property=\"og:image:type\" content=\"image\/jpeg\" \/>\n<meta name=\"author\" content=\"Ole Andersen\" \/>\n<meta name=\"twitter:card\" content=\"summary_large_image\" \/>\n<meta name=\"twitter:label1\" content=\"Skrevet av\" \/>\n\t<meta name=\"twitter:data1\" content=\"Ole Andersen\" \/>\n\t<meta name=\"twitter:label2\" content=\"Ansl. lesetid\" \/>\n\t<meta name=\"twitter:data2\" content=\"3 minutter\" \/>\n<script type=\"application\/ld+json\" class=\"yoast-schema-graph\">{\"@context\":\"https:\/\/schema.org\",\"@graph\":[{\"@type\":\"Article\",\"@id\":\"https:\/\/nordnesrepublikken.no\/index.php\/2026\/01\/29\/sno-avslorer-en-ny-hodepine-for-sjaforer-v16-varsellykter-sliter-under-ekte-vinterforhold\/#article\",\"isPartOf\":{\"@id\":\"https:\/\/nordnesrepublikken.no\/index.php\/2026\/01\/29\/sno-avslorer-en-ny-hodepine-for-sjaforer-v16-varsellykter-sliter-under-ekte-vinterforhold\/\"},\"author\":{\"name\":\"Ole Andersen\",\"@id\":\"https:\/\/nordnesrepublikken.no\/#\/schema\/person\/2e7e81935bab77882fffb79296240ff1\"},\"headline\":\"Sn\u00f8 avsl\u00f8rer en ny hodepine for sj\u00e5f\u00f8rer: V16-varsellykter sliter under ekte vinterforhold\",\"datePublished\":\"2026-01-29T21:51:50+00:00\",\"dateModified\":\"2026-01-29T21:51:51+00:00\",\"mainEntityOfPage\":{\"@id\":\"https:\/\/nordnesrepublikken.no\/index.php\/2026\/01\/29\/sno-avslorer-en-ny-hodepine-for-sjaforer-v16-varsellykter-sliter-under-ekte-vinterforhold\/\"},\"wordCount\":546,\"publisher\":{\"@id\":\"https:\/\/nordnesrepublikken.no\/#organization\"},\"image\":{\"@id\":\"https:\/\/nordnesrepublikken.no\/index.php\/2026\/01\/29\/sno-avslorer-en-ny-hodepine-for-sjaforer-v16-varsellykter-sliter-under-ekte-vinterforhold\/#primaryimage\"},\"thumbnailUrl\":\"https:\/\/nordnesrepublikken.no\/wp-content\/uploads\/2026\/01\/1769723510_Sno-avslorer-en-ny-hodepine-for-sjaforer-V16-varsellykter-sliter-under.jpg\",\"keywords\":[\"avsl\u00f8rer\",\"ekte\",\"hodepine\",\"sj\u00e5f\u00f8rer\",\"sliter\",\"sn\u00f8\",\"V16varsellykter\",\"vinterforhold\"],\"articleSection\":[\"Livsstil\"],\"inLanguage\":\"nb-NO\"},{\"@type\":\"WebPage\",\"@id\":\"https:\/\/nordnesrepublikken.no\/index.php\/2026\/01\/29\/sno-avslorer-en-ny-hodepine-for-sjaforer-v16-varsellykter-sliter-under-ekte-vinterforhold\/\",\"url\":\"https:\/\/nordnesrepublikken.no\/index.php\/2026\/01\/29\/sno-avslorer-en-ny-hodepine-for-sjaforer-v16-varsellykter-sliter-under-ekte-vinterforhold\/\",\"name\":\"Sn\u00f8 avsl\u00f8rer en ny hodepine for sj\u00e5f\u00f8rer: V16-varsellykter sliter under ekte vinterforhold - Nordnesrepublikken\",\"isPartOf\":{\"@id\":\"https:\/\/nordnesrepublikken.no\/#website\"},\"primaryImageOfPage\":{\"@id\":\"https:\/\/nordnesrepublikken.no\/index.php\/2026\/01\/29\/sno-avslorer-en-ny-hodepine-for-sjaforer-v16-varsellykter-sliter-under-ekte-vinterforhold\/#primaryimage\"},\"image\":{\"@id\":\"https:\/\/nordnesrepublikken.no\/index.php\/2026\/01\/29\/sno-avslorer-en-ny-hodepine-for-sjaforer-v16-varsellykter-sliter-under-ekte-vinterforhold\/#primaryimage\"},\"thumbnailUrl\":\"https:\/\/nordnesrepublikken.no\/wp-content\/uploads\/2026\/01\/1769723510_Sno-avslorer-en-ny-hodepine-for-sjaforer-V16-varsellykter-sliter-under.jpg\",\"datePublished\":\"2026-01-29T21:51:50+00:00\",\"dateModified\":\"2026-01-29T21:51:51+00:00\",\"breadcrumb\":{\"@id\":\"https:\/\/nordnesrepublikken.no\/index.php\/2026\/01\/29\/sno-avslorer-en-ny-hodepine-for-sjaforer-v16-varsellykter-sliter-under-ekte-vinterforhold\/#breadcrumb\"},\"inLanguage\":\"nb-NO\",\"potentialAction\":[{\"@type\":\"ReadAction\",\"target\":[\"https:\/\/nordnesrepublikken.no\/index.php\/2026\/01\/29\/sno-avslorer-en-ny-hodepine-for-sjaforer-v16-varsellykter-sliter-under-ekte-vinterforhold\/\"]}]},{\"@type\":\"ImageObject\",\"inLanguage\":\"nb-NO\",\"@id\":\"https:\/\/nordnesrepublikken.no\/index.php\/2026\/01\/29\/sno-avslorer-en-ny-hodepine-for-sjaforer-v16-varsellykter-sliter-under-ekte-vinterforhold\/#primaryimage\",\"url\":\"https:\/\/nordnesrepublikken.no\/wp-content\/uploads\/2026\/01\/1769723510_Sno-avslorer-en-ny-hodepine-for-sjaforer-V16-varsellykter-sliter-under.jpg\",\"contentUrl\":\"https:\/\/nordnesrepublikken.no\/wp-content\/uploads\/2026\/01\/1769723510_Sno-avslorer-en-ny-hodepine-for-sjaforer-V16-varsellykter-sliter-under.jpg\",\"width\":1200,\"height\":800,\"caption\":\"Sn\u00f8 avsl\u00f8rer en ny hodepine for sj\u00e5f\u00f8rer: V16-varsellykter sliter under ekte vinterforhold\"},{\"@type\":\"BreadcrumbList\",\"@id\":\"https:\/\/nordnesrepublikken.no\/index.php\/2026\/01\/29\/sno-avslorer-en-ny-hodepine-for-sjaforer-v16-varsellykter-sliter-under-ekte-vinterforhold\/#breadcrumb\",\"itemListElement\":[{\"@type\":\"ListItem\",\"position\":1,\"name\":\"Home\",\"item\":\"https:\/\/nordnesrepublikken.no\/\"},{\"@type\":\"ListItem\",\"position\":2,\"name\":\"Sn\u00f8 avsl\u00f8rer en ny hodepine for sj\u00e5f\u00f8rer: V16-varsellykter sliter under ekte vinterforhold\"}]},{\"@type\":\"WebSite\",\"@id\":\"https:\/\/nordnesrepublikken.no\/#website\",\"url\":\"https:\/\/nordnesrepublikken.no\/\",\"name\":\"Nordnesrepublikken\",\"description\":\"Stemmer og Visjoner fra Republikkens Hjerte\",\"publisher\":{\"@id\":\"https:\/\/nordnesrepublikken.no\/#organization\"},\"potentialAction\":[{\"@type\":\"SearchAction\",\"target\":{\"@type\":\"EntryPoint\",\"urlTemplate\":\"https:\/\/nordnesrepublikken.no\/?s={search_term_string}\"},\"query-input\":{\"@type\":\"PropertyValueSpecification\",\"valueRequired\":true,\"valueName\":\"search_term_string\"}}],\"inLanguage\":\"nb-NO\"},{\"@type\":\"Organization\",\"@id\":\"https:\/\/nordnesrepublikken.no\/#organization\",\"name\":\"Nordnesrepublikken\",\"url\":\"https:\/\/nordnesrepublikken.no\/\",\"logo\":{\"@type\":\"ImageObject\",\"inLanguage\":\"nb-NO\",\"@id\":\"https:\/\/nordnesrepublikken.no\/#\/schema\/logo\/image\/\",\"url\":\"https:\/\/nordnesrepublikken.no\/wp-content\/uploads\/2025\/02\/cropped-nordnesrepublikken-2.png\",\"contentUrl\":\"https:\/\/nordnesrepublikken.no\/wp-content\/uploads\/2025\/02\/cropped-nordnesrepublikken-2.png\",\"width\":1248,\"height\":362,\"caption\":\"Nordnesrepublikken\"},\"image\":{\"@id\":\"https:\/\/nordnesrepublikken.no\/#\/schema\/logo\/image\/\"}},{\"@type\":\"Person\",\"@id\":\"https:\/\/nordnesrepublikken.no\/#\/schema\/person\/2e7e81935bab77882fffb79296240ff1\",\"name\":\"Ole Andersen\",\"image\":{\"@type\":\"ImageObject\",\"inLanguage\":\"nb-NO\",\"@id\":\"https:\/\/nordnesrepublikken.no\/#\/schema\/person\/image\/\",\"url\":\"https:\/\/nordnesrepublikken.no\/wp-content\/uploads\/2025\/02\/nordnesrepublikken-2-2-150x150.jpg\",\"contentUrl\":\"https:\/\/nordnesrepublikken.no\/wp-content\/uploads\/2025\/02\/nordnesrepublikken-2-2-150x150.jpg\",\"caption\":\"Ole Andersen\"},\"description\":\"Ettersom jeg vokste opp i Oslo, har jeg alltid v\u00e6rt fascinert av ordenes kraft og deres evne til \u00e5 skape endringer. Etter \u00e5 ha fullf\u00f8rt min utdannelse i kommunikasjon ved Universitetet i Bergen, fikk jeg muligheten til \u00e5 jobbe innen ulike medier, der jeg har s\u00f8kt \u00e5 belyse viktige samfunnssp\u00f8rsm\u00e5l. I dag, som redakt\u00f8r for Nordnesrepublikken, pr\u00f8ver jeg \u00e5 forene min kj\u00e6rlighet for journalistikk med min lidenskap for innovasjon og eventyr.\",\"sameAs\":[\"https:\/\/nordnesrepublikken.no\/\"]}]}<\/script>\n<!-- \/ Yoast SEO plugin. -->","yoast_head_json":{"title":"Sn\u00f8 avsl\u00f8rer en ny hodepine for sj\u00e5f\u00f8rer: V16-varsellykter sliter under ekte vinterforhold - Nordnesrepublikken","robots":{"index":"index","follow":"follow","max-snippet":"max-snippet:-1","max-image-preview":"max-image-preview:large","max-video-preview":"max-video-preview:-1"},"canonical":"https:\/\/nordnesrepublikken.no\/index.php\/2026\/01\/29\/sno-avslorer-en-ny-hodepine-for-sjaforer-v16-varsellykter-sliter-under-ekte-vinterforhold\/","og_locale":"nb_NO","og_type":"article","og_title":"Sn\u00f8 avsl\u00f8rer en ny hodepine for sj\u00e5f\u00f8rer: V16-varsellykter sliter under ekte vinterforhold - Nordnesrepublikken","og_description":"Stormen Kristin brakte ikke bare sn\u00f8, regn og trafikkaos til Spania denne uken. Den avsl\u00f8rte","og_url":"https:\/\/nordnesrepublikken.no\/index.php\/2026\/01\/29\/sno-avslorer-en-ny-hodepine-for-sjaforer-v16-varsellykter-sliter-under-ekte-vinterforhold\/","og_site_name":"Nordnesrepublikken","article_published_time":"2026-01-29T21:51:50+00:00","article_modified_time":"2026-01-29T21:51:51+00:00","og_image":[{"width":1200,"height":800,"url":"https:\/\/nordnesrepublikken.no\/wp-content\/uploads\/2026\/01\/1769723510_Sno-avslorer-en-ny-hodepine-for-sjaforer-V16-varsellykter-sliter-under.jpg","type":"image\/jpeg"}],"author":"Ole Andersen","twitter_card":"summary_large_image","twitter_misc":{"Skrevet av":"Ole Andersen","Ansl. lesetid":"3 minutter"},"schema":{"@context":"https:\/\/schema.org","@graph":[{"@type":"Article","@id":"https:\/\/nordnesrepublikken.no\/index.php\/2026\/01\/29\/sno-avslorer-en-ny-hodepine-for-sjaforer-v16-varsellykter-sliter-under-ekte-vinterforhold\/#article","isPartOf":{"@id":"https:\/\/nordnesrepublikken.no\/index.php\/2026\/01\/29\/sno-avslorer-en-ny-hodepine-for-sjaforer-v16-varsellykter-sliter-under-ekte-vinterforhold\/"},"author":{"name":"Ole Andersen","@id":"https:\/\/nordnesrepublikken.no\/#\/schema\/person\/2e7e81935bab77882fffb79296240ff1"},"headline":"Sn\u00f8 avsl\u00f8rer en ny hodepine for sj\u00e5f\u00f8rer: V16-varsellykter sliter under ekte vinterforhold","datePublished":"2026-01-29T21:51:50+00:00","dateModified":"2026-01-29T21:51:51+00:00","mainEntityOfPage":{"@id":"https:\/\/nordnesrepublikken.no\/index.php\/2026\/01\/29\/sno-avslorer-en-ny-hodepine-for-sjaforer-v16-varsellykter-sliter-under-ekte-vinterforhold\/"},"wordCount":546,"publisher":{"@id":"https:\/\/nordnesrepublikken.no\/#organization"},"image":{"@id":"https:\/\/nordnesrepublikken.no\/index.php\/2026\/01\/29\/sno-avslorer-en-ny-hodepine-for-sjaforer-v16-varsellykter-sliter-under-ekte-vinterforhold\/#primaryimage"},"thumbnailUrl":"https:\/\/nordnesrepublikken.no\/wp-content\/uploads\/2026\/01\/1769723510_Sno-avslorer-en-ny-hodepine-for-sjaforer-V16-varsellykter-sliter-under.jpg","keywords":["avsl\u00f8rer","ekte","hodepine","sj\u00e5f\u00f8rer","sliter","sn\u00f8","V16varsellykter","vinterforhold"],"articleSection":["Livsstil"],"inLanguage":"nb-NO"},{"@type":"WebPage","@id":"https:\/\/nordnesrepublikken.no\/index.php\/2026\/01\/29\/sno-avslorer-en-ny-hodepine-for-sjaforer-v16-varsellykter-sliter-under-ekte-vinterforhold\/","url":"https:\/\/nordnesrepublikken.no\/index.php\/2026\/01\/29\/sno-avslorer-en-ny-hodepine-for-sjaforer-v16-varsellykter-sliter-under-ekte-vinterforhold\/","name":"Sn\u00f8 avsl\u00f8rer en ny hodepine for sj\u00e5f\u00f8rer: V16-varsellykter sliter under ekte vinterforhold - Nordnesrepublikken","isPartOf":{"@id":"https:\/\/nordnesrepublikken.no\/#website"},"primaryImageOfPage":{"@id":"https:\/\/nordnesrepublikken.no\/index.php\/2026\/01\/29\/sno-avslorer-en-ny-hodepine-for-sjaforer-v16-varsellykter-sliter-under-ekte-vinterforhold\/#primaryimage"},"image":{"@id":"https:\/\/nordnesrepublikken.no\/index.php\/2026\/01\/29\/sno-avslorer-en-ny-hodepine-for-sjaforer-v16-varsellykter-sliter-under-ekte-vinterforhold\/#primaryimage"},"thumbnailUrl":"https:\/\/nordnesrepublikken.no\/wp-content\/uploads\/2026\/01\/1769723510_Sno-avslorer-en-ny-hodepine-for-sjaforer-V16-varsellykter-sliter-under.jpg","datePublished":"2026-01-29T21:51:50+00:00","dateModified":"2026-01-29T21:51:51+00:00","breadcrumb":{"@id":"https:\/\/nordnesrepublikken.no\/index.php\/2026\/01\/29\/sno-avslorer-en-ny-hodepine-for-sjaforer-v16-varsellykter-sliter-under-ekte-vinterforhold\/#breadcrumb"},"inLanguage":"nb-NO","potentialAction":[{"@type":"ReadAction","target":["https:\/\/nordnesrepublikken.no\/index.php\/2026\/01\/29\/sno-avslorer-en-ny-hodepine-for-sjaforer-v16-varsellykter-sliter-under-ekte-vinterforhold\/"]}]},{"@type":"ImageObject","inLanguage":"nb-NO","@id":"https:\/\/nordnesrepublikken.no\/index.php\/2026\/01\/29\/sno-avslorer-en-ny-hodepine-for-sjaforer-v16-varsellykter-sliter-under-ekte-vinterforhold\/#primaryimage","url":"https:\/\/nordnesrepublikken.no\/wp-content\/uploads\/2026\/01\/1769723510_Sno-avslorer-en-ny-hodepine-for-sjaforer-V16-varsellykter-sliter-under.jpg","contentUrl":"https:\/\/nordnesrepublikken.no\/wp-content\/uploads\/2026\/01\/1769723510_Sno-avslorer-en-ny-hodepine-for-sjaforer-V16-varsellykter-sliter-under.jpg","width":1200,"height":800,"caption":"Sn\u00f8 avsl\u00f8rer en ny hodepine for sj\u00e5f\u00f8rer: V16-varsellykter sliter under ekte vinterforhold"},{"@type":"BreadcrumbList","@id":"https:\/\/nordnesrepublikken.no\/index.php\/2026\/01\/29\/sno-avslorer-en-ny-hodepine-for-sjaforer-v16-varsellykter-sliter-under-ekte-vinterforhold\/#breadcrumb","itemListElement":[{"@type":"ListItem","position":1,"name":"Home","item":"https:\/\/nordnesrepublikken.no\/"},{"@type":"ListItem","position":2,"name":"Sn\u00f8 avsl\u00f8rer en ny hodepine for sj\u00e5f\u00f8rer: V16-varsellykter sliter under ekte vinterforhold"}]},{"@type":"WebSite","@id":"https:\/\/nordnesrepublikken.no\/#website","url":"https:\/\/nordnesrepublikken.no\/","name":"Nordnesrepublikken","description":"Stemmer og Visjoner fra Republikkens Hjerte","publisher":{"@id":"https:\/\/nordnesrepublikken.no\/#organization"},"potentialAction":[{"@type":"SearchAction","target":{"@type":"EntryPoint","urlTemplate":"https:\/\/nordnesrepublikken.no\/?s={search_term_string}"},"query-input":{"@type":"PropertyValueSpecification","valueRequired":true,"valueName":"search_term_string"}}],"inLanguage":"nb-NO"},{"@type":"Organization","@id":"https:\/\/nordnesrepublikken.no\/#organization","name":"Nordnesrepublikken","url":"https:\/\/nordnesrepublikken.no\/","logo":{"@type":"ImageObject","inLanguage":"nb-NO","@id":"https:\/\/nordnesrepublikken.no\/#\/schema\/logo\/image\/","url":"https:\/\/nordnesrepublikken.no\/wp-content\/uploads\/2025\/02\/cropped-nordnesrepublikken-2.png","contentUrl":"https:\/\/nordnesrepublikken.no\/wp-content\/uploads\/2025\/02\/cropped-nordnesrepublikken-2.png","width":1248,"height":362,"caption":"Nordnesrepublikken"},"image":{"@id":"https:\/\/nordnesrepublikken.no\/#\/schema\/logo\/image\/"}},{"@type":"Person","@id":"https:\/\/nordnesrepublikken.no\/#\/schema\/person\/2e7e81935bab77882fffb79296240ff1","name":"Ole Andersen","image":{"@type":"ImageObject","inLanguage":"nb-NO","@id":"https:\/\/nordnesrepublikken.no\/#\/schema\/person\/image\/","url":"https:\/\/nordnesrepublikken.no\/wp-content\/uploads\/2025\/02\/nordnesrepublikken-2-2-150x150.jpg","contentUrl":"https:\/\/nordnesrepublikken.no\/wp-content\/uploads\/2025\/02\/nordnesrepublikken-2-2-150x150.jpg","caption":"Ole Andersen"},"description":"Ettersom jeg vokste opp i Oslo, har jeg alltid v\u00e6rt fascinert av ordenes kraft og deres evne til \u00e5 skape endringer. Etter \u00e5 ha fullf\u00f8rt min utdannelse i kommunikasjon ved Universitetet i Bergen, fikk jeg muligheten til \u00e5 jobbe innen ulike medier, der jeg har s\u00f8kt \u00e5 belyse viktige samfunnssp\u00f8rsm\u00e5l. I dag, som redakt\u00f8r for Nordnesrepublikken, pr\u00f8ver jeg \u00e5 forene min kj\u00e6rlighet for journalistikk med min lidenskap for innovasjon og eventyr.","sameAs":["https:\/\/nordnesrepublikken.no\/"]}]}},"_links":{"self":[{"href":"https:\/\/nordnesrepublikken.no\/index.php\/wp-json\/wp\/v2\/posts\/14356","targetHints":{"allow":["GET"]}}],"collection":[{"href":"https:\/\/nordnesrepublikken.no\/index.php\/wp-json\/wp\/v2\/posts"}],"about":[{"href":"https:\/\/nordnesrepublikken.no\/index.php\/wp-json\/wp\/v2\/types\/post"}],"author":[{"embeddable":true,"href":"https:\/\/nordnesrepublikken.no\/index.php\/wp-json\/wp\/v2\/users\/1"}],"replies":[{"embeddable":true,"href":"https:\/\/nordnesrepublikken.no\/index.php\/wp-json\/wp\/v2\/comments?post=14356"}],"version-history":[{"count":1,"href":"https:\/\/nordnesrepublikken.no\/index.php\/wp-json\/wp\/v2\/posts\/14356\/revisions"}],"predecessor-version":[{"id":14358,"href":"https:\/\/nordnesrepublikken.no\/index.php\/wp-json\/wp\/v2\/posts\/14356\/revisions\/14358"}],"wp:featuredmedia":[{"embeddable":true,"href":"https:\/\/nordnesrepublikken.no\/index.php\/wp-json\/wp\/v2\/media\/14357"}],"wp:attachment":[{"href":"https:\/\/nordnesrepublikken.no\/index.php\/wp-json\/wp\/v2\/media?parent=14356"}],"wp:term":[{"taxonomy":"category","embeddable":true,"href":"https:\/\/nordnesrepublikken.no\/index.php\/wp-json\/wp\/v2\/categories?post=14356"},{"taxonomy":"post_tag","embeddable":true,"href":"https:\/\/nordnesrepublikken.no\/index.php\/wp-json\/wp\/v2\/tags?post=14356"}],"curies":[{"name":"wp","href":"https:\/\/api.w.org\/{rel}","templated":true}]}}