{"id":14350,"date":"2026-01-29T16:51:16","date_gmt":"2026-01-29T15:51:16","guid":{"rendered":"https:\/\/nordnesrepublikken.no\/index.php\/2026\/01\/29\/hva-er-kravene-og-hva-gir-dekretet\/"},"modified":"2026-01-29T16:51:17","modified_gmt":"2026-01-29T15:51:17","slug":"hva-er-kravene-og-hva-gir-dekretet","status":"publish","type":"post","link":"https:\/\/nordnesrepublikken.no\/index.php\/2026\/01\/29\/hva-er-kravene-og-hva-gir-dekretet\/","title":{"rendered":"hva er kravene og hva gir dekretet"},"content":{"rendered":"<div>\n<div class=\"cp_wrapper cp_wrapper--fw mb-30 mb-20@tablet\">\n<figure class=\"mm\"><picture class=\"img\" style=\"padding-top:56.25%\"><source  media=\"(min-width: 1024px)\"><source  media=\"(min-width: 768px)\"><\/source><\/source><\/picture><\/figure>\n<\/p><\/div>\n<p>mandag <strong>26. januar<\/strong> for <strong>Spania<\/strong> det var en historisk dag: den <strong>Ministerr\u00e5det<\/strong> godkjent et tiltak for <strong>regularisering av 500 000 migranter<\/strong> uregelmessig, noe som ville tillate <strong>juridisk anerkjennelse<\/strong> og derfor muligheten for \u00e5 jobbe og oppholde seg lovlig i landet, ogs\u00e5 tilgang til trygdetiltak. Dette dekretet, med sterk verdi <strong>symbolsk og politisk<\/strong>g\u00e5r p\u00e5 tvers av trenden med inngrep mot migrasjon utf\u00f8rt av en rekke europeiske land. Den har som m\u00e5l \u00e5 motvirke<strong>aldrende befolkning<\/strong> og gi et sterkt l\u00f8ft til<strong>spansk \u00f8konomi<\/strong>. Sekund<strong> INE<\/strong>det spanske nasjonale instituttet for statistikk, faktisk, jobbet allerede i Spania i 2025 <strong>3,58 millioner migranter<\/strong>lik <strong>16 % av landets arbeidsstyrke<\/strong>.<\/p>\n<h2><b>Hva best\u00e5r vedtaket i og hva er kravene<\/b><\/h2>\n<p>I henhold til dekretet, dvs <strong>krav<\/strong> for s\u00f8knad om oppholdstillatelse er f\u00f8lgende:<\/p>\n<ul>\n<li>Frav\u00e6r av strafferegister<\/li>\n<li>Har ankommet Spania f\u00f8r 31. desember 2025<\/li>\n<li>Vis at du har bodd og oppholdt deg i landet i minst 5 m\u00e5neder sammenhengende<\/li>\n<\/ul>\n<p>P\u00e5 dette punktet er regjeringen ledet av <strong>Pedro Sanchez<\/strong> presisert at kravet til <strong>bolig<\/strong> kan dokumenteres ikke bare med registrering i kommuneregisteret eller med leiekontrakter, men ogs\u00e5 med <strong>bevis p\u00e5 remitteringsbetalinger<\/strong> sendt til opprinnelsesfamilier i utlandet, <strong>medisinske journaler<\/strong> eller medisinske tester, <strong>transportbilletter<\/strong>. Dette er fordi det ofte skjer at personer uten dokumenter f\u00e5r st\u00f8rre problemer med \u00e5 registrere seg i tinglysningskontoret eller ha rettsgyldige og p\u00e5viselige kontrakter.<\/p>\n<p>De <strong>foresp\u00f8rsler<\/strong> kan presenteres i tidsvinduet fra<strong> april til juni 2026<\/strong>. Ved aksept av s\u00f8knaden, a <strong>midlertidig oppholdstillatelse<\/strong> som s\u00f8keren umiddelbart vil kunne begynne \u00e5 jobbe lovlig &laquo;fra dag \u00e9n i enhver sektor og i hvilken som helst del av landet&raquo; og tilgang <strong>grunnleggende tjenester<\/strong>som<strong>helsevesenet<\/strong>. Han vil senere ha en<strong> oppholdstillatelse i ett \u00e5r<\/strong>fornybar, p\u00e5 slutten av denne kan det s\u00f8kes om standardtillatelse i henhold til vanlige immigrasjonsbestemmelser. Videre vil s\u00f8keren kunne be om <strong>familiegjenforening<\/strong> med sine barn som vil kunne bo i landet og oppholde seg i en f\u00f8rste periode p\u00e5 <strong>fem \u00e5r<\/strong>.<\/p>\n<p>I tillegg til irregul\u00e6re migranter, ogs\u00e5 de som har presentert seg <strong>asyls\u00f8knad<\/strong> f\u00f8r 31. desember vil kunne dra nytte av dette tiltaket. Et viktig poeng er at n\u00e5r s\u00f8knaden om regularisering sendes inn,<strong> eventuelle hjemsendelsessaker suspenderes<\/strong> eller m\u00e5l p\u00e5 <strong>utvisning<\/strong>b\u00e5de av administrative \u00e5rsaker og for mulig uregelmessig arbeid.<\/p>\n<div class=\"cp_wrapper cp_wrapper--fw mb-50\">\n<figure class=\"mm\"><picture class=\"img\" style=\"padding-top:66.71875%\"><source  media=\"(min-width: 1024px)\"><source  media=\"(min-width: 768px)\"><img decoding=\"async\" loading=\"lazy\" src=\"https:\/\/nordnesrepublikken.no\/wp-content\/uploads\/2026\/01\/1769701876_711_hva-er-kravene-og-hva-gir-dekretet.jpg\" alt=\"Bilde\" width=\"1280\" height=\"854\"\/><\/source><\/source><\/picture><\/figure>\n<\/p><\/div>\n<h2><b>Prosessen og godkjenningen av loven <\/b><\/h2>\n<p>Denne regulariseringen ble f\u00f8dt fra en<strong>popul\u00e6rt lovinitiativ<\/strong> som han hadde samlet ca<strong> 700 000 underskrifter<\/strong>presentert for Stortinget ad<strong> april 2024<\/strong> og deretter st\u00f8ttet av <strong>PSOE<\/strong> sammen med <strong>Podemos,<\/strong> samt hundrevis av sivilsamfunnsgrupper.<\/p>\n<p>Regjeringen til Pedro S\u00e1nchez la vekt p\u00e5 det sterke <strong>valens<\/strong> ikke bare det <strong>sosial og forsvar av grunnleggende rettigheter<\/strong> av personen, men ogs\u00e5 <strong>\u00f8konomisk<\/strong>i et land der innvandring er en grunnleggende driver for produksjon. De fleste av disse arbeiderne kommer fra<strong>Latin-Amerika<\/strong> og fra naboen <strong>Nord-Afrika<\/strong>spesielt fra <strong>Venezuela, Colombia, Ecuador og Marokko<\/strong>. Videre sliter Spania ogs\u00e5 med en sterk en<strong> aldring av befolkningen<\/strong> og med et trygdesystem satt p\u00e5 pr\u00f8ve av dette fenomenet.<\/p>\n<p>Tiltaket ble godkjent via<strong> kongelig resolusjon<\/strong>gjennom <strong>n\u00f8dprosedyre<\/strong>. En kongelig resolusjon i Spania er en<strong> forskriftsbestemmelse av lavere rang enn en lov<\/strong>som utstedes av Regjeringen (Ministerr\u00e5det) og godkjennes av Kongen. Den vedtar hastetiltak, som har <strong>umiddelbar s\u00f8knad<\/strong> og som halverer normale byr\u00e5kratiske og administrative tider, som <strong>de krever ikke parlamentarisk godkjenning<\/strong>.<\/p>\n<p>Dette <strong>Det er imidlertid ikke den f\u00f8rste regulariseringsprosessen som er utf\u00f8rt i Spania<\/strong>: den f\u00f8rste fant sted under den sosialistiske regjeringen til president Felipe Gonzalez (1982-1996); deretter, under regjeringen til Jos\u00e9 Mar\u00eda Aznar (Partido Popular), ble tre regulariseringsprosesser lansert, i 1996, 2000 og 2001, til fordel for over 520 000 mennesker; mens den siste dateres tilbake til 2005, under regjeringen til Jos\u00e9 Luis Rodr\u00edguez Zapatero (PSOE), og regnes som den som kom det st\u00f8rste antallet mennesker til gode, over 570 000.<\/p>\n<h2>Hva er gjeldende migrasjonspolitikk i Italia<\/h2>\n<p>N\u00e5r det gjelder <strong>landet v\u00e5rt<\/strong>er loven som regulerer innvandring <strong>Bossi-Fini-loven av 30. juli 2002<\/strong>som har gjennomg\u00e5tt noen betydelige endringer de siste ti \u00e5rene:<\/p>\n<ul>\n<li>De <strong>Sikkerhetsdekret eller Salvini-dekret fra 2018 <\/strong>som blant de ulike tiltakene, <strong>avskaffet humanit\u00e6r beskyttelsesstatus<\/strong>konvertere den til <strong>spesiell beskyttelse<\/strong>i henhold til mer restriktive krav enn den forrige. Faktisk ble humanit\u00e6r beskyttelse aktivert under spesielle omstendigheter som: helsemessige \u00e5rsaker, frav\u00e6r av b\u00e5nd med opprinnelsesfamilien, milj\u00f8katastrofer, alvorlig politisk ustabilitet i opprinnelseslandene, vold eller brudd p\u00e5 menneskerettighetene.<\/li>\n<li>De <strong>Cutro-dekret fra 2023<\/strong>som hun blant andre var sammen med <strong>eliminert<\/strong> muligheten for \u00e5 be om omgj\u00f8ring av oppholdstillatelsen for s\u00e6rskilt beskyttelse til oppholdstillatelse av arbeidshensyn.<\/li>\n<\/ul>\n<p>Videre har <strong>regjering ledet av Giorgia Meloni<\/strong> har bemyndiget <strong>HLR<\/strong> (Repatrieringssentre), strukturer som brukes til <strong>h\u00e5ndtering av migrasjonsstr\u00f8mmer<\/strong>gir klarsignal<strong> i 2024 <\/strong>til konstruksjon <strong>HLR i Albania<\/strong>spesielt de av Sh\u00ebngjin og Gjad\u00ebr<strong>,<\/strong> og som har st\u00e5tt i sentrum for mye politisk debatt i 2025. HLR er strukturer skapt for \u00e5 <strong>velkommen irregul\u00e6re migranter<\/strong> utsatt for<strong> hjemsendelsesprosedyrer<\/strong>men faktisk var det noen hundre migranter som ble overf\u00f8rt til Albania, og deretter brakt tilbake til Italia etter <strong>Domstol i Roma<\/strong> erkl\u00e6rte kanselleringen av valideringen av internering i sentrene.<\/p>\n<p>Italias migrasjonspolitikk er en del av et bredere europeisk rammeverk, der EUs medlemsstater st\u00f8tter stadig strengere tiltak mot innvandring, med ikrafttredelsen av den nye <strong>Pakt for migrasjon og asyl<\/strong>vedtatt i 2024 og i kraft fra juni 2026, som s\u00f8rger for en rekke tiltak <strong>styrking av EUs ytre grenser<\/strong>; de<strong>fremskynde hjemsendelsesprosedyrer<\/strong>; liste e <strong>avtaler som deles med tredjeland<\/strong> definert som trygge, for \u00e5 sende irregul\u00e6re migranter og opprettelsen av <strong>eksterne sentre<\/strong>ordtak <em>nav<\/em>for \u00e5 h\u00e5ndtere innkommende str\u00f8mmer til Europa.<\/p>\n<\/p><\/div>\n","protected":false},"excerpt":{"rendered":"<p>mandag 26. januar for Spania det var en historisk dag: den Ministerr\u00e5det godkjent et tiltak<\/p>\n","protected":false},"author":1,"featured_media":14351,"comment_status":"closed","ping_status":"open","sticky":false,"template":"","format":"standard","meta":{"footnotes":""},"categories":[104],"tags":[6472,1318,144,3226],"class_list":["post-14350","post","type-post","status-publish","format-standard","has-post-thumbnail","hentry","category-samfunn","tag-dekretet","tag-gir","tag-hva","tag-kravene","generate-columns","tablet-grid-50","mobile-grid-100","grid-parent","grid-33","resize-featured-image"],"yoast_head":"<!-- This site is optimized with the Yoast SEO plugin v24.4 - https:\/\/yoast.com\/wordpress\/plugins\/seo\/ -->\n<title>hva er kravene og hva gir dekretet - Nordnesrepublikken<\/title>\n<meta name=\"robots\" content=\"index, follow, max-snippet:-1, max-image-preview:large, max-video-preview:-1\" \/>\n<link rel=\"canonical\" href=\"https:\/\/nordnesrepublikken.no\/index.php\/2026\/01\/29\/hva-er-kravene-og-hva-gir-dekretet\/\" \/>\n<meta property=\"og:locale\" content=\"nb_NO\" \/>\n<meta property=\"og:type\" content=\"article\" \/>\n<meta property=\"og:title\" content=\"hva er kravene og hva gir dekretet - Nordnesrepublikken\" \/>\n<meta property=\"og:description\" content=\"mandag 26. januar for Spania det var en historisk dag: den Ministerr\u00e5det godkjent et tiltak\" \/>\n<meta property=\"og:url\" content=\"https:\/\/nordnesrepublikken.no\/index.php\/2026\/01\/29\/hva-er-kravene-og-hva-gir-dekretet\/\" \/>\n<meta property=\"og:site_name\" content=\"Nordnesrepublikken\" \/>\n<meta property=\"article:published_time\" content=\"2026-01-29T15:51:16+00:00\" \/>\n<meta property=\"article:modified_time\" content=\"2026-01-29T15:51:17+00:00\" \/>\n<meta property=\"og:image\" content=\"https:\/\/nordnesrepublikken.no\/wp-content\/uploads\/2026\/01\/1769701876_hva-er-kravene-og-hva-gir-dekretet.jpg\" \/>\n\t<meta property=\"og:image:width\" content=\"1376\" \/>\n\t<meta property=\"og:image:height\" content=\"768\" \/>\n\t<meta property=\"og:image:type\" content=\"image\/jpeg\" \/>\n<meta name=\"author\" content=\"Ole Andersen\" \/>\n<meta name=\"twitter:card\" content=\"summary_large_image\" \/>\n<meta name=\"twitter:label1\" content=\"Skrevet av\" \/>\n\t<meta name=\"twitter:data1\" content=\"Ole Andersen\" \/>\n\t<meta name=\"twitter:label2\" content=\"Ansl. lesetid\" \/>\n\t<meta name=\"twitter:data2\" content=\"4 minutter\" \/>\n<script type=\"application\/ld+json\" class=\"yoast-schema-graph\">{\"@context\":\"https:\/\/schema.org\",\"@graph\":[{\"@type\":\"Article\",\"@id\":\"https:\/\/nordnesrepublikken.no\/index.php\/2026\/01\/29\/hva-er-kravene-og-hva-gir-dekretet\/#article\",\"isPartOf\":{\"@id\":\"https:\/\/nordnesrepublikken.no\/index.php\/2026\/01\/29\/hva-er-kravene-og-hva-gir-dekretet\/\"},\"author\":{\"name\":\"Ole Andersen\",\"@id\":\"https:\/\/nordnesrepublikken.no\/#\/schema\/person\/2e7e81935bab77882fffb79296240ff1\"},\"headline\":\"hva er kravene og hva gir dekretet\",\"datePublished\":\"2026-01-29T15:51:16+00:00\",\"dateModified\":\"2026-01-29T15:51:17+00:00\",\"mainEntityOfPage\":{\"@id\":\"https:\/\/nordnesrepublikken.no\/index.php\/2026\/01\/29\/hva-er-kravene-og-hva-gir-dekretet\/\"},\"wordCount\":900,\"publisher\":{\"@id\":\"https:\/\/nordnesrepublikken.no\/#organization\"},\"image\":{\"@id\":\"https:\/\/nordnesrepublikken.no\/index.php\/2026\/01\/29\/hva-er-kravene-og-hva-gir-dekretet\/#primaryimage\"},\"thumbnailUrl\":\"https:\/\/nordnesrepublikken.no\/wp-content\/uploads\/2026\/01\/1769701876_hva-er-kravene-og-hva-gir-dekretet.jpg\",\"keywords\":[\"dekretet\",\"gir\",\"Hva\",\"kravene\"],\"articleSection\":[\"Samfunn\"],\"inLanguage\":\"nb-NO\"},{\"@type\":\"WebPage\",\"@id\":\"https:\/\/nordnesrepublikken.no\/index.php\/2026\/01\/29\/hva-er-kravene-og-hva-gir-dekretet\/\",\"url\":\"https:\/\/nordnesrepublikken.no\/index.php\/2026\/01\/29\/hva-er-kravene-og-hva-gir-dekretet\/\",\"name\":\"hva er kravene og hva gir dekretet - Nordnesrepublikken\",\"isPartOf\":{\"@id\":\"https:\/\/nordnesrepublikken.no\/#website\"},\"primaryImageOfPage\":{\"@id\":\"https:\/\/nordnesrepublikken.no\/index.php\/2026\/01\/29\/hva-er-kravene-og-hva-gir-dekretet\/#primaryimage\"},\"image\":{\"@id\":\"https:\/\/nordnesrepublikken.no\/index.php\/2026\/01\/29\/hva-er-kravene-og-hva-gir-dekretet\/#primaryimage\"},\"thumbnailUrl\":\"https:\/\/nordnesrepublikken.no\/wp-content\/uploads\/2026\/01\/1769701876_hva-er-kravene-og-hva-gir-dekretet.jpg\",\"datePublished\":\"2026-01-29T15:51:16+00:00\",\"dateModified\":\"2026-01-29T15:51:17+00:00\",\"breadcrumb\":{\"@id\":\"https:\/\/nordnesrepublikken.no\/index.php\/2026\/01\/29\/hva-er-kravene-og-hva-gir-dekretet\/#breadcrumb\"},\"inLanguage\":\"nb-NO\",\"potentialAction\":[{\"@type\":\"ReadAction\",\"target\":[\"https:\/\/nordnesrepublikken.no\/index.php\/2026\/01\/29\/hva-er-kravene-og-hva-gir-dekretet\/\"]}]},{\"@type\":\"ImageObject\",\"inLanguage\":\"nb-NO\",\"@id\":\"https:\/\/nordnesrepublikken.no\/index.php\/2026\/01\/29\/hva-er-kravene-og-hva-gir-dekretet\/#primaryimage\",\"url\":\"https:\/\/nordnesrepublikken.no\/wp-content\/uploads\/2026\/01\/1769701876_hva-er-kravene-og-hva-gir-dekretet.jpg\",\"contentUrl\":\"https:\/\/nordnesrepublikken.no\/wp-content\/uploads\/2026\/01\/1769701876_hva-er-kravene-og-hva-gir-dekretet.jpg\",\"width\":1376,\"height\":768,\"caption\":\"hva er kravene og hva gir dekretet\"},{\"@type\":\"BreadcrumbList\",\"@id\":\"https:\/\/nordnesrepublikken.no\/index.php\/2026\/01\/29\/hva-er-kravene-og-hva-gir-dekretet\/#breadcrumb\",\"itemListElement\":[{\"@type\":\"ListItem\",\"position\":1,\"name\":\"Home\",\"item\":\"https:\/\/nordnesrepublikken.no\/\"},{\"@type\":\"ListItem\",\"position\":2,\"name\":\"hva er kravene og hva gir dekretet\"}]},{\"@type\":\"WebSite\",\"@id\":\"https:\/\/nordnesrepublikken.no\/#website\",\"url\":\"https:\/\/nordnesrepublikken.no\/\",\"name\":\"Nordnesrepublikken\",\"description\":\"Stemmer og Visjoner fra Republikkens Hjerte\",\"publisher\":{\"@id\":\"https:\/\/nordnesrepublikken.no\/#organization\"},\"potentialAction\":[{\"@type\":\"SearchAction\",\"target\":{\"@type\":\"EntryPoint\",\"urlTemplate\":\"https:\/\/nordnesrepublikken.no\/?s={search_term_string}\"},\"query-input\":{\"@type\":\"PropertyValueSpecification\",\"valueRequired\":true,\"valueName\":\"search_term_string\"}}],\"inLanguage\":\"nb-NO\"},{\"@type\":\"Organization\",\"@id\":\"https:\/\/nordnesrepublikken.no\/#organization\",\"name\":\"Nordnesrepublikken\",\"url\":\"https:\/\/nordnesrepublikken.no\/\",\"logo\":{\"@type\":\"ImageObject\",\"inLanguage\":\"nb-NO\",\"@id\":\"https:\/\/nordnesrepublikken.no\/#\/schema\/logo\/image\/\",\"url\":\"https:\/\/nordnesrepublikken.no\/wp-content\/uploads\/2025\/02\/cropped-nordnesrepublikken-2.png\",\"contentUrl\":\"https:\/\/nordnesrepublikken.no\/wp-content\/uploads\/2025\/02\/cropped-nordnesrepublikken-2.png\",\"width\":1248,\"height\":362,\"caption\":\"Nordnesrepublikken\"},\"image\":{\"@id\":\"https:\/\/nordnesrepublikken.no\/#\/schema\/logo\/image\/\"}},{\"@type\":\"Person\",\"@id\":\"https:\/\/nordnesrepublikken.no\/#\/schema\/person\/2e7e81935bab77882fffb79296240ff1\",\"name\":\"Ole Andersen\",\"image\":{\"@type\":\"ImageObject\",\"inLanguage\":\"nb-NO\",\"@id\":\"https:\/\/nordnesrepublikken.no\/#\/schema\/person\/image\/\",\"url\":\"https:\/\/nordnesrepublikken.no\/wp-content\/uploads\/2025\/02\/nordnesrepublikken-2-2-150x150.jpg\",\"contentUrl\":\"https:\/\/nordnesrepublikken.no\/wp-content\/uploads\/2025\/02\/nordnesrepublikken-2-2-150x150.jpg\",\"caption\":\"Ole Andersen\"},\"description\":\"Ettersom jeg vokste opp i Oslo, har jeg alltid v\u00e6rt fascinert av ordenes kraft og deres evne til \u00e5 skape endringer. Etter \u00e5 ha fullf\u00f8rt min utdannelse i kommunikasjon ved Universitetet i Bergen, fikk jeg muligheten til \u00e5 jobbe innen ulike medier, der jeg har s\u00f8kt \u00e5 belyse viktige samfunnssp\u00f8rsm\u00e5l. I dag, som redakt\u00f8r for Nordnesrepublikken, pr\u00f8ver jeg \u00e5 forene min kj\u00e6rlighet for journalistikk med min lidenskap for innovasjon og eventyr.\",\"sameAs\":[\"https:\/\/nordnesrepublikken.no\/\"]}]}<\/script>\n<!-- \/ Yoast SEO plugin. -->","yoast_head_json":{"title":"hva er kravene og hva gir dekretet - Nordnesrepublikken","robots":{"index":"index","follow":"follow","max-snippet":"max-snippet:-1","max-image-preview":"max-image-preview:large","max-video-preview":"max-video-preview:-1"},"canonical":"https:\/\/nordnesrepublikken.no\/index.php\/2026\/01\/29\/hva-er-kravene-og-hva-gir-dekretet\/","og_locale":"nb_NO","og_type":"article","og_title":"hva er kravene og hva gir dekretet - Nordnesrepublikken","og_description":"mandag 26. januar for Spania det var en historisk dag: den Ministerr\u00e5det godkjent et tiltak","og_url":"https:\/\/nordnesrepublikken.no\/index.php\/2026\/01\/29\/hva-er-kravene-og-hva-gir-dekretet\/","og_site_name":"Nordnesrepublikken","article_published_time":"2026-01-29T15:51:16+00:00","article_modified_time":"2026-01-29T15:51:17+00:00","og_image":[{"width":1376,"height":768,"url":"https:\/\/nordnesrepublikken.no\/wp-content\/uploads\/2026\/01\/1769701876_hva-er-kravene-og-hva-gir-dekretet.jpg","type":"image\/jpeg"}],"author":"Ole Andersen","twitter_card":"summary_large_image","twitter_misc":{"Skrevet av":"Ole Andersen","Ansl. lesetid":"4 minutter"},"schema":{"@context":"https:\/\/schema.org","@graph":[{"@type":"Article","@id":"https:\/\/nordnesrepublikken.no\/index.php\/2026\/01\/29\/hva-er-kravene-og-hva-gir-dekretet\/#article","isPartOf":{"@id":"https:\/\/nordnesrepublikken.no\/index.php\/2026\/01\/29\/hva-er-kravene-og-hva-gir-dekretet\/"},"author":{"name":"Ole Andersen","@id":"https:\/\/nordnesrepublikken.no\/#\/schema\/person\/2e7e81935bab77882fffb79296240ff1"},"headline":"hva er kravene og hva gir dekretet","datePublished":"2026-01-29T15:51:16+00:00","dateModified":"2026-01-29T15:51:17+00:00","mainEntityOfPage":{"@id":"https:\/\/nordnesrepublikken.no\/index.php\/2026\/01\/29\/hva-er-kravene-og-hva-gir-dekretet\/"},"wordCount":900,"publisher":{"@id":"https:\/\/nordnesrepublikken.no\/#organization"},"image":{"@id":"https:\/\/nordnesrepublikken.no\/index.php\/2026\/01\/29\/hva-er-kravene-og-hva-gir-dekretet\/#primaryimage"},"thumbnailUrl":"https:\/\/nordnesrepublikken.no\/wp-content\/uploads\/2026\/01\/1769701876_hva-er-kravene-og-hva-gir-dekretet.jpg","keywords":["dekretet","gir","Hva","kravene"],"articleSection":["Samfunn"],"inLanguage":"nb-NO"},{"@type":"WebPage","@id":"https:\/\/nordnesrepublikken.no\/index.php\/2026\/01\/29\/hva-er-kravene-og-hva-gir-dekretet\/","url":"https:\/\/nordnesrepublikken.no\/index.php\/2026\/01\/29\/hva-er-kravene-og-hva-gir-dekretet\/","name":"hva er kravene og hva gir dekretet - Nordnesrepublikken","isPartOf":{"@id":"https:\/\/nordnesrepublikken.no\/#website"},"primaryImageOfPage":{"@id":"https:\/\/nordnesrepublikken.no\/index.php\/2026\/01\/29\/hva-er-kravene-og-hva-gir-dekretet\/#primaryimage"},"image":{"@id":"https:\/\/nordnesrepublikken.no\/index.php\/2026\/01\/29\/hva-er-kravene-og-hva-gir-dekretet\/#primaryimage"},"thumbnailUrl":"https:\/\/nordnesrepublikken.no\/wp-content\/uploads\/2026\/01\/1769701876_hva-er-kravene-og-hva-gir-dekretet.jpg","datePublished":"2026-01-29T15:51:16+00:00","dateModified":"2026-01-29T15:51:17+00:00","breadcrumb":{"@id":"https:\/\/nordnesrepublikken.no\/index.php\/2026\/01\/29\/hva-er-kravene-og-hva-gir-dekretet\/#breadcrumb"},"inLanguage":"nb-NO","potentialAction":[{"@type":"ReadAction","target":["https:\/\/nordnesrepublikken.no\/index.php\/2026\/01\/29\/hva-er-kravene-og-hva-gir-dekretet\/"]}]},{"@type":"ImageObject","inLanguage":"nb-NO","@id":"https:\/\/nordnesrepublikken.no\/index.php\/2026\/01\/29\/hva-er-kravene-og-hva-gir-dekretet\/#primaryimage","url":"https:\/\/nordnesrepublikken.no\/wp-content\/uploads\/2026\/01\/1769701876_hva-er-kravene-og-hva-gir-dekretet.jpg","contentUrl":"https:\/\/nordnesrepublikken.no\/wp-content\/uploads\/2026\/01\/1769701876_hva-er-kravene-og-hva-gir-dekretet.jpg","width":1376,"height":768,"caption":"hva er kravene og hva gir dekretet"},{"@type":"BreadcrumbList","@id":"https:\/\/nordnesrepublikken.no\/index.php\/2026\/01\/29\/hva-er-kravene-og-hva-gir-dekretet\/#breadcrumb","itemListElement":[{"@type":"ListItem","position":1,"name":"Home","item":"https:\/\/nordnesrepublikken.no\/"},{"@type":"ListItem","position":2,"name":"hva er kravene og hva gir dekretet"}]},{"@type":"WebSite","@id":"https:\/\/nordnesrepublikken.no\/#website","url":"https:\/\/nordnesrepublikken.no\/","name":"Nordnesrepublikken","description":"Stemmer og Visjoner fra Republikkens Hjerte","publisher":{"@id":"https:\/\/nordnesrepublikken.no\/#organization"},"potentialAction":[{"@type":"SearchAction","target":{"@type":"EntryPoint","urlTemplate":"https:\/\/nordnesrepublikken.no\/?s={search_term_string}"},"query-input":{"@type":"PropertyValueSpecification","valueRequired":true,"valueName":"search_term_string"}}],"inLanguage":"nb-NO"},{"@type":"Organization","@id":"https:\/\/nordnesrepublikken.no\/#organization","name":"Nordnesrepublikken","url":"https:\/\/nordnesrepublikken.no\/","logo":{"@type":"ImageObject","inLanguage":"nb-NO","@id":"https:\/\/nordnesrepublikken.no\/#\/schema\/logo\/image\/","url":"https:\/\/nordnesrepublikken.no\/wp-content\/uploads\/2025\/02\/cropped-nordnesrepublikken-2.png","contentUrl":"https:\/\/nordnesrepublikken.no\/wp-content\/uploads\/2025\/02\/cropped-nordnesrepublikken-2.png","width":1248,"height":362,"caption":"Nordnesrepublikken"},"image":{"@id":"https:\/\/nordnesrepublikken.no\/#\/schema\/logo\/image\/"}},{"@type":"Person","@id":"https:\/\/nordnesrepublikken.no\/#\/schema\/person\/2e7e81935bab77882fffb79296240ff1","name":"Ole Andersen","image":{"@type":"ImageObject","inLanguage":"nb-NO","@id":"https:\/\/nordnesrepublikken.no\/#\/schema\/person\/image\/","url":"https:\/\/nordnesrepublikken.no\/wp-content\/uploads\/2025\/02\/nordnesrepublikken-2-2-150x150.jpg","contentUrl":"https:\/\/nordnesrepublikken.no\/wp-content\/uploads\/2025\/02\/nordnesrepublikken-2-2-150x150.jpg","caption":"Ole Andersen"},"description":"Ettersom jeg vokste opp i Oslo, har jeg alltid v\u00e6rt fascinert av ordenes kraft og deres evne til \u00e5 skape endringer. Etter \u00e5 ha fullf\u00f8rt min utdannelse i kommunikasjon ved Universitetet i Bergen, fikk jeg muligheten til \u00e5 jobbe innen ulike medier, der jeg har s\u00f8kt \u00e5 belyse viktige samfunnssp\u00f8rsm\u00e5l. I dag, som redakt\u00f8r for Nordnesrepublikken, pr\u00f8ver jeg \u00e5 forene min kj\u00e6rlighet for journalistikk med min lidenskap for innovasjon og eventyr.","sameAs":["https:\/\/nordnesrepublikken.no\/"]}]}},"_links":{"self":[{"href":"https:\/\/nordnesrepublikken.no\/index.php\/wp-json\/wp\/v2\/posts\/14350","targetHints":{"allow":["GET"]}}],"collection":[{"href":"https:\/\/nordnesrepublikken.no\/index.php\/wp-json\/wp\/v2\/posts"}],"about":[{"href":"https:\/\/nordnesrepublikken.no\/index.php\/wp-json\/wp\/v2\/types\/post"}],"author":[{"embeddable":true,"href":"https:\/\/nordnesrepublikken.no\/index.php\/wp-json\/wp\/v2\/users\/1"}],"replies":[{"embeddable":true,"href":"https:\/\/nordnesrepublikken.no\/index.php\/wp-json\/wp\/v2\/comments?post=14350"}],"version-history":[{"count":1,"href":"https:\/\/nordnesrepublikken.no\/index.php\/wp-json\/wp\/v2\/posts\/14350\/revisions"}],"predecessor-version":[{"id":14352,"href":"https:\/\/nordnesrepublikken.no\/index.php\/wp-json\/wp\/v2\/posts\/14350\/revisions\/14352"}],"wp:featuredmedia":[{"embeddable":true,"href":"https:\/\/nordnesrepublikken.no\/index.php\/wp-json\/wp\/v2\/media\/14351"}],"wp:attachment":[{"href":"https:\/\/nordnesrepublikken.no\/index.php\/wp-json\/wp\/v2\/media?parent=14350"}],"wp:term":[{"taxonomy":"category","embeddable":true,"href":"https:\/\/nordnesrepublikken.no\/index.php\/wp-json\/wp\/v2\/categories?post=14350"},{"taxonomy":"post_tag","embeddable":true,"href":"https:\/\/nordnesrepublikken.no\/index.php\/wp-json\/wp\/v2\/tags?post=14350"}],"curies":[{"name":"wp","href":"https:\/\/api.w.org\/{rel}","templated":true}]}}