{"id":14341,"date":"2026-01-29T09:50:24","date_gmt":"2026-01-29T08:50:24","guid":{"rendered":"https:\/\/nordnesrepublikken.no\/index.php\/2026\/01\/29\/historie-opprinnelse-og-utvikling-av-de-olympiske-leker\/"},"modified":"2026-01-29T09:50:29","modified_gmt":"2026-01-29T08:50:29","slug":"historie-opprinnelse-og-utvikling-av-de-olympiske-leker","status":"publish","type":"post","link":"https:\/\/nordnesrepublikken.no\/index.php\/2026\/01\/29\/historie-opprinnelse-og-utvikling-av-de-olympiske-leker\/","title":{"rendered":"historie, opprinnelse og utvikling av de olympiske leker"},"content":{"rendered":"<div>\n<div class=\"cp_wrapper cp_wrapper--fw mb-30 mb-20@tablet\">\n<figure class=\"mm\"><picture class=\"img\" style=\"padding-top:56.25%\"><source  media=\"(min-width: 1024px)\"><source  media=\"(min-width: 768px)\"><\/source><\/source><\/picture><\/figure>\n<\/p><\/div>\n<p>DE <b>Milan-Cortina Vinter-OL 2026<\/b> vil finne sted fra <b>Fredag \u200b\u200b6. til s\u00f8ndag 22. februar 2026<\/b>. Men hva er de egentlig? Det er det viktigste globale multisportarrangementet dedikert til disiplinene som finner sted p\u00e5 <b>is eller sn\u00f8<\/b>. Etablert i 1924, holdes de hvert fjerde \u00e5r, forskj\u00f8vet fra sommerlekene. Den f\u00f8rste utgaven var en <strong>Chamonix<\/strong> i Frankrike i 1924 som &laquo;<b>Internasjonal vintersportsuke<\/b>&laquo;.<\/p>\n<p>Allerede f\u00f8r denne begivenheten eksisterte mange idretter som langrenn eller sk\u00f8yter ved f\u00f8dselen av de moderne olympiske sommerleker, i<b> 1896<\/b>. Spesielt i de skandinaviske landene, men ogs\u00e5 i Storbritannia, Tyskland, USA og Canada, var det mange konkurrerende sportsaktiviteter som ble drevet p\u00e5 sn\u00f8 eller is. Blant de mest popul\u00e6re idrettene i tillegg til <b>ski<\/b> et al <b>sk\u00f8yter<\/b> allerede nevnt, var det ogs\u00e5<b>hockey<\/b>. Et f\u00f8rste vendepunkt skjedde i <b>1908<\/b>med utseendet til kunstl\u00f8p i de olympiske sommerleker i London. I <b>1920<\/b>da, i anledning OL i Antwerpen, dukket ogs\u00e5 hockey opp for f\u00f8rste gang. Det var absolutt et stort fremskritt. Imidlertid var det f\u00f8rst i 1921 at <b>DET ER<\/b> stemte for selve konstitusjonen av arrangementet som vi i dag anerkjenner som <b>olympiske vinterleker<\/b>.<\/p>\n<h2>De nordiske lekene f\u00f8r f\u00f8dselen av vinter-OL<\/h2>\n<p>Baronen <b>De Coubertin<\/b>anerkjent som faren til de moderne OL, hadde gjentatte ganger uttrykt \u00f8nske om \u00e5 inkludere sn\u00f8- og issport i lekeplanen, selv f\u00f8r enkeltopptredenene nevnt tidligere. Dette \u00f8nsket fant imidlertid mer enn noen f\u00e5 <b>motstand<\/b> p\u00e5 den tiden og \u00e5rsakene var i hovedsak to: vanskeligheten med \u00e5 opprettholde<b>universalitet<\/b> av arenaene (gitt de spesielle behovene til den aktuelle idretten) og motstanden fra <b>skandinaviske land<\/b>som var spesielt opptatt av \u00e5 opprettholde prerogativ over aktiviteter som de alltid hadde ansett som n\u00e6r dem.<\/p>\n<p>Som bevis p\u00e5 det som nettopp er sagt, er det nok \u00e5 huske at nordmennene hadde bygget rundt <b>1892, <\/b>p\u00e5 bakken med samme navn n\u00e6r Oslo, et senter som fortsatt i dag anses som tempelet for ski og vintersport: <b>Holmenkollen<\/b>. Men ikke bare det, kort tid etterp\u00e5 <b>1901<\/b>de svenske naboene takket v\u00e6re vilje og innflytelse fra <b>Viktor Balck<\/b>organiserte den f\u00f8rste utgaven av <b>Nordic Games<\/b>. Den svenske offiseren og et av de f\u00f8rste medlemmene av <b>Den internasjonale olympiske komit\u00e9<\/b>skapte et arrangement som effektivt var en forl\u00f8per til vinter-OL, der ulike idrettsut\u00f8vere konkurrerte i ulike disipliner som langrenn, skihopp, utfor, curling, skjelett, hockey, etc.<\/p>\n<h2>De f\u00f8rste olympiske vinterleker i Chamonix<\/h2>\n<p>Til utgaven av <b>OL i Antwerpen 1920<\/b> noe ekstraordin\u00e6rt og meningsfullt fra et sportslig synspunkt skjedde. Som nevnt var denne begivenheten \u00e5stedet for den f\u00f8rste olympiske opptredenen til<b>ishockey. <\/b>Denne sporten, allerede utbredt i Europa, men konsolidert i Amerika og Canada, oppn\u00e5dde stor suksess, fremfor alt takket v\u00e6re to kamper. Den f\u00f8rste var <b>USA \u2013 Sveits<\/b> endte med et utrolig resultat av <b>29-0<\/b>mens den andre var finalen vunnet av <b>Canada<\/b> 2-0 mot amerikanerne. P\u00e5 sk\u00f8yter, i alle sine kategorier, vant skandinavene med en total dominans av medaljene.<br \/>Den uventede suksessen til disse l\u00f8pene overbeviste selv de mest skeptiske og s\u00e5 <b>DET ER<\/b> stemte for opprettelsen av det som i ettertid ble definert som jeg <b>f\u00f8rste olympiske vinterleker i Chamonix i 1924<\/b>.<\/p>\n<div class=\"cp_wrapper cp_wrapper--fw mb-50\">\n<figure class=\"mm\"><picture class=\"img\" style=\"padding-top:58%\"><source  media=\"(min-width: 1024px)\"><source  media=\"(min-width: 768px)\"><img decoding=\"async\" loading=\"lazy\" src=\"https:\/\/nordnesrepublikken.no\/wp-content\/uploads\/2026\/01\/1769676624_187_historie-opprinnelse-og-utvikling-av-de-olympiske-leker.jpg\" alt=\"Bilde\" width=\"1000\" height=\"580\"\/><\/source><\/source><\/picture><\/figure>\n<\/p><\/div>\n<p>I den franske byen ved foten av Mont Blanc utfordret de hverandre <b>258<\/b> idrettsut\u00f8vere (kun <b>13<\/b> kvinner) kommer fra <b>16<\/b> Ulike land, sammenlignet med <b>91 <\/b>Nasjonale olympiske komiteer og ca <b>3000<\/b> n\u00e5v\u00e6rende deltakere (hvorav <b>47 %<\/b> kvinne) av <b>Milan Cortina 2026<\/b>.<br \/>Den beste plasseringen for det bl\u00e5 laget sammensatt av <b>14<\/b> idrettsut\u00f8vere, det var <b>sjette plass<\/b> i bobslede. Ventetiden p\u00e5 det f\u00f8rste gullet varte imidlertid i rundt tjue \u00e5r, men ble godt bel\u00f8nnet inn <b>1948<\/b> til <b>St. Moritz<\/b> fra <b>Nino Bibelen<\/b>en gr\u00f8nnsakshandler av yrke som triumferte inn <b>skjelett<\/b>.<\/p>\n<p>Fra da av begynte en historie full av suksesser for det italienske landslaget som det n\u00e5 kan skilte med <b>Totalt 142 medaljer<\/b>inkludert <b>42 gull,<\/b> og utrolige idrettsut\u00f8vere. Etter <b>Cortina 1956<\/b> Og <b>Torino 2006<\/b>har vi n\u00e5dd den tredje italienske organisasjonen av vinter-OL, og det kollektive h\u00e5pet er absolutt \u00e5 gjenoppleve uforglemmelige \u00f8yeblikk av sport.<\/p>\n<\/p><\/div>\n","protected":false},"excerpt":{"rendered":"<p>DE Milan-Cortina Vinter-OL 2026 vil finne sted fra Fredag \u200b\u200b6. til s\u00f8ndag 22. februar 2026.<\/p>\n","protected":false},"author":1,"featured_media":14342,"comment_status":"closed","ping_status":"open","sticky":false,"template":"","format":"standard","meta":{"footnotes":""},"categories":[104],"tags":[331,9354,8738,1480,317],"class_list":["post-14341","post","type-post","status-publish","format-standard","has-post-thumbnail","hentry","category-samfunn","tag-historie","tag-leker","tag-olympiske","tag-opprinnelse","tag-utvikling","generate-columns","tablet-grid-50","mobile-grid-100","grid-parent","grid-33","resize-featured-image"],"yoast_head":"<!-- This site is optimized with the Yoast SEO plugin v24.4 - https:\/\/yoast.com\/wordpress\/plugins\/seo\/ -->\n<title>historie, opprinnelse og utvikling av de olympiske leker - Nordnesrepublikken<\/title>\n<meta name=\"robots\" content=\"index, follow, max-snippet:-1, max-image-preview:large, max-video-preview:-1\" \/>\n<link rel=\"canonical\" href=\"https:\/\/nordnesrepublikken.no\/index.php\/2026\/01\/29\/historie-opprinnelse-og-utvikling-av-de-olympiske-leker\/\" \/>\n<meta property=\"og:locale\" content=\"nb_NO\" \/>\n<meta property=\"og:type\" content=\"article\" \/>\n<meta property=\"og:title\" content=\"historie, opprinnelse og utvikling av de olympiske leker - Nordnesrepublikken\" \/>\n<meta property=\"og:description\" content=\"DE Milan-Cortina Vinter-OL 2026 vil finne sted fra Fredag \u200b\u200b6. til s\u00f8ndag 22. februar 2026.\" \/>\n<meta property=\"og:url\" content=\"https:\/\/nordnesrepublikken.no\/index.php\/2026\/01\/29\/historie-opprinnelse-og-utvikling-av-de-olympiske-leker\/\" \/>\n<meta property=\"og:site_name\" content=\"Nordnesrepublikken\" \/>\n<meta property=\"article:published_time\" content=\"2026-01-29T08:50:24+00:00\" \/>\n<meta property=\"article:modified_time\" content=\"2026-01-29T08:50:29+00:00\" \/>\n<meta property=\"og:image\" content=\"https:\/\/nordnesrepublikken.no\/wp-content\/uploads\/2026\/01\/1769676625_historie-opprinnelse-og-utvikling-av-de-olympiske-leker-scaled.jpg\" \/>\n\t<meta property=\"og:image:width\" content=\"2560\" \/>\n\t<meta property=\"og:image:height\" content=\"1396\" \/>\n\t<meta property=\"og:image:type\" content=\"image\/jpeg\" \/>\n<meta name=\"author\" content=\"Ole Andersen\" \/>\n<meta name=\"twitter:card\" content=\"summary_large_image\" \/>\n<meta name=\"twitter:label1\" content=\"Skrevet av\" \/>\n\t<meta name=\"twitter:data1\" content=\"Ole Andersen\" \/>\n\t<meta name=\"twitter:label2\" content=\"Ansl. lesetid\" \/>\n\t<meta name=\"twitter:data2\" content=\"3 minutter\" \/>\n<script type=\"application\/ld+json\" class=\"yoast-schema-graph\">{\"@context\":\"https:\/\/schema.org\",\"@graph\":[{\"@type\":\"Article\",\"@id\":\"https:\/\/nordnesrepublikken.no\/index.php\/2026\/01\/29\/historie-opprinnelse-og-utvikling-av-de-olympiske-leker\/#article\",\"isPartOf\":{\"@id\":\"https:\/\/nordnesrepublikken.no\/index.php\/2026\/01\/29\/historie-opprinnelse-og-utvikling-av-de-olympiske-leker\/\"},\"author\":{\"name\":\"Ole Andersen\",\"@id\":\"https:\/\/nordnesrepublikken.no\/#\/schema\/person\/2e7e81935bab77882fffb79296240ff1\"},\"headline\":\"historie, opprinnelse og utvikling av de olympiske leker\",\"datePublished\":\"2026-01-29T08:50:24+00:00\",\"dateModified\":\"2026-01-29T08:50:29+00:00\",\"mainEntityOfPage\":{\"@id\":\"https:\/\/nordnesrepublikken.no\/index.php\/2026\/01\/29\/historie-opprinnelse-og-utvikling-av-de-olympiske-leker\/\"},\"wordCount\":660,\"publisher\":{\"@id\":\"https:\/\/nordnesrepublikken.no\/#organization\"},\"image\":{\"@id\":\"https:\/\/nordnesrepublikken.no\/index.php\/2026\/01\/29\/historie-opprinnelse-og-utvikling-av-de-olympiske-leker\/#primaryimage\"},\"thumbnailUrl\":\"https:\/\/nordnesrepublikken.no\/wp-content\/uploads\/2026\/01\/1769676625_historie-opprinnelse-og-utvikling-av-de-olympiske-leker-scaled.jpg\",\"keywords\":[\"historie\",\"leker\",\"olympiske\",\"Opprinnelse\",\"utvikling\"],\"articleSection\":[\"Samfunn\"],\"inLanguage\":\"nb-NO\"},{\"@type\":\"WebPage\",\"@id\":\"https:\/\/nordnesrepublikken.no\/index.php\/2026\/01\/29\/historie-opprinnelse-og-utvikling-av-de-olympiske-leker\/\",\"url\":\"https:\/\/nordnesrepublikken.no\/index.php\/2026\/01\/29\/historie-opprinnelse-og-utvikling-av-de-olympiske-leker\/\",\"name\":\"historie, opprinnelse og utvikling av de olympiske leker - Nordnesrepublikken\",\"isPartOf\":{\"@id\":\"https:\/\/nordnesrepublikken.no\/#website\"},\"primaryImageOfPage\":{\"@id\":\"https:\/\/nordnesrepublikken.no\/index.php\/2026\/01\/29\/historie-opprinnelse-og-utvikling-av-de-olympiske-leker\/#primaryimage\"},\"image\":{\"@id\":\"https:\/\/nordnesrepublikken.no\/index.php\/2026\/01\/29\/historie-opprinnelse-og-utvikling-av-de-olympiske-leker\/#primaryimage\"},\"thumbnailUrl\":\"https:\/\/nordnesrepublikken.no\/wp-content\/uploads\/2026\/01\/1769676625_historie-opprinnelse-og-utvikling-av-de-olympiske-leker-scaled.jpg\",\"datePublished\":\"2026-01-29T08:50:24+00:00\",\"dateModified\":\"2026-01-29T08:50:29+00:00\",\"breadcrumb\":{\"@id\":\"https:\/\/nordnesrepublikken.no\/index.php\/2026\/01\/29\/historie-opprinnelse-og-utvikling-av-de-olympiske-leker\/#breadcrumb\"},\"inLanguage\":\"nb-NO\",\"potentialAction\":[{\"@type\":\"ReadAction\",\"target\":[\"https:\/\/nordnesrepublikken.no\/index.php\/2026\/01\/29\/historie-opprinnelse-og-utvikling-av-de-olympiske-leker\/\"]}]},{\"@type\":\"ImageObject\",\"inLanguage\":\"nb-NO\",\"@id\":\"https:\/\/nordnesrepublikken.no\/index.php\/2026\/01\/29\/historie-opprinnelse-og-utvikling-av-de-olympiske-leker\/#primaryimage\",\"url\":\"https:\/\/nordnesrepublikken.no\/wp-content\/uploads\/2026\/01\/1769676625_historie-opprinnelse-og-utvikling-av-de-olympiske-leker-scaled.jpg\",\"contentUrl\":\"https:\/\/nordnesrepublikken.no\/wp-content\/uploads\/2026\/01\/1769676625_historie-opprinnelse-og-utvikling-av-de-olympiske-leker-scaled.jpg\",\"width\":2560,\"height\":1396,\"caption\":\"historie, opprinnelse og utvikling av de olympiske leker\"},{\"@type\":\"BreadcrumbList\",\"@id\":\"https:\/\/nordnesrepublikken.no\/index.php\/2026\/01\/29\/historie-opprinnelse-og-utvikling-av-de-olympiske-leker\/#breadcrumb\",\"itemListElement\":[{\"@type\":\"ListItem\",\"position\":1,\"name\":\"Home\",\"item\":\"https:\/\/nordnesrepublikken.no\/\"},{\"@type\":\"ListItem\",\"position\":2,\"name\":\"historie, opprinnelse og utvikling av de olympiske leker\"}]},{\"@type\":\"WebSite\",\"@id\":\"https:\/\/nordnesrepublikken.no\/#website\",\"url\":\"https:\/\/nordnesrepublikken.no\/\",\"name\":\"Nordnesrepublikken\",\"description\":\"Stemmer og Visjoner fra Republikkens Hjerte\",\"publisher\":{\"@id\":\"https:\/\/nordnesrepublikken.no\/#organization\"},\"potentialAction\":[{\"@type\":\"SearchAction\",\"target\":{\"@type\":\"EntryPoint\",\"urlTemplate\":\"https:\/\/nordnesrepublikken.no\/?s={search_term_string}\"},\"query-input\":{\"@type\":\"PropertyValueSpecification\",\"valueRequired\":true,\"valueName\":\"search_term_string\"}}],\"inLanguage\":\"nb-NO\"},{\"@type\":\"Organization\",\"@id\":\"https:\/\/nordnesrepublikken.no\/#organization\",\"name\":\"Nordnesrepublikken\",\"url\":\"https:\/\/nordnesrepublikken.no\/\",\"logo\":{\"@type\":\"ImageObject\",\"inLanguage\":\"nb-NO\",\"@id\":\"https:\/\/nordnesrepublikken.no\/#\/schema\/logo\/image\/\",\"url\":\"https:\/\/nordnesrepublikken.no\/wp-content\/uploads\/2025\/02\/cropped-nordnesrepublikken-2.png\",\"contentUrl\":\"https:\/\/nordnesrepublikken.no\/wp-content\/uploads\/2025\/02\/cropped-nordnesrepublikken-2.png\",\"width\":1248,\"height\":362,\"caption\":\"Nordnesrepublikken\"},\"image\":{\"@id\":\"https:\/\/nordnesrepublikken.no\/#\/schema\/logo\/image\/\"}},{\"@type\":\"Person\",\"@id\":\"https:\/\/nordnesrepublikken.no\/#\/schema\/person\/2e7e81935bab77882fffb79296240ff1\",\"name\":\"Ole Andersen\",\"image\":{\"@type\":\"ImageObject\",\"inLanguage\":\"nb-NO\",\"@id\":\"https:\/\/nordnesrepublikken.no\/#\/schema\/person\/image\/\",\"url\":\"https:\/\/nordnesrepublikken.no\/wp-content\/uploads\/2025\/02\/nordnesrepublikken-2-2-150x150.jpg\",\"contentUrl\":\"https:\/\/nordnesrepublikken.no\/wp-content\/uploads\/2025\/02\/nordnesrepublikken-2-2-150x150.jpg\",\"caption\":\"Ole Andersen\"},\"description\":\"Ettersom jeg vokste opp i Oslo, har jeg alltid v\u00e6rt fascinert av ordenes kraft og deres evne til \u00e5 skape endringer. Etter \u00e5 ha fullf\u00f8rt min utdannelse i kommunikasjon ved Universitetet i Bergen, fikk jeg muligheten til \u00e5 jobbe innen ulike medier, der jeg har s\u00f8kt \u00e5 belyse viktige samfunnssp\u00f8rsm\u00e5l. I dag, som redakt\u00f8r for Nordnesrepublikken, pr\u00f8ver jeg \u00e5 forene min kj\u00e6rlighet for journalistikk med min lidenskap for innovasjon og eventyr.\",\"sameAs\":[\"https:\/\/nordnesrepublikken.no\/\"]}]}<\/script>\n<!-- \/ Yoast SEO plugin. -->","yoast_head_json":{"title":"historie, opprinnelse og utvikling av de olympiske leker - Nordnesrepublikken","robots":{"index":"index","follow":"follow","max-snippet":"max-snippet:-1","max-image-preview":"max-image-preview:large","max-video-preview":"max-video-preview:-1"},"canonical":"https:\/\/nordnesrepublikken.no\/index.php\/2026\/01\/29\/historie-opprinnelse-og-utvikling-av-de-olympiske-leker\/","og_locale":"nb_NO","og_type":"article","og_title":"historie, opprinnelse og utvikling av de olympiske leker - Nordnesrepublikken","og_description":"DE Milan-Cortina Vinter-OL 2026 vil finne sted fra Fredag \u200b\u200b6. til s\u00f8ndag 22. februar 2026.","og_url":"https:\/\/nordnesrepublikken.no\/index.php\/2026\/01\/29\/historie-opprinnelse-og-utvikling-av-de-olympiske-leker\/","og_site_name":"Nordnesrepublikken","article_published_time":"2026-01-29T08:50:24+00:00","article_modified_time":"2026-01-29T08:50:29+00:00","og_image":[{"width":2560,"height":1396,"url":"https:\/\/nordnesrepublikken.no\/wp-content\/uploads\/2026\/01\/1769676625_historie-opprinnelse-og-utvikling-av-de-olympiske-leker-scaled.jpg","type":"image\/jpeg"}],"author":"Ole Andersen","twitter_card":"summary_large_image","twitter_misc":{"Skrevet av":"Ole Andersen","Ansl. lesetid":"3 minutter"},"schema":{"@context":"https:\/\/schema.org","@graph":[{"@type":"Article","@id":"https:\/\/nordnesrepublikken.no\/index.php\/2026\/01\/29\/historie-opprinnelse-og-utvikling-av-de-olympiske-leker\/#article","isPartOf":{"@id":"https:\/\/nordnesrepublikken.no\/index.php\/2026\/01\/29\/historie-opprinnelse-og-utvikling-av-de-olympiske-leker\/"},"author":{"name":"Ole Andersen","@id":"https:\/\/nordnesrepublikken.no\/#\/schema\/person\/2e7e81935bab77882fffb79296240ff1"},"headline":"historie, opprinnelse og utvikling av de olympiske leker","datePublished":"2026-01-29T08:50:24+00:00","dateModified":"2026-01-29T08:50:29+00:00","mainEntityOfPage":{"@id":"https:\/\/nordnesrepublikken.no\/index.php\/2026\/01\/29\/historie-opprinnelse-og-utvikling-av-de-olympiske-leker\/"},"wordCount":660,"publisher":{"@id":"https:\/\/nordnesrepublikken.no\/#organization"},"image":{"@id":"https:\/\/nordnesrepublikken.no\/index.php\/2026\/01\/29\/historie-opprinnelse-og-utvikling-av-de-olympiske-leker\/#primaryimage"},"thumbnailUrl":"https:\/\/nordnesrepublikken.no\/wp-content\/uploads\/2026\/01\/1769676625_historie-opprinnelse-og-utvikling-av-de-olympiske-leker-scaled.jpg","keywords":["historie","leker","olympiske","Opprinnelse","utvikling"],"articleSection":["Samfunn"],"inLanguage":"nb-NO"},{"@type":"WebPage","@id":"https:\/\/nordnesrepublikken.no\/index.php\/2026\/01\/29\/historie-opprinnelse-og-utvikling-av-de-olympiske-leker\/","url":"https:\/\/nordnesrepublikken.no\/index.php\/2026\/01\/29\/historie-opprinnelse-og-utvikling-av-de-olympiske-leker\/","name":"historie, opprinnelse og utvikling av de olympiske leker - Nordnesrepublikken","isPartOf":{"@id":"https:\/\/nordnesrepublikken.no\/#website"},"primaryImageOfPage":{"@id":"https:\/\/nordnesrepublikken.no\/index.php\/2026\/01\/29\/historie-opprinnelse-og-utvikling-av-de-olympiske-leker\/#primaryimage"},"image":{"@id":"https:\/\/nordnesrepublikken.no\/index.php\/2026\/01\/29\/historie-opprinnelse-og-utvikling-av-de-olympiske-leker\/#primaryimage"},"thumbnailUrl":"https:\/\/nordnesrepublikken.no\/wp-content\/uploads\/2026\/01\/1769676625_historie-opprinnelse-og-utvikling-av-de-olympiske-leker-scaled.jpg","datePublished":"2026-01-29T08:50:24+00:00","dateModified":"2026-01-29T08:50:29+00:00","breadcrumb":{"@id":"https:\/\/nordnesrepublikken.no\/index.php\/2026\/01\/29\/historie-opprinnelse-og-utvikling-av-de-olympiske-leker\/#breadcrumb"},"inLanguage":"nb-NO","potentialAction":[{"@type":"ReadAction","target":["https:\/\/nordnesrepublikken.no\/index.php\/2026\/01\/29\/historie-opprinnelse-og-utvikling-av-de-olympiske-leker\/"]}]},{"@type":"ImageObject","inLanguage":"nb-NO","@id":"https:\/\/nordnesrepublikken.no\/index.php\/2026\/01\/29\/historie-opprinnelse-og-utvikling-av-de-olympiske-leker\/#primaryimage","url":"https:\/\/nordnesrepublikken.no\/wp-content\/uploads\/2026\/01\/1769676625_historie-opprinnelse-og-utvikling-av-de-olympiske-leker-scaled.jpg","contentUrl":"https:\/\/nordnesrepublikken.no\/wp-content\/uploads\/2026\/01\/1769676625_historie-opprinnelse-og-utvikling-av-de-olympiske-leker-scaled.jpg","width":2560,"height":1396,"caption":"historie, opprinnelse og utvikling av de olympiske leker"},{"@type":"BreadcrumbList","@id":"https:\/\/nordnesrepublikken.no\/index.php\/2026\/01\/29\/historie-opprinnelse-og-utvikling-av-de-olympiske-leker\/#breadcrumb","itemListElement":[{"@type":"ListItem","position":1,"name":"Home","item":"https:\/\/nordnesrepublikken.no\/"},{"@type":"ListItem","position":2,"name":"historie, opprinnelse og utvikling av de olympiske leker"}]},{"@type":"WebSite","@id":"https:\/\/nordnesrepublikken.no\/#website","url":"https:\/\/nordnesrepublikken.no\/","name":"Nordnesrepublikken","description":"Stemmer og Visjoner fra Republikkens Hjerte","publisher":{"@id":"https:\/\/nordnesrepublikken.no\/#organization"},"potentialAction":[{"@type":"SearchAction","target":{"@type":"EntryPoint","urlTemplate":"https:\/\/nordnesrepublikken.no\/?s={search_term_string}"},"query-input":{"@type":"PropertyValueSpecification","valueRequired":true,"valueName":"search_term_string"}}],"inLanguage":"nb-NO"},{"@type":"Organization","@id":"https:\/\/nordnesrepublikken.no\/#organization","name":"Nordnesrepublikken","url":"https:\/\/nordnesrepublikken.no\/","logo":{"@type":"ImageObject","inLanguage":"nb-NO","@id":"https:\/\/nordnesrepublikken.no\/#\/schema\/logo\/image\/","url":"https:\/\/nordnesrepublikken.no\/wp-content\/uploads\/2025\/02\/cropped-nordnesrepublikken-2.png","contentUrl":"https:\/\/nordnesrepublikken.no\/wp-content\/uploads\/2025\/02\/cropped-nordnesrepublikken-2.png","width":1248,"height":362,"caption":"Nordnesrepublikken"},"image":{"@id":"https:\/\/nordnesrepublikken.no\/#\/schema\/logo\/image\/"}},{"@type":"Person","@id":"https:\/\/nordnesrepublikken.no\/#\/schema\/person\/2e7e81935bab77882fffb79296240ff1","name":"Ole Andersen","image":{"@type":"ImageObject","inLanguage":"nb-NO","@id":"https:\/\/nordnesrepublikken.no\/#\/schema\/person\/image\/","url":"https:\/\/nordnesrepublikken.no\/wp-content\/uploads\/2025\/02\/nordnesrepublikken-2-2-150x150.jpg","contentUrl":"https:\/\/nordnesrepublikken.no\/wp-content\/uploads\/2025\/02\/nordnesrepublikken-2-2-150x150.jpg","caption":"Ole Andersen"},"description":"Ettersom jeg vokste opp i Oslo, har jeg alltid v\u00e6rt fascinert av ordenes kraft og deres evne til \u00e5 skape endringer. Etter \u00e5 ha fullf\u00f8rt min utdannelse i kommunikasjon ved Universitetet i Bergen, fikk jeg muligheten til \u00e5 jobbe innen ulike medier, der jeg har s\u00f8kt \u00e5 belyse viktige samfunnssp\u00f8rsm\u00e5l. I dag, som redakt\u00f8r for Nordnesrepublikken, pr\u00f8ver jeg \u00e5 forene min kj\u00e6rlighet for journalistikk med min lidenskap for innovasjon og eventyr.","sameAs":["https:\/\/nordnesrepublikken.no\/"]}]}},"_links":{"self":[{"href":"https:\/\/nordnesrepublikken.no\/index.php\/wp-json\/wp\/v2\/posts\/14341","targetHints":{"allow":["GET"]}}],"collection":[{"href":"https:\/\/nordnesrepublikken.no\/index.php\/wp-json\/wp\/v2\/posts"}],"about":[{"href":"https:\/\/nordnesrepublikken.no\/index.php\/wp-json\/wp\/v2\/types\/post"}],"author":[{"embeddable":true,"href":"https:\/\/nordnesrepublikken.no\/index.php\/wp-json\/wp\/v2\/users\/1"}],"replies":[{"embeddable":true,"href":"https:\/\/nordnesrepublikken.no\/index.php\/wp-json\/wp\/v2\/comments?post=14341"}],"version-history":[{"count":1,"href":"https:\/\/nordnesrepublikken.no\/index.php\/wp-json\/wp\/v2\/posts\/14341\/revisions"}],"predecessor-version":[{"id":14343,"href":"https:\/\/nordnesrepublikken.no\/index.php\/wp-json\/wp\/v2\/posts\/14341\/revisions\/14343"}],"wp:featuredmedia":[{"embeddable":true,"href":"https:\/\/nordnesrepublikken.no\/index.php\/wp-json\/wp\/v2\/media\/14342"}],"wp:attachment":[{"href":"https:\/\/nordnesrepublikken.no\/index.php\/wp-json\/wp\/v2\/media?parent=14341"}],"wp:term":[{"taxonomy":"category","embeddable":true,"href":"https:\/\/nordnesrepublikken.no\/index.php\/wp-json\/wp\/v2\/categories?post=14341"},{"taxonomy":"post_tag","embeddable":true,"href":"https:\/\/nordnesrepublikken.no\/index.php\/wp-json\/wp\/v2\/tags?post=14341"}],"curies":[{"name":"wp","href":"https:\/\/api.w.org\/{rel}","templated":true}]}}