{"id":14332,"date":"2026-01-29T02:50:14","date_gmt":"2026-01-29T01:50:14","guid":{"rendered":"https:\/\/nordnesrepublikken.no\/index.php\/2026\/01\/29\/den-sanne-historien-om-disease-k-som-reddet-hundrevis-av-joder-fra-deportasjon\/"},"modified":"2026-01-29T02:50:15","modified_gmt":"2026-01-29T01:50:15","slug":"den-sanne-historien-om-disease-k-som-reddet-hundrevis-av-joder-fra-deportasjon","status":"publish","type":"post","link":"https:\/\/nordnesrepublikken.no\/index.php\/2026\/01\/29\/den-sanne-historien-om-disease-k-som-reddet-hundrevis-av-joder-fra-deportasjon\/","title":{"rendered":"Den sanne historien om Disease K, som reddet hundrevis av j\u00f8der fra deportasjon"},"content":{"rendered":"<div>\n<div class=\"cp_wrapper cp_wrapper--fw mb-30 mb-20@tablet\">\n<figure class=\"mm\"><picture class=\"img\" style=\"padding-top:56.25%\"><source  media=\"(min-width: 1024px)\"><source  media=\"(min-width: 768px)\"><\/source><\/source><\/picture><\/figure>\n<\/p><\/div>\n<p>P\u00e5 kvelden p\u00e5 minnedagen<strong> 2026 <\/strong>og 28. januar hyller Rai 1 ofrene for Holocaust med fiksjon <strong>Morbo K, den som redder et liv, redder hele verden<\/strong> av Francesco Patierno. Selv om det er fiksjonaliserte elementer i den, forteller serien den sanne historien om legen <strong>Giovanni Borromeo<\/strong>overlege ved Fatebenefratelli sykehus som sammen med sine samarbeidspartnere klarte \u00e5 redde noen j\u00f8der fra <strong>oppsummering av Roma-gettoen<\/strong>oppfant i 1943 eksistensen av en smittsom sykdom som faktisk aldri eksisterte.<\/p>\n<p>Ideen om den falske sykdommen kom til Borromeo under de nazi-fascistiske forf\u00f8lgelsene 16. oktober 1943 mot de j\u00f8diske innbyggerne i Roma, da Gestapo gikk inn i byen og andre hjem for \u00e5 arrestere rundt tusen mennesker. Noen av dem klarte \u00e5 s\u00f8ke tilflukt inne i Fatebenefratelli, og legen tenkte umiddelbart p\u00e5 en plan for \u00e5 beskytte flyktningene (romersk-j\u00f8diske borgere og av polsk opprinnelse). S\u00e5 det var slik at legene fant opp en hel avdeling der de la inn pasienter <strong>under falskt navn<\/strong> de uheldige, og kompilerte en serie av <strong>falske journaler<\/strong> med &laquo;K sykdom&raquo;. Sykdommen ble oppkalt etter den tyske generalen Albert Kesselring, og alle pasienter &laquo;rammet&raquo; av sykdommen ble kjent som &laquo;Kesslering-pasienter&raquo;.<\/p>\n<p>Legen, som kunne snakke tysk, forklarte til offiserene at sykdommen var &laquo;<strong>veldig smittsomt<\/strong>\u201d for \u00e5 sikre at de sluttet \u00e5 inspisere paviljongen til ber\u00f8rte pasienter, og at de til og med frar\u00e5det seg selv \u00e5 se p\u00e5 navnene p\u00e5 filene, fordi \u00abd\u00f8den var praktisk talt sikker\u00bb.<\/p>\n<p>S\u00e5 kom de falske pasientene <strong>erkl\u00e6rt d\u00f8d<\/strong> n\u00e5r falske identitetsdokumenter kom som ville ha tillatt ham <strong>lekke<\/strong>.<\/p>\n<p>Det faktum at flyktningene hadde s\u00f8kt tilflukt inne p\u00e5 sykehuset var ingen tilfeldighet: blant doktor Borromeos samarbeidspartnere var legen med j\u00f8disk opprinnelse <strong>Vittorio Emanuele Sacerdoti<\/strong>som p\u00e5 det tidspunktet jobbet p\u00e5 sykehuset under falskt navn &#8211; som hadde fortsatt \u00e5 ut\u00f8ve yrket sitt takket v\u00e6re anbefaling fra onkelen, en ber\u00f8mt fysiopatolog hvis elev Borromeo hadde v\u00e6rt som gutt &#8211; og menneskene som ankom Fatebenefratelli den dagen var hans <strong>pasienter<\/strong> som ikke visste hvem andre de skulle henvende seg til. Senere sa Sacerdoti at etter den episoden ble sykehuset et tilfluktssted for mange forfulgte mennesker, som f.eks. <strong>partisaner<\/strong>. Etter v\u00e5penhvilen 8. september 1943 kom det ogs\u00e5 noen <strong>tidligere<\/strong> <strong>fascister<\/strong> bekymret for represalier.<\/p>\n<p>N\u00e5r Roma ble frigjort og krigen var over, mottok Giovanni Borromeo <strong>Fortjenstkors av Maltas orden<\/strong> og den <strong>S\u00f8lvmedalje for tapperhet<\/strong>. Etter hans d\u00f8d i 1961 oppn\u00e5dde han ogs\u00e5 anerkjennelse av <strong>Rettferdige blant nasjonene<\/strong>som et eksempel p\u00e5 sivil motstand mot fascistiske og nazistiske overgrep og hat.<\/p>\n<\/p><\/div>\n","protected":false},"excerpt":{"rendered":"<p>P\u00e5 kvelden p\u00e5 minnedagen 2026 og 28. januar hyller Rai 1 ofrene for Holocaust med<\/p>\n","protected":false},"author":1,"featured_media":14333,"comment_status":"closed","ping_status":"open","sticky":false,"template":"","format":"standard","meta":{"footnotes":""},"categories":[104],"tags":[74,9349,9347,125,521,3733,9348,3985,1129,31],"class_list":["post-14332","post","type-post","status-publish","format-standard","has-post-thumbnail","hentry","category-samfunn","tag-den","tag-deportasjon","tag-disease","tag-fra","tag-historien","tag-hundrevis","tag-joder","tag-reddet","tag-sanne","tag-som","generate-columns","tablet-grid-50","mobile-grid-100","grid-parent","grid-33","resize-featured-image"],"yoast_head":"<!-- This site is optimized with the Yoast SEO plugin v24.4 - https:\/\/yoast.com\/wordpress\/plugins\/seo\/ -->\n<title>Den sanne historien om Disease K, som reddet hundrevis av j\u00f8der fra deportasjon - Nordnesrepublikken<\/title>\n<meta name=\"robots\" content=\"index, follow, max-snippet:-1, max-image-preview:large, max-video-preview:-1\" \/>\n<link rel=\"canonical\" href=\"https:\/\/nordnesrepublikken.no\/index.php\/2026\/01\/29\/den-sanne-historien-om-disease-k-som-reddet-hundrevis-av-joder-fra-deportasjon\/\" \/>\n<meta property=\"og:locale\" content=\"nb_NO\" \/>\n<meta property=\"og:type\" content=\"article\" \/>\n<meta property=\"og:title\" content=\"Den sanne historien om Disease K, som reddet hundrevis av j\u00f8der fra deportasjon - Nordnesrepublikken\" \/>\n<meta property=\"og:description\" content=\"P\u00e5 kvelden p\u00e5 minnedagen 2026 og 28. januar hyller Rai 1 ofrene for Holocaust med\" \/>\n<meta property=\"og:url\" content=\"https:\/\/nordnesrepublikken.no\/index.php\/2026\/01\/29\/den-sanne-historien-om-disease-k-som-reddet-hundrevis-av-joder-fra-deportasjon\/\" \/>\n<meta property=\"og:site_name\" content=\"Nordnesrepublikken\" \/>\n<meta property=\"article:published_time\" content=\"2026-01-29T01:50:14+00:00\" \/>\n<meta property=\"article:modified_time\" content=\"2026-01-29T01:50:15+00:00\" \/>\n<meta property=\"og:image\" content=\"https:\/\/nordnesrepublikken.no\/wp-content\/uploads\/2026\/01\/1769651414_Den-sanne-historien-om-Disease-K-som-reddet-hundrevis-av.jpg\" \/>\n\t<meta property=\"og:image:width\" content=\"1376\" \/>\n\t<meta property=\"og:image:height\" content=\"768\" \/>\n\t<meta property=\"og:image:type\" content=\"image\/jpeg\" \/>\n<meta name=\"author\" content=\"Ole Andersen\" \/>\n<meta name=\"twitter:card\" content=\"summary_large_image\" \/>\n<meta name=\"twitter:label1\" content=\"Skrevet av\" \/>\n\t<meta name=\"twitter:data1\" content=\"Ole Andersen\" \/>\n\t<meta name=\"twitter:label2\" content=\"Ansl. lesetid\" \/>\n\t<meta name=\"twitter:data2\" content=\"2 minutter\" \/>\n<script type=\"application\/ld+json\" class=\"yoast-schema-graph\">{\"@context\":\"https:\/\/schema.org\",\"@graph\":[{\"@type\":\"Article\",\"@id\":\"https:\/\/nordnesrepublikken.no\/index.php\/2026\/01\/29\/den-sanne-historien-om-disease-k-som-reddet-hundrevis-av-joder-fra-deportasjon\/#article\",\"isPartOf\":{\"@id\":\"https:\/\/nordnesrepublikken.no\/index.php\/2026\/01\/29\/den-sanne-historien-om-disease-k-som-reddet-hundrevis-av-joder-fra-deportasjon\/\"},\"author\":{\"name\":\"Ole Andersen\",\"@id\":\"https:\/\/nordnesrepublikken.no\/#\/schema\/person\/2e7e81935bab77882fffb79296240ff1\"},\"headline\":\"Den sanne historien om Disease K, som reddet hundrevis av j\u00f8der fra deportasjon\",\"datePublished\":\"2026-01-29T01:50:14+00:00\",\"dateModified\":\"2026-01-29T01:50:15+00:00\",\"mainEntityOfPage\":{\"@id\":\"https:\/\/nordnesrepublikken.no\/index.php\/2026\/01\/29\/den-sanne-historien-om-disease-k-som-reddet-hundrevis-av-joder-fra-deportasjon\/\"},\"wordCount\":425,\"publisher\":{\"@id\":\"https:\/\/nordnesrepublikken.no\/#organization\"},\"image\":{\"@id\":\"https:\/\/nordnesrepublikken.no\/index.php\/2026\/01\/29\/den-sanne-historien-om-disease-k-som-reddet-hundrevis-av-joder-fra-deportasjon\/#primaryimage\"},\"thumbnailUrl\":\"https:\/\/nordnesrepublikken.no\/wp-content\/uploads\/2026\/01\/1769651414_Den-sanne-historien-om-Disease-K-som-reddet-hundrevis-av.jpg\",\"keywords\":[\"den\",\"deportasjon\",\"Disease\",\"fra\",\"Historien\",\"hundrevis\",\"j\u00f8der\",\"Reddet\",\"sanne\",\"som\"],\"articleSection\":[\"Samfunn\"],\"inLanguage\":\"nb-NO\"},{\"@type\":\"WebPage\",\"@id\":\"https:\/\/nordnesrepublikken.no\/index.php\/2026\/01\/29\/den-sanne-historien-om-disease-k-som-reddet-hundrevis-av-joder-fra-deportasjon\/\",\"url\":\"https:\/\/nordnesrepublikken.no\/index.php\/2026\/01\/29\/den-sanne-historien-om-disease-k-som-reddet-hundrevis-av-joder-fra-deportasjon\/\",\"name\":\"Den sanne historien om Disease K, som reddet hundrevis av j\u00f8der fra deportasjon - Nordnesrepublikken\",\"isPartOf\":{\"@id\":\"https:\/\/nordnesrepublikken.no\/#website\"},\"primaryImageOfPage\":{\"@id\":\"https:\/\/nordnesrepublikken.no\/index.php\/2026\/01\/29\/den-sanne-historien-om-disease-k-som-reddet-hundrevis-av-joder-fra-deportasjon\/#primaryimage\"},\"image\":{\"@id\":\"https:\/\/nordnesrepublikken.no\/index.php\/2026\/01\/29\/den-sanne-historien-om-disease-k-som-reddet-hundrevis-av-joder-fra-deportasjon\/#primaryimage\"},\"thumbnailUrl\":\"https:\/\/nordnesrepublikken.no\/wp-content\/uploads\/2026\/01\/1769651414_Den-sanne-historien-om-Disease-K-som-reddet-hundrevis-av.jpg\",\"datePublished\":\"2026-01-29T01:50:14+00:00\",\"dateModified\":\"2026-01-29T01:50:15+00:00\",\"breadcrumb\":{\"@id\":\"https:\/\/nordnesrepublikken.no\/index.php\/2026\/01\/29\/den-sanne-historien-om-disease-k-som-reddet-hundrevis-av-joder-fra-deportasjon\/#breadcrumb\"},\"inLanguage\":\"nb-NO\",\"potentialAction\":[{\"@type\":\"ReadAction\",\"target\":[\"https:\/\/nordnesrepublikken.no\/index.php\/2026\/01\/29\/den-sanne-historien-om-disease-k-som-reddet-hundrevis-av-joder-fra-deportasjon\/\"]}]},{\"@type\":\"ImageObject\",\"inLanguage\":\"nb-NO\",\"@id\":\"https:\/\/nordnesrepublikken.no\/index.php\/2026\/01\/29\/den-sanne-historien-om-disease-k-som-reddet-hundrevis-av-joder-fra-deportasjon\/#primaryimage\",\"url\":\"https:\/\/nordnesrepublikken.no\/wp-content\/uploads\/2026\/01\/1769651414_Den-sanne-historien-om-Disease-K-som-reddet-hundrevis-av.jpg\",\"contentUrl\":\"https:\/\/nordnesrepublikken.no\/wp-content\/uploads\/2026\/01\/1769651414_Den-sanne-historien-om-Disease-K-som-reddet-hundrevis-av.jpg\",\"width\":1376,\"height\":768,\"caption\":\"Den sanne historien om Disease K, som reddet hundrevis av j\u00f8der fra deportasjon\"},{\"@type\":\"BreadcrumbList\",\"@id\":\"https:\/\/nordnesrepublikken.no\/index.php\/2026\/01\/29\/den-sanne-historien-om-disease-k-som-reddet-hundrevis-av-joder-fra-deportasjon\/#breadcrumb\",\"itemListElement\":[{\"@type\":\"ListItem\",\"position\":1,\"name\":\"Home\",\"item\":\"https:\/\/nordnesrepublikken.no\/\"},{\"@type\":\"ListItem\",\"position\":2,\"name\":\"Den sanne historien om Disease K, som reddet hundrevis av j\u00f8der fra deportasjon\"}]},{\"@type\":\"WebSite\",\"@id\":\"https:\/\/nordnesrepublikken.no\/#website\",\"url\":\"https:\/\/nordnesrepublikken.no\/\",\"name\":\"Nordnesrepublikken\",\"description\":\"Stemmer og Visjoner fra Republikkens Hjerte\",\"publisher\":{\"@id\":\"https:\/\/nordnesrepublikken.no\/#organization\"},\"potentialAction\":[{\"@type\":\"SearchAction\",\"target\":{\"@type\":\"EntryPoint\",\"urlTemplate\":\"https:\/\/nordnesrepublikken.no\/?s={search_term_string}\"},\"query-input\":{\"@type\":\"PropertyValueSpecification\",\"valueRequired\":true,\"valueName\":\"search_term_string\"}}],\"inLanguage\":\"nb-NO\"},{\"@type\":\"Organization\",\"@id\":\"https:\/\/nordnesrepublikken.no\/#organization\",\"name\":\"Nordnesrepublikken\",\"url\":\"https:\/\/nordnesrepublikken.no\/\",\"logo\":{\"@type\":\"ImageObject\",\"inLanguage\":\"nb-NO\",\"@id\":\"https:\/\/nordnesrepublikken.no\/#\/schema\/logo\/image\/\",\"url\":\"https:\/\/nordnesrepublikken.no\/wp-content\/uploads\/2025\/02\/cropped-nordnesrepublikken-2.png\",\"contentUrl\":\"https:\/\/nordnesrepublikken.no\/wp-content\/uploads\/2025\/02\/cropped-nordnesrepublikken-2.png\",\"width\":1248,\"height\":362,\"caption\":\"Nordnesrepublikken\"},\"image\":{\"@id\":\"https:\/\/nordnesrepublikken.no\/#\/schema\/logo\/image\/\"}},{\"@type\":\"Person\",\"@id\":\"https:\/\/nordnesrepublikken.no\/#\/schema\/person\/2e7e81935bab77882fffb79296240ff1\",\"name\":\"Ole Andersen\",\"image\":{\"@type\":\"ImageObject\",\"inLanguage\":\"nb-NO\",\"@id\":\"https:\/\/nordnesrepublikken.no\/#\/schema\/person\/image\/\",\"url\":\"https:\/\/nordnesrepublikken.no\/wp-content\/uploads\/2025\/02\/nordnesrepublikken-2-2-150x150.jpg\",\"contentUrl\":\"https:\/\/nordnesrepublikken.no\/wp-content\/uploads\/2025\/02\/nordnesrepublikken-2-2-150x150.jpg\",\"caption\":\"Ole Andersen\"},\"description\":\"Ettersom jeg vokste opp i Oslo, har jeg alltid v\u00e6rt fascinert av ordenes kraft og deres evne til \u00e5 skape endringer. Etter \u00e5 ha fullf\u00f8rt min utdannelse i kommunikasjon ved Universitetet i Bergen, fikk jeg muligheten til \u00e5 jobbe innen ulike medier, der jeg har s\u00f8kt \u00e5 belyse viktige samfunnssp\u00f8rsm\u00e5l. I dag, som redakt\u00f8r for Nordnesrepublikken, pr\u00f8ver jeg \u00e5 forene min kj\u00e6rlighet for journalistikk med min lidenskap for innovasjon og eventyr.\",\"sameAs\":[\"https:\/\/nordnesrepublikken.no\/\"]}]}<\/script>\n<!-- \/ Yoast SEO plugin. -->","yoast_head_json":{"title":"Den sanne historien om Disease K, som reddet hundrevis av j\u00f8der fra deportasjon - Nordnesrepublikken","robots":{"index":"index","follow":"follow","max-snippet":"max-snippet:-1","max-image-preview":"max-image-preview:large","max-video-preview":"max-video-preview:-1"},"canonical":"https:\/\/nordnesrepublikken.no\/index.php\/2026\/01\/29\/den-sanne-historien-om-disease-k-som-reddet-hundrevis-av-joder-fra-deportasjon\/","og_locale":"nb_NO","og_type":"article","og_title":"Den sanne historien om Disease K, som reddet hundrevis av j\u00f8der fra deportasjon - Nordnesrepublikken","og_description":"P\u00e5 kvelden p\u00e5 minnedagen 2026 og 28. januar hyller Rai 1 ofrene for Holocaust med","og_url":"https:\/\/nordnesrepublikken.no\/index.php\/2026\/01\/29\/den-sanne-historien-om-disease-k-som-reddet-hundrevis-av-joder-fra-deportasjon\/","og_site_name":"Nordnesrepublikken","article_published_time":"2026-01-29T01:50:14+00:00","article_modified_time":"2026-01-29T01:50:15+00:00","og_image":[{"width":1376,"height":768,"url":"https:\/\/nordnesrepublikken.no\/wp-content\/uploads\/2026\/01\/1769651414_Den-sanne-historien-om-Disease-K-som-reddet-hundrevis-av.jpg","type":"image\/jpeg"}],"author":"Ole Andersen","twitter_card":"summary_large_image","twitter_misc":{"Skrevet av":"Ole Andersen","Ansl. lesetid":"2 minutter"},"schema":{"@context":"https:\/\/schema.org","@graph":[{"@type":"Article","@id":"https:\/\/nordnesrepublikken.no\/index.php\/2026\/01\/29\/den-sanne-historien-om-disease-k-som-reddet-hundrevis-av-joder-fra-deportasjon\/#article","isPartOf":{"@id":"https:\/\/nordnesrepublikken.no\/index.php\/2026\/01\/29\/den-sanne-historien-om-disease-k-som-reddet-hundrevis-av-joder-fra-deportasjon\/"},"author":{"name":"Ole Andersen","@id":"https:\/\/nordnesrepublikken.no\/#\/schema\/person\/2e7e81935bab77882fffb79296240ff1"},"headline":"Den sanne historien om Disease K, som reddet hundrevis av j\u00f8der fra deportasjon","datePublished":"2026-01-29T01:50:14+00:00","dateModified":"2026-01-29T01:50:15+00:00","mainEntityOfPage":{"@id":"https:\/\/nordnesrepublikken.no\/index.php\/2026\/01\/29\/den-sanne-historien-om-disease-k-som-reddet-hundrevis-av-joder-fra-deportasjon\/"},"wordCount":425,"publisher":{"@id":"https:\/\/nordnesrepublikken.no\/#organization"},"image":{"@id":"https:\/\/nordnesrepublikken.no\/index.php\/2026\/01\/29\/den-sanne-historien-om-disease-k-som-reddet-hundrevis-av-joder-fra-deportasjon\/#primaryimage"},"thumbnailUrl":"https:\/\/nordnesrepublikken.no\/wp-content\/uploads\/2026\/01\/1769651414_Den-sanne-historien-om-Disease-K-som-reddet-hundrevis-av.jpg","keywords":["den","deportasjon","Disease","fra","Historien","hundrevis","j\u00f8der","Reddet","sanne","som"],"articleSection":["Samfunn"],"inLanguage":"nb-NO"},{"@type":"WebPage","@id":"https:\/\/nordnesrepublikken.no\/index.php\/2026\/01\/29\/den-sanne-historien-om-disease-k-som-reddet-hundrevis-av-joder-fra-deportasjon\/","url":"https:\/\/nordnesrepublikken.no\/index.php\/2026\/01\/29\/den-sanne-historien-om-disease-k-som-reddet-hundrevis-av-joder-fra-deportasjon\/","name":"Den sanne historien om Disease K, som reddet hundrevis av j\u00f8der fra deportasjon - Nordnesrepublikken","isPartOf":{"@id":"https:\/\/nordnesrepublikken.no\/#website"},"primaryImageOfPage":{"@id":"https:\/\/nordnesrepublikken.no\/index.php\/2026\/01\/29\/den-sanne-historien-om-disease-k-som-reddet-hundrevis-av-joder-fra-deportasjon\/#primaryimage"},"image":{"@id":"https:\/\/nordnesrepublikken.no\/index.php\/2026\/01\/29\/den-sanne-historien-om-disease-k-som-reddet-hundrevis-av-joder-fra-deportasjon\/#primaryimage"},"thumbnailUrl":"https:\/\/nordnesrepublikken.no\/wp-content\/uploads\/2026\/01\/1769651414_Den-sanne-historien-om-Disease-K-som-reddet-hundrevis-av.jpg","datePublished":"2026-01-29T01:50:14+00:00","dateModified":"2026-01-29T01:50:15+00:00","breadcrumb":{"@id":"https:\/\/nordnesrepublikken.no\/index.php\/2026\/01\/29\/den-sanne-historien-om-disease-k-som-reddet-hundrevis-av-joder-fra-deportasjon\/#breadcrumb"},"inLanguage":"nb-NO","potentialAction":[{"@type":"ReadAction","target":["https:\/\/nordnesrepublikken.no\/index.php\/2026\/01\/29\/den-sanne-historien-om-disease-k-som-reddet-hundrevis-av-joder-fra-deportasjon\/"]}]},{"@type":"ImageObject","inLanguage":"nb-NO","@id":"https:\/\/nordnesrepublikken.no\/index.php\/2026\/01\/29\/den-sanne-historien-om-disease-k-som-reddet-hundrevis-av-joder-fra-deportasjon\/#primaryimage","url":"https:\/\/nordnesrepublikken.no\/wp-content\/uploads\/2026\/01\/1769651414_Den-sanne-historien-om-Disease-K-som-reddet-hundrevis-av.jpg","contentUrl":"https:\/\/nordnesrepublikken.no\/wp-content\/uploads\/2026\/01\/1769651414_Den-sanne-historien-om-Disease-K-som-reddet-hundrevis-av.jpg","width":1376,"height":768,"caption":"Den sanne historien om Disease K, som reddet hundrevis av j\u00f8der fra deportasjon"},{"@type":"BreadcrumbList","@id":"https:\/\/nordnesrepublikken.no\/index.php\/2026\/01\/29\/den-sanne-historien-om-disease-k-som-reddet-hundrevis-av-joder-fra-deportasjon\/#breadcrumb","itemListElement":[{"@type":"ListItem","position":1,"name":"Home","item":"https:\/\/nordnesrepublikken.no\/"},{"@type":"ListItem","position":2,"name":"Den sanne historien om Disease K, som reddet hundrevis av j\u00f8der fra deportasjon"}]},{"@type":"WebSite","@id":"https:\/\/nordnesrepublikken.no\/#website","url":"https:\/\/nordnesrepublikken.no\/","name":"Nordnesrepublikken","description":"Stemmer og Visjoner fra Republikkens Hjerte","publisher":{"@id":"https:\/\/nordnesrepublikken.no\/#organization"},"potentialAction":[{"@type":"SearchAction","target":{"@type":"EntryPoint","urlTemplate":"https:\/\/nordnesrepublikken.no\/?s={search_term_string}"},"query-input":{"@type":"PropertyValueSpecification","valueRequired":true,"valueName":"search_term_string"}}],"inLanguage":"nb-NO"},{"@type":"Organization","@id":"https:\/\/nordnesrepublikken.no\/#organization","name":"Nordnesrepublikken","url":"https:\/\/nordnesrepublikken.no\/","logo":{"@type":"ImageObject","inLanguage":"nb-NO","@id":"https:\/\/nordnesrepublikken.no\/#\/schema\/logo\/image\/","url":"https:\/\/nordnesrepublikken.no\/wp-content\/uploads\/2025\/02\/cropped-nordnesrepublikken-2.png","contentUrl":"https:\/\/nordnesrepublikken.no\/wp-content\/uploads\/2025\/02\/cropped-nordnesrepublikken-2.png","width":1248,"height":362,"caption":"Nordnesrepublikken"},"image":{"@id":"https:\/\/nordnesrepublikken.no\/#\/schema\/logo\/image\/"}},{"@type":"Person","@id":"https:\/\/nordnesrepublikken.no\/#\/schema\/person\/2e7e81935bab77882fffb79296240ff1","name":"Ole Andersen","image":{"@type":"ImageObject","inLanguage":"nb-NO","@id":"https:\/\/nordnesrepublikken.no\/#\/schema\/person\/image\/","url":"https:\/\/nordnesrepublikken.no\/wp-content\/uploads\/2025\/02\/nordnesrepublikken-2-2-150x150.jpg","contentUrl":"https:\/\/nordnesrepublikken.no\/wp-content\/uploads\/2025\/02\/nordnesrepublikken-2-2-150x150.jpg","caption":"Ole Andersen"},"description":"Ettersom jeg vokste opp i Oslo, har jeg alltid v\u00e6rt fascinert av ordenes kraft og deres evne til \u00e5 skape endringer. Etter \u00e5 ha fullf\u00f8rt min utdannelse i kommunikasjon ved Universitetet i Bergen, fikk jeg muligheten til \u00e5 jobbe innen ulike medier, der jeg har s\u00f8kt \u00e5 belyse viktige samfunnssp\u00f8rsm\u00e5l. I dag, som redakt\u00f8r for Nordnesrepublikken, pr\u00f8ver jeg \u00e5 forene min kj\u00e6rlighet for journalistikk med min lidenskap for innovasjon og eventyr.","sameAs":["https:\/\/nordnesrepublikken.no\/"]}]}},"_links":{"self":[{"href":"https:\/\/nordnesrepublikken.no\/index.php\/wp-json\/wp\/v2\/posts\/14332","targetHints":{"allow":["GET"]}}],"collection":[{"href":"https:\/\/nordnesrepublikken.no\/index.php\/wp-json\/wp\/v2\/posts"}],"about":[{"href":"https:\/\/nordnesrepublikken.no\/index.php\/wp-json\/wp\/v2\/types\/post"}],"author":[{"embeddable":true,"href":"https:\/\/nordnesrepublikken.no\/index.php\/wp-json\/wp\/v2\/users\/1"}],"replies":[{"embeddable":true,"href":"https:\/\/nordnesrepublikken.no\/index.php\/wp-json\/wp\/v2\/comments?post=14332"}],"version-history":[{"count":1,"href":"https:\/\/nordnesrepublikken.no\/index.php\/wp-json\/wp\/v2\/posts\/14332\/revisions"}],"predecessor-version":[{"id":14334,"href":"https:\/\/nordnesrepublikken.no\/index.php\/wp-json\/wp\/v2\/posts\/14332\/revisions\/14334"}],"wp:featuredmedia":[{"embeddable":true,"href":"https:\/\/nordnesrepublikken.no\/index.php\/wp-json\/wp\/v2\/media\/14333"}],"wp:attachment":[{"href":"https:\/\/nordnesrepublikken.no\/index.php\/wp-json\/wp\/v2\/media?parent=14332"}],"wp:term":[{"taxonomy":"category","embeddable":true,"href":"https:\/\/nordnesrepublikken.no\/index.php\/wp-json\/wp\/v2\/categories?post=14332"},{"taxonomy":"post_tag","embeddable":true,"href":"https:\/\/nordnesrepublikken.no\/index.php\/wp-json\/wp\/v2\/tags?post=14332"}],"curies":[{"name":"wp","href":"https:\/\/api.w.org\/{rel}","templated":true}]}}