{"id":14308,"date":"2026-01-28T12:52:37","date_gmt":"2026-01-28T11:52:37","guid":{"rendered":"https:\/\/nordnesrepublikken.no\/index.php\/2026\/01\/28\/en-italiener-av-fem-i-fare-ifolge-oxfam-data\/"},"modified":"2026-01-28T12:52:40","modified_gmt":"2026-01-28T11:52:40","slug":"en-italiener-av-fem-i-fare-ifolge-oxfam-data","status":"publish","type":"post","link":"https:\/\/nordnesrepublikken.no\/index.php\/2026\/01\/28\/en-italiener-av-fem-i-fare-ifolge-oxfam-data\/","title":{"rendered":"en italiener av fem i fare, if\u00f8lge Oxfam-data"},"content":{"rendered":"<div>\n<div class=\"cp_wrapper cp_wrapper--fw mb-30 mb-20@tablet\">\n<figure class=\"mm\"><picture class=\"img\" style=\"padding-top:56.25%\"><source  media=\"(min-width: 1024px)\"><source  media=\"(min-width: 768px)\"><\/source><\/source><\/picture><\/figure>\n<\/p><\/div>\n<p>TIL <strong>Davos<\/strong> investorer, \u00f8konomer og politiske beslutningstakere lurer p\u00e5 <strong>n\u00e6r fremtid for den globale \u00f8konomien<\/strong> og videre <strong>nye geopolitiske balanser<\/strong>. I en stadig mer fragmentert verden er sp\u00f8rsm\u00e5lene som syklisk vender tilbake til sentrum av debatten alltid de samme: hvordan samarbeide i en kontekst med \u00f8kende spenninger, hvor man finner nye kilder til vekst, hvordan man virkelig investerer i menneskelig kapital.<\/p>\n<p>Dette er sp\u00f8rsm\u00e5l som ikke forblir begrenset til rommene til World Economic Forum. Tvert imot finner de en konkret \u2013 ofte problematisk \u2013 respons i enkeltland. <strong>Italia er en av disse sakene<\/strong>. Bildet tegnet av<strong>siste Oxfam Italia-rapport om fattigdom og ulikhet<\/strong> den viser tydelig hvor stort gapet mellom globale ambisjoner og nasjonal virkelighet fortsatt er.<\/p>\n<h2><strong>Fattigdom i Italia: stabile tall, \u00f8kende skj\u00f8rhet<\/strong><\/h2>\n<p>I 2024 <strong>nesten en italiener av fem<\/strong> levde i fare for inntektsfattigdom: <strong>rundt 11 millioner mennesker<\/strong> med ressurser lavere enn 60 % av nasjonal median. Ved siden av dette s\u00e5rbarhetsomr\u00e5det, <strong>over 2,2 millioner familier <\/strong>\u2013 tilsvarende 5,7 millioner individer \u2013 var i forhold til <strong>absolutt fattigdom<\/strong>uten tilstrekkelige inntekter til \u00e5 dekke en minimumskurv med essensielle varer og tjenester.<\/p>\n<p><iframe title=\"Interactive or visual content\" class=\"flourish-embed-iframe js-parse-embed\" frameborder=\"0\" scrolling=\"no\" style=\"width:100%;height:600px;\" sandbox=\"allow-same-origin allow-forms allow-scripts allow-downloads allow-popups allow-popups-to-escape-sandbox allow-top-navigation-by-user-activation\" data-type=\"generic-iframe\" data-src=\"https:\/\/flo.uri.sh\/visualisation\/27345301\/embed\"><\/iframe><\/p>\n<p>Totaltallet gjenst\u00e5r <strong>vesentlig stabil sammenlignet med 2023<\/strong>men de gjemmer seg bak denne tilsynelatende eiendommen <strong>tegn p\u00e5 forverring<\/strong>. Faktisk<strong>forekomst av absolutt fattigdom blant familier med en ansatt referanseperson<\/strong> (15,6 %), bekrefter at arbeid alene ikke lenger er nok for \u00e5 unng\u00e5 fattigdomsfellen. Inflasjon, h\u00f8y husleie og <strong>stillest\u00e5ende l\u00f8nn<\/strong> fortsette \u00e5 t\u00e6re p\u00e5 kj\u00f8pekraften.<\/p>\n<p>Kritikken gjenst\u00e5r ogs\u00e5 <strong>mindre\u00e5riges forhold<\/strong>: absolutt fattigdom blant barn og unge n\u00e5r <strong>13,8 %<\/strong>det h\u00f8yeste niv\u00e5et siden 2014. Og situasjonen forverres ytterligere for <strong>familier til leie<\/strong>spesielt de med minst \u00e9n utlending (37,2 %) og for barnefamilier (32,3 %).<\/p>\n<h2><strong>Rikdommen vokser, men den er stadig mer konsentrert<\/strong><\/h2>\n<p>I de siste femten \u00e5rene har <strong>netto nasjonalformue \u00f8kte<\/strong> p\u00e5 over 2000 milliarder euro i nominelle termer. Men \u00f8kningen <strong>det ble ikke delt i det hele tatt<\/strong>. Rundt 91 % av den nye formuen havnet i hendene p\u00e5 de rikeste 5 % av familiene, mens litt over 2 % gikk til den fattigste halvdelen. Mellom 2010 og 2025 \u00f8kte gapet ytterligere. Andelen av formuen som eies av de rikeste 10 % steg fra 52,1 % til 59,9 %, mens andelen til de fattigste 50 % falt fra 8,5 % til 7,4 %.<\/p>\n<p><iframe title=\"Interactive or visual content\" class=\"flourish-embed-iframe js-parse-embed\" frameborder=\"0\" scrolling=\"no\" style=\"width:100%;height:600px;\" sandbox=\"allow-same-origin allow-forms allow-scripts allow-downloads allow-popups allow-popups-to-escape-sandbox allow-top-navigation-by-user-activation\" data-type=\"generic-iframe\" data-src=\"https:\/\/flo.uri.sh\/visualisation\/27345242\/embed\"><\/iframe><\/p>\n<p>Bare i 2025 \u00f8kte 79 individer sine eiendeler med over 54 milliarder euro, og n\u00e5dde totalt 307,5 \u200b\u200bmilliarder. I dag <strong>topp 5 %<\/strong> sjekke <strong>nesten halvparten av nasjonalformuen<\/strong>mye mer enn de nederste 90 % av befolkningen har.<\/p>\n<h2><strong>Ulikheter og demokrati: en strukturell kobling<\/strong><\/h2>\n<p>Dette gapet mellom <strong>utbredt fattigdom og konsentrert rikdom<\/strong> det er ikke bare et sosialt eller \u00f8konomisk sp\u00f8rsm\u00e5l. Det p\u00e5virker direkte kvaliteten p\u00e5 demokratiet. If\u00f8lge studien <em>Inntektsulikhet og erosjonen av demokratiet i det tjuef\u00f8rste \u00e5rhundre<\/em> av Eli G. Rau og Susan Stokes, \u00f8kende ulikhet er <strong>en av hovedfaktorene for demokratisk erosjon i det 21. \u00e5rhundre<\/strong>.<\/p>\n<p>Forskningsanalysene <strong>over 90 demokratier mellom 1995 og 2020<\/strong> og identifiserer tilfeller av <strong><em>demokratisk tilbakefall<\/em><\/strong>: ikke plutselige brudd, men en <strong>gradvis svekkelse av institusjoner<\/strong>fra komprimering av pressefriheten til reduksjon av uavhengigheten til rettsvesenet og parlamentet.<\/p>\n<p><iframe title=\"Interactive or visual content\" class=\"flourish-embed-iframe js-parse-embed\" frameborder=\"0\" scrolling=\"no\" style=\"width:100%;height:600px;\" sandbox=\"allow-same-origin allow-forms allow-scripts allow-downloads allow-popups allow-popups-to-escape-sandbox allow-top-navigation-by-user-activation\" data-type=\"generic-iframe\" data-src=\"https:\/\/flo.uri.sh\/visualisation\/27345332\/embed\"><\/iframe><\/p>\n<p>Det sentrale punktet er ikke s\u00e5 mye <strong>gjennomsnittsinntekt i et land<\/strong>hvor mye <strong>konsentrasjon av rikdom<\/strong>. Hvor \u00f8kende andeler av inntekt og eiendeler akkumuleres i hendene p\u00e5 <strong>topp 1% og topp 10%<\/strong>\u00f8ker sannsynligheten for at de dukker opp <strong>ledere som er i stand til \u00e5 utnytte harme og polarisering<\/strong>t\u00f8mmer de demokratiske reglene innenfra.<\/p>\n<h2><strong>Post-Covid-politikk: n\u00f8dintervensjoner, ikke noe strukturelt vendepunkt<\/strong><\/h2>\n<p>I perioden etter pandemien har myndighetenes svar hovedsakelig beveget seg langs en <strong>n\u00f8dtelefon<\/strong>. I Italia, etter fasen preget av <strong>Statsborgerinntekt<\/strong> og fra den ekstraordin\u00e6re st\u00f8tten som ble introdusert under helsekrisen, har politikken for \u00e5 bekjempe fattigdom blitt reorientert mot <strong>mer selektive og betingede verkt\u00f8y<\/strong>som<strong>Inkluderingsgodtgj\u00f8relse<\/strong> og den <strong>St\u00f8tte til oppl\u00e6ring og arbeid<\/strong>.<\/p>\n<p>Et paradigmeskifte som iflg <strong>Oxfam<\/strong>,<strong> har smalnet inn<\/strong> betydelig <strong>publikum av mottakere<\/strong>og etterlater store deler av den s\u00e5rbare befolkningen avdekket: lavinntektsarbeidere, familier med uregelmessig arbeid, husholdninger uten formelt anerkjent skj\u00f8rhet.<\/p>\n<p>Skattebonus, midlertidige rabatter og tiltak <em>engangsbel\u00f8p<\/em> de bidro til \u00e5 dempe den umiddelbare virkningen av inflasjon, men <strong>uten \u00e5 p\u00e5virke de strukturelle \u00e5rsakene<\/strong> av tap av kj\u00f8pekraft. Resultatet er ett <strong>fragmentert sosialt beskyttelsesnettverk<\/strong>som griper inn ex post og p\u00e5 en ikke-homogen m\u00e5te, uten \u00e5 klare \u00e5 bygge en <strong>stabil voll<\/strong> mot utvidelse av s\u00e5rbarhet.<\/p>\n<p>Det er her kjernen kommer inn <strong>tilbake til Davos<\/strong>. Uten en <strong>strukturell nytenkning av omfordelings-, arbeids- og velferdspolitikk<\/strong>l\u00f8ftene om <strong>inkluderende vekst<\/strong> de risikerer \u00e5 forbli koblet fra virkeligheten i landene. Og det <strong>avstand mellom institusjoner og innbyggere<\/strong>allerede dyp, fortsetter \u00e5 gi n\u00e6ring <strong>mistillit, polarisering og demokratisk skj\u00f8rhet<\/strong>.<\/p>\n<\/p><\/div>\n","protected":false},"excerpt":{"rendered":"<p>TIL Davos investorer, \u00f8konomer og politiske beslutningstakere lurer p\u00e5 n\u00e6r fremtid for den globale \u00f8konomien<\/p>\n","protected":false},"author":1,"featured_media":14309,"comment_status":"closed","ping_status":"open","sticky":false,"template":"","format":"standard","meta":{"footnotes":""},"categories":[104],"tags":[1416,5932,3330,9329,9330],"class_list":["post-14308","post","type-post","status-publish","format-standard","has-post-thumbnail","hentry","category-samfunn","tag-fare","tag-fem","tag-ifolge","tag-italiener","tag-oxfamdata","generate-columns","tablet-grid-50","mobile-grid-100","grid-parent","grid-33","resize-featured-image"],"yoast_head":"<!-- This site is optimized with the Yoast SEO plugin v24.4 - https:\/\/yoast.com\/wordpress\/plugins\/seo\/ -->\n<title>en italiener av fem i fare, if\u00f8lge Oxfam-data - Nordnesrepublikken<\/title>\n<meta name=\"robots\" content=\"index, follow, max-snippet:-1, max-image-preview:large, max-video-preview:-1\" \/>\n<link rel=\"canonical\" href=\"https:\/\/nordnesrepublikken.no\/index.php\/2026\/01\/28\/en-italiener-av-fem-i-fare-ifolge-oxfam-data\/\" \/>\n<meta property=\"og:locale\" content=\"nb_NO\" \/>\n<meta property=\"og:type\" content=\"article\" \/>\n<meta property=\"og:title\" content=\"en italiener av fem i fare, if\u00f8lge Oxfam-data - Nordnesrepublikken\" \/>\n<meta property=\"og:description\" content=\"TIL Davos investorer, \u00f8konomer og politiske beslutningstakere lurer p\u00e5 n\u00e6r fremtid for den globale \u00f8konomien\" \/>\n<meta property=\"og:url\" content=\"https:\/\/nordnesrepublikken.no\/index.php\/2026\/01\/28\/en-italiener-av-fem-i-fare-ifolge-oxfam-data\/\" \/>\n<meta property=\"og:site_name\" content=\"Nordnesrepublikken\" \/>\n<meta property=\"article:published_time\" content=\"2026-01-28T11:52:37+00:00\" \/>\n<meta property=\"article:modified_time\" content=\"2026-01-28T11:52:40+00:00\" \/>\n<meta property=\"og:image\" content=\"https:\/\/nordnesrepublikken.no\/wp-content\/uploads\/2026\/01\/1769601158_en-italiener-av-fem-i-fare-ifolge-Oxfam-data.jpg\" \/>\n\t<meta property=\"og:image:width\" content=\"2121\" \/>\n\t<meta property=\"og:image:height\" content=\"1414\" \/>\n\t<meta property=\"og:image:type\" content=\"image\/jpeg\" \/>\n<meta name=\"author\" content=\"Ole Andersen\" \/>\n<meta name=\"twitter:card\" content=\"summary_large_image\" \/>\n<meta name=\"twitter:label1\" content=\"Skrevet av\" \/>\n\t<meta name=\"twitter:data1\" content=\"Ole Andersen\" \/>\n\t<meta name=\"twitter:label2\" content=\"Ansl. lesetid\" \/>\n\t<meta name=\"twitter:data2\" content=\"4 minutter\" \/>\n<script type=\"application\/ld+json\" class=\"yoast-schema-graph\">{\"@context\":\"https:\/\/schema.org\",\"@graph\":[{\"@type\":\"Article\",\"@id\":\"https:\/\/nordnesrepublikken.no\/index.php\/2026\/01\/28\/en-italiener-av-fem-i-fare-ifolge-oxfam-data\/#article\",\"isPartOf\":{\"@id\":\"https:\/\/nordnesrepublikken.no\/index.php\/2026\/01\/28\/en-italiener-av-fem-i-fare-ifolge-oxfam-data\/\"},\"author\":{\"name\":\"Ole Andersen\",\"@id\":\"https:\/\/nordnesrepublikken.no\/#\/schema\/person\/2e7e81935bab77882fffb79296240ff1\"},\"headline\":\"en italiener av fem i fare, if\u00f8lge Oxfam-data\",\"datePublished\":\"2026-01-28T11:52:37+00:00\",\"dateModified\":\"2026-01-28T11:52:40+00:00\",\"mainEntityOfPage\":{\"@id\":\"https:\/\/nordnesrepublikken.no\/index.php\/2026\/01\/28\/en-italiener-av-fem-i-fare-ifolge-oxfam-data\/\"},\"wordCount\":732,\"publisher\":{\"@id\":\"https:\/\/nordnesrepublikken.no\/#organization\"},\"image\":{\"@id\":\"https:\/\/nordnesrepublikken.no\/index.php\/2026\/01\/28\/en-italiener-av-fem-i-fare-ifolge-oxfam-data\/#primaryimage\"},\"thumbnailUrl\":\"https:\/\/nordnesrepublikken.no\/wp-content\/uploads\/2026\/01\/1769601158_en-italiener-av-fem-i-fare-ifolge-Oxfam-data.jpg\",\"keywords\":[\"fare\",\"fem\",\"if\u00f8lge\",\"italiener\",\"Oxfamdata\"],\"articleSection\":[\"Samfunn\"],\"inLanguage\":\"nb-NO\"},{\"@type\":\"WebPage\",\"@id\":\"https:\/\/nordnesrepublikken.no\/index.php\/2026\/01\/28\/en-italiener-av-fem-i-fare-ifolge-oxfam-data\/\",\"url\":\"https:\/\/nordnesrepublikken.no\/index.php\/2026\/01\/28\/en-italiener-av-fem-i-fare-ifolge-oxfam-data\/\",\"name\":\"en italiener av fem i fare, if\u00f8lge Oxfam-data - Nordnesrepublikken\",\"isPartOf\":{\"@id\":\"https:\/\/nordnesrepublikken.no\/#website\"},\"primaryImageOfPage\":{\"@id\":\"https:\/\/nordnesrepublikken.no\/index.php\/2026\/01\/28\/en-italiener-av-fem-i-fare-ifolge-oxfam-data\/#primaryimage\"},\"image\":{\"@id\":\"https:\/\/nordnesrepublikken.no\/index.php\/2026\/01\/28\/en-italiener-av-fem-i-fare-ifolge-oxfam-data\/#primaryimage\"},\"thumbnailUrl\":\"https:\/\/nordnesrepublikken.no\/wp-content\/uploads\/2026\/01\/1769601158_en-italiener-av-fem-i-fare-ifolge-Oxfam-data.jpg\",\"datePublished\":\"2026-01-28T11:52:37+00:00\",\"dateModified\":\"2026-01-28T11:52:40+00:00\",\"breadcrumb\":{\"@id\":\"https:\/\/nordnesrepublikken.no\/index.php\/2026\/01\/28\/en-italiener-av-fem-i-fare-ifolge-oxfam-data\/#breadcrumb\"},\"inLanguage\":\"nb-NO\",\"potentialAction\":[{\"@type\":\"ReadAction\",\"target\":[\"https:\/\/nordnesrepublikken.no\/index.php\/2026\/01\/28\/en-italiener-av-fem-i-fare-ifolge-oxfam-data\/\"]}]},{\"@type\":\"ImageObject\",\"inLanguage\":\"nb-NO\",\"@id\":\"https:\/\/nordnesrepublikken.no\/index.php\/2026\/01\/28\/en-italiener-av-fem-i-fare-ifolge-oxfam-data\/#primaryimage\",\"url\":\"https:\/\/nordnesrepublikken.no\/wp-content\/uploads\/2026\/01\/1769601158_en-italiener-av-fem-i-fare-ifolge-Oxfam-data.jpg\",\"contentUrl\":\"https:\/\/nordnesrepublikken.no\/wp-content\/uploads\/2026\/01\/1769601158_en-italiener-av-fem-i-fare-ifolge-Oxfam-data.jpg\",\"width\":2121,\"height\":1414,\"caption\":\"en italiener av fem i fare, if\u00f8lge Oxfam-data\"},{\"@type\":\"BreadcrumbList\",\"@id\":\"https:\/\/nordnesrepublikken.no\/index.php\/2026\/01\/28\/en-italiener-av-fem-i-fare-ifolge-oxfam-data\/#breadcrumb\",\"itemListElement\":[{\"@type\":\"ListItem\",\"position\":1,\"name\":\"Home\",\"item\":\"https:\/\/nordnesrepublikken.no\/\"},{\"@type\":\"ListItem\",\"position\":2,\"name\":\"en italiener av fem i fare, if\u00f8lge Oxfam-data\"}]},{\"@type\":\"WebSite\",\"@id\":\"https:\/\/nordnesrepublikken.no\/#website\",\"url\":\"https:\/\/nordnesrepublikken.no\/\",\"name\":\"Nordnesrepublikken\",\"description\":\"Stemmer og Visjoner fra Republikkens Hjerte\",\"publisher\":{\"@id\":\"https:\/\/nordnesrepublikken.no\/#organization\"},\"potentialAction\":[{\"@type\":\"SearchAction\",\"target\":{\"@type\":\"EntryPoint\",\"urlTemplate\":\"https:\/\/nordnesrepublikken.no\/?s={search_term_string}\"},\"query-input\":{\"@type\":\"PropertyValueSpecification\",\"valueRequired\":true,\"valueName\":\"search_term_string\"}}],\"inLanguage\":\"nb-NO\"},{\"@type\":\"Organization\",\"@id\":\"https:\/\/nordnesrepublikken.no\/#organization\",\"name\":\"Nordnesrepublikken\",\"url\":\"https:\/\/nordnesrepublikken.no\/\",\"logo\":{\"@type\":\"ImageObject\",\"inLanguage\":\"nb-NO\",\"@id\":\"https:\/\/nordnesrepublikken.no\/#\/schema\/logo\/image\/\",\"url\":\"https:\/\/nordnesrepublikken.no\/wp-content\/uploads\/2025\/02\/cropped-nordnesrepublikken-2.png\",\"contentUrl\":\"https:\/\/nordnesrepublikken.no\/wp-content\/uploads\/2025\/02\/cropped-nordnesrepublikken-2.png\",\"width\":1248,\"height\":362,\"caption\":\"Nordnesrepublikken\"},\"image\":{\"@id\":\"https:\/\/nordnesrepublikken.no\/#\/schema\/logo\/image\/\"}},{\"@type\":\"Person\",\"@id\":\"https:\/\/nordnesrepublikken.no\/#\/schema\/person\/2e7e81935bab77882fffb79296240ff1\",\"name\":\"Ole Andersen\",\"image\":{\"@type\":\"ImageObject\",\"inLanguage\":\"nb-NO\",\"@id\":\"https:\/\/nordnesrepublikken.no\/#\/schema\/person\/image\/\",\"url\":\"https:\/\/nordnesrepublikken.no\/wp-content\/uploads\/2025\/02\/nordnesrepublikken-2-2-150x150.jpg\",\"contentUrl\":\"https:\/\/nordnesrepublikken.no\/wp-content\/uploads\/2025\/02\/nordnesrepublikken-2-2-150x150.jpg\",\"caption\":\"Ole Andersen\"},\"description\":\"Ettersom jeg vokste opp i Oslo, har jeg alltid v\u00e6rt fascinert av ordenes kraft og deres evne til \u00e5 skape endringer. Etter \u00e5 ha fullf\u00f8rt min utdannelse i kommunikasjon ved Universitetet i Bergen, fikk jeg muligheten til \u00e5 jobbe innen ulike medier, der jeg har s\u00f8kt \u00e5 belyse viktige samfunnssp\u00f8rsm\u00e5l. I dag, som redakt\u00f8r for Nordnesrepublikken, pr\u00f8ver jeg \u00e5 forene min kj\u00e6rlighet for journalistikk med min lidenskap for innovasjon og eventyr.\",\"sameAs\":[\"https:\/\/nordnesrepublikken.no\/\"]}]}<\/script>\n<!-- \/ Yoast SEO plugin. -->","yoast_head_json":{"title":"en italiener av fem i fare, if\u00f8lge Oxfam-data - Nordnesrepublikken","robots":{"index":"index","follow":"follow","max-snippet":"max-snippet:-1","max-image-preview":"max-image-preview:large","max-video-preview":"max-video-preview:-1"},"canonical":"https:\/\/nordnesrepublikken.no\/index.php\/2026\/01\/28\/en-italiener-av-fem-i-fare-ifolge-oxfam-data\/","og_locale":"nb_NO","og_type":"article","og_title":"en italiener av fem i fare, if\u00f8lge Oxfam-data - Nordnesrepublikken","og_description":"TIL Davos investorer, \u00f8konomer og politiske beslutningstakere lurer p\u00e5 n\u00e6r fremtid for den globale \u00f8konomien","og_url":"https:\/\/nordnesrepublikken.no\/index.php\/2026\/01\/28\/en-italiener-av-fem-i-fare-ifolge-oxfam-data\/","og_site_name":"Nordnesrepublikken","article_published_time":"2026-01-28T11:52:37+00:00","article_modified_time":"2026-01-28T11:52:40+00:00","og_image":[{"width":2121,"height":1414,"url":"https:\/\/nordnesrepublikken.no\/wp-content\/uploads\/2026\/01\/1769601158_en-italiener-av-fem-i-fare-ifolge-Oxfam-data.jpg","type":"image\/jpeg"}],"author":"Ole Andersen","twitter_card":"summary_large_image","twitter_misc":{"Skrevet av":"Ole Andersen","Ansl. lesetid":"4 minutter"},"schema":{"@context":"https:\/\/schema.org","@graph":[{"@type":"Article","@id":"https:\/\/nordnesrepublikken.no\/index.php\/2026\/01\/28\/en-italiener-av-fem-i-fare-ifolge-oxfam-data\/#article","isPartOf":{"@id":"https:\/\/nordnesrepublikken.no\/index.php\/2026\/01\/28\/en-italiener-av-fem-i-fare-ifolge-oxfam-data\/"},"author":{"name":"Ole Andersen","@id":"https:\/\/nordnesrepublikken.no\/#\/schema\/person\/2e7e81935bab77882fffb79296240ff1"},"headline":"en italiener av fem i fare, if\u00f8lge Oxfam-data","datePublished":"2026-01-28T11:52:37+00:00","dateModified":"2026-01-28T11:52:40+00:00","mainEntityOfPage":{"@id":"https:\/\/nordnesrepublikken.no\/index.php\/2026\/01\/28\/en-italiener-av-fem-i-fare-ifolge-oxfam-data\/"},"wordCount":732,"publisher":{"@id":"https:\/\/nordnesrepublikken.no\/#organization"},"image":{"@id":"https:\/\/nordnesrepublikken.no\/index.php\/2026\/01\/28\/en-italiener-av-fem-i-fare-ifolge-oxfam-data\/#primaryimage"},"thumbnailUrl":"https:\/\/nordnesrepublikken.no\/wp-content\/uploads\/2026\/01\/1769601158_en-italiener-av-fem-i-fare-ifolge-Oxfam-data.jpg","keywords":["fare","fem","if\u00f8lge","italiener","Oxfamdata"],"articleSection":["Samfunn"],"inLanguage":"nb-NO"},{"@type":"WebPage","@id":"https:\/\/nordnesrepublikken.no\/index.php\/2026\/01\/28\/en-italiener-av-fem-i-fare-ifolge-oxfam-data\/","url":"https:\/\/nordnesrepublikken.no\/index.php\/2026\/01\/28\/en-italiener-av-fem-i-fare-ifolge-oxfam-data\/","name":"en italiener av fem i fare, if\u00f8lge Oxfam-data - Nordnesrepublikken","isPartOf":{"@id":"https:\/\/nordnesrepublikken.no\/#website"},"primaryImageOfPage":{"@id":"https:\/\/nordnesrepublikken.no\/index.php\/2026\/01\/28\/en-italiener-av-fem-i-fare-ifolge-oxfam-data\/#primaryimage"},"image":{"@id":"https:\/\/nordnesrepublikken.no\/index.php\/2026\/01\/28\/en-italiener-av-fem-i-fare-ifolge-oxfam-data\/#primaryimage"},"thumbnailUrl":"https:\/\/nordnesrepublikken.no\/wp-content\/uploads\/2026\/01\/1769601158_en-italiener-av-fem-i-fare-ifolge-Oxfam-data.jpg","datePublished":"2026-01-28T11:52:37+00:00","dateModified":"2026-01-28T11:52:40+00:00","breadcrumb":{"@id":"https:\/\/nordnesrepublikken.no\/index.php\/2026\/01\/28\/en-italiener-av-fem-i-fare-ifolge-oxfam-data\/#breadcrumb"},"inLanguage":"nb-NO","potentialAction":[{"@type":"ReadAction","target":["https:\/\/nordnesrepublikken.no\/index.php\/2026\/01\/28\/en-italiener-av-fem-i-fare-ifolge-oxfam-data\/"]}]},{"@type":"ImageObject","inLanguage":"nb-NO","@id":"https:\/\/nordnesrepublikken.no\/index.php\/2026\/01\/28\/en-italiener-av-fem-i-fare-ifolge-oxfam-data\/#primaryimage","url":"https:\/\/nordnesrepublikken.no\/wp-content\/uploads\/2026\/01\/1769601158_en-italiener-av-fem-i-fare-ifolge-Oxfam-data.jpg","contentUrl":"https:\/\/nordnesrepublikken.no\/wp-content\/uploads\/2026\/01\/1769601158_en-italiener-av-fem-i-fare-ifolge-Oxfam-data.jpg","width":2121,"height":1414,"caption":"en italiener av fem i fare, if\u00f8lge Oxfam-data"},{"@type":"BreadcrumbList","@id":"https:\/\/nordnesrepublikken.no\/index.php\/2026\/01\/28\/en-italiener-av-fem-i-fare-ifolge-oxfam-data\/#breadcrumb","itemListElement":[{"@type":"ListItem","position":1,"name":"Home","item":"https:\/\/nordnesrepublikken.no\/"},{"@type":"ListItem","position":2,"name":"en italiener av fem i fare, if\u00f8lge Oxfam-data"}]},{"@type":"WebSite","@id":"https:\/\/nordnesrepublikken.no\/#website","url":"https:\/\/nordnesrepublikken.no\/","name":"Nordnesrepublikken","description":"Stemmer og Visjoner fra Republikkens Hjerte","publisher":{"@id":"https:\/\/nordnesrepublikken.no\/#organization"},"potentialAction":[{"@type":"SearchAction","target":{"@type":"EntryPoint","urlTemplate":"https:\/\/nordnesrepublikken.no\/?s={search_term_string}"},"query-input":{"@type":"PropertyValueSpecification","valueRequired":true,"valueName":"search_term_string"}}],"inLanguage":"nb-NO"},{"@type":"Organization","@id":"https:\/\/nordnesrepublikken.no\/#organization","name":"Nordnesrepublikken","url":"https:\/\/nordnesrepublikken.no\/","logo":{"@type":"ImageObject","inLanguage":"nb-NO","@id":"https:\/\/nordnesrepublikken.no\/#\/schema\/logo\/image\/","url":"https:\/\/nordnesrepublikken.no\/wp-content\/uploads\/2025\/02\/cropped-nordnesrepublikken-2.png","contentUrl":"https:\/\/nordnesrepublikken.no\/wp-content\/uploads\/2025\/02\/cropped-nordnesrepublikken-2.png","width":1248,"height":362,"caption":"Nordnesrepublikken"},"image":{"@id":"https:\/\/nordnesrepublikken.no\/#\/schema\/logo\/image\/"}},{"@type":"Person","@id":"https:\/\/nordnesrepublikken.no\/#\/schema\/person\/2e7e81935bab77882fffb79296240ff1","name":"Ole Andersen","image":{"@type":"ImageObject","inLanguage":"nb-NO","@id":"https:\/\/nordnesrepublikken.no\/#\/schema\/person\/image\/","url":"https:\/\/nordnesrepublikken.no\/wp-content\/uploads\/2025\/02\/nordnesrepublikken-2-2-150x150.jpg","contentUrl":"https:\/\/nordnesrepublikken.no\/wp-content\/uploads\/2025\/02\/nordnesrepublikken-2-2-150x150.jpg","caption":"Ole Andersen"},"description":"Ettersom jeg vokste opp i Oslo, har jeg alltid v\u00e6rt fascinert av ordenes kraft og deres evne til \u00e5 skape endringer. Etter \u00e5 ha fullf\u00f8rt min utdannelse i kommunikasjon ved Universitetet i Bergen, fikk jeg muligheten til \u00e5 jobbe innen ulike medier, der jeg har s\u00f8kt \u00e5 belyse viktige samfunnssp\u00f8rsm\u00e5l. I dag, som redakt\u00f8r for Nordnesrepublikken, pr\u00f8ver jeg \u00e5 forene min kj\u00e6rlighet for journalistikk med min lidenskap for innovasjon og eventyr.","sameAs":["https:\/\/nordnesrepublikken.no\/"]}]}},"_links":{"self":[{"href":"https:\/\/nordnesrepublikken.no\/index.php\/wp-json\/wp\/v2\/posts\/14308","targetHints":{"allow":["GET"]}}],"collection":[{"href":"https:\/\/nordnesrepublikken.no\/index.php\/wp-json\/wp\/v2\/posts"}],"about":[{"href":"https:\/\/nordnesrepublikken.no\/index.php\/wp-json\/wp\/v2\/types\/post"}],"author":[{"embeddable":true,"href":"https:\/\/nordnesrepublikken.no\/index.php\/wp-json\/wp\/v2\/users\/1"}],"replies":[{"embeddable":true,"href":"https:\/\/nordnesrepublikken.no\/index.php\/wp-json\/wp\/v2\/comments?post=14308"}],"version-history":[{"count":1,"href":"https:\/\/nordnesrepublikken.no\/index.php\/wp-json\/wp\/v2\/posts\/14308\/revisions"}],"predecessor-version":[{"id":14310,"href":"https:\/\/nordnesrepublikken.no\/index.php\/wp-json\/wp\/v2\/posts\/14308\/revisions\/14310"}],"wp:featuredmedia":[{"embeddable":true,"href":"https:\/\/nordnesrepublikken.no\/index.php\/wp-json\/wp\/v2\/media\/14309"}],"wp:attachment":[{"href":"https:\/\/nordnesrepublikken.no\/index.php\/wp-json\/wp\/v2\/media?parent=14308"}],"wp:term":[{"taxonomy":"category","embeddable":true,"href":"https:\/\/nordnesrepublikken.no\/index.php\/wp-json\/wp\/v2\/categories?post=14308"},{"taxonomy":"post_tag","embeddable":true,"href":"https:\/\/nordnesrepublikken.no\/index.php\/wp-json\/wp\/v2\/tags?post=14308"}],"curies":[{"name":"wp","href":"https:\/\/api.w.org\/{rel}","templated":true}]}}