{"id":14305,"date":"2026-01-28T11:51:08","date_gmt":"2026-01-28T10:51:08","guid":{"rendered":"https:\/\/nordnesrepublikken.no\/index.php\/2026\/01\/28\/apple-lanserer-ny-airtag-med-lengre-rekkevidde-et-loft-for-hyppige-reisende\/"},"modified":"2026-01-28T11:51:09","modified_gmt":"2026-01-28T10:51:09","slug":"apple-lanserer-ny-airtag-med-lengre-rekkevidde-et-loft-for-hyppige-reisende","status":"publish","type":"post","link":"https:\/\/nordnesrepublikken.no\/index.php\/2026\/01\/28\/apple-lanserer-ny-airtag-med-lengre-rekkevidde-et-loft-for-hyppige-reisende\/","title":{"rendered":"Apple lanserer ny AirTag med lengre rekkevidde \u2013 et l\u00f8ft for hyppige reisende"},"content":{"rendered":"<p><\/p>\n<div class=\"wordpress-content\">\n                    <!-- Article Start --><\/p>\n<p><strong>Eple<\/strong> har avduket en <strong>ny generasjon AirTag<\/strong>som lover lengre sporingsrekkevidde, h\u00f8yere varsler og forbedret Precision Finding \u2013 funksjoner som sannsynligvis vil gi gjenklang hos de som reiser ofte. Oppdateringen ble annonsert av Apple 27. januar, med enheten tilgjengelig umiddelbart til samme pris som den originale modellen.<\/p>\n<p>Designet for \u00e5 hjelpe brukere med \u00e5 finne hverdagslige gjenstander som n\u00f8kler, ryggsekker og \u2013 avgj\u00f8rende for reisende \u2013 innsjekket bagasje, bygger den nye AirTag p\u00e5 et produkt som allerede har blitt popul\u00e6rt blant hyppige flyreisende.<\/p>\n<h2><strong>Apple AirTag-oppdatering: Lengre sporingsrekkevidde og h\u00f8yere varsler<\/strong><\/h2>\n<p>I f\u00f8lge Apples offisielle kunngj\u00f8ring, er den oppdaterte AirTag drevet av andregenerasjons Ultra Wideband-brikke, som gj\u00f8r det mulig for brukere \u00e5 finne varer fra opptil 50 prosent lenger unna enn f\u00f8r. Precision Finding kombinerer n\u00e5 visuell, lyd og haptisk tilbakemelding for \u00e5 veilede brukere mer n\u00f8yaktig til feilplasserte eiendeler.<\/p>\n<div class=\"sra_unit\"><link rel=\"stylesheet\" id=\"block-sra\" href=\"https:\/\/euroweeklynews.com\/wp-content\/plugins\/snack-related-articles\/dist\/css\/snack-related.min.css?250312-193541\" type=\"text\/css\" media=\"all\">\n<\/div>\n<p>Apple bekreftet ogs\u00e5 at den interne h\u00f8yttaleren er 50 prosent h\u00f8yere, noe som gj\u00f8r det lettere \u00e5 h\u00f8re en AirTag i travle milj\u00f8er som flyplasser, togstasjoner eller hotelllobbyer.<\/p>\n<p>Tapt eller forsinket bagasje er fortsatt et av de st\u00f8rste stresspunktene for folk som reiser regelmessig. Apple fremhevet eksempler fra den virkelige verden der AirTags hjalp brukere med \u00e5 gjenopprette tapte kofferter og til og med kritiske medisinske gjenstander.<\/p>\n<p>AirTag er avhengig av Find My-nettverket \u2013 et crowdsourcet system av Apple-enheter som anonymt hjelper til med \u00e5 finne gjenstander i n\u00e6rheten. Hvis en koffert havner i feil by, kan Apple-enheter i n\u00e6rheten videresende den omtrentlige plasseringen tilbake til eieren.<\/p>\n<h2><strong>Deling av AirTag-plasseringer med flyselskaper<\/strong><\/h2>\n<p>En av de viktigste oppdateringene for reisende er tettere integrasjon med Share Item Location, en funksjon som lar brukere midlertidig dele plasseringen til en AirTag med tredjeparter som flyselskaper.<\/p>\n<p>Apple sier at de har inng\u00e5tt samarbeid med mer enn 50 flyselskaper, slik at kundeserviceteam har sikker tilgang til AirTag-posisjonskoblinger for \u00e5 hjelpe til med \u00e5 gjenopprette forsinket bagasje.<\/p>\n<p>Bransjedata st\u00f8tter fordelen. If\u00f8lge SITA, en stor IT-leverand\u00f8r av flyselskap, har flyselskaper som bruker delt plasseringsdata sett bagasjeforsinkelser falle med 26 prosent, mens tilfeller av uopprettelig bagasje falt med 90 prosent, som rapportert av Apple i sin kunngj\u00f8ring.<\/p>\n<h2><strong>Kompatibel med Apple Watch og eksisterende tilbeh\u00f8r<\/strong><\/h2>\n<p>For f\u00f8rste gang fungerer Precision Finding ogs\u00e5 p\u00e5 kompatible Apple Watches, slik at brukere kan spore opp en AirTag direkte fra h\u00e5ndleddet.<\/p>\n<p>Apple bekreftet at den nye AirTag beholder den samme fysiske designen, noe som betyr at den forblir kompatibel med alt eksisterende AirTag-tilbeh\u00f8r, inkludert n\u00f8kkelringer og bagasjemerker.<\/p>\n<p><strong>Se alle reisenyheter.<\/strong><\/p>\n<p>                    <!-- Originally published at https:\/\/euroweeklynews.com\/2026\/01\/28\/apple-launches-new-airtag-with-longer-range\/ on 28 Jan 2026 at 11:41 by Letara Draghia --><br \/>\n                    <!-- Article End -->\n                <\/div>\n","protected":false},"excerpt":{"rendered":"<p>Eple har avduket en ny generasjon AirTagsom lover lengre sporingsrekkevidde, h\u00f8yere varsler og forbedret Precision<\/p>\n","protected":false},"author":1,"featured_media":14306,"comment_status":"closed","ping_status":"open","sticky":false,"template":"","format":"standard","meta":{"footnotes":""},"categories":[105],"tags":[9324,180,9328,417,9325,9327,79,3092,9326],"class_list":["post-14305","post","type-post","status-publish","format-standard","has-post-thumbnail","hentry","category-livsstil","tag-airtag","tag-apple","tag-hyppige","tag-lanserer","tag-lengre","tag-loft","tag-med","tag-reisende","tag-rekkevidde","generate-columns","tablet-grid-50","mobile-grid-100","grid-parent","grid-33","resize-featured-image"],"yoast_head":"<!-- This site is optimized with the Yoast SEO plugin v24.4 - https:\/\/yoast.com\/wordpress\/plugins\/seo\/ -->\n<title>Apple lanserer ny AirTag med lengre rekkevidde \u2013 et l\u00f8ft for hyppige reisende - Nordnesrepublikken<\/title>\n<meta name=\"robots\" content=\"index, follow, max-snippet:-1, max-image-preview:large, max-video-preview:-1\" \/>\n<link rel=\"canonical\" href=\"https:\/\/nordnesrepublikken.no\/index.php\/2026\/01\/28\/apple-lanserer-ny-airtag-med-lengre-rekkevidde-et-loft-for-hyppige-reisende\/\" \/>\n<meta property=\"og:locale\" content=\"nb_NO\" \/>\n<meta property=\"og:type\" content=\"article\" \/>\n<meta property=\"og:title\" content=\"Apple lanserer ny AirTag med lengre rekkevidde \u2013 et l\u00f8ft for hyppige reisende - Nordnesrepublikken\" \/>\n<meta property=\"og:description\" content=\"Eple har avduket en ny generasjon AirTagsom lover lengre sporingsrekkevidde, h\u00f8yere varsler og forbedret Precision\" \/>\n<meta property=\"og:url\" content=\"https:\/\/nordnesrepublikken.no\/index.php\/2026\/01\/28\/apple-lanserer-ny-airtag-med-lengre-rekkevidde-et-loft-for-hyppige-reisende\/\" \/>\n<meta property=\"og:site_name\" content=\"Nordnesrepublikken\" \/>\n<meta property=\"article:published_time\" content=\"2026-01-28T10:51:08+00:00\" \/>\n<meta property=\"article:modified_time\" content=\"2026-01-28T10:51:09+00:00\" \/>\n<meta property=\"og:image\" content=\"https:\/\/nordnesrepublikken.no\/wp-content\/uploads\/2026\/01\/1769597469_Apple-lanserer-ny-AirTag-med-lengre-rekkevidde-\u2013-et-loft.jpg\" \/>\n\t<meta property=\"og:image:width\" content=\"1200\" \/>\n\t<meta property=\"og:image:height\" content=\"999\" \/>\n\t<meta property=\"og:image:type\" content=\"image\/jpeg\" \/>\n<meta name=\"author\" content=\"Ole Andersen\" \/>\n<meta name=\"twitter:card\" content=\"summary_large_image\" \/>\n<meta name=\"twitter:label1\" content=\"Skrevet av\" \/>\n\t<meta name=\"twitter:data1\" content=\"Ole Andersen\" \/>\n\t<meta name=\"twitter:label2\" content=\"Ansl. lesetid\" \/>\n\t<meta name=\"twitter:data2\" content=\"2 minutter\" \/>\n<script type=\"application\/ld+json\" class=\"yoast-schema-graph\">{\"@context\":\"https:\/\/schema.org\",\"@graph\":[{\"@type\":\"Article\",\"@id\":\"https:\/\/nordnesrepublikken.no\/index.php\/2026\/01\/28\/apple-lanserer-ny-airtag-med-lengre-rekkevidde-et-loft-for-hyppige-reisende\/#article\",\"isPartOf\":{\"@id\":\"https:\/\/nordnesrepublikken.no\/index.php\/2026\/01\/28\/apple-lanserer-ny-airtag-med-lengre-rekkevidde-et-loft-for-hyppige-reisende\/\"},\"author\":{\"name\":\"Ole Andersen\",\"@id\":\"https:\/\/nordnesrepublikken.no\/#\/schema\/person\/2e7e81935bab77882fffb79296240ff1\"},\"headline\":\"Apple lanserer ny AirTag med lengre rekkevidde \u2013 et l\u00f8ft for hyppige reisende\",\"datePublished\":\"2026-01-28T10:51:08+00:00\",\"dateModified\":\"2026-01-28T10:51:09+00:00\",\"mainEntityOfPage\":{\"@id\":\"https:\/\/nordnesrepublikken.no\/index.php\/2026\/01\/28\/apple-lanserer-ny-airtag-med-lengre-rekkevidde-et-loft-for-hyppige-reisende\/\"},\"wordCount\":426,\"publisher\":{\"@id\":\"https:\/\/nordnesrepublikken.no\/#organization\"},\"image\":{\"@id\":\"https:\/\/nordnesrepublikken.no\/index.php\/2026\/01\/28\/apple-lanserer-ny-airtag-med-lengre-rekkevidde-et-loft-for-hyppige-reisende\/#primaryimage\"},\"thumbnailUrl\":\"https:\/\/nordnesrepublikken.no\/wp-content\/uploads\/2026\/01\/1769597469_Apple-lanserer-ny-AirTag-med-lengre-rekkevidde-\u2013-et-loft.jpg\",\"keywords\":[\"AirTag\",\"Apple\",\"hyppige\",\"lanserer\",\"lengre\",\"l\u00f8ft\",\"med\",\"reisende\",\"rekkevidde\"],\"articleSection\":[\"Livsstil\"],\"inLanguage\":\"nb-NO\"},{\"@type\":\"WebPage\",\"@id\":\"https:\/\/nordnesrepublikken.no\/index.php\/2026\/01\/28\/apple-lanserer-ny-airtag-med-lengre-rekkevidde-et-loft-for-hyppige-reisende\/\",\"url\":\"https:\/\/nordnesrepublikken.no\/index.php\/2026\/01\/28\/apple-lanserer-ny-airtag-med-lengre-rekkevidde-et-loft-for-hyppige-reisende\/\",\"name\":\"Apple lanserer ny AirTag med lengre rekkevidde \u2013 et l\u00f8ft for hyppige reisende - Nordnesrepublikken\",\"isPartOf\":{\"@id\":\"https:\/\/nordnesrepublikken.no\/#website\"},\"primaryImageOfPage\":{\"@id\":\"https:\/\/nordnesrepublikken.no\/index.php\/2026\/01\/28\/apple-lanserer-ny-airtag-med-lengre-rekkevidde-et-loft-for-hyppige-reisende\/#primaryimage\"},\"image\":{\"@id\":\"https:\/\/nordnesrepublikken.no\/index.php\/2026\/01\/28\/apple-lanserer-ny-airtag-med-lengre-rekkevidde-et-loft-for-hyppige-reisende\/#primaryimage\"},\"thumbnailUrl\":\"https:\/\/nordnesrepublikken.no\/wp-content\/uploads\/2026\/01\/1769597469_Apple-lanserer-ny-AirTag-med-lengre-rekkevidde-\u2013-et-loft.jpg\",\"datePublished\":\"2026-01-28T10:51:08+00:00\",\"dateModified\":\"2026-01-28T10:51:09+00:00\",\"breadcrumb\":{\"@id\":\"https:\/\/nordnesrepublikken.no\/index.php\/2026\/01\/28\/apple-lanserer-ny-airtag-med-lengre-rekkevidde-et-loft-for-hyppige-reisende\/#breadcrumb\"},\"inLanguage\":\"nb-NO\",\"potentialAction\":[{\"@type\":\"ReadAction\",\"target\":[\"https:\/\/nordnesrepublikken.no\/index.php\/2026\/01\/28\/apple-lanserer-ny-airtag-med-lengre-rekkevidde-et-loft-for-hyppige-reisende\/\"]}]},{\"@type\":\"ImageObject\",\"inLanguage\":\"nb-NO\",\"@id\":\"https:\/\/nordnesrepublikken.no\/index.php\/2026\/01\/28\/apple-lanserer-ny-airtag-med-lengre-rekkevidde-et-loft-for-hyppige-reisende\/#primaryimage\",\"url\":\"https:\/\/nordnesrepublikken.no\/wp-content\/uploads\/2026\/01\/1769597469_Apple-lanserer-ny-AirTag-med-lengre-rekkevidde-\u2013-et-loft.jpg\",\"contentUrl\":\"https:\/\/nordnesrepublikken.no\/wp-content\/uploads\/2026\/01\/1769597469_Apple-lanserer-ny-AirTag-med-lengre-rekkevidde-\u2013-et-loft.jpg\",\"width\":1200,\"height\":999,\"caption\":\"Apple lanserer ny AirTag med lengre rekkevidde \u2013 et l\u00f8ft for hyppige reisende\"},{\"@type\":\"BreadcrumbList\",\"@id\":\"https:\/\/nordnesrepublikken.no\/index.php\/2026\/01\/28\/apple-lanserer-ny-airtag-med-lengre-rekkevidde-et-loft-for-hyppige-reisende\/#breadcrumb\",\"itemListElement\":[{\"@type\":\"ListItem\",\"position\":1,\"name\":\"Home\",\"item\":\"https:\/\/nordnesrepublikken.no\/\"},{\"@type\":\"ListItem\",\"position\":2,\"name\":\"Apple lanserer ny AirTag med lengre rekkevidde \u2013 et l\u00f8ft for hyppige reisende\"}]},{\"@type\":\"WebSite\",\"@id\":\"https:\/\/nordnesrepublikken.no\/#website\",\"url\":\"https:\/\/nordnesrepublikken.no\/\",\"name\":\"Nordnesrepublikken\",\"description\":\"Stemmer og Visjoner fra Republikkens Hjerte\",\"publisher\":{\"@id\":\"https:\/\/nordnesrepublikken.no\/#organization\"},\"potentialAction\":[{\"@type\":\"SearchAction\",\"target\":{\"@type\":\"EntryPoint\",\"urlTemplate\":\"https:\/\/nordnesrepublikken.no\/?s={search_term_string}\"},\"query-input\":{\"@type\":\"PropertyValueSpecification\",\"valueRequired\":true,\"valueName\":\"search_term_string\"}}],\"inLanguage\":\"nb-NO\"},{\"@type\":\"Organization\",\"@id\":\"https:\/\/nordnesrepublikken.no\/#organization\",\"name\":\"Nordnesrepublikken\",\"url\":\"https:\/\/nordnesrepublikken.no\/\",\"logo\":{\"@type\":\"ImageObject\",\"inLanguage\":\"nb-NO\",\"@id\":\"https:\/\/nordnesrepublikken.no\/#\/schema\/logo\/image\/\",\"url\":\"https:\/\/nordnesrepublikken.no\/wp-content\/uploads\/2025\/02\/cropped-nordnesrepublikken-2.png\",\"contentUrl\":\"https:\/\/nordnesrepublikken.no\/wp-content\/uploads\/2025\/02\/cropped-nordnesrepublikken-2.png\",\"width\":1248,\"height\":362,\"caption\":\"Nordnesrepublikken\"},\"image\":{\"@id\":\"https:\/\/nordnesrepublikken.no\/#\/schema\/logo\/image\/\"}},{\"@type\":\"Person\",\"@id\":\"https:\/\/nordnesrepublikken.no\/#\/schema\/person\/2e7e81935bab77882fffb79296240ff1\",\"name\":\"Ole Andersen\",\"image\":{\"@type\":\"ImageObject\",\"inLanguage\":\"nb-NO\",\"@id\":\"https:\/\/nordnesrepublikken.no\/#\/schema\/person\/image\/\",\"url\":\"https:\/\/nordnesrepublikken.no\/wp-content\/uploads\/2025\/02\/nordnesrepublikken-2-2-150x150.jpg\",\"contentUrl\":\"https:\/\/nordnesrepublikken.no\/wp-content\/uploads\/2025\/02\/nordnesrepublikken-2-2-150x150.jpg\",\"caption\":\"Ole Andersen\"},\"description\":\"Ettersom jeg vokste opp i Oslo, har jeg alltid v\u00e6rt fascinert av ordenes kraft og deres evne til \u00e5 skape endringer. Etter \u00e5 ha fullf\u00f8rt min utdannelse i kommunikasjon ved Universitetet i Bergen, fikk jeg muligheten til \u00e5 jobbe innen ulike medier, der jeg har s\u00f8kt \u00e5 belyse viktige samfunnssp\u00f8rsm\u00e5l. I dag, som redakt\u00f8r for Nordnesrepublikken, pr\u00f8ver jeg \u00e5 forene min kj\u00e6rlighet for journalistikk med min lidenskap for innovasjon og eventyr.\",\"sameAs\":[\"https:\/\/nordnesrepublikken.no\/\"]}]}<\/script>\n<!-- \/ Yoast SEO plugin. -->","yoast_head_json":{"title":"Apple lanserer ny AirTag med lengre rekkevidde \u2013 et l\u00f8ft for hyppige reisende - Nordnesrepublikken","robots":{"index":"index","follow":"follow","max-snippet":"max-snippet:-1","max-image-preview":"max-image-preview:large","max-video-preview":"max-video-preview:-1"},"canonical":"https:\/\/nordnesrepublikken.no\/index.php\/2026\/01\/28\/apple-lanserer-ny-airtag-med-lengre-rekkevidde-et-loft-for-hyppige-reisende\/","og_locale":"nb_NO","og_type":"article","og_title":"Apple lanserer ny AirTag med lengre rekkevidde \u2013 et l\u00f8ft for hyppige reisende - Nordnesrepublikken","og_description":"Eple har avduket en ny generasjon AirTagsom lover lengre sporingsrekkevidde, h\u00f8yere varsler og forbedret Precision","og_url":"https:\/\/nordnesrepublikken.no\/index.php\/2026\/01\/28\/apple-lanserer-ny-airtag-med-lengre-rekkevidde-et-loft-for-hyppige-reisende\/","og_site_name":"Nordnesrepublikken","article_published_time":"2026-01-28T10:51:08+00:00","article_modified_time":"2026-01-28T10:51:09+00:00","og_image":[{"width":1200,"height":999,"url":"https:\/\/nordnesrepublikken.no\/wp-content\/uploads\/2026\/01\/1769597469_Apple-lanserer-ny-AirTag-med-lengre-rekkevidde-\u2013-et-loft.jpg","type":"image\/jpeg"}],"author":"Ole Andersen","twitter_card":"summary_large_image","twitter_misc":{"Skrevet av":"Ole Andersen","Ansl. lesetid":"2 minutter"},"schema":{"@context":"https:\/\/schema.org","@graph":[{"@type":"Article","@id":"https:\/\/nordnesrepublikken.no\/index.php\/2026\/01\/28\/apple-lanserer-ny-airtag-med-lengre-rekkevidde-et-loft-for-hyppige-reisende\/#article","isPartOf":{"@id":"https:\/\/nordnesrepublikken.no\/index.php\/2026\/01\/28\/apple-lanserer-ny-airtag-med-lengre-rekkevidde-et-loft-for-hyppige-reisende\/"},"author":{"name":"Ole Andersen","@id":"https:\/\/nordnesrepublikken.no\/#\/schema\/person\/2e7e81935bab77882fffb79296240ff1"},"headline":"Apple lanserer ny AirTag med lengre rekkevidde \u2013 et l\u00f8ft for hyppige reisende","datePublished":"2026-01-28T10:51:08+00:00","dateModified":"2026-01-28T10:51:09+00:00","mainEntityOfPage":{"@id":"https:\/\/nordnesrepublikken.no\/index.php\/2026\/01\/28\/apple-lanserer-ny-airtag-med-lengre-rekkevidde-et-loft-for-hyppige-reisende\/"},"wordCount":426,"publisher":{"@id":"https:\/\/nordnesrepublikken.no\/#organization"},"image":{"@id":"https:\/\/nordnesrepublikken.no\/index.php\/2026\/01\/28\/apple-lanserer-ny-airtag-med-lengre-rekkevidde-et-loft-for-hyppige-reisende\/#primaryimage"},"thumbnailUrl":"https:\/\/nordnesrepublikken.no\/wp-content\/uploads\/2026\/01\/1769597469_Apple-lanserer-ny-AirTag-med-lengre-rekkevidde-\u2013-et-loft.jpg","keywords":["AirTag","Apple","hyppige","lanserer","lengre","l\u00f8ft","med","reisende","rekkevidde"],"articleSection":["Livsstil"],"inLanguage":"nb-NO"},{"@type":"WebPage","@id":"https:\/\/nordnesrepublikken.no\/index.php\/2026\/01\/28\/apple-lanserer-ny-airtag-med-lengre-rekkevidde-et-loft-for-hyppige-reisende\/","url":"https:\/\/nordnesrepublikken.no\/index.php\/2026\/01\/28\/apple-lanserer-ny-airtag-med-lengre-rekkevidde-et-loft-for-hyppige-reisende\/","name":"Apple lanserer ny AirTag med lengre rekkevidde \u2013 et l\u00f8ft for hyppige reisende - Nordnesrepublikken","isPartOf":{"@id":"https:\/\/nordnesrepublikken.no\/#website"},"primaryImageOfPage":{"@id":"https:\/\/nordnesrepublikken.no\/index.php\/2026\/01\/28\/apple-lanserer-ny-airtag-med-lengre-rekkevidde-et-loft-for-hyppige-reisende\/#primaryimage"},"image":{"@id":"https:\/\/nordnesrepublikken.no\/index.php\/2026\/01\/28\/apple-lanserer-ny-airtag-med-lengre-rekkevidde-et-loft-for-hyppige-reisende\/#primaryimage"},"thumbnailUrl":"https:\/\/nordnesrepublikken.no\/wp-content\/uploads\/2026\/01\/1769597469_Apple-lanserer-ny-AirTag-med-lengre-rekkevidde-\u2013-et-loft.jpg","datePublished":"2026-01-28T10:51:08+00:00","dateModified":"2026-01-28T10:51:09+00:00","breadcrumb":{"@id":"https:\/\/nordnesrepublikken.no\/index.php\/2026\/01\/28\/apple-lanserer-ny-airtag-med-lengre-rekkevidde-et-loft-for-hyppige-reisende\/#breadcrumb"},"inLanguage":"nb-NO","potentialAction":[{"@type":"ReadAction","target":["https:\/\/nordnesrepublikken.no\/index.php\/2026\/01\/28\/apple-lanserer-ny-airtag-med-lengre-rekkevidde-et-loft-for-hyppige-reisende\/"]}]},{"@type":"ImageObject","inLanguage":"nb-NO","@id":"https:\/\/nordnesrepublikken.no\/index.php\/2026\/01\/28\/apple-lanserer-ny-airtag-med-lengre-rekkevidde-et-loft-for-hyppige-reisende\/#primaryimage","url":"https:\/\/nordnesrepublikken.no\/wp-content\/uploads\/2026\/01\/1769597469_Apple-lanserer-ny-AirTag-med-lengre-rekkevidde-\u2013-et-loft.jpg","contentUrl":"https:\/\/nordnesrepublikken.no\/wp-content\/uploads\/2026\/01\/1769597469_Apple-lanserer-ny-AirTag-med-lengre-rekkevidde-\u2013-et-loft.jpg","width":1200,"height":999,"caption":"Apple lanserer ny AirTag med lengre rekkevidde \u2013 et l\u00f8ft for hyppige reisende"},{"@type":"BreadcrumbList","@id":"https:\/\/nordnesrepublikken.no\/index.php\/2026\/01\/28\/apple-lanserer-ny-airtag-med-lengre-rekkevidde-et-loft-for-hyppige-reisende\/#breadcrumb","itemListElement":[{"@type":"ListItem","position":1,"name":"Home","item":"https:\/\/nordnesrepublikken.no\/"},{"@type":"ListItem","position":2,"name":"Apple lanserer ny AirTag med lengre rekkevidde \u2013 et l\u00f8ft for hyppige reisende"}]},{"@type":"WebSite","@id":"https:\/\/nordnesrepublikken.no\/#website","url":"https:\/\/nordnesrepublikken.no\/","name":"Nordnesrepublikken","description":"Stemmer og Visjoner fra Republikkens Hjerte","publisher":{"@id":"https:\/\/nordnesrepublikken.no\/#organization"},"potentialAction":[{"@type":"SearchAction","target":{"@type":"EntryPoint","urlTemplate":"https:\/\/nordnesrepublikken.no\/?s={search_term_string}"},"query-input":{"@type":"PropertyValueSpecification","valueRequired":true,"valueName":"search_term_string"}}],"inLanguage":"nb-NO"},{"@type":"Organization","@id":"https:\/\/nordnesrepublikken.no\/#organization","name":"Nordnesrepublikken","url":"https:\/\/nordnesrepublikken.no\/","logo":{"@type":"ImageObject","inLanguage":"nb-NO","@id":"https:\/\/nordnesrepublikken.no\/#\/schema\/logo\/image\/","url":"https:\/\/nordnesrepublikken.no\/wp-content\/uploads\/2025\/02\/cropped-nordnesrepublikken-2.png","contentUrl":"https:\/\/nordnesrepublikken.no\/wp-content\/uploads\/2025\/02\/cropped-nordnesrepublikken-2.png","width":1248,"height":362,"caption":"Nordnesrepublikken"},"image":{"@id":"https:\/\/nordnesrepublikken.no\/#\/schema\/logo\/image\/"}},{"@type":"Person","@id":"https:\/\/nordnesrepublikken.no\/#\/schema\/person\/2e7e81935bab77882fffb79296240ff1","name":"Ole Andersen","image":{"@type":"ImageObject","inLanguage":"nb-NO","@id":"https:\/\/nordnesrepublikken.no\/#\/schema\/person\/image\/","url":"https:\/\/nordnesrepublikken.no\/wp-content\/uploads\/2025\/02\/nordnesrepublikken-2-2-150x150.jpg","contentUrl":"https:\/\/nordnesrepublikken.no\/wp-content\/uploads\/2025\/02\/nordnesrepublikken-2-2-150x150.jpg","caption":"Ole Andersen"},"description":"Ettersom jeg vokste opp i Oslo, har jeg alltid v\u00e6rt fascinert av ordenes kraft og deres evne til \u00e5 skape endringer. Etter \u00e5 ha fullf\u00f8rt min utdannelse i kommunikasjon ved Universitetet i Bergen, fikk jeg muligheten til \u00e5 jobbe innen ulike medier, der jeg har s\u00f8kt \u00e5 belyse viktige samfunnssp\u00f8rsm\u00e5l. I dag, som redakt\u00f8r for Nordnesrepublikken, pr\u00f8ver jeg \u00e5 forene min kj\u00e6rlighet for journalistikk med min lidenskap for innovasjon og eventyr.","sameAs":["https:\/\/nordnesrepublikken.no\/"]}]}},"_links":{"self":[{"href":"https:\/\/nordnesrepublikken.no\/index.php\/wp-json\/wp\/v2\/posts\/14305","targetHints":{"allow":["GET"]}}],"collection":[{"href":"https:\/\/nordnesrepublikken.no\/index.php\/wp-json\/wp\/v2\/posts"}],"about":[{"href":"https:\/\/nordnesrepublikken.no\/index.php\/wp-json\/wp\/v2\/types\/post"}],"author":[{"embeddable":true,"href":"https:\/\/nordnesrepublikken.no\/index.php\/wp-json\/wp\/v2\/users\/1"}],"replies":[{"embeddable":true,"href":"https:\/\/nordnesrepublikken.no\/index.php\/wp-json\/wp\/v2\/comments?post=14305"}],"version-history":[{"count":1,"href":"https:\/\/nordnesrepublikken.no\/index.php\/wp-json\/wp\/v2\/posts\/14305\/revisions"}],"predecessor-version":[{"id":14307,"href":"https:\/\/nordnesrepublikken.no\/index.php\/wp-json\/wp\/v2\/posts\/14305\/revisions\/14307"}],"wp:featuredmedia":[{"embeddable":true,"href":"https:\/\/nordnesrepublikken.no\/index.php\/wp-json\/wp\/v2\/media\/14306"}],"wp:attachment":[{"href":"https:\/\/nordnesrepublikken.no\/index.php\/wp-json\/wp\/v2\/media?parent=14305"}],"wp:term":[{"taxonomy":"category","embeddable":true,"href":"https:\/\/nordnesrepublikken.no\/index.php\/wp-json\/wp\/v2\/categories?post=14305"},{"taxonomy":"post_tag","embeddable":true,"href":"https:\/\/nordnesrepublikken.no\/index.php\/wp-json\/wp\/v2\/tags?post=14305"}],"curies":[{"name":"wp","href":"https:\/\/api.w.org\/{rel}","templated":true}]}}