{"id":14293,"date":"2026-01-28T04:51:08","date_gmt":"2026-01-28T03:51:08","guid":{"rendered":"https:\/\/nordnesrepublikken.no\/index.php\/2026\/01\/28\/alle-snakker-om-gronland\/"},"modified":"2026-01-28T04:51:10","modified_gmt":"2026-01-28T03:51:10","slug":"alle-snakker-om-gronland","status":"publish","type":"post","link":"https:\/\/nordnesrepublikken.no\/index.php\/2026\/01\/28\/alle-snakker-om-gronland\/","title":{"rendered":"Alle snakker om Gr\u00f8nland"},"content":{"rendered":"<p><\/p>\n<div class=\"wordpress-content\">\n                    <!-- Article Start --><\/p>\n<p>\u00abAlle snakker om Gr\u00f8nland\u00bb h\u00f8res ut som tittelen p\u00e5 den siste West End-hiten \u2013 om bare. Likevel ser det ut til at Gr\u00f8nland har dominert nyhetene nylig, og det fikk meg til \u00e5 dele noen virkelig bemerkelsesverdig vitenskap: vitenskap som virkelig fortjener overskriftsstatus.<\/p>\n<p><span id=\"more-559673\"><\/span><\/p>\n<p>Et multinasjonalt forskerteam basert ved Stanford University i USA har med suksess designet og syntetisert et enkelt virus. Rent praktisk betyr dette at de har v\u00e6rt i stand til \u00e5 &laquo;skrive ut&raquo; et virus utviklet for \u00e5 utf\u00f8re en spesifikk oppgave &#8211; i dette tilfellet for \u00e5 forstyrre en bakterie og stoppe den fra \u00e5 reprodusere seg. Viruset, kalt Evo-\u03a62147, ble testet mot <em>E. coli<\/em>en bakterie som er ansvarlig for alvorlige gastrointestinale sykdommer. Forskere lot bakteriene vokse p\u00e5 en n\u00e6ringsrik petrisk\u00e5l og introduserte deretter noen f\u00e5 dr\u00e5per av det konstruerte viruset. Nesten umiddelbart dukket det opp klare flekker da viruset \u00f8dela bakteriekoloniene.<\/p>\n<div class=\"sra_unit\"><link rel=\"stylesheet\" id=\"block-sra\" href=\"https:\/\/euroweeklynews.com\/wp-content\/plugins\/snack-related-articles\/dist\/css\/snack-related.min.css?250312-193541\" type=\"text\/css\" media=\"all\">\n<\/div>\n<p>Denne utviklingen er spesielt spennende fordi, mens antibiotika kan oppn\u00e5 lignende resultater, blir vi i \u00f8kende grad konfrontert med antibiotikaresistens og ubehagelige bivirkninger. Det konstruerte viruset fungerer annerledes: det retter seg bare mot den spesifikke bakterien, g\u00e5r inn i vertscellen og omprogrammerer den effektivt til selvdestruksjon.<\/p>\n<p>Selv om dette arbeidet forblir p\u00e5 laboratoriestadiet, representerer det et betydelig skritt mot m\u00e5lrettet og personlig medisin. Stanford-teamet brukte kunstig intelligens sammen med avansert DNA-konstruksjonsteknologi, noe som gjorde det mulig \u00e5 gj\u00f8re biologiske &laquo;bl\u00e5kopier&raquo; til virkelighet.<\/p>\n<p>Det er imidlertid ogs\u00e5 en potensiell ulempe. Adrian Woolfson, den britiske molekyl\u00e6rbiologen som leder Stanford-teamet, har beskrevet dette som et \u00abmassivt, konsekvensmessig \u00f8yeblikk\u00bb. Hans forsiktighet gjenspeiler de dype implikasjonene av \u00e5 kunne p\u00e5virke livet p\u00e5 et s\u00e5 grunnleggende niv\u00e5.<\/p>\n<p>Virus regnes ikke som levende organismer; de oppfyller ikke de biologiske kriteriene for liv. Under COVID-19-pandemien var det viktig \u00e5 klargj\u00f8re at et virus i hovedsak er genetisk materiale innelukket i et proteinskall. Du kan ikke &laquo;drepe&raquo; et virus i tradisjonell forstand. Men evnen til \u00e5 designe et virus p\u00e5 denne m\u00e5ten representerer det f\u00f8rste skrittet mot noe virkelig transformativt.<\/p>\n<p>Hvis vi kan m\u00e5lrette spesifikke celler med denne presisjonen, kan det revolusjonere hvordan vi behandler sykdommer som kreft \u2013 et m\u00e5l som forskerteamet utvilsomt forf\u00f8lger p\u00e5 lang sikt. Dette gjennombruddet er ogs\u00e5 et sterkt eksempel p\u00e5 hva som kan oppn\u00e5s gjennom ekte globalt samarbeid rundt et felles vitenskapelig m\u00e5l.<\/p>\n<p>Mens jeg leste om denne forskningen blant p\u00e5g\u00e5ende overskrifter om Arktis, kom jeg ogs\u00e5 over oppmuntrende nyheter n\u00e6rmere hjemmet: tre nye legemidler er godkjent for effektiv behandling av prostatakreft. For meg var det virkelig oppl\u00f8ftende. Prostatakreft har v\u00e6rt i offentlighetens s\u00f8kelys nylig, spesielt etter Storbritannias beslutning om ikke \u00e5 innf\u00f8re et landsomfattende screeningprogram, til tross for st\u00f8tte fra flere h\u00f8yprofilerte personer, inkludert en tidligere statsminister.<\/p>\n<p>Jeg er fortsatt litt usikker p\u00e5 massescreening. Problemet ligger i den n\u00e5v\u00e6rende f\u00f8rstelinjetesten, PSA-blodpr\u00f8ven (prostataspesifikt antigen). Selv om det m\u00e5ler PSA-niv\u00e5er n\u00f8yaktig, er det ikke en p\u00e5litelig indikator p\u00e5 kreft i seg selv. Forh\u00f8yede PSA-niv\u00e5er kan oppst\u00e5 av mange godartede \u00e5rsaker. Ikke desto mindre er det det eneste f\u00f8rste screeningsverkt\u00f8yet som er tilgjengelig for \u00f8yeblikket.<\/p>\n<p>Mitt r\u00e5d er enkelt: menn over 55 \u00e5r b\u00f8r vurdere \u00e5 diskutere PSA-testing med fastlegen. Testen er enkel og smertefri. Hvis resultatene er h\u00f8yere enn forventet &#8211; med tanke p\u00e5 at &laquo;normale&raquo; omr\u00e5der er brede &#8211; kan testen gjentas etter seks eller tolv m\u00e5neder. Vedvarende h\u00f8ye niv\u00e5er kan da f\u00f8re til en MR-skanning, som representerer en betydelig forbedring i den diagnostiske veien. MR-avbildning kan gi verdifull kontekst og hjelpe spesialister avgj\u00f8re om en biopsi er n\u00f8dvendig. Siden biopsier har visse risikoer, anbefales n\u00e5 MR som et mellomtrinn. N\u00e5r prostatakreft oppdages tidlig, er behandlingsresultater ofte gode.<\/p>\n<p>Ser vi fremover, kan det tenkes at konstruerte virus en dag kan brukes til \u00e5 m\u00e5lrette direkte mot kreftceller. Vi er ikke der enn\u00e5, men fremgangen er lovende. I mellomtiden er en samtale med fastlegen din fortsatt den mest fornuftige handlingen.<\/p>\n<p>Til slutt, mens mye av verden har v\u00e6rt fokusert andre steder, opplevde mannskapet ombord p\u00e5 den internasjonale romstasjonen en dramatisk episode for seg selv. For f\u00f8rste gang i sin historie aktiverte NASA sin medisinske evakueringsprotokoll, og returnerte hele mannskapet til jorden som et hastesp\u00f8rsm\u00e5l. Dette reiste et \u00e5penbart sp\u00f8rsm\u00e5l: hva kan n\u00f8dvendiggj\u00f8re en s\u00e5 ekstrem reaksjon?<\/p>\n<p>Astronauter er omfattende trent til \u00e5 h\u00e5ndtere medisinske n\u00f8dsituasjoner, fra traumer og bl\u00f8dninger til dekompresjonsrelaterte hendelser. Stasjonen er godt fylt med medisinsk utstyr, og bakkebaserte spesialister er tilgjengelige til enhver tid. Men i et begrenset milj\u00f8 med null tyngdekraft, kan selv en relativt liten infeksjon utgj\u00f8re en alvorlig risiko. Noen av en viss \u00e5rgang vil huske Apollo 13-oppdraget. Bortsett fra eksplosjonen og rullene med gaffatape som til slutt tillot mannskapet \u00e5 vende tilbake til jorden, betydde et tilfelle av tyske meslinger at en av de opprinnelige besetningene ble erstattet i siste \u00f8yeblikk.<\/p>\n<p>Hvis ett besetningsmedlem blir syk, er det usedvanlig vanskelig \u00e5 forhindre overf\u00f8ring. Under slike omstendigheter kan en rask evakuering v\u00e6re det eneste sikre alternativet.<\/p>\n<p>N\u00e5r avgj\u00f8relsen var tatt, returnerte mannskapet til jorden p\u00e5 litt over syv timer \u2013 en bemerkelsesverdig logistisk prestasjon. Det er ogs\u00e5 en p\u00e5minnelse om at akuttmedisinsk st\u00f8tte aldri er langt unna. P\u00e5 tvers av det europeiske kontinentet kobler 112 deg til n\u00f8detatene, mens nummeret 061 i Spania ogs\u00e5 tjener samme form\u00e5l for medisinske hendelser. \u00c5 vite at hjelp er tilgjengelig hele d\u00f8gnet er betryggende.<\/p>\n<p>Og jeg ser for meg at Gr\u00f8nland fra bane m\u00e5 se virkelig fantastisk ut \u2013 vakkert, til og med.<\/p>\n<blockquote>\n<p>Informasjonen i denne kolonnen er kun for pedagogiske og informasjonsform\u00e5l, og utgj\u00f8r ikke medisinsk r\u00e5dgivning. Det er ikke en erstatning for en profesjonell medisinsk konsultasjon, diagnose eller behandling. S\u00f8k alltid r\u00e5d fra din egen lege eller annen kvalifisert helsepersonell med sp\u00f8rsm\u00e5l du m\u00e5tte ha ang\u00e5ende en medisinsk tilstand.<\/p>\n<pre>Dr Marcus Stephan<\/pre>\n<\/blockquote>\n<p>                    <!-- Originally published at https:\/\/euroweeklynews.com\/2026\/01\/27\/everyones-talking-about-greenland\/ on 27 Jan 2026 at 10:07 by Dr Marcus Stephan --><br \/>\n                    <!-- Article End -->\n                <\/div>\n","protected":false},"excerpt":{"rendered":"<p>\u00abAlle snakker om Gr\u00f8nland\u00bb h\u00f8res ut som tittelen p\u00e5 den siste West End-hiten \u2013 om<\/p>\n","protected":false},"author":1,"featured_media":14294,"comment_status":"closed","ping_status":"open","sticky":false,"template":"","format":"standard","meta":{"footnotes":""},"categories":[105],"tags":[1515,667,3564],"class_list":["post-14293","post","type-post","status-publish","format-standard","has-post-thumbnail","hentry","category-livsstil","tag-alle","tag-gronland","tag-snakker","generate-columns","tablet-grid-50","mobile-grid-100","grid-parent","grid-33","resize-featured-image"],"yoast_head":"<!-- This site is optimized with the Yoast SEO plugin v24.4 - https:\/\/yoast.com\/wordpress\/plugins\/seo\/ -->\n<title>Alle snakker om Gr\u00f8nland - Nordnesrepublikken<\/title>\n<meta name=\"robots\" content=\"index, follow, max-snippet:-1, max-image-preview:large, max-video-preview:-1\" \/>\n<link rel=\"canonical\" href=\"https:\/\/nordnesrepublikken.no\/index.php\/2026\/01\/28\/alle-snakker-om-gronland\/\" \/>\n<meta property=\"og:locale\" content=\"nb_NO\" \/>\n<meta property=\"og:type\" content=\"article\" \/>\n<meta property=\"og:title\" content=\"Alle snakker om Gr\u00f8nland - Nordnesrepublikken\" \/>\n<meta property=\"og:description\" content=\"\u00abAlle snakker om Gr\u00f8nland\u00bb h\u00f8res ut som tittelen p\u00e5 den siste West End-hiten \u2013 om\" \/>\n<meta property=\"og:url\" content=\"https:\/\/nordnesrepublikken.no\/index.php\/2026\/01\/28\/alle-snakker-om-gronland\/\" \/>\n<meta property=\"og:site_name\" content=\"Nordnesrepublikken\" \/>\n<meta property=\"article:published_time\" content=\"2026-01-28T03:51:08+00:00\" \/>\n<meta property=\"article:modified_time\" content=\"2026-01-28T03:51:10+00:00\" \/>\n<meta property=\"og:image\" content=\"https:\/\/nordnesrepublikken.no\/wp-content\/uploads\/2026\/01\/1769572269_Alle-snakker-om-Gronland.jpg\" \/>\n\t<meta property=\"og:image:width\" content=\"1200\" \/>\n\t<meta property=\"og:image:height\" content=\"675\" \/>\n\t<meta property=\"og:image:type\" content=\"image\/jpeg\" \/>\n<meta name=\"author\" content=\"Ole Andersen\" \/>\n<meta name=\"twitter:card\" content=\"summary_large_image\" \/>\n<meta name=\"twitter:label1\" content=\"Skrevet av\" \/>\n\t<meta name=\"twitter:data1\" content=\"Ole Andersen\" \/>\n\t<meta name=\"twitter:label2\" content=\"Ansl. lesetid\" \/>\n\t<meta name=\"twitter:data2\" content=\"5 minutter\" \/>\n<script type=\"application\/ld+json\" class=\"yoast-schema-graph\">{\"@context\":\"https:\/\/schema.org\",\"@graph\":[{\"@type\":\"Article\",\"@id\":\"https:\/\/nordnesrepublikken.no\/index.php\/2026\/01\/28\/alle-snakker-om-gronland\/#article\",\"isPartOf\":{\"@id\":\"https:\/\/nordnesrepublikken.no\/index.php\/2026\/01\/28\/alle-snakker-om-gronland\/\"},\"author\":{\"name\":\"Ole Andersen\",\"@id\":\"https:\/\/nordnesrepublikken.no\/#\/schema\/person\/2e7e81935bab77882fffb79296240ff1\"},\"headline\":\"Alle snakker om Gr\u00f8nland\",\"datePublished\":\"2026-01-28T03:51:08+00:00\",\"dateModified\":\"2026-01-28T03:51:10+00:00\",\"mainEntityOfPage\":{\"@id\":\"https:\/\/nordnesrepublikken.no\/index.php\/2026\/01\/28\/alle-snakker-om-gronland\/\"},\"wordCount\":1003,\"publisher\":{\"@id\":\"https:\/\/nordnesrepublikken.no\/#organization\"},\"image\":{\"@id\":\"https:\/\/nordnesrepublikken.no\/index.php\/2026\/01\/28\/alle-snakker-om-gronland\/#primaryimage\"},\"thumbnailUrl\":\"https:\/\/nordnesrepublikken.no\/wp-content\/uploads\/2026\/01\/1769572269_Alle-snakker-om-Gronland.jpg\",\"keywords\":[\"alle\",\"Gr\u00f8nland\",\"snakker\"],\"articleSection\":[\"Livsstil\"],\"inLanguage\":\"nb-NO\"},{\"@type\":\"WebPage\",\"@id\":\"https:\/\/nordnesrepublikken.no\/index.php\/2026\/01\/28\/alle-snakker-om-gronland\/\",\"url\":\"https:\/\/nordnesrepublikken.no\/index.php\/2026\/01\/28\/alle-snakker-om-gronland\/\",\"name\":\"Alle snakker om Gr\u00f8nland - Nordnesrepublikken\",\"isPartOf\":{\"@id\":\"https:\/\/nordnesrepublikken.no\/#website\"},\"primaryImageOfPage\":{\"@id\":\"https:\/\/nordnesrepublikken.no\/index.php\/2026\/01\/28\/alle-snakker-om-gronland\/#primaryimage\"},\"image\":{\"@id\":\"https:\/\/nordnesrepublikken.no\/index.php\/2026\/01\/28\/alle-snakker-om-gronland\/#primaryimage\"},\"thumbnailUrl\":\"https:\/\/nordnesrepublikken.no\/wp-content\/uploads\/2026\/01\/1769572269_Alle-snakker-om-Gronland.jpg\",\"datePublished\":\"2026-01-28T03:51:08+00:00\",\"dateModified\":\"2026-01-28T03:51:10+00:00\",\"breadcrumb\":{\"@id\":\"https:\/\/nordnesrepublikken.no\/index.php\/2026\/01\/28\/alle-snakker-om-gronland\/#breadcrumb\"},\"inLanguage\":\"nb-NO\",\"potentialAction\":[{\"@type\":\"ReadAction\",\"target\":[\"https:\/\/nordnesrepublikken.no\/index.php\/2026\/01\/28\/alle-snakker-om-gronland\/\"]}]},{\"@type\":\"ImageObject\",\"inLanguage\":\"nb-NO\",\"@id\":\"https:\/\/nordnesrepublikken.no\/index.php\/2026\/01\/28\/alle-snakker-om-gronland\/#primaryimage\",\"url\":\"https:\/\/nordnesrepublikken.no\/wp-content\/uploads\/2026\/01\/1769572269_Alle-snakker-om-Gronland.jpg\",\"contentUrl\":\"https:\/\/nordnesrepublikken.no\/wp-content\/uploads\/2026\/01\/1769572269_Alle-snakker-om-Gronland.jpg\",\"width\":1200,\"height\":675,\"caption\":\"Alle snakker om Gr\u00f8nland\"},{\"@type\":\"BreadcrumbList\",\"@id\":\"https:\/\/nordnesrepublikken.no\/index.php\/2026\/01\/28\/alle-snakker-om-gronland\/#breadcrumb\",\"itemListElement\":[{\"@type\":\"ListItem\",\"position\":1,\"name\":\"Home\",\"item\":\"https:\/\/nordnesrepublikken.no\/\"},{\"@type\":\"ListItem\",\"position\":2,\"name\":\"Alle snakker om Gr\u00f8nland\"}]},{\"@type\":\"WebSite\",\"@id\":\"https:\/\/nordnesrepublikken.no\/#website\",\"url\":\"https:\/\/nordnesrepublikken.no\/\",\"name\":\"Nordnesrepublikken\",\"description\":\"Stemmer og Visjoner fra Republikkens Hjerte\",\"publisher\":{\"@id\":\"https:\/\/nordnesrepublikken.no\/#organization\"},\"potentialAction\":[{\"@type\":\"SearchAction\",\"target\":{\"@type\":\"EntryPoint\",\"urlTemplate\":\"https:\/\/nordnesrepublikken.no\/?s={search_term_string}\"},\"query-input\":{\"@type\":\"PropertyValueSpecification\",\"valueRequired\":true,\"valueName\":\"search_term_string\"}}],\"inLanguage\":\"nb-NO\"},{\"@type\":\"Organization\",\"@id\":\"https:\/\/nordnesrepublikken.no\/#organization\",\"name\":\"Nordnesrepublikken\",\"url\":\"https:\/\/nordnesrepublikken.no\/\",\"logo\":{\"@type\":\"ImageObject\",\"inLanguage\":\"nb-NO\",\"@id\":\"https:\/\/nordnesrepublikken.no\/#\/schema\/logo\/image\/\",\"url\":\"https:\/\/nordnesrepublikken.no\/wp-content\/uploads\/2025\/02\/cropped-nordnesrepublikken-2.png\",\"contentUrl\":\"https:\/\/nordnesrepublikken.no\/wp-content\/uploads\/2025\/02\/cropped-nordnesrepublikken-2.png\",\"width\":1248,\"height\":362,\"caption\":\"Nordnesrepublikken\"},\"image\":{\"@id\":\"https:\/\/nordnesrepublikken.no\/#\/schema\/logo\/image\/\"}},{\"@type\":\"Person\",\"@id\":\"https:\/\/nordnesrepublikken.no\/#\/schema\/person\/2e7e81935bab77882fffb79296240ff1\",\"name\":\"Ole Andersen\",\"image\":{\"@type\":\"ImageObject\",\"inLanguage\":\"nb-NO\",\"@id\":\"https:\/\/nordnesrepublikken.no\/#\/schema\/person\/image\/\",\"url\":\"https:\/\/nordnesrepublikken.no\/wp-content\/uploads\/2025\/02\/nordnesrepublikken-2-2-150x150.jpg\",\"contentUrl\":\"https:\/\/nordnesrepublikken.no\/wp-content\/uploads\/2025\/02\/nordnesrepublikken-2-2-150x150.jpg\",\"caption\":\"Ole Andersen\"},\"description\":\"Ettersom jeg vokste opp i Oslo, har jeg alltid v\u00e6rt fascinert av ordenes kraft og deres evne til \u00e5 skape endringer. Etter \u00e5 ha fullf\u00f8rt min utdannelse i kommunikasjon ved Universitetet i Bergen, fikk jeg muligheten til \u00e5 jobbe innen ulike medier, der jeg har s\u00f8kt \u00e5 belyse viktige samfunnssp\u00f8rsm\u00e5l. I dag, som redakt\u00f8r for Nordnesrepublikken, pr\u00f8ver jeg \u00e5 forene min kj\u00e6rlighet for journalistikk med min lidenskap for innovasjon og eventyr.\",\"sameAs\":[\"https:\/\/nordnesrepublikken.no\/\"]}]}<\/script>\n<!-- \/ Yoast SEO plugin. -->","yoast_head_json":{"title":"Alle snakker om Gr\u00f8nland - Nordnesrepublikken","robots":{"index":"index","follow":"follow","max-snippet":"max-snippet:-1","max-image-preview":"max-image-preview:large","max-video-preview":"max-video-preview:-1"},"canonical":"https:\/\/nordnesrepublikken.no\/index.php\/2026\/01\/28\/alle-snakker-om-gronland\/","og_locale":"nb_NO","og_type":"article","og_title":"Alle snakker om Gr\u00f8nland - Nordnesrepublikken","og_description":"\u00abAlle snakker om Gr\u00f8nland\u00bb h\u00f8res ut som tittelen p\u00e5 den siste West End-hiten \u2013 om","og_url":"https:\/\/nordnesrepublikken.no\/index.php\/2026\/01\/28\/alle-snakker-om-gronland\/","og_site_name":"Nordnesrepublikken","article_published_time":"2026-01-28T03:51:08+00:00","article_modified_time":"2026-01-28T03:51:10+00:00","og_image":[{"width":1200,"height":675,"url":"https:\/\/nordnesrepublikken.no\/wp-content\/uploads\/2026\/01\/1769572269_Alle-snakker-om-Gronland.jpg","type":"image\/jpeg"}],"author":"Ole Andersen","twitter_card":"summary_large_image","twitter_misc":{"Skrevet av":"Ole Andersen","Ansl. lesetid":"5 minutter"},"schema":{"@context":"https:\/\/schema.org","@graph":[{"@type":"Article","@id":"https:\/\/nordnesrepublikken.no\/index.php\/2026\/01\/28\/alle-snakker-om-gronland\/#article","isPartOf":{"@id":"https:\/\/nordnesrepublikken.no\/index.php\/2026\/01\/28\/alle-snakker-om-gronland\/"},"author":{"name":"Ole Andersen","@id":"https:\/\/nordnesrepublikken.no\/#\/schema\/person\/2e7e81935bab77882fffb79296240ff1"},"headline":"Alle snakker om Gr\u00f8nland","datePublished":"2026-01-28T03:51:08+00:00","dateModified":"2026-01-28T03:51:10+00:00","mainEntityOfPage":{"@id":"https:\/\/nordnesrepublikken.no\/index.php\/2026\/01\/28\/alle-snakker-om-gronland\/"},"wordCount":1003,"publisher":{"@id":"https:\/\/nordnesrepublikken.no\/#organization"},"image":{"@id":"https:\/\/nordnesrepublikken.no\/index.php\/2026\/01\/28\/alle-snakker-om-gronland\/#primaryimage"},"thumbnailUrl":"https:\/\/nordnesrepublikken.no\/wp-content\/uploads\/2026\/01\/1769572269_Alle-snakker-om-Gronland.jpg","keywords":["alle","Gr\u00f8nland","snakker"],"articleSection":["Livsstil"],"inLanguage":"nb-NO"},{"@type":"WebPage","@id":"https:\/\/nordnesrepublikken.no\/index.php\/2026\/01\/28\/alle-snakker-om-gronland\/","url":"https:\/\/nordnesrepublikken.no\/index.php\/2026\/01\/28\/alle-snakker-om-gronland\/","name":"Alle snakker om Gr\u00f8nland - Nordnesrepublikken","isPartOf":{"@id":"https:\/\/nordnesrepublikken.no\/#website"},"primaryImageOfPage":{"@id":"https:\/\/nordnesrepublikken.no\/index.php\/2026\/01\/28\/alle-snakker-om-gronland\/#primaryimage"},"image":{"@id":"https:\/\/nordnesrepublikken.no\/index.php\/2026\/01\/28\/alle-snakker-om-gronland\/#primaryimage"},"thumbnailUrl":"https:\/\/nordnesrepublikken.no\/wp-content\/uploads\/2026\/01\/1769572269_Alle-snakker-om-Gronland.jpg","datePublished":"2026-01-28T03:51:08+00:00","dateModified":"2026-01-28T03:51:10+00:00","breadcrumb":{"@id":"https:\/\/nordnesrepublikken.no\/index.php\/2026\/01\/28\/alle-snakker-om-gronland\/#breadcrumb"},"inLanguage":"nb-NO","potentialAction":[{"@type":"ReadAction","target":["https:\/\/nordnesrepublikken.no\/index.php\/2026\/01\/28\/alle-snakker-om-gronland\/"]}]},{"@type":"ImageObject","inLanguage":"nb-NO","@id":"https:\/\/nordnesrepublikken.no\/index.php\/2026\/01\/28\/alle-snakker-om-gronland\/#primaryimage","url":"https:\/\/nordnesrepublikken.no\/wp-content\/uploads\/2026\/01\/1769572269_Alle-snakker-om-Gronland.jpg","contentUrl":"https:\/\/nordnesrepublikken.no\/wp-content\/uploads\/2026\/01\/1769572269_Alle-snakker-om-Gronland.jpg","width":1200,"height":675,"caption":"Alle snakker om Gr\u00f8nland"},{"@type":"BreadcrumbList","@id":"https:\/\/nordnesrepublikken.no\/index.php\/2026\/01\/28\/alle-snakker-om-gronland\/#breadcrumb","itemListElement":[{"@type":"ListItem","position":1,"name":"Home","item":"https:\/\/nordnesrepublikken.no\/"},{"@type":"ListItem","position":2,"name":"Alle snakker om Gr\u00f8nland"}]},{"@type":"WebSite","@id":"https:\/\/nordnesrepublikken.no\/#website","url":"https:\/\/nordnesrepublikken.no\/","name":"Nordnesrepublikken","description":"Stemmer og Visjoner fra Republikkens Hjerte","publisher":{"@id":"https:\/\/nordnesrepublikken.no\/#organization"},"potentialAction":[{"@type":"SearchAction","target":{"@type":"EntryPoint","urlTemplate":"https:\/\/nordnesrepublikken.no\/?s={search_term_string}"},"query-input":{"@type":"PropertyValueSpecification","valueRequired":true,"valueName":"search_term_string"}}],"inLanguage":"nb-NO"},{"@type":"Organization","@id":"https:\/\/nordnesrepublikken.no\/#organization","name":"Nordnesrepublikken","url":"https:\/\/nordnesrepublikken.no\/","logo":{"@type":"ImageObject","inLanguage":"nb-NO","@id":"https:\/\/nordnesrepublikken.no\/#\/schema\/logo\/image\/","url":"https:\/\/nordnesrepublikken.no\/wp-content\/uploads\/2025\/02\/cropped-nordnesrepublikken-2.png","contentUrl":"https:\/\/nordnesrepublikken.no\/wp-content\/uploads\/2025\/02\/cropped-nordnesrepublikken-2.png","width":1248,"height":362,"caption":"Nordnesrepublikken"},"image":{"@id":"https:\/\/nordnesrepublikken.no\/#\/schema\/logo\/image\/"}},{"@type":"Person","@id":"https:\/\/nordnesrepublikken.no\/#\/schema\/person\/2e7e81935bab77882fffb79296240ff1","name":"Ole Andersen","image":{"@type":"ImageObject","inLanguage":"nb-NO","@id":"https:\/\/nordnesrepublikken.no\/#\/schema\/person\/image\/","url":"https:\/\/nordnesrepublikken.no\/wp-content\/uploads\/2025\/02\/nordnesrepublikken-2-2-150x150.jpg","contentUrl":"https:\/\/nordnesrepublikken.no\/wp-content\/uploads\/2025\/02\/nordnesrepublikken-2-2-150x150.jpg","caption":"Ole Andersen"},"description":"Ettersom jeg vokste opp i Oslo, har jeg alltid v\u00e6rt fascinert av ordenes kraft og deres evne til \u00e5 skape endringer. Etter \u00e5 ha fullf\u00f8rt min utdannelse i kommunikasjon ved Universitetet i Bergen, fikk jeg muligheten til \u00e5 jobbe innen ulike medier, der jeg har s\u00f8kt \u00e5 belyse viktige samfunnssp\u00f8rsm\u00e5l. I dag, som redakt\u00f8r for Nordnesrepublikken, pr\u00f8ver jeg \u00e5 forene min kj\u00e6rlighet for journalistikk med min lidenskap for innovasjon og eventyr.","sameAs":["https:\/\/nordnesrepublikken.no\/"]}]}},"_links":{"self":[{"href":"https:\/\/nordnesrepublikken.no\/index.php\/wp-json\/wp\/v2\/posts\/14293","targetHints":{"allow":["GET"]}}],"collection":[{"href":"https:\/\/nordnesrepublikken.no\/index.php\/wp-json\/wp\/v2\/posts"}],"about":[{"href":"https:\/\/nordnesrepublikken.no\/index.php\/wp-json\/wp\/v2\/types\/post"}],"author":[{"embeddable":true,"href":"https:\/\/nordnesrepublikken.no\/index.php\/wp-json\/wp\/v2\/users\/1"}],"replies":[{"embeddable":true,"href":"https:\/\/nordnesrepublikken.no\/index.php\/wp-json\/wp\/v2\/comments?post=14293"}],"version-history":[{"count":1,"href":"https:\/\/nordnesrepublikken.no\/index.php\/wp-json\/wp\/v2\/posts\/14293\/revisions"}],"predecessor-version":[{"id":14295,"href":"https:\/\/nordnesrepublikken.no\/index.php\/wp-json\/wp\/v2\/posts\/14293\/revisions\/14295"}],"wp:featuredmedia":[{"embeddable":true,"href":"https:\/\/nordnesrepublikken.no\/index.php\/wp-json\/wp\/v2\/media\/14294"}],"wp:attachment":[{"href":"https:\/\/nordnesrepublikken.no\/index.php\/wp-json\/wp\/v2\/media?parent=14293"}],"wp:term":[{"taxonomy":"category","embeddable":true,"href":"https:\/\/nordnesrepublikken.no\/index.php\/wp-json\/wp\/v2\/categories?post=14293"},{"taxonomy":"post_tag","embeddable":true,"href":"https:\/\/nordnesrepublikken.no\/index.php\/wp-json\/wp\/v2\/tags?post=14293"}],"curies":[{"name":"wp","href":"https:\/\/api.w.org\/{rel}","templated":true}]}}