{"id":14284,"date":"2026-01-27T21:50:23","date_gmt":"2026-01-27T20:50:23","guid":{"rendered":"https:\/\/nordnesrepublikken.no\/index.php\/2026\/01\/27\/liv-med-lav-stimulans-velvaeretrenden-fra-2026\/"},"modified":"2026-01-27T21:50:24","modified_gmt":"2026-01-27T20:50:24","slug":"liv-med-lav-stimulans-velvaeretrenden-fra-2026","status":"publish","type":"post","link":"https:\/\/nordnesrepublikken.no\/index.php\/2026\/01\/27\/liv-med-lav-stimulans-velvaeretrenden-fra-2026\/","title":{"rendered":"Liv med lav stimulans, velv\u00e6retrenden fra 2026"},"content":{"rendered":"<p><\/p>\n<div class=\"wordpress-content\">\n                    <!-- Article Start --><\/p>\n<p><strong>Liv med lav stimulans<\/strong> er i ferd med \u00e5 bli en definerende <strong>velv\u00e6retrend for 2026<\/strong>ettersom flere mennesker pr\u00f8ver \u00e5 redusere den daglige \u00abst\u00f8yen\u00bb i det moderne livet \u2013 fra konstante ping p\u00e5 telefonen og sene m\u00f8ter til trafikklyd og hjemmerot. Tanken er enkel: Senk stimuleringsniv\u00e5et som hjernen din m\u00e5 behandle, s\u00e5 stress er lettere \u00e5 h\u00e5ndtere, og restitusjon (s\u00f8vn, fokus, godt hum\u00f8r) kommer raskere.<\/p>\n<h2><strong>Lav-stimulering forklart<\/strong><\/h2>\n<p>Liv med lav stimulering (forkortelse for lavstimulering) er en livsstilstiln\u00e6rming bygget rundt \u00e5 begrense un\u00f8dvendige sensoriske og kognitive input \u2013 spesielt den typen som kommer i sm\u00e5 treff, hele dagen, hver dag.<\/p>\n<p>Det betyr vanligvis \u00e5 redusere:<\/p>\n<div class=\"sra_unit\"><link rel=\"stylesheet\" id=\"block-sra\" href=\"https:\/\/euroweeklynews.com\/wp-content\/plugins\/snack-related-articles\/dist\/css\/snack-related.min.css?250312-193541\" type=\"text\/css\" media=\"all\">\n<\/div>\n<ul>\n<li>Digital stimulering (varsler, alltid-p\u00e5-meldinger, doomscrolling)<\/li>\n<li>Tidspress (rygg-til-rygg-forpliktelser, multitasking)<\/li>\n<li>Milj\u00f8belastning (st\u00f8y, folkemengder, hard belysning, bl\u00e5tt lys)<\/li>\n<li>Beslutningstr\u00f8tthet (for mange alternativer, for mye rot)<\/li>\n<\/ul>\n<p>Lavstimulering vokser fordi det underliggende problemet blir st\u00f8rre og tallene blir stadig vanskeligere \u00e5 ignorere.<\/p>\n<p>Microsofts Work Trend Index-unders\u00f8kelse har dokumentert hvordan arbeidet g\u00e5r videre inn i personlig tid. I den \u00abuendelige arbeidsdagen\u00bb fant Microsoft at m\u00f8ter som startet etter kl. 20.00 \u00f8kte med 16 prosent fra \u00e5r til \u00e5r, og 30 prosent av m\u00f8tene spenner over flere tidssoner \u2013 eksternt arbeid har sannsynligvis mye \u00e5 svare p\u00e5.<\/p>\n<p>Rapporten flagget ogs\u00e5 at chatter utenfor 9-til-5-arbeidsdagen \u00f8kte med 15 prosent fra \u00e5r til \u00e5r, med 58 meldinger som n\u00e5 kommer f\u00f8r eller etter arbeidstid.<\/p>\n<p>Resultatet er \u00e5penbart. N\u00e5r arbeid kryper inn p\u00e5 kvelder og p\u00e5 tvers av tidssoner, f\u00e5r nervesystemet sjelden en ren &laquo;av&raquo;-bryter &#8211; det er her lavstimulering har som m\u00e5l \u00e5 redusere den overbelastningen.<\/p>\n<h2><strong>Utbrenthet og stress normaliseres <\/strong><\/h2>\n<p>Deloittes velv\u00e6reunders\u00f8kelser fra 2024 fant at rundt halvparten av respondentene sa at de \u00aballtid\u00bb eller \u00abofte\u00bb f\u00f8ler seg utslitt (52 prosent) eller stresset (49 prosent).<\/p>\n<p>Dette betyr noe fordi \u00e5 leve med lav stimulans ikke handler om perfeksjon. Det er et praktisk svar p\u00e5 en verden der kontinuerlig stress er i ferd med \u00e5 bli normen. Det oppmuntrer folk til \u00e5 designe roligere daglige m\u00f8nstre, ikke bare &laquo;kraft gjennom&raquo; stress.<\/p>\n<h2><strong>Milj\u00f8st\u00f8y er et folkehelseproblem <\/strong><\/h2>\n<p>De fleste av oss har tenkt: \u00abJeg kan ikke slappe av her\u00bb p\u00e5 grunn av trafikk, naboer eller en hund som bjeffer. Det europeiske milj\u00f8byr\u00e5et (EEA) rapporterte i 2025 at kronisk eksponering for transportst\u00f8y bidrar til sjokkerende 66 000 for tidlige d\u00f8dsfall \u00e5rlig i Europa, og er knyttet til rundt 50 000 nye tilfeller av hjerte- og karsykdommer og 22 000 tilfeller av type 2-diabetes.<\/p>\n<h2><strong>Hvordan lavstimulering ser ut i hverdagen<\/strong><\/h2>\n<p>De fleste adopterer lav-stimulering gjennom sm\u00e5, kumulative endringer:<\/p>\n<ul>\n<li>Sl\u00e5 av ikke-essensielle varsler (eller gruppere meldinger i angitte vinduer)<\/li>\n<li>Beskytte kvelder (ingen admin, ingen nyhetsspiraler, f\u00e6rre sosiale forpliktelser)<\/li>\n<li>Velge roligere arenaer eller \u00e6rend utenfor h\u00f8ytider<\/li>\n<li>Reduserer visuelt rot i ett rom om gangen (soverom eller arbeidsomr\u00e5de)<\/li>\n<li>Bytte til mykere, varmere belysning om kvelden for \u00e5 st\u00f8tte d\u00f8gnrytmen<\/li>\n<\/ul>\n<h2><strong>Hvorfor lavstimulering kan hjelpe utvandrere med \u00e5 tilpasse seg sitt nye land<\/strong><\/h2>\n<p>N\u00e5r du f\u00f8rst forst\u00e5r driverne, er utlandsforbindelsen enkel: \u00e5 flytte til utlandet er en opplevelse med h\u00f8y kognitiv belastning.<\/p>\n<p>Selv n\u00e5r flyttingen er spennende, m\u00f8ter nye expats ofte:<\/p>\n<ul>\n<li>Konstante mikrobeslutninger (hvordan ting fungerer, hvor du skal dra, hva du skal si)<\/li>\n<li>Administrative oppgaver i ukjente systemer<\/li>\n<li>Spr\u00e5kbehandlingstr\u00f8tthet<\/li>\n<li>Gjenoppbygge rutiner og sosiale nettverk fra bunnen av<\/li>\n<\/ul>\n<p>Data fra InterNations Expat Insider 2024-forskningen viser hvor vanlige disse &laquo;friksjonspunktene&raquo; kan v\u00e6re. I sin Ease of Settling In-analyse rapporterte InterNations at bekymringer om spr\u00e5kbarrierer ble sitert av 45 prosent av expats i noen sammenhenger og frykt for isolasjon av 30 prosent.<\/p>\n<p>Liv med lavtim vil sannsynligvis fortsette \u00e5 vokse i n\u00e6r fremtid fordi det er i tr\u00e5d med det virkelige presset som ikke forsvinner \u2013 med mindre AI tar overh\u00e5nd, men det er en helt annen artikkel.<\/p>\n<p>Se alle helse- og skj\u00f8nnhetsnyheter.<\/p>\n<p>                    <!-- Originally published at https:\/\/euroweeklynews.com\/2026\/01\/27\/low-stim-living-the-2026-wellness-trend\/ on 27 Jan 2026 at 12:53 by Letara Draghia --><br \/>\n                    <!-- Article End -->\n                <\/div>\n","protected":false},"excerpt":{"rendered":"<p>Liv med lav stimulans er i ferd med \u00e5 bli en definerende velv\u00e6retrend for 2026ettersom<\/p>\n","protected":false},"author":1,"featured_media":14285,"comment_status":"closed","ping_status":"open","sticky":false,"template":"","format":"standard","meta":{"footnotes":""},"categories":[105],"tags":[125,6504,2615,79,9312,9313],"class_list":["post-14284","post","type-post","status-publish","format-standard","has-post-thumbnail","hentry","category-livsstil","tag-fra","tag-lav","tag-liv","tag-med","tag-stimulans","tag-velvaeretrenden","generate-columns","tablet-grid-50","mobile-grid-100","grid-parent","grid-33","resize-featured-image"],"yoast_head":"<!-- This site is optimized with the Yoast SEO plugin v24.4 - https:\/\/yoast.com\/wordpress\/plugins\/seo\/ -->\n<title>Liv med lav stimulans, velv\u00e6retrenden fra 2026 - Nordnesrepublikken<\/title>\n<meta name=\"robots\" content=\"index, follow, max-snippet:-1, max-image-preview:large, max-video-preview:-1\" \/>\n<link rel=\"canonical\" href=\"https:\/\/nordnesrepublikken.no\/index.php\/2026\/01\/27\/liv-med-lav-stimulans-velvaeretrenden-fra-2026\/\" \/>\n<meta property=\"og:locale\" content=\"nb_NO\" \/>\n<meta property=\"og:type\" content=\"article\" \/>\n<meta property=\"og:title\" content=\"Liv med lav stimulans, velv\u00e6retrenden fra 2026 - Nordnesrepublikken\" \/>\n<meta property=\"og:description\" content=\"Liv med lav stimulans er i ferd med \u00e5 bli en definerende velv\u00e6retrend for 2026ettersom\" \/>\n<meta property=\"og:url\" content=\"https:\/\/nordnesrepublikken.no\/index.php\/2026\/01\/27\/liv-med-lav-stimulans-velvaeretrenden-fra-2026\/\" \/>\n<meta property=\"og:site_name\" content=\"Nordnesrepublikken\" \/>\n<meta property=\"article:published_time\" content=\"2026-01-27T20:50:23+00:00\" \/>\n<meta property=\"article:modified_time\" content=\"2026-01-27T20:50:24+00:00\" \/>\n<meta property=\"og:image\" content=\"https:\/\/nordnesrepublikken.no\/wp-content\/uploads\/2026\/01\/1769547024_Liv-med-lav-stimulans-velvaeretrenden-fra-2026.jpg\" \/>\n\t<meta property=\"og:image:width\" content=\"1200\" \/>\n\t<meta property=\"og:image:height\" content=\"766\" \/>\n\t<meta property=\"og:image:type\" content=\"image\/jpeg\" \/>\n<meta name=\"author\" content=\"Ole Andersen\" \/>\n<meta name=\"twitter:card\" content=\"summary_large_image\" \/>\n<meta name=\"twitter:label1\" content=\"Skrevet av\" \/>\n\t<meta name=\"twitter:data1\" content=\"Ole Andersen\" \/>\n\t<meta name=\"twitter:label2\" content=\"Ansl. lesetid\" \/>\n\t<meta name=\"twitter:data2\" content=\"3 minutter\" \/>\n<script type=\"application\/ld+json\" class=\"yoast-schema-graph\">{\"@context\":\"https:\/\/schema.org\",\"@graph\":[{\"@type\":\"Article\",\"@id\":\"https:\/\/nordnesrepublikken.no\/index.php\/2026\/01\/27\/liv-med-lav-stimulans-velvaeretrenden-fra-2026\/#article\",\"isPartOf\":{\"@id\":\"https:\/\/nordnesrepublikken.no\/index.php\/2026\/01\/27\/liv-med-lav-stimulans-velvaeretrenden-fra-2026\/\"},\"author\":{\"name\":\"Ole Andersen\",\"@id\":\"https:\/\/nordnesrepublikken.no\/#\/schema\/person\/2e7e81935bab77882fffb79296240ff1\"},\"headline\":\"Liv med lav stimulans, velv\u00e6retrenden fra 2026\",\"datePublished\":\"2026-01-27T20:50:23+00:00\",\"dateModified\":\"2026-01-27T20:50:24+00:00\",\"mainEntityOfPage\":{\"@id\":\"https:\/\/nordnesrepublikken.no\/index.php\/2026\/01\/27\/liv-med-lav-stimulans-velvaeretrenden-fra-2026\/\"},\"wordCount\":631,\"publisher\":{\"@id\":\"https:\/\/nordnesrepublikken.no\/#organization\"},\"image\":{\"@id\":\"https:\/\/nordnesrepublikken.no\/index.php\/2026\/01\/27\/liv-med-lav-stimulans-velvaeretrenden-fra-2026\/#primaryimage\"},\"thumbnailUrl\":\"https:\/\/nordnesrepublikken.no\/wp-content\/uploads\/2026\/01\/1769547024_Liv-med-lav-stimulans-velvaeretrenden-fra-2026.jpg\",\"keywords\":[\"fra\",\"lav\",\"liv\",\"med\",\"stimulans\",\"velv\u00e6retrenden\"],\"articleSection\":[\"Livsstil\"],\"inLanguage\":\"nb-NO\"},{\"@type\":\"WebPage\",\"@id\":\"https:\/\/nordnesrepublikken.no\/index.php\/2026\/01\/27\/liv-med-lav-stimulans-velvaeretrenden-fra-2026\/\",\"url\":\"https:\/\/nordnesrepublikken.no\/index.php\/2026\/01\/27\/liv-med-lav-stimulans-velvaeretrenden-fra-2026\/\",\"name\":\"Liv med lav stimulans, velv\u00e6retrenden fra 2026 - Nordnesrepublikken\",\"isPartOf\":{\"@id\":\"https:\/\/nordnesrepublikken.no\/#website\"},\"primaryImageOfPage\":{\"@id\":\"https:\/\/nordnesrepublikken.no\/index.php\/2026\/01\/27\/liv-med-lav-stimulans-velvaeretrenden-fra-2026\/#primaryimage\"},\"image\":{\"@id\":\"https:\/\/nordnesrepublikken.no\/index.php\/2026\/01\/27\/liv-med-lav-stimulans-velvaeretrenden-fra-2026\/#primaryimage\"},\"thumbnailUrl\":\"https:\/\/nordnesrepublikken.no\/wp-content\/uploads\/2026\/01\/1769547024_Liv-med-lav-stimulans-velvaeretrenden-fra-2026.jpg\",\"datePublished\":\"2026-01-27T20:50:23+00:00\",\"dateModified\":\"2026-01-27T20:50:24+00:00\",\"breadcrumb\":{\"@id\":\"https:\/\/nordnesrepublikken.no\/index.php\/2026\/01\/27\/liv-med-lav-stimulans-velvaeretrenden-fra-2026\/#breadcrumb\"},\"inLanguage\":\"nb-NO\",\"potentialAction\":[{\"@type\":\"ReadAction\",\"target\":[\"https:\/\/nordnesrepublikken.no\/index.php\/2026\/01\/27\/liv-med-lav-stimulans-velvaeretrenden-fra-2026\/\"]}]},{\"@type\":\"ImageObject\",\"inLanguage\":\"nb-NO\",\"@id\":\"https:\/\/nordnesrepublikken.no\/index.php\/2026\/01\/27\/liv-med-lav-stimulans-velvaeretrenden-fra-2026\/#primaryimage\",\"url\":\"https:\/\/nordnesrepublikken.no\/wp-content\/uploads\/2026\/01\/1769547024_Liv-med-lav-stimulans-velvaeretrenden-fra-2026.jpg\",\"contentUrl\":\"https:\/\/nordnesrepublikken.no\/wp-content\/uploads\/2026\/01\/1769547024_Liv-med-lav-stimulans-velvaeretrenden-fra-2026.jpg\",\"width\":1200,\"height\":766,\"caption\":\"Liv med lav stimulans, velv\u00e6retrenden fra 2026\"},{\"@type\":\"BreadcrumbList\",\"@id\":\"https:\/\/nordnesrepublikken.no\/index.php\/2026\/01\/27\/liv-med-lav-stimulans-velvaeretrenden-fra-2026\/#breadcrumb\",\"itemListElement\":[{\"@type\":\"ListItem\",\"position\":1,\"name\":\"Home\",\"item\":\"https:\/\/nordnesrepublikken.no\/\"},{\"@type\":\"ListItem\",\"position\":2,\"name\":\"Liv med lav stimulans, velv\u00e6retrenden fra 2026\"}]},{\"@type\":\"WebSite\",\"@id\":\"https:\/\/nordnesrepublikken.no\/#website\",\"url\":\"https:\/\/nordnesrepublikken.no\/\",\"name\":\"Nordnesrepublikken\",\"description\":\"Stemmer og Visjoner fra Republikkens Hjerte\",\"publisher\":{\"@id\":\"https:\/\/nordnesrepublikken.no\/#organization\"},\"potentialAction\":[{\"@type\":\"SearchAction\",\"target\":{\"@type\":\"EntryPoint\",\"urlTemplate\":\"https:\/\/nordnesrepublikken.no\/?s={search_term_string}\"},\"query-input\":{\"@type\":\"PropertyValueSpecification\",\"valueRequired\":true,\"valueName\":\"search_term_string\"}}],\"inLanguage\":\"nb-NO\"},{\"@type\":\"Organization\",\"@id\":\"https:\/\/nordnesrepublikken.no\/#organization\",\"name\":\"Nordnesrepublikken\",\"url\":\"https:\/\/nordnesrepublikken.no\/\",\"logo\":{\"@type\":\"ImageObject\",\"inLanguage\":\"nb-NO\",\"@id\":\"https:\/\/nordnesrepublikken.no\/#\/schema\/logo\/image\/\",\"url\":\"https:\/\/nordnesrepublikken.no\/wp-content\/uploads\/2025\/02\/cropped-nordnesrepublikken-2.png\",\"contentUrl\":\"https:\/\/nordnesrepublikken.no\/wp-content\/uploads\/2025\/02\/cropped-nordnesrepublikken-2.png\",\"width\":1248,\"height\":362,\"caption\":\"Nordnesrepublikken\"},\"image\":{\"@id\":\"https:\/\/nordnesrepublikken.no\/#\/schema\/logo\/image\/\"}},{\"@type\":\"Person\",\"@id\":\"https:\/\/nordnesrepublikken.no\/#\/schema\/person\/2e7e81935bab77882fffb79296240ff1\",\"name\":\"Ole Andersen\",\"image\":{\"@type\":\"ImageObject\",\"inLanguage\":\"nb-NO\",\"@id\":\"https:\/\/nordnesrepublikken.no\/#\/schema\/person\/image\/\",\"url\":\"https:\/\/nordnesrepublikken.no\/wp-content\/uploads\/2025\/02\/nordnesrepublikken-2-2-150x150.jpg\",\"contentUrl\":\"https:\/\/nordnesrepublikken.no\/wp-content\/uploads\/2025\/02\/nordnesrepublikken-2-2-150x150.jpg\",\"caption\":\"Ole Andersen\"},\"description\":\"Ettersom jeg vokste opp i Oslo, har jeg alltid v\u00e6rt fascinert av ordenes kraft og deres evne til \u00e5 skape endringer. Etter \u00e5 ha fullf\u00f8rt min utdannelse i kommunikasjon ved Universitetet i Bergen, fikk jeg muligheten til \u00e5 jobbe innen ulike medier, der jeg har s\u00f8kt \u00e5 belyse viktige samfunnssp\u00f8rsm\u00e5l. I dag, som redakt\u00f8r for Nordnesrepublikken, pr\u00f8ver jeg \u00e5 forene min kj\u00e6rlighet for journalistikk med min lidenskap for innovasjon og eventyr.\",\"sameAs\":[\"https:\/\/nordnesrepublikken.no\/\"]}]}<\/script>\n<!-- \/ Yoast SEO plugin. -->","yoast_head_json":{"title":"Liv med lav stimulans, velv\u00e6retrenden fra 2026 - Nordnesrepublikken","robots":{"index":"index","follow":"follow","max-snippet":"max-snippet:-1","max-image-preview":"max-image-preview:large","max-video-preview":"max-video-preview:-1"},"canonical":"https:\/\/nordnesrepublikken.no\/index.php\/2026\/01\/27\/liv-med-lav-stimulans-velvaeretrenden-fra-2026\/","og_locale":"nb_NO","og_type":"article","og_title":"Liv med lav stimulans, velv\u00e6retrenden fra 2026 - Nordnesrepublikken","og_description":"Liv med lav stimulans er i ferd med \u00e5 bli en definerende velv\u00e6retrend for 2026ettersom","og_url":"https:\/\/nordnesrepublikken.no\/index.php\/2026\/01\/27\/liv-med-lav-stimulans-velvaeretrenden-fra-2026\/","og_site_name":"Nordnesrepublikken","article_published_time":"2026-01-27T20:50:23+00:00","article_modified_time":"2026-01-27T20:50:24+00:00","og_image":[{"width":1200,"height":766,"url":"https:\/\/nordnesrepublikken.no\/wp-content\/uploads\/2026\/01\/1769547024_Liv-med-lav-stimulans-velvaeretrenden-fra-2026.jpg","type":"image\/jpeg"}],"author":"Ole Andersen","twitter_card":"summary_large_image","twitter_misc":{"Skrevet av":"Ole Andersen","Ansl. lesetid":"3 minutter"},"schema":{"@context":"https:\/\/schema.org","@graph":[{"@type":"Article","@id":"https:\/\/nordnesrepublikken.no\/index.php\/2026\/01\/27\/liv-med-lav-stimulans-velvaeretrenden-fra-2026\/#article","isPartOf":{"@id":"https:\/\/nordnesrepublikken.no\/index.php\/2026\/01\/27\/liv-med-lav-stimulans-velvaeretrenden-fra-2026\/"},"author":{"name":"Ole Andersen","@id":"https:\/\/nordnesrepublikken.no\/#\/schema\/person\/2e7e81935bab77882fffb79296240ff1"},"headline":"Liv med lav stimulans, velv\u00e6retrenden fra 2026","datePublished":"2026-01-27T20:50:23+00:00","dateModified":"2026-01-27T20:50:24+00:00","mainEntityOfPage":{"@id":"https:\/\/nordnesrepublikken.no\/index.php\/2026\/01\/27\/liv-med-lav-stimulans-velvaeretrenden-fra-2026\/"},"wordCount":631,"publisher":{"@id":"https:\/\/nordnesrepublikken.no\/#organization"},"image":{"@id":"https:\/\/nordnesrepublikken.no\/index.php\/2026\/01\/27\/liv-med-lav-stimulans-velvaeretrenden-fra-2026\/#primaryimage"},"thumbnailUrl":"https:\/\/nordnesrepublikken.no\/wp-content\/uploads\/2026\/01\/1769547024_Liv-med-lav-stimulans-velvaeretrenden-fra-2026.jpg","keywords":["fra","lav","liv","med","stimulans","velv\u00e6retrenden"],"articleSection":["Livsstil"],"inLanguage":"nb-NO"},{"@type":"WebPage","@id":"https:\/\/nordnesrepublikken.no\/index.php\/2026\/01\/27\/liv-med-lav-stimulans-velvaeretrenden-fra-2026\/","url":"https:\/\/nordnesrepublikken.no\/index.php\/2026\/01\/27\/liv-med-lav-stimulans-velvaeretrenden-fra-2026\/","name":"Liv med lav stimulans, velv\u00e6retrenden fra 2026 - Nordnesrepublikken","isPartOf":{"@id":"https:\/\/nordnesrepublikken.no\/#website"},"primaryImageOfPage":{"@id":"https:\/\/nordnesrepublikken.no\/index.php\/2026\/01\/27\/liv-med-lav-stimulans-velvaeretrenden-fra-2026\/#primaryimage"},"image":{"@id":"https:\/\/nordnesrepublikken.no\/index.php\/2026\/01\/27\/liv-med-lav-stimulans-velvaeretrenden-fra-2026\/#primaryimage"},"thumbnailUrl":"https:\/\/nordnesrepublikken.no\/wp-content\/uploads\/2026\/01\/1769547024_Liv-med-lav-stimulans-velvaeretrenden-fra-2026.jpg","datePublished":"2026-01-27T20:50:23+00:00","dateModified":"2026-01-27T20:50:24+00:00","breadcrumb":{"@id":"https:\/\/nordnesrepublikken.no\/index.php\/2026\/01\/27\/liv-med-lav-stimulans-velvaeretrenden-fra-2026\/#breadcrumb"},"inLanguage":"nb-NO","potentialAction":[{"@type":"ReadAction","target":["https:\/\/nordnesrepublikken.no\/index.php\/2026\/01\/27\/liv-med-lav-stimulans-velvaeretrenden-fra-2026\/"]}]},{"@type":"ImageObject","inLanguage":"nb-NO","@id":"https:\/\/nordnesrepublikken.no\/index.php\/2026\/01\/27\/liv-med-lav-stimulans-velvaeretrenden-fra-2026\/#primaryimage","url":"https:\/\/nordnesrepublikken.no\/wp-content\/uploads\/2026\/01\/1769547024_Liv-med-lav-stimulans-velvaeretrenden-fra-2026.jpg","contentUrl":"https:\/\/nordnesrepublikken.no\/wp-content\/uploads\/2026\/01\/1769547024_Liv-med-lav-stimulans-velvaeretrenden-fra-2026.jpg","width":1200,"height":766,"caption":"Liv med lav stimulans, velv\u00e6retrenden fra 2026"},{"@type":"BreadcrumbList","@id":"https:\/\/nordnesrepublikken.no\/index.php\/2026\/01\/27\/liv-med-lav-stimulans-velvaeretrenden-fra-2026\/#breadcrumb","itemListElement":[{"@type":"ListItem","position":1,"name":"Home","item":"https:\/\/nordnesrepublikken.no\/"},{"@type":"ListItem","position":2,"name":"Liv med lav stimulans, velv\u00e6retrenden fra 2026"}]},{"@type":"WebSite","@id":"https:\/\/nordnesrepublikken.no\/#website","url":"https:\/\/nordnesrepublikken.no\/","name":"Nordnesrepublikken","description":"Stemmer og Visjoner fra Republikkens Hjerte","publisher":{"@id":"https:\/\/nordnesrepublikken.no\/#organization"},"potentialAction":[{"@type":"SearchAction","target":{"@type":"EntryPoint","urlTemplate":"https:\/\/nordnesrepublikken.no\/?s={search_term_string}"},"query-input":{"@type":"PropertyValueSpecification","valueRequired":true,"valueName":"search_term_string"}}],"inLanguage":"nb-NO"},{"@type":"Organization","@id":"https:\/\/nordnesrepublikken.no\/#organization","name":"Nordnesrepublikken","url":"https:\/\/nordnesrepublikken.no\/","logo":{"@type":"ImageObject","inLanguage":"nb-NO","@id":"https:\/\/nordnesrepublikken.no\/#\/schema\/logo\/image\/","url":"https:\/\/nordnesrepublikken.no\/wp-content\/uploads\/2025\/02\/cropped-nordnesrepublikken-2.png","contentUrl":"https:\/\/nordnesrepublikken.no\/wp-content\/uploads\/2025\/02\/cropped-nordnesrepublikken-2.png","width":1248,"height":362,"caption":"Nordnesrepublikken"},"image":{"@id":"https:\/\/nordnesrepublikken.no\/#\/schema\/logo\/image\/"}},{"@type":"Person","@id":"https:\/\/nordnesrepublikken.no\/#\/schema\/person\/2e7e81935bab77882fffb79296240ff1","name":"Ole Andersen","image":{"@type":"ImageObject","inLanguage":"nb-NO","@id":"https:\/\/nordnesrepublikken.no\/#\/schema\/person\/image\/","url":"https:\/\/nordnesrepublikken.no\/wp-content\/uploads\/2025\/02\/nordnesrepublikken-2-2-150x150.jpg","contentUrl":"https:\/\/nordnesrepublikken.no\/wp-content\/uploads\/2025\/02\/nordnesrepublikken-2-2-150x150.jpg","caption":"Ole Andersen"},"description":"Ettersom jeg vokste opp i Oslo, har jeg alltid v\u00e6rt fascinert av ordenes kraft og deres evne til \u00e5 skape endringer. Etter \u00e5 ha fullf\u00f8rt min utdannelse i kommunikasjon ved Universitetet i Bergen, fikk jeg muligheten til \u00e5 jobbe innen ulike medier, der jeg har s\u00f8kt \u00e5 belyse viktige samfunnssp\u00f8rsm\u00e5l. I dag, som redakt\u00f8r for Nordnesrepublikken, pr\u00f8ver jeg \u00e5 forene min kj\u00e6rlighet for journalistikk med min lidenskap for innovasjon og eventyr.","sameAs":["https:\/\/nordnesrepublikken.no\/"]}]}},"_links":{"self":[{"href":"https:\/\/nordnesrepublikken.no\/index.php\/wp-json\/wp\/v2\/posts\/14284","targetHints":{"allow":["GET"]}}],"collection":[{"href":"https:\/\/nordnesrepublikken.no\/index.php\/wp-json\/wp\/v2\/posts"}],"about":[{"href":"https:\/\/nordnesrepublikken.no\/index.php\/wp-json\/wp\/v2\/types\/post"}],"author":[{"embeddable":true,"href":"https:\/\/nordnesrepublikken.no\/index.php\/wp-json\/wp\/v2\/users\/1"}],"replies":[{"embeddable":true,"href":"https:\/\/nordnesrepublikken.no\/index.php\/wp-json\/wp\/v2\/comments?post=14284"}],"version-history":[{"count":1,"href":"https:\/\/nordnesrepublikken.no\/index.php\/wp-json\/wp\/v2\/posts\/14284\/revisions"}],"predecessor-version":[{"id":14286,"href":"https:\/\/nordnesrepublikken.no\/index.php\/wp-json\/wp\/v2\/posts\/14284\/revisions\/14286"}],"wp:featuredmedia":[{"embeddable":true,"href":"https:\/\/nordnesrepublikken.no\/index.php\/wp-json\/wp\/v2\/media\/14285"}],"wp:attachment":[{"href":"https:\/\/nordnesrepublikken.no\/index.php\/wp-json\/wp\/v2\/media?parent=14284"}],"wp:term":[{"taxonomy":"category","embeddable":true,"href":"https:\/\/nordnesrepublikken.no\/index.php\/wp-json\/wp\/v2\/categories?post=14284"},{"taxonomy":"post_tag","embeddable":true,"href":"https:\/\/nordnesrepublikken.no\/index.php\/wp-json\/wp\/v2\/tags?post=14284"}],"curies":[{"name":"wp","href":"https:\/\/api.w.org\/{rel}","templated":true}]}}