{"id":14269,"date":"2026-01-27T12:49:50","date_gmt":"2026-01-27T11:49:50","guid":{"rendered":"https:\/\/nordnesrepublikken.no\/index.php\/2026\/01\/27\/sjonotten-invaderer-venezia-lagunen-og-truer-det-lokale-okosystemet\/"},"modified":"2026-01-27T12:49:53","modified_gmt":"2026-01-27T11:49:53","slug":"sjonotten-invaderer-venezia-lagunen-og-truer-det-lokale-okosystemet","status":"publish","type":"post","link":"https:\/\/nordnesrepublikken.no\/index.php\/2026\/01\/27\/sjonotten-invaderer-venezia-lagunen-og-truer-det-lokale-okosystemet\/","title":{"rendered":"Sj\u00f8n\u00f8tten invaderer Venezia-lagunen og truer det lokale \u00f8kosystemet"},"content":{"rendered":"<div>\n<div class=\"cp_wrapper cp_wrapper--fw mb-30 mb-20@tablet\">\n<figure class=\"mm\"><picture class=\"img\" style=\"padding-top:56.25%\"><source  media=\"(min-width: 1024px)\"><source  media=\"(min-width: 768px)\"><\/source><\/source><\/picture><\/figure>\n<\/p><\/div>\n<p>Det er en av de 100 mest skadelige invasive artene i verden og representerer n\u00e5 en reell trussel mot \u00f8kosystemet i <strong>Venezia lagune<\/strong>. La oss snakke om ctenoforen <em>Mnemiopsis leidyi<\/em>bedre kjent som <b>sj\u00f8n\u00f8tt<\/b>en gjennomsiktig gelatin\u00f8s organisme med en fliket kropp p\u00e5 ca. 10 cm. Problemet er reist av en ny studie utf\u00f8rt av<b>Universitetet i Padua<\/b> og fra<strong>Nasjonalt institutt for oseanografi og eksperimentell geofysikk<\/strong> (OGS), publisert i det vitenskapelige tidsskriftet <em>Elvemunning, kyst- og sokkelvitenskap<\/em>. Forskningen, ledet av <b>Filippo Piccardi<\/b>overv\u00e5ket den &laquo;fremmede&raquo; arten i to \u00e5r, og fremhevet hvordan dens ekstraordin\u00e6re evne til <strong>tilpasning<\/strong> ved forskjellige temperaturer og saltholdighet kombinert med en <strong>spredning<\/strong> ukontrollert og til <strong>glupskhet<\/strong> ved \u00e5 spise av dyreplankton risikerer du \u00e5 sette lokalt biologisk mangfold i mer alvorlige vanskeligheter enn et annet romvesen fra Adriaterhavet, <strong>bl\u00e5 krabbe<\/strong> (<em>Callinectes sapidus<\/em>).<\/p>\n<h2>Hva er sj\u00f8valn\u00f8tt: egenskaper<\/h2>\n<p>Opprinnelig fra<b>\u00d8st-Atlanterhavet<\/b>sj\u00f8valn\u00f8tten \u2013 s\u00e5kalt p\u00e5 grunn av sin ovale og kompakte form \u2013 er et lite virvell\u00f8se dyr p\u00e5 ca. <strong>10 cm<\/strong>. Den forveksles ofte med maneter p\u00e5 grunn av dens gjennomsiktige og gelatin\u00f8se utseende, men den tilh\u00f8rer en annen filum (Ctenophora, ikke Cnidaria) og <b>det svir ikke<\/b>. Den har 8 rader med kalt cilierte b\u00e5nd <b>cteni<\/b> (4 lange og 4 korte), som lar ham bevege seg og som skinner sterkt i m\u00f8rket<strong> gr\u00f8nt lys<\/strong>. Akkurat som den &laquo;ud\u00f8delige maneten&raquo; (<em>Turritopsis dohrnii<\/em>), er sj\u00f8valn\u00f8tten ogs\u00e5 i stand til \u00e5 &laquo;forynge&raquo; under stress, og g\u00e5r tilbake fra voksenstadiet til larvestadiet for \u00e5 overleve.<\/p>\n<h2>\u00c5rsakene til den ukontrollerte spredningen og p\u00e5virkningen p\u00e5 \u00f8kosystemet<\/h2>\n<p>Dens globale ekspansjon, som begynte p\u00e5 1980-tallet sannsynligvis gjennom<strong> ballastvann<\/strong> av skip (<em><strong>ballastvann<\/strong><\/em>) som brukes til \u00e5 holde fart\u00f8yet i trim og trygt under navigering, st\u00f8ttes av to n\u00f8kkelfaktorer:<\/p>\n<ul>\n<li>EN<b> eksplosiv reproduksjon<\/b>. Sj\u00f8n\u00f8tter er organismer <strong>hermafroditter<\/strong> (de har mannlige og kvinnelige organer) og selvbefrukter. Et enkelt eksemplar kan falle opp til <b>14 000 egg per dag<\/b>. Dette for\u00e5rsaker &laquo;oppblomstring&raquo; (<em><strong>blomstre<\/strong><\/em>) sommer, alts\u00e5 <strong>enorme gelatin\u00f8se masser<\/strong> som tetter fiskernes garn.<\/li>\n<li>DE&#8217;<strong>til<\/strong><b>ekstrem tilpasningsevne<\/b>. \u00c5 v\u00e6re organismer <strong>eurytermisk<\/strong> og <strong>eurialini <\/strong>de er i stand til \u00e5 leve i et stort <em>spekter<\/em> temperaturer og saltkonsentrasjoner. Studien ved University of Padua har vist, gjennom laboratorie- og felttester, at de overlever temperaturer mellom kl. <b>10 \u00b0C og 32 \u00b0C<\/b> og ved saltholdighetsniv\u00e5er mellom <b>10 og 34<\/b> (gram per liter).<\/li>\n<\/ul>\n<div class=\"cp_wrapper cp_wrapper--fw mb-50\">\n<figure class=\"mm\"><picture class=\"img\" style=\"padding-top:133.3984375%\"><source  media=\"(min-width: 1024px)\"><source  media=\"(min-width: 768px)\"><img decoding=\"async\" loading=\"lazy\" src=\"https:\/\/nordnesrepublikken.no\/wp-content\/uploads\/2026\/01\/1769514590_562_Sjonotten-invaderer-Venezia-lagunen-og-truer-det-lokale-okosystemet.jpg\" alt=\"sj\u00f8valn\u00f8ttnett\" width=\"512\" height=\"683\"\/><\/source><\/source><\/picture><\/figure>\n<\/p><\/div>\n<p>Disse funksjonene legger til <b>glupskhet<\/b> av sj\u00f8valn\u00f8tt. Mater p\u00e5 <strong>dyreplankton<\/strong>g\u00e5r i direkte konkurranse med sm\u00e5fisk som spiser samme mat, som f.eks <strong>ansjos<\/strong> (<em>Engraulis encrasicolus<\/em>). For \u00e5 demonstrere dette er det en historisk sak som gjelder Svartehavet og dateres tilbake til 1989. De estimerte seg selv <b>840 millioner tonn biomasse<\/b> Av <em>Mnemiopsis<\/em> som for\u00e5rsaket \u00f8kologiske skader med kollaps av fiske og alvorlige samfunns\u00f8konomiske skader. Av disse grunner<strong>International Union for Conservation of Nature<\/strong> (IUCN) plasserer den blant de 100 mest skadelige invasive artene i verden.<\/p>\n<h2>Den fremmede arten i Italia: hvorfor den er farlig<\/h2>\n<p>I Adriaterhavet ble arten f\u00f8rst observert i Triestebukta i <b>2005<\/b> og har, etter en 10-\u00e5rs pause, dukket opp igjen med jevne mellomrom siden <b>2016<\/b>. I dag, i Venezia-lagunen, er det en nedgang i lokal fisk &#8211; med nesten 40 % i \u00e5rene (2014-19) &#8211; sammenfallende med oppvarmingen av vannet og \u00f8kningen i disse organismene.<\/p>\n<p>Den italienske studien fremhever en sammenheng mellom spredningen av arten og <strong>klimaendringer<\/strong>. Sj\u00f8n\u00f8tter i Venezia-lagunen viser topper i n\u00e6rv\u00e6r <b>sen v\u00e5r<\/b>, <b>sommer<\/b> Og <b>tidlig h\u00f8st<\/b>relatert til \u00f8kte temperaturer og saltholdighet (ofte p\u00e5 grunn av t\u00f8rke).<\/p>\n<div class=\"cp_wrapper cp_wrapper--fw mb-50\">\n<figure class=\"mm\"><picture class=\"img\" style=\"padding-top:61.057692307692%\"><source  media=\"(min-width: 1024px)\"><source  media=\"(min-width: 768px)\"><img decoding=\"async\" loading=\"lazy\" src=\"https:\/\/nordnesrepublikken.no\/wp-content\/uploads\/2026\/01\/1769514590_137_Sjonotten-invaderer-Venezia-lagunen-og-truer-det-lokale-okosystemet.jpg\" alt=\"sj\u00f8valn\u00f8tt grafikk\" width=\"624\" height=\"381\" class=\"js-seedtag-img\"\/><\/source><\/source><\/picture><\/figure>\n<\/p><\/div>\n<p><b>Valentina Tirelli<\/b>OGS-forsker og medforfatter av studien, sa:<\/p>\n<blockquote>\n<p>Resultatene tyder p\u00e5 at p\u00e5g\u00e5ende klimaendringer kan favorisere stadig mer egnede milj\u00f8forhold for denne ktenoforen, \u00f8ke dens tilstedev\u00e6relse i store aggregater og f\u00f8lgelig \u00f8ke risikoen for alvorlige konsekvenser for funksjonen til hele lagunens \u00f8kosystem.<\/p>\n<\/blockquote>\n<p>Klimaet risikerer \u00e5 flytte balansen i lagunen mot en ideell tilstand for sj\u00f8n\u00f8tten. Dette scenariet gj\u00f8r konstant overv\u00e5king og forvaltning presserende for \u00e5 beskytte lokale arter.<\/p>\n<div class=\"cp_wrapper  mb-50   \">\n<div class=\"cbx\">\n<div class=\"cbx__collection\">\n<p>Kilder<\/p>\n<div class=\"cbx__sources\">\n<p>                                                            F. Piccardi, S. Girardello, SM Bussard, V. Tirelli, D. Borme, A. Barausse, C. Mazzoldi, An invader chronicles: local ecological niche of Mnemiopsis leidyi in the Venezia Lagoon, Estuarine, Coastal and Shelf Science, 2026, https:\/\/doi.org\/10.1016\/j.ecss.2025.109678. University of Padua CSMON-LIFE (Citizen Science MONitoring)\n                                                <\/p><\/div>\n<\/p><\/div>\n<\/p><\/div>\n<\/div><\/div>\n","protected":false},"excerpt":{"rendered":"<p>Det er en av de 100 mest skadelige invasive artene i verden og representerer n\u00e5<\/p>\n","protected":false},"author":1,"featured_media":14270,"comment_status":"closed","ping_status":"open","sticky":false,"template":"","format":"standard","meta":{"footnotes":""},"categories":[24],"tags":[66,8534,1312,9306,9304,2127,9305],"class_list":["post-14269","post","type-post","status-publish","format-standard","has-post-thumbnail","hentry","category-vitenskap","tag-det","tag-invaderer","tag-lokale","tag-okosystemet","tag-sjonotten","tag-truer","tag-venezialagunen","generate-columns","tablet-grid-50","mobile-grid-100","grid-parent","grid-33","resize-featured-image"],"yoast_head":"<!-- This site is optimized with the Yoast SEO plugin v24.4 - https:\/\/yoast.com\/wordpress\/plugins\/seo\/ -->\n<title>Sj\u00f8n\u00f8tten invaderer Venezia-lagunen og truer det lokale \u00f8kosystemet - Nordnesrepublikken<\/title>\n<meta name=\"robots\" content=\"index, follow, max-snippet:-1, max-image-preview:large, max-video-preview:-1\" \/>\n<link rel=\"canonical\" href=\"https:\/\/nordnesrepublikken.no\/index.php\/2026\/01\/27\/sjonotten-invaderer-venezia-lagunen-og-truer-det-lokale-okosystemet\/\" \/>\n<meta property=\"og:locale\" content=\"nb_NO\" \/>\n<meta property=\"og:type\" content=\"article\" \/>\n<meta property=\"og:title\" content=\"Sj\u00f8n\u00f8tten invaderer Venezia-lagunen og truer det lokale \u00f8kosystemet - Nordnesrepublikken\" \/>\n<meta property=\"og:description\" content=\"Det er en av de 100 mest skadelige invasive artene i verden og representerer n\u00e5\" \/>\n<meta property=\"og:url\" content=\"https:\/\/nordnesrepublikken.no\/index.php\/2026\/01\/27\/sjonotten-invaderer-venezia-lagunen-og-truer-det-lokale-okosystemet\/\" \/>\n<meta property=\"og:site_name\" content=\"Nordnesrepublikken\" \/>\n<meta property=\"article:published_time\" content=\"2026-01-27T11:49:50+00:00\" \/>\n<meta property=\"article:modified_time\" content=\"2026-01-27T11:49:53+00:00\" \/>\n<meta property=\"og:image\" content=\"https:\/\/nordnesrepublikken.no\/wp-content\/uploads\/2026\/01\/1769514592_Sjonotten-invaderer-Venezia-lagunen-og-truer-det-lokale-okosystemet.jpg\" \/>\n\t<meta property=\"og:image:width\" content=\"2009\" \/>\n\t<meta property=\"og:image:height\" content=\"1492\" \/>\n\t<meta property=\"og:image:type\" content=\"image\/jpeg\" \/>\n<meta name=\"author\" content=\"Ole Andersen\" \/>\n<meta name=\"twitter:card\" content=\"summary_large_image\" \/>\n<meta name=\"twitter:label1\" content=\"Skrevet av\" \/>\n\t<meta name=\"twitter:data1\" content=\"Ole Andersen\" \/>\n\t<meta name=\"twitter:label2\" content=\"Ansl. lesetid\" \/>\n\t<meta name=\"twitter:data2\" content=\"3 minutter\" \/>\n<script type=\"application\/ld+json\" class=\"yoast-schema-graph\">{\"@context\":\"https:\/\/schema.org\",\"@graph\":[{\"@type\":\"Article\",\"@id\":\"https:\/\/nordnesrepublikken.no\/index.php\/2026\/01\/27\/sjonotten-invaderer-venezia-lagunen-og-truer-det-lokale-okosystemet\/#article\",\"isPartOf\":{\"@id\":\"https:\/\/nordnesrepublikken.no\/index.php\/2026\/01\/27\/sjonotten-invaderer-venezia-lagunen-og-truer-det-lokale-okosystemet\/\"},\"author\":{\"name\":\"Ole Andersen\",\"@id\":\"https:\/\/nordnesrepublikken.no\/#\/schema\/person\/2e7e81935bab77882fffb79296240ff1\"},\"headline\":\"Sj\u00f8n\u00f8tten invaderer Venezia-lagunen og truer det lokale \u00f8kosystemet\",\"datePublished\":\"2026-01-27T11:49:50+00:00\",\"dateModified\":\"2026-01-27T11:49:53+00:00\",\"mainEntityOfPage\":{\"@id\":\"https:\/\/nordnesrepublikken.no\/index.php\/2026\/01\/27\/sjonotten-invaderer-venezia-lagunen-og-truer-det-lokale-okosystemet\/\"},\"wordCount\":700,\"publisher\":{\"@id\":\"https:\/\/nordnesrepublikken.no\/#organization\"},\"image\":{\"@id\":\"https:\/\/nordnesrepublikken.no\/index.php\/2026\/01\/27\/sjonotten-invaderer-venezia-lagunen-og-truer-det-lokale-okosystemet\/#primaryimage\"},\"thumbnailUrl\":\"https:\/\/nordnesrepublikken.no\/wp-content\/uploads\/2026\/01\/1769514592_Sjonotten-invaderer-Venezia-lagunen-og-truer-det-lokale-okosystemet.jpg\",\"keywords\":[\"Det\",\"invaderer\",\"lokale\",\"\u00f8kosystemet\",\"Sj\u00f8n\u00f8tten\",\"truer\",\"Venezialagunen\"],\"articleSection\":[\"Vitenskap\"],\"inLanguage\":\"nb-NO\"},{\"@type\":\"WebPage\",\"@id\":\"https:\/\/nordnesrepublikken.no\/index.php\/2026\/01\/27\/sjonotten-invaderer-venezia-lagunen-og-truer-det-lokale-okosystemet\/\",\"url\":\"https:\/\/nordnesrepublikken.no\/index.php\/2026\/01\/27\/sjonotten-invaderer-venezia-lagunen-og-truer-det-lokale-okosystemet\/\",\"name\":\"Sj\u00f8n\u00f8tten invaderer Venezia-lagunen og truer det lokale \u00f8kosystemet - Nordnesrepublikken\",\"isPartOf\":{\"@id\":\"https:\/\/nordnesrepublikken.no\/#website\"},\"primaryImageOfPage\":{\"@id\":\"https:\/\/nordnesrepublikken.no\/index.php\/2026\/01\/27\/sjonotten-invaderer-venezia-lagunen-og-truer-det-lokale-okosystemet\/#primaryimage\"},\"image\":{\"@id\":\"https:\/\/nordnesrepublikken.no\/index.php\/2026\/01\/27\/sjonotten-invaderer-venezia-lagunen-og-truer-det-lokale-okosystemet\/#primaryimage\"},\"thumbnailUrl\":\"https:\/\/nordnesrepublikken.no\/wp-content\/uploads\/2026\/01\/1769514592_Sjonotten-invaderer-Venezia-lagunen-og-truer-det-lokale-okosystemet.jpg\",\"datePublished\":\"2026-01-27T11:49:50+00:00\",\"dateModified\":\"2026-01-27T11:49:53+00:00\",\"breadcrumb\":{\"@id\":\"https:\/\/nordnesrepublikken.no\/index.php\/2026\/01\/27\/sjonotten-invaderer-venezia-lagunen-og-truer-det-lokale-okosystemet\/#breadcrumb\"},\"inLanguage\":\"nb-NO\",\"potentialAction\":[{\"@type\":\"ReadAction\",\"target\":[\"https:\/\/nordnesrepublikken.no\/index.php\/2026\/01\/27\/sjonotten-invaderer-venezia-lagunen-og-truer-det-lokale-okosystemet\/\"]}]},{\"@type\":\"ImageObject\",\"inLanguage\":\"nb-NO\",\"@id\":\"https:\/\/nordnesrepublikken.no\/index.php\/2026\/01\/27\/sjonotten-invaderer-venezia-lagunen-og-truer-det-lokale-okosystemet\/#primaryimage\",\"url\":\"https:\/\/nordnesrepublikken.no\/wp-content\/uploads\/2026\/01\/1769514592_Sjonotten-invaderer-Venezia-lagunen-og-truer-det-lokale-okosystemet.jpg\",\"contentUrl\":\"https:\/\/nordnesrepublikken.no\/wp-content\/uploads\/2026\/01\/1769514592_Sjonotten-invaderer-Venezia-lagunen-og-truer-det-lokale-okosystemet.jpg\",\"width\":2009,\"height\":1492,\"caption\":\"Sj\u00f8n\u00f8tten invaderer Venezia-lagunen og truer det lokale \u00f8kosystemet\"},{\"@type\":\"BreadcrumbList\",\"@id\":\"https:\/\/nordnesrepublikken.no\/index.php\/2026\/01\/27\/sjonotten-invaderer-venezia-lagunen-og-truer-det-lokale-okosystemet\/#breadcrumb\",\"itemListElement\":[{\"@type\":\"ListItem\",\"position\":1,\"name\":\"Home\",\"item\":\"https:\/\/nordnesrepublikken.no\/\"},{\"@type\":\"ListItem\",\"position\":2,\"name\":\"Sj\u00f8n\u00f8tten invaderer Venezia-lagunen og truer det lokale \u00f8kosystemet\"}]},{\"@type\":\"WebSite\",\"@id\":\"https:\/\/nordnesrepublikken.no\/#website\",\"url\":\"https:\/\/nordnesrepublikken.no\/\",\"name\":\"Nordnesrepublikken\",\"description\":\"Stemmer og Visjoner fra Republikkens Hjerte\",\"publisher\":{\"@id\":\"https:\/\/nordnesrepublikken.no\/#organization\"},\"potentialAction\":[{\"@type\":\"SearchAction\",\"target\":{\"@type\":\"EntryPoint\",\"urlTemplate\":\"https:\/\/nordnesrepublikken.no\/?s={search_term_string}\"},\"query-input\":{\"@type\":\"PropertyValueSpecification\",\"valueRequired\":true,\"valueName\":\"search_term_string\"}}],\"inLanguage\":\"nb-NO\"},{\"@type\":\"Organization\",\"@id\":\"https:\/\/nordnesrepublikken.no\/#organization\",\"name\":\"Nordnesrepublikken\",\"url\":\"https:\/\/nordnesrepublikken.no\/\",\"logo\":{\"@type\":\"ImageObject\",\"inLanguage\":\"nb-NO\",\"@id\":\"https:\/\/nordnesrepublikken.no\/#\/schema\/logo\/image\/\",\"url\":\"https:\/\/nordnesrepublikken.no\/wp-content\/uploads\/2025\/02\/cropped-nordnesrepublikken-2.png\",\"contentUrl\":\"https:\/\/nordnesrepublikken.no\/wp-content\/uploads\/2025\/02\/cropped-nordnesrepublikken-2.png\",\"width\":1248,\"height\":362,\"caption\":\"Nordnesrepublikken\"},\"image\":{\"@id\":\"https:\/\/nordnesrepublikken.no\/#\/schema\/logo\/image\/\"}},{\"@type\":\"Person\",\"@id\":\"https:\/\/nordnesrepublikken.no\/#\/schema\/person\/2e7e81935bab77882fffb79296240ff1\",\"name\":\"Ole Andersen\",\"image\":{\"@type\":\"ImageObject\",\"inLanguage\":\"nb-NO\",\"@id\":\"https:\/\/nordnesrepublikken.no\/#\/schema\/person\/image\/\",\"url\":\"https:\/\/nordnesrepublikken.no\/wp-content\/uploads\/2025\/02\/nordnesrepublikken-2-2-150x150.jpg\",\"contentUrl\":\"https:\/\/nordnesrepublikken.no\/wp-content\/uploads\/2025\/02\/nordnesrepublikken-2-2-150x150.jpg\",\"caption\":\"Ole Andersen\"},\"description\":\"Ettersom jeg vokste opp i Oslo, har jeg alltid v\u00e6rt fascinert av ordenes kraft og deres evne til \u00e5 skape endringer. Etter \u00e5 ha fullf\u00f8rt min utdannelse i kommunikasjon ved Universitetet i Bergen, fikk jeg muligheten til \u00e5 jobbe innen ulike medier, der jeg har s\u00f8kt \u00e5 belyse viktige samfunnssp\u00f8rsm\u00e5l. I dag, som redakt\u00f8r for Nordnesrepublikken, pr\u00f8ver jeg \u00e5 forene min kj\u00e6rlighet for journalistikk med min lidenskap for innovasjon og eventyr.\",\"sameAs\":[\"https:\/\/nordnesrepublikken.no\/\"]}]}<\/script>\n<!-- \/ Yoast SEO plugin. -->","yoast_head_json":{"title":"Sj\u00f8n\u00f8tten invaderer Venezia-lagunen og truer det lokale \u00f8kosystemet - Nordnesrepublikken","robots":{"index":"index","follow":"follow","max-snippet":"max-snippet:-1","max-image-preview":"max-image-preview:large","max-video-preview":"max-video-preview:-1"},"canonical":"https:\/\/nordnesrepublikken.no\/index.php\/2026\/01\/27\/sjonotten-invaderer-venezia-lagunen-og-truer-det-lokale-okosystemet\/","og_locale":"nb_NO","og_type":"article","og_title":"Sj\u00f8n\u00f8tten invaderer Venezia-lagunen og truer det lokale \u00f8kosystemet - Nordnesrepublikken","og_description":"Det er en av de 100 mest skadelige invasive artene i verden og representerer n\u00e5","og_url":"https:\/\/nordnesrepublikken.no\/index.php\/2026\/01\/27\/sjonotten-invaderer-venezia-lagunen-og-truer-det-lokale-okosystemet\/","og_site_name":"Nordnesrepublikken","article_published_time":"2026-01-27T11:49:50+00:00","article_modified_time":"2026-01-27T11:49:53+00:00","og_image":[{"width":2009,"height":1492,"url":"https:\/\/nordnesrepublikken.no\/wp-content\/uploads\/2026\/01\/1769514592_Sjonotten-invaderer-Venezia-lagunen-og-truer-det-lokale-okosystemet.jpg","type":"image\/jpeg"}],"author":"Ole Andersen","twitter_card":"summary_large_image","twitter_misc":{"Skrevet av":"Ole Andersen","Ansl. lesetid":"3 minutter"},"schema":{"@context":"https:\/\/schema.org","@graph":[{"@type":"Article","@id":"https:\/\/nordnesrepublikken.no\/index.php\/2026\/01\/27\/sjonotten-invaderer-venezia-lagunen-og-truer-det-lokale-okosystemet\/#article","isPartOf":{"@id":"https:\/\/nordnesrepublikken.no\/index.php\/2026\/01\/27\/sjonotten-invaderer-venezia-lagunen-og-truer-det-lokale-okosystemet\/"},"author":{"name":"Ole Andersen","@id":"https:\/\/nordnesrepublikken.no\/#\/schema\/person\/2e7e81935bab77882fffb79296240ff1"},"headline":"Sj\u00f8n\u00f8tten invaderer Venezia-lagunen og truer det lokale \u00f8kosystemet","datePublished":"2026-01-27T11:49:50+00:00","dateModified":"2026-01-27T11:49:53+00:00","mainEntityOfPage":{"@id":"https:\/\/nordnesrepublikken.no\/index.php\/2026\/01\/27\/sjonotten-invaderer-venezia-lagunen-og-truer-det-lokale-okosystemet\/"},"wordCount":700,"publisher":{"@id":"https:\/\/nordnesrepublikken.no\/#organization"},"image":{"@id":"https:\/\/nordnesrepublikken.no\/index.php\/2026\/01\/27\/sjonotten-invaderer-venezia-lagunen-og-truer-det-lokale-okosystemet\/#primaryimage"},"thumbnailUrl":"https:\/\/nordnesrepublikken.no\/wp-content\/uploads\/2026\/01\/1769514592_Sjonotten-invaderer-Venezia-lagunen-og-truer-det-lokale-okosystemet.jpg","keywords":["Det","invaderer","lokale","\u00f8kosystemet","Sj\u00f8n\u00f8tten","truer","Venezialagunen"],"articleSection":["Vitenskap"],"inLanguage":"nb-NO"},{"@type":"WebPage","@id":"https:\/\/nordnesrepublikken.no\/index.php\/2026\/01\/27\/sjonotten-invaderer-venezia-lagunen-og-truer-det-lokale-okosystemet\/","url":"https:\/\/nordnesrepublikken.no\/index.php\/2026\/01\/27\/sjonotten-invaderer-venezia-lagunen-og-truer-det-lokale-okosystemet\/","name":"Sj\u00f8n\u00f8tten invaderer Venezia-lagunen og truer det lokale \u00f8kosystemet - Nordnesrepublikken","isPartOf":{"@id":"https:\/\/nordnesrepublikken.no\/#website"},"primaryImageOfPage":{"@id":"https:\/\/nordnesrepublikken.no\/index.php\/2026\/01\/27\/sjonotten-invaderer-venezia-lagunen-og-truer-det-lokale-okosystemet\/#primaryimage"},"image":{"@id":"https:\/\/nordnesrepublikken.no\/index.php\/2026\/01\/27\/sjonotten-invaderer-venezia-lagunen-og-truer-det-lokale-okosystemet\/#primaryimage"},"thumbnailUrl":"https:\/\/nordnesrepublikken.no\/wp-content\/uploads\/2026\/01\/1769514592_Sjonotten-invaderer-Venezia-lagunen-og-truer-det-lokale-okosystemet.jpg","datePublished":"2026-01-27T11:49:50+00:00","dateModified":"2026-01-27T11:49:53+00:00","breadcrumb":{"@id":"https:\/\/nordnesrepublikken.no\/index.php\/2026\/01\/27\/sjonotten-invaderer-venezia-lagunen-og-truer-det-lokale-okosystemet\/#breadcrumb"},"inLanguage":"nb-NO","potentialAction":[{"@type":"ReadAction","target":["https:\/\/nordnesrepublikken.no\/index.php\/2026\/01\/27\/sjonotten-invaderer-venezia-lagunen-og-truer-det-lokale-okosystemet\/"]}]},{"@type":"ImageObject","inLanguage":"nb-NO","@id":"https:\/\/nordnesrepublikken.no\/index.php\/2026\/01\/27\/sjonotten-invaderer-venezia-lagunen-og-truer-det-lokale-okosystemet\/#primaryimage","url":"https:\/\/nordnesrepublikken.no\/wp-content\/uploads\/2026\/01\/1769514592_Sjonotten-invaderer-Venezia-lagunen-og-truer-det-lokale-okosystemet.jpg","contentUrl":"https:\/\/nordnesrepublikken.no\/wp-content\/uploads\/2026\/01\/1769514592_Sjonotten-invaderer-Venezia-lagunen-og-truer-det-lokale-okosystemet.jpg","width":2009,"height":1492,"caption":"Sj\u00f8n\u00f8tten invaderer Venezia-lagunen og truer det lokale \u00f8kosystemet"},{"@type":"BreadcrumbList","@id":"https:\/\/nordnesrepublikken.no\/index.php\/2026\/01\/27\/sjonotten-invaderer-venezia-lagunen-og-truer-det-lokale-okosystemet\/#breadcrumb","itemListElement":[{"@type":"ListItem","position":1,"name":"Home","item":"https:\/\/nordnesrepublikken.no\/"},{"@type":"ListItem","position":2,"name":"Sj\u00f8n\u00f8tten invaderer Venezia-lagunen og truer det lokale \u00f8kosystemet"}]},{"@type":"WebSite","@id":"https:\/\/nordnesrepublikken.no\/#website","url":"https:\/\/nordnesrepublikken.no\/","name":"Nordnesrepublikken","description":"Stemmer og Visjoner fra Republikkens Hjerte","publisher":{"@id":"https:\/\/nordnesrepublikken.no\/#organization"},"potentialAction":[{"@type":"SearchAction","target":{"@type":"EntryPoint","urlTemplate":"https:\/\/nordnesrepublikken.no\/?s={search_term_string}"},"query-input":{"@type":"PropertyValueSpecification","valueRequired":true,"valueName":"search_term_string"}}],"inLanguage":"nb-NO"},{"@type":"Organization","@id":"https:\/\/nordnesrepublikken.no\/#organization","name":"Nordnesrepublikken","url":"https:\/\/nordnesrepublikken.no\/","logo":{"@type":"ImageObject","inLanguage":"nb-NO","@id":"https:\/\/nordnesrepublikken.no\/#\/schema\/logo\/image\/","url":"https:\/\/nordnesrepublikken.no\/wp-content\/uploads\/2025\/02\/cropped-nordnesrepublikken-2.png","contentUrl":"https:\/\/nordnesrepublikken.no\/wp-content\/uploads\/2025\/02\/cropped-nordnesrepublikken-2.png","width":1248,"height":362,"caption":"Nordnesrepublikken"},"image":{"@id":"https:\/\/nordnesrepublikken.no\/#\/schema\/logo\/image\/"}},{"@type":"Person","@id":"https:\/\/nordnesrepublikken.no\/#\/schema\/person\/2e7e81935bab77882fffb79296240ff1","name":"Ole Andersen","image":{"@type":"ImageObject","inLanguage":"nb-NO","@id":"https:\/\/nordnesrepublikken.no\/#\/schema\/person\/image\/","url":"https:\/\/nordnesrepublikken.no\/wp-content\/uploads\/2025\/02\/nordnesrepublikken-2-2-150x150.jpg","contentUrl":"https:\/\/nordnesrepublikken.no\/wp-content\/uploads\/2025\/02\/nordnesrepublikken-2-2-150x150.jpg","caption":"Ole Andersen"},"description":"Ettersom jeg vokste opp i Oslo, har jeg alltid v\u00e6rt fascinert av ordenes kraft og deres evne til \u00e5 skape endringer. Etter \u00e5 ha fullf\u00f8rt min utdannelse i kommunikasjon ved Universitetet i Bergen, fikk jeg muligheten til \u00e5 jobbe innen ulike medier, der jeg har s\u00f8kt \u00e5 belyse viktige samfunnssp\u00f8rsm\u00e5l. I dag, som redakt\u00f8r for Nordnesrepublikken, pr\u00f8ver jeg \u00e5 forene min kj\u00e6rlighet for journalistikk med min lidenskap for innovasjon og eventyr.","sameAs":["https:\/\/nordnesrepublikken.no\/"]}]}},"_links":{"self":[{"href":"https:\/\/nordnesrepublikken.no\/index.php\/wp-json\/wp\/v2\/posts\/14269","targetHints":{"allow":["GET"]}}],"collection":[{"href":"https:\/\/nordnesrepublikken.no\/index.php\/wp-json\/wp\/v2\/posts"}],"about":[{"href":"https:\/\/nordnesrepublikken.no\/index.php\/wp-json\/wp\/v2\/types\/post"}],"author":[{"embeddable":true,"href":"https:\/\/nordnesrepublikken.no\/index.php\/wp-json\/wp\/v2\/users\/1"}],"replies":[{"embeddable":true,"href":"https:\/\/nordnesrepublikken.no\/index.php\/wp-json\/wp\/v2\/comments?post=14269"}],"version-history":[{"count":1,"href":"https:\/\/nordnesrepublikken.no\/index.php\/wp-json\/wp\/v2\/posts\/14269\/revisions"}],"predecessor-version":[{"id":14271,"href":"https:\/\/nordnesrepublikken.no\/index.php\/wp-json\/wp\/v2\/posts\/14269\/revisions\/14271"}],"wp:featuredmedia":[{"embeddable":true,"href":"https:\/\/nordnesrepublikken.no\/index.php\/wp-json\/wp\/v2\/media\/14270"}],"wp:attachment":[{"href":"https:\/\/nordnesrepublikken.no\/index.php\/wp-json\/wp\/v2\/media?parent=14269"}],"wp:term":[{"taxonomy":"category","embeddable":true,"href":"https:\/\/nordnesrepublikken.no\/index.php\/wp-json\/wp\/v2\/categories?post=14269"},{"taxonomy":"post_tag","embeddable":true,"href":"https:\/\/nordnesrepublikken.no\/index.php\/wp-json\/wp\/v2\/tags?post=14269"}],"curies":[{"name":"wp","href":"https:\/\/api.w.org\/{rel}","templated":true}]}}