{"id":14254,"date":"2026-01-26T18:51:27","date_gmt":"2026-01-26T17:51:27","guid":{"rendered":"https:\/\/nordnesrepublikken.no\/index.php\/2026\/01\/26\/mer-enn-600-idrettsutovere-deltar-i-mazarrons-cross-trail-calas-de-bolnuevo\/"},"modified":"2026-01-26T18:51:28","modified_gmt":"2026-01-26T17:51:28","slug":"mer-enn-600-idrettsutovere-deltar-i-mazarrons-cross-trail-calas-de-bolnuevo","status":"publish","type":"post","link":"https:\/\/nordnesrepublikken.no\/index.php\/2026\/01\/26\/mer-enn-600-idrettsutovere-deltar-i-mazarrons-cross-trail-calas-de-bolnuevo\/","title":{"rendered":"Mer enn 600 idrettsut\u00f8vere deltar i Mazarrons Cross-Trail Calas de Bolnuevo"},"content":{"rendered":"<p><\/p>\n<div class=\"wordpress-content\">\n                    <!-- Article Start --><\/p>\n<p><span style=\"font-weight: 400\">MER ENN 600 idrettsut\u00f8vere har deltatt i den 12. utgaven av Cross-Trail Calas de Bolnuevo, et ekstraordin\u00e6rt turarrangement som kombinerer sportsturisme med det idylliske naturlandskapet i Mazarron. Arrangementet, som ble organisert av Bahia de Mazarron Sports Club, fant sted om morgenen s\u00f8ndag 25. januar og forente hundrevis av idrettsut\u00f8vere og st\u00f8ttespillere rundt de symbolske naturlige enklavene ved kysten av Mazarron.<\/span><\/p>\n<h2>En kystutfordring som samlet hundrevis av m\u00e5lbevisste idrettsut\u00f8vere<\/h2>\n<p><span style=\"font-weight: 400\">XII Cross-Trail Calas de Bolnuevo begynte klokken 10:00 med to forskjellige niv\u00e5er av deltakelse: en 16 kilometer lang sti og en 11 kilometer lang turvei. Deltakerne tok av fra Bolnuevo Erosions-omr\u00e5det og reiste p\u00e5 en rute gjennom viker p\u00e5 kysten og frodige kystlandskap, og fremhevet ikke bare den atletiske utfordringen, men ogs\u00e5 den naturlige skj\u00f8nnheten til Mazarron.<\/span><\/p>\n<p><span style=\"font-weight: 400\">Den 16 kilometer lange stien hadde en h\u00f8yde\u00f8kning p\u00e5 385 meter, og gikk gjennom Mazarrons kystomr\u00e5der inkludert strendene Puntabela, Piedra Mala, Amarilla, Cala Le\u00f1o og Hondon del Fondo. Den 11 kilometer lange, konkurranseutsatte ruten hadde derimot en h\u00f8ydestigning p\u00e5 327 meter og gikk gjennom noen av kommunens flotte viker.<\/span><\/p>\n<div class=\"sra_unit\"><link rel=\"stylesheet\" id=\"block-sra\" href=\"https:\/\/euroweeklynews.com\/wp-content\/plugins\/snack-related-articles\/dist\/css\/snack-related.min.css?250312-193541\" type=\"text\/css\" media=\"all\">\n<\/div>\n<h2>En viktig begivenhet for turatletene i Mazarron<\/h2>\n<p><span style=\"font-weight: 400\">Arrangementet har v\u00e6rt en viktig grunnpilar for l\u00f8pere og turentusiaster i Mazarron som \u00f8nsker \u00e5 utfordre seg selv og konkurrere samtidig som de f\u00e5r mest mulig ut av Mazarrons milde v\u00e6r og fantastiske kystutsikt. Denne typen arrangementer er ogs\u00e5 avgj\u00f8rende for \u00e5 fremme regionens sportsturisme, som er et stort trekkplaster for bes\u00f8kende i lavsesongen og gir lokale bedrifter og organisasjoner et l\u00f8ft av inntekter.<\/span><\/p>\n<p><span style=\"font-weight: 400\">Med vellykket deltakelse, febrilske supportere og et vakkert landskap som idrettsut\u00f8verne n\u00f8t godt mens de tok p\u00e5 seg utfordringen, har XII Cross-Trail Calas de Bolnuevo nok en gang vist seg \u00e5 v\u00e6re en vinnende kombinasjon av sport og natur i den idylliske Costa Calida-hotspotten Mazarron.<\/span><\/p>\n<p>                    <!-- Originally published at https:\/\/euroweeklynews.com\/2026\/01\/25\/more-than-600-athletes-take-part-in-mazarrons-cross-trail-calas-de-bolnuevo\/ on 25 Jan 2026 at 18:15 by Natascha Rivera --><br \/>\n                    <!-- Article End -->\n                <\/div>\n","protected":false},"excerpt":{"rendered":"<p>MER ENN 600 idrettsut\u00f8vere har deltatt i den 12. utgaven av Cross-Trail Calas de Bolnuevo,<\/p>\n","protected":false},"author":1,"featured_media":14255,"comment_status":"closed","ping_status":"open","sticky":false,"template":"","format":"standard","meta":{"footnotes":""},"categories":[105],"tags":[9296,9295,9294,9292,380,6236,9293,379],"class_list":["post-14254","post","type-post","status-publish","format-standard","has-post-thumbnail","hentry","category-livsstil","tag-bolnuevo","tag-calas","tag-crosstrail","tag-deltar","tag-enn","tag-idrettsutovere","tag-mazarrons","tag-mer","generate-columns","tablet-grid-50","mobile-grid-100","grid-parent","grid-33","resize-featured-image"],"yoast_head":"<!-- This site is optimized with the Yoast SEO plugin v24.4 - https:\/\/yoast.com\/wordpress\/plugins\/seo\/ -->\n<title>Mer enn 600 idrettsut\u00f8vere deltar i Mazarrons Cross-Trail Calas de Bolnuevo - Nordnesrepublikken<\/title>\n<meta name=\"robots\" content=\"index, follow, max-snippet:-1, max-image-preview:large, max-video-preview:-1\" \/>\n<link rel=\"canonical\" href=\"https:\/\/nordnesrepublikken.no\/index.php\/2026\/01\/26\/mer-enn-600-idrettsutovere-deltar-i-mazarrons-cross-trail-calas-de-bolnuevo\/\" \/>\n<meta property=\"og:locale\" content=\"nb_NO\" \/>\n<meta property=\"og:type\" content=\"article\" \/>\n<meta property=\"og:title\" content=\"Mer enn 600 idrettsut\u00f8vere deltar i Mazarrons Cross-Trail Calas de Bolnuevo - Nordnesrepublikken\" \/>\n<meta property=\"og:description\" content=\"MER ENN 600 idrettsut\u00f8vere har deltatt i den 12. utgaven av Cross-Trail Calas de Bolnuevo,\" \/>\n<meta property=\"og:url\" content=\"https:\/\/nordnesrepublikken.no\/index.php\/2026\/01\/26\/mer-enn-600-idrettsutovere-deltar-i-mazarrons-cross-trail-calas-de-bolnuevo\/\" \/>\n<meta property=\"og:site_name\" content=\"Nordnesrepublikken\" \/>\n<meta property=\"article:published_time\" content=\"2026-01-26T17:51:27+00:00\" \/>\n<meta property=\"article:modified_time\" content=\"2026-01-26T17:51:28+00:00\" \/>\n<meta property=\"og:image\" content=\"https:\/\/nordnesrepublikken.no\/wp-content\/uploads\/2026\/01\/1769449887_Mer-enn-600-idrettsutovere-deltar-i-Mazarrons-Cross-Trail-Calas-de.jpg\" \/>\n\t<meta property=\"og:image:width\" content=\"1200\" \/>\n\t<meta property=\"og:image:height\" content=\"800\" \/>\n\t<meta property=\"og:image:type\" content=\"image\/jpeg\" \/>\n<meta name=\"author\" content=\"Ole Andersen\" \/>\n<meta name=\"twitter:card\" content=\"summary_large_image\" \/>\n<meta name=\"twitter:label1\" content=\"Skrevet av\" \/>\n\t<meta name=\"twitter:data1\" content=\"Ole Andersen\" \/>\n\t<meta name=\"twitter:label2\" content=\"Ansl. lesetid\" \/>\n\t<meta name=\"twitter:data2\" content=\"2 minutter\" \/>\n<script type=\"application\/ld+json\" class=\"yoast-schema-graph\">{\"@context\":\"https:\/\/schema.org\",\"@graph\":[{\"@type\":\"Article\",\"@id\":\"https:\/\/nordnesrepublikken.no\/index.php\/2026\/01\/26\/mer-enn-600-idrettsutovere-deltar-i-mazarrons-cross-trail-calas-de-bolnuevo\/#article\",\"isPartOf\":{\"@id\":\"https:\/\/nordnesrepublikken.no\/index.php\/2026\/01\/26\/mer-enn-600-idrettsutovere-deltar-i-mazarrons-cross-trail-calas-de-bolnuevo\/\"},\"author\":{\"name\":\"Ole Andersen\",\"@id\":\"https:\/\/nordnesrepublikken.no\/#\/schema\/person\/2e7e81935bab77882fffb79296240ff1\"},\"headline\":\"Mer enn 600 idrettsut\u00f8vere deltar i Mazarrons Cross-Trail Calas de Bolnuevo\",\"datePublished\":\"2026-01-26T17:51:27+00:00\",\"dateModified\":\"2026-01-26T17:51:28+00:00\",\"mainEntityOfPage\":{\"@id\":\"https:\/\/nordnesrepublikken.no\/index.php\/2026\/01\/26\/mer-enn-600-idrettsutovere-deltar-i-mazarrons-cross-trail-calas-de-bolnuevo\/\"},\"wordCount\":313,\"publisher\":{\"@id\":\"https:\/\/nordnesrepublikken.no\/#organization\"},\"image\":{\"@id\":\"https:\/\/nordnesrepublikken.no\/index.php\/2026\/01\/26\/mer-enn-600-idrettsutovere-deltar-i-mazarrons-cross-trail-calas-de-bolnuevo\/#primaryimage\"},\"thumbnailUrl\":\"https:\/\/nordnesrepublikken.no\/wp-content\/uploads\/2026\/01\/1769449887_Mer-enn-600-idrettsutovere-deltar-i-Mazarrons-Cross-Trail-Calas-de.jpg\",\"keywords\":[\"Bolnuevo\",\"Calas\",\"CrossTrail\",\"deltar\",\"enn\",\"idrettsut\u00f8vere\",\"Mazarrons\",\"mer\"],\"articleSection\":[\"Livsstil\"],\"inLanguage\":\"nb-NO\"},{\"@type\":\"WebPage\",\"@id\":\"https:\/\/nordnesrepublikken.no\/index.php\/2026\/01\/26\/mer-enn-600-idrettsutovere-deltar-i-mazarrons-cross-trail-calas-de-bolnuevo\/\",\"url\":\"https:\/\/nordnesrepublikken.no\/index.php\/2026\/01\/26\/mer-enn-600-idrettsutovere-deltar-i-mazarrons-cross-trail-calas-de-bolnuevo\/\",\"name\":\"Mer enn 600 idrettsut\u00f8vere deltar i Mazarrons Cross-Trail Calas de Bolnuevo - Nordnesrepublikken\",\"isPartOf\":{\"@id\":\"https:\/\/nordnesrepublikken.no\/#website\"},\"primaryImageOfPage\":{\"@id\":\"https:\/\/nordnesrepublikken.no\/index.php\/2026\/01\/26\/mer-enn-600-idrettsutovere-deltar-i-mazarrons-cross-trail-calas-de-bolnuevo\/#primaryimage\"},\"image\":{\"@id\":\"https:\/\/nordnesrepublikken.no\/index.php\/2026\/01\/26\/mer-enn-600-idrettsutovere-deltar-i-mazarrons-cross-trail-calas-de-bolnuevo\/#primaryimage\"},\"thumbnailUrl\":\"https:\/\/nordnesrepublikken.no\/wp-content\/uploads\/2026\/01\/1769449887_Mer-enn-600-idrettsutovere-deltar-i-Mazarrons-Cross-Trail-Calas-de.jpg\",\"datePublished\":\"2026-01-26T17:51:27+00:00\",\"dateModified\":\"2026-01-26T17:51:28+00:00\",\"breadcrumb\":{\"@id\":\"https:\/\/nordnesrepublikken.no\/index.php\/2026\/01\/26\/mer-enn-600-idrettsutovere-deltar-i-mazarrons-cross-trail-calas-de-bolnuevo\/#breadcrumb\"},\"inLanguage\":\"nb-NO\",\"potentialAction\":[{\"@type\":\"ReadAction\",\"target\":[\"https:\/\/nordnesrepublikken.no\/index.php\/2026\/01\/26\/mer-enn-600-idrettsutovere-deltar-i-mazarrons-cross-trail-calas-de-bolnuevo\/\"]}]},{\"@type\":\"ImageObject\",\"inLanguage\":\"nb-NO\",\"@id\":\"https:\/\/nordnesrepublikken.no\/index.php\/2026\/01\/26\/mer-enn-600-idrettsutovere-deltar-i-mazarrons-cross-trail-calas-de-bolnuevo\/#primaryimage\",\"url\":\"https:\/\/nordnesrepublikken.no\/wp-content\/uploads\/2026\/01\/1769449887_Mer-enn-600-idrettsutovere-deltar-i-Mazarrons-Cross-Trail-Calas-de.jpg\",\"contentUrl\":\"https:\/\/nordnesrepublikken.no\/wp-content\/uploads\/2026\/01\/1769449887_Mer-enn-600-idrettsutovere-deltar-i-Mazarrons-Cross-Trail-Calas-de.jpg\",\"width\":1200,\"height\":800,\"caption\":\"Mer enn 600 idrettsut\u00f8vere deltar i Mazarrons Cross-Trail Calas de Bolnuevo\"},{\"@type\":\"BreadcrumbList\",\"@id\":\"https:\/\/nordnesrepublikken.no\/index.php\/2026\/01\/26\/mer-enn-600-idrettsutovere-deltar-i-mazarrons-cross-trail-calas-de-bolnuevo\/#breadcrumb\",\"itemListElement\":[{\"@type\":\"ListItem\",\"position\":1,\"name\":\"Home\",\"item\":\"https:\/\/nordnesrepublikken.no\/\"},{\"@type\":\"ListItem\",\"position\":2,\"name\":\"Mer enn 600 idrettsut\u00f8vere deltar i Mazarrons Cross-Trail Calas de Bolnuevo\"}]},{\"@type\":\"WebSite\",\"@id\":\"https:\/\/nordnesrepublikken.no\/#website\",\"url\":\"https:\/\/nordnesrepublikken.no\/\",\"name\":\"Nordnesrepublikken\",\"description\":\"Stemmer og Visjoner fra Republikkens Hjerte\",\"publisher\":{\"@id\":\"https:\/\/nordnesrepublikken.no\/#organization\"},\"potentialAction\":[{\"@type\":\"SearchAction\",\"target\":{\"@type\":\"EntryPoint\",\"urlTemplate\":\"https:\/\/nordnesrepublikken.no\/?s={search_term_string}\"},\"query-input\":{\"@type\":\"PropertyValueSpecification\",\"valueRequired\":true,\"valueName\":\"search_term_string\"}}],\"inLanguage\":\"nb-NO\"},{\"@type\":\"Organization\",\"@id\":\"https:\/\/nordnesrepublikken.no\/#organization\",\"name\":\"Nordnesrepublikken\",\"url\":\"https:\/\/nordnesrepublikken.no\/\",\"logo\":{\"@type\":\"ImageObject\",\"inLanguage\":\"nb-NO\",\"@id\":\"https:\/\/nordnesrepublikken.no\/#\/schema\/logo\/image\/\",\"url\":\"https:\/\/nordnesrepublikken.no\/wp-content\/uploads\/2025\/02\/cropped-nordnesrepublikken-2.png\",\"contentUrl\":\"https:\/\/nordnesrepublikken.no\/wp-content\/uploads\/2025\/02\/cropped-nordnesrepublikken-2.png\",\"width\":1248,\"height\":362,\"caption\":\"Nordnesrepublikken\"},\"image\":{\"@id\":\"https:\/\/nordnesrepublikken.no\/#\/schema\/logo\/image\/\"}},{\"@type\":\"Person\",\"@id\":\"https:\/\/nordnesrepublikken.no\/#\/schema\/person\/2e7e81935bab77882fffb79296240ff1\",\"name\":\"Ole Andersen\",\"image\":{\"@type\":\"ImageObject\",\"inLanguage\":\"nb-NO\",\"@id\":\"https:\/\/nordnesrepublikken.no\/#\/schema\/person\/image\/\",\"url\":\"https:\/\/nordnesrepublikken.no\/wp-content\/uploads\/2025\/02\/nordnesrepublikken-2-2-150x150.jpg\",\"contentUrl\":\"https:\/\/nordnesrepublikken.no\/wp-content\/uploads\/2025\/02\/nordnesrepublikken-2-2-150x150.jpg\",\"caption\":\"Ole Andersen\"},\"description\":\"Ettersom jeg vokste opp i Oslo, har jeg alltid v\u00e6rt fascinert av ordenes kraft og deres evne til \u00e5 skape endringer. Etter \u00e5 ha fullf\u00f8rt min utdannelse i kommunikasjon ved Universitetet i Bergen, fikk jeg muligheten til \u00e5 jobbe innen ulike medier, der jeg har s\u00f8kt \u00e5 belyse viktige samfunnssp\u00f8rsm\u00e5l. I dag, som redakt\u00f8r for Nordnesrepublikken, pr\u00f8ver jeg \u00e5 forene min kj\u00e6rlighet for journalistikk med min lidenskap for innovasjon og eventyr.\",\"sameAs\":[\"https:\/\/nordnesrepublikken.no\/\"]}]}<\/script>\n<!-- \/ Yoast SEO plugin. -->","yoast_head_json":{"title":"Mer enn 600 idrettsut\u00f8vere deltar i Mazarrons Cross-Trail Calas de Bolnuevo - Nordnesrepublikken","robots":{"index":"index","follow":"follow","max-snippet":"max-snippet:-1","max-image-preview":"max-image-preview:large","max-video-preview":"max-video-preview:-1"},"canonical":"https:\/\/nordnesrepublikken.no\/index.php\/2026\/01\/26\/mer-enn-600-idrettsutovere-deltar-i-mazarrons-cross-trail-calas-de-bolnuevo\/","og_locale":"nb_NO","og_type":"article","og_title":"Mer enn 600 idrettsut\u00f8vere deltar i Mazarrons Cross-Trail Calas de Bolnuevo - Nordnesrepublikken","og_description":"MER ENN 600 idrettsut\u00f8vere har deltatt i den 12. utgaven av Cross-Trail Calas de Bolnuevo,","og_url":"https:\/\/nordnesrepublikken.no\/index.php\/2026\/01\/26\/mer-enn-600-idrettsutovere-deltar-i-mazarrons-cross-trail-calas-de-bolnuevo\/","og_site_name":"Nordnesrepublikken","article_published_time":"2026-01-26T17:51:27+00:00","article_modified_time":"2026-01-26T17:51:28+00:00","og_image":[{"width":1200,"height":800,"url":"https:\/\/nordnesrepublikken.no\/wp-content\/uploads\/2026\/01\/1769449887_Mer-enn-600-idrettsutovere-deltar-i-Mazarrons-Cross-Trail-Calas-de.jpg","type":"image\/jpeg"}],"author":"Ole Andersen","twitter_card":"summary_large_image","twitter_misc":{"Skrevet av":"Ole Andersen","Ansl. lesetid":"2 minutter"},"schema":{"@context":"https:\/\/schema.org","@graph":[{"@type":"Article","@id":"https:\/\/nordnesrepublikken.no\/index.php\/2026\/01\/26\/mer-enn-600-idrettsutovere-deltar-i-mazarrons-cross-trail-calas-de-bolnuevo\/#article","isPartOf":{"@id":"https:\/\/nordnesrepublikken.no\/index.php\/2026\/01\/26\/mer-enn-600-idrettsutovere-deltar-i-mazarrons-cross-trail-calas-de-bolnuevo\/"},"author":{"name":"Ole Andersen","@id":"https:\/\/nordnesrepublikken.no\/#\/schema\/person\/2e7e81935bab77882fffb79296240ff1"},"headline":"Mer enn 600 idrettsut\u00f8vere deltar i Mazarrons Cross-Trail Calas de Bolnuevo","datePublished":"2026-01-26T17:51:27+00:00","dateModified":"2026-01-26T17:51:28+00:00","mainEntityOfPage":{"@id":"https:\/\/nordnesrepublikken.no\/index.php\/2026\/01\/26\/mer-enn-600-idrettsutovere-deltar-i-mazarrons-cross-trail-calas-de-bolnuevo\/"},"wordCount":313,"publisher":{"@id":"https:\/\/nordnesrepublikken.no\/#organization"},"image":{"@id":"https:\/\/nordnesrepublikken.no\/index.php\/2026\/01\/26\/mer-enn-600-idrettsutovere-deltar-i-mazarrons-cross-trail-calas-de-bolnuevo\/#primaryimage"},"thumbnailUrl":"https:\/\/nordnesrepublikken.no\/wp-content\/uploads\/2026\/01\/1769449887_Mer-enn-600-idrettsutovere-deltar-i-Mazarrons-Cross-Trail-Calas-de.jpg","keywords":["Bolnuevo","Calas","CrossTrail","deltar","enn","idrettsut\u00f8vere","Mazarrons","mer"],"articleSection":["Livsstil"],"inLanguage":"nb-NO"},{"@type":"WebPage","@id":"https:\/\/nordnesrepublikken.no\/index.php\/2026\/01\/26\/mer-enn-600-idrettsutovere-deltar-i-mazarrons-cross-trail-calas-de-bolnuevo\/","url":"https:\/\/nordnesrepublikken.no\/index.php\/2026\/01\/26\/mer-enn-600-idrettsutovere-deltar-i-mazarrons-cross-trail-calas-de-bolnuevo\/","name":"Mer enn 600 idrettsut\u00f8vere deltar i Mazarrons Cross-Trail Calas de Bolnuevo - Nordnesrepublikken","isPartOf":{"@id":"https:\/\/nordnesrepublikken.no\/#website"},"primaryImageOfPage":{"@id":"https:\/\/nordnesrepublikken.no\/index.php\/2026\/01\/26\/mer-enn-600-idrettsutovere-deltar-i-mazarrons-cross-trail-calas-de-bolnuevo\/#primaryimage"},"image":{"@id":"https:\/\/nordnesrepublikken.no\/index.php\/2026\/01\/26\/mer-enn-600-idrettsutovere-deltar-i-mazarrons-cross-trail-calas-de-bolnuevo\/#primaryimage"},"thumbnailUrl":"https:\/\/nordnesrepublikken.no\/wp-content\/uploads\/2026\/01\/1769449887_Mer-enn-600-idrettsutovere-deltar-i-Mazarrons-Cross-Trail-Calas-de.jpg","datePublished":"2026-01-26T17:51:27+00:00","dateModified":"2026-01-26T17:51:28+00:00","breadcrumb":{"@id":"https:\/\/nordnesrepublikken.no\/index.php\/2026\/01\/26\/mer-enn-600-idrettsutovere-deltar-i-mazarrons-cross-trail-calas-de-bolnuevo\/#breadcrumb"},"inLanguage":"nb-NO","potentialAction":[{"@type":"ReadAction","target":["https:\/\/nordnesrepublikken.no\/index.php\/2026\/01\/26\/mer-enn-600-idrettsutovere-deltar-i-mazarrons-cross-trail-calas-de-bolnuevo\/"]}]},{"@type":"ImageObject","inLanguage":"nb-NO","@id":"https:\/\/nordnesrepublikken.no\/index.php\/2026\/01\/26\/mer-enn-600-idrettsutovere-deltar-i-mazarrons-cross-trail-calas-de-bolnuevo\/#primaryimage","url":"https:\/\/nordnesrepublikken.no\/wp-content\/uploads\/2026\/01\/1769449887_Mer-enn-600-idrettsutovere-deltar-i-Mazarrons-Cross-Trail-Calas-de.jpg","contentUrl":"https:\/\/nordnesrepublikken.no\/wp-content\/uploads\/2026\/01\/1769449887_Mer-enn-600-idrettsutovere-deltar-i-Mazarrons-Cross-Trail-Calas-de.jpg","width":1200,"height":800,"caption":"Mer enn 600 idrettsut\u00f8vere deltar i Mazarrons Cross-Trail Calas de Bolnuevo"},{"@type":"BreadcrumbList","@id":"https:\/\/nordnesrepublikken.no\/index.php\/2026\/01\/26\/mer-enn-600-idrettsutovere-deltar-i-mazarrons-cross-trail-calas-de-bolnuevo\/#breadcrumb","itemListElement":[{"@type":"ListItem","position":1,"name":"Home","item":"https:\/\/nordnesrepublikken.no\/"},{"@type":"ListItem","position":2,"name":"Mer enn 600 idrettsut\u00f8vere deltar i Mazarrons Cross-Trail Calas de Bolnuevo"}]},{"@type":"WebSite","@id":"https:\/\/nordnesrepublikken.no\/#website","url":"https:\/\/nordnesrepublikken.no\/","name":"Nordnesrepublikken","description":"Stemmer og Visjoner fra Republikkens Hjerte","publisher":{"@id":"https:\/\/nordnesrepublikken.no\/#organization"},"potentialAction":[{"@type":"SearchAction","target":{"@type":"EntryPoint","urlTemplate":"https:\/\/nordnesrepublikken.no\/?s={search_term_string}"},"query-input":{"@type":"PropertyValueSpecification","valueRequired":true,"valueName":"search_term_string"}}],"inLanguage":"nb-NO"},{"@type":"Organization","@id":"https:\/\/nordnesrepublikken.no\/#organization","name":"Nordnesrepublikken","url":"https:\/\/nordnesrepublikken.no\/","logo":{"@type":"ImageObject","inLanguage":"nb-NO","@id":"https:\/\/nordnesrepublikken.no\/#\/schema\/logo\/image\/","url":"https:\/\/nordnesrepublikken.no\/wp-content\/uploads\/2025\/02\/cropped-nordnesrepublikken-2.png","contentUrl":"https:\/\/nordnesrepublikken.no\/wp-content\/uploads\/2025\/02\/cropped-nordnesrepublikken-2.png","width":1248,"height":362,"caption":"Nordnesrepublikken"},"image":{"@id":"https:\/\/nordnesrepublikken.no\/#\/schema\/logo\/image\/"}},{"@type":"Person","@id":"https:\/\/nordnesrepublikken.no\/#\/schema\/person\/2e7e81935bab77882fffb79296240ff1","name":"Ole Andersen","image":{"@type":"ImageObject","inLanguage":"nb-NO","@id":"https:\/\/nordnesrepublikken.no\/#\/schema\/person\/image\/","url":"https:\/\/nordnesrepublikken.no\/wp-content\/uploads\/2025\/02\/nordnesrepublikken-2-2-150x150.jpg","contentUrl":"https:\/\/nordnesrepublikken.no\/wp-content\/uploads\/2025\/02\/nordnesrepublikken-2-2-150x150.jpg","caption":"Ole Andersen"},"description":"Ettersom jeg vokste opp i Oslo, har jeg alltid v\u00e6rt fascinert av ordenes kraft og deres evne til \u00e5 skape endringer. Etter \u00e5 ha fullf\u00f8rt min utdannelse i kommunikasjon ved Universitetet i Bergen, fikk jeg muligheten til \u00e5 jobbe innen ulike medier, der jeg har s\u00f8kt \u00e5 belyse viktige samfunnssp\u00f8rsm\u00e5l. I dag, som redakt\u00f8r for Nordnesrepublikken, pr\u00f8ver jeg \u00e5 forene min kj\u00e6rlighet for journalistikk med min lidenskap for innovasjon og eventyr.","sameAs":["https:\/\/nordnesrepublikken.no\/"]}]}},"_links":{"self":[{"href":"https:\/\/nordnesrepublikken.no\/index.php\/wp-json\/wp\/v2\/posts\/14254","targetHints":{"allow":["GET"]}}],"collection":[{"href":"https:\/\/nordnesrepublikken.no\/index.php\/wp-json\/wp\/v2\/posts"}],"about":[{"href":"https:\/\/nordnesrepublikken.no\/index.php\/wp-json\/wp\/v2\/types\/post"}],"author":[{"embeddable":true,"href":"https:\/\/nordnesrepublikken.no\/index.php\/wp-json\/wp\/v2\/users\/1"}],"replies":[{"embeddable":true,"href":"https:\/\/nordnesrepublikken.no\/index.php\/wp-json\/wp\/v2\/comments?post=14254"}],"version-history":[{"count":1,"href":"https:\/\/nordnesrepublikken.no\/index.php\/wp-json\/wp\/v2\/posts\/14254\/revisions"}],"predecessor-version":[{"id":14256,"href":"https:\/\/nordnesrepublikken.no\/index.php\/wp-json\/wp\/v2\/posts\/14254\/revisions\/14256"}],"wp:featuredmedia":[{"embeddable":true,"href":"https:\/\/nordnesrepublikken.no\/index.php\/wp-json\/wp\/v2\/media\/14255"}],"wp:attachment":[{"href":"https:\/\/nordnesrepublikken.no\/index.php\/wp-json\/wp\/v2\/media?parent=14254"}],"wp:term":[{"taxonomy":"category","embeddable":true,"href":"https:\/\/nordnesrepublikken.no\/index.php\/wp-json\/wp\/v2\/categories?post=14254"},{"taxonomy":"post_tag","embeddable":true,"href":"https:\/\/nordnesrepublikken.no\/index.php\/wp-json\/wp\/v2\/tags?post=14254"}],"curies":[{"name":"wp","href":"https:\/\/api.w.org\/{rel}","templated":true}]}}