{"id":14242,"date":"2026-01-26T12:51:21","date_gmt":"2026-01-26T11:51:21","guid":{"rendered":"https:\/\/nordnesrepublikken.no\/index.php\/2026\/01\/26\/1000-fordrevne-land-i-fare-for-isolasjon\/"},"modified":"2026-01-26T12:51:22","modified_gmt":"2026-01-26T11:51:22","slug":"1000-fordrevne-land-i-fare-for-isolasjon","status":"publish","type":"post","link":"https:\/\/nordnesrepublikken.no\/index.php\/2026\/01\/26\/1000-fordrevne-land-i-fare-for-isolasjon\/","title":{"rendered":"1000 fordrevne, land i fare for isolasjon"},"content":{"rendered":"<div>\n<div class=\"cp_wrapper cp_wrapper--fw mb-30 mb-20@tablet\">\n<figure class=\"mm\"><picture class=\"img\" style=\"padding-top:56.25%\"><source  media=\"(min-width: 1024px)\"><source  media=\"(min-width: 768px)\"><\/source><\/source><\/picture><\/figure>\n<\/p><\/div>\n<p>Byen <strong>Niscemi<\/strong>i provinsen <strong>Caltanissetta (Sicilia)<\/strong>ble ber\u00f8rt av en ny <strong>jordskred<\/strong> hvems <strong>panne <\/strong>n\u00e5 ja <strong>strekker seg 4 km<\/strong>tvinge <strong>1000 innbyggere<\/strong> \u00e5 evakuere som en forholdsregel. Skredhendelsen, trolig for\u00e5rsaket av de siste dagenes kraftige regnv\u00e6r, skjedde rundt omkring <strong>13.00<\/strong> i g\u00e5r, s\u00f8ndag 25. januar, i seksjonen som forbinder Provincial Road SP 10 og sentrum, n\u00e6r nabolaget <strong>Hellige kors<\/strong>. Raset er godt synlig i videoen som er sendt til oss <strong>Salvatore juni<\/strong>.<\/p>\n<div class=\"cp_wrapper cp_wrapper--fw mb-50\">\n<figure class=\"mm\"><picture class=\"img\" style=\"padding-top:73.066666666667%\"><source  media=\"(min-width: 1024px)\"><source  media=\"(min-width: 768px)\"><img decoding=\"async\" loading=\"lazy\" src=\"https:\/\/nordnesrepublikken.no\/wp-content\/uploads\/2026\/01\/1769428281_832_1000-fordrevne-land-i-fare-for-isolasjon.jpeg\" alt=\"jordskred niscemi bilde 2\" width=\"1125\" height=\"822\"\/><\/source><\/source><\/picture><\/figure>\n<\/p><\/div>\n<p>Byens ordf\u00f8rer, <strong>Massimiliano Conti<\/strong>snakket om en \u00ab<strong>dramatisk skredhendelse<\/strong> som involverte den \u00f8stlige delen av byen&raquo;, et omr\u00e5de som allerede hadde lidd et jordskred for 29 \u00e5r siden, og utslettet en del av bydelen Sante Croci. If\u00f8lge det ordf\u00f8reren rapporterte, ble situasjonen i de p\u00e5f\u00f8lgende timene forverret og \u00abandre feil ble registrert. I l\u00f8pet av natten ble det registrert en <strong>25 meter vertikalt kutt<\/strong>\u00bb, godt synlig p\u00e5 bildene tatt av beboerne. \u2014 Vi jobber, i avtale med Sivilbeskyttelsen, med et alternativ.<\/p>\n<p><strong>Den f\u00f8rste feilen ble derfor drastisk forverret i l\u00f8pet av de f\u00f8lgende timene.<\/strong><\/p>\n<p>De fordrevne ble \u00f8nsket velkommen i l\u00f8pet av natten i idrettshallen &laquo;Pio La Torre&raquo;, mens myndighetene arrangerte <strong>nedleggelse av alle skoler<\/strong>. Heldigvis ble det ikke meldt om personskader eller personskader. Katastrofen kommer p\u00e5 toppen av det forrige skredet som skjedde <strong>16. januar 2026,<\/strong> som allerede hadde kompromittert forbindelsene mellom Niscemi, Gela, Catania og Caltanissetta, med alvorlige konsekvenser for den fastboende befolkningen.<\/p>\n<div class=\"cp_wrapper cp_wrapper--fw mb-50\">\n<figure class=\"mm\"><picture class=\"img\" style=\"padding-top:133.33333333333%\"><source  media=\"(min-width: 1024px)\"><source  media=\"(min-width: 768px)\"><img decoding=\"async\" loading=\"lazy\" src=\"https:\/\/nordnesrepublikken.no\/wp-content\/uploads\/2026\/01\/1000-fordrevne-land-i-fare-for-isolasjon.jpg\" alt=\"Niscemi-skred 16. januar\" width=\"1200\" height=\"1600\" class=\"js-seedtag-img\"\/><\/source><\/source><\/picture><\/figure>\n<\/p><\/div>\n<p>N\u00e5<strong> Niscemi, som har rundt 25 000 innbyggere, st\u00e5r i fare for isolasjon<\/strong>: etter stenging av <strong>Provinsvei 12<\/strong> etter n\u00f8dsituasjonen 16. januar beordret kommunen ogs\u00e5 stenging av <strong>SP 10<\/strong>. For \u00f8yeblikket er<strong>eneste veien<\/strong> utgangen fra landet forblir den samme<strong> Provinsvei 11<\/strong>allerede kjent for lokalbefolkningen for sin fare og som n\u00e5 risikerer overbelastning av trafikk.<\/p>\n<div class=\"cp_wrapper cp_wrapper--fw mb-50\">\n<figure class=\"mm\"><picture class=\"img\" style=\"padding-top:100%\"><source  media=\"(min-width: 1024px)\"><source  media=\"(min-width: 768px)\"><img decoding=\"async\" loading=\"lazy\" src=\"https:\/\/nordnesrepublikken.no\/wp-content\/uploads\/2026\/01\/1769428281_914_1000-fordrevne-land-i-fare-for-isolasjon.jpeg\" alt=\"jordskred niscemi 3\" width=\"1440\" height=\"1440\"\/><\/source><\/source><\/picture><\/figure>\n<\/p><\/div>\n<p>Brannvesenet, samt teknikerne, grep umiddelbart inn p\u00e5 stedet <strong>Regional avdeling for sivilbeskyttelse, <\/strong>som gjennomf\u00f8rer geologiske unders\u00f8kelser for \u00e5 \u00abverifisere den mulige sammenhengen mellom det p\u00e5g\u00e5ende skredfenomenet og det som skjedde sist 16. januar\u00bb.<\/p>\n<p>Fra et geologisk synspunkt var det en <strong>glidende skred<\/strong>: denne typen skred favoriseres av tilstedev\u00e6relsen av bergniv\u00e5er med ulike egenskaper (for eksempel stein som hviler p\u00e5 et plastisk leiremateriale), adskilt av plan orientert i samme retning som skr\u00e5ningen, med en helning lik eller lavere enn skr\u00e5ningen. Disse lappene er <strong>tilrettelagt av infiltrasjon av vann mellom de steinete niv\u00e5ene<\/strong> og ved erosiv virkning av eventuelle vannl\u00f8p ved foten av skr\u00e5ningen: den l\u00f8srevne massen kan forbli relativt intakt eller desintegreres i blokker.<\/p>\n<p>For i dag, mandag 26. januar, vil \u00f8ya igjen bli ber\u00f8rt av <strong>regn og byger<\/strong>: den <strong>Sivil beskyttelse<\/strong> har utstedt en<strong>gult varsel<\/strong> for Sicilia og fire andre regioner for <strong>hydrogeologisk risiko<\/strong>.<\/p>\n<\/p><\/div>\n","protected":false},"excerpt":{"rendered":"<p>Byen Niscemii provinsen Caltanissetta (Sicilia)ble ber\u00f8rt av en ny jordskred hvems panne n\u00e5 ja strekker<\/p>\n","protected":false},"author":1,"featured_media":14243,"comment_status":"closed","ping_status":"open","sticky":false,"template":"","format":"standard","meta":{"footnotes":""},"categories":[104],"tags":[1416,35,9290,502],"class_list":["post-14242","post","type-post","status-publish","format-standard","has-post-thumbnail","hentry","category-samfunn","tag-fare","tag-fordrevne","tag-isolasjon","tag-land","generate-columns","tablet-grid-50","mobile-grid-100","grid-parent","grid-33","resize-featured-image"],"yoast_head":"<!-- This site is optimized with the Yoast SEO plugin v24.4 - https:\/\/yoast.com\/wordpress\/plugins\/seo\/ -->\n<title>1000 fordrevne, land i fare for isolasjon - Nordnesrepublikken<\/title>\n<meta name=\"robots\" content=\"index, follow, max-snippet:-1, max-image-preview:large, max-video-preview:-1\" \/>\n<link rel=\"canonical\" href=\"https:\/\/nordnesrepublikken.no\/index.php\/2026\/01\/26\/1000-fordrevne-land-i-fare-for-isolasjon\/\" \/>\n<meta property=\"og:locale\" content=\"nb_NO\" \/>\n<meta property=\"og:type\" content=\"article\" \/>\n<meta property=\"og:title\" content=\"1000 fordrevne, land i fare for isolasjon - Nordnesrepublikken\" \/>\n<meta property=\"og:description\" content=\"Byen Niscemii provinsen Caltanissetta (Sicilia)ble ber\u00f8rt av en ny jordskred hvems panne n\u00e5 ja strekker\" \/>\n<meta property=\"og:url\" content=\"https:\/\/nordnesrepublikken.no\/index.php\/2026\/01\/26\/1000-fordrevne-land-i-fare-for-isolasjon\/\" \/>\n<meta property=\"og:site_name\" content=\"Nordnesrepublikken\" \/>\n<meta property=\"article:published_time\" content=\"2026-01-26T11:51:21+00:00\" \/>\n<meta property=\"article:modified_time\" content=\"2026-01-26T11:51:22+00:00\" \/>\n<meta property=\"og:image\" content=\"https:\/\/nordnesrepublikken.no\/wp-content\/uploads\/2026\/01\/1769428281_1000-fordrevne-land-i-fare-for-isolasjon.jpeg\" \/>\n\t<meta property=\"og:image:width\" content=\"728\" \/>\n\t<meta property=\"og:image:height\" content=\"410\" \/>\n\t<meta property=\"og:image:type\" content=\"image\/jpeg\" \/>\n<meta name=\"author\" content=\"Ole Andersen\" \/>\n<meta name=\"twitter:card\" content=\"summary_large_image\" \/>\n<meta name=\"twitter:label1\" content=\"Skrevet av\" \/>\n\t<meta name=\"twitter:data1\" content=\"Ole Andersen\" \/>\n\t<meta name=\"twitter:label2\" content=\"Ansl. lesetid\" \/>\n\t<meta name=\"twitter:data2\" content=\"2 minutter\" \/>\n<script type=\"application\/ld+json\" class=\"yoast-schema-graph\">{\"@context\":\"https:\/\/schema.org\",\"@graph\":[{\"@type\":\"Article\",\"@id\":\"https:\/\/nordnesrepublikken.no\/index.php\/2026\/01\/26\/1000-fordrevne-land-i-fare-for-isolasjon\/#article\",\"isPartOf\":{\"@id\":\"https:\/\/nordnesrepublikken.no\/index.php\/2026\/01\/26\/1000-fordrevne-land-i-fare-for-isolasjon\/\"},\"author\":{\"name\":\"Ole Andersen\",\"@id\":\"https:\/\/nordnesrepublikken.no\/#\/schema\/person\/2e7e81935bab77882fffb79296240ff1\"},\"headline\":\"1000 fordrevne, land i fare for isolasjon\",\"datePublished\":\"2026-01-26T11:51:21+00:00\",\"dateModified\":\"2026-01-26T11:51:22+00:00\",\"mainEntityOfPage\":{\"@id\":\"https:\/\/nordnesrepublikken.no\/index.php\/2026\/01\/26\/1000-fordrevne-land-i-fare-for-isolasjon\/\"},\"wordCount\":442,\"publisher\":{\"@id\":\"https:\/\/nordnesrepublikken.no\/#organization\"},\"image\":{\"@id\":\"https:\/\/nordnesrepublikken.no\/index.php\/2026\/01\/26\/1000-fordrevne-land-i-fare-for-isolasjon\/#primaryimage\"},\"thumbnailUrl\":\"https:\/\/nordnesrepublikken.no\/wp-content\/uploads\/2026\/01\/1769428281_1000-fordrevne-land-i-fare-for-isolasjon.jpeg\",\"keywords\":[\"fare\",\"fordrevne\",\"isolasjon\",\"land\"],\"articleSection\":[\"Samfunn\"],\"inLanguage\":\"nb-NO\"},{\"@type\":\"WebPage\",\"@id\":\"https:\/\/nordnesrepublikken.no\/index.php\/2026\/01\/26\/1000-fordrevne-land-i-fare-for-isolasjon\/\",\"url\":\"https:\/\/nordnesrepublikken.no\/index.php\/2026\/01\/26\/1000-fordrevne-land-i-fare-for-isolasjon\/\",\"name\":\"1000 fordrevne, land i fare for isolasjon - Nordnesrepublikken\",\"isPartOf\":{\"@id\":\"https:\/\/nordnesrepublikken.no\/#website\"},\"primaryImageOfPage\":{\"@id\":\"https:\/\/nordnesrepublikken.no\/index.php\/2026\/01\/26\/1000-fordrevne-land-i-fare-for-isolasjon\/#primaryimage\"},\"image\":{\"@id\":\"https:\/\/nordnesrepublikken.no\/index.php\/2026\/01\/26\/1000-fordrevne-land-i-fare-for-isolasjon\/#primaryimage\"},\"thumbnailUrl\":\"https:\/\/nordnesrepublikken.no\/wp-content\/uploads\/2026\/01\/1769428281_1000-fordrevne-land-i-fare-for-isolasjon.jpeg\",\"datePublished\":\"2026-01-26T11:51:21+00:00\",\"dateModified\":\"2026-01-26T11:51:22+00:00\",\"breadcrumb\":{\"@id\":\"https:\/\/nordnesrepublikken.no\/index.php\/2026\/01\/26\/1000-fordrevne-land-i-fare-for-isolasjon\/#breadcrumb\"},\"inLanguage\":\"nb-NO\",\"potentialAction\":[{\"@type\":\"ReadAction\",\"target\":[\"https:\/\/nordnesrepublikken.no\/index.php\/2026\/01\/26\/1000-fordrevne-land-i-fare-for-isolasjon\/\"]}]},{\"@type\":\"ImageObject\",\"inLanguage\":\"nb-NO\",\"@id\":\"https:\/\/nordnesrepublikken.no\/index.php\/2026\/01\/26\/1000-fordrevne-land-i-fare-for-isolasjon\/#primaryimage\",\"url\":\"https:\/\/nordnesrepublikken.no\/wp-content\/uploads\/2026\/01\/1769428281_1000-fordrevne-land-i-fare-for-isolasjon.jpeg\",\"contentUrl\":\"https:\/\/nordnesrepublikken.no\/wp-content\/uploads\/2026\/01\/1769428281_1000-fordrevne-land-i-fare-for-isolasjon.jpeg\",\"width\":728,\"height\":410,\"caption\":\"1000 fordrevne, land i fare for isolasjon\"},{\"@type\":\"BreadcrumbList\",\"@id\":\"https:\/\/nordnesrepublikken.no\/index.php\/2026\/01\/26\/1000-fordrevne-land-i-fare-for-isolasjon\/#breadcrumb\",\"itemListElement\":[{\"@type\":\"ListItem\",\"position\":1,\"name\":\"Home\",\"item\":\"https:\/\/nordnesrepublikken.no\/\"},{\"@type\":\"ListItem\",\"position\":2,\"name\":\"1000 fordrevne, land i fare for isolasjon\"}]},{\"@type\":\"WebSite\",\"@id\":\"https:\/\/nordnesrepublikken.no\/#website\",\"url\":\"https:\/\/nordnesrepublikken.no\/\",\"name\":\"Nordnesrepublikken\",\"description\":\"Stemmer og Visjoner fra Republikkens Hjerte\",\"publisher\":{\"@id\":\"https:\/\/nordnesrepublikken.no\/#organization\"},\"potentialAction\":[{\"@type\":\"SearchAction\",\"target\":{\"@type\":\"EntryPoint\",\"urlTemplate\":\"https:\/\/nordnesrepublikken.no\/?s={search_term_string}\"},\"query-input\":{\"@type\":\"PropertyValueSpecification\",\"valueRequired\":true,\"valueName\":\"search_term_string\"}}],\"inLanguage\":\"nb-NO\"},{\"@type\":\"Organization\",\"@id\":\"https:\/\/nordnesrepublikken.no\/#organization\",\"name\":\"Nordnesrepublikken\",\"url\":\"https:\/\/nordnesrepublikken.no\/\",\"logo\":{\"@type\":\"ImageObject\",\"inLanguage\":\"nb-NO\",\"@id\":\"https:\/\/nordnesrepublikken.no\/#\/schema\/logo\/image\/\",\"url\":\"https:\/\/nordnesrepublikken.no\/wp-content\/uploads\/2025\/02\/cropped-nordnesrepublikken-2.png\",\"contentUrl\":\"https:\/\/nordnesrepublikken.no\/wp-content\/uploads\/2025\/02\/cropped-nordnesrepublikken-2.png\",\"width\":1248,\"height\":362,\"caption\":\"Nordnesrepublikken\"},\"image\":{\"@id\":\"https:\/\/nordnesrepublikken.no\/#\/schema\/logo\/image\/\"}},{\"@type\":\"Person\",\"@id\":\"https:\/\/nordnesrepublikken.no\/#\/schema\/person\/2e7e81935bab77882fffb79296240ff1\",\"name\":\"Ole Andersen\",\"image\":{\"@type\":\"ImageObject\",\"inLanguage\":\"nb-NO\",\"@id\":\"https:\/\/nordnesrepublikken.no\/#\/schema\/person\/image\/\",\"url\":\"https:\/\/nordnesrepublikken.no\/wp-content\/uploads\/2025\/02\/nordnesrepublikken-2-2-150x150.jpg\",\"contentUrl\":\"https:\/\/nordnesrepublikken.no\/wp-content\/uploads\/2025\/02\/nordnesrepublikken-2-2-150x150.jpg\",\"caption\":\"Ole Andersen\"},\"description\":\"Ettersom jeg vokste opp i Oslo, har jeg alltid v\u00e6rt fascinert av ordenes kraft og deres evne til \u00e5 skape endringer. Etter \u00e5 ha fullf\u00f8rt min utdannelse i kommunikasjon ved Universitetet i Bergen, fikk jeg muligheten til \u00e5 jobbe innen ulike medier, der jeg har s\u00f8kt \u00e5 belyse viktige samfunnssp\u00f8rsm\u00e5l. I dag, som redakt\u00f8r for Nordnesrepublikken, pr\u00f8ver jeg \u00e5 forene min kj\u00e6rlighet for journalistikk med min lidenskap for innovasjon og eventyr.\",\"sameAs\":[\"https:\/\/nordnesrepublikken.no\/\"]}]}<\/script>\n<!-- \/ Yoast SEO plugin. -->","yoast_head_json":{"title":"1000 fordrevne, land i fare for isolasjon - Nordnesrepublikken","robots":{"index":"index","follow":"follow","max-snippet":"max-snippet:-1","max-image-preview":"max-image-preview:large","max-video-preview":"max-video-preview:-1"},"canonical":"https:\/\/nordnesrepublikken.no\/index.php\/2026\/01\/26\/1000-fordrevne-land-i-fare-for-isolasjon\/","og_locale":"nb_NO","og_type":"article","og_title":"1000 fordrevne, land i fare for isolasjon - Nordnesrepublikken","og_description":"Byen Niscemii provinsen Caltanissetta (Sicilia)ble ber\u00f8rt av en ny jordskred hvems panne n\u00e5 ja strekker","og_url":"https:\/\/nordnesrepublikken.no\/index.php\/2026\/01\/26\/1000-fordrevne-land-i-fare-for-isolasjon\/","og_site_name":"Nordnesrepublikken","article_published_time":"2026-01-26T11:51:21+00:00","article_modified_time":"2026-01-26T11:51:22+00:00","og_image":[{"width":728,"height":410,"url":"https:\/\/nordnesrepublikken.no\/wp-content\/uploads\/2026\/01\/1769428281_1000-fordrevne-land-i-fare-for-isolasjon.jpeg","type":"image\/jpeg"}],"author":"Ole Andersen","twitter_card":"summary_large_image","twitter_misc":{"Skrevet av":"Ole Andersen","Ansl. lesetid":"2 minutter"},"schema":{"@context":"https:\/\/schema.org","@graph":[{"@type":"Article","@id":"https:\/\/nordnesrepublikken.no\/index.php\/2026\/01\/26\/1000-fordrevne-land-i-fare-for-isolasjon\/#article","isPartOf":{"@id":"https:\/\/nordnesrepublikken.no\/index.php\/2026\/01\/26\/1000-fordrevne-land-i-fare-for-isolasjon\/"},"author":{"name":"Ole Andersen","@id":"https:\/\/nordnesrepublikken.no\/#\/schema\/person\/2e7e81935bab77882fffb79296240ff1"},"headline":"1000 fordrevne, land i fare for isolasjon","datePublished":"2026-01-26T11:51:21+00:00","dateModified":"2026-01-26T11:51:22+00:00","mainEntityOfPage":{"@id":"https:\/\/nordnesrepublikken.no\/index.php\/2026\/01\/26\/1000-fordrevne-land-i-fare-for-isolasjon\/"},"wordCount":442,"publisher":{"@id":"https:\/\/nordnesrepublikken.no\/#organization"},"image":{"@id":"https:\/\/nordnesrepublikken.no\/index.php\/2026\/01\/26\/1000-fordrevne-land-i-fare-for-isolasjon\/#primaryimage"},"thumbnailUrl":"https:\/\/nordnesrepublikken.no\/wp-content\/uploads\/2026\/01\/1769428281_1000-fordrevne-land-i-fare-for-isolasjon.jpeg","keywords":["fare","fordrevne","isolasjon","land"],"articleSection":["Samfunn"],"inLanguage":"nb-NO"},{"@type":"WebPage","@id":"https:\/\/nordnesrepublikken.no\/index.php\/2026\/01\/26\/1000-fordrevne-land-i-fare-for-isolasjon\/","url":"https:\/\/nordnesrepublikken.no\/index.php\/2026\/01\/26\/1000-fordrevne-land-i-fare-for-isolasjon\/","name":"1000 fordrevne, land i fare for isolasjon - Nordnesrepublikken","isPartOf":{"@id":"https:\/\/nordnesrepublikken.no\/#website"},"primaryImageOfPage":{"@id":"https:\/\/nordnesrepublikken.no\/index.php\/2026\/01\/26\/1000-fordrevne-land-i-fare-for-isolasjon\/#primaryimage"},"image":{"@id":"https:\/\/nordnesrepublikken.no\/index.php\/2026\/01\/26\/1000-fordrevne-land-i-fare-for-isolasjon\/#primaryimage"},"thumbnailUrl":"https:\/\/nordnesrepublikken.no\/wp-content\/uploads\/2026\/01\/1769428281_1000-fordrevne-land-i-fare-for-isolasjon.jpeg","datePublished":"2026-01-26T11:51:21+00:00","dateModified":"2026-01-26T11:51:22+00:00","breadcrumb":{"@id":"https:\/\/nordnesrepublikken.no\/index.php\/2026\/01\/26\/1000-fordrevne-land-i-fare-for-isolasjon\/#breadcrumb"},"inLanguage":"nb-NO","potentialAction":[{"@type":"ReadAction","target":["https:\/\/nordnesrepublikken.no\/index.php\/2026\/01\/26\/1000-fordrevne-land-i-fare-for-isolasjon\/"]}]},{"@type":"ImageObject","inLanguage":"nb-NO","@id":"https:\/\/nordnesrepublikken.no\/index.php\/2026\/01\/26\/1000-fordrevne-land-i-fare-for-isolasjon\/#primaryimage","url":"https:\/\/nordnesrepublikken.no\/wp-content\/uploads\/2026\/01\/1769428281_1000-fordrevne-land-i-fare-for-isolasjon.jpeg","contentUrl":"https:\/\/nordnesrepublikken.no\/wp-content\/uploads\/2026\/01\/1769428281_1000-fordrevne-land-i-fare-for-isolasjon.jpeg","width":728,"height":410,"caption":"1000 fordrevne, land i fare for isolasjon"},{"@type":"BreadcrumbList","@id":"https:\/\/nordnesrepublikken.no\/index.php\/2026\/01\/26\/1000-fordrevne-land-i-fare-for-isolasjon\/#breadcrumb","itemListElement":[{"@type":"ListItem","position":1,"name":"Home","item":"https:\/\/nordnesrepublikken.no\/"},{"@type":"ListItem","position":2,"name":"1000 fordrevne, land i fare for isolasjon"}]},{"@type":"WebSite","@id":"https:\/\/nordnesrepublikken.no\/#website","url":"https:\/\/nordnesrepublikken.no\/","name":"Nordnesrepublikken","description":"Stemmer og Visjoner fra Republikkens Hjerte","publisher":{"@id":"https:\/\/nordnesrepublikken.no\/#organization"},"potentialAction":[{"@type":"SearchAction","target":{"@type":"EntryPoint","urlTemplate":"https:\/\/nordnesrepublikken.no\/?s={search_term_string}"},"query-input":{"@type":"PropertyValueSpecification","valueRequired":true,"valueName":"search_term_string"}}],"inLanguage":"nb-NO"},{"@type":"Organization","@id":"https:\/\/nordnesrepublikken.no\/#organization","name":"Nordnesrepublikken","url":"https:\/\/nordnesrepublikken.no\/","logo":{"@type":"ImageObject","inLanguage":"nb-NO","@id":"https:\/\/nordnesrepublikken.no\/#\/schema\/logo\/image\/","url":"https:\/\/nordnesrepublikken.no\/wp-content\/uploads\/2025\/02\/cropped-nordnesrepublikken-2.png","contentUrl":"https:\/\/nordnesrepublikken.no\/wp-content\/uploads\/2025\/02\/cropped-nordnesrepublikken-2.png","width":1248,"height":362,"caption":"Nordnesrepublikken"},"image":{"@id":"https:\/\/nordnesrepublikken.no\/#\/schema\/logo\/image\/"}},{"@type":"Person","@id":"https:\/\/nordnesrepublikken.no\/#\/schema\/person\/2e7e81935bab77882fffb79296240ff1","name":"Ole Andersen","image":{"@type":"ImageObject","inLanguage":"nb-NO","@id":"https:\/\/nordnesrepublikken.no\/#\/schema\/person\/image\/","url":"https:\/\/nordnesrepublikken.no\/wp-content\/uploads\/2025\/02\/nordnesrepublikken-2-2-150x150.jpg","contentUrl":"https:\/\/nordnesrepublikken.no\/wp-content\/uploads\/2025\/02\/nordnesrepublikken-2-2-150x150.jpg","caption":"Ole Andersen"},"description":"Ettersom jeg vokste opp i Oslo, har jeg alltid v\u00e6rt fascinert av ordenes kraft og deres evne til \u00e5 skape endringer. Etter \u00e5 ha fullf\u00f8rt min utdannelse i kommunikasjon ved Universitetet i Bergen, fikk jeg muligheten til \u00e5 jobbe innen ulike medier, der jeg har s\u00f8kt \u00e5 belyse viktige samfunnssp\u00f8rsm\u00e5l. I dag, som redakt\u00f8r for Nordnesrepublikken, pr\u00f8ver jeg \u00e5 forene min kj\u00e6rlighet for journalistikk med min lidenskap for innovasjon og eventyr.","sameAs":["https:\/\/nordnesrepublikken.no\/"]}]}},"_links":{"self":[{"href":"https:\/\/nordnesrepublikken.no\/index.php\/wp-json\/wp\/v2\/posts\/14242","targetHints":{"allow":["GET"]}}],"collection":[{"href":"https:\/\/nordnesrepublikken.no\/index.php\/wp-json\/wp\/v2\/posts"}],"about":[{"href":"https:\/\/nordnesrepublikken.no\/index.php\/wp-json\/wp\/v2\/types\/post"}],"author":[{"embeddable":true,"href":"https:\/\/nordnesrepublikken.no\/index.php\/wp-json\/wp\/v2\/users\/1"}],"replies":[{"embeddable":true,"href":"https:\/\/nordnesrepublikken.no\/index.php\/wp-json\/wp\/v2\/comments?post=14242"}],"version-history":[{"count":1,"href":"https:\/\/nordnesrepublikken.no\/index.php\/wp-json\/wp\/v2\/posts\/14242\/revisions"}],"predecessor-version":[{"id":14244,"href":"https:\/\/nordnesrepublikken.no\/index.php\/wp-json\/wp\/v2\/posts\/14242\/revisions\/14244"}],"wp:featuredmedia":[{"embeddable":true,"href":"https:\/\/nordnesrepublikken.no\/index.php\/wp-json\/wp\/v2\/media\/14243"}],"wp:attachment":[{"href":"https:\/\/nordnesrepublikken.no\/index.php\/wp-json\/wp\/v2\/media?parent=14242"}],"wp:term":[{"taxonomy":"category","embeddable":true,"href":"https:\/\/nordnesrepublikken.no\/index.php\/wp-json\/wp\/v2\/categories?post=14242"},{"taxonomy":"post_tag","embeddable":true,"href":"https:\/\/nordnesrepublikken.no\/index.php\/wp-json\/wp\/v2\/tags?post=14242"}],"curies":[{"name":"wp","href":"https:\/\/api.w.org\/{rel}","templated":true}]}}