{"id":14236,"date":"2026-01-26T10:49:43","date_gmt":"2026-01-26T09:49:43","guid":{"rendered":"https:\/\/nordnesrepublikken.no\/index.php\/2026\/01\/26\/legende-og-meteorologi\/"},"modified":"2026-01-26T10:49:45","modified_gmt":"2026-01-26T09:49:45","slug":"legende-og-meteorologi","status":"publish","type":"post","link":"https:\/\/nordnesrepublikken.no\/index.php\/2026\/01\/26\/legende-og-meteorologi\/","title":{"rendered":"legende og meteorologi"},"content":{"rendered":"<div>\n<div class=\"cp_wrapper cp_wrapper--fw mb-30 mb-20@tablet\">\n<figure class=\"mm\"><picture class=\"img\" style=\"padding-top:56.25%\"><source  media=\"(min-width: 1024px)\"><source  media=\"(min-width: 768px)\"><\/source><\/source><\/picture><\/figure>\n<\/p><\/div>\n<p>Tradisjonelt, med <strong>&laquo;Svarttrostens dager&raquo; <\/strong>menes <strong>29., 30. og 31. januar<\/strong>som if\u00f8lge popul\u00e6r oppfatning ville v\u00e6re <strong>\u00e5rets kaldeste<\/strong>selv om toppen av vinterkulden i Italia ikke n\u00f8dvendigvis faller p\u00e5 disse tre dagene, spesielt i s\u00f8r.<\/p>\n<p>Det finnes ulike versjoner av <strong>popul\u00e6r legende<\/strong> som gir opphav til navnet og tradisjonen: den mest kjente ser en svarttrost gjemme seg i en skorstein 28. januar for \u00e5 unnslippe kulden, og kommer ut 1. februar. Det er ogs\u00e5 en slags <strong>ordtak<\/strong> knyttet til Blackbird Days: hvis de er kalde, vil v\u00e5ren v\u00e6re mild; hvis de er milde, blir v\u00e5ren kaldere. Men denne popul\u00e6re visdommen finner ikke n\u00f8dvendigvis direkte bekreftelse i italiensk meteorologisk statistikk.<\/p>\n<h2>Hva er de tre Blackbird-dagene og n\u00e5r faller de?<\/h2>\n<p>Blackbird Days er derfor ikke et ekte meteorologisk konsept: de er ett <strong>popul\u00e6r rituell tradisjon<\/strong> som i hovedsak assosierer slutten av den hardeste fasen av vinteren med slutten av januar, og tildeler de tre siste dagene i denne m\u00e5neden (29., 30. og 31. januar) vinterkuldens \u00abendelige slag\u00bb f\u00f8r sesongen g\u00e5r mot mer v\u00e5rlignende forhold.<\/p>\n<p>P\u00e5 noen m\u00e5ter er det derfor en analog av den s\u00e5kalte <strong>&laquo;Indisk sommer&raquo;<\/strong>som forbinder 11. november (Martinsdag) med en midlertidig stans av h\u00f8stkulda. Mens en periode med varme mellom de to f\u00f8rste ti\u00e5rene av november i Italia er et mer systematisk og lett gjenkjennelig fenomen i v\u00e6rstatistikken, finner imidlertid ikke Blackbird Days en direkte sammenligning med den faktiske meteorologiske dynamikken i denne perioden av \u00e5ret og b\u00f8r derfor forst\u00e5s mer som en <strong>folklore-fenomen<\/strong>trolig knyttet til et kollektivt behov for \u00e5 markere et \u00f8yeblikk som indikerer v\u00e5rens n\u00e6rme seg.<\/p>\n<h2>Opprinnelsen til legenden og betydningen av navnet<\/h2>\n<p>Symbolikken til svarttrosten som en v\u00e5rbebuder eksisterte allerede i gresk mytologi, spesielt i <strong>myten om Persephone<\/strong>. Underverdenens gud Hades, som ble forelsket i Persephone, kidnappet henne, tok henne med seg til underverdenen og tok henne bort fra moren Demeter. Takket v\u00e6re en intervensjon fra Zeus, Persephones far, ble det imidlertid oppn\u00e5dd en avtale mellom Hades og Demeter: Persephone ville v\u00e6re hos ham i seks m\u00e5neder av \u00e5ret, og med moren hennes i de andre seks m\u00e5nedene. Denne myten er faktisk en allegori over<strong>veksling av \u00e5rstider<\/strong> og i denne forstand symboliserer Persefones tilbakekomst v\u00e5rens ankomst. I den mytologiske historien kunngj\u00f8r Persephone at hun vender tilbake til Demeter ved \u00e5 sende buddyret sitt: et <strong>svarttrost<\/strong>. Denne fuglen er derfor forbundet med forventningen til den vakre \u00e5rstiden. Den greske myten ble deretter absorbert av latinsk kultur (som Persephone tok navnet p\u00e5 <strong>Proserpina<\/strong>), og derfra inn i italiensk kultur.<\/p>\n<p>N\u00e5r det er inng\u00e5tt i folklore, gir svarttrostsymbolet opphav til flere versjoner av \u00e9n <strong>legende<\/strong> som kobler denne fuglen til de tre siste dagene i januar. Den mest utbredte versjonen av denne legenden forteller om en svarttrost og ungene hennes, med hvit fj\u00e6rdrakt, som gjemte seg i en <strong>skorstein<\/strong> den 28. januar, for \u00e5 slippe unna vinterkulden. De ville da bli skitne med <strong>sot<\/strong> og n\u00e5r de f\u00f8rst ble utgitt 1. februar, ville de v\u00e6re helt svarte.<\/p>\n<p>I en annen versjon av legenden, den <strong>svarttrost<\/strong> (denne gangen alene) gjemmer seg i skorsteinen det meste av januar og kommer f\u00f8rst ut p\u00e5 slutten, og tenker at hun har klart \u00e5 unnslippe vinteren, spotter den og skryter. Vinteren tar det d\u00e5rlig, og for \u00e5 l\u00e6re det en lekse, ber han om \u00e5 f\u00e5 l\u00e5ne tre dager i februar, hvor den bringer tilbake kulde, sn\u00f8 og is.<\/p>\n<p>En annen historie er foresl\u00e5tt av <strong>Sebastiano Pauli<\/strong> i hans <em>Toskanske ordtak raffinert i sin opprinnelse<\/em> (1740) og har en kanon kalt &laquo;<strong>Merla<\/strong>Eierne m\u00e5tte vente til de siste dagene av januar for \u00e5 kunne transportere den fra den ene bredden av Po til den andre. Bare p\u00e5 det tidspunktet ville faktisk elva ha frosset p\u00e5 grunn av den iskalde kulden.<\/p>\n<p>En siste historie omhandler historien til to unge ektefeller, <strong>Blackbird<\/strong> <strong>og Merla<\/strong>tvunget til \u00e5 krysse Po for \u00e5 reise hjem. Igjen er det slutten av januar og elva er islagt. Dessverre i Merlos passasje gir hellen etter under vekten av den unge mannen som faller i vannet og d\u00f8r. Den unge bruden, som overlever, men er enke, gr\u00e5ter s\u00e5 mye at ropene hennes blir en del av elven. Det sies faktisk at det selv i dag er mulig \u00e5 h\u00f8re henne gr\u00e5te om nettene i slutten av januar.<\/p>\n<h2>Ordtaket om \u00e5rets kaldeste dager if\u00f8lge vitenskapen<\/h2>\n<p>I popul\u00e6rkulturen fungerer temperaturene p\u00e5 Blackbird Days som litt av en \u00abindikator\u00bb p\u00e5 hvor raskt v\u00e5ren kommer. Et velkjent ordtak knyttet til denne tiden av \u00e5ret sier faktisk det <strong>hvis Blackbird Days er kalde, vil v\u00e5ren v\u00e6re vakker og mild; hvis de er varme, kommer v\u00e5ren imidlertid sent og blir hard<\/strong>.<\/p>\n<p>Begrepsmessig faller dette inn i kategorien ordtak knyttet til<strong> v\u00e6rmeldinger basert p\u00e5 forventningssignaler<\/strong>litt s\u00e5nn \u00abForh\u00e5pentligvis godt v\u00e6r om kvelden\u00bb eller \u00abSauehimmel, regn i b\u00f8tter\u00bb. Selv om dette er ordtak om sp\u00e5dommer noen timer unna, og faktisk anses som p\u00e5litelige fra et vitenskapelig synspunkt, er det i tilfelle av Blackbird Days sv\u00e6rt vanskelig \u00e5 finne begrunnelse for en sp\u00e5dom gjort p\u00e5 s\u00e5 lang avstand. Det er faktisk vesentlig <strong>tilfeldig<\/strong> korreler temperaturene i slutten av januar med temperaturene i slutten av mars.<\/p>\n<h2>V\u00e6rstatistikk for Blackbird Days<\/h2>\n<p>I Italia er den kaldeste perioden av \u00e5ret ca <strong>fra 15. januar til 15. februar<\/strong>avhengig av omr\u00e5de og breddegrad. P\u00e5 en eller annen m\u00e5te \u00abmidler\u00bb tradisjonen med Blackbird Days derfor halv\u00f8yas klimatologi ved \u00e5 plassere kuldetoppen midt i denne perioden, det vil si i de tre siste dagene av januar.<\/p>\n<p>\u00c5rsaken til denne &laquo;spredningen&raquo; ligger i det faktum at <strong>Italia er omgitt av havet<\/strong>og dens klimatologiske effekter merkes mer i de s\u00f8rlige regionene enn i de nordlige. Faktisk er klimaet mer likt i nord <strong>kontinentale<\/strong>mens den fra Sentrum-S\u00f8r er mer <strong>maritime<\/strong>.<\/p>\n<p>Etter vintersolverv \u00f8ker solinnstr\u00e5lingen gradvis, b\u00e5de n\u00e5r det gjelder varmemottatt og d\u00f8gnets lengde. Dette i seg selv ville f\u00f8rt til en generell temperatur\u00f8kning, men det m\u00e5 vi ta hensyn til <strong>havet har enorm termisk treghet<\/strong>: i desember-februar inkorporerer den fortsatt en del av varmen som er akkumulert i l\u00f8pet av det varmeste semesteret, og n\u00e5r et termisk overflateminimum f\u00f8rst i februar-mars. Dette betyr at i januar har havet fortsatt en dempende effekt som p\u00e5virker klimatologien i S\u00f8r-Italia mer, hvor minimumstemperaturene har en tendens til \u00e5 bli registrert mer i februar enn i januar.<\/p>\n<p>Her er dataene <strong>MeteoExpert<\/strong> om ti\u00e5rene med minimumstemperaturer i de italienske makroomr\u00e5dene i den klimatologiske referanseperioden 1991-2020:<\/p>\n<ul>\n<li><strong>Nord-vest<\/strong>: andre-tredje ti dager i januar (gjennomsnittlig minimumstemperatur: 1,2 \u00b0C; gjennomsnittlig maksimumstemperatur: 8,3 \u00b0C);<\/li>\n<li><strong>Nord-\u00d8st<\/strong>: andre-tredje ti dager i januar (gjennomsnittlig minimumstemperatur: 0,9 \u00b0C; gjennomsnittlig maksimumstemperatur: 8,0 \u00b0C);<\/li>\n<li><strong>Senter<\/strong>: tredje ti dager i januar \u2013 f\u00f8rste februar (gjennomsnittlig minimumstemperatur: 3,0 \u00b0C; gjennomsnittlig maksimumstemperatur: 11,5 \u00b0C);<\/li>\n<li><strong>S\u00f8r<\/strong>: f\u00f8rste-andre ti dager i februar (gjennomsnittlig minimumstemperatur: 6,0 \u00b0C; gjennomsnittlig maksimumstemperatur: 13,2 \u00b0C);<\/li>\n<li><strong>Sardinia<\/strong>: f\u00f8rste-andre ti dager i februar (gjennomsnittlig minimumstemperatur: 7,7 \u00b0C; gjennomsnittlig maksimumstemperatur: 14,0 \u00b0C);<\/li>\n<li><strong>Sicilia<\/strong>: f\u00f8rste-andre ti dager i februar (gjennomsnittlig minimumstemperatur: 8,9 \u00b0C; gjennomsnittlig maksimumstemperatur: 14,8 \u00b0C).<\/li>\n<\/ul>\n<p>Kort sagt, hvis det er sant at Blackbird Days faktisk faller rundt perioden der minimumstemperaturene er registrert i Italia, <strong>Det er ikke sikkert at 29., 30. og 31. januar faktisk er de kaldeste dagene i \u00e5ret<\/strong>spesielt i S\u00f8r og p\u00e5 de st\u00f8rre \u00f8yene. Imidlertid ikke i hele Italia og ikke begrenset til bare disse tre dagene.<\/p>\n<\/p><\/div>\n","protected":false},"excerpt":{"rendered":"<p>Tradisjonelt, med &laquo;Svarttrostens dager&raquo; menes 29., 30. og 31. januarsom if\u00f8lge popul\u00e6r oppfatning ville v\u00e6re<\/p>\n","protected":false},"author":1,"featured_media":14237,"comment_status":"closed","ping_status":"open","sticky":false,"template":"","format":"standard","meta":{"footnotes":""},"categories":[26],"tags":[1190,9287],"class_list":["post-14236","post","type-post","status-publish","format-standard","has-post-thumbnail","hentry","category-miljo","tag-legende","tag-meteorologi","generate-columns","tablet-grid-50","mobile-grid-100","grid-parent","grid-33","resize-featured-image"],"yoast_head":"<!-- This site is optimized with the Yoast SEO plugin v24.4 - https:\/\/yoast.com\/wordpress\/plugins\/seo\/ -->\n<title>legende og meteorologi - Nordnesrepublikken<\/title>\n<meta name=\"robots\" content=\"index, follow, max-snippet:-1, max-image-preview:large, max-video-preview:-1\" \/>\n<link rel=\"canonical\" href=\"https:\/\/nordnesrepublikken.no\/index.php\/2026\/01\/26\/legende-og-meteorologi\/\" \/>\n<meta property=\"og:locale\" content=\"nb_NO\" \/>\n<meta property=\"og:type\" content=\"article\" \/>\n<meta property=\"og:title\" content=\"legende og meteorologi - Nordnesrepublikken\" \/>\n<meta property=\"og:description\" content=\"Tradisjonelt, med &laquo;Svarttrostens dager&raquo; menes 29., 30. og 31. januarsom if\u00f8lge popul\u00e6r oppfatning ville v\u00e6re\" \/>\n<meta property=\"og:url\" content=\"https:\/\/nordnesrepublikken.no\/index.php\/2026\/01\/26\/legende-og-meteorologi\/\" \/>\n<meta property=\"og:site_name\" content=\"Nordnesrepublikken\" \/>\n<meta property=\"article:published_time\" content=\"2026-01-26T09:49:43+00:00\" \/>\n<meta property=\"article:modified_time\" content=\"2026-01-26T09:49:45+00:00\" \/>\n<meta property=\"og:image\" content=\"https:\/\/nordnesrepublikken.no\/wp-content\/uploads\/2026\/01\/1769420984_legende-og-meteorologi.jpg\" \/>\n\t<meta property=\"og:image:width\" content=\"1280\" \/>\n\t<meta property=\"og:image:height\" content=\"720\" \/>\n\t<meta property=\"og:image:type\" content=\"image\/jpeg\" \/>\n<meta name=\"author\" content=\"Ole Andersen\" \/>\n<meta name=\"twitter:card\" content=\"summary_large_image\" \/>\n<meta name=\"twitter:label1\" content=\"Skrevet av\" \/>\n\t<meta name=\"twitter:data1\" content=\"Ole Andersen\" \/>\n\t<meta name=\"twitter:label2\" content=\"Ansl. lesetid\" \/>\n\t<meta name=\"twitter:data2\" content=\"6 minutter\" \/>\n<script type=\"application\/ld+json\" class=\"yoast-schema-graph\">{\"@context\":\"https:\/\/schema.org\",\"@graph\":[{\"@type\":\"Article\",\"@id\":\"https:\/\/nordnesrepublikken.no\/index.php\/2026\/01\/26\/legende-og-meteorologi\/#article\",\"isPartOf\":{\"@id\":\"https:\/\/nordnesrepublikken.no\/index.php\/2026\/01\/26\/legende-og-meteorologi\/\"},\"author\":{\"name\":\"Ole Andersen\",\"@id\":\"https:\/\/nordnesrepublikken.no\/#\/schema\/person\/2e7e81935bab77882fffb79296240ff1\"},\"headline\":\"legende og meteorologi\",\"datePublished\":\"2026-01-26T09:49:43+00:00\",\"dateModified\":\"2026-01-26T09:49:45+00:00\",\"mainEntityOfPage\":{\"@id\":\"https:\/\/nordnesrepublikken.no\/index.php\/2026\/01\/26\/legende-og-meteorologi\/\"},\"wordCount\":1241,\"publisher\":{\"@id\":\"https:\/\/nordnesrepublikken.no\/#organization\"},\"image\":{\"@id\":\"https:\/\/nordnesrepublikken.no\/index.php\/2026\/01\/26\/legende-og-meteorologi\/#primaryimage\"},\"thumbnailUrl\":\"https:\/\/nordnesrepublikken.no\/wp-content\/uploads\/2026\/01\/1769420984_legende-og-meteorologi.jpg\",\"keywords\":[\"legende\",\"meteorologi\"],\"articleSection\":[\"Milj\u00f8\"],\"inLanguage\":\"nb-NO\"},{\"@type\":\"WebPage\",\"@id\":\"https:\/\/nordnesrepublikken.no\/index.php\/2026\/01\/26\/legende-og-meteorologi\/\",\"url\":\"https:\/\/nordnesrepublikken.no\/index.php\/2026\/01\/26\/legende-og-meteorologi\/\",\"name\":\"legende og meteorologi - Nordnesrepublikken\",\"isPartOf\":{\"@id\":\"https:\/\/nordnesrepublikken.no\/#website\"},\"primaryImageOfPage\":{\"@id\":\"https:\/\/nordnesrepublikken.no\/index.php\/2026\/01\/26\/legende-og-meteorologi\/#primaryimage\"},\"image\":{\"@id\":\"https:\/\/nordnesrepublikken.no\/index.php\/2026\/01\/26\/legende-og-meteorologi\/#primaryimage\"},\"thumbnailUrl\":\"https:\/\/nordnesrepublikken.no\/wp-content\/uploads\/2026\/01\/1769420984_legende-og-meteorologi.jpg\",\"datePublished\":\"2026-01-26T09:49:43+00:00\",\"dateModified\":\"2026-01-26T09:49:45+00:00\",\"breadcrumb\":{\"@id\":\"https:\/\/nordnesrepublikken.no\/index.php\/2026\/01\/26\/legende-og-meteorologi\/#breadcrumb\"},\"inLanguage\":\"nb-NO\",\"potentialAction\":[{\"@type\":\"ReadAction\",\"target\":[\"https:\/\/nordnesrepublikken.no\/index.php\/2026\/01\/26\/legende-og-meteorologi\/\"]}]},{\"@type\":\"ImageObject\",\"inLanguage\":\"nb-NO\",\"@id\":\"https:\/\/nordnesrepublikken.no\/index.php\/2026\/01\/26\/legende-og-meteorologi\/#primaryimage\",\"url\":\"https:\/\/nordnesrepublikken.no\/wp-content\/uploads\/2026\/01\/1769420984_legende-og-meteorologi.jpg\",\"contentUrl\":\"https:\/\/nordnesrepublikken.no\/wp-content\/uploads\/2026\/01\/1769420984_legende-og-meteorologi.jpg\",\"width\":1280,\"height\":720,\"caption\":\"Thumb_giorni_merla\"},{\"@type\":\"BreadcrumbList\",\"@id\":\"https:\/\/nordnesrepublikken.no\/index.php\/2026\/01\/26\/legende-og-meteorologi\/#breadcrumb\",\"itemListElement\":[{\"@type\":\"ListItem\",\"position\":1,\"name\":\"Home\",\"item\":\"https:\/\/nordnesrepublikken.no\/\"},{\"@type\":\"ListItem\",\"position\":2,\"name\":\"legende og meteorologi\"}]},{\"@type\":\"WebSite\",\"@id\":\"https:\/\/nordnesrepublikken.no\/#website\",\"url\":\"https:\/\/nordnesrepublikken.no\/\",\"name\":\"Nordnesrepublikken\",\"description\":\"Stemmer og Visjoner fra Republikkens Hjerte\",\"publisher\":{\"@id\":\"https:\/\/nordnesrepublikken.no\/#organization\"},\"potentialAction\":[{\"@type\":\"SearchAction\",\"target\":{\"@type\":\"EntryPoint\",\"urlTemplate\":\"https:\/\/nordnesrepublikken.no\/?s={search_term_string}\"},\"query-input\":{\"@type\":\"PropertyValueSpecification\",\"valueRequired\":true,\"valueName\":\"search_term_string\"}}],\"inLanguage\":\"nb-NO\"},{\"@type\":\"Organization\",\"@id\":\"https:\/\/nordnesrepublikken.no\/#organization\",\"name\":\"Nordnesrepublikken\",\"url\":\"https:\/\/nordnesrepublikken.no\/\",\"logo\":{\"@type\":\"ImageObject\",\"inLanguage\":\"nb-NO\",\"@id\":\"https:\/\/nordnesrepublikken.no\/#\/schema\/logo\/image\/\",\"url\":\"https:\/\/nordnesrepublikken.no\/wp-content\/uploads\/2025\/02\/cropped-nordnesrepublikken-2.png\",\"contentUrl\":\"https:\/\/nordnesrepublikken.no\/wp-content\/uploads\/2025\/02\/cropped-nordnesrepublikken-2.png\",\"width\":1248,\"height\":362,\"caption\":\"Nordnesrepublikken\"},\"image\":{\"@id\":\"https:\/\/nordnesrepublikken.no\/#\/schema\/logo\/image\/\"}},{\"@type\":\"Person\",\"@id\":\"https:\/\/nordnesrepublikken.no\/#\/schema\/person\/2e7e81935bab77882fffb79296240ff1\",\"name\":\"Ole Andersen\",\"image\":{\"@type\":\"ImageObject\",\"inLanguage\":\"nb-NO\",\"@id\":\"https:\/\/nordnesrepublikken.no\/#\/schema\/person\/image\/\",\"url\":\"https:\/\/nordnesrepublikken.no\/wp-content\/uploads\/2025\/02\/nordnesrepublikken-2-2-150x150.jpg\",\"contentUrl\":\"https:\/\/nordnesrepublikken.no\/wp-content\/uploads\/2025\/02\/nordnesrepublikken-2-2-150x150.jpg\",\"caption\":\"Ole Andersen\"},\"description\":\"Ettersom jeg vokste opp i Oslo, har jeg alltid v\u00e6rt fascinert av ordenes kraft og deres evne til \u00e5 skape endringer. Etter \u00e5 ha fullf\u00f8rt min utdannelse i kommunikasjon ved Universitetet i Bergen, fikk jeg muligheten til \u00e5 jobbe innen ulike medier, der jeg har s\u00f8kt \u00e5 belyse viktige samfunnssp\u00f8rsm\u00e5l. I dag, som redakt\u00f8r for Nordnesrepublikken, pr\u00f8ver jeg \u00e5 forene min kj\u00e6rlighet for journalistikk med min lidenskap for innovasjon og eventyr.\",\"sameAs\":[\"https:\/\/nordnesrepublikken.no\/\"]}]}<\/script>\n<!-- \/ Yoast SEO plugin. -->","yoast_head_json":{"title":"legende og meteorologi - Nordnesrepublikken","robots":{"index":"index","follow":"follow","max-snippet":"max-snippet:-1","max-image-preview":"max-image-preview:large","max-video-preview":"max-video-preview:-1"},"canonical":"https:\/\/nordnesrepublikken.no\/index.php\/2026\/01\/26\/legende-og-meteorologi\/","og_locale":"nb_NO","og_type":"article","og_title":"legende og meteorologi - Nordnesrepublikken","og_description":"Tradisjonelt, med &laquo;Svarttrostens dager&raquo; menes 29., 30. og 31. januarsom if\u00f8lge popul\u00e6r oppfatning ville v\u00e6re","og_url":"https:\/\/nordnesrepublikken.no\/index.php\/2026\/01\/26\/legende-og-meteorologi\/","og_site_name":"Nordnesrepublikken","article_published_time":"2026-01-26T09:49:43+00:00","article_modified_time":"2026-01-26T09:49:45+00:00","og_image":[{"width":1280,"height":720,"url":"https:\/\/nordnesrepublikken.no\/wp-content\/uploads\/2026\/01\/1769420984_legende-og-meteorologi.jpg","type":"image\/jpeg"}],"author":"Ole Andersen","twitter_card":"summary_large_image","twitter_misc":{"Skrevet av":"Ole Andersen","Ansl. lesetid":"6 minutter"},"schema":{"@context":"https:\/\/schema.org","@graph":[{"@type":"Article","@id":"https:\/\/nordnesrepublikken.no\/index.php\/2026\/01\/26\/legende-og-meteorologi\/#article","isPartOf":{"@id":"https:\/\/nordnesrepublikken.no\/index.php\/2026\/01\/26\/legende-og-meteorologi\/"},"author":{"name":"Ole Andersen","@id":"https:\/\/nordnesrepublikken.no\/#\/schema\/person\/2e7e81935bab77882fffb79296240ff1"},"headline":"legende og meteorologi","datePublished":"2026-01-26T09:49:43+00:00","dateModified":"2026-01-26T09:49:45+00:00","mainEntityOfPage":{"@id":"https:\/\/nordnesrepublikken.no\/index.php\/2026\/01\/26\/legende-og-meteorologi\/"},"wordCount":1241,"publisher":{"@id":"https:\/\/nordnesrepublikken.no\/#organization"},"image":{"@id":"https:\/\/nordnesrepublikken.no\/index.php\/2026\/01\/26\/legende-og-meteorologi\/#primaryimage"},"thumbnailUrl":"https:\/\/nordnesrepublikken.no\/wp-content\/uploads\/2026\/01\/1769420984_legende-og-meteorologi.jpg","keywords":["legende","meteorologi"],"articleSection":["Milj\u00f8"],"inLanguage":"nb-NO"},{"@type":"WebPage","@id":"https:\/\/nordnesrepublikken.no\/index.php\/2026\/01\/26\/legende-og-meteorologi\/","url":"https:\/\/nordnesrepublikken.no\/index.php\/2026\/01\/26\/legende-og-meteorologi\/","name":"legende og meteorologi - Nordnesrepublikken","isPartOf":{"@id":"https:\/\/nordnesrepublikken.no\/#website"},"primaryImageOfPage":{"@id":"https:\/\/nordnesrepublikken.no\/index.php\/2026\/01\/26\/legende-og-meteorologi\/#primaryimage"},"image":{"@id":"https:\/\/nordnesrepublikken.no\/index.php\/2026\/01\/26\/legende-og-meteorologi\/#primaryimage"},"thumbnailUrl":"https:\/\/nordnesrepublikken.no\/wp-content\/uploads\/2026\/01\/1769420984_legende-og-meteorologi.jpg","datePublished":"2026-01-26T09:49:43+00:00","dateModified":"2026-01-26T09:49:45+00:00","breadcrumb":{"@id":"https:\/\/nordnesrepublikken.no\/index.php\/2026\/01\/26\/legende-og-meteorologi\/#breadcrumb"},"inLanguage":"nb-NO","potentialAction":[{"@type":"ReadAction","target":["https:\/\/nordnesrepublikken.no\/index.php\/2026\/01\/26\/legende-og-meteorologi\/"]}]},{"@type":"ImageObject","inLanguage":"nb-NO","@id":"https:\/\/nordnesrepublikken.no\/index.php\/2026\/01\/26\/legende-og-meteorologi\/#primaryimage","url":"https:\/\/nordnesrepublikken.no\/wp-content\/uploads\/2026\/01\/1769420984_legende-og-meteorologi.jpg","contentUrl":"https:\/\/nordnesrepublikken.no\/wp-content\/uploads\/2026\/01\/1769420984_legende-og-meteorologi.jpg","width":1280,"height":720,"caption":"Thumb_giorni_merla"},{"@type":"BreadcrumbList","@id":"https:\/\/nordnesrepublikken.no\/index.php\/2026\/01\/26\/legende-og-meteorologi\/#breadcrumb","itemListElement":[{"@type":"ListItem","position":1,"name":"Home","item":"https:\/\/nordnesrepublikken.no\/"},{"@type":"ListItem","position":2,"name":"legende og meteorologi"}]},{"@type":"WebSite","@id":"https:\/\/nordnesrepublikken.no\/#website","url":"https:\/\/nordnesrepublikken.no\/","name":"Nordnesrepublikken","description":"Stemmer og Visjoner fra Republikkens Hjerte","publisher":{"@id":"https:\/\/nordnesrepublikken.no\/#organization"},"potentialAction":[{"@type":"SearchAction","target":{"@type":"EntryPoint","urlTemplate":"https:\/\/nordnesrepublikken.no\/?s={search_term_string}"},"query-input":{"@type":"PropertyValueSpecification","valueRequired":true,"valueName":"search_term_string"}}],"inLanguage":"nb-NO"},{"@type":"Organization","@id":"https:\/\/nordnesrepublikken.no\/#organization","name":"Nordnesrepublikken","url":"https:\/\/nordnesrepublikken.no\/","logo":{"@type":"ImageObject","inLanguage":"nb-NO","@id":"https:\/\/nordnesrepublikken.no\/#\/schema\/logo\/image\/","url":"https:\/\/nordnesrepublikken.no\/wp-content\/uploads\/2025\/02\/cropped-nordnesrepublikken-2.png","contentUrl":"https:\/\/nordnesrepublikken.no\/wp-content\/uploads\/2025\/02\/cropped-nordnesrepublikken-2.png","width":1248,"height":362,"caption":"Nordnesrepublikken"},"image":{"@id":"https:\/\/nordnesrepublikken.no\/#\/schema\/logo\/image\/"}},{"@type":"Person","@id":"https:\/\/nordnesrepublikken.no\/#\/schema\/person\/2e7e81935bab77882fffb79296240ff1","name":"Ole Andersen","image":{"@type":"ImageObject","inLanguage":"nb-NO","@id":"https:\/\/nordnesrepublikken.no\/#\/schema\/person\/image\/","url":"https:\/\/nordnesrepublikken.no\/wp-content\/uploads\/2025\/02\/nordnesrepublikken-2-2-150x150.jpg","contentUrl":"https:\/\/nordnesrepublikken.no\/wp-content\/uploads\/2025\/02\/nordnesrepublikken-2-2-150x150.jpg","caption":"Ole Andersen"},"description":"Ettersom jeg vokste opp i Oslo, har jeg alltid v\u00e6rt fascinert av ordenes kraft og deres evne til \u00e5 skape endringer. Etter \u00e5 ha fullf\u00f8rt min utdannelse i kommunikasjon ved Universitetet i Bergen, fikk jeg muligheten til \u00e5 jobbe innen ulike medier, der jeg har s\u00f8kt \u00e5 belyse viktige samfunnssp\u00f8rsm\u00e5l. I dag, som redakt\u00f8r for Nordnesrepublikken, pr\u00f8ver jeg \u00e5 forene min kj\u00e6rlighet for journalistikk med min lidenskap for innovasjon og eventyr.","sameAs":["https:\/\/nordnesrepublikken.no\/"]}]}},"_links":{"self":[{"href":"https:\/\/nordnesrepublikken.no\/index.php\/wp-json\/wp\/v2\/posts\/14236","targetHints":{"allow":["GET"]}}],"collection":[{"href":"https:\/\/nordnesrepublikken.no\/index.php\/wp-json\/wp\/v2\/posts"}],"about":[{"href":"https:\/\/nordnesrepublikken.no\/index.php\/wp-json\/wp\/v2\/types\/post"}],"author":[{"embeddable":true,"href":"https:\/\/nordnesrepublikken.no\/index.php\/wp-json\/wp\/v2\/users\/1"}],"replies":[{"embeddable":true,"href":"https:\/\/nordnesrepublikken.no\/index.php\/wp-json\/wp\/v2\/comments?post=14236"}],"version-history":[{"count":1,"href":"https:\/\/nordnesrepublikken.no\/index.php\/wp-json\/wp\/v2\/posts\/14236\/revisions"}],"predecessor-version":[{"id":14238,"href":"https:\/\/nordnesrepublikken.no\/index.php\/wp-json\/wp\/v2\/posts\/14236\/revisions\/14238"}],"wp:featuredmedia":[{"embeddable":true,"href":"https:\/\/nordnesrepublikken.no\/index.php\/wp-json\/wp\/v2\/media\/14237"}],"wp:attachment":[{"href":"https:\/\/nordnesrepublikken.no\/index.php\/wp-json\/wp\/v2\/media?parent=14236"}],"wp:term":[{"taxonomy":"category","embeddable":true,"href":"https:\/\/nordnesrepublikken.no\/index.php\/wp-json\/wp\/v2\/categories?post=14236"},{"taxonomy":"post_tag","embeddable":true,"href":"https:\/\/nordnesrepublikken.no\/index.php\/wp-json\/wp\/v2\/tags?post=14236"}],"curies":[{"name":"wp","href":"https:\/\/api.w.org\/{rel}","templated":true}]}}