{"id":14218,"date":"2026-01-25T22:50:51","date_gmt":"2026-01-25T21:50:51","guid":{"rendered":"https:\/\/nordnesrepublikken.no\/index.php\/2026\/01\/25\/den-siste-delen-av-torr-januar-har-du-gitt-opp-enna\/"},"modified":"2026-01-25T22:50:53","modified_gmt":"2026-01-25T21:50:53","slug":"den-siste-delen-av-torr-januar-har-du-gitt-opp-enna","status":"publish","type":"post","link":"https:\/\/nordnesrepublikken.no\/index.php\/2026\/01\/25\/den-siste-delen-av-torr-januar-har-du-gitt-opp-enna\/","title":{"rendered":"Den siste delen av t\u00f8rr januar: Har du gitt opp enn\u00e5?"},"content":{"rendered":"<p><\/p>\n<div class=\"wordpress-content\">\n                    <!-- Article Start --><\/p>\n<p>Som <strong>T\u00f8rr januar<\/strong> g\u00e5r inn i sine siste dager, rapporterer mange deltakere at dette er det t\u00f8ffeste punktet i utfordringen. Motivasjonen faller, sosialt press kommer tilbake, og fristelsen til \u00e5 avslutte pausen vokser.<\/p>\n<p>Medisinsk forskning og offisielle kampanjedata tyder p\u00e5 at \u00e5 fullf\u00f8re hele 31 dager er knyttet til klarere helsefordeler og langsiktige endringer i drikkevaner.<\/p>\n<p>Dry January ble lansert i 2013 av Alcohol Change UK, og oppmuntret folk til \u00e5 avst\u00e5 fra alkohol i januar m\u00e5ned som en m\u00e5te \u00e5 revurdere forholdet til drikking.<\/p>\n<div class=\"sra_unit\"><link rel=\"stylesheet\" id=\"block-sra\" href=\"https:\/\/euroweeklynews.com\/wp-content\/plugins\/snack-related-articles\/dist\/css\/snack-related.min.css?250312-193541\" type=\"text\/css\" media=\"all\">\n<\/div>\n<h2><strong>Hvor mange deltar i Dry January?<\/strong><\/h2>\n<p>T\u00f8rr januar har vokst betydelig siden den begynte. I f\u00f8lge Alcohol Change UK, meldte rundt 200 000 mennesker over hele verden seg formelt p\u00e5 utfordringen i januar 2025, med mange flere som valgte \u00e5 delta uformelt uten \u00e5 registrere seg.<\/p>\n<p>Separat meningsm\u00e5ling fra Alcohol Change UK fant at rundt 17,5 millioner britiske voksne planla \u00e5 ta en pause fra alkohol i januar 2026, enten ved \u00e5 avst\u00e5 fullstendig eller redusere inntaket betydelig.<\/p>\n<h2><strong>Hva forskning sier om \u00e5 fullf\u00f8re hele m\u00e5neden t\u00f8rr januar<\/strong><\/h2>\n<p>En systematisk oversikt publisert i det fagfellevurderte tidsskriftet <em>Alkohol og alkoholisme<\/em> analyserte data fra mer enn 150 000 deltakere i t\u00f8rr januar p\u00e5 tvers av 16 studier. Forskere fant at det \u00e5 avst\u00e5 fra alkohol i \u00e9n m\u00e5ned var assosiert med m\u00e5lbare forbedringer i b\u00e5de fysisk og psykisk helse.<\/p>\n<p>Rapporterte fordeler inkluderte:<\/p>\n<ul>\n<li>Forbedret s\u00f8vnkvalitet<\/li>\n<li>Bedre hum\u00f8r og mental klarhet<\/li>\n<li>\u00d8kt energiniv\u00e5<\/li>\n<li>Vekttap<\/li>\n<li>Forbedret leverfunksjon og blodtrykk<\/li>\n<\/ul>\n<p>Forskere bemerket at disse forbedringene vanligvis ble mer merkbare etter uke tre og fire med alkoholavholdenhet.<\/p>\n<h2><strong>Bevis fra Alcohol Change UK-deltakere<\/strong><\/h2>\n<p>Alcohol Change UK har ogs\u00e5 publisert unders\u00f8kelsesdata fra tusenvis av Dry January-deltakere, som viser konsekvente selvrapporterte fordeler blant de som fullf\u00f8rte utfordringen. Disse inkluderer:<\/p>\n<ul>\n<li>70 prosent rapporterer om bedre s\u00f8vn<\/li>\n<li>66 prosent rapporterte \u00f8kt energi<\/li>\n<li>54 prosent rapporterte vekttap<\/li>\n<li>81 prosent f\u00f8ler seg mer i kontroll over drikkingen<\/li>\n<\/ul>\n<p>Viktigere, oppf\u00f8lgingsstudier sitert av veldedige organisasjoner indikerer at mange deltakere fortsetter \u00e5 drikke mindre seks m\u00e5neder etter at t\u00f8rr januar slutter, noe som tyder p\u00e5 at \u00e5 fullf\u00f8re m\u00e5neden kan bidra til \u00e5 st\u00f8tte langsiktig atferdsendring.<\/p>\n<h2><strong>Hvorfor de siste dagene av t\u00f8rr januar f\u00f8les hardest<\/strong><\/h2>\n<p>Eksperter sier at vanskeligheten med den siste strekningen ofte er sosial snarere enn fysisk. Analyse publisert av <em>FoodBev<\/em> konstaterer at mange deltakere sliter mest med alkoholsentrerte sosiale situasjoner, som middager, feiringer og jobbarrangementer, i stedet for med selve abstinensen.<\/p>\n<p>Dette har bidratt til \u00f8kende ettersp\u00f8rsel etter alkoholfrie \u00f8l og viner som lar folk opprettholde sosiale rutiner samtidig som de unng\u00e5r alkohol.<\/p>\n<p>Se alle helsenyheter.<\/p>\n<p>                    <!-- Originally published at https:\/\/euroweeklynews.com\/2026\/01\/25\/the-final-stretch-of-dry-january-have-you-given-up-yet\/ on 25 Jan 2026 at 21:22 by Letara Draghia --><br \/>\n                    <!-- Article End -->\n                <\/div>\n","protected":false},"excerpt":{"rendered":"<p>Som T\u00f8rr januar g\u00e5r inn i sine siste dager, rapporterer mange deltakere at dette er<\/p>\n","protected":false},"author":1,"featured_media":14219,"comment_status":"closed","ping_status":"open","sticky":false,"template":"","format":"standard","meta":{"footnotes":""},"categories":[105],"tags":[9277,74,4445,458,179,6317,283,779,8727],"class_list":["post-14218","post","type-post","status-publish","format-standard","has-post-thumbnail","hentry","category-livsstil","tag-delen","tag-den","tag-enna","tag-gitt","tag-har","tag-januar","tag-opp","tag-siste","tag-torr","generate-columns","tablet-grid-50","mobile-grid-100","grid-parent","grid-33","resize-featured-image"],"yoast_head":"<!-- This site is optimized with the Yoast SEO plugin v24.4 - https:\/\/yoast.com\/wordpress\/plugins\/seo\/ -->\n<title>Den siste delen av t\u00f8rr januar: Har du gitt opp enn\u00e5? - Nordnesrepublikken<\/title>\n<meta name=\"robots\" content=\"index, follow, max-snippet:-1, max-image-preview:large, max-video-preview:-1\" \/>\n<link rel=\"canonical\" href=\"https:\/\/nordnesrepublikken.no\/index.php\/2026\/01\/25\/den-siste-delen-av-torr-januar-har-du-gitt-opp-enna\/\" \/>\n<meta property=\"og:locale\" content=\"nb_NO\" \/>\n<meta property=\"og:type\" content=\"article\" \/>\n<meta property=\"og:title\" content=\"Den siste delen av t\u00f8rr januar: Har du gitt opp enn\u00e5? - Nordnesrepublikken\" \/>\n<meta property=\"og:description\" content=\"Som T\u00f8rr januar g\u00e5r inn i sine siste dager, rapporterer mange deltakere at dette er\" \/>\n<meta property=\"og:url\" content=\"https:\/\/nordnesrepublikken.no\/index.php\/2026\/01\/25\/den-siste-delen-av-torr-januar-har-du-gitt-opp-enna\/\" \/>\n<meta property=\"og:site_name\" content=\"Nordnesrepublikken\" \/>\n<meta property=\"article:published_time\" content=\"2026-01-25T21:50:51+00:00\" \/>\n<meta property=\"article:modified_time\" content=\"2026-01-25T21:50:53+00:00\" \/>\n<meta property=\"og:image\" content=\"https:\/\/nordnesrepublikken.no\/wp-content\/uploads\/2026\/01\/1769377852_Den-siste-delen-av-torr-januar-Har-du-gitt-opp.jpg\" \/>\n\t<meta property=\"og:image:width\" content=\"1200\" \/>\n\t<meta property=\"og:image:height\" content=\"800\" \/>\n\t<meta property=\"og:image:type\" content=\"image\/jpeg\" \/>\n<meta name=\"author\" content=\"Ole Andersen\" \/>\n<meta name=\"twitter:card\" content=\"summary_large_image\" \/>\n<meta name=\"twitter:label1\" content=\"Skrevet av\" \/>\n\t<meta name=\"twitter:data1\" content=\"Ole Andersen\" \/>\n\t<meta name=\"twitter:label2\" content=\"Ansl. lesetid\" \/>\n\t<meta name=\"twitter:data2\" content=\"2 minutter\" \/>\n<script type=\"application\/ld+json\" class=\"yoast-schema-graph\">{\"@context\":\"https:\/\/schema.org\",\"@graph\":[{\"@type\":\"Article\",\"@id\":\"https:\/\/nordnesrepublikken.no\/index.php\/2026\/01\/25\/den-siste-delen-av-torr-januar-har-du-gitt-opp-enna\/#article\",\"isPartOf\":{\"@id\":\"https:\/\/nordnesrepublikken.no\/index.php\/2026\/01\/25\/den-siste-delen-av-torr-januar-har-du-gitt-opp-enna\/\"},\"author\":{\"name\":\"Ole Andersen\",\"@id\":\"https:\/\/nordnesrepublikken.no\/#\/schema\/person\/2e7e81935bab77882fffb79296240ff1\"},\"headline\":\"Den siste delen av t\u00f8rr januar: Har du gitt opp enn\u00e5?\",\"datePublished\":\"2026-01-25T21:50:51+00:00\",\"dateModified\":\"2026-01-25T21:50:53+00:00\",\"mainEntityOfPage\":{\"@id\":\"https:\/\/nordnesrepublikken.no\/index.php\/2026\/01\/25\/den-siste-delen-av-torr-januar-har-du-gitt-opp-enna\/\"},\"wordCount\":434,\"publisher\":{\"@id\":\"https:\/\/nordnesrepublikken.no\/#organization\"},\"image\":{\"@id\":\"https:\/\/nordnesrepublikken.no\/index.php\/2026\/01\/25\/den-siste-delen-av-torr-januar-har-du-gitt-opp-enna\/#primaryimage\"},\"thumbnailUrl\":\"https:\/\/nordnesrepublikken.no\/wp-content\/uploads\/2026\/01\/1769377852_Den-siste-delen-av-torr-januar-Har-du-gitt-opp.jpg\",\"keywords\":[\"delen\",\"den\",\"enn\u00e5\",\"gitt\",\"har\",\"januar\",\"opp\",\"siste\",\"t\u00f8rr\"],\"articleSection\":[\"Livsstil\"],\"inLanguage\":\"nb-NO\"},{\"@type\":\"WebPage\",\"@id\":\"https:\/\/nordnesrepublikken.no\/index.php\/2026\/01\/25\/den-siste-delen-av-torr-januar-har-du-gitt-opp-enna\/\",\"url\":\"https:\/\/nordnesrepublikken.no\/index.php\/2026\/01\/25\/den-siste-delen-av-torr-januar-har-du-gitt-opp-enna\/\",\"name\":\"Den siste delen av t\u00f8rr januar: Har du gitt opp enn\u00e5? - Nordnesrepublikken\",\"isPartOf\":{\"@id\":\"https:\/\/nordnesrepublikken.no\/#website\"},\"primaryImageOfPage\":{\"@id\":\"https:\/\/nordnesrepublikken.no\/index.php\/2026\/01\/25\/den-siste-delen-av-torr-januar-har-du-gitt-opp-enna\/#primaryimage\"},\"image\":{\"@id\":\"https:\/\/nordnesrepublikken.no\/index.php\/2026\/01\/25\/den-siste-delen-av-torr-januar-har-du-gitt-opp-enna\/#primaryimage\"},\"thumbnailUrl\":\"https:\/\/nordnesrepublikken.no\/wp-content\/uploads\/2026\/01\/1769377852_Den-siste-delen-av-torr-januar-Har-du-gitt-opp.jpg\",\"datePublished\":\"2026-01-25T21:50:51+00:00\",\"dateModified\":\"2026-01-25T21:50:53+00:00\",\"breadcrumb\":{\"@id\":\"https:\/\/nordnesrepublikken.no\/index.php\/2026\/01\/25\/den-siste-delen-av-torr-januar-har-du-gitt-opp-enna\/#breadcrumb\"},\"inLanguage\":\"nb-NO\",\"potentialAction\":[{\"@type\":\"ReadAction\",\"target\":[\"https:\/\/nordnesrepublikken.no\/index.php\/2026\/01\/25\/den-siste-delen-av-torr-januar-har-du-gitt-opp-enna\/\"]}]},{\"@type\":\"ImageObject\",\"inLanguage\":\"nb-NO\",\"@id\":\"https:\/\/nordnesrepublikken.no\/index.php\/2026\/01\/25\/den-siste-delen-av-torr-januar-har-du-gitt-opp-enna\/#primaryimage\",\"url\":\"https:\/\/nordnesrepublikken.no\/wp-content\/uploads\/2026\/01\/1769377852_Den-siste-delen-av-torr-januar-Har-du-gitt-opp.jpg\",\"contentUrl\":\"https:\/\/nordnesrepublikken.no\/wp-content\/uploads\/2026\/01\/1769377852_Den-siste-delen-av-torr-januar-Har-du-gitt-opp.jpg\",\"width\":1200,\"height\":800,\"caption\":\"Den siste delen av t\u00f8rr januar: Har du gitt opp enn\u00e5?\"},{\"@type\":\"BreadcrumbList\",\"@id\":\"https:\/\/nordnesrepublikken.no\/index.php\/2026\/01\/25\/den-siste-delen-av-torr-januar-har-du-gitt-opp-enna\/#breadcrumb\",\"itemListElement\":[{\"@type\":\"ListItem\",\"position\":1,\"name\":\"Home\",\"item\":\"https:\/\/nordnesrepublikken.no\/\"},{\"@type\":\"ListItem\",\"position\":2,\"name\":\"Den siste delen av t\u00f8rr januar: Har du gitt opp enn\u00e5?\"}]},{\"@type\":\"WebSite\",\"@id\":\"https:\/\/nordnesrepublikken.no\/#website\",\"url\":\"https:\/\/nordnesrepublikken.no\/\",\"name\":\"Nordnesrepublikken\",\"description\":\"Stemmer og Visjoner fra Republikkens Hjerte\",\"publisher\":{\"@id\":\"https:\/\/nordnesrepublikken.no\/#organization\"},\"potentialAction\":[{\"@type\":\"SearchAction\",\"target\":{\"@type\":\"EntryPoint\",\"urlTemplate\":\"https:\/\/nordnesrepublikken.no\/?s={search_term_string}\"},\"query-input\":{\"@type\":\"PropertyValueSpecification\",\"valueRequired\":true,\"valueName\":\"search_term_string\"}}],\"inLanguage\":\"nb-NO\"},{\"@type\":\"Organization\",\"@id\":\"https:\/\/nordnesrepublikken.no\/#organization\",\"name\":\"Nordnesrepublikken\",\"url\":\"https:\/\/nordnesrepublikken.no\/\",\"logo\":{\"@type\":\"ImageObject\",\"inLanguage\":\"nb-NO\",\"@id\":\"https:\/\/nordnesrepublikken.no\/#\/schema\/logo\/image\/\",\"url\":\"https:\/\/nordnesrepublikken.no\/wp-content\/uploads\/2025\/02\/cropped-nordnesrepublikken-2.png\",\"contentUrl\":\"https:\/\/nordnesrepublikken.no\/wp-content\/uploads\/2025\/02\/cropped-nordnesrepublikken-2.png\",\"width\":1248,\"height\":362,\"caption\":\"Nordnesrepublikken\"},\"image\":{\"@id\":\"https:\/\/nordnesrepublikken.no\/#\/schema\/logo\/image\/\"}},{\"@type\":\"Person\",\"@id\":\"https:\/\/nordnesrepublikken.no\/#\/schema\/person\/2e7e81935bab77882fffb79296240ff1\",\"name\":\"Ole Andersen\",\"image\":{\"@type\":\"ImageObject\",\"inLanguage\":\"nb-NO\",\"@id\":\"https:\/\/nordnesrepublikken.no\/#\/schema\/person\/image\/\",\"url\":\"https:\/\/nordnesrepublikken.no\/wp-content\/uploads\/2025\/02\/nordnesrepublikken-2-2-150x150.jpg\",\"contentUrl\":\"https:\/\/nordnesrepublikken.no\/wp-content\/uploads\/2025\/02\/nordnesrepublikken-2-2-150x150.jpg\",\"caption\":\"Ole Andersen\"},\"description\":\"Ettersom jeg vokste opp i Oslo, har jeg alltid v\u00e6rt fascinert av ordenes kraft og deres evne til \u00e5 skape endringer. Etter \u00e5 ha fullf\u00f8rt min utdannelse i kommunikasjon ved Universitetet i Bergen, fikk jeg muligheten til \u00e5 jobbe innen ulike medier, der jeg har s\u00f8kt \u00e5 belyse viktige samfunnssp\u00f8rsm\u00e5l. I dag, som redakt\u00f8r for Nordnesrepublikken, pr\u00f8ver jeg \u00e5 forene min kj\u00e6rlighet for journalistikk med min lidenskap for innovasjon og eventyr.\",\"sameAs\":[\"https:\/\/nordnesrepublikken.no\/\"]}]}<\/script>\n<!-- \/ Yoast SEO plugin. -->","yoast_head_json":{"title":"Den siste delen av t\u00f8rr januar: Har du gitt opp enn\u00e5? - Nordnesrepublikken","robots":{"index":"index","follow":"follow","max-snippet":"max-snippet:-1","max-image-preview":"max-image-preview:large","max-video-preview":"max-video-preview:-1"},"canonical":"https:\/\/nordnesrepublikken.no\/index.php\/2026\/01\/25\/den-siste-delen-av-torr-januar-har-du-gitt-opp-enna\/","og_locale":"nb_NO","og_type":"article","og_title":"Den siste delen av t\u00f8rr januar: Har du gitt opp enn\u00e5? - Nordnesrepublikken","og_description":"Som T\u00f8rr januar g\u00e5r inn i sine siste dager, rapporterer mange deltakere at dette er","og_url":"https:\/\/nordnesrepublikken.no\/index.php\/2026\/01\/25\/den-siste-delen-av-torr-januar-har-du-gitt-opp-enna\/","og_site_name":"Nordnesrepublikken","article_published_time":"2026-01-25T21:50:51+00:00","article_modified_time":"2026-01-25T21:50:53+00:00","og_image":[{"width":1200,"height":800,"url":"https:\/\/nordnesrepublikken.no\/wp-content\/uploads\/2026\/01\/1769377852_Den-siste-delen-av-torr-januar-Har-du-gitt-opp.jpg","type":"image\/jpeg"}],"author":"Ole Andersen","twitter_card":"summary_large_image","twitter_misc":{"Skrevet av":"Ole Andersen","Ansl. lesetid":"2 minutter"},"schema":{"@context":"https:\/\/schema.org","@graph":[{"@type":"Article","@id":"https:\/\/nordnesrepublikken.no\/index.php\/2026\/01\/25\/den-siste-delen-av-torr-januar-har-du-gitt-opp-enna\/#article","isPartOf":{"@id":"https:\/\/nordnesrepublikken.no\/index.php\/2026\/01\/25\/den-siste-delen-av-torr-januar-har-du-gitt-opp-enna\/"},"author":{"name":"Ole Andersen","@id":"https:\/\/nordnesrepublikken.no\/#\/schema\/person\/2e7e81935bab77882fffb79296240ff1"},"headline":"Den siste delen av t\u00f8rr januar: Har du gitt opp enn\u00e5?","datePublished":"2026-01-25T21:50:51+00:00","dateModified":"2026-01-25T21:50:53+00:00","mainEntityOfPage":{"@id":"https:\/\/nordnesrepublikken.no\/index.php\/2026\/01\/25\/den-siste-delen-av-torr-januar-har-du-gitt-opp-enna\/"},"wordCount":434,"publisher":{"@id":"https:\/\/nordnesrepublikken.no\/#organization"},"image":{"@id":"https:\/\/nordnesrepublikken.no\/index.php\/2026\/01\/25\/den-siste-delen-av-torr-januar-har-du-gitt-opp-enna\/#primaryimage"},"thumbnailUrl":"https:\/\/nordnesrepublikken.no\/wp-content\/uploads\/2026\/01\/1769377852_Den-siste-delen-av-torr-januar-Har-du-gitt-opp.jpg","keywords":["delen","den","enn\u00e5","gitt","har","januar","opp","siste","t\u00f8rr"],"articleSection":["Livsstil"],"inLanguage":"nb-NO"},{"@type":"WebPage","@id":"https:\/\/nordnesrepublikken.no\/index.php\/2026\/01\/25\/den-siste-delen-av-torr-januar-har-du-gitt-opp-enna\/","url":"https:\/\/nordnesrepublikken.no\/index.php\/2026\/01\/25\/den-siste-delen-av-torr-januar-har-du-gitt-opp-enna\/","name":"Den siste delen av t\u00f8rr januar: Har du gitt opp enn\u00e5? - Nordnesrepublikken","isPartOf":{"@id":"https:\/\/nordnesrepublikken.no\/#website"},"primaryImageOfPage":{"@id":"https:\/\/nordnesrepublikken.no\/index.php\/2026\/01\/25\/den-siste-delen-av-torr-januar-har-du-gitt-opp-enna\/#primaryimage"},"image":{"@id":"https:\/\/nordnesrepublikken.no\/index.php\/2026\/01\/25\/den-siste-delen-av-torr-januar-har-du-gitt-opp-enna\/#primaryimage"},"thumbnailUrl":"https:\/\/nordnesrepublikken.no\/wp-content\/uploads\/2026\/01\/1769377852_Den-siste-delen-av-torr-januar-Har-du-gitt-opp.jpg","datePublished":"2026-01-25T21:50:51+00:00","dateModified":"2026-01-25T21:50:53+00:00","breadcrumb":{"@id":"https:\/\/nordnesrepublikken.no\/index.php\/2026\/01\/25\/den-siste-delen-av-torr-januar-har-du-gitt-opp-enna\/#breadcrumb"},"inLanguage":"nb-NO","potentialAction":[{"@type":"ReadAction","target":["https:\/\/nordnesrepublikken.no\/index.php\/2026\/01\/25\/den-siste-delen-av-torr-januar-har-du-gitt-opp-enna\/"]}]},{"@type":"ImageObject","inLanguage":"nb-NO","@id":"https:\/\/nordnesrepublikken.no\/index.php\/2026\/01\/25\/den-siste-delen-av-torr-januar-har-du-gitt-opp-enna\/#primaryimage","url":"https:\/\/nordnesrepublikken.no\/wp-content\/uploads\/2026\/01\/1769377852_Den-siste-delen-av-torr-januar-Har-du-gitt-opp.jpg","contentUrl":"https:\/\/nordnesrepublikken.no\/wp-content\/uploads\/2026\/01\/1769377852_Den-siste-delen-av-torr-januar-Har-du-gitt-opp.jpg","width":1200,"height":800,"caption":"Den siste delen av t\u00f8rr januar: Har du gitt opp enn\u00e5?"},{"@type":"BreadcrumbList","@id":"https:\/\/nordnesrepublikken.no\/index.php\/2026\/01\/25\/den-siste-delen-av-torr-januar-har-du-gitt-opp-enna\/#breadcrumb","itemListElement":[{"@type":"ListItem","position":1,"name":"Home","item":"https:\/\/nordnesrepublikken.no\/"},{"@type":"ListItem","position":2,"name":"Den siste delen av t\u00f8rr januar: Har du gitt opp enn\u00e5?"}]},{"@type":"WebSite","@id":"https:\/\/nordnesrepublikken.no\/#website","url":"https:\/\/nordnesrepublikken.no\/","name":"Nordnesrepublikken","description":"Stemmer og Visjoner fra Republikkens Hjerte","publisher":{"@id":"https:\/\/nordnesrepublikken.no\/#organization"},"potentialAction":[{"@type":"SearchAction","target":{"@type":"EntryPoint","urlTemplate":"https:\/\/nordnesrepublikken.no\/?s={search_term_string}"},"query-input":{"@type":"PropertyValueSpecification","valueRequired":true,"valueName":"search_term_string"}}],"inLanguage":"nb-NO"},{"@type":"Organization","@id":"https:\/\/nordnesrepublikken.no\/#organization","name":"Nordnesrepublikken","url":"https:\/\/nordnesrepublikken.no\/","logo":{"@type":"ImageObject","inLanguage":"nb-NO","@id":"https:\/\/nordnesrepublikken.no\/#\/schema\/logo\/image\/","url":"https:\/\/nordnesrepublikken.no\/wp-content\/uploads\/2025\/02\/cropped-nordnesrepublikken-2.png","contentUrl":"https:\/\/nordnesrepublikken.no\/wp-content\/uploads\/2025\/02\/cropped-nordnesrepublikken-2.png","width":1248,"height":362,"caption":"Nordnesrepublikken"},"image":{"@id":"https:\/\/nordnesrepublikken.no\/#\/schema\/logo\/image\/"}},{"@type":"Person","@id":"https:\/\/nordnesrepublikken.no\/#\/schema\/person\/2e7e81935bab77882fffb79296240ff1","name":"Ole Andersen","image":{"@type":"ImageObject","inLanguage":"nb-NO","@id":"https:\/\/nordnesrepublikken.no\/#\/schema\/person\/image\/","url":"https:\/\/nordnesrepublikken.no\/wp-content\/uploads\/2025\/02\/nordnesrepublikken-2-2-150x150.jpg","contentUrl":"https:\/\/nordnesrepublikken.no\/wp-content\/uploads\/2025\/02\/nordnesrepublikken-2-2-150x150.jpg","caption":"Ole Andersen"},"description":"Ettersom jeg vokste opp i Oslo, har jeg alltid v\u00e6rt fascinert av ordenes kraft og deres evne til \u00e5 skape endringer. Etter \u00e5 ha fullf\u00f8rt min utdannelse i kommunikasjon ved Universitetet i Bergen, fikk jeg muligheten til \u00e5 jobbe innen ulike medier, der jeg har s\u00f8kt \u00e5 belyse viktige samfunnssp\u00f8rsm\u00e5l. I dag, som redakt\u00f8r for Nordnesrepublikken, pr\u00f8ver jeg \u00e5 forene min kj\u00e6rlighet for journalistikk med min lidenskap for innovasjon og eventyr.","sameAs":["https:\/\/nordnesrepublikken.no\/"]}]}},"_links":{"self":[{"href":"https:\/\/nordnesrepublikken.no\/index.php\/wp-json\/wp\/v2\/posts\/14218","targetHints":{"allow":["GET"]}}],"collection":[{"href":"https:\/\/nordnesrepublikken.no\/index.php\/wp-json\/wp\/v2\/posts"}],"about":[{"href":"https:\/\/nordnesrepublikken.no\/index.php\/wp-json\/wp\/v2\/types\/post"}],"author":[{"embeddable":true,"href":"https:\/\/nordnesrepublikken.no\/index.php\/wp-json\/wp\/v2\/users\/1"}],"replies":[{"embeddable":true,"href":"https:\/\/nordnesrepublikken.no\/index.php\/wp-json\/wp\/v2\/comments?post=14218"}],"version-history":[{"count":1,"href":"https:\/\/nordnesrepublikken.no\/index.php\/wp-json\/wp\/v2\/posts\/14218\/revisions"}],"predecessor-version":[{"id":14220,"href":"https:\/\/nordnesrepublikken.no\/index.php\/wp-json\/wp\/v2\/posts\/14218\/revisions\/14220"}],"wp:featuredmedia":[{"embeddable":true,"href":"https:\/\/nordnesrepublikken.no\/index.php\/wp-json\/wp\/v2\/media\/14219"}],"wp:attachment":[{"href":"https:\/\/nordnesrepublikken.no\/index.php\/wp-json\/wp\/v2\/media?parent=14218"}],"wp:term":[{"taxonomy":"category","embeddable":true,"href":"https:\/\/nordnesrepublikken.no\/index.php\/wp-json\/wp\/v2\/categories?post=14218"},{"taxonomy":"post_tag","embeddable":true,"href":"https:\/\/nordnesrepublikken.no\/index.php\/wp-json\/wp\/v2\/tags?post=14218"}],"curies":[{"name":"wp","href":"https:\/\/api.w.org\/{rel}","templated":true}]}}