{"id":14215,"date":"2026-01-25T19:50:44","date_gmt":"2026-01-25T18:50:44","guid":{"rendered":"https:\/\/nordnesrepublikken.no\/index.php\/2026\/01\/25\/klassifiseringen-mellom-hav-og-land\/"},"modified":"2026-01-25T19:50:46","modified_gmt":"2026-01-25T18:50:46","slug":"klassifiseringen-mellom-hav-og-land","status":"publish","type":"post","link":"https:\/\/nordnesrepublikken.no\/index.php\/2026\/01\/25\/klassifiseringen-mellom-hav-og-land\/","title":{"rendered":"klassifiseringen mellom hav og land"},"content":{"rendered":"<div>\n<div class=\"cp_wrapper cp_wrapper--fw mb-30 mb-20@tablet\">\n<figure class=\"mm\"><picture class=\"img\" style=\"padding-top:56.25%\"><source  media=\"(min-width: 1024px)\"><source  media=\"(min-width: 768px)\"><\/source><\/source><\/picture><\/figure>\n<\/p><\/div>\n<p>For \u00e5 v\u00e6re lik vekten av a <strong>Afrikansk elefant<\/strong> vi m\u00e5tte sette rundt 130 personer p\u00e5 en stor skala (gjennomsnittsvekt 62 kg). Likevel ville vi ikke engang v\u00e6rt p\u00e5 podiet til de tyngste dyrene p\u00e5 planeten. For \u00e5 forst\u00e5 hvem gigantene som befolker planeten v\u00e5r er, m\u00e5 vi se p\u00e5 dem <strong>fastland<\/strong> men fremfor alt i <strong>hav<\/strong>hvor vann lar dyr n\u00e5 dimensjoner utenkelige i savannen, skogene eller tundraen. Det \u00f8verste trinnet er okkupert av <strong>bl\u00e5hval<\/strong> med hans <strong>190 tonn<\/strong> i vekt etterfulgt av andre marine giganter som f.eks <strong>finnhval<\/strong> og den <strong>spermhval<\/strong>. Elefanten nevnt i begynnelsen n\u00e5r bare femte posisjon med sin <strong>7 tonn<\/strong>. Her er topp 10.<\/p>\n<p> <!-- SUMMARY --><\/p>\n<div class=\"cp_wrapper mb-20 mb-40@desktop\">\n<div class=\"smy\" data-sticky-btn-text=\"\">\n<p>Dyrerikets tungvektere<\/p>\n<\/div>\n<\/div>\n<h2 id=\"balenottera-azzurra-190-tonnellate\">Bl\u00e5hval \u2013 190 tonn<\/h2>\n<p>Der <strong>bl\u00e5hval<\/strong> (<em>Balaenoptera musculus<\/em>) er en hval som kan bli 33 meter lang og <strong>190 tonns vekt<\/strong>. Det er et sj\u00f8pattedyr som befolker hav over hele verden unntatt Arktis. Der <em>Bl\u00e5hval<\/em> den lever av <strong>krill<\/strong> (sm\u00e5 marine krepsdyr) takket v\u00e6re baleen \u2013 lamin\u00e6re strukturer som fungerer som en sil. Finnhval lever lenge, til og med over 90 \u00e5r, og hvert \u00e5r gjennomf\u00f8rer de lange migrasjoner. Tenk p\u00e5 at hjertet ditt veier like mye som en liten bil.<\/p>\n<div class=\"cp_wrapper cp_wrapper--fw mb-50\">\n<figure class=\"mm\"><picture class=\"img\" style=\"padding-top:69.23828125%\"><source  media=\"(min-width: 1024px)\"><source  media=\"(min-width: 768px)\"><img decoding=\"async\" loading=\"lazy\" src=\"https:\/\/nordnesrepublikken.no\/wp-content\/uploads\/2026\/01\/1769367038_943_klassifiseringen-mellom-hav-og-land.jpg\" alt=\"Balaenoptera musculus\" width=\"1024\" height=\"709\"\/><\/source><\/source><\/picture><\/figure>\n<\/p><\/div>\n<h2 id=\"balena-comune-80-tonnellate\">Finnhval \u2013 80 tonn<\/h2>\n<p>P\u00e5 andre trinn p\u00e5 pallen finner vi finnhvalen (<em>Balaenoptera physalus<\/em>), den eneste mystikken (hvaler med baleen) som finnes i Middelhavet. En voksen spiser opp til <b>2 tonn mat per dag <\/b>og n\u00e5r han kommer ut for \u00e5 puste, er pusten hans kraftig, vertikal og h\u00f8yt oppe <strong>6 meter<\/strong>. Valpene veier 2 tonn allerede ved f\u00f8dsel.<\/p>\n<div class=\"cp_wrapper cp_wrapper--fw mb-50\">\n<figure class=\"mm\"><picture class=\"img\" style=\"padding-top:75%\"><source  media=\"(min-width: 1024px)\"><source  media=\"(min-width: 768px)\"><img decoding=\"async\" loading=\"lazy\" src=\"https:\/\/nordnesrepublikken.no\/wp-content\/uploads\/2026\/01\/1769367038_613_klassifiseringen-mellom-hav-og-land.jpg\" alt=\"finnhval\" width=\"800\" height=\"600\" class=\"js-seedtag-img\"\/><\/source><\/source><\/picture><\/figure>\n<\/p><\/div>\n<h2 id=\"capodoglio-50-60-tonnellate\">Spermhval \u2013 50\/60 tonn<\/h2>\n<p>Spermhvalen (<em>Physeter macrocephalus<\/em>)Det er den st\u00f8rste <strong>tannet rovdyr<\/strong> av planeten, med en markert seksuell dimorfisme: hannene n\u00e5r i <b>18-20 meter<\/b> i lengden og <b>50-57 tonn<\/b>mens hunnene er mye mindre (ca. 11-12 meter). Den lever i det dype vannet i <b>alle havene<\/b> og dykker ned i avgrunnen \u2013 opptil 3000 meter dyp \u2013 for nesten utelukkende \u00e5 spise <b>calamari<\/b> (inkludert gigantiske), blekkspruter og bunnfisk. For \u00e5 finne byttedyr og orientere seg i dette fiendtlige milj\u00f8et bruker de et ekkolokaliseringssystem.<\/p>\n<div class=\"cp_wrapper cp_wrapper--fw mb-50\">\n<figure class=\"mm\"><picture class=\"img\" style=\"padding-top:56.24633431085%\"><source  media=\"(min-width: 1024px)\"><source  media=\"(min-width: 768px)\"><img decoding=\"async\" loading=\"lazy\" src=\"https:\/\/nordnesrepublikken.no\/wp-content\/uploads\/2026\/01\/1769367039_495_klassifiseringen-mellom-hav-og-land.jpg\" alt=\"spermhval\" width=\"5115\" height=\"2877\"\/><\/source><\/source><\/picture><\/figure>\n<\/p><\/div>\n<h2 id=\"squalo-balena-30-tonnellate\">Hvalhai \u2013 30 tonn<\/h2>\n<p>De <strong>s<\/strong><b>for en hval <\/b>(<em>Rhincodon typus<\/em>) er <b>st\u00f8rste fisken i verden<\/b>med en gjennomsnittlig lengde p\u00e5 12 meter, men i stand til \u00e5 n\u00e5 i <b>18-20 meter<\/b>. Han lever i alt <b>tropisk og varmt temperert vann<\/b> av planeten (den er frav\u00e6rende i Middelhavet), og til tross for sin kolossale st\u00f8rrelse, er den en filtermater som mater ved \u00e5 suge inn enorme mengder vann for \u00e5 fange opp <b>plankton<\/b>sm\u00e5 reker (<strong>krill<\/strong>) og stimer med sm\u00e5fisk.<\/p>\n<div class=\"cp_wrapper cp_wrapper--fw mb-50\">\n<figure class=\"mm\"><picture class=\"img\" style=\"padding-top:69.880794701987%\"><source  media=\"(min-width: 1024px)\"><source  media=\"(min-width: 768px)\"><img decoding=\"async\" loading=\"lazy\" src=\"https:\/\/nordnesrepublikken.no\/wp-content\/uploads\/2026\/01\/1769367039_471_klassifiseringen-mellom-hav-og-land.jpg\" alt=\"hvalhai\" width=\"3775\" height=\"2638\" class=\"js-seedtag-img\"\/><\/source><\/source><\/picture><\/figure>\n<\/p><\/div>\n<h2 id=\"elefante-africano-7-tonnellate\">Afrikansk elefant \u2013 7 tonn<\/h2>\n<p>DE&#8217;<strong>Og<\/strong><b>Afrikansk elefant <\/b>(<em>Loxodonta Africana<\/em>) er den st\u00f8rste <strong>landdyr<\/strong> levende, med en vekt p\u00e5 opptil<b> 7 tonn<\/b> og en skulderh\u00f8yde som kan overstige 3 meter. Lever i \u00f8kosystemer<b>Afrika s\u00f8r for Sahara<\/b>fra regnskoger til t\u00f8rre savanner, og er en glupsk planteeter som spiser mer enn <strong>130<\/strong><b> kg<\/b> av r\u00f8tter, urter, frukt og bark hver dag. De har enorme \u00f8rer som tjener til \u00e5 spre kroppsvarmen og har lange st\u00f8ttenner som de bruker til \u00e5 grave etter mat og vann og fjerne bark fra tr\u00e6r. Afrikanske elefanter lever i grupper ledet av hunner, spesielt den st\u00f8rste og eldste matriarken.<\/p>\n<div class=\"cp_wrapper cp_wrapper--fw mb-50\">\n<figure class=\"mm\"><picture class=\"img\" style=\"padding-top:79.988662131519%\"><source  media=\"(min-width: 1024px)\"><source  media=\"(min-width: 768px)\"><img decoding=\"async\" loading=\"lazy\" src=\"https:\/\/nordnesrepublikken.no\/wp-content\/uploads\/2026\/01\/1769367041_473_klassifiseringen-mellom-hav-og-land.jpg\" alt=\"Afrikansk elefant\" width=\"3528\" height=\"2822\"\/><\/source><\/source><\/picture><\/figure>\n<\/p><\/div>\n<h2 id=\"elefante-asiatico-5-tonnellate\">Asiatisk elefant \u2013 5 tonn<\/h2>\n<p>P\u00e5 5. plass er en slektning av den afrikanske elefanten, den<b>Asiatisk elefant <\/b>(<em>Elephas maximus<\/em>) som n\u00e5r <b>5 tonn<\/b> i vekt og n\u00e5r i likhet med sin fetter 3 meter i h\u00f8yden ved skulderen. Den bor i tropiske skoger og fragmenterte gressletter <b>13 S\u00f8r\u00f8st-asiatiske land<\/b> (fra India til Indonesia) og forbruker ca <b>150 kg<\/b> vegetasjon og ca. 189 liter vann.<\/p>\n<div class=\"cp_wrapper cp_wrapper--fw mb-50\">\n<figure class=\"mm\"><picture class=\"img\" style=\"padding-top:66.685714285714%\"><source  media=\"(min-width: 1024px)\"><source  media=\"(min-width: 768px)\"><img decoding=\"async\" loading=\"lazy\" src=\"https:\/\/nordnesrepublikken.no\/wp-content\/uploads\/2026\/01\/1769367041_388_klassifiseringen-mellom-hav-og-land.jpg\" alt=\"Asiatisk elefant\" width=\"3500\" height=\"2334\" class=\"js-seedtag-img\"\/><\/source><\/source><\/picture><\/figure>\n<\/p><\/div>\n<h2 id=\"elefante-marino-4-tonnellate\">Selelefant \u2013 4 tonn<\/h2>\n<p>Fra landelefanter g\u00e5r vi videre til de som befolker havene, sj\u00f8elefantene (<em>Mirounga<\/em>). Det er to arter av dette enorme dyret (nordlige og s\u00f8rlige), men det er den s\u00f8rlige (<em>Mirounga leonina<\/em>) for \u00e5 ha de st\u00f8rste dimensjonene, med hanner som n\u00e5r i <b>6 meter<\/b> og den <b>4 tonn<\/b> av vekt. Imidlertid stammer navnet ikke fra st\u00f8rrelsen, men fra den stammeformede snuten. De bor i kolonier og samles p\u00e5 kysten for \u00e5 avle, men tilbringer store deler av \u00e5ret i <b>\u00e5pent hav<\/b> (fra California til Antarktis, avhengig av arten), dykking til store dyp for \u00e5 jakte <b>blekksprut og fisk<\/b>.<\/p>\n<div class=\"cp_wrapper cp_wrapper--fw mb-50\">\n<figure class=\"mm\"><picture class=\"img\" style=\"padding-top:65.115089514066%\"><source  media=\"(min-width: 1024px)\"><source  media=\"(min-width: 768px)\"><img decoding=\"async\" loading=\"lazy\" src=\"https:\/\/nordnesrepublikken.no\/wp-content\/uploads\/2026\/01\/1769367042_627_klassifiseringen-mellom-hav-og-land.jpg\" alt=\"selelefant\" width=\"3910\" height=\"2546\"\/><\/source><\/source><\/picture><\/figure>\n<\/p><\/div>\n<h2 id=\"ippopotamo-35-tonnellate\">Flodhest \u2013 3,5 tonn<\/h2>\n<p>Tilbake til kontinentet, er \u00e5ttendeplass p\u00e5 rangeringen okkupert av <strong>de<\/strong><b>popotami <\/b>(<em>Hippopotamus amphibius<\/em>). De st\u00f8rste hannene av disse semi-akvatiske pattedyrene n\u00e5r <b>3,5 tonn<\/b>. Flodhester, som befolker bredden av elver og innsj\u00f8er i Afrika s\u00f8r for Sahara, spiser hovedsakelig om natten n\u00e5r de kommer opp av vannet for \u00e5 beite, og spiser opp til 40-50 kg <b>gress<\/b>.<\/p>\n<div class=\"cp_wrapper cp_wrapper--fw mb-50\">\n<figure class=\"mm\"><picture class=\"img\" style=\"padding-top:67.107995846314%\"><source  media=\"(min-width: 1024px)\"><source  media=\"(min-width: 768px)\"><img decoding=\"async\" loading=\"lazy\" src=\"https:\/\/nordnesrepublikken.no\/wp-content\/uploads\/2026\/01\/1769367043_224_klassifiseringen-mellom-hav-og-land.jpg\" alt=\"flodhest\" width=\"3852\" height=\"2585\" class=\"js-seedtag-img\"\/><\/source><\/source><\/picture><\/figure>\n<\/p><\/div>\n<h2 id=\"rinoceronte-bianco-25-tonnellate\">Hvit neshorn \u2013 2,5 tonn<\/h2>\n<p>\u00c5 bli i Afrika, la oss g\u00e5 videre til <strong>r<\/strong><b>hvite inoceros <\/b>(<em>Ceratotherium simum<\/em>). Disse pachydermene kan veie opp til <b>2,5 tonn<\/b> og bebor de \u00e5pne pr\u00e6riene og savannene i det s\u00f8rlige og \u00f8stlige Afrika. Neshorn n\u00e5r denne store st\u00f8rrelsen ved \u00e5 mate nesten utelukkende p\u00e5 <b>kort gress<\/b>.<\/p>\n<div class=\"cp_wrapper cp_wrapper--fw mb-50\">\n<figure class=\"mm\"><picture class=\"img\" style=\"padding-top:66.666666666667%\"><source  media=\"(min-width: 1024px)\"><source  media=\"(min-width: 768px)\"><img decoding=\"async\" loading=\"lazy\" src=\"https:\/\/nordnesrepublikken.no\/wp-content\/uploads\/2026\/01\/1769367043_805_klassifiseringen-mellom-hav-og-land.jpg\" alt=\"hvitt neshorn\" width=\"3864\" height=\"2576\"\/><\/source><\/source><\/picture><\/figure>\n<\/p><\/div>\n<h2 id=\"giraffa-15-tonnellate\">Giraffe \u2013 1,5 tonn<\/h2>\n<p>P\u00e5 10. plass finner vi et dyr sikkert bedre kjent for sin h\u00f8yde enn for sin vekt, den <b>sjiraff<\/b> (<em>Giraffa camelopardalis<\/em>). I tillegg til \u00e5 n\u00e5 6 meter vertikalt, veier voksne hanner av denne arten ca <b>1,5 tonn<\/b>. De lever i trekantede savanner og afrikanske buskomr\u00e5der og bruker sin lange gripetunge til \u00e5 spise <b>blader<\/b> (spesielt akasie), skudd og frukt direkte fra tretoppene.<\/p>\n<div class=\"cp_wrapper cp_wrapper--fw mb-50\">\n<figure class=\"mm\"><picture class=\"img\" style=\"padding-top:66.666666666667%\"><source  media=\"(min-width: 1024px)\"><source  media=\"(min-width: 768px)\"><img decoding=\"async\" loading=\"lazy\" src=\"https:\/\/nordnesrepublikken.no\/wp-content\/uploads\/2026\/01\/1769367044_56_klassifiseringen-mellom-hav-og-land.jpg\" alt=\"sjiraff\" width=\"3864\" height=\"2576\" class=\"js-seedtag-img\"\/><\/source><\/source><\/picture><\/figure>\n<\/p><\/div>\n<\/p><\/div>\n","protected":false},"excerpt":{"rendered":"<p>For \u00e5 v\u00e6re lik vekten av a Afrikansk elefant vi m\u00e5tte sette rundt 130 personer<\/p>\n","protected":false},"author":1,"featured_media":14216,"comment_status":"closed","ping_status":"open","sticky":false,"template":"","format":"standard","meta":{"footnotes":""},"categories":[24],"tags":[6452,2371,502,212],"class_list":["post-14215","post","type-post","status-publish","format-standard","has-post-thumbnail","hentry","category-vitenskap","tag-hav","tag-klassifiseringen","tag-land","tag-mellom","generate-columns","tablet-grid-50","mobile-grid-100","grid-parent","grid-33","resize-featured-image"],"yoast_head":"<!-- This site is optimized with the Yoast SEO plugin v24.4 - https:\/\/yoast.com\/wordpress\/plugins\/seo\/ -->\n<title>klassifiseringen mellom hav og land - Nordnesrepublikken<\/title>\n<meta name=\"robots\" content=\"index, follow, max-snippet:-1, max-image-preview:large, max-video-preview:-1\" \/>\n<link rel=\"canonical\" href=\"https:\/\/nordnesrepublikken.no\/index.php\/2026\/01\/25\/klassifiseringen-mellom-hav-og-land\/\" \/>\n<meta property=\"og:locale\" content=\"nb_NO\" \/>\n<meta property=\"og:type\" content=\"article\" \/>\n<meta property=\"og:title\" content=\"klassifiseringen mellom hav og land - Nordnesrepublikken\" \/>\n<meta property=\"og:description\" content=\"For \u00e5 v\u00e6re lik vekten av a Afrikansk elefant vi m\u00e5tte sette rundt 130 personer\" \/>\n<meta property=\"og:url\" content=\"https:\/\/nordnesrepublikken.no\/index.php\/2026\/01\/25\/klassifiseringen-mellom-hav-og-land\/\" \/>\n<meta property=\"og:site_name\" content=\"Nordnesrepublikken\" \/>\n<meta property=\"article:published_time\" content=\"2026-01-25T18:50:44+00:00\" \/>\n<meta property=\"article:modified_time\" content=\"2026-01-25T18:50:46+00:00\" \/>\n<meta property=\"og:image\" content=\"https:\/\/nordnesrepublikken.no\/wp-content\/uploads\/2026\/01\/1769367046_klassifiseringen-mellom-hav-og-land.jpg\" \/>\n\t<meta property=\"og:image:width\" content=\"1344\" \/>\n\t<meta property=\"og:image:height\" content=\"768\" \/>\n\t<meta property=\"og:image:type\" content=\"image\/jpeg\" \/>\n<meta name=\"author\" content=\"Ole Andersen\" \/>\n<meta name=\"twitter:card\" content=\"summary_large_image\" \/>\n<meta name=\"twitter:label1\" content=\"Skrevet av\" \/>\n\t<meta name=\"twitter:data1\" content=\"Ole Andersen\" \/>\n\t<meta name=\"twitter:label2\" content=\"Ansl. lesetid\" \/>\n\t<meta name=\"twitter:data2\" content=\"4 minutter\" \/>\n<script type=\"application\/ld+json\" class=\"yoast-schema-graph\">{\"@context\":\"https:\/\/schema.org\",\"@graph\":[{\"@type\":\"Article\",\"@id\":\"https:\/\/nordnesrepublikken.no\/index.php\/2026\/01\/25\/klassifiseringen-mellom-hav-og-land\/#article\",\"isPartOf\":{\"@id\":\"https:\/\/nordnesrepublikken.no\/index.php\/2026\/01\/25\/klassifiseringen-mellom-hav-og-land\/\"},\"author\":{\"name\":\"Ole Andersen\",\"@id\":\"https:\/\/nordnesrepublikken.no\/#\/schema\/person\/2e7e81935bab77882fffb79296240ff1\"},\"headline\":\"klassifiseringen mellom hav og land\",\"datePublished\":\"2026-01-25T18:50:44+00:00\",\"dateModified\":\"2026-01-25T18:50:46+00:00\",\"mainEntityOfPage\":{\"@id\":\"https:\/\/nordnesrepublikken.no\/index.php\/2026\/01\/25\/klassifiseringen-mellom-hav-og-land\/\"},\"wordCount\":849,\"publisher\":{\"@id\":\"https:\/\/nordnesrepublikken.no\/#organization\"},\"image\":{\"@id\":\"https:\/\/nordnesrepublikken.no\/index.php\/2026\/01\/25\/klassifiseringen-mellom-hav-og-land\/#primaryimage\"},\"thumbnailUrl\":\"https:\/\/nordnesrepublikken.no\/wp-content\/uploads\/2026\/01\/1769367046_klassifiseringen-mellom-hav-og-land.jpg\",\"keywords\":[\"hav\",\"Klassifiseringen\",\"land\",\"mellom\"],\"articleSection\":[\"Vitenskap\"],\"inLanguage\":\"nb-NO\"},{\"@type\":\"WebPage\",\"@id\":\"https:\/\/nordnesrepublikken.no\/index.php\/2026\/01\/25\/klassifiseringen-mellom-hav-og-land\/\",\"url\":\"https:\/\/nordnesrepublikken.no\/index.php\/2026\/01\/25\/klassifiseringen-mellom-hav-og-land\/\",\"name\":\"klassifiseringen mellom hav og land - Nordnesrepublikken\",\"isPartOf\":{\"@id\":\"https:\/\/nordnesrepublikken.no\/#website\"},\"primaryImageOfPage\":{\"@id\":\"https:\/\/nordnesrepublikken.no\/index.php\/2026\/01\/25\/klassifiseringen-mellom-hav-og-land\/#primaryimage\"},\"image\":{\"@id\":\"https:\/\/nordnesrepublikken.no\/index.php\/2026\/01\/25\/klassifiseringen-mellom-hav-og-land\/#primaryimage\"},\"thumbnailUrl\":\"https:\/\/nordnesrepublikken.no\/wp-content\/uploads\/2026\/01\/1769367046_klassifiseringen-mellom-hav-og-land.jpg\",\"datePublished\":\"2026-01-25T18:50:44+00:00\",\"dateModified\":\"2026-01-25T18:50:46+00:00\",\"breadcrumb\":{\"@id\":\"https:\/\/nordnesrepublikken.no\/index.php\/2026\/01\/25\/klassifiseringen-mellom-hav-og-land\/#breadcrumb\"},\"inLanguage\":\"nb-NO\",\"potentialAction\":[{\"@type\":\"ReadAction\",\"target\":[\"https:\/\/nordnesrepublikken.no\/index.php\/2026\/01\/25\/klassifiseringen-mellom-hav-og-land\/\"]}]},{\"@type\":\"ImageObject\",\"inLanguage\":\"nb-NO\",\"@id\":\"https:\/\/nordnesrepublikken.no\/index.php\/2026\/01\/25\/klassifiseringen-mellom-hav-og-land\/#primaryimage\",\"url\":\"https:\/\/nordnesrepublikken.no\/wp-content\/uploads\/2026\/01\/1769367046_klassifiseringen-mellom-hav-og-land.jpg\",\"contentUrl\":\"https:\/\/nordnesrepublikken.no\/wp-content\/uploads\/2026\/01\/1769367046_klassifiseringen-mellom-hav-og-land.jpg\",\"width\":1344,\"height\":768,\"caption\":\"klassifiseringen mellom hav og land\"},{\"@type\":\"BreadcrumbList\",\"@id\":\"https:\/\/nordnesrepublikken.no\/index.php\/2026\/01\/25\/klassifiseringen-mellom-hav-og-land\/#breadcrumb\",\"itemListElement\":[{\"@type\":\"ListItem\",\"position\":1,\"name\":\"Home\",\"item\":\"https:\/\/nordnesrepublikken.no\/\"},{\"@type\":\"ListItem\",\"position\":2,\"name\":\"klassifiseringen mellom hav og land\"}]},{\"@type\":\"WebSite\",\"@id\":\"https:\/\/nordnesrepublikken.no\/#website\",\"url\":\"https:\/\/nordnesrepublikken.no\/\",\"name\":\"Nordnesrepublikken\",\"description\":\"Stemmer og Visjoner fra Republikkens Hjerte\",\"publisher\":{\"@id\":\"https:\/\/nordnesrepublikken.no\/#organization\"},\"potentialAction\":[{\"@type\":\"SearchAction\",\"target\":{\"@type\":\"EntryPoint\",\"urlTemplate\":\"https:\/\/nordnesrepublikken.no\/?s={search_term_string}\"},\"query-input\":{\"@type\":\"PropertyValueSpecification\",\"valueRequired\":true,\"valueName\":\"search_term_string\"}}],\"inLanguage\":\"nb-NO\"},{\"@type\":\"Organization\",\"@id\":\"https:\/\/nordnesrepublikken.no\/#organization\",\"name\":\"Nordnesrepublikken\",\"url\":\"https:\/\/nordnesrepublikken.no\/\",\"logo\":{\"@type\":\"ImageObject\",\"inLanguage\":\"nb-NO\",\"@id\":\"https:\/\/nordnesrepublikken.no\/#\/schema\/logo\/image\/\",\"url\":\"https:\/\/nordnesrepublikken.no\/wp-content\/uploads\/2025\/02\/cropped-nordnesrepublikken-2.png\",\"contentUrl\":\"https:\/\/nordnesrepublikken.no\/wp-content\/uploads\/2025\/02\/cropped-nordnesrepublikken-2.png\",\"width\":1248,\"height\":362,\"caption\":\"Nordnesrepublikken\"},\"image\":{\"@id\":\"https:\/\/nordnesrepublikken.no\/#\/schema\/logo\/image\/\"}},{\"@type\":\"Person\",\"@id\":\"https:\/\/nordnesrepublikken.no\/#\/schema\/person\/2e7e81935bab77882fffb79296240ff1\",\"name\":\"Ole Andersen\",\"image\":{\"@type\":\"ImageObject\",\"inLanguage\":\"nb-NO\",\"@id\":\"https:\/\/nordnesrepublikken.no\/#\/schema\/person\/image\/\",\"url\":\"https:\/\/nordnesrepublikken.no\/wp-content\/uploads\/2025\/02\/nordnesrepublikken-2-2-150x150.jpg\",\"contentUrl\":\"https:\/\/nordnesrepublikken.no\/wp-content\/uploads\/2025\/02\/nordnesrepublikken-2-2-150x150.jpg\",\"caption\":\"Ole Andersen\"},\"description\":\"Ettersom jeg vokste opp i Oslo, har jeg alltid v\u00e6rt fascinert av ordenes kraft og deres evne til \u00e5 skape endringer. Etter \u00e5 ha fullf\u00f8rt min utdannelse i kommunikasjon ved Universitetet i Bergen, fikk jeg muligheten til \u00e5 jobbe innen ulike medier, der jeg har s\u00f8kt \u00e5 belyse viktige samfunnssp\u00f8rsm\u00e5l. I dag, som redakt\u00f8r for Nordnesrepublikken, pr\u00f8ver jeg \u00e5 forene min kj\u00e6rlighet for journalistikk med min lidenskap for innovasjon og eventyr.\",\"sameAs\":[\"https:\/\/nordnesrepublikken.no\/\"]}]}<\/script>\n<!-- \/ Yoast SEO plugin. -->","yoast_head_json":{"title":"klassifiseringen mellom hav og land - Nordnesrepublikken","robots":{"index":"index","follow":"follow","max-snippet":"max-snippet:-1","max-image-preview":"max-image-preview:large","max-video-preview":"max-video-preview:-1"},"canonical":"https:\/\/nordnesrepublikken.no\/index.php\/2026\/01\/25\/klassifiseringen-mellom-hav-og-land\/","og_locale":"nb_NO","og_type":"article","og_title":"klassifiseringen mellom hav og land - Nordnesrepublikken","og_description":"For \u00e5 v\u00e6re lik vekten av a Afrikansk elefant vi m\u00e5tte sette rundt 130 personer","og_url":"https:\/\/nordnesrepublikken.no\/index.php\/2026\/01\/25\/klassifiseringen-mellom-hav-og-land\/","og_site_name":"Nordnesrepublikken","article_published_time":"2026-01-25T18:50:44+00:00","article_modified_time":"2026-01-25T18:50:46+00:00","og_image":[{"width":1344,"height":768,"url":"https:\/\/nordnesrepublikken.no\/wp-content\/uploads\/2026\/01\/1769367046_klassifiseringen-mellom-hav-og-land.jpg","type":"image\/jpeg"}],"author":"Ole Andersen","twitter_card":"summary_large_image","twitter_misc":{"Skrevet av":"Ole Andersen","Ansl. lesetid":"4 minutter"},"schema":{"@context":"https:\/\/schema.org","@graph":[{"@type":"Article","@id":"https:\/\/nordnesrepublikken.no\/index.php\/2026\/01\/25\/klassifiseringen-mellom-hav-og-land\/#article","isPartOf":{"@id":"https:\/\/nordnesrepublikken.no\/index.php\/2026\/01\/25\/klassifiseringen-mellom-hav-og-land\/"},"author":{"name":"Ole Andersen","@id":"https:\/\/nordnesrepublikken.no\/#\/schema\/person\/2e7e81935bab77882fffb79296240ff1"},"headline":"klassifiseringen mellom hav og land","datePublished":"2026-01-25T18:50:44+00:00","dateModified":"2026-01-25T18:50:46+00:00","mainEntityOfPage":{"@id":"https:\/\/nordnesrepublikken.no\/index.php\/2026\/01\/25\/klassifiseringen-mellom-hav-og-land\/"},"wordCount":849,"publisher":{"@id":"https:\/\/nordnesrepublikken.no\/#organization"},"image":{"@id":"https:\/\/nordnesrepublikken.no\/index.php\/2026\/01\/25\/klassifiseringen-mellom-hav-og-land\/#primaryimage"},"thumbnailUrl":"https:\/\/nordnesrepublikken.no\/wp-content\/uploads\/2026\/01\/1769367046_klassifiseringen-mellom-hav-og-land.jpg","keywords":["hav","Klassifiseringen","land","mellom"],"articleSection":["Vitenskap"],"inLanguage":"nb-NO"},{"@type":"WebPage","@id":"https:\/\/nordnesrepublikken.no\/index.php\/2026\/01\/25\/klassifiseringen-mellom-hav-og-land\/","url":"https:\/\/nordnesrepublikken.no\/index.php\/2026\/01\/25\/klassifiseringen-mellom-hav-og-land\/","name":"klassifiseringen mellom hav og land - Nordnesrepublikken","isPartOf":{"@id":"https:\/\/nordnesrepublikken.no\/#website"},"primaryImageOfPage":{"@id":"https:\/\/nordnesrepublikken.no\/index.php\/2026\/01\/25\/klassifiseringen-mellom-hav-og-land\/#primaryimage"},"image":{"@id":"https:\/\/nordnesrepublikken.no\/index.php\/2026\/01\/25\/klassifiseringen-mellom-hav-og-land\/#primaryimage"},"thumbnailUrl":"https:\/\/nordnesrepublikken.no\/wp-content\/uploads\/2026\/01\/1769367046_klassifiseringen-mellom-hav-og-land.jpg","datePublished":"2026-01-25T18:50:44+00:00","dateModified":"2026-01-25T18:50:46+00:00","breadcrumb":{"@id":"https:\/\/nordnesrepublikken.no\/index.php\/2026\/01\/25\/klassifiseringen-mellom-hav-og-land\/#breadcrumb"},"inLanguage":"nb-NO","potentialAction":[{"@type":"ReadAction","target":["https:\/\/nordnesrepublikken.no\/index.php\/2026\/01\/25\/klassifiseringen-mellom-hav-og-land\/"]}]},{"@type":"ImageObject","inLanguage":"nb-NO","@id":"https:\/\/nordnesrepublikken.no\/index.php\/2026\/01\/25\/klassifiseringen-mellom-hav-og-land\/#primaryimage","url":"https:\/\/nordnesrepublikken.no\/wp-content\/uploads\/2026\/01\/1769367046_klassifiseringen-mellom-hav-og-land.jpg","contentUrl":"https:\/\/nordnesrepublikken.no\/wp-content\/uploads\/2026\/01\/1769367046_klassifiseringen-mellom-hav-og-land.jpg","width":1344,"height":768,"caption":"klassifiseringen mellom hav og land"},{"@type":"BreadcrumbList","@id":"https:\/\/nordnesrepublikken.no\/index.php\/2026\/01\/25\/klassifiseringen-mellom-hav-og-land\/#breadcrumb","itemListElement":[{"@type":"ListItem","position":1,"name":"Home","item":"https:\/\/nordnesrepublikken.no\/"},{"@type":"ListItem","position":2,"name":"klassifiseringen mellom hav og land"}]},{"@type":"WebSite","@id":"https:\/\/nordnesrepublikken.no\/#website","url":"https:\/\/nordnesrepublikken.no\/","name":"Nordnesrepublikken","description":"Stemmer og Visjoner fra Republikkens Hjerte","publisher":{"@id":"https:\/\/nordnesrepublikken.no\/#organization"},"potentialAction":[{"@type":"SearchAction","target":{"@type":"EntryPoint","urlTemplate":"https:\/\/nordnesrepublikken.no\/?s={search_term_string}"},"query-input":{"@type":"PropertyValueSpecification","valueRequired":true,"valueName":"search_term_string"}}],"inLanguage":"nb-NO"},{"@type":"Organization","@id":"https:\/\/nordnesrepublikken.no\/#organization","name":"Nordnesrepublikken","url":"https:\/\/nordnesrepublikken.no\/","logo":{"@type":"ImageObject","inLanguage":"nb-NO","@id":"https:\/\/nordnesrepublikken.no\/#\/schema\/logo\/image\/","url":"https:\/\/nordnesrepublikken.no\/wp-content\/uploads\/2025\/02\/cropped-nordnesrepublikken-2.png","contentUrl":"https:\/\/nordnesrepublikken.no\/wp-content\/uploads\/2025\/02\/cropped-nordnesrepublikken-2.png","width":1248,"height":362,"caption":"Nordnesrepublikken"},"image":{"@id":"https:\/\/nordnesrepublikken.no\/#\/schema\/logo\/image\/"}},{"@type":"Person","@id":"https:\/\/nordnesrepublikken.no\/#\/schema\/person\/2e7e81935bab77882fffb79296240ff1","name":"Ole Andersen","image":{"@type":"ImageObject","inLanguage":"nb-NO","@id":"https:\/\/nordnesrepublikken.no\/#\/schema\/person\/image\/","url":"https:\/\/nordnesrepublikken.no\/wp-content\/uploads\/2025\/02\/nordnesrepublikken-2-2-150x150.jpg","contentUrl":"https:\/\/nordnesrepublikken.no\/wp-content\/uploads\/2025\/02\/nordnesrepublikken-2-2-150x150.jpg","caption":"Ole Andersen"},"description":"Ettersom jeg vokste opp i Oslo, har jeg alltid v\u00e6rt fascinert av ordenes kraft og deres evne til \u00e5 skape endringer. Etter \u00e5 ha fullf\u00f8rt min utdannelse i kommunikasjon ved Universitetet i Bergen, fikk jeg muligheten til \u00e5 jobbe innen ulike medier, der jeg har s\u00f8kt \u00e5 belyse viktige samfunnssp\u00f8rsm\u00e5l. I dag, som redakt\u00f8r for Nordnesrepublikken, pr\u00f8ver jeg \u00e5 forene min kj\u00e6rlighet for journalistikk med min lidenskap for innovasjon og eventyr.","sameAs":["https:\/\/nordnesrepublikken.no\/"]}]}},"_links":{"self":[{"href":"https:\/\/nordnesrepublikken.no\/index.php\/wp-json\/wp\/v2\/posts\/14215","targetHints":{"allow":["GET"]}}],"collection":[{"href":"https:\/\/nordnesrepublikken.no\/index.php\/wp-json\/wp\/v2\/posts"}],"about":[{"href":"https:\/\/nordnesrepublikken.no\/index.php\/wp-json\/wp\/v2\/types\/post"}],"author":[{"embeddable":true,"href":"https:\/\/nordnesrepublikken.no\/index.php\/wp-json\/wp\/v2\/users\/1"}],"replies":[{"embeddable":true,"href":"https:\/\/nordnesrepublikken.no\/index.php\/wp-json\/wp\/v2\/comments?post=14215"}],"version-history":[{"count":1,"href":"https:\/\/nordnesrepublikken.no\/index.php\/wp-json\/wp\/v2\/posts\/14215\/revisions"}],"predecessor-version":[{"id":14217,"href":"https:\/\/nordnesrepublikken.no\/index.php\/wp-json\/wp\/v2\/posts\/14215\/revisions\/14217"}],"wp:featuredmedia":[{"embeddable":true,"href":"https:\/\/nordnesrepublikken.no\/index.php\/wp-json\/wp\/v2\/media\/14216"}],"wp:attachment":[{"href":"https:\/\/nordnesrepublikken.no\/index.php\/wp-json\/wp\/v2\/media?parent=14215"}],"wp:term":[{"taxonomy":"category","embeddable":true,"href":"https:\/\/nordnesrepublikken.no\/index.php\/wp-json\/wp\/v2\/categories?post=14215"},{"taxonomy":"post_tag","embeddable":true,"href":"https:\/\/nordnesrepublikken.no\/index.php\/wp-json\/wp\/v2\/tags?post=14215"}],"curies":[{"name":"wp","href":"https:\/\/api.w.org\/{rel}","templated":true}]}}