{"id":14206,"date":"2026-01-25T13:54:43","date_gmt":"2026-01-25T12:54:43","guid":{"rendered":"https:\/\/nordnesrepublikken.no\/index.php\/2026\/01\/25\/det-er-sant-at-21-dager-er-nok-til-a-skape-en-vane-la-oss-avlive-den-falske-myten\/"},"modified":"2026-01-25T13:54:45","modified_gmt":"2026-01-25T12:54:45","slug":"det-er-sant-at-21-dager-er-nok-til-a-skape-en-vane-la-oss-avlive-den-falske-myten","status":"publish","type":"post","link":"https:\/\/nordnesrepublikken.no\/index.php\/2026\/01\/25\/det-er-sant-at-21-dager-er-nok-til-a-skape-en-vane-la-oss-avlive-den-falske-myten\/","title":{"rendered":"Det er sant at 21 dager er nok til \u00e5 skape en vane: la oss avlive den falske myten"},"content":{"rendered":"<div>\n<div class=\"cp_wrapper cp_wrapper--fw mb-30 mb-20@tablet\">\n<figure class=\"mm\"><picture class=\"img\" style=\"padding-top:56.25%\"><source  media=\"(min-width: 1024px)\"><source  media=\"(min-width: 768px)\"><\/source><\/source><\/picture><\/figure>\n<\/p><\/div>\n<p>Det er et l\u00f8fte som kommer tilbake syklisk n\u00e5r det gjelder personlig endring:<strong> motst\u00e5 i tjueen dager<\/strong> og da blir alt enkelt. Ideen er forf\u00f8rende fordi den gir en klar grense mellom innsats og letthet, mellom \u00abjeg pr\u00f8ver\u00bb og \u00abdet kommer naturlig for meg n\u00e5\u00bb. Men det er en<strong> falsk myte<\/strong>: n\u00e5r vitenskapelig forskning observerer hvordan vaner virkelig bygges opp i dagliglivet, <strong>at grensen g\u00e5r i oppl\u00f8sning<\/strong>. En vane er ikke f\u00f8dt p\u00e5 slutten av en nedtelling. Det er et resultat av en gradvis prosess, der gjentatt atferd i samme sammenheng blir mindre og mindre slitsom, mindre og mindre avgj\u00f8rende og mer og mer automatisk. Studier viser at denne veien f\u00f8lger en <strong>langsom og uregelmessig vekst<\/strong>: noen handlinger blir spontane i l\u00f8pet av noen uker, andre tar m\u00e5neder, og en forglemmelse sletter ikke arbeidet som er utf\u00f8rt. Enkelheten i gesten og stabiliteten i situasjonen teller mer enn viljestyrke. Tid alene er ikke nok: Det som konsoliderer en vane er hvordan hjernen l\u00e6rer det<strong> knytte en handling til et bestemt \u00f8yeblikk p\u00e5 dagen<\/strong>til det starter nesten uten \u00e5 tenke p\u00e5 det.<\/p>\n<h2>Hva er 21-dagersregelen og hvorfor er den falsk<\/h2>\n<p>Den popul\u00e6re troen p\u00e5 &laquo;21 dager&raquo; oppst\u00e5r fra kirurgens studier <strong>Maxwell Maltz<\/strong>som p\u00e5 1960-tallet observerte hvordan pasientene hans trengte dem <strong>minst 21 dager<\/strong> \u00e5 venne seg til en fysisk eller atferdsendring. Han snakket ikke om et stivt tall, heller ikke om en automatisk mekanisme, men om et minimum og omtrentlig tid. I l\u00f8pet av \u00e5rene har imidlertid den &laquo;omtrent&raquo;, den &laquo;minst&raquo; blitt en fast terskel, forvandlet til en forenklet regel. Da vitenskapelig forskning begynte \u00e5 systematisk studere hvordan vaner dannes i hverdagen, ble den ideen satt p\u00e5 pr\u00f8ve av data og resultatene fortalte en historie <strong>mye mer kompleks historie.<\/strong><\/p>\n<p>Arbeidet til Lally og kollegene er et av de f\u00f8rste som har observert vanedannelse <strong>i den virkelige verden<\/strong>dag for dag. De involverte valgte en enkel oppf\u00f8rsel (spis en frukt, drikk vann, ta en tur) og gjentok den hver dag i samme sammenheng, og evaluerte hvor automatisk den gesten ble. Resultatet er klart: <strong>det er ingen fast tid<\/strong>. I gjennomsnitt,<strong> automatikken i gesten vokser sakte<\/strong>deretter stadig sakte, til den stabiliserer seg. Denne trenden kalles <strong>asymptotisk kurve<\/strong>: I begynnelsen l\u00e6rer du mye, s\u00e5 legger hver repetisjon til mindre og mindre.<\/p>\n<h2>Hvor lang tid tar det egentlig \u00e5 skape en vane<\/h2>\n<p>Det vitenskapelig \u00e6rlige svaret er: <strong>Avhenger<\/strong>. Det avhenger av personen, konteksten, regelmessigheten som handlingen gjentas med. I konkrete tall varierer tiden det tar \u00e5 komme n\u00e6r det maksimale niv\u00e5et av automatikk <strong>i mindre enn en m\u00e5ned <\/strong>\u2013 ca 30 dager \u2013<strong> over \u00e5tte m\u00e5neder <\/strong>\u2013 rundt 240 dager, avhengig av person og oppf\u00f8rsel. Gjennomsnittet er rundt <strong>to m\u00e5neder<\/strong>ikke ved tre uker, men med enorme variasjoner. Singh og kollegaers gjennomgang, som samler funn fra flere studier, viser at noen mennesker n\u00e5r h\u00f8ye niv\u00e5er av automatikk i l\u00f8pet av f\u00e5 uker, andre tar flere m\u00e5neder. Det er ikke en fiasko: det er normen.<\/p>\n<p>Enda mer interessant: <strong>\u00c5 hoppe over en dag \u00f8delegger ikke alt<\/strong>. Unnlatelse av gjentakelse tilbakestiller ikke prosessen. Automatikken begynner \u00e5 \u00f8ke igjen n\u00e5r atferden gjentas igjen.<\/p>\n<h2>Hva en vane egentlig er og viktigheten av kontekst<\/h2>\n<p>P\u00e5 vanlig spr\u00e5k kaller vi det vane <strong>hva vi gj\u00f8r ofte<\/strong>. I psykologien har imidlertid begrepet en mer presis betydning. En vane er ikke bare en gjentatt oppf\u00f8rsel, men det er en handling som starter <strong>nesten alene<\/strong>som svar p\u00e5 en <strong>stabil kontekst<\/strong>. Studier av Wendy Wood og Dennis R\u00fcnger forklarer at en vane ikke bare oppst\u00e5r ved repetisjon, men dannes n\u00e5r hjernen l\u00e6rer noe<strong> direkte sammenheng mellom en situasjon<\/strong> (&laquo;etter frokost&raquo;, &laquo;n\u00e5r jeg setter meg inn i bilen&raquo;)<strong> og en handling<\/strong> (&laquo;Jeg drikker et glass vann&raquo;, &laquo;Jeg bruker sikkerhetsbeltet&raquo;).<\/p>\n<p>Et sentralt element er derfor viktigheten av <strong>stabil kontekst<\/strong>ogs\u00e5 kalt &laquo;cue&raquo;, dvs. &laquo;signal&raquo;. Det vil si at vane oppst\u00e5r ved repetisjon <strong>samtidig eller i samme situasjon<\/strong>. Dette er grunnen til at det \u00e5 koble en atferd til en eksisterende rutine fungerer bedre enn \u00e5 stole p\u00e5 en abstraksjon (som \u00e5 drikke et glass vann etter frokost).<\/p>\n<p>N\u00e5r dette b\u00e5ndet styrkes, krever handling mindre oppmerksomhet, mindre innsats, f\u00e6rre bevisste beslutninger. Denne funksjonen har et teknisk navn: <strong>automatikk<\/strong>. Det betyr at oppf\u00f8rselen er rask, effektiv, lite &laquo;gjennomtenkt&raquo;. Det er ikke dermed sagt at vi ikke kan kontrollere det, men det <strong>vi trenger ikke lenger \u00e5 huske \u00e5 gj\u00f8re det<\/strong>. Den eksperimentelle studien av Keller og medarbeidere viser ogs\u00e5 at ikke bare signaler basert p\u00e5 en rutine (&laquo;f\u00f8r sengetid&raquo;) fungerer, men ogs\u00e5 de som er basert p\u00e5 tid (&laquo;kl. 8 om morgenen&raquo;). Generelt er dette imidlertid bare bra hvis handlingen faktisk gjentas n\u00e5r signalet oppst\u00e5r. Dette kalles <strong>lovfesting <\/strong>(gjennomf\u00f8ringen) av planen: det er ikke nok \u00e5 ha intensjonen, men <strong>Konkret utf\u00f8relse teller<\/strong>dag etter dag.<\/p>\n<h2>Ikke alle vaner er like<\/h2>\n<p>Et annet sentralt poeng som kommer frem fra b\u00e5de Lallys studie og den systematiske gjennomgangen til Singh og medarbeidere er at <strong>vaner vokser ikke i samme takt<\/strong>. Enkel, kort, lite anstrengende atferd (som \u00e5 drikke et glass vann) blir raskere automatisk. Mer komplekse handlinger, som krever organisering eller fysisk innsats, tar lengre tid og n\u00e5r ofte et lavere niv\u00e5 av automatikk. Med andre ord: Det er urealistisk \u00e5 forvente at \u00ab\u00e5 gj\u00f8re 50 sit-ups\u00bb skal bli like automatisk som \u00ab\u00e5 pusse tennene\u00bb. Ikke fordi du mangler viljestyrke, men fordi<strong> hjernen l\u00e6rer forskjellig avhengig av kompleksiteten til handlingen<\/strong>.<\/p>\n<\/p><\/div>\n","protected":false},"excerpt":{"rendered":"<p>Det er et l\u00f8fte som kommer tilbake syklisk n\u00e5r det gjelder personlig endring: motst\u00e5 i<\/p>\n","protected":false},"author":1,"featured_media":14207,"comment_status":"closed","ping_status":"open","sticky":false,"template":"","format":"standard","meta":{"footnotes":""},"categories":[24],"tags":[9090,1866,74,66,831,722,2893,657,822,6412,117,9268],"class_list":["post-14206","post","type-post","status-publish","format-standard","has-post-thumbnail","hentry","category-vitenskap","tag-avlive","tag-dager","tag-den","tag-det","tag-falske","tag-myten","tag-nok","tag-oss","tag-sant","tag-skape","tag-til","tag-vane","generate-columns","tablet-grid-50","mobile-grid-100","grid-parent","grid-33","resize-featured-image"],"yoast_head":"<!-- This site is optimized with the Yoast SEO plugin v24.4 - https:\/\/yoast.com\/wordpress\/plugins\/seo\/ -->\n<title>Det er sant at 21 dager er nok til \u00e5 skape en vane: la oss avlive den falske myten - Nordnesrepublikken<\/title>\n<meta name=\"robots\" content=\"index, follow, max-snippet:-1, max-image-preview:large, max-video-preview:-1\" \/>\n<link rel=\"canonical\" href=\"https:\/\/nordnesrepublikken.no\/index.php\/2026\/01\/25\/det-er-sant-at-21-dager-er-nok-til-a-skape-en-vane-la-oss-avlive-den-falske-myten\/\" \/>\n<meta property=\"og:locale\" content=\"nb_NO\" \/>\n<meta property=\"og:type\" content=\"article\" \/>\n<meta property=\"og:title\" content=\"Det er sant at 21 dager er nok til \u00e5 skape en vane: la oss avlive den falske myten - Nordnesrepublikken\" \/>\n<meta property=\"og:description\" content=\"Det er et l\u00f8fte som kommer tilbake syklisk n\u00e5r det gjelder personlig endring: motst\u00e5 i\" \/>\n<meta property=\"og:url\" content=\"https:\/\/nordnesrepublikken.no\/index.php\/2026\/01\/25\/det-er-sant-at-21-dager-er-nok-til-a-skape-en-vane-la-oss-avlive-den-falske-myten\/\" \/>\n<meta property=\"og:site_name\" content=\"Nordnesrepublikken\" \/>\n<meta property=\"article:published_time\" content=\"2026-01-25T12:54:43+00:00\" \/>\n<meta property=\"article:modified_time\" content=\"2026-01-25T12:54:45+00:00\" \/>\n<meta property=\"og:image\" content=\"https:\/\/nordnesrepublikken.no\/wp-content\/uploads\/2026\/01\/1769345685_Det-er-sant-at-21-dager-er-nok-til-a.jpg\" \/>\n\t<meta property=\"og:image:width\" content=\"1539\" \/>\n\t<meta property=\"og:image:height\" content=\"681\" \/>\n\t<meta property=\"og:image:type\" content=\"image\/jpeg\" \/>\n<meta name=\"author\" content=\"Ole Andersen\" \/>\n<meta name=\"twitter:card\" content=\"summary_large_image\" \/>\n<meta name=\"twitter:label1\" content=\"Skrevet av\" \/>\n\t<meta name=\"twitter:data1\" content=\"Ole Andersen\" \/>\n\t<meta name=\"twitter:label2\" content=\"Ansl. lesetid\" \/>\n\t<meta name=\"twitter:data2\" content=\"5 minutter\" \/>\n<script type=\"application\/ld+json\" class=\"yoast-schema-graph\">{\"@context\":\"https:\/\/schema.org\",\"@graph\":[{\"@type\":\"Article\",\"@id\":\"https:\/\/nordnesrepublikken.no\/index.php\/2026\/01\/25\/det-er-sant-at-21-dager-er-nok-til-a-skape-en-vane-la-oss-avlive-den-falske-myten\/#article\",\"isPartOf\":{\"@id\":\"https:\/\/nordnesrepublikken.no\/index.php\/2026\/01\/25\/det-er-sant-at-21-dager-er-nok-til-a-skape-en-vane-la-oss-avlive-den-falske-myten\/\"},\"author\":{\"name\":\"Ole Andersen\",\"@id\":\"https:\/\/nordnesrepublikken.no\/#\/schema\/person\/2e7e81935bab77882fffb79296240ff1\"},\"headline\":\"Det er sant at 21 dager er nok til \u00e5 skape en vane: la oss avlive den falske myten\",\"datePublished\":\"2026-01-25T12:54:43+00:00\",\"dateModified\":\"2026-01-25T12:54:45+00:00\",\"mainEntityOfPage\":{\"@id\":\"https:\/\/nordnesrepublikken.no\/index.php\/2026\/01\/25\/det-er-sant-at-21-dager-er-nok-til-a-skape-en-vane-la-oss-avlive-den-falske-myten\/\"},\"wordCount\":930,\"publisher\":{\"@id\":\"https:\/\/nordnesrepublikken.no\/#organization\"},\"image\":{\"@id\":\"https:\/\/nordnesrepublikken.no\/index.php\/2026\/01\/25\/det-er-sant-at-21-dager-er-nok-til-a-skape-en-vane-la-oss-avlive-den-falske-myten\/#primaryimage\"},\"thumbnailUrl\":\"https:\/\/nordnesrepublikken.no\/wp-content\/uploads\/2026\/01\/1769345685_Det-er-sant-at-21-dager-er-nok-til-a.jpg\",\"keywords\":[\"avlive\",\"dager\",\"den\",\"Det\",\"falske\",\"myten\",\"nok\",\"oss\",\"sant\",\"skape\",\"til\",\"vane\"],\"articleSection\":[\"Vitenskap\"],\"inLanguage\":\"nb-NO\"},{\"@type\":\"WebPage\",\"@id\":\"https:\/\/nordnesrepublikken.no\/index.php\/2026\/01\/25\/det-er-sant-at-21-dager-er-nok-til-a-skape-en-vane-la-oss-avlive-den-falske-myten\/\",\"url\":\"https:\/\/nordnesrepublikken.no\/index.php\/2026\/01\/25\/det-er-sant-at-21-dager-er-nok-til-a-skape-en-vane-la-oss-avlive-den-falske-myten\/\",\"name\":\"Det er sant at 21 dager er nok til \u00e5 skape en vane: la oss avlive den falske myten - Nordnesrepublikken\",\"isPartOf\":{\"@id\":\"https:\/\/nordnesrepublikken.no\/#website\"},\"primaryImageOfPage\":{\"@id\":\"https:\/\/nordnesrepublikken.no\/index.php\/2026\/01\/25\/det-er-sant-at-21-dager-er-nok-til-a-skape-en-vane-la-oss-avlive-den-falske-myten\/#primaryimage\"},\"image\":{\"@id\":\"https:\/\/nordnesrepublikken.no\/index.php\/2026\/01\/25\/det-er-sant-at-21-dager-er-nok-til-a-skape-en-vane-la-oss-avlive-den-falske-myten\/#primaryimage\"},\"thumbnailUrl\":\"https:\/\/nordnesrepublikken.no\/wp-content\/uploads\/2026\/01\/1769345685_Det-er-sant-at-21-dager-er-nok-til-a.jpg\",\"datePublished\":\"2026-01-25T12:54:43+00:00\",\"dateModified\":\"2026-01-25T12:54:45+00:00\",\"breadcrumb\":{\"@id\":\"https:\/\/nordnesrepublikken.no\/index.php\/2026\/01\/25\/det-er-sant-at-21-dager-er-nok-til-a-skape-en-vane-la-oss-avlive-den-falske-myten\/#breadcrumb\"},\"inLanguage\":\"nb-NO\",\"potentialAction\":[{\"@type\":\"ReadAction\",\"target\":[\"https:\/\/nordnesrepublikken.no\/index.php\/2026\/01\/25\/det-er-sant-at-21-dager-er-nok-til-a-skape-en-vane-la-oss-avlive-den-falske-myten\/\"]}]},{\"@type\":\"ImageObject\",\"inLanguage\":\"nb-NO\",\"@id\":\"https:\/\/nordnesrepublikken.no\/index.php\/2026\/01\/25\/det-er-sant-at-21-dager-er-nok-til-a-skape-en-vane-la-oss-avlive-den-falske-myten\/#primaryimage\",\"url\":\"https:\/\/nordnesrepublikken.no\/wp-content\/uploads\/2026\/01\/1769345685_Det-er-sant-at-21-dager-er-nok-til-a.jpg\",\"contentUrl\":\"https:\/\/nordnesrepublikken.no\/wp-content\/uploads\/2026\/01\/1769345685_Det-er-sant-at-21-dager-er-nok-til-a.jpg\",\"width\":1539,\"height\":681,\"caption\":\"Det er sant at 21 dager er nok til \u00e5 skape en vane: la oss avlive den falske myten\"},{\"@type\":\"BreadcrumbList\",\"@id\":\"https:\/\/nordnesrepublikken.no\/index.php\/2026\/01\/25\/det-er-sant-at-21-dager-er-nok-til-a-skape-en-vane-la-oss-avlive-den-falske-myten\/#breadcrumb\",\"itemListElement\":[{\"@type\":\"ListItem\",\"position\":1,\"name\":\"Home\",\"item\":\"https:\/\/nordnesrepublikken.no\/\"},{\"@type\":\"ListItem\",\"position\":2,\"name\":\"Det er sant at 21 dager er nok til \u00e5 skape en vane: la oss avlive den falske myten\"}]},{\"@type\":\"WebSite\",\"@id\":\"https:\/\/nordnesrepublikken.no\/#website\",\"url\":\"https:\/\/nordnesrepublikken.no\/\",\"name\":\"Nordnesrepublikken\",\"description\":\"Stemmer og Visjoner fra Republikkens Hjerte\",\"publisher\":{\"@id\":\"https:\/\/nordnesrepublikken.no\/#organization\"},\"potentialAction\":[{\"@type\":\"SearchAction\",\"target\":{\"@type\":\"EntryPoint\",\"urlTemplate\":\"https:\/\/nordnesrepublikken.no\/?s={search_term_string}\"},\"query-input\":{\"@type\":\"PropertyValueSpecification\",\"valueRequired\":true,\"valueName\":\"search_term_string\"}}],\"inLanguage\":\"nb-NO\"},{\"@type\":\"Organization\",\"@id\":\"https:\/\/nordnesrepublikken.no\/#organization\",\"name\":\"Nordnesrepublikken\",\"url\":\"https:\/\/nordnesrepublikken.no\/\",\"logo\":{\"@type\":\"ImageObject\",\"inLanguage\":\"nb-NO\",\"@id\":\"https:\/\/nordnesrepublikken.no\/#\/schema\/logo\/image\/\",\"url\":\"https:\/\/nordnesrepublikken.no\/wp-content\/uploads\/2025\/02\/cropped-nordnesrepublikken-2.png\",\"contentUrl\":\"https:\/\/nordnesrepublikken.no\/wp-content\/uploads\/2025\/02\/cropped-nordnesrepublikken-2.png\",\"width\":1248,\"height\":362,\"caption\":\"Nordnesrepublikken\"},\"image\":{\"@id\":\"https:\/\/nordnesrepublikken.no\/#\/schema\/logo\/image\/\"}},{\"@type\":\"Person\",\"@id\":\"https:\/\/nordnesrepublikken.no\/#\/schema\/person\/2e7e81935bab77882fffb79296240ff1\",\"name\":\"Ole Andersen\",\"image\":{\"@type\":\"ImageObject\",\"inLanguage\":\"nb-NO\",\"@id\":\"https:\/\/nordnesrepublikken.no\/#\/schema\/person\/image\/\",\"url\":\"https:\/\/nordnesrepublikken.no\/wp-content\/uploads\/2025\/02\/nordnesrepublikken-2-2-150x150.jpg\",\"contentUrl\":\"https:\/\/nordnesrepublikken.no\/wp-content\/uploads\/2025\/02\/nordnesrepublikken-2-2-150x150.jpg\",\"caption\":\"Ole Andersen\"},\"description\":\"Ettersom jeg vokste opp i Oslo, har jeg alltid v\u00e6rt fascinert av ordenes kraft og deres evne til \u00e5 skape endringer. Etter \u00e5 ha fullf\u00f8rt min utdannelse i kommunikasjon ved Universitetet i Bergen, fikk jeg muligheten til \u00e5 jobbe innen ulike medier, der jeg har s\u00f8kt \u00e5 belyse viktige samfunnssp\u00f8rsm\u00e5l. I dag, som redakt\u00f8r for Nordnesrepublikken, pr\u00f8ver jeg \u00e5 forene min kj\u00e6rlighet for journalistikk med min lidenskap for innovasjon og eventyr.\",\"sameAs\":[\"https:\/\/nordnesrepublikken.no\/\"]}]}<\/script>\n<!-- \/ Yoast SEO plugin. -->","yoast_head_json":{"title":"Det er sant at 21 dager er nok til \u00e5 skape en vane: la oss avlive den falske myten - Nordnesrepublikken","robots":{"index":"index","follow":"follow","max-snippet":"max-snippet:-1","max-image-preview":"max-image-preview:large","max-video-preview":"max-video-preview:-1"},"canonical":"https:\/\/nordnesrepublikken.no\/index.php\/2026\/01\/25\/det-er-sant-at-21-dager-er-nok-til-a-skape-en-vane-la-oss-avlive-den-falske-myten\/","og_locale":"nb_NO","og_type":"article","og_title":"Det er sant at 21 dager er nok til \u00e5 skape en vane: la oss avlive den falske myten - Nordnesrepublikken","og_description":"Det er et l\u00f8fte som kommer tilbake syklisk n\u00e5r det gjelder personlig endring: motst\u00e5 i","og_url":"https:\/\/nordnesrepublikken.no\/index.php\/2026\/01\/25\/det-er-sant-at-21-dager-er-nok-til-a-skape-en-vane-la-oss-avlive-den-falske-myten\/","og_site_name":"Nordnesrepublikken","article_published_time":"2026-01-25T12:54:43+00:00","article_modified_time":"2026-01-25T12:54:45+00:00","og_image":[{"width":1539,"height":681,"url":"https:\/\/nordnesrepublikken.no\/wp-content\/uploads\/2026\/01\/1769345685_Det-er-sant-at-21-dager-er-nok-til-a.jpg","type":"image\/jpeg"}],"author":"Ole Andersen","twitter_card":"summary_large_image","twitter_misc":{"Skrevet av":"Ole Andersen","Ansl. lesetid":"5 minutter"},"schema":{"@context":"https:\/\/schema.org","@graph":[{"@type":"Article","@id":"https:\/\/nordnesrepublikken.no\/index.php\/2026\/01\/25\/det-er-sant-at-21-dager-er-nok-til-a-skape-en-vane-la-oss-avlive-den-falske-myten\/#article","isPartOf":{"@id":"https:\/\/nordnesrepublikken.no\/index.php\/2026\/01\/25\/det-er-sant-at-21-dager-er-nok-til-a-skape-en-vane-la-oss-avlive-den-falske-myten\/"},"author":{"name":"Ole Andersen","@id":"https:\/\/nordnesrepublikken.no\/#\/schema\/person\/2e7e81935bab77882fffb79296240ff1"},"headline":"Det er sant at 21 dager er nok til \u00e5 skape en vane: la oss avlive den falske myten","datePublished":"2026-01-25T12:54:43+00:00","dateModified":"2026-01-25T12:54:45+00:00","mainEntityOfPage":{"@id":"https:\/\/nordnesrepublikken.no\/index.php\/2026\/01\/25\/det-er-sant-at-21-dager-er-nok-til-a-skape-en-vane-la-oss-avlive-den-falske-myten\/"},"wordCount":930,"publisher":{"@id":"https:\/\/nordnesrepublikken.no\/#organization"},"image":{"@id":"https:\/\/nordnesrepublikken.no\/index.php\/2026\/01\/25\/det-er-sant-at-21-dager-er-nok-til-a-skape-en-vane-la-oss-avlive-den-falske-myten\/#primaryimage"},"thumbnailUrl":"https:\/\/nordnesrepublikken.no\/wp-content\/uploads\/2026\/01\/1769345685_Det-er-sant-at-21-dager-er-nok-til-a.jpg","keywords":["avlive","dager","den","Det","falske","myten","nok","oss","sant","skape","til","vane"],"articleSection":["Vitenskap"],"inLanguage":"nb-NO"},{"@type":"WebPage","@id":"https:\/\/nordnesrepublikken.no\/index.php\/2026\/01\/25\/det-er-sant-at-21-dager-er-nok-til-a-skape-en-vane-la-oss-avlive-den-falske-myten\/","url":"https:\/\/nordnesrepublikken.no\/index.php\/2026\/01\/25\/det-er-sant-at-21-dager-er-nok-til-a-skape-en-vane-la-oss-avlive-den-falske-myten\/","name":"Det er sant at 21 dager er nok til \u00e5 skape en vane: la oss avlive den falske myten - Nordnesrepublikken","isPartOf":{"@id":"https:\/\/nordnesrepublikken.no\/#website"},"primaryImageOfPage":{"@id":"https:\/\/nordnesrepublikken.no\/index.php\/2026\/01\/25\/det-er-sant-at-21-dager-er-nok-til-a-skape-en-vane-la-oss-avlive-den-falske-myten\/#primaryimage"},"image":{"@id":"https:\/\/nordnesrepublikken.no\/index.php\/2026\/01\/25\/det-er-sant-at-21-dager-er-nok-til-a-skape-en-vane-la-oss-avlive-den-falske-myten\/#primaryimage"},"thumbnailUrl":"https:\/\/nordnesrepublikken.no\/wp-content\/uploads\/2026\/01\/1769345685_Det-er-sant-at-21-dager-er-nok-til-a.jpg","datePublished":"2026-01-25T12:54:43+00:00","dateModified":"2026-01-25T12:54:45+00:00","breadcrumb":{"@id":"https:\/\/nordnesrepublikken.no\/index.php\/2026\/01\/25\/det-er-sant-at-21-dager-er-nok-til-a-skape-en-vane-la-oss-avlive-den-falske-myten\/#breadcrumb"},"inLanguage":"nb-NO","potentialAction":[{"@type":"ReadAction","target":["https:\/\/nordnesrepublikken.no\/index.php\/2026\/01\/25\/det-er-sant-at-21-dager-er-nok-til-a-skape-en-vane-la-oss-avlive-den-falske-myten\/"]}]},{"@type":"ImageObject","inLanguage":"nb-NO","@id":"https:\/\/nordnesrepublikken.no\/index.php\/2026\/01\/25\/det-er-sant-at-21-dager-er-nok-til-a-skape-en-vane-la-oss-avlive-den-falske-myten\/#primaryimage","url":"https:\/\/nordnesrepublikken.no\/wp-content\/uploads\/2026\/01\/1769345685_Det-er-sant-at-21-dager-er-nok-til-a.jpg","contentUrl":"https:\/\/nordnesrepublikken.no\/wp-content\/uploads\/2026\/01\/1769345685_Det-er-sant-at-21-dager-er-nok-til-a.jpg","width":1539,"height":681,"caption":"Det er sant at 21 dager er nok til \u00e5 skape en vane: la oss avlive den falske myten"},{"@type":"BreadcrumbList","@id":"https:\/\/nordnesrepublikken.no\/index.php\/2026\/01\/25\/det-er-sant-at-21-dager-er-nok-til-a-skape-en-vane-la-oss-avlive-den-falske-myten\/#breadcrumb","itemListElement":[{"@type":"ListItem","position":1,"name":"Home","item":"https:\/\/nordnesrepublikken.no\/"},{"@type":"ListItem","position":2,"name":"Det er sant at 21 dager er nok til \u00e5 skape en vane: la oss avlive den falske myten"}]},{"@type":"WebSite","@id":"https:\/\/nordnesrepublikken.no\/#website","url":"https:\/\/nordnesrepublikken.no\/","name":"Nordnesrepublikken","description":"Stemmer og Visjoner fra Republikkens Hjerte","publisher":{"@id":"https:\/\/nordnesrepublikken.no\/#organization"},"potentialAction":[{"@type":"SearchAction","target":{"@type":"EntryPoint","urlTemplate":"https:\/\/nordnesrepublikken.no\/?s={search_term_string}"},"query-input":{"@type":"PropertyValueSpecification","valueRequired":true,"valueName":"search_term_string"}}],"inLanguage":"nb-NO"},{"@type":"Organization","@id":"https:\/\/nordnesrepublikken.no\/#organization","name":"Nordnesrepublikken","url":"https:\/\/nordnesrepublikken.no\/","logo":{"@type":"ImageObject","inLanguage":"nb-NO","@id":"https:\/\/nordnesrepublikken.no\/#\/schema\/logo\/image\/","url":"https:\/\/nordnesrepublikken.no\/wp-content\/uploads\/2025\/02\/cropped-nordnesrepublikken-2.png","contentUrl":"https:\/\/nordnesrepublikken.no\/wp-content\/uploads\/2025\/02\/cropped-nordnesrepublikken-2.png","width":1248,"height":362,"caption":"Nordnesrepublikken"},"image":{"@id":"https:\/\/nordnesrepublikken.no\/#\/schema\/logo\/image\/"}},{"@type":"Person","@id":"https:\/\/nordnesrepublikken.no\/#\/schema\/person\/2e7e81935bab77882fffb79296240ff1","name":"Ole Andersen","image":{"@type":"ImageObject","inLanguage":"nb-NO","@id":"https:\/\/nordnesrepublikken.no\/#\/schema\/person\/image\/","url":"https:\/\/nordnesrepublikken.no\/wp-content\/uploads\/2025\/02\/nordnesrepublikken-2-2-150x150.jpg","contentUrl":"https:\/\/nordnesrepublikken.no\/wp-content\/uploads\/2025\/02\/nordnesrepublikken-2-2-150x150.jpg","caption":"Ole Andersen"},"description":"Ettersom jeg vokste opp i Oslo, har jeg alltid v\u00e6rt fascinert av ordenes kraft og deres evne til \u00e5 skape endringer. Etter \u00e5 ha fullf\u00f8rt min utdannelse i kommunikasjon ved Universitetet i Bergen, fikk jeg muligheten til \u00e5 jobbe innen ulike medier, der jeg har s\u00f8kt \u00e5 belyse viktige samfunnssp\u00f8rsm\u00e5l. I dag, som redakt\u00f8r for Nordnesrepublikken, pr\u00f8ver jeg \u00e5 forene min kj\u00e6rlighet for journalistikk med min lidenskap for innovasjon og eventyr.","sameAs":["https:\/\/nordnesrepublikken.no\/"]}]}},"_links":{"self":[{"href":"https:\/\/nordnesrepublikken.no\/index.php\/wp-json\/wp\/v2\/posts\/14206","targetHints":{"allow":["GET"]}}],"collection":[{"href":"https:\/\/nordnesrepublikken.no\/index.php\/wp-json\/wp\/v2\/posts"}],"about":[{"href":"https:\/\/nordnesrepublikken.no\/index.php\/wp-json\/wp\/v2\/types\/post"}],"author":[{"embeddable":true,"href":"https:\/\/nordnesrepublikken.no\/index.php\/wp-json\/wp\/v2\/users\/1"}],"replies":[{"embeddable":true,"href":"https:\/\/nordnesrepublikken.no\/index.php\/wp-json\/wp\/v2\/comments?post=14206"}],"version-history":[{"count":1,"href":"https:\/\/nordnesrepublikken.no\/index.php\/wp-json\/wp\/v2\/posts\/14206\/revisions"}],"predecessor-version":[{"id":14208,"href":"https:\/\/nordnesrepublikken.no\/index.php\/wp-json\/wp\/v2\/posts\/14206\/revisions\/14208"}],"wp:featuredmedia":[{"embeddable":true,"href":"https:\/\/nordnesrepublikken.no\/index.php\/wp-json\/wp\/v2\/media\/14207"}],"wp:attachment":[{"href":"https:\/\/nordnesrepublikken.no\/index.php\/wp-json\/wp\/v2\/media?parent=14206"}],"wp:term":[{"taxonomy":"category","embeddable":true,"href":"https:\/\/nordnesrepublikken.no\/index.php\/wp-json\/wp\/v2\/categories?post=14206"},{"taxonomy":"post_tag","embeddable":true,"href":"https:\/\/nordnesrepublikken.no\/index.php\/wp-json\/wp\/v2\/tags?post=14206"}],"curies":[{"name":"wp","href":"https:\/\/api.w.org\/{rel}","templated":true}]}}