{"id":14182,"date":"2026-01-24T15:50:54","date_gmt":"2026-01-24T14:50:54","guid":{"rendered":"https:\/\/nordnesrepublikken.no\/index.php\/2026\/01\/24\/hvorfor-det-trilaterale-motet-russland-usa-ukraina-holdes-i-uae\/"},"modified":"2026-01-24T15:50:56","modified_gmt":"2026-01-24T14:50:56","slug":"hvorfor-det-trilaterale-motet-russland-usa-ukraina-holdes-i-uae","status":"publish","type":"post","link":"https:\/\/nordnesrepublikken.no\/index.php\/2026\/01\/24\/hvorfor-det-trilaterale-motet-russland-usa-ukraina-holdes-i-uae\/","title":{"rendered":"Hvorfor det trilaterale m\u00f8tet Russland-USA-Ukraina holdes i UAE"},"content":{"rendered":"<div>\n<div class=\"cp_wrapper cp_wrapper--fw mb-30 mb-20@tablet\">\n<figure class=\"mm\"><picture class=\"img\" style=\"padding-top:56.25%\"><source  media=\"(min-width: 1024px)\"><source  media=\"(min-width: 768px)\"><\/source><\/source><\/picture><\/figure>\n<\/p><\/div>\n<p>Etter nesten fire \u00e5r siden krigen startet <strong>Russland-Ukraina<\/strong>i g\u00e5r<strong> 23. januar<\/strong> det f\u00f8rste m\u00f8tet ble holdt<strong> trilateral <\/strong>mellom Russland, USA og Ukraina ad <strong>Abu Dhabi<\/strong>i De forente arabiske emirater, for \u00e5 pr\u00f8ve \u00e5 finne en <strong>diplomatisk avtale<\/strong> for slutten av krigen mellom Russland og Ukraina. Fokus for m\u00f8tet dreier seg ogs\u00e5 om sp\u00f8rsm\u00e5let om <strong>sikkerhet og stabilitet<\/strong><strong>Ukraina<\/strong> post-konflikt ved permanent v\u00e5penhvile med Russland, og fremfor alt sp\u00f8rsm\u00e5let om <strong>omstridte territorier<\/strong>spesielt Donbass-regionen. Det p\u00e5g\u00e5r forhandlinger i Abu Dhabi, USA <strong>De forente arabiske emirater<\/strong>et land som inntar en stadig mer sentral rolle blant Gulf-landene som f.eks <strong>internasjonal mekler<\/strong>.<\/p>\n<h2><b>Fordi trilateralen finner sted i De forente arabiske emirater<\/b><\/h2>\n<p>De forente arabiske emirater (UAE) har spilt rollen som mekler for en rekke internasjonale forhandlinger ogs\u00e5 tidligere, som mellom <strong>India og Pakistan<\/strong>og ogs\u00e5 for internasjonale konferanser som f.eks <strong>COP28<\/strong> av 2023. Det er ulike faktorer \u00e5 vurdere for \u00e5 forst\u00e5 hvorfor de er valgt som et sted for <strong>diplomatiske avtaler<\/strong> og internasjonale forhandlinger.<\/p>\n<p>Dette er av ulike \u00e5rsaker. F\u00f8rst av alt, for den strategisk balanserte posisjonen til<strong> samarbeid med b\u00e5de Russland og USA<\/strong>. Faktisk, hvis p\u00e5 den ene siden De forente arabiske emirater opprettholder solide forbindelser med USA, p\u00e5 den andre styrker de ogs\u00e5 b\u00e5ndene med Russland, og tilbyr seg selv som et n\u00f8ytralt sted der internasjonale forhandlinger kan f\u00f8res.<\/p>\n<p>Et annet element \u00e5 ta i betraktning er at De forente arabiske emirater er en <strong>\u00f8kende \u00f8konomisk makt<\/strong> og sterke fra et energisynspunkt, med en \u00f8konomi basert p\u00e5 ressurser som gass og olje, derfor har de en sterk vilje til \u00e5 <strong>opprettholde regional stabilitet<\/strong> og solide relasjoner med allianser utenfor Gulf-landene, spesielt i en kontekst med store konflikter og ustabilitet fra et geopolitisk synspunkt.<\/p>\n<p>Videre <strong>geografisk plassering<\/strong>sammen med avansert infrastruktur og teknologi skaper en gunstig kontekst for diplomatiske avtaler. De forente arabiske emirater, sammen med andre Gulf-land, styrker ogs\u00e5 sine b\u00e5nd med<strong> Kina<\/strong> og de etablerer seg som <strong>internasjonale teknologiske makter<\/strong>blant annet innen kunstig intelligens, som for supermakter som USA ogs\u00e5 er avgj\u00f8rende for sp\u00f8rsm\u00e5l knyttet til nasjonal sikkerhet.<\/p>\n<h2><b>H\u00f8ydepunktene i forhandlingene i Abu Dhabi<\/b><\/h2>\n<p>Et av sp\u00f8rsm\u00e5lene i de p\u00e5g\u00e5ende forhandlingene mellom Russland og Ukraina gjelder kontrollen av territoriene til<strong>\u00d8st-Ukraina,<\/strong> spesielt <strong>Donbass<\/strong>. Faktisk krever Russland full kontroll over regionene i <strong>Donetsk <\/strong>Og<strong> Lugansk,<\/strong> og spesielt p\u00e5 omr\u00e5der som <strong>Slovyansk <\/strong>Og<strong> Kramatorsk<\/strong>fortsatt under ukrainsk kontroll.<\/p>\n<div class=\"cp_wrapper cp_wrapper--fw mb-50\">\n<figure class=\"mm\"><picture class=\"img\" style=\"padding-top:67.1875%\"><source  media=\"(min-width: 1024px)\"><source  media=\"(min-width: 768px)\"><img decoding=\"async\" loading=\"lazy\" src=\"https:\/\/nordnesrepublikken.no\/wp-content\/uploads\/2026\/01\/1769266254_965_Hvorfor-det-trilaterale-motet-Russland-USA-Ukraina-holdes-i-UAE.jpg\" alt=\"Bilde\" width=\"1280\" height=\"860\"\/><\/source><\/source><\/picture><\/figure>\n<\/p><\/div>\n<p>USA deltar i Abu Dhabi-trilateralen <strong>Steve Witkoff <\/strong>Og<strong> Jared Kushner<\/strong> og sekret\u00e6ren for h\u00e6ren <strong>Dan Driscoll<\/strong>. P\u00e5 ukrainsk side <strong>Rustem Umerov<\/strong>,<strong> Kyrylo Budanov<\/strong>den diplomatiske r\u00e5dgiveren <strong>Serhii Kyslytsia<\/strong> og sjefen for den ukrainske milit\u00e6re generalstaben <strong>Andrii Hnatov<\/strong>. Russland sendte <strong>Kirill Dmitriev<\/strong> og sjefen for milit\u00e6r etterretning, admiral <strong>Igor Kostyukov<\/strong>. Dette tydeliggj\u00f8r ogs\u00e5 \u00f8nsket om \u00e5 understreke den milit\u00e6re og forsvarsstyrken s\u00e5 vel som den politiske.<\/p>\n<p>Et annet viktig punkt i forhandlingene, i tillegg til Donbass, er det russiske kravet om at Ukraina skal gi opp ambisjonen om \u00e5<strong> bli med i NATO<\/strong> og nekte noen <strong>tilstedev\u00e6relse av NATO-tropper <\/strong>p\u00e5 ukrainsk jord ogs\u00e5 etter en fredsavtale.<\/p>\n<h2><b>Resultatene av den f\u00f8rste forhandlingsdagen<\/b><\/h2>\n<p>Den f\u00f8rste dagen med forhandlinger mellom Russland og Ukraina f\u00f8rte ikke til signering av en avtale. Der <strong>f\u00f8rste utkast<\/strong> ble ikke godt mottatt av Kiev slik det ble vurdert <strong>ubalansert<\/strong> <strong>mot den russiske motparten<\/strong> som deretter avviste p\u00e5f\u00f8lgende utkast. Kjernen er fortsatt territoriell sp\u00f8rsm\u00e5l.<\/p>\n<p>I mellomtiden den ukrainske presidenten <strong>Volodymyr Zelensky<\/strong> erkl\u00e6rte at han var enig med USAs president <strong>Donald Trump<\/strong> en ny forsyning av luftvernsystemet<strong> Patriot<\/strong>med PAC-3 missiler. I mellomtiden kunngjorde EU-kommisjonen ogs\u00e5 en kunngj\u00f8ring om fremtiden til Ukraina<strong> gjenoppbyggingsplan<\/strong>fra tittelen <em>Veikart til velstand: en visjon for Ukraina 2040<\/em>som inkluderer en investeringsplan p\u00e5<strong> 800 milliarder dollar<\/strong> om 10 \u00e5r, mellom offentlig og privat kapital, etter \u00e5 ha oppn\u00e5dd en fredsavtale.<\/p>\n<\/p><\/div>\n","protected":false},"excerpt":{"rendered":"<p>Etter nesten fire \u00e5r siden krigen startet Russland-Ukrainai g\u00e5r 23. januar det f\u00f8rste m\u00f8tet ble<\/p>\n","protected":false},"author":1,"featured_media":14183,"comment_status":"closed","ping_status":"open","sticky":false,"template":"","format":"standard","meta":{"footnotes":""},"categories":[23],"tags":[66,2851,101,5383,9254,9253,9255],"class_list":["post-14182","post","type-post","status-publish","format-standard","has-post-thumbnail","hentry","category-politikk","tag-det","tag-holdes","tag-hvorfor","tag-motet","tag-russlandusaukraina","tag-trilaterale","tag-uae","generate-columns","tablet-grid-50","mobile-grid-100","grid-parent","grid-33","resize-featured-image"],"yoast_head":"<!-- This site is optimized with the Yoast SEO plugin v24.4 - https:\/\/yoast.com\/wordpress\/plugins\/seo\/ -->\n<title>Hvorfor det trilaterale m\u00f8tet Russland-USA-Ukraina holdes i UAE - Nordnesrepublikken<\/title>\n<meta name=\"robots\" content=\"index, follow, max-snippet:-1, max-image-preview:large, max-video-preview:-1\" \/>\n<link rel=\"canonical\" href=\"https:\/\/nordnesrepublikken.no\/index.php\/2026\/01\/24\/hvorfor-det-trilaterale-motet-russland-usa-ukraina-holdes-i-uae\/\" \/>\n<meta property=\"og:locale\" content=\"nb_NO\" \/>\n<meta property=\"og:type\" content=\"article\" \/>\n<meta property=\"og:title\" content=\"Hvorfor det trilaterale m\u00f8tet Russland-USA-Ukraina holdes i UAE - Nordnesrepublikken\" \/>\n<meta property=\"og:description\" content=\"Etter nesten fire \u00e5r siden krigen startet Russland-Ukrainai g\u00e5r 23. januar det f\u00f8rste m\u00f8tet ble\" \/>\n<meta property=\"og:url\" content=\"https:\/\/nordnesrepublikken.no\/index.php\/2026\/01\/24\/hvorfor-det-trilaterale-motet-russland-usa-ukraina-holdes-i-uae\/\" \/>\n<meta property=\"og:site_name\" content=\"Nordnesrepublikken\" \/>\n<meta property=\"article:published_time\" content=\"2026-01-24T14:50:54+00:00\" \/>\n<meta property=\"article:modified_time\" content=\"2026-01-24T14:50:56+00:00\" \/>\n<meta property=\"og:image\" content=\"https:\/\/nordnesrepublikken.no\/wp-content\/uploads\/2026\/01\/1769266255_Hvorfor-det-trilaterale-motet-Russland-USA-Ukraina-holdes-i-UAE.jpg\" \/>\n\t<meta property=\"og:image:width\" content=\"1280\" \/>\n\t<meta property=\"og:image:height\" content=\"960\" \/>\n\t<meta property=\"og:image:type\" content=\"image\/jpeg\" \/>\n<meta name=\"author\" content=\"Ole Andersen\" \/>\n<meta name=\"twitter:card\" content=\"summary_large_image\" \/>\n<meta name=\"twitter:label1\" content=\"Skrevet av\" \/>\n\t<meta name=\"twitter:data1\" content=\"Ole Andersen\" \/>\n\t<meta name=\"twitter:label2\" content=\"Ansl. lesetid\" \/>\n\t<meta name=\"twitter:data2\" content=\"3 minutter\" \/>\n<script type=\"application\/ld+json\" class=\"yoast-schema-graph\">{\"@context\":\"https:\/\/schema.org\",\"@graph\":[{\"@type\":\"Article\",\"@id\":\"https:\/\/nordnesrepublikken.no\/index.php\/2026\/01\/24\/hvorfor-det-trilaterale-motet-russland-usa-ukraina-holdes-i-uae\/#article\",\"isPartOf\":{\"@id\":\"https:\/\/nordnesrepublikken.no\/index.php\/2026\/01\/24\/hvorfor-det-trilaterale-motet-russland-usa-ukraina-holdes-i-uae\/\"},\"author\":{\"name\":\"Ole Andersen\",\"@id\":\"https:\/\/nordnesrepublikken.no\/#\/schema\/person\/2e7e81935bab77882fffb79296240ff1\"},\"headline\":\"Hvorfor det trilaterale m\u00f8tet Russland-USA-Ukraina holdes i UAE\",\"datePublished\":\"2026-01-24T14:50:54+00:00\",\"dateModified\":\"2026-01-24T14:50:56+00:00\",\"mainEntityOfPage\":{\"@id\":\"https:\/\/nordnesrepublikken.no\/index.php\/2026\/01\/24\/hvorfor-det-trilaterale-motet-russland-usa-ukraina-holdes-i-uae\/\"},\"wordCount\":646,\"publisher\":{\"@id\":\"https:\/\/nordnesrepublikken.no\/#organization\"},\"image\":{\"@id\":\"https:\/\/nordnesrepublikken.no\/index.php\/2026\/01\/24\/hvorfor-det-trilaterale-motet-russland-usa-ukraina-holdes-i-uae\/#primaryimage\"},\"thumbnailUrl\":\"https:\/\/nordnesrepublikken.no\/wp-content\/uploads\/2026\/01\/1769266255_Hvorfor-det-trilaterale-motet-Russland-USA-Ukraina-holdes-i-UAE.jpg\",\"keywords\":[\"Det\",\"holdes\",\"hvorfor\",\"m\u00f8tet\",\"RusslandUSAUkraina\",\"trilaterale\",\"UAE\"],\"articleSection\":[\"Politikk\"],\"inLanguage\":\"nb-NO\"},{\"@type\":\"WebPage\",\"@id\":\"https:\/\/nordnesrepublikken.no\/index.php\/2026\/01\/24\/hvorfor-det-trilaterale-motet-russland-usa-ukraina-holdes-i-uae\/\",\"url\":\"https:\/\/nordnesrepublikken.no\/index.php\/2026\/01\/24\/hvorfor-det-trilaterale-motet-russland-usa-ukraina-holdes-i-uae\/\",\"name\":\"Hvorfor det trilaterale m\u00f8tet Russland-USA-Ukraina holdes i UAE - Nordnesrepublikken\",\"isPartOf\":{\"@id\":\"https:\/\/nordnesrepublikken.no\/#website\"},\"primaryImageOfPage\":{\"@id\":\"https:\/\/nordnesrepublikken.no\/index.php\/2026\/01\/24\/hvorfor-det-trilaterale-motet-russland-usa-ukraina-holdes-i-uae\/#primaryimage\"},\"image\":{\"@id\":\"https:\/\/nordnesrepublikken.no\/index.php\/2026\/01\/24\/hvorfor-det-trilaterale-motet-russland-usa-ukraina-holdes-i-uae\/#primaryimage\"},\"thumbnailUrl\":\"https:\/\/nordnesrepublikken.no\/wp-content\/uploads\/2026\/01\/1769266255_Hvorfor-det-trilaterale-motet-Russland-USA-Ukraina-holdes-i-UAE.jpg\",\"datePublished\":\"2026-01-24T14:50:54+00:00\",\"dateModified\":\"2026-01-24T14:50:56+00:00\",\"breadcrumb\":{\"@id\":\"https:\/\/nordnesrepublikken.no\/index.php\/2026\/01\/24\/hvorfor-det-trilaterale-motet-russland-usa-ukraina-holdes-i-uae\/#breadcrumb\"},\"inLanguage\":\"nb-NO\",\"potentialAction\":[{\"@type\":\"ReadAction\",\"target\":[\"https:\/\/nordnesrepublikken.no\/index.php\/2026\/01\/24\/hvorfor-det-trilaterale-motet-russland-usa-ukraina-holdes-i-uae\/\"]}]},{\"@type\":\"ImageObject\",\"inLanguage\":\"nb-NO\",\"@id\":\"https:\/\/nordnesrepublikken.no\/index.php\/2026\/01\/24\/hvorfor-det-trilaterale-motet-russland-usa-ukraina-holdes-i-uae\/#primaryimage\",\"url\":\"https:\/\/nordnesrepublikken.no\/wp-content\/uploads\/2026\/01\/1769266255_Hvorfor-det-trilaterale-motet-Russland-USA-Ukraina-holdes-i-UAE.jpg\",\"contentUrl\":\"https:\/\/nordnesrepublikken.no\/wp-content\/uploads\/2026\/01\/1769266255_Hvorfor-det-trilaterale-motet-Russland-USA-Ukraina-holdes-i-UAE.jpg\",\"width\":1280,\"height\":960,\"caption\":\"Hvorfor det trilaterale m\u00f8tet Russland-USA-Ukraina holdes i UAE\"},{\"@type\":\"BreadcrumbList\",\"@id\":\"https:\/\/nordnesrepublikken.no\/index.php\/2026\/01\/24\/hvorfor-det-trilaterale-motet-russland-usa-ukraina-holdes-i-uae\/#breadcrumb\",\"itemListElement\":[{\"@type\":\"ListItem\",\"position\":1,\"name\":\"Home\",\"item\":\"https:\/\/nordnesrepublikken.no\/\"},{\"@type\":\"ListItem\",\"position\":2,\"name\":\"Hvorfor det trilaterale m\u00f8tet Russland-USA-Ukraina holdes i UAE\"}]},{\"@type\":\"WebSite\",\"@id\":\"https:\/\/nordnesrepublikken.no\/#website\",\"url\":\"https:\/\/nordnesrepublikken.no\/\",\"name\":\"Nordnesrepublikken\",\"description\":\"Stemmer og Visjoner fra Republikkens Hjerte\",\"publisher\":{\"@id\":\"https:\/\/nordnesrepublikken.no\/#organization\"},\"potentialAction\":[{\"@type\":\"SearchAction\",\"target\":{\"@type\":\"EntryPoint\",\"urlTemplate\":\"https:\/\/nordnesrepublikken.no\/?s={search_term_string}\"},\"query-input\":{\"@type\":\"PropertyValueSpecification\",\"valueRequired\":true,\"valueName\":\"search_term_string\"}}],\"inLanguage\":\"nb-NO\"},{\"@type\":\"Organization\",\"@id\":\"https:\/\/nordnesrepublikken.no\/#organization\",\"name\":\"Nordnesrepublikken\",\"url\":\"https:\/\/nordnesrepublikken.no\/\",\"logo\":{\"@type\":\"ImageObject\",\"inLanguage\":\"nb-NO\",\"@id\":\"https:\/\/nordnesrepublikken.no\/#\/schema\/logo\/image\/\",\"url\":\"https:\/\/nordnesrepublikken.no\/wp-content\/uploads\/2025\/02\/cropped-nordnesrepublikken-2.png\",\"contentUrl\":\"https:\/\/nordnesrepublikken.no\/wp-content\/uploads\/2025\/02\/cropped-nordnesrepublikken-2.png\",\"width\":1248,\"height\":362,\"caption\":\"Nordnesrepublikken\"},\"image\":{\"@id\":\"https:\/\/nordnesrepublikken.no\/#\/schema\/logo\/image\/\"}},{\"@type\":\"Person\",\"@id\":\"https:\/\/nordnesrepublikken.no\/#\/schema\/person\/2e7e81935bab77882fffb79296240ff1\",\"name\":\"Ole Andersen\",\"image\":{\"@type\":\"ImageObject\",\"inLanguage\":\"nb-NO\",\"@id\":\"https:\/\/nordnesrepublikken.no\/#\/schema\/person\/image\/\",\"url\":\"https:\/\/nordnesrepublikken.no\/wp-content\/uploads\/2025\/02\/nordnesrepublikken-2-2-150x150.jpg\",\"contentUrl\":\"https:\/\/nordnesrepublikken.no\/wp-content\/uploads\/2025\/02\/nordnesrepublikken-2-2-150x150.jpg\",\"caption\":\"Ole Andersen\"},\"description\":\"Ettersom jeg vokste opp i Oslo, har jeg alltid v\u00e6rt fascinert av ordenes kraft og deres evne til \u00e5 skape endringer. Etter \u00e5 ha fullf\u00f8rt min utdannelse i kommunikasjon ved Universitetet i Bergen, fikk jeg muligheten til \u00e5 jobbe innen ulike medier, der jeg har s\u00f8kt \u00e5 belyse viktige samfunnssp\u00f8rsm\u00e5l. I dag, som redakt\u00f8r for Nordnesrepublikken, pr\u00f8ver jeg \u00e5 forene min kj\u00e6rlighet for journalistikk med min lidenskap for innovasjon og eventyr.\",\"sameAs\":[\"https:\/\/nordnesrepublikken.no\/\"]}]}<\/script>\n<!-- \/ Yoast SEO plugin. -->","yoast_head_json":{"title":"Hvorfor det trilaterale m\u00f8tet Russland-USA-Ukraina holdes i UAE - Nordnesrepublikken","robots":{"index":"index","follow":"follow","max-snippet":"max-snippet:-1","max-image-preview":"max-image-preview:large","max-video-preview":"max-video-preview:-1"},"canonical":"https:\/\/nordnesrepublikken.no\/index.php\/2026\/01\/24\/hvorfor-det-trilaterale-motet-russland-usa-ukraina-holdes-i-uae\/","og_locale":"nb_NO","og_type":"article","og_title":"Hvorfor det trilaterale m\u00f8tet Russland-USA-Ukraina holdes i UAE - Nordnesrepublikken","og_description":"Etter nesten fire \u00e5r siden krigen startet Russland-Ukrainai g\u00e5r 23. januar det f\u00f8rste m\u00f8tet ble","og_url":"https:\/\/nordnesrepublikken.no\/index.php\/2026\/01\/24\/hvorfor-det-trilaterale-motet-russland-usa-ukraina-holdes-i-uae\/","og_site_name":"Nordnesrepublikken","article_published_time":"2026-01-24T14:50:54+00:00","article_modified_time":"2026-01-24T14:50:56+00:00","og_image":[{"width":1280,"height":960,"url":"https:\/\/nordnesrepublikken.no\/wp-content\/uploads\/2026\/01\/1769266255_Hvorfor-det-trilaterale-motet-Russland-USA-Ukraina-holdes-i-UAE.jpg","type":"image\/jpeg"}],"author":"Ole Andersen","twitter_card":"summary_large_image","twitter_misc":{"Skrevet av":"Ole Andersen","Ansl. lesetid":"3 minutter"},"schema":{"@context":"https:\/\/schema.org","@graph":[{"@type":"Article","@id":"https:\/\/nordnesrepublikken.no\/index.php\/2026\/01\/24\/hvorfor-det-trilaterale-motet-russland-usa-ukraina-holdes-i-uae\/#article","isPartOf":{"@id":"https:\/\/nordnesrepublikken.no\/index.php\/2026\/01\/24\/hvorfor-det-trilaterale-motet-russland-usa-ukraina-holdes-i-uae\/"},"author":{"name":"Ole Andersen","@id":"https:\/\/nordnesrepublikken.no\/#\/schema\/person\/2e7e81935bab77882fffb79296240ff1"},"headline":"Hvorfor det trilaterale m\u00f8tet Russland-USA-Ukraina holdes i UAE","datePublished":"2026-01-24T14:50:54+00:00","dateModified":"2026-01-24T14:50:56+00:00","mainEntityOfPage":{"@id":"https:\/\/nordnesrepublikken.no\/index.php\/2026\/01\/24\/hvorfor-det-trilaterale-motet-russland-usa-ukraina-holdes-i-uae\/"},"wordCount":646,"publisher":{"@id":"https:\/\/nordnesrepublikken.no\/#organization"},"image":{"@id":"https:\/\/nordnesrepublikken.no\/index.php\/2026\/01\/24\/hvorfor-det-trilaterale-motet-russland-usa-ukraina-holdes-i-uae\/#primaryimage"},"thumbnailUrl":"https:\/\/nordnesrepublikken.no\/wp-content\/uploads\/2026\/01\/1769266255_Hvorfor-det-trilaterale-motet-Russland-USA-Ukraina-holdes-i-UAE.jpg","keywords":["Det","holdes","hvorfor","m\u00f8tet","RusslandUSAUkraina","trilaterale","UAE"],"articleSection":["Politikk"],"inLanguage":"nb-NO"},{"@type":"WebPage","@id":"https:\/\/nordnesrepublikken.no\/index.php\/2026\/01\/24\/hvorfor-det-trilaterale-motet-russland-usa-ukraina-holdes-i-uae\/","url":"https:\/\/nordnesrepublikken.no\/index.php\/2026\/01\/24\/hvorfor-det-trilaterale-motet-russland-usa-ukraina-holdes-i-uae\/","name":"Hvorfor det trilaterale m\u00f8tet Russland-USA-Ukraina holdes i UAE - Nordnesrepublikken","isPartOf":{"@id":"https:\/\/nordnesrepublikken.no\/#website"},"primaryImageOfPage":{"@id":"https:\/\/nordnesrepublikken.no\/index.php\/2026\/01\/24\/hvorfor-det-trilaterale-motet-russland-usa-ukraina-holdes-i-uae\/#primaryimage"},"image":{"@id":"https:\/\/nordnesrepublikken.no\/index.php\/2026\/01\/24\/hvorfor-det-trilaterale-motet-russland-usa-ukraina-holdes-i-uae\/#primaryimage"},"thumbnailUrl":"https:\/\/nordnesrepublikken.no\/wp-content\/uploads\/2026\/01\/1769266255_Hvorfor-det-trilaterale-motet-Russland-USA-Ukraina-holdes-i-UAE.jpg","datePublished":"2026-01-24T14:50:54+00:00","dateModified":"2026-01-24T14:50:56+00:00","breadcrumb":{"@id":"https:\/\/nordnesrepublikken.no\/index.php\/2026\/01\/24\/hvorfor-det-trilaterale-motet-russland-usa-ukraina-holdes-i-uae\/#breadcrumb"},"inLanguage":"nb-NO","potentialAction":[{"@type":"ReadAction","target":["https:\/\/nordnesrepublikken.no\/index.php\/2026\/01\/24\/hvorfor-det-trilaterale-motet-russland-usa-ukraina-holdes-i-uae\/"]}]},{"@type":"ImageObject","inLanguage":"nb-NO","@id":"https:\/\/nordnesrepublikken.no\/index.php\/2026\/01\/24\/hvorfor-det-trilaterale-motet-russland-usa-ukraina-holdes-i-uae\/#primaryimage","url":"https:\/\/nordnesrepublikken.no\/wp-content\/uploads\/2026\/01\/1769266255_Hvorfor-det-trilaterale-motet-Russland-USA-Ukraina-holdes-i-UAE.jpg","contentUrl":"https:\/\/nordnesrepublikken.no\/wp-content\/uploads\/2026\/01\/1769266255_Hvorfor-det-trilaterale-motet-Russland-USA-Ukraina-holdes-i-UAE.jpg","width":1280,"height":960,"caption":"Hvorfor det trilaterale m\u00f8tet Russland-USA-Ukraina holdes i UAE"},{"@type":"BreadcrumbList","@id":"https:\/\/nordnesrepublikken.no\/index.php\/2026\/01\/24\/hvorfor-det-trilaterale-motet-russland-usa-ukraina-holdes-i-uae\/#breadcrumb","itemListElement":[{"@type":"ListItem","position":1,"name":"Home","item":"https:\/\/nordnesrepublikken.no\/"},{"@type":"ListItem","position":2,"name":"Hvorfor det trilaterale m\u00f8tet Russland-USA-Ukraina holdes i UAE"}]},{"@type":"WebSite","@id":"https:\/\/nordnesrepublikken.no\/#website","url":"https:\/\/nordnesrepublikken.no\/","name":"Nordnesrepublikken","description":"Stemmer og Visjoner fra Republikkens Hjerte","publisher":{"@id":"https:\/\/nordnesrepublikken.no\/#organization"},"potentialAction":[{"@type":"SearchAction","target":{"@type":"EntryPoint","urlTemplate":"https:\/\/nordnesrepublikken.no\/?s={search_term_string}"},"query-input":{"@type":"PropertyValueSpecification","valueRequired":true,"valueName":"search_term_string"}}],"inLanguage":"nb-NO"},{"@type":"Organization","@id":"https:\/\/nordnesrepublikken.no\/#organization","name":"Nordnesrepublikken","url":"https:\/\/nordnesrepublikken.no\/","logo":{"@type":"ImageObject","inLanguage":"nb-NO","@id":"https:\/\/nordnesrepublikken.no\/#\/schema\/logo\/image\/","url":"https:\/\/nordnesrepublikken.no\/wp-content\/uploads\/2025\/02\/cropped-nordnesrepublikken-2.png","contentUrl":"https:\/\/nordnesrepublikken.no\/wp-content\/uploads\/2025\/02\/cropped-nordnesrepublikken-2.png","width":1248,"height":362,"caption":"Nordnesrepublikken"},"image":{"@id":"https:\/\/nordnesrepublikken.no\/#\/schema\/logo\/image\/"}},{"@type":"Person","@id":"https:\/\/nordnesrepublikken.no\/#\/schema\/person\/2e7e81935bab77882fffb79296240ff1","name":"Ole Andersen","image":{"@type":"ImageObject","inLanguage":"nb-NO","@id":"https:\/\/nordnesrepublikken.no\/#\/schema\/person\/image\/","url":"https:\/\/nordnesrepublikken.no\/wp-content\/uploads\/2025\/02\/nordnesrepublikken-2-2-150x150.jpg","contentUrl":"https:\/\/nordnesrepublikken.no\/wp-content\/uploads\/2025\/02\/nordnesrepublikken-2-2-150x150.jpg","caption":"Ole Andersen"},"description":"Ettersom jeg vokste opp i Oslo, har jeg alltid v\u00e6rt fascinert av ordenes kraft og deres evne til \u00e5 skape endringer. Etter \u00e5 ha fullf\u00f8rt min utdannelse i kommunikasjon ved Universitetet i Bergen, fikk jeg muligheten til \u00e5 jobbe innen ulike medier, der jeg har s\u00f8kt \u00e5 belyse viktige samfunnssp\u00f8rsm\u00e5l. I dag, som redakt\u00f8r for Nordnesrepublikken, pr\u00f8ver jeg \u00e5 forene min kj\u00e6rlighet for journalistikk med min lidenskap for innovasjon og eventyr.","sameAs":["https:\/\/nordnesrepublikken.no\/"]}]}},"_links":{"self":[{"href":"https:\/\/nordnesrepublikken.no\/index.php\/wp-json\/wp\/v2\/posts\/14182","targetHints":{"allow":["GET"]}}],"collection":[{"href":"https:\/\/nordnesrepublikken.no\/index.php\/wp-json\/wp\/v2\/posts"}],"about":[{"href":"https:\/\/nordnesrepublikken.no\/index.php\/wp-json\/wp\/v2\/types\/post"}],"author":[{"embeddable":true,"href":"https:\/\/nordnesrepublikken.no\/index.php\/wp-json\/wp\/v2\/users\/1"}],"replies":[{"embeddable":true,"href":"https:\/\/nordnesrepublikken.no\/index.php\/wp-json\/wp\/v2\/comments?post=14182"}],"version-history":[{"count":1,"href":"https:\/\/nordnesrepublikken.no\/index.php\/wp-json\/wp\/v2\/posts\/14182\/revisions"}],"predecessor-version":[{"id":14184,"href":"https:\/\/nordnesrepublikken.no\/index.php\/wp-json\/wp\/v2\/posts\/14182\/revisions\/14184"}],"wp:featuredmedia":[{"embeddable":true,"href":"https:\/\/nordnesrepublikken.no\/index.php\/wp-json\/wp\/v2\/media\/14183"}],"wp:attachment":[{"href":"https:\/\/nordnesrepublikken.no\/index.php\/wp-json\/wp\/v2\/media?parent=14182"}],"wp:term":[{"taxonomy":"category","embeddable":true,"href":"https:\/\/nordnesrepublikken.no\/index.php\/wp-json\/wp\/v2\/categories?post=14182"},{"taxonomy":"post_tag","embeddable":true,"href":"https:\/\/nordnesrepublikken.no\/index.php\/wp-json\/wp\/v2\/tags?post=14182"}],"curies":[{"name":"wp","href":"https:\/\/api.w.org\/{rel}","templated":true}]}}