{"id":14176,"date":"2026-01-24T10:50:40","date_gmt":"2026-01-24T09:50:40","guid":{"rendered":"https:\/\/nordnesrepublikken.no\/index.php\/2026\/01\/24\/en-ny-studie-avslorer-hvordan-de-dannes-i-det-apne-hav\/"},"modified":"2026-01-24T10:50:43","modified_gmt":"2026-01-24T09:50:43","slug":"en-ny-studie-avslorer-hvordan-de-dannes-i-det-apne-hav","status":"publish","type":"post","link":"https:\/\/nordnesrepublikken.no\/index.php\/2026\/01\/24\/en-ny-studie-avslorer-hvordan-de-dannes-i-det-apne-hav\/","title":{"rendered":"en ny studie avsl\u00f8rer hvordan de dannes i det \u00e5pne hav"},"content":{"rendered":"<div>\n<div class=\"cp_wrapper cp_wrapper--fw mb-30 mb-20@tablet\">\n<figure class=\"mm\"><picture class=\"img\" style=\"padding-top:56.25%\"><source  media=\"(min-width: 1024px)\"><source  media=\"(min-width: 768px)\"><\/source><\/source><\/picture><\/figure>\n<\/p><\/div>\n<p>I \u00e5rhundrer ansett som en frukt av fantasien til sj\u00f8menn, den <strong>b\u00f8lger<\/strong> <strong>unormalt<\/strong> og prosessene som ligger til grunn for deres dannelse har lenge v\u00e6rt uklare. Omtrent<strong> tretti \u00e5r fra den f\u00f8rste instrumentelle m\u00e5lingen<\/strong> av en useri\u00f8s b\u00f8lge h\u00f8yt utenfor <strong>25<\/strong> <strong>meter<\/strong>kunne et internasjonalt forskerteam ha klargjort dannelsesmekanismen og sporet den tilbake til fenomenene <strong>konstruktiv interferens<\/strong> og naturlig <strong>asymmetri<\/strong> av havb\u00f8lger. De <strong>b\u00f8lger<\/strong> <strong>unormalt <\/strong>(p\u00e5 engelsk <em>useri\u00f8se b\u00f8lger)<\/em>de er sj\u00f8b\u00f8lger <strong>plutselig<\/strong> og <strong>unntaksvis<\/strong> <strong>h\u00f8y<\/strong> som i \u00e5rhundrer har v\u00e6rt en del av <strong>folklore<\/strong> <strong>maritime<\/strong>ofte betraktet som en <strong>myte<\/strong> eller frukten av historier overlevert og <strong>forsterket<\/strong> <strong>av sj\u00f8menn<\/strong>.<\/p>\n<p>Tanken om at en isolert b\u00f8lge, med en h\u00f8yde lik minst det dobbelte av det omkringliggende havet, faktisk var vanskelig \u00e5 forene med vitenskapelig kunnskap og line\u00e6re modeller av havet. Imidlertid, i <strong>1995<\/strong>a <strong>sensor<\/strong> <strong>laser<\/strong> installert p\u00e5 oljeplattformen, i <strong>Sj\u00f8<\/strong> <strong>av nord<\/strong>160 km fra norskekysten, registrerte en h\u00f8y b\u00f8lge <strong>25,6 meter.<\/strong> Senere navngitt <strong>Draupner Wave,<\/strong> det var den f\u00f8rste useri\u00f8se b\u00f8lgen som noen gang ble oppdaget og ga en definitiv bekreftelse p\u00e5 eksistensen av disse ekstreme marine hendelsene. Tallrike andre useri\u00f8se b\u00f8lger ble m\u00e5lt i \u00e5rene som kommer. I november <strong>2020<\/strong>en h\u00f8y b\u00f8lge <strong>17,6 meter<\/strong> ble m\u00e5lt utenfor kysten av Ucluelet, kanadiske British Columbia. Selv om den ikke n\u00e5dde h\u00f8yden til Draupner-b\u00f8lgen, regnes den som en av de mest ekstreme som noen gang er registrert, da h\u00f8yden langt oversteg <strong>tre ganger<\/strong> b\u00f8lgene rundt.<\/p>\n<h2>Hvordan unormale b\u00f8lger dannes: \u00e5rsakene<\/h2>\n<p>Ulike teorier har blitt formulert for \u00e5 forklare dannelsen av unormale b\u00f8lger, noen ganske bisarre. De siste \u00e5rene har den mest akkrediterte modellen tatt utgangspunkt i<strong>modul\u00e6r ustabilitet<\/strong>: et ikke-line\u00e6rt og komplekst fysisk fenomen, der sm\u00e5 forstyrrelser i strukturen til en gruppe b\u00f8lger forsterkes i tid og rom, noe som for\u00e5rsaker <strong>energioverf\u00f8ring<\/strong> mot en enkelt b\u00f8lge som raskt vokser til den blir dominerende i systemet. Imidlertid, a <strong>ny studie<\/strong> stiller sp\u00f8rsm\u00e5l ved denne tolkningen og argumenterer for at modellen bare er gyldig under spesielle forhold, det vil si n\u00e5r b\u00f8lgene er <strong>innesperret<\/strong> og tvunget til \u00e5 forplante seg langs en enkelt retning, slik som skjer innenfor en kanal.<\/p>\n<div class=\"cp_wrapper cp_wrapper--fw mb-50\">\n<figure class=\"mm\"><picture class=\"img\" style=\"padding-top:171.76079734219%\"><source  media=\"(min-width: 1024px)\"><source  media=\"(min-width: 768px)\"><img decoding=\"async\" loading=\"lazy\" src=\"https:\/\/nordnesrepublikken.no\/wp-content\/uploads\/2026\/01\/1769248239_451_en-ny-studie-avslorer-hvordan-de-dannes-i-det-apne.jpg\" alt=\"Sjeldent bilde av en useri\u00f8s b\u00f8lge. Kreditt: ESA.\" width=\"602\" height=\"1034\"\/><\/source><\/source><\/picture><\/figure>\n<\/p><\/div>\n<p>La oss ta et eksempel: se for deg en mengde tilskuere som str\u00f8mmer ut fra et stadion gjennom en<strong>bare utgang<\/strong> som f\u00f8rer til en korridor. I dette scenariet, som kan ligne oppf\u00f8rselen til en freak-b\u00f8lge, blir folk tvunget til \u00e5 bevege seg i samme retning, og samles til de hoper seg opp. Tvert imot, hvis stadionutgangen \u00e5pnet mot en<strong>stort torg<\/strong>ville tilskuere spre seg fritt i flere retninger, uten \u00e5 konsentrere seg i en enkelt str\u00f8m. Denne analogien, selv om den er bevisst forenklet, bidrar til \u00e5 klargj\u00f8re hvorfor den modul\u00e6re ustabilitetsmodellen kanskje ikke kan brukes p\u00e5 \u00e5pent hav: <strong>frav\u00e6r av innesperring<\/strong>er b\u00f8lgene ikke begrenset til \u00e5 forplante seg langs en enkelt retning, og energioverf\u00f8ringen har derfor ikke en tendens til \u00e5 konsentrere seg i en enkelt dominerende b\u00f8lge.<\/p>\n<div class=\"cp_wrapper cp_wrapper--fw mb-50\">\n<figure class=\"mm\"><picture class=\"img\" style=\"padding-top:125.83798882682%\"><source  media=\"(min-width: 1024px)\"><source  media=\"(min-width: 768px)\"><img decoding=\"async\" loading=\"lazy\" src=\"https:\/\/nordnesrepublikken.no\/wp-content\/uploads\/2026\/01\/en-ny-studie-avslorer-hvordan-de-dannes-i-det-apne.jpeg\" alt=\"Effekten av en useri\u00f8s b\u00f8lge mot en halvt nedsenkbar plattform. Kreditt: Wikimedia Commons.\" width=\"716\" height=\"901\" class=\"js-seedtag-img\"\/><\/source><\/source><\/picture><\/figure>\n<\/p><\/div>\n<h2>Hva den nye studien sier<\/h2>\n<p>I den nye studien antyder imidlertid forskerne at veksten av unormale b\u00f8lger hovedsakelig er knyttet til et fysisk fenomen som er felles for forskjellige typer b\u00f8lger:<strong>konstruktiv interferens<\/strong>. I f\u00f8lge denne modellen er <em>useri\u00f8se b\u00f8lger<\/em> ville dannes n\u00e5r mer vanlige b\u00f8lger <strong>konvergere og samhandle med hverandre<\/strong>som sikrer at under gunstige forhold for fase og retning, deres <strong>energi legger seg opp<\/strong> og gir opphav til en b\u00f8lge betydelig h\u00f8yere enn de omkringliggende. Denne effekten forsterkes ytterligere av <strong>naturlig asymmetri<\/strong> <strong>av havb\u00f8lger<\/strong>preget av rygger har en tendens til \u00e5 v\u00e6re skarpere og brattere enn flatere kabler (dvs. konkaviitetene mellom to rygger), noe som gj\u00f8r konstruktiv interferens mer effektiv n\u00e5r det gjelder \u00e5 produsere ekstreme b\u00f8lger. Rogue b\u00f8lger dannes og forsvinner p\u00e5 sv\u00e6rt kort tid, ofte innenfor <strong>mindre enn et minutt<\/strong>. N\u00e5r en b\u00f8lge vokser over en viss kritisk terskel for h\u00f8yde og energi, kan den ikke lenger opprettholde seg selv, blir ustabil og kollapser raskt.<\/p>\n<p>For \u00e5 komme til disse konklusjonene gjorde forfatterne av studien en god analyse <strong>27.505 sj\u00f8h\u00f8ydem\u00e5linger<\/strong>registrert hvert 30. minutt, mellom 2003 og 2020, ved bruk av laserinstrumenter installert p\u00e5 Ekofisk oljeplattform, i <strong>Hav av<\/strong> <strong>Nord<\/strong>. Resultatene av studien ble publisert p\u00e5<strong> 1. juli 2025<\/strong> i det internasjonale vitenskapelige tidsskriftet <em>Vitenskapelige rapporter.<\/em><\/p>\n<div class=\"cp_wrapper cp_wrapper--fw mb-50\">\n<figure class=\"mm\"><picture class=\"img\" style=\"padding-top:113.02170283806%\"><source  media=\"(min-width: 1024px)\"><source  media=\"(min-width: 768px)\"><img decoding=\"async\" loading=\"lazy\" src=\"https:\/\/nordnesrepublikken.no\/wp-content\/uploads\/2026\/01\/1769248240_180_en-ny-studie-avslorer-hvordan-de-dannes-i-det-apne.jpg\" alt=\"Skader produsert av en useri\u00f8s b\u00f8lge. Kreditt: ESA.\" width=\"599\" height=\"677\"\/><\/source><\/source><\/picture><\/figure>\n<\/p><\/div>\n<\/p><\/div>\n","protected":false},"excerpt":{"rendered":"<p>I \u00e5rhundrer ansett som en frukt av fantasien til sj\u00f8menn, den b\u00f8lger unormalt og prosessene<\/p>\n","protected":false},"author":1,"featured_media":14177,"comment_status":"closed","ping_status":"open","sticky":false,"template":"","format":"standard","meta":{"footnotes":""},"categories":[26],"tags":[518,240,4178,66,6452,112,1681],"class_list":["post-14176","post","type-post","status-publish","format-standard","has-post-thumbnail","hentry","category-miljo","tag-apne","tag-avslorer","tag-dannes","tag-det","tag-hav","tag-hvordan","tag-studie","generate-columns","tablet-grid-50","mobile-grid-100","grid-parent","grid-33","resize-featured-image"],"yoast_head":"<!-- This site is optimized with the Yoast SEO plugin v24.4 - https:\/\/yoast.com\/wordpress\/plugins\/seo\/ -->\n<title>en ny studie avsl\u00f8rer hvordan de dannes i det \u00e5pne hav - Nordnesrepublikken<\/title>\n<meta name=\"robots\" content=\"index, follow, max-snippet:-1, max-image-preview:large, max-video-preview:-1\" \/>\n<link rel=\"canonical\" href=\"https:\/\/nordnesrepublikken.no\/index.php\/2026\/01\/24\/en-ny-studie-avslorer-hvordan-de-dannes-i-det-apne-hav\/\" \/>\n<meta property=\"og:locale\" content=\"nb_NO\" \/>\n<meta property=\"og:type\" content=\"article\" \/>\n<meta property=\"og:title\" content=\"en ny studie avsl\u00f8rer hvordan de dannes i det \u00e5pne hav - Nordnesrepublikken\" \/>\n<meta property=\"og:description\" content=\"I \u00e5rhundrer ansett som en frukt av fantasien til sj\u00f8menn, den b\u00f8lger unormalt og prosessene\" \/>\n<meta property=\"og:url\" content=\"https:\/\/nordnesrepublikken.no\/index.php\/2026\/01\/24\/en-ny-studie-avslorer-hvordan-de-dannes-i-det-apne-hav\/\" \/>\n<meta property=\"og:site_name\" content=\"Nordnesrepublikken\" \/>\n<meta property=\"article:published_time\" content=\"2026-01-24T09:50:40+00:00\" \/>\n<meta property=\"article:modified_time\" content=\"2026-01-24T09:50:43+00:00\" \/>\n<meta property=\"og:image\" content=\"https:\/\/nordnesrepublikken.no\/wp-content\/uploads\/2026\/01\/1769248241_en-ny-studie-avslorer-hvordan-de-dannes-i-det-apne.jpg\" \/>\n\t<meta property=\"og:image:width\" content=\"2549\" \/>\n\t<meta property=\"og:image:height\" content=\"1491\" \/>\n\t<meta property=\"og:image:type\" content=\"image\/jpeg\" \/>\n<meta name=\"author\" content=\"Ole Andersen\" \/>\n<meta name=\"twitter:card\" content=\"summary_large_image\" \/>\n<meta name=\"twitter:label1\" content=\"Skrevet av\" \/>\n\t<meta name=\"twitter:data1\" content=\"Ole Andersen\" \/>\n\t<meta name=\"twitter:label2\" content=\"Ansl. lesetid\" \/>\n\t<meta name=\"twitter:data2\" content=\"4 minutter\" \/>\n<script type=\"application\/ld+json\" class=\"yoast-schema-graph\">{\"@context\":\"https:\/\/schema.org\",\"@graph\":[{\"@type\":\"Article\",\"@id\":\"https:\/\/nordnesrepublikken.no\/index.php\/2026\/01\/24\/en-ny-studie-avslorer-hvordan-de-dannes-i-det-apne-hav\/#article\",\"isPartOf\":{\"@id\":\"https:\/\/nordnesrepublikken.no\/index.php\/2026\/01\/24\/en-ny-studie-avslorer-hvordan-de-dannes-i-det-apne-hav\/\"},\"author\":{\"name\":\"Ole Andersen\",\"@id\":\"https:\/\/nordnesrepublikken.no\/#\/schema\/person\/2e7e81935bab77882fffb79296240ff1\"},\"headline\":\"en ny studie avsl\u00f8rer hvordan de dannes i det \u00e5pne hav\",\"datePublished\":\"2026-01-24T09:50:40+00:00\",\"dateModified\":\"2026-01-24T09:50:43+00:00\",\"mainEntityOfPage\":{\"@id\":\"https:\/\/nordnesrepublikken.no\/index.php\/2026\/01\/24\/en-ny-studie-avslorer-hvordan-de-dannes-i-det-apne-hav\/\"},\"wordCount\":752,\"publisher\":{\"@id\":\"https:\/\/nordnesrepublikken.no\/#organization\"},\"image\":{\"@id\":\"https:\/\/nordnesrepublikken.no\/index.php\/2026\/01\/24\/en-ny-studie-avslorer-hvordan-de-dannes-i-det-apne-hav\/#primaryimage\"},\"thumbnailUrl\":\"https:\/\/nordnesrepublikken.no\/wp-content\/uploads\/2026\/01\/1769248241_en-ny-studie-avslorer-hvordan-de-dannes-i-det-apne.jpg\",\"keywords\":[\"\u00e5pne\",\"avsl\u00f8rer\",\"dannes\",\"Det\",\"hav\",\"Hvordan\",\"studie\"],\"articleSection\":[\"Milj\u00f8\"],\"inLanguage\":\"nb-NO\"},{\"@type\":\"WebPage\",\"@id\":\"https:\/\/nordnesrepublikken.no\/index.php\/2026\/01\/24\/en-ny-studie-avslorer-hvordan-de-dannes-i-det-apne-hav\/\",\"url\":\"https:\/\/nordnesrepublikken.no\/index.php\/2026\/01\/24\/en-ny-studie-avslorer-hvordan-de-dannes-i-det-apne-hav\/\",\"name\":\"en ny studie avsl\u00f8rer hvordan de dannes i det \u00e5pne hav - Nordnesrepublikken\",\"isPartOf\":{\"@id\":\"https:\/\/nordnesrepublikken.no\/#website\"},\"primaryImageOfPage\":{\"@id\":\"https:\/\/nordnesrepublikken.no\/index.php\/2026\/01\/24\/en-ny-studie-avslorer-hvordan-de-dannes-i-det-apne-hav\/#primaryimage\"},\"image\":{\"@id\":\"https:\/\/nordnesrepublikken.no\/index.php\/2026\/01\/24\/en-ny-studie-avslorer-hvordan-de-dannes-i-det-apne-hav\/#primaryimage\"},\"thumbnailUrl\":\"https:\/\/nordnesrepublikken.no\/wp-content\/uploads\/2026\/01\/1769248241_en-ny-studie-avslorer-hvordan-de-dannes-i-det-apne.jpg\",\"datePublished\":\"2026-01-24T09:50:40+00:00\",\"dateModified\":\"2026-01-24T09:50:43+00:00\",\"breadcrumb\":{\"@id\":\"https:\/\/nordnesrepublikken.no\/index.php\/2026\/01\/24\/en-ny-studie-avslorer-hvordan-de-dannes-i-det-apne-hav\/#breadcrumb\"},\"inLanguage\":\"nb-NO\",\"potentialAction\":[{\"@type\":\"ReadAction\",\"target\":[\"https:\/\/nordnesrepublikken.no\/index.php\/2026\/01\/24\/en-ny-studie-avslorer-hvordan-de-dannes-i-det-apne-hav\/\"]}]},{\"@type\":\"ImageObject\",\"inLanguage\":\"nb-NO\",\"@id\":\"https:\/\/nordnesrepublikken.no\/index.php\/2026\/01\/24\/en-ny-studie-avslorer-hvordan-de-dannes-i-det-apne-hav\/#primaryimage\",\"url\":\"https:\/\/nordnesrepublikken.no\/wp-content\/uploads\/2026\/01\/1769248241_en-ny-studie-avslorer-hvordan-de-dannes-i-det-apne.jpg\",\"contentUrl\":\"https:\/\/nordnesrepublikken.no\/wp-content\/uploads\/2026\/01\/1769248241_en-ny-studie-avslorer-hvordan-de-dannes-i-det-apne.jpg\",\"width\":2549,\"height\":1491,\"caption\":\"en ny studie avsl\u00f8rer hvordan de dannes i det \u00e5pne hav\"},{\"@type\":\"BreadcrumbList\",\"@id\":\"https:\/\/nordnesrepublikken.no\/index.php\/2026\/01\/24\/en-ny-studie-avslorer-hvordan-de-dannes-i-det-apne-hav\/#breadcrumb\",\"itemListElement\":[{\"@type\":\"ListItem\",\"position\":1,\"name\":\"Home\",\"item\":\"https:\/\/nordnesrepublikken.no\/\"},{\"@type\":\"ListItem\",\"position\":2,\"name\":\"en ny studie avsl\u00f8rer hvordan de dannes i det \u00e5pne hav\"}]},{\"@type\":\"WebSite\",\"@id\":\"https:\/\/nordnesrepublikken.no\/#website\",\"url\":\"https:\/\/nordnesrepublikken.no\/\",\"name\":\"Nordnesrepublikken\",\"description\":\"Stemmer og Visjoner fra Republikkens Hjerte\",\"publisher\":{\"@id\":\"https:\/\/nordnesrepublikken.no\/#organization\"},\"potentialAction\":[{\"@type\":\"SearchAction\",\"target\":{\"@type\":\"EntryPoint\",\"urlTemplate\":\"https:\/\/nordnesrepublikken.no\/?s={search_term_string}\"},\"query-input\":{\"@type\":\"PropertyValueSpecification\",\"valueRequired\":true,\"valueName\":\"search_term_string\"}}],\"inLanguage\":\"nb-NO\"},{\"@type\":\"Organization\",\"@id\":\"https:\/\/nordnesrepublikken.no\/#organization\",\"name\":\"Nordnesrepublikken\",\"url\":\"https:\/\/nordnesrepublikken.no\/\",\"logo\":{\"@type\":\"ImageObject\",\"inLanguage\":\"nb-NO\",\"@id\":\"https:\/\/nordnesrepublikken.no\/#\/schema\/logo\/image\/\",\"url\":\"https:\/\/nordnesrepublikken.no\/wp-content\/uploads\/2025\/02\/cropped-nordnesrepublikken-2.png\",\"contentUrl\":\"https:\/\/nordnesrepublikken.no\/wp-content\/uploads\/2025\/02\/cropped-nordnesrepublikken-2.png\",\"width\":1248,\"height\":362,\"caption\":\"Nordnesrepublikken\"},\"image\":{\"@id\":\"https:\/\/nordnesrepublikken.no\/#\/schema\/logo\/image\/\"}},{\"@type\":\"Person\",\"@id\":\"https:\/\/nordnesrepublikken.no\/#\/schema\/person\/2e7e81935bab77882fffb79296240ff1\",\"name\":\"Ole Andersen\",\"image\":{\"@type\":\"ImageObject\",\"inLanguage\":\"nb-NO\",\"@id\":\"https:\/\/nordnesrepublikken.no\/#\/schema\/person\/image\/\",\"url\":\"https:\/\/nordnesrepublikken.no\/wp-content\/uploads\/2025\/02\/nordnesrepublikken-2-2-150x150.jpg\",\"contentUrl\":\"https:\/\/nordnesrepublikken.no\/wp-content\/uploads\/2025\/02\/nordnesrepublikken-2-2-150x150.jpg\",\"caption\":\"Ole Andersen\"},\"description\":\"Ettersom jeg vokste opp i Oslo, har jeg alltid v\u00e6rt fascinert av ordenes kraft og deres evne til \u00e5 skape endringer. Etter \u00e5 ha fullf\u00f8rt min utdannelse i kommunikasjon ved Universitetet i Bergen, fikk jeg muligheten til \u00e5 jobbe innen ulike medier, der jeg har s\u00f8kt \u00e5 belyse viktige samfunnssp\u00f8rsm\u00e5l. I dag, som redakt\u00f8r for Nordnesrepublikken, pr\u00f8ver jeg \u00e5 forene min kj\u00e6rlighet for journalistikk med min lidenskap for innovasjon og eventyr.\",\"sameAs\":[\"https:\/\/nordnesrepublikken.no\/\"]}]}<\/script>\n<!-- \/ Yoast SEO plugin. -->","yoast_head_json":{"title":"en ny studie avsl\u00f8rer hvordan de dannes i det \u00e5pne hav - Nordnesrepublikken","robots":{"index":"index","follow":"follow","max-snippet":"max-snippet:-1","max-image-preview":"max-image-preview:large","max-video-preview":"max-video-preview:-1"},"canonical":"https:\/\/nordnesrepublikken.no\/index.php\/2026\/01\/24\/en-ny-studie-avslorer-hvordan-de-dannes-i-det-apne-hav\/","og_locale":"nb_NO","og_type":"article","og_title":"en ny studie avsl\u00f8rer hvordan de dannes i det \u00e5pne hav - Nordnesrepublikken","og_description":"I \u00e5rhundrer ansett som en frukt av fantasien til sj\u00f8menn, den b\u00f8lger unormalt og prosessene","og_url":"https:\/\/nordnesrepublikken.no\/index.php\/2026\/01\/24\/en-ny-studie-avslorer-hvordan-de-dannes-i-det-apne-hav\/","og_site_name":"Nordnesrepublikken","article_published_time":"2026-01-24T09:50:40+00:00","article_modified_time":"2026-01-24T09:50:43+00:00","og_image":[{"width":2549,"height":1491,"url":"https:\/\/nordnesrepublikken.no\/wp-content\/uploads\/2026\/01\/1769248241_en-ny-studie-avslorer-hvordan-de-dannes-i-det-apne.jpg","type":"image\/jpeg"}],"author":"Ole Andersen","twitter_card":"summary_large_image","twitter_misc":{"Skrevet av":"Ole Andersen","Ansl. lesetid":"4 minutter"},"schema":{"@context":"https:\/\/schema.org","@graph":[{"@type":"Article","@id":"https:\/\/nordnesrepublikken.no\/index.php\/2026\/01\/24\/en-ny-studie-avslorer-hvordan-de-dannes-i-det-apne-hav\/#article","isPartOf":{"@id":"https:\/\/nordnesrepublikken.no\/index.php\/2026\/01\/24\/en-ny-studie-avslorer-hvordan-de-dannes-i-det-apne-hav\/"},"author":{"name":"Ole Andersen","@id":"https:\/\/nordnesrepublikken.no\/#\/schema\/person\/2e7e81935bab77882fffb79296240ff1"},"headline":"en ny studie avsl\u00f8rer hvordan de dannes i det \u00e5pne hav","datePublished":"2026-01-24T09:50:40+00:00","dateModified":"2026-01-24T09:50:43+00:00","mainEntityOfPage":{"@id":"https:\/\/nordnesrepublikken.no\/index.php\/2026\/01\/24\/en-ny-studie-avslorer-hvordan-de-dannes-i-det-apne-hav\/"},"wordCount":752,"publisher":{"@id":"https:\/\/nordnesrepublikken.no\/#organization"},"image":{"@id":"https:\/\/nordnesrepublikken.no\/index.php\/2026\/01\/24\/en-ny-studie-avslorer-hvordan-de-dannes-i-det-apne-hav\/#primaryimage"},"thumbnailUrl":"https:\/\/nordnesrepublikken.no\/wp-content\/uploads\/2026\/01\/1769248241_en-ny-studie-avslorer-hvordan-de-dannes-i-det-apne.jpg","keywords":["\u00e5pne","avsl\u00f8rer","dannes","Det","hav","Hvordan","studie"],"articleSection":["Milj\u00f8"],"inLanguage":"nb-NO"},{"@type":"WebPage","@id":"https:\/\/nordnesrepublikken.no\/index.php\/2026\/01\/24\/en-ny-studie-avslorer-hvordan-de-dannes-i-det-apne-hav\/","url":"https:\/\/nordnesrepublikken.no\/index.php\/2026\/01\/24\/en-ny-studie-avslorer-hvordan-de-dannes-i-det-apne-hav\/","name":"en ny studie avsl\u00f8rer hvordan de dannes i det \u00e5pne hav - Nordnesrepublikken","isPartOf":{"@id":"https:\/\/nordnesrepublikken.no\/#website"},"primaryImageOfPage":{"@id":"https:\/\/nordnesrepublikken.no\/index.php\/2026\/01\/24\/en-ny-studie-avslorer-hvordan-de-dannes-i-det-apne-hav\/#primaryimage"},"image":{"@id":"https:\/\/nordnesrepublikken.no\/index.php\/2026\/01\/24\/en-ny-studie-avslorer-hvordan-de-dannes-i-det-apne-hav\/#primaryimage"},"thumbnailUrl":"https:\/\/nordnesrepublikken.no\/wp-content\/uploads\/2026\/01\/1769248241_en-ny-studie-avslorer-hvordan-de-dannes-i-det-apne.jpg","datePublished":"2026-01-24T09:50:40+00:00","dateModified":"2026-01-24T09:50:43+00:00","breadcrumb":{"@id":"https:\/\/nordnesrepublikken.no\/index.php\/2026\/01\/24\/en-ny-studie-avslorer-hvordan-de-dannes-i-det-apne-hav\/#breadcrumb"},"inLanguage":"nb-NO","potentialAction":[{"@type":"ReadAction","target":["https:\/\/nordnesrepublikken.no\/index.php\/2026\/01\/24\/en-ny-studie-avslorer-hvordan-de-dannes-i-det-apne-hav\/"]}]},{"@type":"ImageObject","inLanguage":"nb-NO","@id":"https:\/\/nordnesrepublikken.no\/index.php\/2026\/01\/24\/en-ny-studie-avslorer-hvordan-de-dannes-i-det-apne-hav\/#primaryimage","url":"https:\/\/nordnesrepublikken.no\/wp-content\/uploads\/2026\/01\/1769248241_en-ny-studie-avslorer-hvordan-de-dannes-i-det-apne.jpg","contentUrl":"https:\/\/nordnesrepublikken.no\/wp-content\/uploads\/2026\/01\/1769248241_en-ny-studie-avslorer-hvordan-de-dannes-i-det-apne.jpg","width":2549,"height":1491,"caption":"en ny studie avsl\u00f8rer hvordan de dannes i det \u00e5pne hav"},{"@type":"BreadcrumbList","@id":"https:\/\/nordnesrepublikken.no\/index.php\/2026\/01\/24\/en-ny-studie-avslorer-hvordan-de-dannes-i-det-apne-hav\/#breadcrumb","itemListElement":[{"@type":"ListItem","position":1,"name":"Home","item":"https:\/\/nordnesrepublikken.no\/"},{"@type":"ListItem","position":2,"name":"en ny studie avsl\u00f8rer hvordan de dannes i det \u00e5pne hav"}]},{"@type":"WebSite","@id":"https:\/\/nordnesrepublikken.no\/#website","url":"https:\/\/nordnesrepublikken.no\/","name":"Nordnesrepublikken","description":"Stemmer og Visjoner fra Republikkens Hjerte","publisher":{"@id":"https:\/\/nordnesrepublikken.no\/#organization"},"potentialAction":[{"@type":"SearchAction","target":{"@type":"EntryPoint","urlTemplate":"https:\/\/nordnesrepublikken.no\/?s={search_term_string}"},"query-input":{"@type":"PropertyValueSpecification","valueRequired":true,"valueName":"search_term_string"}}],"inLanguage":"nb-NO"},{"@type":"Organization","@id":"https:\/\/nordnesrepublikken.no\/#organization","name":"Nordnesrepublikken","url":"https:\/\/nordnesrepublikken.no\/","logo":{"@type":"ImageObject","inLanguage":"nb-NO","@id":"https:\/\/nordnesrepublikken.no\/#\/schema\/logo\/image\/","url":"https:\/\/nordnesrepublikken.no\/wp-content\/uploads\/2025\/02\/cropped-nordnesrepublikken-2.png","contentUrl":"https:\/\/nordnesrepublikken.no\/wp-content\/uploads\/2025\/02\/cropped-nordnesrepublikken-2.png","width":1248,"height":362,"caption":"Nordnesrepublikken"},"image":{"@id":"https:\/\/nordnesrepublikken.no\/#\/schema\/logo\/image\/"}},{"@type":"Person","@id":"https:\/\/nordnesrepublikken.no\/#\/schema\/person\/2e7e81935bab77882fffb79296240ff1","name":"Ole Andersen","image":{"@type":"ImageObject","inLanguage":"nb-NO","@id":"https:\/\/nordnesrepublikken.no\/#\/schema\/person\/image\/","url":"https:\/\/nordnesrepublikken.no\/wp-content\/uploads\/2025\/02\/nordnesrepublikken-2-2-150x150.jpg","contentUrl":"https:\/\/nordnesrepublikken.no\/wp-content\/uploads\/2025\/02\/nordnesrepublikken-2-2-150x150.jpg","caption":"Ole Andersen"},"description":"Ettersom jeg vokste opp i Oslo, har jeg alltid v\u00e6rt fascinert av ordenes kraft og deres evne til \u00e5 skape endringer. Etter \u00e5 ha fullf\u00f8rt min utdannelse i kommunikasjon ved Universitetet i Bergen, fikk jeg muligheten til \u00e5 jobbe innen ulike medier, der jeg har s\u00f8kt \u00e5 belyse viktige samfunnssp\u00f8rsm\u00e5l. I dag, som redakt\u00f8r for Nordnesrepublikken, pr\u00f8ver jeg \u00e5 forene min kj\u00e6rlighet for journalistikk med min lidenskap for innovasjon og eventyr.","sameAs":["https:\/\/nordnesrepublikken.no\/"]}]}},"_links":{"self":[{"href":"https:\/\/nordnesrepublikken.no\/index.php\/wp-json\/wp\/v2\/posts\/14176","targetHints":{"allow":["GET"]}}],"collection":[{"href":"https:\/\/nordnesrepublikken.no\/index.php\/wp-json\/wp\/v2\/posts"}],"about":[{"href":"https:\/\/nordnesrepublikken.no\/index.php\/wp-json\/wp\/v2\/types\/post"}],"author":[{"embeddable":true,"href":"https:\/\/nordnesrepublikken.no\/index.php\/wp-json\/wp\/v2\/users\/1"}],"replies":[{"embeddable":true,"href":"https:\/\/nordnesrepublikken.no\/index.php\/wp-json\/wp\/v2\/comments?post=14176"}],"version-history":[{"count":1,"href":"https:\/\/nordnesrepublikken.no\/index.php\/wp-json\/wp\/v2\/posts\/14176\/revisions"}],"predecessor-version":[{"id":14178,"href":"https:\/\/nordnesrepublikken.no\/index.php\/wp-json\/wp\/v2\/posts\/14176\/revisions\/14178"}],"wp:featuredmedia":[{"embeddable":true,"href":"https:\/\/nordnesrepublikken.no\/index.php\/wp-json\/wp\/v2\/media\/14177"}],"wp:attachment":[{"href":"https:\/\/nordnesrepublikken.no\/index.php\/wp-json\/wp\/v2\/media?parent=14176"}],"wp:term":[{"taxonomy":"category","embeddable":true,"href":"https:\/\/nordnesrepublikken.no\/index.php\/wp-json\/wp\/v2\/categories?post=14176"},{"taxonomy":"post_tag","embeddable":true,"href":"https:\/\/nordnesrepublikken.no\/index.php\/wp-json\/wp\/v2\/tags?post=14176"}],"curies":[{"name":"wp","href":"https:\/\/api.w.org\/{rel}","templated":true}]}}