{"id":14167,"date":"2026-01-24T02:52:10","date_gmt":"2026-01-24T01:52:10","guid":{"rendered":"https:\/\/nordnesrepublikken.no\/index.php\/2026\/01\/24\/ville-du-unngatt-space-shuttle-challenger-katastrofen-hva-skjer-nar-vi-ikke-ser-pa-alle-dataene\/"},"modified":"2026-01-24T02:52:13","modified_gmt":"2026-01-24T01:52:13","slug":"ville-du-unngatt-space-shuttle-challenger-katastrofen-hva-skjer-nar-vi-ikke-ser-pa-alle-dataene","status":"publish","type":"post","link":"https:\/\/nordnesrepublikken.no\/index.php\/2026\/01\/24\/ville-du-unngatt-space-shuttle-challenger-katastrofen-hva-skjer-nar-vi-ikke-ser-pa-alle-dataene\/","title":{"rendered":"Ville du unng\u00e5tt Space Shuttle Challenger-katastrofen? Hva skjer n\u00e5r vi ikke ser p\u00e5 alle dataene"},"content":{"rendered":"<div>\n<div class=\"cp_wrapper cp_wrapper--fw mb-30 mb-20@tablet\">\n<figure class=\"mm\"><picture class=\"img\" style=\"padding-top:56.25%\"><source  media=\"(min-width: 1024px)\"><source  media=\"(min-width: 768px)\"><\/source><\/source><\/picture><\/figure>\n<\/p><\/div>\n<p>Om morgenen den 28. januar 1986 <strong>Space Shuttle Challenger<\/strong> <strong>det gikk i oppl\u00f8sning<\/strong> 73 sekunder etter l\u00f8ftet fra Kennedy Space Center i Cape Canaveral, Florida. Alle de syv besetningsmedlemmene d\u00f8de. Katastrofen ble for\u00e5rsaket av en <strong>designfeil<\/strong> av rakettene som ble brukt i den f\u00f8rste oppskytningsfasen og den uvanlige kulden, som ikke tillot gummitetningene \u00e5 utvide seg riktig for \u00e5 tette en lekkasje. Kvelden f\u00f8r oppskytingen hadde noen NASA-ingeni\u00f8rer rapportert om risikoen. <strong>Dataene tilgjengelig<\/strong>imidlertid <strong>de var ufullstendige<\/strong> og ledelsen bestemte seg for \u00e5 ikke utsette flyturen uansett.<\/p>\n<p>Nettopp for \u00e5 forhindre at katastrofer som dette skjer igjen, opprettet Jack Brittain og Sim Sitkin, professorer i business og ledelse en <strong>kjent casestudie<\/strong>: Den <strong>Carter Racing<\/strong>. Denne casestudien, brukt i flere ti\u00e5r p\u00e5 handelsh\u00f8yskoler, har som m\u00e5l \u00e5 vise hvor farlig det kan v\u00e6re \u00e5 ta beslutninger uten \u00e5 ha all informasjonen og uten \u00e5 sp\u00f8rre &laquo;Hva mangler fra dataene jeg observerer?&raquo;.<\/p>\n<p>I denne artikkelen fordyper vi oss i \u00abCarter Racing\u00bb-saken og hva som kan skje n\u00e5r vi ikke vurderer alle tilgjengelige data.<\/p>\n<h2>Tankeeksperimentet \u00abCarter Racing\u00bb: skal vi risikere det eller trekke oss tilbake?<\/h2>\n<p>La oss forestille oss at vi eier Carter Racing, en <strong>stabil<\/strong> Formel 1 bil. Om en time starter sesongens viktigste l\u00f8p, som sendes direkte nasjonalt.<\/p>\n<p>Bilene v\u00e5re er veldig kraftige: vi plasserte oss blant de <strong>topp 5 i 12 av de siste 24 l\u00f8pene<\/strong> og vi er sikre p\u00e5 \u00e5 komme p\u00e5 pallen i dag ogs\u00e5. Hvis vi lyktes, ville vi f\u00e5tt en rik premiepenger og en million-dollar sponsorkontrakt. Det er imidlertid et problem: <strong>i 7 av de siste 24 l\u00f8pene<\/strong>The <strong>motor<\/strong> av v\u00e5re biler <strong>ja det er det<\/strong> <strong>brent<\/strong>. Hvis det skjedde igjen, foran kameraene, kan vi miste alt: sponsorer, premier, troverdighet. For ikke \u00e5 snakke om risikoen for pilotenes liv. Men \u00e5 trekke seg har ogs\u00e5 konsekvenser: vi ville mistet p\u00e5meldingsavgiften, vi m\u00e5tte refundere sponsorene og vi ville avslutte sesongen med tap.<\/p>\n<p>V\u00e5re mekanikere har forst\u00e5tt at \u00e5rsaken til skaden er <strong>forseglingssvikt<\/strong> av motorhodet, men de kan ikke identifisere n\u00f8yaktig hvorfor det skjer. Noen mistenker at temperaturene er for lave, andre antar en design- eller produksjonsfeil, men ingen har nok data til \u00e5 v\u00e6re 100 % sikre.<\/p>\n<p>L\u00f8pet skal finne sted om en time, og v\u00e6ret i dag er spesielt kaldt: 4\u00b0C, godt under enhver temperatur bilen har opplevd s\u00e5 langt. For \u00e5 hjelpe oss med \u00e5 bestemme, er det raskt utarbeidet en graf som legger inn <strong>relatere den ytre temperaturen p\u00e5 tidspunktet for l\u00f8pet til antall feil<\/strong>. Ser man p\u00e5 det, virker skaden tilfeldig fordelt: det var problemer ved b\u00e5de 11\u00b0C og 24\u00b0C.<\/p>\n<div class=\"cp_wrapper cp_wrapper--fw mb-50\">\n<figure class=\"mm\"><picture class=\"img\" style=\"padding-top:56.25%\"><source  media=\"(min-width: 1024px)\"><source  media=\"(min-width: 768px)\"><img decoding=\"async\" loading=\"lazy\" src=\"https:\/\/nordnesrepublikken.no\/wp-content\/uploads\/2026\/01\/1769219530_741_Ville-du-unngatt-Space-Shuttle-Challenger-katastrofen-Hva-skjer-nar-vi.jpg\" alt=\"Bilde\" width=\"960\" height=\"540\"\/><\/source><\/source><\/picture><\/figure>\n<\/p><\/div>\n<p>S\u00e5 hva gj\u00f8r vi: <strong>la oss l\u00f8pe<\/strong> og vi risikerer skade p\u00e5 motoren <strong>eller vi trekker oss tilbake<\/strong> og vi mister alle sponsorater?<\/p>\n<h2>Hvis vi ser p\u00e5 alle dataene, endres valgene v\u00e5re<\/h2>\n<p>Hvis vi har valgt \u00e5 l\u00f8pe, er vi ikke alene. Dette tankeeksperimentet har blitt presentert for business- og ledelsesstudenter i flere ti\u00e5r. Etter lange diskusjoner bestemmer de fleste det <strong>det er ikke noe forhold<\/strong> \u00e5penbar <strong>mellom temperatur og skade<\/strong> til motoren, og konkluderer med at det er verdt risikoen.<\/p>\n<p>Problemet er imidlertid at ingen sp\u00f8r:<\/p>\n<blockquote>\n<p>Hvor er dataene for l\u00f8pene der motoren <strong>Ikke<\/strong> hadde du noen problemer?<\/p>\n<\/blockquote>\n<p>Den viste grafen viser faktisk bare de kj\u00f8ringene der feil oppsto. Men tar vi ogs\u00e5 med de 17 l\u00f8pene der alt gikk bra, endres scenarioet totalt: alle motorene som gikk uten problemer gjorde det kl. <strong>temperaturer over 18\u00b0C<\/strong>. <strong>Under den terskelen oppstod det alltid en feil<\/strong>.<\/p>\n<div class=\"cp_wrapper cp_wrapper--fw mb-50\">\n<figure class=\"mm\"><picture class=\"img\" style=\"padding-top:56.25%\"><source  media=\"(min-width: 1024px)\"><source  media=\"(min-width: 768px)\"><img decoding=\"async\" loading=\"lazy\" src=\"https:\/\/nordnesrepublikken.no\/wp-content\/uploads\/2026\/01\/1769219530_922_Ville-du-unngatt-Space-Shuttle-Challenger-katastrofen-Hva-skjer-nar-vi.jpg\" alt=\"Bilde\" width=\"960\" height=\"540\" class=\"js-seedtag-img\"\/><\/source><\/source><\/picture><\/figure>\n<\/p><\/div>\n<p>Med denne nye informasjonen er den beste avgj\u00f8relsen helt klart <strong>trekke seg tilbake<\/strong>. Racing i dag, ved 4\u00b0C, betyr nesten helt sikkert motorskade.<\/p>\n<h2>Space Shuttle Challenger-katastrofen<\/h2>\n<p>Dette tankeeksperimentet er nyttig for \u00e5 vurdere elevenes risikotilb\u00f8yelighet og for \u00e5 l\u00e6re dem et n\u00f8kkelprinsipp: f\u00f8r du bestemmer deg, m\u00e5 du observere alle dataene, ogs\u00e5 de som mangler. Sp\u00f8r deg selv &laquo;hva er det jeg ikke ser?&raquo; noen ganger kan det redde liv. Dataene som ligger til grunn for Carter Racing, er faktisk basert p\u00e5 data som kunne ha unng\u00e5tt den katastrofale eksplosjonen av Space Shuttle Challenger, i <strong>januar 1986<\/strong>.<\/p>\n<p>Som matematiker Hannah Fry og sosiolog Diane Vaughan forteller, kvelden f\u00f8r lanseringen av Challenger ble noen ingeni\u00f8rer innkalt av NASA til et n\u00f8dm\u00f8te. Utskytingssonen hadde v\u00e6rt rammet av ugunstige v\u00e6rforhold i en uke n\u00e5 med temperaturer n\u00e6r null, aldri opplevd f\u00f8r under en oppskyting. Ingeni\u00f8rene var bekymret for <b>booster tetninger<\/b>rakettene som ble brukt i den f\u00f8rste fasen av start. Disse selene, kalt <b>O-ringer<\/b>m\u00e5tte de tette skj\u00f8tene mellom segmentene til boosterne, montert og sveiset i utskytningsomr\u00e5det. Hvis en sveis gikk i stykker, m\u00e5tte de utvide seg for \u00e5 lukke alle hullene. Men i kulde reduseres gummiens elastiske egenskaper. Ingeni\u00f8rer fryktet med rette at O-ringene ikke ville fungere ordentlig ved disse temperaturene.<\/p>\n<p>For \u00e5 pr\u00f8ve \u00e5 overbevise ledelsen om \u00e5 utsette lanseringen, forberedte ingeni\u00f8rer og fakset <b>data fra tidligere funksjonsfeil<\/b>lik Carter Racing-grafen. Nok en gang, men <b>den rapporterte bare saker med problemer<\/b>og ikke de der alt hadde fungert som det skal. Uten at &laquo;manglende&raquo; data, forholdet mellom kulde og feil <b>kom ikke klart frem<\/b>og lanseringen ble bekreftet. Om morgenen 28. januar 1986 lettet Challenger, og etter bare 73 sekunder \u00f8dela han seg selv under flukt, noe som f\u00f8rte til at alle syv besetningsmedlemmer d\u00f8de.<\/p>\n<\/p><\/div>\n","protected":false},"excerpt":{"rendered":"<p>Om morgenen den 28. januar 1986 Space Shuttle Challenger det gikk i oppl\u00f8sning 73 sekunder<\/p>\n","protected":false},"author":1,"featured_media":14168,"comment_status":"closed","ping_status":"open","sticky":false,"template":"","format":"standard","meta":{"footnotes":""},"categories":[24],"tags":[1515,9246,1217,144,187,16,81,294,9245,360,8840,9244,723],"class_list":["post-14167","post","type-post","status-publish","format-standard","has-post-thumbnail","hentry","category-vitenskap","tag-alle","tag-challengerkatastrofen","tag-dataene","tag-hva","tag-ikke","tag-nar","tag-pa","tag-ser","tag-shuttle","tag-skjer","tag-space","tag-unngatt","tag-ville","generate-columns","tablet-grid-50","mobile-grid-100","grid-parent","grid-33","resize-featured-image"],"yoast_head":"<!-- This site is optimized with the Yoast SEO plugin v24.4 - https:\/\/yoast.com\/wordpress\/plugins\/seo\/ -->\n<title>Ville du unng\u00e5tt Space Shuttle Challenger-katastrofen? Hva skjer n\u00e5r vi ikke ser p\u00e5 alle dataene - Nordnesrepublikken<\/title>\n<meta name=\"robots\" content=\"index, follow, max-snippet:-1, max-image-preview:large, max-video-preview:-1\" \/>\n<link rel=\"canonical\" href=\"https:\/\/nordnesrepublikken.no\/index.php\/2026\/01\/24\/ville-du-unngatt-space-shuttle-challenger-katastrofen-hva-skjer-nar-vi-ikke-ser-pa-alle-dataene\/\" \/>\n<meta property=\"og:locale\" content=\"nb_NO\" \/>\n<meta property=\"og:type\" content=\"article\" \/>\n<meta property=\"og:title\" content=\"Ville du unng\u00e5tt Space Shuttle Challenger-katastrofen? Hva skjer n\u00e5r vi ikke ser p\u00e5 alle dataene - Nordnesrepublikken\" \/>\n<meta property=\"og:description\" content=\"Om morgenen den 28. januar 1986 Space Shuttle Challenger det gikk i oppl\u00f8sning 73 sekunder\" \/>\n<meta property=\"og:url\" content=\"https:\/\/nordnesrepublikken.no\/index.php\/2026\/01\/24\/ville-du-unngatt-space-shuttle-challenger-katastrofen-hva-skjer-nar-vi-ikke-ser-pa-alle-dataene\/\" \/>\n<meta property=\"og:site_name\" content=\"Nordnesrepublikken\" \/>\n<meta property=\"article:published_time\" content=\"2026-01-24T01:52:10+00:00\" \/>\n<meta property=\"article:modified_time\" content=\"2026-01-24T01:52:13+00:00\" \/>\n<meta property=\"og:image\" content=\"https:\/\/nordnesrepublikken.no\/wp-content\/uploads\/2026\/01\/1769219531_Ville-du-unngatt-Space-Shuttle-Challenger-katastrofen-Hva-skjer-nar-vi.jpg\" \/>\n\t<meta property=\"og:image:width\" content=\"2056\" \/>\n\t<meta property=\"og:image:height\" content=\"1459\" \/>\n\t<meta property=\"og:image:type\" content=\"image\/jpeg\" \/>\n<meta name=\"author\" content=\"Ole Andersen\" \/>\n<meta name=\"twitter:card\" content=\"summary_large_image\" \/>\n<meta name=\"twitter:label1\" content=\"Skrevet av\" \/>\n\t<meta name=\"twitter:data1\" content=\"Ole Andersen\" \/>\n\t<meta name=\"twitter:label2\" content=\"Ansl. lesetid\" \/>\n\t<meta name=\"twitter:data2\" content=\"4 minutter\" \/>\n<script type=\"application\/ld+json\" class=\"yoast-schema-graph\">{\"@context\":\"https:\/\/schema.org\",\"@graph\":[{\"@type\":\"Article\",\"@id\":\"https:\/\/nordnesrepublikken.no\/index.php\/2026\/01\/24\/ville-du-unngatt-space-shuttle-challenger-katastrofen-hva-skjer-nar-vi-ikke-ser-pa-alle-dataene\/#article\",\"isPartOf\":{\"@id\":\"https:\/\/nordnesrepublikken.no\/index.php\/2026\/01\/24\/ville-du-unngatt-space-shuttle-challenger-katastrofen-hva-skjer-nar-vi-ikke-ser-pa-alle-dataene\/\"},\"author\":{\"name\":\"Ole Andersen\",\"@id\":\"https:\/\/nordnesrepublikken.no\/#\/schema\/person\/2e7e81935bab77882fffb79296240ff1\"},\"headline\":\"Ville du unng\u00e5tt Space Shuttle Challenger-katastrofen? Hva skjer n\u00e5r vi ikke ser p\u00e5 alle dataene\",\"datePublished\":\"2026-01-24T01:52:10+00:00\",\"dateModified\":\"2026-01-24T01:52:13+00:00\",\"mainEntityOfPage\":{\"@id\":\"https:\/\/nordnesrepublikken.no\/index.php\/2026\/01\/24\/ville-du-unngatt-space-shuttle-challenger-katastrofen-hva-skjer-nar-vi-ikke-ser-pa-alle-dataene\/\"},\"wordCount\":906,\"publisher\":{\"@id\":\"https:\/\/nordnesrepublikken.no\/#organization\"},\"image\":{\"@id\":\"https:\/\/nordnesrepublikken.no\/index.php\/2026\/01\/24\/ville-du-unngatt-space-shuttle-challenger-katastrofen-hva-skjer-nar-vi-ikke-ser-pa-alle-dataene\/#primaryimage\"},\"thumbnailUrl\":\"https:\/\/nordnesrepublikken.no\/wp-content\/uploads\/2026\/01\/1769219531_Ville-du-unngatt-Space-Shuttle-Challenger-katastrofen-Hva-skjer-nar-vi.jpg\",\"keywords\":[\"alle\",\"Challengerkatastrofen\",\"dataene\",\"Hva\",\"ikke\",\"n\u00e5r\",\"p\u00e5\",\"ser\",\"Shuttle\",\"skjer\",\"Space\",\"unng\u00e5tt\",\"ville\"],\"articleSection\":[\"Vitenskap\"],\"inLanguage\":\"nb-NO\"},{\"@type\":\"WebPage\",\"@id\":\"https:\/\/nordnesrepublikken.no\/index.php\/2026\/01\/24\/ville-du-unngatt-space-shuttle-challenger-katastrofen-hva-skjer-nar-vi-ikke-ser-pa-alle-dataene\/\",\"url\":\"https:\/\/nordnesrepublikken.no\/index.php\/2026\/01\/24\/ville-du-unngatt-space-shuttle-challenger-katastrofen-hva-skjer-nar-vi-ikke-ser-pa-alle-dataene\/\",\"name\":\"Ville du unng\u00e5tt Space Shuttle Challenger-katastrofen? Hva skjer n\u00e5r vi ikke ser p\u00e5 alle dataene - Nordnesrepublikken\",\"isPartOf\":{\"@id\":\"https:\/\/nordnesrepublikken.no\/#website\"},\"primaryImageOfPage\":{\"@id\":\"https:\/\/nordnesrepublikken.no\/index.php\/2026\/01\/24\/ville-du-unngatt-space-shuttle-challenger-katastrofen-hva-skjer-nar-vi-ikke-ser-pa-alle-dataene\/#primaryimage\"},\"image\":{\"@id\":\"https:\/\/nordnesrepublikken.no\/index.php\/2026\/01\/24\/ville-du-unngatt-space-shuttle-challenger-katastrofen-hva-skjer-nar-vi-ikke-ser-pa-alle-dataene\/#primaryimage\"},\"thumbnailUrl\":\"https:\/\/nordnesrepublikken.no\/wp-content\/uploads\/2026\/01\/1769219531_Ville-du-unngatt-Space-Shuttle-Challenger-katastrofen-Hva-skjer-nar-vi.jpg\",\"datePublished\":\"2026-01-24T01:52:10+00:00\",\"dateModified\":\"2026-01-24T01:52:13+00:00\",\"breadcrumb\":{\"@id\":\"https:\/\/nordnesrepublikken.no\/index.php\/2026\/01\/24\/ville-du-unngatt-space-shuttle-challenger-katastrofen-hva-skjer-nar-vi-ikke-ser-pa-alle-dataene\/#breadcrumb\"},\"inLanguage\":\"nb-NO\",\"potentialAction\":[{\"@type\":\"ReadAction\",\"target\":[\"https:\/\/nordnesrepublikken.no\/index.php\/2026\/01\/24\/ville-du-unngatt-space-shuttle-challenger-katastrofen-hva-skjer-nar-vi-ikke-ser-pa-alle-dataene\/\"]}]},{\"@type\":\"ImageObject\",\"inLanguage\":\"nb-NO\",\"@id\":\"https:\/\/nordnesrepublikken.no\/index.php\/2026\/01\/24\/ville-du-unngatt-space-shuttle-challenger-katastrofen-hva-skjer-nar-vi-ikke-ser-pa-alle-dataene\/#primaryimage\",\"url\":\"https:\/\/nordnesrepublikken.no\/wp-content\/uploads\/2026\/01\/1769219531_Ville-du-unngatt-Space-Shuttle-Challenger-katastrofen-Hva-skjer-nar-vi.jpg\",\"contentUrl\":\"https:\/\/nordnesrepublikken.no\/wp-content\/uploads\/2026\/01\/1769219531_Ville-du-unngatt-Space-Shuttle-Challenger-katastrofen-Hva-skjer-nar-vi.jpg\",\"width\":2056,\"height\":1459,\"caption\":\"Ville du unng\u00e5tt Space Shuttle Challenger-katastrofen? Hva skjer n\u00e5r vi ikke ser p\u00e5 alle dataene\"},{\"@type\":\"BreadcrumbList\",\"@id\":\"https:\/\/nordnesrepublikken.no\/index.php\/2026\/01\/24\/ville-du-unngatt-space-shuttle-challenger-katastrofen-hva-skjer-nar-vi-ikke-ser-pa-alle-dataene\/#breadcrumb\",\"itemListElement\":[{\"@type\":\"ListItem\",\"position\":1,\"name\":\"Home\",\"item\":\"https:\/\/nordnesrepublikken.no\/\"},{\"@type\":\"ListItem\",\"position\":2,\"name\":\"Ville du unng\u00e5tt Space Shuttle Challenger-katastrofen? Hva skjer n\u00e5r vi ikke ser p\u00e5 alle dataene\"}]},{\"@type\":\"WebSite\",\"@id\":\"https:\/\/nordnesrepublikken.no\/#website\",\"url\":\"https:\/\/nordnesrepublikken.no\/\",\"name\":\"Nordnesrepublikken\",\"description\":\"Stemmer og Visjoner fra Republikkens Hjerte\",\"publisher\":{\"@id\":\"https:\/\/nordnesrepublikken.no\/#organization\"},\"potentialAction\":[{\"@type\":\"SearchAction\",\"target\":{\"@type\":\"EntryPoint\",\"urlTemplate\":\"https:\/\/nordnesrepublikken.no\/?s={search_term_string}\"},\"query-input\":{\"@type\":\"PropertyValueSpecification\",\"valueRequired\":true,\"valueName\":\"search_term_string\"}}],\"inLanguage\":\"nb-NO\"},{\"@type\":\"Organization\",\"@id\":\"https:\/\/nordnesrepublikken.no\/#organization\",\"name\":\"Nordnesrepublikken\",\"url\":\"https:\/\/nordnesrepublikken.no\/\",\"logo\":{\"@type\":\"ImageObject\",\"inLanguage\":\"nb-NO\",\"@id\":\"https:\/\/nordnesrepublikken.no\/#\/schema\/logo\/image\/\",\"url\":\"https:\/\/nordnesrepublikken.no\/wp-content\/uploads\/2025\/02\/cropped-nordnesrepublikken-2.png\",\"contentUrl\":\"https:\/\/nordnesrepublikken.no\/wp-content\/uploads\/2025\/02\/cropped-nordnesrepublikken-2.png\",\"width\":1248,\"height\":362,\"caption\":\"Nordnesrepublikken\"},\"image\":{\"@id\":\"https:\/\/nordnesrepublikken.no\/#\/schema\/logo\/image\/\"}},{\"@type\":\"Person\",\"@id\":\"https:\/\/nordnesrepublikken.no\/#\/schema\/person\/2e7e81935bab77882fffb79296240ff1\",\"name\":\"Ole Andersen\",\"image\":{\"@type\":\"ImageObject\",\"inLanguage\":\"nb-NO\",\"@id\":\"https:\/\/nordnesrepublikken.no\/#\/schema\/person\/image\/\",\"url\":\"https:\/\/nordnesrepublikken.no\/wp-content\/uploads\/2025\/02\/nordnesrepublikken-2-2-150x150.jpg\",\"contentUrl\":\"https:\/\/nordnesrepublikken.no\/wp-content\/uploads\/2025\/02\/nordnesrepublikken-2-2-150x150.jpg\",\"caption\":\"Ole Andersen\"},\"description\":\"Ettersom jeg vokste opp i Oslo, har jeg alltid v\u00e6rt fascinert av ordenes kraft og deres evne til \u00e5 skape endringer. Etter \u00e5 ha fullf\u00f8rt min utdannelse i kommunikasjon ved Universitetet i Bergen, fikk jeg muligheten til \u00e5 jobbe innen ulike medier, der jeg har s\u00f8kt \u00e5 belyse viktige samfunnssp\u00f8rsm\u00e5l. I dag, som redakt\u00f8r for Nordnesrepublikken, pr\u00f8ver jeg \u00e5 forene min kj\u00e6rlighet for journalistikk med min lidenskap for innovasjon og eventyr.\",\"sameAs\":[\"https:\/\/nordnesrepublikken.no\/\"]}]}<\/script>\n<!-- \/ Yoast SEO plugin. -->","yoast_head_json":{"title":"Ville du unng\u00e5tt Space Shuttle Challenger-katastrofen? Hva skjer n\u00e5r vi ikke ser p\u00e5 alle dataene - Nordnesrepublikken","robots":{"index":"index","follow":"follow","max-snippet":"max-snippet:-1","max-image-preview":"max-image-preview:large","max-video-preview":"max-video-preview:-1"},"canonical":"https:\/\/nordnesrepublikken.no\/index.php\/2026\/01\/24\/ville-du-unngatt-space-shuttle-challenger-katastrofen-hva-skjer-nar-vi-ikke-ser-pa-alle-dataene\/","og_locale":"nb_NO","og_type":"article","og_title":"Ville du unng\u00e5tt Space Shuttle Challenger-katastrofen? Hva skjer n\u00e5r vi ikke ser p\u00e5 alle dataene - Nordnesrepublikken","og_description":"Om morgenen den 28. januar 1986 Space Shuttle Challenger det gikk i oppl\u00f8sning 73 sekunder","og_url":"https:\/\/nordnesrepublikken.no\/index.php\/2026\/01\/24\/ville-du-unngatt-space-shuttle-challenger-katastrofen-hva-skjer-nar-vi-ikke-ser-pa-alle-dataene\/","og_site_name":"Nordnesrepublikken","article_published_time":"2026-01-24T01:52:10+00:00","article_modified_time":"2026-01-24T01:52:13+00:00","og_image":[{"width":2056,"height":1459,"url":"https:\/\/nordnesrepublikken.no\/wp-content\/uploads\/2026\/01\/1769219531_Ville-du-unngatt-Space-Shuttle-Challenger-katastrofen-Hva-skjer-nar-vi.jpg","type":"image\/jpeg"}],"author":"Ole Andersen","twitter_card":"summary_large_image","twitter_misc":{"Skrevet av":"Ole Andersen","Ansl. lesetid":"4 minutter"},"schema":{"@context":"https:\/\/schema.org","@graph":[{"@type":"Article","@id":"https:\/\/nordnesrepublikken.no\/index.php\/2026\/01\/24\/ville-du-unngatt-space-shuttle-challenger-katastrofen-hva-skjer-nar-vi-ikke-ser-pa-alle-dataene\/#article","isPartOf":{"@id":"https:\/\/nordnesrepublikken.no\/index.php\/2026\/01\/24\/ville-du-unngatt-space-shuttle-challenger-katastrofen-hva-skjer-nar-vi-ikke-ser-pa-alle-dataene\/"},"author":{"name":"Ole Andersen","@id":"https:\/\/nordnesrepublikken.no\/#\/schema\/person\/2e7e81935bab77882fffb79296240ff1"},"headline":"Ville du unng\u00e5tt Space Shuttle Challenger-katastrofen? Hva skjer n\u00e5r vi ikke ser p\u00e5 alle dataene","datePublished":"2026-01-24T01:52:10+00:00","dateModified":"2026-01-24T01:52:13+00:00","mainEntityOfPage":{"@id":"https:\/\/nordnesrepublikken.no\/index.php\/2026\/01\/24\/ville-du-unngatt-space-shuttle-challenger-katastrofen-hva-skjer-nar-vi-ikke-ser-pa-alle-dataene\/"},"wordCount":906,"publisher":{"@id":"https:\/\/nordnesrepublikken.no\/#organization"},"image":{"@id":"https:\/\/nordnesrepublikken.no\/index.php\/2026\/01\/24\/ville-du-unngatt-space-shuttle-challenger-katastrofen-hva-skjer-nar-vi-ikke-ser-pa-alle-dataene\/#primaryimage"},"thumbnailUrl":"https:\/\/nordnesrepublikken.no\/wp-content\/uploads\/2026\/01\/1769219531_Ville-du-unngatt-Space-Shuttle-Challenger-katastrofen-Hva-skjer-nar-vi.jpg","keywords":["alle","Challengerkatastrofen","dataene","Hva","ikke","n\u00e5r","p\u00e5","ser","Shuttle","skjer","Space","unng\u00e5tt","ville"],"articleSection":["Vitenskap"],"inLanguage":"nb-NO"},{"@type":"WebPage","@id":"https:\/\/nordnesrepublikken.no\/index.php\/2026\/01\/24\/ville-du-unngatt-space-shuttle-challenger-katastrofen-hva-skjer-nar-vi-ikke-ser-pa-alle-dataene\/","url":"https:\/\/nordnesrepublikken.no\/index.php\/2026\/01\/24\/ville-du-unngatt-space-shuttle-challenger-katastrofen-hva-skjer-nar-vi-ikke-ser-pa-alle-dataene\/","name":"Ville du unng\u00e5tt Space Shuttle Challenger-katastrofen? Hva skjer n\u00e5r vi ikke ser p\u00e5 alle dataene - Nordnesrepublikken","isPartOf":{"@id":"https:\/\/nordnesrepublikken.no\/#website"},"primaryImageOfPage":{"@id":"https:\/\/nordnesrepublikken.no\/index.php\/2026\/01\/24\/ville-du-unngatt-space-shuttle-challenger-katastrofen-hva-skjer-nar-vi-ikke-ser-pa-alle-dataene\/#primaryimage"},"image":{"@id":"https:\/\/nordnesrepublikken.no\/index.php\/2026\/01\/24\/ville-du-unngatt-space-shuttle-challenger-katastrofen-hva-skjer-nar-vi-ikke-ser-pa-alle-dataene\/#primaryimage"},"thumbnailUrl":"https:\/\/nordnesrepublikken.no\/wp-content\/uploads\/2026\/01\/1769219531_Ville-du-unngatt-Space-Shuttle-Challenger-katastrofen-Hva-skjer-nar-vi.jpg","datePublished":"2026-01-24T01:52:10+00:00","dateModified":"2026-01-24T01:52:13+00:00","breadcrumb":{"@id":"https:\/\/nordnesrepublikken.no\/index.php\/2026\/01\/24\/ville-du-unngatt-space-shuttle-challenger-katastrofen-hva-skjer-nar-vi-ikke-ser-pa-alle-dataene\/#breadcrumb"},"inLanguage":"nb-NO","potentialAction":[{"@type":"ReadAction","target":["https:\/\/nordnesrepublikken.no\/index.php\/2026\/01\/24\/ville-du-unngatt-space-shuttle-challenger-katastrofen-hva-skjer-nar-vi-ikke-ser-pa-alle-dataene\/"]}]},{"@type":"ImageObject","inLanguage":"nb-NO","@id":"https:\/\/nordnesrepublikken.no\/index.php\/2026\/01\/24\/ville-du-unngatt-space-shuttle-challenger-katastrofen-hva-skjer-nar-vi-ikke-ser-pa-alle-dataene\/#primaryimage","url":"https:\/\/nordnesrepublikken.no\/wp-content\/uploads\/2026\/01\/1769219531_Ville-du-unngatt-Space-Shuttle-Challenger-katastrofen-Hva-skjer-nar-vi.jpg","contentUrl":"https:\/\/nordnesrepublikken.no\/wp-content\/uploads\/2026\/01\/1769219531_Ville-du-unngatt-Space-Shuttle-Challenger-katastrofen-Hva-skjer-nar-vi.jpg","width":2056,"height":1459,"caption":"Ville du unng\u00e5tt Space Shuttle Challenger-katastrofen? Hva skjer n\u00e5r vi ikke ser p\u00e5 alle dataene"},{"@type":"BreadcrumbList","@id":"https:\/\/nordnesrepublikken.no\/index.php\/2026\/01\/24\/ville-du-unngatt-space-shuttle-challenger-katastrofen-hva-skjer-nar-vi-ikke-ser-pa-alle-dataene\/#breadcrumb","itemListElement":[{"@type":"ListItem","position":1,"name":"Home","item":"https:\/\/nordnesrepublikken.no\/"},{"@type":"ListItem","position":2,"name":"Ville du unng\u00e5tt Space Shuttle Challenger-katastrofen? Hva skjer n\u00e5r vi ikke ser p\u00e5 alle dataene"}]},{"@type":"WebSite","@id":"https:\/\/nordnesrepublikken.no\/#website","url":"https:\/\/nordnesrepublikken.no\/","name":"Nordnesrepublikken","description":"Stemmer og Visjoner fra Republikkens Hjerte","publisher":{"@id":"https:\/\/nordnesrepublikken.no\/#organization"},"potentialAction":[{"@type":"SearchAction","target":{"@type":"EntryPoint","urlTemplate":"https:\/\/nordnesrepublikken.no\/?s={search_term_string}"},"query-input":{"@type":"PropertyValueSpecification","valueRequired":true,"valueName":"search_term_string"}}],"inLanguage":"nb-NO"},{"@type":"Organization","@id":"https:\/\/nordnesrepublikken.no\/#organization","name":"Nordnesrepublikken","url":"https:\/\/nordnesrepublikken.no\/","logo":{"@type":"ImageObject","inLanguage":"nb-NO","@id":"https:\/\/nordnesrepublikken.no\/#\/schema\/logo\/image\/","url":"https:\/\/nordnesrepublikken.no\/wp-content\/uploads\/2025\/02\/cropped-nordnesrepublikken-2.png","contentUrl":"https:\/\/nordnesrepublikken.no\/wp-content\/uploads\/2025\/02\/cropped-nordnesrepublikken-2.png","width":1248,"height":362,"caption":"Nordnesrepublikken"},"image":{"@id":"https:\/\/nordnesrepublikken.no\/#\/schema\/logo\/image\/"}},{"@type":"Person","@id":"https:\/\/nordnesrepublikken.no\/#\/schema\/person\/2e7e81935bab77882fffb79296240ff1","name":"Ole Andersen","image":{"@type":"ImageObject","inLanguage":"nb-NO","@id":"https:\/\/nordnesrepublikken.no\/#\/schema\/person\/image\/","url":"https:\/\/nordnesrepublikken.no\/wp-content\/uploads\/2025\/02\/nordnesrepublikken-2-2-150x150.jpg","contentUrl":"https:\/\/nordnesrepublikken.no\/wp-content\/uploads\/2025\/02\/nordnesrepublikken-2-2-150x150.jpg","caption":"Ole Andersen"},"description":"Ettersom jeg vokste opp i Oslo, har jeg alltid v\u00e6rt fascinert av ordenes kraft og deres evne til \u00e5 skape endringer. Etter \u00e5 ha fullf\u00f8rt min utdannelse i kommunikasjon ved Universitetet i Bergen, fikk jeg muligheten til \u00e5 jobbe innen ulike medier, der jeg har s\u00f8kt \u00e5 belyse viktige samfunnssp\u00f8rsm\u00e5l. I dag, som redakt\u00f8r for Nordnesrepublikken, pr\u00f8ver jeg \u00e5 forene min kj\u00e6rlighet for journalistikk med min lidenskap for innovasjon og eventyr.","sameAs":["https:\/\/nordnesrepublikken.no\/"]}]}},"_links":{"self":[{"href":"https:\/\/nordnesrepublikken.no\/index.php\/wp-json\/wp\/v2\/posts\/14167","targetHints":{"allow":["GET"]}}],"collection":[{"href":"https:\/\/nordnesrepublikken.no\/index.php\/wp-json\/wp\/v2\/posts"}],"about":[{"href":"https:\/\/nordnesrepublikken.no\/index.php\/wp-json\/wp\/v2\/types\/post"}],"author":[{"embeddable":true,"href":"https:\/\/nordnesrepublikken.no\/index.php\/wp-json\/wp\/v2\/users\/1"}],"replies":[{"embeddable":true,"href":"https:\/\/nordnesrepublikken.no\/index.php\/wp-json\/wp\/v2\/comments?post=14167"}],"version-history":[{"count":1,"href":"https:\/\/nordnesrepublikken.no\/index.php\/wp-json\/wp\/v2\/posts\/14167\/revisions"}],"predecessor-version":[{"id":14169,"href":"https:\/\/nordnesrepublikken.no\/index.php\/wp-json\/wp\/v2\/posts\/14167\/revisions\/14169"}],"wp:featuredmedia":[{"embeddable":true,"href":"https:\/\/nordnesrepublikken.no\/index.php\/wp-json\/wp\/v2\/media\/14168"}],"wp:attachment":[{"href":"https:\/\/nordnesrepublikken.no\/index.php\/wp-json\/wp\/v2\/media?parent=14167"}],"wp:term":[{"taxonomy":"category","embeddable":true,"href":"https:\/\/nordnesrepublikken.no\/index.php\/wp-json\/wp\/v2\/categories?post=14167"},{"taxonomy":"post_tag","embeddable":true,"href":"https:\/\/nordnesrepublikken.no\/index.php\/wp-json\/wp\/v2\/tags?post=14167"}],"curies":[{"name":"wp","href":"https:\/\/api.w.org\/{rel}","templated":true}]}}