{"id":14070,"date":"2026-01-21T12:51:26","date_gmt":"2026-01-21T11:51:26","guid":{"rendered":"https:\/\/nordnesrepublikken.no\/index.php\/2026\/01\/21\/hva-er-stormbolger-og-svelle\/"},"modified":"2026-01-21T12:51:29","modified_gmt":"2026-01-21T11:51:29","slug":"hva-er-stormbolger-og-svelle","status":"publish","type":"post","link":"https:\/\/nordnesrepublikken.no\/index.php\/2026\/01\/21\/hva-er-stormbolger-og-svelle\/","title":{"rendered":"hva er &laquo;stormb\u00f8lger&raquo; og &laquo;svelle&raquo;"},"content":{"rendered":"<div>\n<div class=\"cp_wrapper cp_wrapper--fw mb-30 mb-20@tablet\">\n<figure class=\"mm\"><picture class=\"img\" style=\"padding-top:56.25%\"><source  media=\"(min-width: 1024px)\"><source  media=\"(min-width: 768px)\"><\/source><\/source><\/picture><\/figure>\n<\/p><\/div>\n<p>Det blir dempet <strong>eksepsjonelt d\u00e5rlig v\u00e6r<\/strong> som har rammet Sicilia, Sardinia og Calabria de siste dagene som f\u00f8lge av <strong>storm<\/strong><strong>  Harry<\/strong>selv om<strong>r\u00f8dt varsel<\/strong> av Civil Protection for i dag og i morgen. I l\u00f8pet av de siste timene har minimum av depresjonen beveget seg \u00f8stover og ustabiliteten roterer over Tyrrenhavet og andre deler av S\u00f8rlandet, og tillater dermed en gradvis forbedring av de atmosf\u00e6riske forholdene i omr\u00e5dene p\u00e5virket av Harry mellom i dag og i morgen.<\/p>\n<p>I tillegg til voldsomme nedb\u00f8rsmengder, som ogs\u00e5 n\u00e5dde bl.a <strong>600 millimeter<\/strong> i Etna-omr\u00e5det (som er lagt til nedenfor <strong>1 meter sn\u00f8<\/strong> i h\u00f8yden), og stormfull vind med <strong>vindkast<\/strong> som ogs\u00e5 har overg\u00e5tt <strong>120 km\/t <\/strong>p\u00e5 det nord\u00f8stlige Sicilia (like under intensiteten til en kategori 1-orkan), var de som rammet fremfor alt <strong>\u00f8deleggende<\/strong> <strong>stormflo<\/strong> som traff forskjellige sicilianske, sardinske og kalabriske kyster, med b\u00f8lger som n\u00e5r<strong> rekord p\u00e5 16 meter h\u00f8y<\/strong> og som for\u00e5rsaket omfattende skader.<\/p>\n<p>Vi snakker derfor om <strong>mest intense stormene de siste \u00e5rene i S\u00f8r-Italia <\/strong>og av b\u00f8lger som har overg\u00e5tt historiske rekorder i dette omr\u00e5det av Middelhavet, som synlig i videoen av <strong>Francesco Albino<\/strong>. I Catania, dusinvis av <strong>familier<\/strong> de var <strong>evakuere<\/strong> fra boliger langs strandpromenaden.<\/p>\n<p>Fra et meteorologisk synspunkt var det det <strong>stormb\u00f8lger<\/strong> (<em>stormflo<\/em> p\u00e5 engelsk), et fenomen som typisk er assosiert med tropiske eller ekstratropiske sykloner som de s\u00e5kalte TLC-ene (<em>Tropisk-lignende sykloner<\/em>). Harry er ikke et fenomen av denne typen (han har de strukturelle egenskapene til en <strong>ekstratropisk storm<\/strong>), men den hadde fortsatt en intensitet som kan sammenlignes med en ekstratropisk syklon.<\/p>\n<p>Stormb\u00f8lger skjer n\u00e5r vi har det samtidig <strong>lavt atmosf\u00e6risk trykk og sterk vind<\/strong>: i Harrys tilfelle hadde vi en <strong>dyp depresjon lav <\/strong>(under 1000 hPa) og en <strong>sterk trykkkontrast<\/strong> med en antisyklonodde i Balkan-omr\u00e5det, som genererte de stormfulle vindene. N\u00e5r lavtrykk er over havet, &laquo;presser&raquo; atmosf\u00e6ren vannoverflaten svakere, som derfor er fri til \u00e5 stige; hvis vi legger til sterk vind til dette, a <strong>b\u00f8lgebevegelse<\/strong> som kan produsere b\u00f8lger til og med flere meter h\u00f8ye.<\/p>\n<p>Disse b\u00f8lgene genereres ikke n\u00f8dvendigvis p\u00e5 kysten, men kan ogs\u00e5 dannes i <strong>\u00e5pent hav<\/strong>. Her kan stormen &#8211; spesielt hvis vinden virker i spesielt lang tid &#8211; generere et system av bevegelige lange b\u00f8lger som kan forplante seg i hundrevis av kilometer (eller tusenvis, hvis det skjer i havet), til den treffer kysten med en ganske h\u00f8y regul\u00e6r periode, vanligvis ca. <strong>10 sekunder <\/strong>(selv 20 sekunder i havet). Dette systemet av b\u00f8lger generert i \u00e5pent hav av en storm og som kraftig ankommer kysten kalles i teknisk sjargong <strong>svelle<\/strong> og er godt kjent for surfere for eksempel. Jo h\u00f8yere havoverflaten er i stand til \u00e5 generere b\u00f8lgebevegelse under p\u00e5virkning av vinden (en parameter kalt <strong>hente<\/strong>), mer energi overf\u00f8res til de resulterende b\u00f8lgene som f\u00f8lgelig vil v\u00e6re h\u00f8yere og mer \u00f8deleggende.<\/p>\n<p>Vel, n\u00e5 har vi alle elementene for \u00e5 forst\u00e5 hvorfor stormene de siste dagene har v\u00e6rt s\u00e5 voldsomme. H\u00f8yden og rekkevidden til b\u00f8lgene bestemmes hovedsakelig av tre parametere: <strong>vindhastighet<\/strong>den <strong>vindens varighet<\/strong>og <strong>hente<\/strong>. I tilfellet med Storm Harry var alle disse parameterne sv\u00e6rt h\u00f8ye: sterk vind, blokkeringen av stormen som gjorde at vinden virket i lang tid, og en veldig stor havoverflate utsatt for vinden. Kombinasjonen av alle disse forholdene, som m\u00e5 legges til den fysiologiske \u00f8kningen p\u00e5 grunn av lavt trykk, har f\u00f8rt til<strong>eksepsjonelle stormb\u00f8lger<\/strong> som hovedsakelig rammet Sicilia, men ogs\u00e5 Sardinia og Calabria.<\/p>\n<p>Det som fremfor alt skjedde p\u00e5 Sicilia, men ogs\u00e5 p\u00e5 Sardinia og Calabria, var derfor i hovedsak det samme <strong>svelle med oseaniske b\u00f8lgebevegelsesegenskaper<\/strong>: Signifikante b\u00f8lgeh\u00f8yder (dvs. gjennomsnittsh\u00f8yden til de h\u00f8yeste 33 % av b\u00f8lgene) varierte <strong>mellom 5 meter og 9 meter<\/strong>med et effektivt maksimum registrert p\u00e5 partall <strong>16 meter<\/strong>og en periode p\u00e5 ca <strong>10 sekunder<\/strong> mellom en b\u00f8lge og en annen. Alt dette &#8211; husker vi &#8211; m\u00e5 legges til de voldsomme nedb\u00f8ren og stormende vindene som gjorde <strong>ekstrem<\/strong> denne b\u00f8lgen av d\u00e5rlig v\u00e6r p\u00e5 Sicilia, Sardinia og Calabria.<\/p>\n<p>Vi avslutter med en presisering: Samtidig med alt dette er provinsen Messina for tiden p\u00e5virket av en seismisk sekvens med jordskjelv som har n\u00e5dd ganske h\u00f8ye styrker. Det er imidlertid greit \u00e5 presisere at det er en <strong>uheldig tilfeldighet<\/strong>: det er faktisk ingen sammenheng mellom seismisk aktivitet (husk at Sicilia alltid har v\u00e6rt et omr\u00e5de med h\u00f8y risiko for jordskjelv) og meteorologisk aktivitet. Hvis det er sant at jordskjelv under vann kan produsere unormale b\u00f8lger og tsunamier, er b\u00f8lgene som rammer S\u00f8r-Italia. <strong>stormb\u00f8lger<\/strong> generert av Storm Harry.<\/p>\n<\/p><\/div>\n","protected":false},"excerpt":{"rendered":"<p>Det blir dempet eksepsjonelt d\u00e5rlig v\u00e6r som har rammet Sicilia, Sardinia og Calabria de siste<\/p>\n","protected":false},"author":1,"featured_media":14071,"comment_status":"closed","ping_status":"open","sticky":false,"template":"","format":"standard","meta":{"footnotes":""},"categories":[26],"tags":[144,9188,9189],"class_list":["post-14070","post","type-post","status-publish","format-standard","has-post-thumbnail","hentry","category-miljo","tag-hva","tag-stormbolger","tag-svelle","generate-columns","tablet-grid-50","mobile-grid-100","grid-parent","grid-33","resize-featured-image"],"yoast_head":"<!-- This site is optimized with the Yoast SEO plugin v24.4 - https:\/\/yoast.com\/wordpress\/plugins\/seo\/ -->\n<title>hva er &quot;stormb\u00f8lger&quot; og &quot;svelle&quot; - Nordnesrepublikken<\/title>\n<meta name=\"robots\" content=\"index, follow, max-snippet:-1, max-image-preview:large, max-video-preview:-1\" \/>\n<link rel=\"canonical\" href=\"https:\/\/nordnesrepublikken.no\/index.php\/2026\/01\/21\/hva-er-stormbolger-og-svelle\/\" \/>\n<meta property=\"og:locale\" content=\"nb_NO\" \/>\n<meta property=\"og:type\" content=\"article\" \/>\n<meta property=\"og:title\" content=\"hva er &quot;stormb\u00f8lger&quot; og &quot;svelle&quot; - Nordnesrepublikken\" \/>\n<meta property=\"og:description\" content=\"Det blir dempet eksepsjonelt d\u00e5rlig v\u00e6r som har rammet Sicilia, Sardinia og Calabria de siste\" \/>\n<meta property=\"og:url\" content=\"https:\/\/nordnesrepublikken.no\/index.php\/2026\/01\/21\/hva-er-stormbolger-og-svelle\/\" \/>\n<meta property=\"og:site_name\" content=\"Nordnesrepublikken\" \/>\n<meta property=\"article:published_time\" content=\"2026-01-21T11:51:26+00:00\" \/>\n<meta property=\"article:modified_time\" content=\"2026-01-21T11:51:29+00:00\" \/>\n<meta property=\"og:image\" content=\"https:\/\/nordnesrepublikken.no\/wp-content\/uploads\/2026\/01\/1768996287_hva-er-stormbolger-og-svelle.jpeg\" \/>\n\t<meta property=\"og:image:width\" content=\"2048\" \/>\n\t<meta property=\"og:image:height\" content=\"1153\" \/>\n\t<meta property=\"og:image:type\" content=\"image\/jpeg\" \/>\n<meta name=\"author\" content=\"Ole Andersen\" \/>\n<meta name=\"twitter:card\" content=\"summary_large_image\" \/>\n<meta name=\"twitter:label1\" content=\"Skrevet av\" \/>\n\t<meta name=\"twitter:data1\" content=\"Ole Andersen\" \/>\n\t<meta name=\"twitter:label2\" content=\"Ansl. lesetid\" \/>\n\t<meta name=\"twitter:data2\" content=\"4 minutter\" \/>\n<script type=\"application\/ld+json\" class=\"yoast-schema-graph\">{\"@context\":\"https:\/\/schema.org\",\"@graph\":[{\"@type\":\"Article\",\"@id\":\"https:\/\/nordnesrepublikken.no\/index.php\/2026\/01\/21\/hva-er-stormbolger-og-svelle\/#article\",\"isPartOf\":{\"@id\":\"https:\/\/nordnesrepublikken.no\/index.php\/2026\/01\/21\/hva-er-stormbolger-og-svelle\/\"},\"author\":{\"name\":\"Ole Andersen\",\"@id\":\"https:\/\/nordnesrepublikken.no\/#\/schema\/person\/2e7e81935bab77882fffb79296240ff1\"},\"headline\":\"hva er &laquo;stormb\u00f8lger&raquo; og &laquo;svelle&raquo;\",\"datePublished\":\"2026-01-21T11:51:26+00:00\",\"dateModified\":\"2026-01-21T11:51:29+00:00\",\"mainEntityOfPage\":{\"@id\":\"https:\/\/nordnesrepublikken.no\/index.php\/2026\/01\/21\/hva-er-stormbolger-og-svelle\/\"},\"wordCount\":795,\"publisher\":{\"@id\":\"https:\/\/nordnesrepublikken.no\/#organization\"},\"image\":{\"@id\":\"https:\/\/nordnesrepublikken.no\/index.php\/2026\/01\/21\/hva-er-stormbolger-og-svelle\/#primaryimage\"},\"thumbnailUrl\":\"https:\/\/nordnesrepublikken.no\/wp-content\/uploads\/2026\/01\/1768996287_hva-er-stormbolger-og-svelle.jpeg\",\"keywords\":[\"Hva\",\"stormb\u00f8lger\",\"svelle\"],\"articleSection\":[\"Milj\u00f8\"],\"inLanguage\":\"nb-NO\"},{\"@type\":\"WebPage\",\"@id\":\"https:\/\/nordnesrepublikken.no\/index.php\/2026\/01\/21\/hva-er-stormbolger-og-svelle\/\",\"url\":\"https:\/\/nordnesrepublikken.no\/index.php\/2026\/01\/21\/hva-er-stormbolger-og-svelle\/\",\"name\":\"hva er \\\"stormb\u00f8lger\\\" og \\\"svelle\\\" - Nordnesrepublikken\",\"isPartOf\":{\"@id\":\"https:\/\/nordnesrepublikken.no\/#website\"},\"primaryImageOfPage\":{\"@id\":\"https:\/\/nordnesrepublikken.no\/index.php\/2026\/01\/21\/hva-er-stormbolger-og-svelle\/#primaryimage\"},\"image\":{\"@id\":\"https:\/\/nordnesrepublikken.no\/index.php\/2026\/01\/21\/hva-er-stormbolger-og-svelle\/#primaryimage\"},\"thumbnailUrl\":\"https:\/\/nordnesrepublikken.no\/wp-content\/uploads\/2026\/01\/1768996287_hva-er-stormbolger-og-svelle.jpeg\",\"datePublished\":\"2026-01-21T11:51:26+00:00\",\"dateModified\":\"2026-01-21T11:51:29+00:00\",\"breadcrumb\":{\"@id\":\"https:\/\/nordnesrepublikken.no\/index.php\/2026\/01\/21\/hva-er-stormbolger-og-svelle\/#breadcrumb\"},\"inLanguage\":\"nb-NO\",\"potentialAction\":[{\"@type\":\"ReadAction\",\"target\":[\"https:\/\/nordnesrepublikken.no\/index.php\/2026\/01\/21\/hva-er-stormbolger-og-svelle\/\"]}]},{\"@type\":\"ImageObject\",\"inLanguage\":\"nb-NO\",\"@id\":\"https:\/\/nordnesrepublikken.no\/index.php\/2026\/01\/21\/hva-er-stormbolger-og-svelle\/#primaryimage\",\"url\":\"https:\/\/nordnesrepublikken.no\/wp-content\/uploads\/2026\/01\/1768996287_hva-er-stormbolger-og-svelle.jpeg\",\"contentUrl\":\"https:\/\/nordnesrepublikken.no\/wp-content\/uploads\/2026\/01\/1768996287_hva-er-stormbolger-og-svelle.jpeg\",\"width\":2048,\"height\":1153,\"caption\":\"hva er \\\"stormb\u00f8lger\\\" og \\\"svelle\\\"\"},{\"@type\":\"BreadcrumbList\",\"@id\":\"https:\/\/nordnesrepublikken.no\/index.php\/2026\/01\/21\/hva-er-stormbolger-og-svelle\/#breadcrumb\",\"itemListElement\":[{\"@type\":\"ListItem\",\"position\":1,\"name\":\"Home\",\"item\":\"https:\/\/nordnesrepublikken.no\/\"},{\"@type\":\"ListItem\",\"position\":2,\"name\":\"hva er &laquo;stormb\u00f8lger&raquo; og &laquo;svelle&raquo;\"}]},{\"@type\":\"WebSite\",\"@id\":\"https:\/\/nordnesrepublikken.no\/#website\",\"url\":\"https:\/\/nordnesrepublikken.no\/\",\"name\":\"Nordnesrepublikken\",\"description\":\"Stemmer og Visjoner fra Republikkens Hjerte\",\"publisher\":{\"@id\":\"https:\/\/nordnesrepublikken.no\/#organization\"},\"potentialAction\":[{\"@type\":\"SearchAction\",\"target\":{\"@type\":\"EntryPoint\",\"urlTemplate\":\"https:\/\/nordnesrepublikken.no\/?s={search_term_string}\"},\"query-input\":{\"@type\":\"PropertyValueSpecification\",\"valueRequired\":true,\"valueName\":\"search_term_string\"}}],\"inLanguage\":\"nb-NO\"},{\"@type\":\"Organization\",\"@id\":\"https:\/\/nordnesrepublikken.no\/#organization\",\"name\":\"Nordnesrepublikken\",\"url\":\"https:\/\/nordnesrepublikken.no\/\",\"logo\":{\"@type\":\"ImageObject\",\"inLanguage\":\"nb-NO\",\"@id\":\"https:\/\/nordnesrepublikken.no\/#\/schema\/logo\/image\/\",\"url\":\"https:\/\/nordnesrepublikken.no\/wp-content\/uploads\/2025\/02\/cropped-nordnesrepublikken-2.png\",\"contentUrl\":\"https:\/\/nordnesrepublikken.no\/wp-content\/uploads\/2025\/02\/cropped-nordnesrepublikken-2.png\",\"width\":1248,\"height\":362,\"caption\":\"Nordnesrepublikken\"},\"image\":{\"@id\":\"https:\/\/nordnesrepublikken.no\/#\/schema\/logo\/image\/\"}},{\"@type\":\"Person\",\"@id\":\"https:\/\/nordnesrepublikken.no\/#\/schema\/person\/2e7e81935bab77882fffb79296240ff1\",\"name\":\"Ole Andersen\",\"image\":{\"@type\":\"ImageObject\",\"inLanguage\":\"nb-NO\",\"@id\":\"https:\/\/nordnesrepublikken.no\/#\/schema\/person\/image\/\",\"url\":\"https:\/\/nordnesrepublikken.no\/wp-content\/uploads\/2025\/02\/nordnesrepublikken-2-2-150x150.jpg\",\"contentUrl\":\"https:\/\/nordnesrepublikken.no\/wp-content\/uploads\/2025\/02\/nordnesrepublikken-2-2-150x150.jpg\",\"caption\":\"Ole Andersen\"},\"description\":\"Ettersom jeg vokste opp i Oslo, har jeg alltid v\u00e6rt fascinert av ordenes kraft og deres evne til \u00e5 skape endringer. Etter \u00e5 ha fullf\u00f8rt min utdannelse i kommunikasjon ved Universitetet i Bergen, fikk jeg muligheten til \u00e5 jobbe innen ulike medier, der jeg har s\u00f8kt \u00e5 belyse viktige samfunnssp\u00f8rsm\u00e5l. I dag, som redakt\u00f8r for Nordnesrepublikken, pr\u00f8ver jeg \u00e5 forene min kj\u00e6rlighet for journalistikk med min lidenskap for innovasjon og eventyr.\",\"sameAs\":[\"https:\/\/nordnesrepublikken.no\/\"]}]}<\/script>\n<!-- \/ Yoast SEO plugin. -->","yoast_head_json":{"title":"hva er \"stormb\u00f8lger\" og \"svelle\" - Nordnesrepublikken","robots":{"index":"index","follow":"follow","max-snippet":"max-snippet:-1","max-image-preview":"max-image-preview:large","max-video-preview":"max-video-preview:-1"},"canonical":"https:\/\/nordnesrepublikken.no\/index.php\/2026\/01\/21\/hva-er-stormbolger-og-svelle\/","og_locale":"nb_NO","og_type":"article","og_title":"hva er \"stormb\u00f8lger\" og \"svelle\" - Nordnesrepublikken","og_description":"Det blir dempet eksepsjonelt d\u00e5rlig v\u00e6r som har rammet Sicilia, Sardinia og Calabria de siste","og_url":"https:\/\/nordnesrepublikken.no\/index.php\/2026\/01\/21\/hva-er-stormbolger-og-svelle\/","og_site_name":"Nordnesrepublikken","article_published_time":"2026-01-21T11:51:26+00:00","article_modified_time":"2026-01-21T11:51:29+00:00","og_image":[{"width":2048,"height":1153,"url":"https:\/\/nordnesrepublikken.no\/wp-content\/uploads\/2026\/01\/1768996287_hva-er-stormbolger-og-svelle.jpeg","type":"image\/jpeg"}],"author":"Ole Andersen","twitter_card":"summary_large_image","twitter_misc":{"Skrevet av":"Ole Andersen","Ansl. lesetid":"4 minutter"},"schema":{"@context":"https:\/\/schema.org","@graph":[{"@type":"Article","@id":"https:\/\/nordnesrepublikken.no\/index.php\/2026\/01\/21\/hva-er-stormbolger-og-svelle\/#article","isPartOf":{"@id":"https:\/\/nordnesrepublikken.no\/index.php\/2026\/01\/21\/hva-er-stormbolger-og-svelle\/"},"author":{"name":"Ole Andersen","@id":"https:\/\/nordnesrepublikken.no\/#\/schema\/person\/2e7e81935bab77882fffb79296240ff1"},"headline":"hva er &laquo;stormb\u00f8lger&raquo; og &laquo;svelle&raquo;","datePublished":"2026-01-21T11:51:26+00:00","dateModified":"2026-01-21T11:51:29+00:00","mainEntityOfPage":{"@id":"https:\/\/nordnesrepublikken.no\/index.php\/2026\/01\/21\/hva-er-stormbolger-og-svelle\/"},"wordCount":795,"publisher":{"@id":"https:\/\/nordnesrepublikken.no\/#organization"},"image":{"@id":"https:\/\/nordnesrepublikken.no\/index.php\/2026\/01\/21\/hva-er-stormbolger-og-svelle\/#primaryimage"},"thumbnailUrl":"https:\/\/nordnesrepublikken.no\/wp-content\/uploads\/2026\/01\/1768996287_hva-er-stormbolger-og-svelle.jpeg","keywords":["Hva","stormb\u00f8lger","svelle"],"articleSection":["Milj\u00f8"],"inLanguage":"nb-NO"},{"@type":"WebPage","@id":"https:\/\/nordnesrepublikken.no\/index.php\/2026\/01\/21\/hva-er-stormbolger-og-svelle\/","url":"https:\/\/nordnesrepublikken.no\/index.php\/2026\/01\/21\/hva-er-stormbolger-og-svelle\/","name":"hva er \"stormb\u00f8lger\" og \"svelle\" - Nordnesrepublikken","isPartOf":{"@id":"https:\/\/nordnesrepublikken.no\/#website"},"primaryImageOfPage":{"@id":"https:\/\/nordnesrepublikken.no\/index.php\/2026\/01\/21\/hva-er-stormbolger-og-svelle\/#primaryimage"},"image":{"@id":"https:\/\/nordnesrepublikken.no\/index.php\/2026\/01\/21\/hva-er-stormbolger-og-svelle\/#primaryimage"},"thumbnailUrl":"https:\/\/nordnesrepublikken.no\/wp-content\/uploads\/2026\/01\/1768996287_hva-er-stormbolger-og-svelle.jpeg","datePublished":"2026-01-21T11:51:26+00:00","dateModified":"2026-01-21T11:51:29+00:00","breadcrumb":{"@id":"https:\/\/nordnesrepublikken.no\/index.php\/2026\/01\/21\/hva-er-stormbolger-og-svelle\/#breadcrumb"},"inLanguage":"nb-NO","potentialAction":[{"@type":"ReadAction","target":["https:\/\/nordnesrepublikken.no\/index.php\/2026\/01\/21\/hva-er-stormbolger-og-svelle\/"]}]},{"@type":"ImageObject","inLanguage":"nb-NO","@id":"https:\/\/nordnesrepublikken.no\/index.php\/2026\/01\/21\/hva-er-stormbolger-og-svelle\/#primaryimage","url":"https:\/\/nordnesrepublikken.no\/wp-content\/uploads\/2026\/01\/1768996287_hva-er-stormbolger-og-svelle.jpeg","contentUrl":"https:\/\/nordnesrepublikken.no\/wp-content\/uploads\/2026\/01\/1768996287_hva-er-stormbolger-og-svelle.jpeg","width":2048,"height":1153,"caption":"hva er \"stormb\u00f8lger\" og \"svelle\""},{"@type":"BreadcrumbList","@id":"https:\/\/nordnesrepublikken.no\/index.php\/2026\/01\/21\/hva-er-stormbolger-og-svelle\/#breadcrumb","itemListElement":[{"@type":"ListItem","position":1,"name":"Home","item":"https:\/\/nordnesrepublikken.no\/"},{"@type":"ListItem","position":2,"name":"hva er &laquo;stormb\u00f8lger&raquo; og &laquo;svelle&raquo;"}]},{"@type":"WebSite","@id":"https:\/\/nordnesrepublikken.no\/#website","url":"https:\/\/nordnesrepublikken.no\/","name":"Nordnesrepublikken","description":"Stemmer og Visjoner fra Republikkens Hjerte","publisher":{"@id":"https:\/\/nordnesrepublikken.no\/#organization"},"potentialAction":[{"@type":"SearchAction","target":{"@type":"EntryPoint","urlTemplate":"https:\/\/nordnesrepublikken.no\/?s={search_term_string}"},"query-input":{"@type":"PropertyValueSpecification","valueRequired":true,"valueName":"search_term_string"}}],"inLanguage":"nb-NO"},{"@type":"Organization","@id":"https:\/\/nordnesrepublikken.no\/#organization","name":"Nordnesrepublikken","url":"https:\/\/nordnesrepublikken.no\/","logo":{"@type":"ImageObject","inLanguage":"nb-NO","@id":"https:\/\/nordnesrepublikken.no\/#\/schema\/logo\/image\/","url":"https:\/\/nordnesrepublikken.no\/wp-content\/uploads\/2025\/02\/cropped-nordnesrepublikken-2.png","contentUrl":"https:\/\/nordnesrepublikken.no\/wp-content\/uploads\/2025\/02\/cropped-nordnesrepublikken-2.png","width":1248,"height":362,"caption":"Nordnesrepublikken"},"image":{"@id":"https:\/\/nordnesrepublikken.no\/#\/schema\/logo\/image\/"}},{"@type":"Person","@id":"https:\/\/nordnesrepublikken.no\/#\/schema\/person\/2e7e81935bab77882fffb79296240ff1","name":"Ole Andersen","image":{"@type":"ImageObject","inLanguage":"nb-NO","@id":"https:\/\/nordnesrepublikken.no\/#\/schema\/person\/image\/","url":"https:\/\/nordnesrepublikken.no\/wp-content\/uploads\/2025\/02\/nordnesrepublikken-2-2-150x150.jpg","contentUrl":"https:\/\/nordnesrepublikken.no\/wp-content\/uploads\/2025\/02\/nordnesrepublikken-2-2-150x150.jpg","caption":"Ole Andersen"},"description":"Ettersom jeg vokste opp i Oslo, har jeg alltid v\u00e6rt fascinert av ordenes kraft og deres evne til \u00e5 skape endringer. Etter \u00e5 ha fullf\u00f8rt min utdannelse i kommunikasjon ved Universitetet i Bergen, fikk jeg muligheten til \u00e5 jobbe innen ulike medier, der jeg har s\u00f8kt \u00e5 belyse viktige samfunnssp\u00f8rsm\u00e5l. I dag, som redakt\u00f8r for Nordnesrepublikken, pr\u00f8ver jeg \u00e5 forene min kj\u00e6rlighet for journalistikk med min lidenskap for innovasjon og eventyr.","sameAs":["https:\/\/nordnesrepublikken.no\/"]}]}},"_links":{"self":[{"href":"https:\/\/nordnesrepublikken.no\/index.php\/wp-json\/wp\/v2\/posts\/14070","targetHints":{"allow":["GET"]}}],"collection":[{"href":"https:\/\/nordnesrepublikken.no\/index.php\/wp-json\/wp\/v2\/posts"}],"about":[{"href":"https:\/\/nordnesrepublikken.no\/index.php\/wp-json\/wp\/v2\/types\/post"}],"author":[{"embeddable":true,"href":"https:\/\/nordnesrepublikken.no\/index.php\/wp-json\/wp\/v2\/users\/1"}],"replies":[{"embeddable":true,"href":"https:\/\/nordnesrepublikken.no\/index.php\/wp-json\/wp\/v2\/comments?post=14070"}],"version-history":[{"count":1,"href":"https:\/\/nordnesrepublikken.no\/index.php\/wp-json\/wp\/v2\/posts\/14070\/revisions"}],"predecessor-version":[{"id":14072,"href":"https:\/\/nordnesrepublikken.no\/index.php\/wp-json\/wp\/v2\/posts\/14070\/revisions\/14072"}],"wp:featuredmedia":[{"embeddable":true,"href":"https:\/\/nordnesrepublikken.no\/index.php\/wp-json\/wp\/v2\/media\/14071"}],"wp:attachment":[{"href":"https:\/\/nordnesrepublikken.no\/index.php\/wp-json\/wp\/v2\/media?parent=14070"}],"wp:term":[{"taxonomy":"category","embeddable":true,"href":"https:\/\/nordnesrepublikken.no\/index.php\/wp-json\/wp\/v2\/categories?post=14070"},{"taxonomy":"post_tag","embeddable":true,"href":"https:\/\/nordnesrepublikken.no\/index.php\/wp-json\/wp\/v2\/tags?post=14070"}],"curies":[{"name":"wp","href":"https:\/\/api.w.org\/{rel}","templated":true}]}}