{"id":14064,"date":"2026-01-21T08:51:13","date_gmt":"2026-01-21T07:51:13","guid":{"rendered":"https:\/\/nordnesrepublikken.no\/index.php\/2026\/01\/21\/historien-til-det-ikoniske-milano-stadion\/"},"modified":"2026-01-21T08:51:22","modified_gmt":"2026-01-21T07:51:22","slug":"historien-til-det-ikoniske-milano-stadion","status":"publish","type":"post","link":"https:\/\/nordnesrepublikken.no\/index.php\/2026\/01\/21\/historien-til-det-ikoniske-milano-stadion\/","title":{"rendered":"historien til det ikoniske Milano stadion"},"content":{"rendered":"<div>\n<div class=\"cp_wrapper cp_wrapper--fw mb-30 mb-20@tablet\">\n<figure class=\"mm\"><picture class=\"img\" style=\"padding-top:56.25%\"><source  media=\"(min-width: 1024px)\"><source  media=\"(min-width: 768px)\"><\/source><\/source><\/picture><\/figure>\n<\/p><\/div>\n<p>For hundre \u00e5r siden, i <strong>1925<\/strong>dav\u00e6rende president i Milano <strong>Piero Pirelli<\/strong>oppfordret til bygging av en engelsk-inspirert fotballstadion. Selv om det offisielle navnet er <b>Giuseppe Meazza stadion<\/b> \u2013 til \u00e6re for den to ganger verdensmesteren som hadde p\u00e5 seg skjortene til begge milanesiske lag \u2013 for hele verden er det rett og slett <b>San Siro<\/b>fra navnet p\u00e5 nabolaget som er vert for det. Ogs\u00e5 kjent som &#8216;<b>Fotballstige<\/b>&#8216; for sin majestet og prestisje den fremkaller, lik det ber\u00f8mte byteateret. Opprettelsen tok 13 m\u00e5neder og en investering p\u00e5 <strong>5 millioner lire<\/strong>. Den f\u00f8rste kampen som innviet anlegget var Milano-derbyet 19. september 1926, vunnet av Inter med resultatet 6-3. Mellom Champions League, World Cup, Europa League og Serie A har San Siro arrangert noen av de mest spennende kampene i fotballens historie, men ogs\u00e5 andre store begivenheter som konserter av Bob Marley, Bruce Springsteen eller Michael Jackson.<\/p>\n<h2>Historien til Giuseppe Meazza Stadium<\/h2>\n<p>Ved innvielsen i 1926 totalt seter p\u00e5 <strong>fire stativer<\/strong> de var rette <strong>35 000<\/strong> og den f\u00f8rste <strong>m\u00e5l<\/strong> merket i d\u00f8rene til stadion kjent under navnet p\u00e5 nabolaget som er vert for det, var AC Milan-spilleren <strong>Giuseppe Santagostino<\/strong>. I denne f\u00f8rste perioden var San Siro strengt avhengig av aktivitetene til<strong>Hipodormo<\/strong> som faktisk p\u00e5 en eller annen m\u00e5te hadde begrenset sin kapasitet og hadde reservert, i rommene nedenfor, noen plasser brukt til <strong>staller<\/strong>, <strong>fj\u00f8s<\/strong> eller <strong>f\u00f4rlagre<\/strong>. Nesten ti \u00e5r senere, i <strong>1935<\/strong>The <strong>Kommune i Milano<\/strong> kj\u00f8pte anlegget og bestemte seg for \u00e5 implementere en f\u00f8rste utvidelsesplan. Dette innebar spesifikt bygging av <strong>fire kurver<\/strong> \u00e5 koble sammen de eksisterende standene og samtidig en modifikasjon av den sentrale, med kapasitets\u00f8kning opp til <strong>55.000 tilskuere<\/strong>. Eksklusivt hjem til Milano frem til sesongen <strong>1947\/48<\/strong>San Siro ble igjen gjenstand for restaurering i <strong>1955<\/strong>. I denne arbeids\u00f8kten ble det opprettet en ny <strong>struktur<\/strong> <strong>b\u00e6rende<\/strong> med ideen om \u00e5 introdusere en <strong>andre ring<\/strong> av st\u00e5r over de som allerede er tilstede. P\u00e5 dette tidspunktet kan betalerne v\u00e6re <strong>80 000<\/strong> <strong>totalt<\/strong>hvorav ca <strong>60 000<\/strong> <strong>\u00e5 sitte<\/strong>og for \u00e5 lette tilgangen til den andre ringen, er noen satt inn <strong>spiralformede ramper<\/strong>. To \u00e5r senere var arbeidet fullf\u00f8rt <strong>nattbelysning<\/strong> og i 1965 <strong>elektronisk resultattavle<\/strong>.<\/p>\n<div class=\"cp_wrapper cp_wrapper--fw mb-50\">\n<figure class=\"mm\"><picture class=\"img\" style=\"padding-top:61.979166666667%\"><source  media=\"(min-width: 1024px)\"><source  media=\"(min-width: 768px)\"><img decoding=\"async\" loading=\"lazy\" src=\"https:\/\/nordnesrepublikken.no\/wp-content\/uploads\/2026\/01\/1768981873_281_historien-til-det-ikoniske-Milano-stadion.jpg\" alt=\"Milan_San_Siro_postkort_1950-tallet\" width=\"960\" height=\"595\"\/><\/source><\/source><\/picture><\/figure>\n<\/p><\/div>\n<p>En annen viktig dato \u00e5 huske p\u00e5 n\u00e5r du snakker om historien til dette stadion er <strong>1980<\/strong>\u00e5ret den ble oppkalt etter <strong>Giuseppe Meazza<\/strong>som d\u00f8de noen m\u00e5neder tidligere, til \u00e6re for sitt uoppl\u00f8selige b\u00e5nd med byen Milano og arven, ikke bare fotball, som han etterlot der. Tross alt var hans bidrag til italiensk fotball absolutt utrolig: to ganger <strong>Verdensmester<\/strong> med landslaget og spissen til begge milanesiske lag, anerkjent av alle for sin dybde <strong>talent<\/strong> og den er sterk <strong>personlighet<\/strong>.<\/p>\n<p>Med ankomsten av organiseringen av <strong>VM 1990<\/strong> fra Italias side n\u00e5r San Siro sin endelige form, den som vi alle kjenner i dag og som helt sikkert vil v\u00e6re umulig \u00e5 glemme. Samme \u00e5r begynte mange italienske byer ambisi\u00f8se renoveringsarbeider p\u00e5 fasilitetene deres for \u00e5 heve det generelle niv\u00e5et og gj\u00f8re dem s\u00e5 egnet som mulig til \u00e5 v\u00e6re vertskap for det kommende store arrangementet. Takket v\u00e6re bidraget fra arkitektene <strong>Giancarlo gutter<\/strong> og <strong>Henry Hoffer<\/strong> og ingeni\u00f8ren <strong>Leo Finzi<\/strong>a er laget <strong>tredje ring<\/strong> som dekker (delvis) stadion, med <strong>11 t\u00e5rn<\/strong> som st\u00f8tter den og fungerer som trapper for \u00e5 f\u00e5 tilgang til den. Det endelige resultatet er <strong>85.700 seter<\/strong>seter <strong>fargerik<\/strong> basert p\u00e5 sektoren den tilh\u00f8rer f.eks <strong>polykarbonatplater<\/strong> som garanterer en<strong>naturlig belysning<\/strong> til spillefeltet. En ny er ogs\u00e5 installert <strong>torv varmesystem<\/strong> for \u00e5 regulere temperaturen i bakken og unng\u00e5 isdannelse.<\/p>\n<h2>Hvorfor det ogs\u00e5 kalles &laquo;Football Ladder&raquo;<\/h2>\n<p>Plenen i San Siro (eller p\u00e5 Giuseppe Meazza i Milano, hva du vil kalle den) har sett str\u00e5lende \u00e5r og v\u00e6rt vertskap for noen av <strong>hendelser<\/strong> mest utrolige verdenscupene, ikke bare fra et fotballsynspunkt. For denne utrolige <strong>beryktethet<\/strong> og hans mektige <strong>Jeg venter<\/strong>har f\u00e5tt tittelen <strong>&laquo;Fotballstige&raquo;<\/strong> med eksplisitt referanse til det historiske <strong>Milanesisk teater<\/strong> som p\u00e5 samme m\u00e5te av alle anses \u00e5 v\u00e6re et av de mest prestisjefylte teatrene i verden, samt et tempel for underholdning og kunst, hjem til kunstnere av kaliber <strong>Gr\u00f8nne<\/strong>, <strong>Puccini<\/strong> eller <strong>Nureyev<\/strong>.<\/p>\n<h2>Fremtiden til San Siro stadion<\/h2>\n<p>I den senere tid har det v\u00e6rt mye snakk om fremtiden til dette systemet, som mange ikke anser som banebrytende nok. Sannsynligvis unnlatelsen av \u00e5 bli tildelt finalen av <strong>Champions League<\/strong> av <strong>2027<\/strong> og nei til kandidaturet for <strong>Euro 2032<\/strong> av UEFA ble sett p\u00e5 som sterke signaler ang\u00e5ende skjebnen til San Siro.<\/p>\n<p>For noen uker siden var det faktisk et betydelig vendepunkt representert ved passasjen av anlegget og omr\u00e5dene rundt fra <strong>Kommune i Milano<\/strong> til selskaper <strong>Milan<\/strong> Og <strong>Inter. <\/strong>Kj\u00f8pet, for et samlet bel\u00f8p p\u00e5 ca <strong>197 millioner euro<\/strong>ble avsluttet etter m\u00e5neder med intern debatt om hva de skulle gj\u00f8re. M\u00e5let til de to milanesiske klubbene er \u00e5 bruke omr\u00e5det til bygging av et helt nytt anlegg som ut fra den presenterte rapporten skal ha en kapasitet p\u00e5 ca. <strong>71500 seter<\/strong>, <strong>museum<\/strong>, <strong>lager<\/strong>, <strong>hotell<\/strong>, <strong>restauranter<\/strong>, <strong>kontorer<\/strong> Og <strong>gr\u00f8nne omr\u00e5der<\/strong>. Til dags dato er den totale investeringen rundt <strong>1,29 milliarder euro<\/strong> med arbeidene som skal starte i <strong>2027<\/strong> skal ferdigstilles, if\u00f8lge estimater, i <strong>2031<\/strong>. Sluttproduktet vil, etter erkl\u00e6ringene fra toppledelsen, v\u00e6re en<strong>avantgarde<\/strong> Og <strong>b\u00e6rekraftig<\/strong>som tilpasser seg perfekt til samfunnets og territoriets behov og som kan v\u00e6re vertskap for ulike typer arrangementer.<\/p>\n<p>Til tross for nesten total riving av <strong>&laquo;Fotballstige&raquo;<\/strong>vil det fortsatt v\u00e6re et \u00f8nske om \u00e5 bevare en liten del av den, renovere den og bruke den til form\u00e5l <strong>kommersielle<\/strong>, <strong>rekreasjon<\/strong> eller <strong>museer<\/strong>.<\/p>\n<\/p><\/div>\n","protected":false},"excerpt":{"rendered":"<p>For hundre \u00e5r siden, i 1925dav\u00e6rende president i Milano Piero Pirellioppfordret til bygging av en<\/p>\n","protected":false},"author":1,"featured_media":14065,"comment_status":"closed","ping_status":"open","sticky":false,"template":"","format":"standard","meta":{"footnotes":""},"categories":[104],"tags":[66,521,3855,2761,9186,117],"class_list":["post-14064","post","type-post","status-publish","format-standard","has-post-thumbnail","hentry","category-samfunn","tag-det","tag-historien","tag-ikoniske","tag-milano","tag-stadion","tag-til","generate-columns","tablet-grid-50","mobile-grid-100","grid-parent","grid-33","resize-featured-image"],"yoast_head":"<!-- This site is optimized with the Yoast SEO plugin v24.4 - https:\/\/yoast.com\/wordpress\/plugins\/seo\/ -->\n<title>historien til det ikoniske Milano stadion - Nordnesrepublikken<\/title>\n<meta name=\"robots\" content=\"index, follow, max-snippet:-1, max-image-preview:large, max-video-preview:-1\" \/>\n<link rel=\"canonical\" href=\"https:\/\/nordnesrepublikken.no\/index.php\/2026\/01\/21\/historien-til-det-ikoniske-milano-stadion\/\" \/>\n<meta property=\"og:locale\" content=\"nb_NO\" \/>\n<meta property=\"og:type\" content=\"article\" \/>\n<meta property=\"og:title\" content=\"historien til det ikoniske Milano stadion - Nordnesrepublikken\" \/>\n<meta property=\"og:description\" content=\"For hundre \u00e5r siden, i 1925dav\u00e6rende president i Milano Piero Pirellioppfordret til bygging av en\" \/>\n<meta property=\"og:url\" content=\"https:\/\/nordnesrepublikken.no\/index.php\/2026\/01\/21\/historien-til-det-ikoniske-milano-stadion\/\" \/>\n<meta property=\"og:site_name\" content=\"Nordnesrepublikken\" \/>\n<meta property=\"article:published_time\" content=\"2026-01-21T07:51:13+00:00\" \/>\n<meta property=\"article:modified_time\" content=\"2026-01-21T07:51:22+00:00\" \/>\n<meta property=\"og:image\" content=\"https:\/\/nordnesrepublikken.no\/wp-content\/uploads\/2026\/01\/1768981874_historien-til-det-ikoniske-Milano-stadion-scaled.jpg\" \/>\n\t<meta property=\"og:image:width\" content=\"2560\" \/>\n\t<meta property=\"og:image:height\" content=\"1440\" \/>\n\t<meta property=\"og:image:type\" content=\"image\/jpeg\" \/>\n<meta name=\"author\" content=\"Ole Andersen\" \/>\n<meta name=\"twitter:card\" content=\"summary_large_image\" \/>\n<meta name=\"twitter:label1\" content=\"Skrevet av\" \/>\n\t<meta name=\"twitter:data1\" content=\"Ole Andersen\" \/>\n\t<meta name=\"twitter:label2\" content=\"Ansl. lesetid\" \/>\n\t<meta name=\"twitter:data2\" content=\"5 minutter\" \/>\n<script type=\"application\/ld+json\" class=\"yoast-schema-graph\">{\"@context\":\"https:\/\/schema.org\",\"@graph\":[{\"@type\":\"Article\",\"@id\":\"https:\/\/nordnesrepublikken.no\/index.php\/2026\/01\/21\/historien-til-det-ikoniske-milano-stadion\/#article\",\"isPartOf\":{\"@id\":\"https:\/\/nordnesrepublikken.no\/index.php\/2026\/01\/21\/historien-til-det-ikoniske-milano-stadion\/\"},\"author\":{\"name\":\"Ole Andersen\",\"@id\":\"https:\/\/nordnesrepublikken.no\/#\/schema\/person\/2e7e81935bab77882fffb79296240ff1\"},\"headline\":\"historien til det ikoniske Milano stadion\",\"datePublished\":\"2026-01-21T07:51:13+00:00\",\"dateModified\":\"2026-01-21T07:51:22+00:00\",\"mainEntityOfPage\":{\"@id\":\"https:\/\/nordnesrepublikken.no\/index.php\/2026\/01\/21\/historien-til-det-ikoniske-milano-stadion\/\"},\"wordCount\":915,\"publisher\":{\"@id\":\"https:\/\/nordnesrepublikken.no\/#organization\"},\"image\":{\"@id\":\"https:\/\/nordnesrepublikken.no\/index.php\/2026\/01\/21\/historien-til-det-ikoniske-milano-stadion\/#primaryimage\"},\"thumbnailUrl\":\"https:\/\/nordnesrepublikken.no\/wp-content\/uploads\/2026\/01\/1768981874_historien-til-det-ikoniske-Milano-stadion-scaled.jpg\",\"keywords\":[\"Det\",\"Historien\",\"ikoniske\",\"Milano\",\"stadion\",\"til\"],\"articleSection\":[\"Samfunn\"],\"inLanguage\":\"nb-NO\"},{\"@type\":\"WebPage\",\"@id\":\"https:\/\/nordnesrepublikken.no\/index.php\/2026\/01\/21\/historien-til-det-ikoniske-milano-stadion\/\",\"url\":\"https:\/\/nordnesrepublikken.no\/index.php\/2026\/01\/21\/historien-til-det-ikoniske-milano-stadion\/\",\"name\":\"historien til det ikoniske Milano stadion - Nordnesrepublikken\",\"isPartOf\":{\"@id\":\"https:\/\/nordnesrepublikken.no\/#website\"},\"primaryImageOfPage\":{\"@id\":\"https:\/\/nordnesrepublikken.no\/index.php\/2026\/01\/21\/historien-til-det-ikoniske-milano-stadion\/#primaryimage\"},\"image\":{\"@id\":\"https:\/\/nordnesrepublikken.no\/index.php\/2026\/01\/21\/historien-til-det-ikoniske-milano-stadion\/#primaryimage\"},\"thumbnailUrl\":\"https:\/\/nordnesrepublikken.no\/wp-content\/uploads\/2026\/01\/1768981874_historien-til-det-ikoniske-Milano-stadion-scaled.jpg\",\"datePublished\":\"2026-01-21T07:51:13+00:00\",\"dateModified\":\"2026-01-21T07:51:22+00:00\",\"breadcrumb\":{\"@id\":\"https:\/\/nordnesrepublikken.no\/index.php\/2026\/01\/21\/historien-til-det-ikoniske-milano-stadion\/#breadcrumb\"},\"inLanguage\":\"nb-NO\",\"potentialAction\":[{\"@type\":\"ReadAction\",\"target\":[\"https:\/\/nordnesrepublikken.no\/index.php\/2026\/01\/21\/historien-til-det-ikoniske-milano-stadion\/\"]}]},{\"@type\":\"ImageObject\",\"inLanguage\":\"nb-NO\",\"@id\":\"https:\/\/nordnesrepublikken.no\/index.php\/2026\/01\/21\/historien-til-det-ikoniske-milano-stadion\/#primaryimage\",\"url\":\"https:\/\/nordnesrepublikken.no\/wp-content\/uploads\/2026\/01\/1768981874_historien-til-det-ikoniske-Milano-stadion-scaled.jpg\",\"contentUrl\":\"https:\/\/nordnesrepublikken.no\/wp-content\/uploads\/2026\/01\/1768981874_historien-til-det-ikoniske-Milano-stadion-scaled.jpg\",\"width\":2560,\"height\":1440,\"caption\":\"historien til det ikoniske Milano stadion\"},{\"@type\":\"BreadcrumbList\",\"@id\":\"https:\/\/nordnesrepublikken.no\/index.php\/2026\/01\/21\/historien-til-det-ikoniske-milano-stadion\/#breadcrumb\",\"itemListElement\":[{\"@type\":\"ListItem\",\"position\":1,\"name\":\"Home\",\"item\":\"https:\/\/nordnesrepublikken.no\/\"},{\"@type\":\"ListItem\",\"position\":2,\"name\":\"historien til det ikoniske Milano stadion\"}]},{\"@type\":\"WebSite\",\"@id\":\"https:\/\/nordnesrepublikken.no\/#website\",\"url\":\"https:\/\/nordnesrepublikken.no\/\",\"name\":\"Nordnesrepublikken\",\"description\":\"Stemmer og Visjoner fra Republikkens Hjerte\",\"publisher\":{\"@id\":\"https:\/\/nordnesrepublikken.no\/#organization\"},\"potentialAction\":[{\"@type\":\"SearchAction\",\"target\":{\"@type\":\"EntryPoint\",\"urlTemplate\":\"https:\/\/nordnesrepublikken.no\/?s={search_term_string}\"},\"query-input\":{\"@type\":\"PropertyValueSpecification\",\"valueRequired\":true,\"valueName\":\"search_term_string\"}}],\"inLanguage\":\"nb-NO\"},{\"@type\":\"Organization\",\"@id\":\"https:\/\/nordnesrepublikken.no\/#organization\",\"name\":\"Nordnesrepublikken\",\"url\":\"https:\/\/nordnesrepublikken.no\/\",\"logo\":{\"@type\":\"ImageObject\",\"inLanguage\":\"nb-NO\",\"@id\":\"https:\/\/nordnesrepublikken.no\/#\/schema\/logo\/image\/\",\"url\":\"https:\/\/nordnesrepublikken.no\/wp-content\/uploads\/2025\/02\/cropped-nordnesrepublikken-2.png\",\"contentUrl\":\"https:\/\/nordnesrepublikken.no\/wp-content\/uploads\/2025\/02\/cropped-nordnesrepublikken-2.png\",\"width\":1248,\"height\":362,\"caption\":\"Nordnesrepublikken\"},\"image\":{\"@id\":\"https:\/\/nordnesrepublikken.no\/#\/schema\/logo\/image\/\"}},{\"@type\":\"Person\",\"@id\":\"https:\/\/nordnesrepublikken.no\/#\/schema\/person\/2e7e81935bab77882fffb79296240ff1\",\"name\":\"Ole Andersen\",\"image\":{\"@type\":\"ImageObject\",\"inLanguage\":\"nb-NO\",\"@id\":\"https:\/\/nordnesrepublikken.no\/#\/schema\/person\/image\/\",\"url\":\"https:\/\/nordnesrepublikken.no\/wp-content\/uploads\/2025\/02\/nordnesrepublikken-2-2-150x150.jpg\",\"contentUrl\":\"https:\/\/nordnesrepublikken.no\/wp-content\/uploads\/2025\/02\/nordnesrepublikken-2-2-150x150.jpg\",\"caption\":\"Ole Andersen\"},\"description\":\"Ettersom jeg vokste opp i Oslo, har jeg alltid v\u00e6rt fascinert av ordenes kraft og deres evne til \u00e5 skape endringer. Etter \u00e5 ha fullf\u00f8rt min utdannelse i kommunikasjon ved Universitetet i Bergen, fikk jeg muligheten til \u00e5 jobbe innen ulike medier, der jeg har s\u00f8kt \u00e5 belyse viktige samfunnssp\u00f8rsm\u00e5l. I dag, som redakt\u00f8r for Nordnesrepublikken, pr\u00f8ver jeg \u00e5 forene min kj\u00e6rlighet for journalistikk med min lidenskap for innovasjon og eventyr.\",\"sameAs\":[\"https:\/\/nordnesrepublikken.no\/\"]}]}<\/script>\n<!-- \/ Yoast SEO plugin. -->","yoast_head_json":{"title":"historien til det ikoniske Milano stadion - Nordnesrepublikken","robots":{"index":"index","follow":"follow","max-snippet":"max-snippet:-1","max-image-preview":"max-image-preview:large","max-video-preview":"max-video-preview:-1"},"canonical":"https:\/\/nordnesrepublikken.no\/index.php\/2026\/01\/21\/historien-til-det-ikoniske-milano-stadion\/","og_locale":"nb_NO","og_type":"article","og_title":"historien til det ikoniske Milano stadion - Nordnesrepublikken","og_description":"For hundre \u00e5r siden, i 1925dav\u00e6rende president i Milano Piero Pirellioppfordret til bygging av en","og_url":"https:\/\/nordnesrepublikken.no\/index.php\/2026\/01\/21\/historien-til-det-ikoniske-milano-stadion\/","og_site_name":"Nordnesrepublikken","article_published_time":"2026-01-21T07:51:13+00:00","article_modified_time":"2026-01-21T07:51:22+00:00","og_image":[{"width":2560,"height":1440,"url":"https:\/\/nordnesrepublikken.no\/wp-content\/uploads\/2026\/01\/1768981874_historien-til-det-ikoniske-Milano-stadion-scaled.jpg","type":"image\/jpeg"}],"author":"Ole Andersen","twitter_card":"summary_large_image","twitter_misc":{"Skrevet av":"Ole Andersen","Ansl. lesetid":"5 minutter"},"schema":{"@context":"https:\/\/schema.org","@graph":[{"@type":"Article","@id":"https:\/\/nordnesrepublikken.no\/index.php\/2026\/01\/21\/historien-til-det-ikoniske-milano-stadion\/#article","isPartOf":{"@id":"https:\/\/nordnesrepublikken.no\/index.php\/2026\/01\/21\/historien-til-det-ikoniske-milano-stadion\/"},"author":{"name":"Ole Andersen","@id":"https:\/\/nordnesrepublikken.no\/#\/schema\/person\/2e7e81935bab77882fffb79296240ff1"},"headline":"historien til det ikoniske Milano stadion","datePublished":"2026-01-21T07:51:13+00:00","dateModified":"2026-01-21T07:51:22+00:00","mainEntityOfPage":{"@id":"https:\/\/nordnesrepublikken.no\/index.php\/2026\/01\/21\/historien-til-det-ikoniske-milano-stadion\/"},"wordCount":915,"publisher":{"@id":"https:\/\/nordnesrepublikken.no\/#organization"},"image":{"@id":"https:\/\/nordnesrepublikken.no\/index.php\/2026\/01\/21\/historien-til-det-ikoniske-milano-stadion\/#primaryimage"},"thumbnailUrl":"https:\/\/nordnesrepublikken.no\/wp-content\/uploads\/2026\/01\/1768981874_historien-til-det-ikoniske-Milano-stadion-scaled.jpg","keywords":["Det","Historien","ikoniske","Milano","stadion","til"],"articleSection":["Samfunn"],"inLanguage":"nb-NO"},{"@type":"WebPage","@id":"https:\/\/nordnesrepublikken.no\/index.php\/2026\/01\/21\/historien-til-det-ikoniske-milano-stadion\/","url":"https:\/\/nordnesrepublikken.no\/index.php\/2026\/01\/21\/historien-til-det-ikoniske-milano-stadion\/","name":"historien til det ikoniske Milano stadion - Nordnesrepublikken","isPartOf":{"@id":"https:\/\/nordnesrepublikken.no\/#website"},"primaryImageOfPage":{"@id":"https:\/\/nordnesrepublikken.no\/index.php\/2026\/01\/21\/historien-til-det-ikoniske-milano-stadion\/#primaryimage"},"image":{"@id":"https:\/\/nordnesrepublikken.no\/index.php\/2026\/01\/21\/historien-til-det-ikoniske-milano-stadion\/#primaryimage"},"thumbnailUrl":"https:\/\/nordnesrepublikken.no\/wp-content\/uploads\/2026\/01\/1768981874_historien-til-det-ikoniske-Milano-stadion-scaled.jpg","datePublished":"2026-01-21T07:51:13+00:00","dateModified":"2026-01-21T07:51:22+00:00","breadcrumb":{"@id":"https:\/\/nordnesrepublikken.no\/index.php\/2026\/01\/21\/historien-til-det-ikoniske-milano-stadion\/#breadcrumb"},"inLanguage":"nb-NO","potentialAction":[{"@type":"ReadAction","target":["https:\/\/nordnesrepublikken.no\/index.php\/2026\/01\/21\/historien-til-det-ikoniske-milano-stadion\/"]}]},{"@type":"ImageObject","inLanguage":"nb-NO","@id":"https:\/\/nordnesrepublikken.no\/index.php\/2026\/01\/21\/historien-til-det-ikoniske-milano-stadion\/#primaryimage","url":"https:\/\/nordnesrepublikken.no\/wp-content\/uploads\/2026\/01\/1768981874_historien-til-det-ikoniske-Milano-stadion-scaled.jpg","contentUrl":"https:\/\/nordnesrepublikken.no\/wp-content\/uploads\/2026\/01\/1768981874_historien-til-det-ikoniske-Milano-stadion-scaled.jpg","width":2560,"height":1440,"caption":"historien til det ikoniske Milano stadion"},{"@type":"BreadcrumbList","@id":"https:\/\/nordnesrepublikken.no\/index.php\/2026\/01\/21\/historien-til-det-ikoniske-milano-stadion\/#breadcrumb","itemListElement":[{"@type":"ListItem","position":1,"name":"Home","item":"https:\/\/nordnesrepublikken.no\/"},{"@type":"ListItem","position":2,"name":"historien til det ikoniske Milano stadion"}]},{"@type":"WebSite","@id":"https:\/\/nordnesrepublikken.no\/#website","url":"https:\/\/nordnesrepublikken.no\/","name":"Nordnesrepublikken","description":"Stemmer og Visjoner fra Republikkens Hjerte","publisher":{"@id":"https:\/\/nordnesrepublikken.no\/#organization"},"potentialAction":[{"@type":"SearchAction","target":{"@type":"EntryPoint","urlTemplate":"https:\/\/nordnesrepublikken.no\/?s={search_term_string}"},"query-input":{"@type":"PropertyValueSpecification","valueRequired":true,"valueName":"search_term_string"}}],"inLanguage":"nb-NO"},{"@type":"Organization","@id":"https:\/\/nordnesrepublikken.no\/#organization","name":"Nordnesrepublikken","url":"https:\/\/nordnesrepublikken.no\/","logo":{"@type":"ImageObject","inLanguage":"nb-NO","@id":"https:\/\/nordnesrepublikken.no\/#\/schema\/logo\/image\/","url":"https:\/\/nordnesrepublikken.no\/wp-content\/uploads\/2025\/02\/cropped-nordnesrepublikken-2.png","contentUrl":"https:\/\/nordnesrepublikken.no\/wp-content\/uploads\/2025\/02\/cropped-nordnesrepublikken-2.png","width":1248,"height":362,"caption":"Nordnesrepublikken"},"image":{"@id":"https:\/\/nordnesrepublikken.no\/#\/schema\/logo\/image\/"}},{"@type":"Person","@id":"https:\/\/nordnesrepublikken.no\/#\/schema\/person\/2e7e81935bab77882fffb79296240ff1","name":"Ole Andersen","image":{"@type":"ImageObject","inLanguage":"nb-NO","@id":"https:\/\/nordnesrepublikken.no\/#\/schema\/person\/image\/","url":"https:\/\/nordnesrepublikken.no\/wp-content\/uploads\/2025\/02\/nordnesrepublikken-2-2-150x150.jpg","contentUrl":"https:\/\/nordnesrepublikken.no\/wp-content\/uploads\/2025\/02\/nordnesrepublikken-2-2-150x150.jpg","caption":"Ole Andersen"},"description":"Ettersom jeg vokste opp i Oslo, har jeg alltid v\u00e6rt fascinert av ordenes kraft og deres evne til \u00e5 skape endringer. Etter \u00e5 ha fullf\u00f8rt min utdannelse i kommunikasjon ved Universitetet i Bergen, fikk jeg muligheten til \u00e5 jobbe innen ulike medier, der jeg har s\u00f8kt \u00e5 belyse viktige samfunnssp\u00f8rsm\u00e5l. I dag, som redakt\u00f8r for Nordnesrepublikken, pr\u00f8ver jeg \u00e5 forene min kj\u00e6rlighet for journalistikk med min lidenskap for innovasjon og eventyr.","sameAs":["https:\/\/nordnesrepublikken.no\/"]}]}},"_links":{"self":[{"href":"https:\/\/nordnesrepublikken.no\/index.php\/wp-json\/wp\/v2\/posts\/14064","targetHints":{"allow":["GET"]}}],"collection":[{"href":"https:\/\/nordnesrepublikken.no\/index.php\/wp-json\/wp\/v2\/posts"}],"about":[{"href":"https:\/\/nordnesrepublikken.no\/index.php\/wp-json\/wp\/v2\/types\/post"}],"author":[{"embeddable":true,"href":"https:\/\/nordnesrepublikken.no\/index.php\/wp-json\/wp\/v2\/users\/1"}],"replies":[{"embeddable":true,"href":"https:\/\/nordnesrepublikken.no\/index.php\/wp-json\/wp\/v2\/comments?post=14064"}],"version-history":[{"count":1,"href":"https:\/\/nordnesrepublikken.no\/index.php\/wp-json\/wp\/v2\/posts\/14064\/revisions"}],"predecessor-version":[{"id":14066,"href":"https:\/\/nordnesrepublikken.no\/index.php\/wp-json\/wp\/v2\/posts\/14064\/revisions\/14066"}],"wp:featuredmedia":[{"embeddable":true,"href":"https:\/\/nordnesrepublikken.no\/index.php\/wp-json\/wp\/v2\/media\/14065"}],"wp:attachment":[{"href":"https:\/\/nordnesrepublikken.no\/index.php\/wp-json\/wp\/v2\/media?parent=14064"}],"wp:term":[{"taxonomy":"category","embeddable":true,"href":"https:\/\/nordnesrepublikken.no\/index.php\/wp-json\/wp\/v2\/categories?post=14064"},{"taxonomy":"post_tag","embeddable":true,"href":"https:\/\/nordnesrepublikken.no\/index.php\/wp-json\/wp\/v2\/tags?post=14064"}],"curies":[{"name":"wp","href":"https:\/\/api.w.org\/{rel}","templated":true}]}}