{"id":14058,"date":"2026-01-21T01:52:09","date_gmt":"2026-01-21T00:52:09","guid":{"rendered":"https:\/\/nordnesrepublikken.no\/index.php\/2026\/01\/21\/minst-41-dode-og-over-150-saret\/"},"modified":"2026-01-21T01:52:11","modified_gmt":"2026-01-21T00:52:11","slug":"minst-41-dode-og-over-150-saret","status":"publish","type":"post","link":"https:\/\/nordnesrepublikken.no\/index.php\/2026\/01\/21\/minst-41-dode-og-over-150-saret\/","title":{"rendered":"minst 41 d\u00f8de og over 150 s\u00e5ret"},"content":{"rendered":"<div>\n<div class=\"cp_wrapper cp_wrapper--fw mb-30 mb-20@tablet\">\n<figure class=\"mm\"><picture class=\"img\" style=\"padding-top:56.25%\"><source  media=\"(min-width: 1024px)\"><source  media=\"(min-width: 768px)\"><\/source><\/source><\/picture><\/figure>\n<\/p><\/div>\n<p>Det var en <strong>alvorlig togulykke i Andalusia, Spania<\/strong>: avsporingen av to h\u00f8yhastighetstog for\u00e5rsaket minst 41 d\u00f8dsfall og over 150 skader, 24 av dem alvorlig. Episoden skjedde i g\u00e5r, s\u00f8ndag 18. januar, kl <strong>Adamuz<\/strong> (Cordoba), rundt <strong>19.45:<\/strong> tog 6189 av <strong>Iryo selskap<\/strong>reiser fra M\u00e1laga til Madrid med ca <strong>300 passasjerer<\/strong> om bord sporet den av og havnet p\u00e5 sporene i motsatt gate, som langdistansetoget til Alvia-selskapet passerte p\u00e5, og fraktet rundt 184 passasjerer. P\u00e5 grunn av sammenst\u00f8tet ble<strong> to f\u00f8rste vogner av denne andre<\/strong> tog jeg er <strong>falle<\/strong> langs en rundt fire meter h\u00f8y voll.<\/p>\n<p>\u00c5rsakene til ulykken er enn\u00e5 ikke avklart: den spanske transportministeren,<strong> Oscar Puente<\/strong>beskrev hendelsen som &laquo;<strong>ekstremt merkelig<\/strong>,\u201d som det skjedde p\u00e5 en rett banestrekning som ble renovert i mai i fjor.<\/p>\n<p>Som det fremg\u00e5r av bildene tatt p\u00e5 ulykkesstedet, er Iryo-toget en modell<strong> Frecciarossa ETR-1000:<\/strong> det spanske merket tilh\u00f8rer faktisk ILSA-selskapet, som det er av <strong>majoritetsaksjon\u00e6r (51 %) <\/strong><strong>Ferrovie dello Stato International, <\/strong>som ga det iberiske selskapet en<strong> fl\u00e5te p\u00e5 20 ETR-1000-tog, produsert av Hitachi.<\/strong><\/p>\n<p>I en pressemelding bekreftet Iryo-selskapet at tog 6189 hadde forlatt startstasjonen (Malaga) kl. 18.40 med en<strong> om bord 289 passasjerer, 4 besetningsmedlemmer og 1 maskinist.<\/strong> Klokken 19.45, \u00ab<strong>av fortsatt ukjente \u00e5rsaker<\/strong>\u00bb sporet det av og endte opp med \u00e5 invadere det rette sporet, der det andre toget kj\u00f8rte i motsatt retning i det \u00f8yeblikket. Toget involvert i ulykken hadde v\u00e6rt <strong>produsert i 2022<\/strong> og underlagt det siste <strong>unders\u00f8kelse<\/strong> s\u00e5 snart <strong>fire dager f\u00f8r, <\/strong>den 15. januar.<\/p>\n<p>Iryo-selskapet er den andre jernbaneoperat\u00f8ren i Spania n\u00e5r det gjelder volum av tog, frekvens og antall passasjerer, og representerer hovedkonkurrenten til det statlige selskapet Renfe, som Alvia (selskapet til toget som gikk i motsatt retning av det avsporede) er en del av.<\/p>\n<p>Etter ulykken tok den spanske regjeringen umiddelbart grep <strong>spesialberedskapsenheten<\/strong> (den s\u00e5kalte \u00d8MU, <strong>Milit\u00e6r n\u00f8denhet, <\/strong>ogs\u00e5 aktivert under DANA som rammet Valencia i 2024), mens Sivilgarden sender DNA- og fingeravtrykkeksperter for \u00e5 fremskynde identifiseringen av ofrene. For \u00f8yeblikket p\u00e5g\u00e5r fortsatt redningsprosedyrer og <strong>jernbanelinjen Malaga-Madrid ble avbrutt<\/strong> i hele dag, mandag 19. januar: dessverre,<strong> d\u00f8dstallet er fortsatt forel\u00f8pig<\/strong>gitt at det er vanskelig for redningsarbeidere \u00e5 f\u00e5 tilgang til omr\u00e5det der vognene til Alvia-toget krasjet for \u00e5 redde passasjerene som er fanget mellom metallplatene.<\/p>\n<\/p><\/div>\n","protected":false},"excerpt":{"rendered":"<p>Det var en alvorlig togulykke i Andalusia, Spania: avsporingen av to h\u00f8yhastighetstog for\u00e5rsaket minst 41<\/p>\n","protected":false},"author":1,"featured_media":14059,"comment_status":"closed","ping_status":"open","sticky":false,"template":"","format":"standard","meta":{"footnotes":""},"categories":[104],"tags":[2470,1536,9183],"class_list":["post-14058","post","type-post","status-publish","format-standard","has-post-thumbnail","hentry","category-samfunn","tag-dode","tag-minst","tag-saret","generate-columns","tablet-grid-50","mobile-grid-100","grid-parent","grid-33","resize-featured-image"],"yoast_head":"<!-- This site is optimized with the Yoast SEO plugin v24.4 - https:\/\/yoast.com\/wordpress\/plugins\/seo\/ -->\n<title>minst 41 d\u00f8de og over 150 s\u00e5ret - Nordnesrepublikken<\/title>\n<meta name=\"robots\" content=\"index, follow, max-snippet:-1, max-image-preview:large, max-video-preview:-1\" \/>\n<link rel=\"canonical\" href=\"https:\/\/nordnesrepublikken.no\/index.php\/2026\/01\/21\/minst-41-dode-og-over-150-saret\/\" \/>\n<meta property=\"og:locale\" content=\"nb_NO\" \/>\n<meta property=\"og:type\" content=\"article\" \/>\n<meta property=\"og:title\" content=\"minst 41 d\u00f8de og over 150 s\u00e5ret - Nordnesrepublikken\" \/>\n<meta property=\"og:description\" content=\"Det var en alvorlig togulykke i Andalusia, Spania: avsporingen av to h\u00f8yhastighetstog for\u00e5rsaket minst 41\" \/>\n<meta property=\"og:url\" content=\"https:\/\/nordnesrepublikken.no\/index.php\/2026\/01\/21\/minst-41-dode-og-over-150-saret\/\" \/>\n<meta property=\"og:site_name\" content=\"Nordnesrepublikken\" \/>\n<meta property=\"article:published_time\" content=\"2026-01-21T00:52:09+00:00\" \/>\n<meta property=\"article:modified_time\" content=\"2026-01-21T00:52:11+00:00\" \/>\n<meta property=\"og:image\" content=\"https:\/\/nordnesrepublikken.no\/wp-content\/uploads\/2026\/01\/1768956730_minst-41-dode-og-over-150-saret.jpeg\" \/>\n\t<meta property=\"og:image:width\" content=\"1158\" \/>\n\t<meta property=\"og:image:height\" content=\"569\" \/>\n\t<meta property=\"og:image:type\" content=\"image\/jpeg\" \/>\n<meta name=\"author\" content=\"Ole Andersen\" \/>\n<meta name=\"twitter:card\" content=\"summary_large_image\" \/>\n<meta name=\"twitter:label1\" content=\"Skrevet av\" \/>\n\t<meta name=\"twitter:data1\" content=\"Ole Andersen\" \/>\n\t<meta name=\"twitter:label2\" content=\"Ansl. lesetid\" \/>\n\t<meta name=\"twitter:data2\" content=\"2 minutter\" \/>\n<script type=\"application\/ld+json\" class=\"yoast-schema-graph\">{\"@context\":\"https:\/\/schema.org\",\"@graph\":[{\"@type\":\"Article\",\"@id\":\"https:\/\/nordnesrepublikken.no\/index.php\/2026\/01\/21\/minst-41-dode-og-over-150-saret\/#article\",\"isPartOf\":{\"@id\":\"https:\/\/nordnesrepublikken.no\/index.php\/2026\/01\/21\/minst-41-dode-og-over-150-saret\/\"},\"author\":{\"name\":\"Ole Andersen\",\"@id\":\"https:\/\/nordnesrepublikken.no\/#\/schema\/person\/2e7e81935bab77882fffb79296240ff1\"},\"headline\":\"minst 41 d\u00f8de og over 150 s\u00e5ret\",\"datePublished\":\"2026-01-21T00:52:09+00:00\",\"dateModified\":\"2026-01-21T00:52:11+00:00\",\"mainEntityOfPage\":{\"@id\":\"https:\/\/nordnesrepublikken.no\/index.php\/2026\/01\/21\/minst-41-dode-og-over-150-saret\/\"},\"wordCount\":377,\"publisher\":{\"@id\":\"https:\/\/nordnesrepublikken.no\/#organization\"},\"image\":{\"@id\":\"https:\/\/nordnesrepublikken.no\/index.php\/2026\/01\/21\/minst-41-dode-og-over-150-saret\/#primaryimage\"},\"thumbnailUrl\":\"https:\/\/nordnesrepublikken.no\/wp-content\/uploads\/2026\/01\/1768956730_minst-41-dode-og-over-150-saret.jpeg\",\"keywords\":[\"d\u00f8de\",\"minst\",\"s\u00e5ret\"],\"articleSection\":[\"Samfunn\"],\"inLanguage\":\"nb-NO\"},{\"@type\":\"WebPage\",\"@id\":\"https:\/\/nordnesrepublikken.no\/index.php\/2026\/01\/21\/minst-41-dode-og-over-150-saret\/\",\"url\":\"https:\/\/nordnesrepublikken.no\/index.php\/2026\/01\/21\/minst-41-dode-og-over-150-saret\/\",\"name\":\"minst 41 d\u00f8de og over 150 s\u00e5ret - Nordnesrepublikken\",\"isPartOf\":{\"@id\":\"https:\/\/nordnesrepublikken.no\/#website\"},\"primaryImageOfPage\":{\"@id\":\"https:\/\/nordnesrepublikken.no\/index.php\/2026\/01\/21\/minst-41-dode-og-over-150-saret\/#primaryimage\"},\"image\":{\"@id\":\"https:\/\/nordnesrepublikken.no\/index.php\/2026\/01\/21\/minst-41-dode-og-over-150-saret\/#primaryimage\"},\"thumbnailUrl\":\"https:\/\/nordnesrepublikken.no\/wp-content\/uploads\/2026\/01\/1768956730_minst-41-dode-og-over-150-saret.jpeg\",\"datePublished\":\"2026-01-21T00:52:09+00:00\",\"dateModified\":\"2026-01-21T00:52:11+00:00\",\"breadcrumb\":{\"@id\":\"https:\/\/nordnesrepublikken.no\/index.php\/2026\/01\/21\/minst-41-dode-og-over-150-saret\/#breadcrumb\"},\"inLanguage\":\"nb-NO\",\"potentialAction\":[{\"@type\":\"ReadAction\",\"target\":[\"https:\/\/nordnesrepublikken.no\/index.php\/2026\/01\/21\/minst-41-dode-og-over-150-saret\/\"]}]},{\"@type\":\"ImageObject\",\"inLanguage\":\"nb-NO\",\"@id\":\"https:\/\/nordnesrepublikken.no\/index.php\/2026\/01\/21\/minst-41-dode-og-over-150-saret\/#primaryimage\",\"url\":\"https:\/\/nordnesrepublikken.no\/wp-content\/uploads\/2026\/01\/1768956730_minst-41-dode-og-over-150-saret.jpeg\",\"contentUrl\":\"https:\/\/nordnesrepublikken.no\/wp-content\/uploads\/2026\/01\/1768956730_minst-41-dode-og-over-150-saret.jpeg\",\"width\":1158,\"height\":569,\"caption\":\"minst 41 d\u00f8de og over 150 s\u00e5ret\"},{\"@type\":\"BreadcrumbList\",\"@id\":\"https:\/\/nordnesrepublikken.no\/index.php\/2026\/01\/21\/minst-41-dode-og-over-150-saret\/#breadcrumb\",\"itemListElement\":[{\"@type\":\"ListItem\",\"position\":1,\"name\":\"Home\",\"item\":\"https:\/\/nordnesrepublikken.no\/\"},{\"@type\":\"ListItem\",\"position\":2,\"name\":\"minst 41 d\u00f8de og over 150 s\u00e5ret\"}]},{\"@type\":\"WebSite\",\"@id\":\"https:\/\/nordnesrepublikken.no\/#website\",\"url\":\"https:\/\/nordnesrepublikken.no\/\",\"name\":\"Nordnesrepublikken\",\"description\":\"Stemmer og Visjoner fra Republikkens Hjerte\",\"publisher\":{\"@id\":\"https:\/\/nordnesrepublikken.no\/#organization\"},\"potentialAction\":[{\"@type\":\"SearchAction\",\"target\":{\"@type\":\"EntryPoint\",\"urlTemplate\":\"https:\/\/nordnesrepublikken.no\/?s={search_term_string}\"},\"query-input\":{\"@type\":\"PropertyValueSpecification\",\"valueRequired\":true,\"valueName\":\"search_term_string\"}}],\"inLanguage\":\"nb-NO\"},{\"@type\":\"Organization\",\"@id\":\"https:\/\/nordnesrepublikken.no\/#organization\",\"name\":\"Nordnesrepublikken\",\"url\":\"https:\/\/nordnesrepublikken.no\/\",\"logo\":{\"@type\":\"ImageObject\",\"inLanguage\":\"nb-NO\",\"@id\":\"https:\/\/nordnesrepublikken.no\/#\/schema\/logo\/image\/\",\"url\":\"https:\/\/nordnesrepublikken.no\/wp-content\/uploads\/2025\/02\/cropped-nordnesrepublikken-2.png\",\"contentUrl\":\"https:\/\/nordnesrepublikken.no\/wp-content\/uploads\/2025\/02\/cropped-nordnesrepublikken-2.png\",\"width\":1248,\"height\":362,\"caption\":\"Nordnesrepublikken\"},\"image\":{\"@id\":\"https:\/\/nordnesrepublikken.no\/#\/schema\/logo\/image\/\"}},{\"@type\":\"Person\",\"@id\":\"https:\/\/nordnesrepublikken.no\/#\/schema\/person\/2e7e81935bab77882fffb79296240ff1\",\"name\":\"Ole Andersen\",\"image\":{\"@type\":\"ImageObject\",\"inLanguage\":\"nb-NO\",\"@id\":\"https:\/\/nordnesrepublikken.no\/#\/schema\/person\/image\/\",\"url\":\"https:\/\/nordnesrepublikken.no\/wp-content\/uploads\/2025\/02\/nordnesrepublikken-2-2-150x150.jpg\",\"contentUrl\":\"https:\/\/nordnesrepublikken.no\/wp-content\/uploads\/2025\/02\/nordnesrepublikken-2-2-150x150.jpg\",\"caption\":\"Ole Andersen\"},\"description\":\"Ettersom jeg vokste opp i Oslo, har jeg alltid v\u00e6rt fascinert av ordenes kraft og deres evne til \u00e5 skape endringer. Etter \u00e5 ha fullf\u00f8rt min utdannelse i kommunikasjon ved Universitetet i Bergen, fikk jeg muligheten til \u00e5 jobbe innen ulike medier, der jeg har s\u00f8kt \u00e5 belyse viktige samfunnssp\u00f8rsm\u00e5l. I dag, som redakt\u00f8r for Nordnesrepublikken, pr\u00f8ver jeg \u00e5 forene min kj\u00e6rlighet for journalistikk med min lidenskap for innovasjon og eventyr.\",\"sameAs\":[\"https:\/\/nordnesrepublikken.no\/\"]}]}<\/script>\n<!-- \/ Yoast SEO plugin. -->","yoast_head_json":{"title":"minst 41 d\u00f8de og over 150 s\u00e5ret - Nordnesrepublikken","robots":{"index":"index","follow":"follow","max-snippet":"max-snippet:-1","max-image-preview":"max-image-preview:large","max-video-preview":"max-video-preview:-1"},"canonical":"https:\/\/nordnesrepublikken.no\/index.php\/2026\/01\/21\/minst-41-dode-og-over-150-saret\/","og_locale":"nb_NO","og_type":"article","og_title":"minst 41 d\u00f8de og over 150 s\u00e5ret - Nordnesrepublikken","og_description":"Det var en alvorlig togulykke i Andalusia, Spania: avsporingen av to h\u00f8yhastighetstog for\u00e5rsaket minst 41","og_url":"https:\/\/nordnesrepublikken.no\/index.php\/2026\/01\/21\/minst-41-dode-og-over-150-saret\/","og_site_name":"Nordnesrepublikken","article_published_time":"2026-01-21T00:52:09+00:00","article_modified_time":"2026-01-21T00:52:11+00:00","og_image":[{"width":1158,"height":569,"url":"https:\/\/nordnesrepublikken.no\/wp-content\/uploads\/2026\/01\/1768956730_minst-41-dode-og-over-150-saret.jpeg","type":"image\/jpeg"}],"author":"Ole Andersen","twitter_card":"summary_large_image","twitter_misc":{"Skrevet av":"Ole Andersen","Ansl. lesetid":"2 minutter"},"schema":{"@context":"https:\/\/schema.org","@graph":[{"@type":"Article","@id":"https:\/\/nordnesrepublikken.no\/index.php\/2026\/01\/21\/minst-41-dode-og-over-150-saret\/#article","isPartOf":{"@id":"https:\/\/nordnesrepublikken.no\/index.php\/2026\/01\/21\/minst-41-dode-og-over-150-saret\/"},"author":{"name":"Ole Andersen","@id":"https:\/\/nordnesrepublikken.no\/#\/schema\/person\/2e7e81935bab77882fffb79296240ff1"},"headline":"minst 41 d\u00f8de og over 150 s\u00e5ret","datePublished":"2026-01-21T00:52:09+00:00","dateModified":"2026-01-21T00:52:11+00:00","mainEntityOfPage":{"@id":"https:\/\/nordnesrepublikken.no\/index.php\/2026\/01\/21\/minst-41-dode-og-over-150-saret\/"},"wordCount":377,"publisher":{"@id":"https:\/\/nordnesrepublikken.no\/#organization"},"image":{"@id":"https:\/\/nordnesrepublikken.no\/index.php\/2026\/01\/21\/minst-41-dode-og-over-150-saret\/#primaryimage"},"thumbnailUrl":"https:\/\/nordnesrepublikken.no\/wp-content\/uploads\/2026\/01\/1768956730_minst-41-dode-og-over-150-saret.jpeg","keywords":["d\u00f8de","minst","s\u00e5ret"],"articleSection":["Samfunn"],"inLanguage":"nb-NO"},{"@type":"WebPage","@id":"https:\/\/nordnesrepublikken.no\/index.php\/2026\/01\/21\/minst-41-dode-og-over-150-saret\/","url":"https:\/\/nordnesrepublikken.no\/index.php\/2026\/01\/21\/minst-41-dode-og-over-150-saret\/","name":"minst 41 d\u00f8de og over 150 s\u00e5ret - Nordnesrepublikken","isPartOf":{"@id":"https:\/\/nordnesrepublikken.no\/#website"},"primaryImageOfPage":{"@id":"https:\/\/nordnesrepublikken.no\/index.php\/2026\/01\/21\/minst-41-dode-og-over-150-saret\/#primaryimage"},"image":{"@id":"https:\/\/nordnesrepublikken.no\/index.php\/2026\/01\/21\/minst-41-dode-og-over-150-saret\/#primaryimage"},"thumbnailUrl":"https:\/\/nordnesrepublikken.no\/wp-content\/uploads\/2026\/01\/1768956730_minst-41-dode-og-over-150-saret.jpeg","datePublished":"2026-01-21T00:52:09+00:00","dateModified":"2026-01-21T00:52:11+00:00","breadcrumb":{"@id":"https:\/\/nordnesrepublikken.no\/index.php\/2026\/01\/21\/minst-41-dode-og-over-150-saret\/#breadcrumb"},"inLanguage":"nb-NO","potentialAction":[{"@type":"ReadAction","target":["https:\/\/nordnesrepublikken.no\/index.php\/2026\/01\/21\/minst-41-dode-og-over-150-saret\/"]}]},{"@type":"ImageObject","inLanguage":"nb-NO","@id":"https:\/\/nordnesrepublikken.no\/index.php\/2026\/01\/21\/minst-41-dode-og-over-150-saret\/#primaryimage","url":"https:\/\/nordnesrepublikken.no\/wp-content\/uploads\/2026\/01\/1768956730_minst-41-dode-og-over-150-saret.jpeg","contentUrl":"https:\/\/nordnesrepublikken.no\/wp-content\/uploads\/2026\/01\/1768956730_minst-41-dode-og-over-150-saret.jpeg","width":1158,"height":569,"caption":"minst 41 d\u00f8de og over 150 s\u00e5ret"},{"@type":"BreadcrumbList","@id":"https:\/\/nordnesrepublikken.no\/index.php\/2026\/01\/21\/minst-41-dode-og-over-150-saret\/#breadcrumb","itemListElement":[{"@type":"ListItem","position":1,"name":"Home","item":"https:\/\/nordnesrepublikken.no\/"},{"@type":"ListItem","position":2,"name":"minst 41 d\u00f8de og over 150 s\u00e5ret"}]},{"@type":"WebSite","@id":"https:\/\/nordnesrepublikken.no\/#website","url":"https:\/\/nordnesrepublikken.no\/","name":"Nordnesrepublikken","description":"Stemmer og Visjoner fra Republikkens Hjerte","publisher":{"@id":"https:\/\/nordnesrepublikken.no\/#organization"},"potentialAction":[{"@type":"SearchAction","target":{"@type":"EntryPoint","urlTemplate":"https:\/\/nordnesrepublikken.no\/?s={search_term_string}"},"query-input":{"@type":"PropertyValueSpecification","valueRequired":true,"valueName":"search_term_string"}}],"inLanguage":"nb-NO"},{"@type":"Organization","@id":"https:\/\/nordnesrepublikken.no\/#organization","name":"Nordnesrepublikken","url":"https:\/\/nordnesrepublikken.no\/","logo":{"@type":"ImageObject","inLanguage":"nb-NO","@id":"https:\/\/nordnesrepublikken.no\/#\/schema\/logo\/image\/","url":"https:\/\/nordnesrepublikken.no\/wp-content\/uploads\/2025\/02\/cropped-nordnesrepublikken-2.png","contentUrl":"https:\/\/nordnesrepublikken.no\/wp-content\/uploads\/2025\/02\/cropped-nordnesrepublikken-2.png","width":1248,"height":362,"caption":"Nordnesrepublikken"},"image":{"@id":"https:\/\/nordnesrepublikken.no\/#\/schema\/logo\/image\/"}},{"@type":"Person","@id":"https:\/\/nordnesrepublikken.no\/#\/schema\/person\/2e7e81935bab77882fffb79296240ff1","name":"Ole Andersen","image":{"@type":"ImageObject","inLanguage":"nb-NO","@id":"https:\/\/nordnesrepublikken.no\/#\/schema\/person\/image\/","url":"https:\/\/nordnesrepublikken.no\/wp-content\/uploads\/2025\/02\/nordnesrepublikken-2-2-150x150.jpg","contentUrl":"https:\/\/nordnesrepublikken.no\/wp-content\/uploads\/2025\/02\/nordnesrepublikken-2-2-150x150.jpg","caption":"Ole Andersen"},"description":"Ettersom jeg vokste opp i Oslo, har jeg alltid v\u00e6rt fascinert av ordenes kraft og deres evne til \u00e5 skape endringer. Etter \u00e5 ha fullf\u00f8rt min utdannelse i kommunikasjon ved Universitetet i Bergen, fikk jeg muligheten til \u00e5 jobbe innen ulike medier, der jeg har s\u00f8kt \u00e5 belyse viktige samfunnssp\u00f8rsm\u00e5l. I dag, som redakt\u00f8r for Nordnesrepublikken, pr\u00f8ver jeg \u00e5 forene min kj\u00e6rlighet for journalistikk med min lidenskap for innovasjon og eventyr.","sameAs":["https:\/\/nordnesrepublikken.no\/"]}]}},"_links":{"self":[{"href":"https:\/\/nordnesrepublikken.no\/index.php\/wp-json\/wp\/v2\/posts\/14058","targetHints":{"allow":["GET"]}}],"collection":[{"href":"https:\/\/nordnesrepublikken.no\/index.php\/wp-json\/wp\/v2\/posts"}],"about":[{"href":"https:\/\/nordnesrepublikken.no\/index.php\/wp-json\/wp\/v2\/types\/post"}],"author":[{"embeddable":true,"href":"https:\/\/nordnesrepublikken.no\/index.php\/wp-json\/wp\/v2\/users\/1"}],"replies":[{"embeddable":true,"href":"https:\/\/nordnesrepublikken.no\/index.php\/wp-json\/wp\/v2\/comments?post=14058"}],"version-history":[{"count":1,"href":"https:\/\/nordnesrepublikken.no\/index.php\/wp-json\/wp\/v2\/posts\/14058\/revisions"}],"predecessor-version":[{"id":14060,"href":"https:\/\/nordnesrepublikken.no\/index.php\/wp-json\/wp\/v2\/posts\/14058\/revisions\/14060"}],"wp:featuredmedia":[{"embeddable":true,"href":"https:\/\/nordnesrepublikken.no\/index.php\/wp-json\/wp\/v2\/media\/14059"}],"wp:attachment":[{"href":"https:\/\/nordnesrepublikken.no\/index.php\/wp-json\/wp\/v2\/media?parent=14058"}],"wp:term":[{"taxonomy":"category","embeddable":true,"href":"https:\/\/nordnesrepublikken.no\/index.php\/wp-json\/wp\/v2\/categories?post=14058"},{"taxonomy":"post_tag","embeddable":true,"href":"https:\/\/nordnesrepublikken.no\/index.php\/wp-json\/wp\/v2\/tags?post=14058"}],"curies":[{"name":"wp","href":"https:\/\/api.w.org\/{rel}","templated":true}]}}