{"id":14010,"date":"2026-01-19T13:51:17","date_gmt":"2026-01-19T12:51:17","guid":{"rendered":"https:\/\/nordnesrepublikken.no\/index.php\/2026\/01\/19\/dgt-dobler-ned-pa-v16-beacon-boter-til-tross-for-okende-antall-tyverier\/"},"modified":"2026-01-19T13:51:19","modified_gmt":"2026-01-19T12:51:19","slug":"dgt-dobler-ned-pa-v16-beacon-boter-til-tross-for-okende-antall-tyverier","status":"publish","type":"post","link":"https:\/\/nordnesrepublikken.no\/index.php\/2026\/01\/19\/dgt-dobler-ned-pa-v16-beacon-boter-til-tross-for-okende-antall-tyverier\/","title":{"rendered":"DGT dobler ned p\u00e5 V16 beacon-b\u00f8ter til tross for \u00f8kende antall tyverier"},"content":{"rendered":"<p><\/p>\n<div class=\"wordpress-content\">\n                    <!-- Article Start --><\/p>\n<p><span style=\"font-weight: 400\">DIREKT\u00d8REN for DGT, Spanias Generaldirektorat for Trafikk, Pere Navarro, har bekreftet at \u00abp\u00e5 dette tidspunkt\u00bb vil trafikkbetjenter irettesette sj\u00e5f\u00f8rer hvis de har et havari eller en ulykke p\u00e5 veien og ikke plasserer et V16-n\u00f8dfyr p\u00e5 kj\u00f8ret\u00f8yet, til tross for tidligere p\u00e5stander om at sikkerhetsstyrker ville v\u00e6re &laquo;fleksible&raquo; og lette tilpasningen til den nye regelen. Dette skjer midt i flere tilfeller av tyver som bryter seg inn i biler, tilsynelatende for \u00e5 stjele V16-fyrene, spesielt i Malaga p\u00e5 Costa del Sol.<\/span><\/p>\n<h2>Myndighetene vil sanksjonere sj\u00e5f\u00f8rer som ikke bruker V16 beacons riktig &laquo;for \u00f8yeblikket&raquo;<\/h2>\n<p><span style=\"font-weight: 400\">Tidligere p\u00e5stander fra innenriksministeren Fernando Grande-Marlaska uttalte at sikkerhetstjenestemenn ville prioritere informasjon fremfor sanksjoner i en &laquo;rimelig&raquo; tidsperiode ang\u00e5ende riktig bruk av de obligatoriske V16-fyrene, som tr\u00e5dte i kraft 1. januar 2026. Marlaska uttalte at m\u00e5let med V16-fyrt\u00e5rnet var ikke \u00e5 forbedre sikkerheten, og vi var ikke f\u00f8rst \u00e5 forbedre sikkerheten for hurtigstrender. sanksjon.&raquo;<\/span><\/p>\n<p><span style=\"font-weight: 400\">Direkt\u00f8r Navarros faste ord onsdag 14. januar ser imidlertid ut til \u00e5 sette en stopper for samtalen. &laquo;P\u00e5 dette tidspunktet, hvis du stopper p\u00e5 grunn av et sammenbrudd, en slik hendelse, og du ikke legger det p\u00e5 deg, vil du bli rapportert fordi det er obligatorisk i henhold til loven,&raquo; sa sjefen for Spanias trafikkmyndighet.<\/span><\/p>\n<div class=\"sra_unit\"><link rel=\"stylesheet\" id=\"block-sra\" href=\"https:\/\/euroweeklynews.com\/wp-content\/plugins\/snack-related-articles\/dist\/css\/snack-related.min.css?250312-193541\" type=\"text\/css\" media=\"all\">\n<\/div>\n<p><span style=\"font-weight: 400\">If\u00f8lge Navarro er det gitt en &laquo;komfortabel tid&raquo; for sj\u00e5f\u00f8rer til \u00e5 l\u00e6re om og tilpasse seg den nye regelen, men DGT overv\u00e5ker &laquo;nesten 30 millioner kj\u00f8ret\u00f8yer og det endelige m\u00e5let er \u00e5 redde liv, ikke \u00e5 utstede b\u00f8ter.&raquo; Det er bemerkelsesverdig at direkt\u00f8ren ikke ga noen spesifikke datoer under sine uttalelser.<\/span><\/p>\n<h2>Sanksjonene varierer fra mindre b\u00f8ter til fengselsstraffer, avhengig av alvorlighetsgraden<\/h2>\n<p><span style=\"font-weight: 400\">Sj\u00e5f\u00f8rer som ikke eier et DGT-godkjent V16-n\u00f8dfyr i kj\u00f8ret\u00f8yet kan f\u00e5 en bot p\u00e5 opptil \u20ac80. Men selv om det \u00e5 ikke ha fyret anses som et mindre lovbrudd, anses det \u00e5 ikke bruke det riktig p\u00e5 veiene som et alvorlig lovbrudd, og hvis det er noen skader eller d\u00f8dsfall forbundet med feil bruk, kan det til og med f\u00f8re til fengselsstraff. I tillegg kan utilsiktet aktivering av V16 beacon ogs\u00e5 bli gjenstand for sanksjoner.<\/span><\/p>\n<h2>V16-fyrt\u00e5rnet: Kontroversielt helt fra begynnelsen<\/h2>\n<p><span style=\"font-weight: 400\">V16 n\u00f8dfyr er et kompakt, gult blinkende lys som plasseres p\u00e5 taket av kj\u00f8ret\u00f8yet i tilfelle en hendelse eller ulykke p\u00e5 veien. De har v\u00e6rt obligatoriske for sj\u00e5f\u00f8rer \u00e5 ha i kj\u00f8ret\u00f8yet siden 1. januar 2026 og er en erstatning for de tidligere n\u00f8dtrekantene, som til n\u00e5 var p\u00e5lagt av spansk lov.<\/span><\/p>\n<p><span style=\"font-weight: 400\">Beaconen har v\u00e6rt gjenstand for kontrovers siden kunngj\u00f8ringen, med kritikk av prisen, mangelen p\u00e5 synlighet under visse forhold, eller mulig svindel med enheter som ikke er autorisert av DGT. Ikke bare dette, Guardia Civil har st\u00e5tt frem for \u00e5 si at V16-fyrene er utrygge, og bekymrer seg for at tyver kan utnytte s\u00e5rbare sj\u00e5f\u00f8rer ved \u00e5 finne dem med beaconen.<\/span><\/p>\n<h2>V16 beacons, det nye m\u00e5let for biltyver i Spania<\/h2>\n<p><span style=\"font-weight: 400\">N\u00e5r det kommer til tyver, er V16-n\u00f8dfyrene et hett tema. I de tidlige morgentimene onsdag 14. januar, i La Victoria-omr\u00e5det i Malaga, fant det sted et raid av en underjordisk parkeringsplass der tyver br\u00f8t seg inn i minst syv biler, tilsynelatende p\u00e5 jakt etter \u00e5 stjele de obligatoriske varene. Bilene ble funnet senere samme dag med vinduer og frontruter knust, og alle de ber\u00f8rte kj\u00f8ret\u00f8yene, bortsett fra \u00e9n, ble stj\u00e5let med V16-fyr og garasjefjernkontroller. Lokale innbyggere tror at kj\u00f8ret\u00f8yet som ikke ble stj\u00e5let ble reddet fordi varen var skjult. Det spanske nasjonale politiet har startet etterforskning av hendelsen.<\/span><\/p>\n<p><span style=\"font-weight: 400\">En lignende, men mer utbredt serie tyverier skjedde ogs\u00e5 i Leon-provinsen i Spania, der en person br\u00f8t seg inn i 30 biler for \u00e5 stjele innholdet, med V16-fyrt\u00e5rnet som det mest ettertraktede av byttet. Flere ran er ogs\u00e5 rapportert i den spanske byen A Coru\u00f1a.<\/span><\/p>\n<p><span style=\"font-weight: 400\">Disse ranene har blitt stadig mer vanlige siden h\u00f8ytiden 2025-2026, rett f\u00f8r varene ble offisielt gjort obligatoriske i henhold til spansk lov. Etter sigende stjeler tyver V16-fyrene for senere \u00e5 selge dem p\u00e5 det svarte markedet.<\/span><\/p>\n<h2>Hva sj\u00e5f\u00f8rer kan gj\u00f8re for \u00e5 unng\u00e5 b\u00f8ter<\/h2>\n<p><span style=\"font-weight: 400\">Myndighetene jobber iherdig for \u00e5 forhindre dem, men sj\u00e5f\u00f8rer kan f\u00e5 et bein p\u00e5 tyvene ved \u00e5 holde n\u00f8db\u00e5kene skjult for innsyn, i et hanskerom eller rom i kj\u00f8ret\u00f8yet. Sj\u00e5f\u00f8rer b\u00f8r ogs\u00e5 s\u00f8rge for at deres V16-n\u00f8dfyr er offisielt autorisert av DGT, ved \u00e5 sjekke den elektroniske referanselisten her.<\/span><\/p>\n<p><span style=\"font-weight: 400\">N\u00e5r det gjelder sanksjoner, ser det ut til at regelen st\u00e5r med sv\u00e6rt lite slingringsmonn: enten ha V16 n\u00f8dfyr i kj\u00f8ret\u00f8yet til enhver tid og bruk det riktig, eller v\u00e6r forberedt p\u00e5 \u00e5 betale for tyvene til tross.<\/span><\/p>\n<p>                    <!-- Originally published at https:\/\/euroweeklynews.com\/2026\/01\/19\/dgt-doubles-down-on-v16-beacon-fines-despite-rising-number-of-thefts\/ on 19 Jan 2026 at 11:34 by Natascha Rivera --><br \/>\n                    <!-- Article End -->\n                <\/div>\n","protected":false},"excerpt":{"rendered":"<p>DIREKT\u00d8REN for DGT, Spanias Generaldirektorat for Trafikk, Pere Navarro, har bekreftet at \u00abp\u00e5 dette tidspunkt\u00bb<\/p>\n","protected":false},"author":1,"featured_media":14011,"comment_status":"closed","ping_status":"open","sticky":false,"template":"","format":"standard","meta":{"footnotes":""},"categories":[105],"tags":[2085,9153,1599,381,324,3481,81,117,7062,4991,7668],"class_list":["post-14010","post","type-post","status-publish","format-standard","has-post-thumbnail","hentry","category-livsstil","tag-antall","tag-beaconboter","tag-dgt","tag-dobler","tag-ned","tag-okende","tag-pa","tag-til","tag-tross","tag-tyverier","tag-v16","generate-columns","tablet-grid-50","mobile-grid-100","grid-parent","grid-33","resize-featured-image"],"yoast_head":"<!-- This site is optimized with the Yoast SEO plugin v24.4 - https:\/\/yoast.com\/wordpress\/plugins\/seo\/ -->\n<title>DGT dobler ned p\u00e5 V16 beacon-b\u00f8ter til tross for \u00f8kende antall tyverier - Nordnesrepublikken<\/title>\n<meta name=\"robots\" content=\"index, follow, max-snippet:-1, max-image-preview:large, max-video-preview:-1\" \/>\n<link rel=\"canonical\" href=\"https:\/\/nordnesrepublikken.no\/index.php\/2026\/01\/19\/dgt-dobler-ned-pa-v16-beacon-boter-til-tross-for-okende-antall-tyverier\/\" \/>\n<meta property=\"og:locale\" content=\"nb_NO\" \/>\n<meta property=\"og:type\" content=\"article\" \/>\n<meta property=\"og:title\" content=\"DGT dobler ned p\u00e5 V16 beacon-b\u00f8ter til tross for \u00f8kende antall tyverier - Nordnesrepublikken\" \/>\n<meta property=\"og:description\" content=\"DIREKT\u00d8REN for DGT, Spanias Generaldirektorat for Trafikk, Pere Navarro, har bekreftet at \u00abp\u00e5 dette tidspunkt\u00bb\" \/>\n<meta property=\"og:url\" content=\"https:\/\/nordnesrepublikken.no\/index.php\/2026\/01\/19\/dgt-dobler-ned-pa-v16-beacon-boter-til-tross-for-okende-antall-tyverier\/\" \/>\n<meta property=\"og:site_name\" content=\"Nordnesrepublikken\" \/>\n<meta property=\"article:published_time\" content=\"2026-01-19T12:51:17+00:00\" \/>\n<meta property=\"article:modified_time\" content=\"2026-01-19T12:51:19+00:00\" \/>\n<meta property=\"og:image\" content=\"https:\/\/nordnesrepublikken.no\/wp-content\/uploads\/2026\/01\/1768827078_DGT-dobler-ned-pa-V16-beacon-boter-til-tross-for-okende.jpg\" \/>\n\t<meta property=\"og:image:width\" content=\"1090\" \/>\n\t<meta property=\"og:image:height\" content=\"724\" \/>\n\t<meta property=\"og:image:type\" content=\"image\/jpeg\" \/>\n<meta name=\"author\" content=\"Ole Andersen\" \/>\n<meta name=\"twitter:card\" content=\"summary_large_image\" \/>\n<meta name=\"twitter:label1\" content=\"Skrevet av\" \/>\n\t<meta name=\"twitter:data1\" content=\"Ole Andersen\" \/>\n\t<meta name=\"twitter:label2\" content=\"Ansl. lesetid\" \/>\n\t<meta name=\"twitter:data2\" content=\"4 minutter\" \/>\n<script type=\"application\/ld+json\" class=\"yoast-schema-graph\">{\"@context\":\"https:\/\/schema.org\",\"@graph\":[{\"@type\":\"Article\",\"@id\":\"https:\/\/nordnesrepublikken.no\/index.php\/2026\/01\/19\/dgt-dobler-ned-pa-v16-beacon-boter-til-tross-for-okende-antall-tyverier\/#article\",\"isPartOf\":{\"@id\":\"https:\/\/nordnesrepublikken.no\/index.php\/2026\/01\/19\/dgt-dobler-ned-pa-v16-beacon-boter-til-tross-for-okende-antall-tyverier\/\"},\"author\":{\"name\":\"Ole Andersen\",\"@id\":\"https:\/\/nordnesrepublikken.no\/#\/schema\/person\/2e7e81935bab77882fffb79296240ff1\"},\"headline\":\"DGT dobler ned p\u00e5 V16 beacon-b\u00f8ter til tross for \u00f8kende antall tyverier\",\"datePublished\":\"2026-01-19T12:51:17+00:00\",\"dateModified\":\"2026-01-19T12:51:19+00:00\",\"mainEntityOfPage\":{\"@id\":\"https:\/\/nordnesrepublikken.no\/index.php\/2026\/01\/19\/dgt-dobler-ned-pa-v16-beacon-boter-til-tross-for-okende-antall-tyverier\/\"},\"wordCount\":825,\"publisher\":{\"@id\":\"https:\/\/nordnesrepublikken.no\/#organization\"},\"image\":{\"@id\":\"https:\/\/nordnesrepublikken.no\/index.php\/2026\/01\/19\/dgt-dobler-ned-pa-v16-beacon-boter-til-tross-for-okende-antall-tyverier\/#primaryimage\"},\"thumbnailUrl\":\"https:\/\/nordnesrepublikken.no\/wp-content\/uploads\/2026\/01\/1768827078_DGT-dobler-ned-pa-V16-beacon-boter-til-tross-for-okende.jpg\",\"keywords\":[\"antall\",\"beaconb\u00f8ter\",\"DGT\",\"dobler\",\"ned\",\"\u00f8kende\",\"p\u00e5\",\"til\",\"tross\",\"tyverier\",\"V16\"],\"articleSection\":[\"Livsstil\"],\"inLanguage\":\"nb-NO\"},{\"@type\":\"WebPage\",\"@id\":\"https:\/\/nordnesrepublikken.no\/index.php\/2026\/01\/19\/dgt-dobler-ned-pa-v16-beacon-boter-til-tross-for-okende-antall-tyverier\/\",\"url\":\"https:\/\/nordnesrepublikken.no\/index.php\/2026\/01\/19\/dgt-dobler-ned-pa-v16-beacon-boter-til-tross-for-okende-antall-tyverier\/\",\"name\":\"DGT dobler ned p\u00e5 V16 beacon-b\u00f8ter til tross for \u00f8kende antall tyverier - Nordnesrepublikken\",\"isPartOf\":{\"@id\":\"https:\/\/nordnesrepublikken.no\/#website\"},\"primaryImageOfPage\":{\"@id\":\"https:\/\/nordnesrepublikken.no\/index.php\/2026\/01\/19\/dgt-dobler-ned-pa-v16-beacon-boter-til-tross-for-okende-antall-tyverier\/#primaryimage\"},\"image\":{\"@id\":\"https:\/\/nordnesrepublikken.no\/index.php\/2026\/01\/19\/dgt-dobler-ned-pa-v16-beacon-boter-til-tross-for-okende-antall-tyverier\/#primaryimage\"},\"thumbnailUrl\":\"https:\/\/nordnesrepublikken.no\/wp-content\/uploads\/2026\/01\/1768827078_DGT-dobler-ned-pa-V16-beacon-boter-til-tross-for-okende.jpg\",\"datePublished\":\"2026-01-19T12:51:17+00:00\",\"dateModified\":\"2026-01-19T12:51:19+00:00\",\"breadcrumb\":{\"@id\":\"https:\/\/nordnesrepublikken.no\/index.php\/2026\/01\/19\/dgt-dobler-ned-pa-v16-beacon-boter-til-tross-for-okende-antall-tyverier\/#breadcrumb\"},\"inLanguage\":\"nb-NO\",\"potentialAction\":[{\"@type\":\"ReadAction\",\"target\":[\"https:\/\/nordnesrepublikken.no\/index.php\/2026\/01\/19\/dgt-dobler-ned-pa-v16-beacon-boter-til-tross-for-okende-antall-tyverier\/\"]}]},{\"@type\":\"ImageObject\",\"inLanguage\":\"nb-NO\",\"@id\":\"https:\/\/nordnesrepublikken.no\/index.php\/2026\/01\/19\/dgt-dobler-ned-pa-v16-beacon-boter-til-tross-for-okende-antall-tyverier\/#primaryimage\",\"url\":\"https:\/\/nordnesrepublikken.no\/wp-content\/uploads\/2026\/01\/1768827078_DGT-dobler-ned-pa-V16-beacon-boter-til-tross-for-okende.jpg\",\"contentUrl\":\"https:\/\/nordnesrepublikken.no\/wp-content\/uploads\/2026\/01\/1768827078_DGT-dobler-ned-pa-V16-beacon-boter-til-tross-for-okende.jpg\",\"width\":1090,\"height\":724,\"caption\":\"DGT dobler ned p\u00e5 V16 beacon-b\u00f8ter til tross for \u00f8kende antall tyverier\"},{\"@type\":\"BreadcrumbList\",\"@id\":\"https:\/\/nordnesrepublikken.no\/index.php\/2026\/01\/19\/dgt-dobler-ned-pa-v16-beacon-boter-til-tross-for-okende-antall-tyverier\/#breadcrumb\",\"itemListElement\":[{\"@type\":\"ListItem\",\"position\":1,\"name\":\"Home\",\"item\":\"https:\/\/nordnesrepublikken.no\/\"},{\"@type\":\"ListItem\",\"position\":2,\"name\":\"DGT dobler ned p\u00e5 V16 beacon-b\u00f8ter til tross for \u00f8kende antall tyverier\"}]},{\"@type\":\"WebSite\",\"@id\":\"https:\/\/nordnesrepublikken.no\/#website\",\"url\":\"https:\/\/nordnesrepublikken.no\/\",\"name\":\"Nordnesrepublikken\",\"description\":\"Stemmer og Visjoner fra Republikkens Hjerte\",\"publisher\":{\"@id\":\"https:\/\/nordnesrepublikken.no\/#organization\"},\"potentialAction\":[{\"@type\":\"SearchAction\",\"target\":{\"@type\":\"EntryPoint\",\"urlTemplate\":\"https:\/\/nordnesrepublikken.no\/?s={search_term_string}\"},\"query-input\":{\"@type\":\"PropertyValueSpecification\",\"valueRequired\":true,\"valueName\":\"search_term_string\"}}],\"inLanguage\":\"nb-NO\"},{\"@type\":\"Organization\",\"@id\":\"https:\/\/nordnesrepublikken.no\/#organization\",\"name\":\"Nordnesrepublikken\",\"url\":\"https:\/\/nordnesrepublikken.no\/\",\"logo\":{\"@type\":\"ImageObject\",\"inLanguage\":\"nb-NO\",\"@id\":\"https:\/\/nordnesrepublikken.no\/#\/schema\/logo\/image\/\",\"url\":\"https:\/\/nordnesrepublikken.no\/wp-content\/uploads\/2025\/02\/cropped-nordnesrepublikken-2.png\",\"contentUrl\":\"https:\/\/nordnesrepublikken.no\/wp-content\/uploads\/2025\/02\/cropped-nordnesrepublikken-2.png\",\"width\":1248,\"height\":362,\"caption\":\"Nordnesrepublikken\"},\"image\":{\"@id\":\"https:\/\/nordnesrepublikken.no\/#\/schema\/logo\/image\/\"}},{\"@type\":\"Person\",\"@id\":\"https:\/\/nordnesrepublikken.no\/#\/schema\/person\/2e7e81935bab77882fffb79296240ff1\",\"name\":\"Ole Andersen\",\"image\":{\"@type\":\"ImageObject\",\"inLanguage\":\"nb-NO\",\"@id\":\"https:\/\/nordnesrepublikken.no\/#\/schema\/person\/image\/\",\"url\":\"https:\/\/nordnesrepublikken.no\/wp-content\/uploads\/2025\/02\/nordnesrepublikken-2-2-150x150.jpg\",\"contentUrl\":\"https:\/\/nordnesrepublikken.no\/wp-content\/uploads\/2025\/02\/nordnesrepublikken-2-2-150x150.jpg\",\"caption\":\"Ole Andersen\"},\"description\":\"Ettersom jeg vokste opp i Oslo, har jeg alltid v\u00e6rt fascinert av ordenes kraft og deres evne til \u00e5 skape endringer. Etter \u00e5 ha fullf\u00f8rt min utdannelse i kommunikasjon ved Universitetet i Bergen, fikk jeg muligheten til \u00e5 jobbe innen ulike medier, der jeg har s\u00f8kt \u00e5 belyse viktige samfunnssp\u00f8rsm\u00e5l. I dag, som redakt\u00f8r for Nordnesrepublikken, pr\u00f8ver jeg \u00e5 forene min kj\u00e6rlighet for journalistikk med min lidenskap for innovasjon og eventyr.\",\"sameAs\":[\"https:\/\/nordnesrepublikken.no\/\"]}]}<\/script>\n<!-- \/ Yoast SEO plugin. -->","yoast_head_json":{"title":"DGT dobler ned p\u00e5 V16 beacon-b\u00f8ter til tross for \u00f8kende antall tyverier - Nordnesrepublikken","robots":{"index":"index","follow":"follow","max-snippet":"max-snippet:-1","max-image-preview":"max-image-preview:large","max-video-preview":"max-video-preview:-1"},"canonical":"https:\/\/nordnesrepublikken.no\/index.php\/2026\/01\/19\/dgt-dobler-ned-pa-v16-beacon-boter-til-tross-for-okende-antall-tyverier\/","og_locale":"nb_NO","og_type":"article","og_title":"DGT dobler ned p\u00e5 V16 beacon-b\u00f8ter til tross for \u00f8kende antall tyverier - Nordnesrepublikken","og_description":"DIREKT\u00d8REN for DGT, Spanias Generaldirektorat for Trafikk, Pere Navarro, har bekreftet at \u00abp\u00e5 dette tidspunkt\u00bb","og_url":"https:\/\/nordnesrepublikken.no\/index.php\/2026\/01\/19\/dgt-dobler-ned-pa-v16-beacon-boter-til-tross-for-okende-antall-tyverier\/","og_site_name":"Nordnesrepublikken","article_published_time":"2026-01-19T12:51:17+00:00","article_modified_time":"2026-01-19T12:51:19+00:00","og_image":[{"width":1090,"height":724,"url":"https:\/\/nordnesrepublikken.no\/wp-content\/uploads\/2026\/01\/1768827078_DGT-dobler-ned-pa-V16-beacon-boter-til-tross-for-okende.jpg","type":"image\/jpeg"}],"author":"Ole Andersen","twitter_card":"summary_large_image","twitter_misc":{"Skrevet av":"Ole Andersen","Ansl. lesetid":"4 minutter"},"schema":{"@context":"https:\/\/schema.org","@graph":[{"@type":"Article","@id":"https:\/\/nordnesrepublikken.no\/index.php\/2026\/01\/19\/dgt-dobler-ned-pa-v16-beacon-boter-til-tross-for-okende-antall-tyverier\/#article","isPartOf":{"@id":"https:\/\/nordnesrepublikken.no\/index.php\/2026\/01\/19\/dgt-dobler-ned-pa-v16-beacon-boter-til-tross-for-okende-antall-tyverier\/"},"author":{"name":"Ole Andersen","@id":"https:\/\/nordnesrepublikken.no\/#\/schema\/person\/2e7e81935bab77882fffb79296240ff1"},"headline":"DGT dobler ned p\u00e5 V16 beacon-b\u00f8ter til tross for \u00f8kende antall tyverier","datePublished":"2026-01-19T12:51:17+00:00","dateModified":"2026-01-19T12:51:19+00:00","mainEntityOfPage":{"@id":"https:\/\/nordnesrepublikken.no\/index.php\/2026\/01\/19\/dgt-dobler-ned-pa-v16-beacon-boter-til-tross-for-okende-antall-tyverier\/"},"wordCount":825,"publisher":{"@id":"https:\/\/nordnesrepublikken.no\/#organization"},"image":{"@id":"https:\/\/nordnesrepublikken.no\/index.php\/2026\/01\/19\/dgt-dobler-ned-pa-v16-beacon-boter-til-tross-for-okende-antall-tyverier\/#primaryimage"},"thumbnailUrl":"https:\/\/nordnesrepublikken.no\/wp-content\/uploads\/2026\/01\/1768827078_DGT-dobler-ned-pa-V16-beacon-boter-til-tross-for-okende.jpg","keywords":["antall","beaconb\u00f8ter","DGT","dobler","ned","\u00f8kende","p\u00e5","til","tross","tyverier","V16"],"articleSection":["Livsstil"],"inLanguage":"nb-NO"},{"@type":"WebPage","@id":"https:\/\/nordnesrepublikken.no\/index.php\/2026\/01\/19\/dgt-dobler-ned-pa-v16-beacon-boter-til-tross-for-okende-antall-tyverier\/","url":"https:\/\/nordnesrepublikken.no\/index.php\/2026\/01\/19\/dgt-dobler-ned-pa-v16-beacon-boter-til-tross-for-okende-antall-tyverier\/","name":"DGT dobler ned p\u00e5 V16 beacon-b\u00f8ter til tross for \u00f8kende antall tyverier - Nordnesrepublikken","isPartOf":{"@id":"https:\/\/nordnesrepublikken.no\/#website"},"primaryImageOfPage":{"@id":"https:\/\/nordnesrepublikken.no\/index.php\/2026\/01\/19\/dgt-dobler-ned-pa-v16-beacon-boter-til-tross-for-okende-antall-tyverier\/#primaryimage"},"image":{"@id":"https:\/\/nordnesrepublikken.no\/index.php\/2026\/01\/19\/dgt-dobler-ned-pa-v16-beacon-boter-til-tross-for-okende-antall-tyverier\/#primaryimage"},"thumbnailUrl":"https:\/\/nordnesrepublikken.no\/wp-content\/uploads\/2026\/01\/1768827078_DGT-dobler-ned-pa-V16-beacon-boter-til-tross-for-okende.jpg","datePublished":"2026-01-19T12:51:17+00:00","dateModified":"2026-01-19T12:51:19+00:00","breadcrumb":{"@id":"https:\/\/nordnesrepublikken.no\/index.php\/2026\/01\/19\/dgt-dobler-ned-pa-v16-beacon-boter-til-tross-for-okende-antall-tyverier\/#breadcrumb"},"inLanguage":"nb-NO","potentialAction":[{"@type":"ReadAction","target":["https:\/\/nordnesrepublikken.no\/index.php\/2026\/01\/19\/dgt-dobler-ned-pa-v16-beacon-boter-til-tross-for-okende-antall-tyverier\/"]}]},{"@type":"ImageObject","inLanguage":"nb-NO","@id":"https:\/\/nordnesrepublikken.no\/index.php\/2026\/01\/19\/dgt-dobler-ned-pa-v16-beacon-boter-til-tross-for-okende-antall-tyverier\/#primaryimage","url":"https:\/\/nordnesrepublikken.no\/wp-content\/uploads\/2026\/01\/1768827078_DGT-dobler-ned-pa-V16-beacon-boter-til-tross-for-okende.jpg","contentUrl":"https:\/\/nordnesrepublikken.no\/wp-content\/uploads\/2026\/01\/1768827078_DGT-dobler-ned-pa-V16-beacon-boter-til-tross-for-okende.jpg","width":1090,"height":724,"caption":"DGT dobler ned p\u00e5 V16 beacon-b\u00f8ter til tross for \u00f8kende antall tyverier"},{"@type":"BreadcrumbList","@id":"https:\/\/nordnesrepublikken.no\/index.php\/2026\/01\/19\/dgt-dobler-ned-pa-v16-beacon-boter-til-tross-for-okende-antall-tyverier\/#breadcrumb","itemListElement":[{"@type":"ListItem","position":1,"name":"Home","item":"https:\/\/nordnesrepublikken.no\/"},{"@type":"ListItem","position":2,"name":"DGT dobler ned p\u00e5 V16 beacon-b\u00f8ter til tross for \u00f8kende antall tyverier"}]},{"@type":"WebSite","@id":"https:\/\/nordnesrepublikken.no\/#website","url":"https:\/\/nordnesrepublikken.no\/","name":"Nordnesrepublikken","description":"Stemmer og Visjoner fra Republikkens Hjerte","publisher":{"@id":"https:\/\/nordnesrepublikken.no\/#organization"},"potentialAction":[{"@type":"SearchAction","target":{"@type":"EntryPoint","urlTemplate":"https:\/\/nordnesrepublikken.no\/?s={search_term_string}"},"query-input":{"@type":"PropertyValueSpecification","valueRequired":true,"valueName":"search_term_string"}}],"inLanguage":"nb-NO"},{"@type":"Organization","@id":"https:\/\/nordnesrepublikken.no\/#organization","name":"Nordnesrepublikken","url":"https:\/\/nordnesrepublikken.no\/","logo":{"@type":"ImageObject","inLanguage":"nb-NO","@id":"https:\/\/nordnesrepublikken.no\/#\/schema\/logo\/image\/","url":"https:\/\/nordnesrepublikken.no\/wp-content\/uploads\/2025\/02\/cropped-nordnesrepublikken-2.png","contentUrl":"https:\/\/nordnesrepublikken.no\/wp-content\/uploads\/2025\/02\/cropped-nordnesrepublikken-2.png","width":1248,"height":362,"caption":"Nordnesrepublikken"},"image":{"@id":"https:\/\/nordnesrepublikken.no\/#\/schema\/logo\/image\/"}},{"@type":"Person","@id":"https:\/\/nordnesrepublikken.no\/#\/schema\/person\/2e7e81935bab77882fffb79296240ff1","name":"Ole Andersen","image":{"@type":"ImageObject","inLanguage":"nb-NO","@id":"https:\/\/nordnesrepublikken.no\/#\/schema\/person\/image\/","url":"https:\/\/nordnesrepublikken.no\/wp-content\/uploads\/2025\/02\/nordnesrepublikken-2-2-150x150.jpg","contentUrl":"https:\/\/nordnesrepublikken.no\/wp-content\/uploads\/2025\/02\/nordnesrepublikken-2-2-150x150.jpg","caption":"Ole Andersen"},"description":"Ettersom jeg vokste opp i Oslo, har jeg alltid v\u00e6rt fascinert av ordenes kraft og deres evne til \u00e5 skape endringer. Etter \u00e5 ha fullf\u00f8rt min utdannelse i kommunikasjon ved Universitetet i Bergen, fikk jeg muligheten til \u00e5 jobbe innen ulike medier, der jeg har s\u00f8kt \u00e5 belyse viktige samfunnssp\u00f8rsm\u00e5l. I dag, som redakt\u00f8r for Nordnesrepublikken, pr\u00f8ver jeg \u00e5 forene min kj\u00e6rlighet for journalistikk med min lidenskap for innovasjon og eventyr.","sameAs":["https:\/\/nordnesrepublikken.no\/"]}]}},"_links":{"self":[{"href":"https:\/\/nordnesrepublikken.no\/index.php\/wp-json\/wp\/v2\/posts\/14010","targetHints":{"allow":["GET"]}}],"collection":[{"href":"https:\/\/nordnesrepublikken.no\/index.php\/wp-json\/wp\/v2\/posts"}],"about":[{"href":"https:\/\/nordnesrepublikken.no\/index.php\/wp-json\/wp\/v2\/types\/post"}],"author":[{"embeddable":true,"href":"https:\/\/nordnesrepublikken.no\/index.php\/wp-json\/wp\/v2\/users\/1"}],"replies":[{"embeddable":true,"href":"https:\/\/nordnesrepublikken.no\/index.php\/wp-json\/wp\/v2\/comments?post=14010"}],"version-history":[{"count":1,"href":"https:\/\/nordnesrepublikken.no\/index.php\/wp-json\/wp\/v2\/posts\/14010\/revisions"}],"predecessor-version":[{"id":14012,"href":"https:\/\/nordnesrepublikken.no\/index.php\/wp-json\/wp\/v2\/posts\/14010\/revisions\/14012"}],"wp:featuredmedia":[{"embeddable":true,"href":"https:\/\/nordnesrepublikken.no\/index.php\/wp-json\/wp\/v2\/media\/14011"}],"wp:attachment":[{"href":"https:\/\/nordnesrepublikken.no\/index.php\/wp-json\/wp\/v2\/media?parent=14010"}],"wp:term":[{"taxonomy":"category","embeddable":true,"href":"https:\/\/nordnesrepublikken.no\/index.php\/wp-json\/wp\/v2\/categories?post=14010"},{"taxonomy":"post_tag","embeddable":true,"href":"https:\/\/nordnesrepublikken.no\/index.php\/wp-json\/wp\/v2\/tags?post=14010"}],"curies":[{"name":"wp","href":"https:\/\/api.w.org\/{rel}","templated":true}]}}