{"id":14007,"date":"2026-01-19T12:50:52","date_gmt":"2026-01-19T11:50:52","guid":{"rendered":"https:\/\/nordnesrepublikken.no\/index.php\/2026\/01\/19\/trumps-nobels-fredspris-avslorer-norges-statsminister\/"},"modified":"2026-01-19T12:50:53","modified_gmt":"2026-01-19T11:50:53","slug":"trumps-nobels-fredspris-avslorer-norges-statsminister","status":"publish","type":"post","link":"https:\/\/nordnesrepublikken.no\/index.php\/2026\/01\/19\/trumps-nobels-fredspris-avslorer-norges-statsminister\/","title":{"rendered":"Trumps Nobels fredspris avsl\u00f8rer Norges statsminister"},"content":{"rendered":"<p><\/p>\n<div class=\"wordpress-content\">\n                    <!-- Article Start --><\/p>\n<p><strong>Donald Trump<\/strong> har eskalert spenningen med Europa etter \u00e5 ha fortalt privat <strong>Norges statsminister Jonas Gahr St\u00f8re.<\/strong> som ikke klarer \u00e5 vinne <strong>Nobels fredspris<\/strong> har endret sin tiln\u00e6rming til fred, mens han nok en gang krever <strong>USAs kontroll over Gr\u00f8nland<\/strong>.<\/p>\n<h2><strong>Trump knytter Nobels fredspris til Gr\u00f8nlands overtakelsesambisjoner<\/strong><\/h2>\n<p>Trump skrev til Norges statsminister at fordi landet hans hadde \u00abbestemt seg for ikke \u00e5 gi meg Nobels fredspris\u00bb, f\u00f8lte han seg ikke lenger forpliktet til \u00e5 tenke \u00abrent p\u00e5 fred\u00bb, selv om fred ville forbli \u00aboverveiende\u00bb. I den samme meldingen la Trump til at han n\u00e5 var fri til \u00e5 fokusere p\u00e5 det som var &laquo;bra og riktig for USA&raquo; og ba eksplisitt om &laquo;fullstendig og total kontroll over Gr\u00f8nland.&raquo;<\/p>\n<div class=\"sra_unit\"><link rel=\"stylesheet\" id=\"block-sra\" href=\"https:\/\/euroweeklynews.com\/wp-content\/plugins\/snack-related-articles\/dist\/css\/snack-related.min.css?250312-193541\" type=\"text\/css\" media=\"all\">\n<\/div>\n<p>Norge deler ikke ut Nobels fredspris. \u00c6ren avgj\u00f8res av en uavhengig norsk Nobelkomit\u00e9 \u2013 en utmerkelse St\u00f8re har gjentatte ganger forklart til Trump, if\u00f8lge VG.<\/p>\n<p>Trumps fornyede fokus p\u00e5 Gr\u00f8nland sentrerer seg om sikkerhetskrav. Han har hevdet at Danmark ikke kan beskytte \u00f8ya tilstrekkelig fra Russland eller Kina og har stilt sp\u00f8rsm\u00e5l ved Danmarks historiske krav p\u00e5 territoriet.<\/p>\n<p>Gr\u00f8nland er et selvstyrt territorium innenfor kongeriket Danmark, som beholder ansvaret for forsvars- og utenrikspolitikk. Danmark og dets allierte har bestemt avvist Trumps p\u00e5stander.<\/p>\n<p>I en offentlig tale sa St\u00f8re: &laquo;Det er nytt at ett av 32 NATO-land gj\u00f8r krav p\u00e5 et land i alliansen. Dette er uakseptabelt.&raquo;<\/p>\n<p>Norge har gjentatt sin fulle st\u00f8tte til Danmark og til NATOs eksisterende rammeverk for arktisk sikkerhet og stabilitet.<\/p>\n<h2><strong>Trump-tolltrusler utl\u00f8ser europeisk respons<\/strong><\/h2>\n<p>Den diplomatiske br\u00e5ket har blitt forsterket av Trumps trussel om \u00e5 innf\u00f8re straffetoll fra 1. februar mot europeiske land som motsetter seg hans Gr\u00f8nland-planer, inkludert Norge og Finland.<\/p>\n<p>Bevegelsen fikk Ant\u00f3nio Costa, president for Det europeiske r\u00e5d, til \u00e5 innkalle til et krisem\u00f8te med EU-ledere denne uken, midt i frykt for et bredere utfall av handel og sikkerhet.<\/p>\n<h2><strong>Nobels fredspriskontrovers <\/strong><\/h2>\n<p>Trump har lenge hevdet at han \u00abfortjener\u00bb Nobels fredspris og har gjentatte ganger hevdet \u00e5 ha avsluttet minst \u00e5tte konflikter.<\/p>\n<p>Nobels fredspris i 2025 ble tildelt den venezuelanske opposisjonslederen Mar\u00eda Corina Machado, som senere ga sin medalje til Trump. Nobelkomiteen avklarte senere at selv om den fysiske medaljen kan overf\u00f8res, er ikke selve prisen det.<\/p>\n<p>Denne p\u00e5g\u00e5ende tvisten fremhever \u00f8kende geopolitisk usikkerhet mellom USA og Europa. Eskalerende spenninger over Gr\u00f8nland kan p\u00e5virke NATO-samarbeidet, handelsforbindelsene mellom EU og USA og arktisk sikkerhet \u2013 som alle har bredere implikasjoner for \u00f8konomisk stabilitet og diplomatiske forbindelser over hele kontinentet.<\/p>\n<p>Se alle nyheter fra USA.<\/p>\n<p>                    <!-- Originally published at https:\/\/euroweeklynews.com\/2026\/01\/19\/trumps-nobel-peace-prize-snub-to-norway-pm\/ on 19 Jan 2026 at 12:47 by Letara Draghia --><br \/>\n                    <!-- Article End -->\n                <\/div>\n","protected":false},"excerpt":{"rendered":"<p>Donald Trump har eskalert spenningen med Europa etter \u00e5 ha fortalt privat Norges statsminister Jonas<\/p>\n","protected":false},"author":1,"featured_media":14008,"comment_status":"closed","ping_status":"open","sticky":false,"template":"","format":"standard","meta":{"footnotes":""},"categories":[22],"tags":[240,4391,4390,134,1485,38],"class_list":["post-14007","post","type-post","status-publish","format-standard","has-post-thumbnail","hentry","category-nasjonal","tag-avslorer","tag-fredspris","tag-nobels","tag-norges","tag-statsminister","tag-trumps","generate-columns","tablet-grid-50","mobile-grid-100","grid-parent","grid-33","resize-featured-image"],"yoast_head":"<!-- This site is optimized with the Yoast SEO plugin v24.4 - https:\/\/yoast.com\/wordpress\/plugins\/seo\/ -->\n<title>Trumps Nobels fredspris avsl\u00f8rer Norges statsminister - Nordnesrepublikken<\/title>\n<meta name=\"robots\" content=\"index, follow, max-snippet:-1, max-image-preview:large, max-video-preview:-1\" \/>\n<link rel=\"canonical\" href=\"https:\/\/nordnesrepublikken.no\/index.php\/2026\/01\/19\/trumps-nobels-fredspris-avslorer-norges-statsminister\/\" \/>\n<meta property=\"og:locale\" content=\"nb_NO\" \/>\n<meta property=\"og:type\" content=\"article\" \/>\n<meta property=\"og:title\" content=\"Trumps Nobels fredspris avsl\u00f8rer Norges statsminister - Nordnesrepublikken\" \/>\n<meta property=\"og:description\" content=\"Donald Trump har eskalert spenningen med Europa etter \u00e5 ha fortalt privat Norges statsminister Jonas\" \/>\n<meta property=\"og:url\" content=\"https:\/\/nordnesrepublikken.no\/index.php\/2026\/01\/19\/trumps-nobels-fredspris-avslorer-norges-statsminister\/\" \/>\n<meta property=\"og:site_name\" content=\"Nordnesrepublikken\" \/>\n<meta property=\"article:published_time\" content=\"2026-01-19T11:50:52+00:00\" \/>\n<meta property=\"article:modified_time\" content=\"2026-01-19T11:50:53+00:00\" \/>\n<meta property=\"og:image\" content=\"https:\/\/nordnesrepublikken.no\/wp-content\/uploads\/2026\/01\/1768823453_Trumps-Nobels-fredspris-avslorer-Norges-statsminister.jpg\" \/>\n\t<meta property=\"og:image:width\" content=\"1200\" \/>\n\t<meta property=\"og:image:height\" content=\"799\" \/>\n\t<meta property=\"og:image:type\" content=\"image\/jpeg\" \/>\n<meta name=\"author\" content=\"Ole Andersen\" \/>\n<meta name=\"twitter:card\" content=\"summary_large_image\" \/>\n<meta name=\"twitter:label1\" content=\"Skrevet av\" \/>\n\t<meta name=\"twitter:data1\" content=\"Ole Andersen\" \/>\n\t<meta name=\"twitter:label2\" content=\"Ansl. lesetid\" \/>\n\t<meta name=\"twitter:data2\" content=\"2 minutter\" \/>\n<script type=\"application\/ld+json\" class=\"yoast-schema-graph\">{\"@context\":\"https:\/\/schema.org\",\"@graph\":[{\"@type\":\"Article\",\"@id\":\"https:\/\/nordnesrepublikken.no\/index.php\/2026\/01\/19\/trumps-nobels-fredspris-avslorer-norges-statsminister\/#article\",\"isPartOf\":{\"@id\":\"https:\/\/nordnesrepublikken.no\/index.php\/2026\/01\/19\/trumps-nobels-fredspris-avslorer-norges-statsminister\/\"},\"author\":{\"name\":\"Ole Andersen\",\"@id\":\"https:\/\/nordnesrepublikken.no\/#\/schema\/person\/2e7e81935bab77882fffb79296240ff1\"},\"headline\":\"Trumps Nobels fredspris avsl\u00f8rer Norges statsminister\",\"datePublished\":\"2026-01-19T11:50:52+00:00\",\"dateModified\":\"2026-01-19T11:50:53+00:00\",\"mainEntityOfPage\":{\"@id\":\"https:\/\/nordnesrepublikken.no\/index.php\/2026\/01\/19\/trumps-nobels-fredspris-avslorer-norges-statsminister\/\"},\"wordCount\":431,\"publisher\":{\"@id\":\"https:\/\/nordnesrepublikken.no\/#organization\"},\"image\":{\"@id\":\"https:\/\/nordnesrepublikken.no\/index.php\/2026\/01\/19\/trumps-nobels-fredspris-avslorer-norges-statsminister\/#primaryimage\"},\"thumbnailUrl\":\"https:\/\/nordnesrepublikken.no\/wp-content\/uploads\/2026\/01\/1768823453_Trumps-Nobels-fredspris-avslorer-Norges-statsminister.jpg\",\"keywords\":[\"avsl\u00f8rer\",\"fredspris\",\"Nobels\",\"Norges\",\"Statsminister\",\"Trumps\"],\"articleSection\":[\"Nasjonal\"],\"inLanguage\":\"nb-NO\"},{\"@type\":\"WebPage\",\"@id\":\"https:\/\/nordnesrepublikken.no\/index.php\/2026\/01\/19\/trumps-nobels-fredspris-avslorer-norges-statsminister\/\",\"url\":\"https:\/\/nordnesrepublikken.no\/index.php\/2026\/01\/19\/trumps-nobels-fredspris-avslorer-norges-statsminister\/\",\"name\":\"Trumps Nobels fredspris avsl\u00f8rer Norges statsminister - Nordnesrepublikken\",\"isPartOf\":{\"@id\":\"https:\/\/nordnesrepublikken.no\/#website\"},\"primaryImageOfPage\":{\"@id\":\"https:\/\/nordnesrepublikken.no\/index.php\/2026\/01\/19\/trumps-nobels-fredspris-avslorer-norges-statsminister\/#primaryimage\"},\"image\":{\"@id\":\"https:\/\/nordnesrepublikken.no\/index.php\/2026\/01\/19\/trumps-nobels-fredspris-avslorer-norges-statsminister\/#primaryimage\"},\"thumbnailUrl\":\"https:\/\/nordnesrepublikken.no\/wp-content\/uploads\/2026\/01\/1768823453_Trumps-Nobels-fredspris-avslorer-Norges-statsminister.jpg\",\"datePublished\":\"2026-01-19T11:50:52+00:00\",\"dateModified\":\"2026-01-19T11:50:53+00:00\",\"breadcrumb\":{\"@id\":\"https:\/\/nordnesrepublikken.no\/index.php\/2026\/01\/19\/trumps-nobels-fredspris-avslorer-norges-statsminister\/#breadcrumb\"},\"inLanguage\":\"nb-NO\",\"potentialAction\":[{\"@type\":\"ReadAction\",\"target\":[\"https:\/\/nordnesrepublikken.no\/index.php\/2026\/01\/19\/trumps-nobels-fredspris-avslorer-norges-statsminister\/\"]}]},{\"@type\":\"ImageObject\",\"inLanguage\":\"nb-NO\",\"@id\":\"https:\/\/nordnesrepublikken.no\/index.php\/2026\/01\/19\/trumps-nobels-fredspris-avslorer-norges-statsminister\/#primaryimage\",\"url\":\"https:\/\/nordnesrepublikken.no\/wp-content\/uploads\/2026\/01\/1768823453_Trumps-Nobels-fredspris-avslorer-Norges-statsminister.jpg\",\"contentUrl\":\"https:\/\/nordnesrepublikken.no\/wp-content\/uploads\/2026\/01\/1768823453_Trumps-Nobels-fredspris-avslorer-Norges-statsminister.jpg\",\"width\":1200,\"height\":799,\"caption\":\"Trumps Nobels fredspris avsl\u00f8rer Norges statsminister\"},{\"@type\":\"BreadcrumbList\",\"@id\":\"https:\/\/nordnesrepublikken.no\/index.php\/2026\/01\/19\/trumps-nobels-fredspris-avslorer-norges-statsminister\/#breadcrumb\",\"itemListElement\":[{\"@type\":\"ListItem\",\"position\":1,\"name\":\"Home\",\"item\":\"https:\/\/nordnesrepublikken.no\/\"},{\"@type\":\"ListItem\",\"position\":2,\"name\":\"Trumps Nobels fredspris avsl\u00f8rer Norges statsminister\"}]},{\"@type\":\"WebSite\",\"@id\":\"https:\/\/nordnesrepublikken.no\/#website\",\"url\":\"https:\/\/nordnesrepublikken.no\/\",\"name\":\"Nordnesrepublikken\",\"description\":\"Stemmer og Visjoner fra Republikkens Hjerte\",\"publisher\":{\"@id\":\"https:\/\/nordnesrepublikken.no\/#organization\"},\"potentialAction\":[{\"@type\":\"SearchAction\",\"target\":{\"@type\":\"EntryPoint\",\"urlTemplate\":\"https:\/\/nordnesrepublikken.no\/?s={search_term_string}\"},\"query-input\":{\"@type\":\"PropertyValueSpecification\",\"valueRequired\":true,\"valueName\":\"search_term_string\"}}],\"inLanguage\":\"nb-NO\"},{\"@type\":\"Organization\",\"@id\":\"https:\/\/nordnesrepublikken.no\/#organization\",\"name\":\"Nordnesrepublikken\",\"url\":\"https:\/\/nordnesrepublikken.no\/\",\"logo\":{\"@type\":\"ImageObject\",\"inLanguage\":\"nb-NO\",\"@id\":\"https:\/\/nordnesrepublikken.no\/#\/schema\/logo\/image\/\",\"url\":\"https:\/\/nordnesrepublikken.no\/wp-content\/uploads\/2025\/02\/cropped-nordnesrepublikken-2.png\",\"contentUrl\":\"https:\/\/nordnesrepublikken.no\/wp-content\/uploads\/2025\/02\/cropped-nordnesrepublikken-2.png\",\"width\":1248,\"height\":362,\"caption\":\"Nordnesrepublikken\"},\"image\":{\"@id\":\"https:\/\/nordnesrepublikken.no\/#\/schema\/logo\/image\/\"}},{\"@type\":\"Person\",\"@id\":\"https:\/\/nordnesrepublikken.no\/#\/schema\/person\/2e7e81935bab77882fffb79296240ff1\",\"name\":\"Ole Andersen\",\"image\":{\"@type\":\"ImageObject\",\"inLanguage\":\"nb-NO\",\"@id\":\"https:\/\/nordnesrepublikken.no\/#\/schema\/person\/image\/\",\"url\":\"https:\/\/nordnesrepublikken.no\/wp-content\/uploads\/2025\/02\/nordnesrepublikken-2-2-150x150.jpg\",\"contentUrl\":\"https:\/\/nordnesrepublikken.no\/wp-content\/uploads\/2025\/02\/nordnesrepublikken-2-2-150x150.jpg\",\"caption\":\"Ole Andersen\"},\"description\":\"Ettersom jeg vokste opp i Oslo, har jeg alltid v\u00e6rt fascinert av ordenes kraft og deres evne til \u00e5 skape endringer. Etter \u00e5 ha fullf\u00f8rt min utdannelse i kommunikasjon ved Universitetet i Bergen, fikk jeg muligheten til \u00e5 jobbe innen ulike medier, der jeg har s\u00f8kt \u00e5 belyse viktige samfunnssp\u00f8rsm\u00e5l. I dag, som redakt\u00f8r for Nordnesrepublikken, pr\u00f8ver jeg \u00e5 forene min kj\u00e6rlighet for journalistikk med min lidenskap for innovasjon og eventyr.\",\"sameAs\":[\"https:\/\/nordnesrepublikken.no\/\"]}]}<\/script>\n<!-- \/ Yoast SEO plugin. -->","yoast_head_json":{"title":"Trumps Nobels fredspris avsl\u00f8rer Norges statsminister - Nordnesrepublikken","robots":{"index":"index","follow":"follow","max-snippet":"max-snippet:-1","max-image-preview":"max-image-preview:large","max-video-preview":"max-video-preview:-1"},"canonical":"https:\/\/nordnesrepublikken.no\/index.php\/2026\/01\/19\/trumps-nobels-fredspris-avslorer-norges-statsminister\/","og_locale":"nb_NO","og_type":"article","og_title":"Trumps Nobels fredspris avsl\u00f8rer Norges statsminister - Nordnesrepublikken","og_description":"Donald Trump har eskalert spenningen med Europa etter \u00e5 ha fortalt privat Norges statsminister Jonas","og_url":"https:\/\/nordnesrepublikken.no\/index.php\/2026\/01\/19\/trumps-nobels-fredspris-avslorer-norges-statsminister\/","og_site_name":"Nordnesrepublikken","article_published_time":"2026-01-19T11:50:52+00:00","article_modified_time":"2026-01-19T11:50:53+00:00","og_image":[{"width":1200,"height":799,"url":"https:\/\/nordnesrepublikken.no\/wp-content\/uploads\/2026\/01\/1768823453_Trumps-Nobels-fredspris-avslorer-Norges-statsminister.jpg","type":"image\/jpeg"}],"author":"Ole Andersen","twitter_card":"summary_large_image","twitter_misc":{"Skrevet av":"Ole Andersen","Ansl. lesetid":"2 minutter"},"schema":{"@context":"https:\/\/schema.org","@graph":[{"@type":"Article","@id":"https:\/\/nordnesrepublikken.no\/index.php\/2026\/01\/19\/trumps-nobels-fredspris-avslorer-norges-statsminister\/#article","isPartOf":{"@id":"https:\/\/nordnesrepublikken.no\/index.php\/2026\/01\/19\/trumps-nobels-fredspris-avslorer-norges-statsminister\/"},"author":{"name":"Ole Andersen","@id":"https:\/\/nordnesrepublikken.no\/#\/schema\/person\/2e7e81935bab77882fffb79296240ff1"},"headline":"Trumps Nobels fredspris avsl\u00f8rer Norges statsminister","datePublished":"2026-01-19T11:50:52+00:00","dateModified":"2026-01-19T11:50:53+00:00","mainEntityOfPage":{"@id":"https:\/\/nordnesrepublikken.no\/index.php\/2026\/01\/19\/trumps-nobels-fredspris-avslorer-norges-statsminister\/"},"wordCount":431,"publisher":{"@id":"https:\/\/nordnesrepublikken.no\/#organization"},"image":{"@id":"https:\/\/nordnesrepublikken.no\/index.php\/2026\/01\/19\/trumps-nobels-fredspris-avslorer-norges-statsminister\/#primaryimage"},"thumbnailUrl":"https:\/\/nordnesrepublikken.no\/wp-content\/uploads\/2026\/01\/1768823453_Trumps-Nobels-fredspris-avslorer-Norges-statsminister.jpg","keywords":["avsl\u00f8rer","fredspris","Nobels","Norges","Statsminister","Trumps"],"articleSection":["Nasjonal"],"inLanguage":"nb-NO"},{"@type":"WebPage","@id":"https:\/\/nordnesrepublikken.no\/index.php\/2026\/01\/19\/trumps-nobels-fredspris-avslorer-norges-statsminister\/","url":"https:\/\/nordnesrepublikken.no\/index.php\/2026\/01\/19\/trumps-nobels-fredspris-avslorer-norges-statsminister\/","name":"Trumps Nobels fredspris avsl\u00f8rer Norges statsminister - Nordnesrepublikken","isPartOf":{"@id":"https:\/\/nordnesrepublikken.no\/#website"},"primaryImageOfPage":{"@id":"https:\/\/nordnesrepublikken.no\/index.php\/2026\/01\/19\/trumps-nobels-fredspris-avslorer-norges-statsminister\/#primaryimage"},"image":{"@id":"https:\/\/nordnesrepublikken.no\/index.php\/2026\/01\/19\/trumps-nobels-fredspris-avslorer-norges-statsminister\/#primaryimage"},"thumbnailUrl":"https:\/\/nordnesrepublikken.no\/wp-content\/uploads\/2026\/01\/1768823453_Trumps-Nobels-fredspris-avslorer-Norges-statsminister.jpg","datePublished":"2026-01-19T11:50:52+00:00","dateModified":"2026-01-19T11:50:53+00:00","breadcrumb":{"@id":"https:\/\/nordnesrepublikken.no\/index.php\/2026\/01\/19\/trumps-nobels-fredspris-avslorer-norges-statsminister\/#breadcrumb"},"inLanguage":"nb-NO","potentialAction":[{"@type":"ReadAction","target":["https:\/\/nordnesrepublikken.no\/index.php\/2026\/01\/19\/trumps-nobels-fredspris-avslorer-norges-statsminister\/"]}]},{"@type":"ImageObject","inLanguage":"nb-NO","@id":"https:\/\/nordnesrepublikken.no\/index.php\/2026\/01\/19\/trumps-nobels-fredspris-avslorer-norges-statsminister\/#primaryimage","url":"https:\/\/nordnesrepublikken.no\/wp-content\/uploads\/2026\/01\/1768823453_Trumps-Nobels-fredspris-avslorer-Norges-statsminister.jpg","contentUrl":"https:\/\/nordnesrepublikken.no\/wp-content\/uploads\/2026\/01\/1768823453_Trumps-Nobels-fredspris-avslorer-Norges-statsminister.jpg","width":1200,"height":799,"caption":"Trumps Nobels fredspris avsl\u00f8rer Norges statsminister"},{"@type":"BreadcrumbList","@id":"https:\/\/nordnesrepublikken.no\/index.php\/2026\/01\/19\/trumps-nobels-fredspris-avslorer-norges-statsminister\/#breadcrumb","itemListElement":[{"@type":"ListItem","position":1,"name":"Home","item":"https:\/\/nordnesrepublikken.no\/"},{"@type":"ListItem","position":2,"name":"Trumps Nobels fredspris avsl\u00f8rer Norges statsminister"}]},{"@type":"WebSite","@id":"https:\/\/nordnesrepublikken.no\/#website","url":"https:\/\/nordnesrepublikken.no\/","name":"Nordnesrepublikken","description":"Stemmer og Visjoner fra Republikkens Hjerte","publisher":{"@id":"https:\/\/nordnesrepublikken.no\/#organization"},"potentialAction":[{"@type":"SearchAction","target":{"@type":"EntryPoint","urlTemplate":"https:\/\/nordnesrepublikken.no\/?s={search_term_string}"},"query-input":{"@type":"PropertyValueSpecification","valueRequired":true,"valueName":"search_term_string"}}],"inLanguage":"nb-NO"},{"@type":"Organization","@id":"https:\/\/nordnesrepublikken.no\/#organization","name":"Nordnesrepublikken","url":"https:\/\/nordnesrepublikken.no\/","logo":{"@type":"ImageObject","inLanguage":"nb-NO","@id":"https:\/\/nordnesrepublikken.no\/#\/schema\/logo\/image\/","url":"https:\/\/nordnesrepublikken.no\/wp-content\/uploads\/2025\/02\/cropped-nordnesrepublikken-2.png","contentUrl":"https:\/\/nordnesrepublikken.no\/wp-content\/uploads\/2025\/02\/cropped-nordnesrepublikken-2.png","width":1248,"height":362,"caption":"Nordnesrepublikken"},"image":{"@id":"https:\/\/nordnesrepublikken.no\/#\/schema\/logo\/image\/"}},{"@type":"Person","@id":"https:\/\/nordnesrepublikken.no\/#\/schema\/person\/2e7e81935bab77882fffb79296240ff1","name":"Ole Andersen","image":{"@type":"ImageObject","inLanguage":"nb-NO","@id":"https:\/\/nordnesrepublikken.no\/#\/schema\/person\/image\/","url":"https:\/\/nordnesrepublikken.no\/wp-content\/uploads\/2025\/02\/nordnesrepublikken-2-2-150x150.jpg","contentUrl":"https:\/\/nordnesrepublikken.no\/wp-content\/uploads\/2025\/02\/nordnesrepublikken-2-2-150x150.jpg","caption":"Ole Andersen"},"description":"Ettersom jeg vokste opp i Oslo, har jeg alltid v\u00e6rt fascinert av ordenes kraft og deres evne til \u00e5 skape endringer. Etter \u00e5 ha fullf\u00f8rt min utdannelse i kommunikasjon ved Universitetet i Bergen, fikk jeg muligheten til \u00e5 jobbe innen ulike medier, der jeg har s\u00f8kt \u00e5 belyse viktige samfunnssp\u00f8rsm\u00e5l. I dag, som redakt\u00f8r for Nordnesrepublikken, pr\u00f8ver jeg \u00e5 forene min kj\u00e6rlighet for journalistikk med min lidenskap for innovasjon og eventyr.","sameAs":["https:\/\/nordnesrepublikken.no\/"]}]}},"_links":{"self":[{"href":"https:\/\/nordnesrepublikken.no\/index.php\/wp-json\/wp\/v2\/posts\/14007","targetHints":{"allow":["GET"]}}],"collection":[{"href":"https:\/\/nordnesrepublikken.no\/index.php\/wp-json\/wp\/v2\/posts"}],"about":[{"href":"https:\/\/nordnesrepublikken.no\/index.php\/wp-json\/wp\/v2\/types\/post"}],"author":[{"embeddable":true,"href":"https:\/\/nordnesrepublikken.no\/index.php\/wp-json\/wp\/v2\/users\/1"}],"replies":[{"embeddable":true,"href":"https:\/\/nordnesrepublikken.no\/index.php\/wp-json\/wp\/v2\/comments?post=14007"}],"version-history":[{"count":1,"href":"https:\/\/nordnesrepublikken.no\/index.php\/wp-json\/wp\/v2\/posts\/14007\/revisions"}],"predecessor-version":[{"id":14009,"href":"https:\/\/nordnesrepublikken.no\/index.php\/wp-json\/wp\/v2\/posts\/14007\/revisions\/14009"}],"wp:featuredmedia":[{"embeddable":true,"href":"https:\/\/nordnesrepublikken.no\/index.php\/wp-json\/wp\/v2\/media\/14008"}],"wp:attachment":[{"href":"https:\/\/nordnesrepublikken.no\/index.php\/wp-json\/wp\/v2\/media?parent=14007"}],"wp:term":[{"taxonomy":"category","embeddable":true,"href":"https:\/\/nordnesrepublikken.no\/index.php\/wp-json\/wp\/v2\/categories?post=14007"},{"taxonomy":"post_tag","embeddable":true,"href":"https:\/\/nordnesrepublikken.no\/index.php\/wp-json\/wp\/v2\/tags?post=14007"}],"curies":[{"name":"wp","href":"https:\/\/api.w.org\/{rel}","templated":true}]}}