{"id":14001,"date":"2026-01-19T07:50:46","date_gmt":"2026-01-19T06:50:46","guid":{"rendered":"https:\/\/nordnesrepublikken.no\/index.php\/2026\/01\/19\/den-tristeste-dagen-i-aret-ble-fodt-som-en-markedsforingsstrategi\/"},"modified":"2026-01-19T07:50:52","modified_gmt":"2026-01-19T06:50:52","slug":"den-tristeste-dagen-i-aret-ble-fodt-som-en-markedsforingsstrategi","status":"publish","type":"post","link":"https:\/\/nordnesrepublikken.no\/index.php\/2026\/01\/19\/den-tristeste-dagen-i-aret-ble-fodt-som-en-markedsforingsstrategi\/","title":{"rendered":"den tristeste dagen i \u00e5ret ble f\u00f8dt som en markedsf\u00f8ringsstrategi"},"content":{"rendered":"<div>\n<div class=\"cp_wrapper cp_wrapper--fw mb-30 mb-20@tablet\">\n<figure class=\"mm\"><picture class=\"img\" style=\"padding-top:56.25%\"><source  media=\"(min-width: 1024px)\"><source  media=\"(min-width: 768px)\"><\/source><\/source><\/picture><\/figure>\n<\/p><\/div>\n<p>I dag, mandag 19. januar 2026, er <strong>Bl\u00e5 mandag<\/strong>den tredje mandagen i januar, som i omtrent tjue \u00e5r har blitt angitt som<strong> \u00ab\u00c5rets tristeste dag\u00bb<\/strong>. Men er det virkelig s\u00e5nn? <strong>Spoilere: nei. <\/strong>Teorien om at det den tredje mandagen i januar ville v\u00e6re en topp av melankoli for\u00e5rsaket av tilbakef\u00f8ringen til rutinen etter juleferien og vinterkulden er i realiteten et resultat av en markedsf\u00f8ringsstrategi.<\/p>\n<p>I 2005, faktisk psykologen <b>Cliff Arnall<\/b>professor ved Cardiff University, formulerte en ligning \u2013 <strong>uten vitenskapelig grunnlag<\/strong> \u2013 som indikerte den tredje mandagen i \u00e5ret som den tristeste dagen i de 12 m\u00e5nedene. Imidlertid ble denne formelen brukt til \u00e5 relansere salget av et reisebyr\u00e5, <strong>Sky Travel<\/strong>med sikte p\u00e5 <strong>\u00f8ke bestillinger<\/strong> utnytte sorgen fra den dagen.<\/p>\n<p>Selv i dag er bl\u00e5mandag en mulighet for bedrifter \u00e5 gi<strong> vent til nye markedsf\u00f8ringskampanjer<\/strong>i en m\u00e5ned der forbruket trekker seg sammen etter ferieboomen.<\/p>\n<h2>Markedsf\u00f8ringen bak bl\u00e5mandag<\/h2>\n<p>Som forventet tilskrives konseptet bl\u00e5mandag <b>Cliff Arnall<\/b>psykolog og professor ved Cardiff University, som snakket om det for f\u00f8rste gang i 2005 i en artikkel publisert i <strong><em>The Guardian<\/em>.<\/strong> Konkret skrev Arnall at han hadde formulert en ligning som var i stand til \u00e5 demonstrere hvorfor den tredje mandagen i \u00e5ret var den mest deprimerende dagen i \u00e5ret. Der <strong>formel<\/strong>vist nedenfor, tok hensyn til faktorer som v\u00e6rforhold (W), gjeld (D), tid siden jul (T).<\/p>\n<div class=\"cp_wrapper cp_wrapper--fw mb-50\">\n<figure class=\"mm\"><picture class=\"img\" style=\"padding-top:68.077601410935%\"><source  media=\"(min-width: 1024px)\"><source  media=\"(min-width: 768px)\"><img decoding=\"async\" loading=\"lazy\" src=\"https:\/\/nordnesrepublikken.no\/wp-content\/uploads\/2026\/01\/1768805446_934_den-tristeste-dagen-i-aret-ble-fodt-som-en-markedsforingsstrategi.jpg\" alt=\"FORMEL FOR BL\u00c5 MANDAG\" width=\"567\" height=\"386\"\/><\/source><\/source><\/picture><\/figure>\n<\/p><\/div>\n<p>Men teorien om bl\u00e5mandag ble ber\u00f8mt takket v\u00e6re intuisjonen til <strong>et kommunikasjonsbyr\u00e5<\/strong>som tok opp Arnalls ligning i en pressemelding med sikte p\u00e5 \u00e5 \u00f8ke salget til en av sine kunder, reisebyr\u00e5et <em><strong>Sky Travel, <\/strong><\/em>utnytter den antatte tristheten den dagen til <strong>presse forbrukere til \u00e5 kj\u00f8pe ferie.<\/strong><\/p>\n<p>Denne markedsf\u00f8ringsstrategien har faktisk f\u00f8rt til <strong>spredning av bl\u00e5mandag globalt<\/strong>som da ble et sentralt tema selv i internasjonal presse.<\/p>\n<h2>Fordi bl\u00e5mandag ikke har noen vitenskapelige bevis<\/h2>\n<p>Teorien om at bl\u00e5mandag er den tristeste dagen i \u00e5ret er faktisk ren <strong>pseudovitenskap<\/strong>. Den ber\u00f8mte Arnall-ligningen er faktisk sammensatt av <strong>variabler<\/strong> <strong>uten vitenskapelig grunnlag<\/strong> solid og <strong>ikke m\u00e5lbare<\/strong> med presisjon. Faktisk, som fremhevet av eksperter, er lykke en ekstremt kompleks prosess \u00e5 m\u00e5le, som ikke kan reduseres til en enkel matematisk formel. Det er derfor ingen tilfeldighet at Cardiff University selv har tatt avstand fra Arnall og hans studie.<\/p>\n<p>Kort sagt, Blue Monday er ikke noe mer enn en markedsf\u00f8ringsgimmick for \u00e5 presse oss til \u00e5 kj\u00f8pe mer i et fors\u00f8k p\u00e5 \u00e5 gj\u00f8re opp for en &laquo;<strong>tristhet<\/strong>&laquo;som i virkeligheten <strong>det er ikke knyttet til den eneste dagen.<\/strong><\/p>\n<\/p><\/div>\n","protected":false},"excerpt":{"rendered":"<p>I dag, mandag 19. januar 2026, er Bl\u00e5 mandagden tredje mandagen i januar, som i<\/p>\n","protected":false},"author":1,"featured_media":14002,"comment_status":"closed","ping_status":"open","sticky":false,"template":"","format":"standard","meta":{"footnotes":""},"categories":[104],"tags":[497,373,3267,74,97,9152,31,9151],"class_list":["post-14001","post","type-post","status-publish","format-standard","has-post-thumbnail","hentry","category-samfunn","tag-aret","tag-ble","tag-dagen","tag-den","tag-fodt","tag-markedsforingsstrategi","tag-som","tag-tristeste","generate-columns","tablet-grid-50","mobile-grid-100","grid-parent","grid-33","resize-featured-image"],"yoast_head":"<!-- This site is optimized with the Yoast SEO plugin v24.4 - https:\/\/yoast.com\/wordpress\/plugins\/seo\/ -->\n<title>den tristeste dagen i \u00e5ret ble f\u00f8dt som en markedsf\u00f8ringsstrategi - Nordnesrepublikken<\/title>\n<meta name=\"robots\" content=\"index, follow, max-snippet:-1, max-image-preview:large, max-video-preview:-1\" \/>\n<link rel=\"canonical\" href=\"https:\/\/nordnesrepublikken.no\/index.php\/2026\/01\/19\/den-tristeste-dagen-i-aret-ble-fodt-som-en-markedsforingsstrategi\/\" \/>\n<meta property=\"og:locale\" content=\"nb_NO\" \/>\n<meta property=\"og:type\" content=\"article\" \/>\n<meta property=\"og:title\" content=\"den tristeste dagen i \u00e5ret ble f\u00f8dt som en markedsf\u00f8ringsstrategi - Nordnesrepublikken\" \/>\n<meta property=\"og:description\" content=\"I dag, mandag 19. januar 2026, er Bl\u00e5 mandagden tredje mandagen i januar, som i\" \/>\n<meta property=\"og:url\" content=\"https:\/\/nordnesrepublikken.no\/index.php\/2026\/01\/19\/den-tristeste-dagen-i-aret-ble-fodt-som-en-markedsforingsstrategi\/\" \/>\n<meta property=\"og:site_name\" content=\"Nordnesrepublikken\" \/>\n<meta property=\"article:published_time\" content=\"2026-01-19T06:50:46+00:00\" \/>\n<meta property=\"article:modified_time\" content=\"2026-01-19T06:50:52+00:00\" \/>\n<meta property=\"og:image\" content=\"https:\/\/nordnesrepublikken.no\/wp-content\/uploads\/2026\/01\/1768805448_den-tristeste-dagen-i-aret-ble-fodt-som-en-markedsforingsstrategi-scaled.jpg\" \/>\n\t<meta property=\"og:image:width\" content=\"2560\" \/>\n\t<meta property=\"og:image:height\" content=\"1429\" \/>\n\t<meta property=\"og:image:type\" content=\"image\/jpeg\" \/>\n<meta name=\"author\" content=\"Ole Andersen\" \/>\n<meta name=\"twitter:card\" content=\"summary_large_image\" \/>\n<meta name=\"twitter:label1\" content=\"Skrevet av\" \/>\n\t<meta name=\"twitter:data1\" content=\"Ole Andersen\" \/>\n\t<meta name=\"twitter:label2\" content=\"Ansl. lesetid\" \/>\n\t<meta name=\"twitter:data2\" content=\"2 minutter\" \/>\n<script type=\"application\/ld+json\" class=\"yoast-schema-graph\">{\"@context\":\"https:\/\/schema.org\",\"@graph\":[{\"@type\":\"Article\",\"@id\":\"https:\/\/nordnesrepublikken.no\/index.php\/2026\/01\/19\/den-tristeste-dagen-i-aret-ble-fodt-som-en-markedsforingsstrategi\/#article\",\"isPartOf\":{\"@id\":\"https:\/\/nordnesrepublikken.no\/index.php\/2026\/01\/19\/den-tristeste-dagen-i-aret-ble-fodt-som-en-markedsforingsstrategi\/\"},\"author\":{\"name\":\"Ole Andersen\",\"@id\":\"https:\/\/nordnesrepublikken.no\/#\/schema\/person\/2e7e81935bab77882fffb79296240ff1\"},\"headline\":\"den tristeste dagen i \u00e5ret ble f\u00f8dt som en markedsf\u00f8ringsstrategi\",\"datePublished\":\"2026-01-19T06:50:46+00:00\",\"dateModified\":\"2026-01-19T06:50:52+00:00\",\"mainEntityOfPage\":{\"@id\":\"https:\/\/nordnesrepublikken.no\/index.php\/2026\/01\/19\/den-tristeste-dagen-i-aret-ble-fodt-som-en-markedsforingsstrategi\/\"},\"wordCount\":429,\"publisher\":{\"@id\":\"https:\/\/nordnesrepublikken.no\/#organization\"},\"image\":{\"@id\":\"https:\/\/nordnesrepublikken.no\/index.php\/2026\/01\/19\/den-tristeste-dagen-i-aret-ble-fodt-som-en-markedsforingsstrategi\/#primaryimage\"},\"thumbnailUrl\":\"https:\/\/nordnesrepublikken.no\/wp-content\/uploads\/2026\/01\/1768805448_den-tristeste-dagen-i-aret-ble-fodt-som-en-markedsforingsstrategi-scaled.jpg\",\"keywords\":[\"\u00e5ret\",\"ble\",\"Dagen\",\"den\",\"f\u00f8dt\",\"markedsf\u00f8ringsstrategi\",\"som\",\"tristeste\"],\"articleSection\":[\"Samfunn\"],\"inLanguage\":\"nb-NO\"},{\"@type\":\"WebPage\",\"@id\":\"https:\/\/nordnesrepublikken.no\/index.php\/2026\/01\/19\/den-tristeste-dagen-i-aret-ble-fodt-som-en-markedsforingsstrategi\/\",\"url\":\"https:\/\/nordnesrepublikken.no\/index.php\/2026\/01\/19\/den-tristeste-dagen-i-aret-ble-fodt-som-en-markedsforingsstrategi\/\",\"name\":\"den tristeste dagen i \u00e5ret ble f\u00f8dt som en markedsf\u00f8ringsstrategi - Nordnesrepublikken\",\"isPartOf\":{\"@id\":\"https:\/\/nordnesrepublikken.no\/#website\"},\"primaryImageOfPage\":{\"@id\":\"https:\/\/nordnesrepublikken.no\/index.php\/2026\/01\/19\/den-tristeste-dagen-i-aret-ble-fodt-som-en-markedsforingsstrategi\/#primaryimage\"},\"image\":{\"@id\":\"https:\/\/nordnesrepublikken.no\/index.php\/2026\/01\/19\/den-tristeste-dagen-i-aret-ble-fodt-som-en-markedsforingsstrategi\/#primaryimage\"},\"thumbnailUrl\":\"https:\/\/nordnesrepublikken.no\/wp-content\/uploads\/2026\/01\/1768805448_den-tristeste-dagen-i-aret-ble-fodt-som-en-markedsforingsstrategi-scaled.jpg\",\"datePublished\":\"2026-01-19T06:50:46+00:00\",\"dateModified\":\"2026-01-19T06:50:52+00:00\",\"breadcrumb\":{\"@id\":\"https:\/\/nordnesrepublikken.no\/index.php\/2026\/01\/19\/den-tristeste-dagen-i-aret-ble-fodt-som-en-markedsforingsstrategi\/#breadcrumb\"},\"inLanguage\":\"nb-NO\",\"potentialAction\":[{\"@type\":\"ReadAction\",\"target\":[\"https:\/\/nordnesrepublikken.no\/index.php\/2026\/01\/19\/den-tristeste-dagen-i-aret-ble-fodt-som-en-markedsforingsstrategi\/\"]}]},{\"@type\":\"ImageObject\",\"inLanguage\":\"nb-NO\",\"@id\":\"https:\/\/nordnesrepublikken.no\/index.php\/2026\/01\/19\/den-tristeste-dagen-i-aret-ble-fodt-som-en-markedsforingsstrategi\/#primaryimage\",\"url\":\"https:\/\/nordnesrepublikken.no\/wp-content\/uploads\/2026\/01\/1768805448_den-tristeste-dagen-i-aret-ble-fodt-som-en-markedsforingsstrategi-scaled.jpg\",\"contentUrl\":\"https:\/\/nordnesrepublikken.no\/wp-content\/uploads\/2026\/01\/1768805448_den-tristeste-dagen-i-aret-ble-fodt-som-en-markedsforingsstrategi-scaled.jpg\",\"width\":2560,\"height\":1429,\"caption\":\"den tristeste dagen i \u00e5ret ble f\u00f8dt som en markedsf\u00f8ringsstrategi\"},{\"@type\":\"BreadcrumbList\",\"@id\":\"https:\/\/nordnesrepublikken.no\/index.php\/2026\/01\/19\/den-tristeste-dagen-i-aret-ble-fodt-som-en-markedsforingsstrategi\/#breadcrumb\",\"itemListElement\":[{\"@type\":\"ListItem\",\"position\":1,\"name\":\"Home\",\"item\":\"https:\/\/nordnesrepublikken.no\/\"},{\"@type\":\"ListItem\",\"position\":2,\"name\":\"den tristeste dagen i \u00e5ret ble f\u00f8dt som en markedsf\u00f8ringsstrategi\"}]},{\"@type\":\"WebSite\",\"@id\":\"https:\/\/nordnesrepublikken.no\/#website\",\"url\":\"https:\/\/nordnesrepublikken.no\/\",\"name\":\"Nordnesrepublikken\",\"description\":\"Stemmer og Visjoner fra Republikkens Hjerte\",\"publisher\":{\"@id\":\"https:\/\/nordnesrepublikken.no\/#organization\"},\"potentialAction\":[{\"@type\":\"SearchAction\",\"target\":{\"@type\":\"EntryPoint\",\"urlTemplate\":\"https:\/\/nordnesrepublikken.no\/?s={search_term_string}\"},\"query-input\":{\"@type\":\"PropertyValueSpecification\",\"valueRequired\":true,\"valueName\":\"search_term_string\"}}],\"inLanguage\":\"nb-NO\"},{\"@type\":\"Organization\",\"@id\":\"https:\/\/nordnesrepublikken.no\/#organization\",\"name\":\"Nordnesrepublikken\",\"url\":\"https:\/\/nordnesrepublikken.no\/\",\"logo\":{\"@type\":\"ImageObject\",\"inLanguage\":\"nb-NO\",\"@id\":\"https:\/\/nordnesrepublikken.no\/#\/schema\/logo\/image\/\",\"url\":\"https:\/\/nordnesrepublikken.no\/wp-content\/uploads\/2025\/02\/cropped-nordnesrepublikken-2.png\",\"contentUrl\":\"https:\/\/nordnesrepublikken.no\/wp-content\/uploads\/2025\/02\/cropped-nordnesrepublikken-2.png\",\"width\":1248,\"height\":362,\"caption\":\"Nordnesrepublikken\"},\"image\":{\"@id\":\"https:\/\/nordnesrepublikken.no\/#\/schema\/logo\/image\/\"}},{\"@type\":\"Person\",\"@id\":\"https:\/\/nordnesrepublikken.no\/#\/schema\/person\/2e7e81935bab77882fffb79296240ff1\",\"name\":\"Ole Andersen\",\"image\":{\"@type\":\"ImageObject\",\"inLanguage\":\"nb-NO\",\"@id\":\"https:\/\/nordnesrepublikken.no\/#\/schema\/person\/image\/\",\"url\":\"https:\/\/nordnesrepublikken.no\/wp-content\/uploads\/2025\/02\/nordnesrepublikken-2-2-150x150.jpg\",\"contentUrl\":\"https:\/\/nordnesrepublikken.no\/wp-content\/uploads\/2025\/02\/nordnesrepublikken-2-2-150x150.jpg\",\"caption\":\"Ole Andersen\"},\"description\":\"Ettersom jeg vokste opp i Oslo, har jeg alltid v\u00e6rt fascinert av ordenes kraft og deres evne til \u00e5 skape endringer. Etter \u00e5 ha fullf\u00f8rt min utdannelse i kommunikasjon ved Universitetet i Bergen, fikk jeg muligheten til \u00e5 jobbe innen ulike medier, der jeg har s\u00f8kt \u00e5 belyse viktige samfunnssp\u00f8rsm\u00e5l. I dag, som redakt\u00f8r for Nordnesrepublikken, pr\u00f8ver jeg \u00e5 forene min kj\u00e6rlighet for journalistikk med min lidenskap for innovasjon og eventyr.\",\"sameAs\":[\"https:\/\/nordnesrepublikken.no\/\"]}]}<\/script>\n<!-- \/ Yoast SEO plugin. -->","yoast_head_json":{"title":"den tristeste dagen i \u00e5ret ble f\u00f8dt som en markedsf\u00f8ringsstrategi - Nordnesrepublikken","robots":{"index":"index","follow":"follow","max-snippet":"max-snippet:-1","max-image-preview":"max-image-preview:large","max-video-preview":"max-video-preview:-1"},"canonical":"https:\/\/nordnesrepublikken.no\/index.php\/2026\/01\/19\/den-tristeste-dagen-i-aret-ble-fodt-som-en-markedsforingsstrategi\/","og_locale":"nb_NO","og_type":"article","og_title":"den tristeste dagen i \u00e5ret ble f\u00f8dt som en markedsf\u00f8ringsstrategi - Nordnesrepublikken","og_description":"I dag, mandag 19. januar 2026, er Bl\u00e5 mandagden tredje mandagen i januar, som i","og_url":"https:\/\/nordnesrepublikken.no\/index.php\/2026\/01\/19\/den-tristeste-dagen-i-aret-ble-fodt-som-en-markedsforingsstrategi\/","og_site_name":"Nordnesrepublikken","article_published_time":"2026-01-19T06:50:46+00:00","article_modified_time":"2026-01-19T06:50:52+00:00","og_image":[{"width":2560,"height":1429,"url":"https:\/\/nordnesrepublikken.no\/wp-content\/uploads\/2026\/01\/1768805448_den-tristeste-dagen-i-aret-ble-fodt-som-en-markedsforingsstrategi-scaled.jpg","type":"image\/jpeg"}],"author":"Ole Andersen","twitter_card":"summary_large_image","twitter_misc":{"Skrevet av":"Ole Andersen","Ansl. lesetid":"2 minutter"},"schema":{"@context":"https:\/\/schema.org","@graph":[{"@type":"Article","@id":"https:\/\/nordnesrepublikken.no\/index.php\/2026\/01\/19\/den-tristeste-dagen-i-aret-ble-fodt-som-en-markedsforingsstrategi\/#article","isPartOf":{"@id":"https:\/\/nordnesrepublikken.no\/index.php\/2026\/01\/19\/den-tristeste-dagen-i-aret-ble-fodt-som-en-markedsforingsstrategi\/"},"author":{"name":"Ole Andersen","@id":"https:\/\/nordnesrepublikken.no\/#\/schema\/person\/2e7e81935bab77882fffb79296240ff1"},"headline":"den tristeste dagen i \u00e5ret ble f\u00f8dt som en markedsf\u00f8ringsstrategi","datePublished":"2026-01-19T06:50:46+00:00","dateModified":"2026-01-19T06:50:52+00:00","mainEntityOfPage":{"@id":"https:\/\/nordnesrepublikken.no\/index.php\/2026\/01\/19\/den-tristeste-dagen-i-aret-ble-fodt-som-en-markedsforingsstrategi\/"},"wordCount":429,"publisher":{"@id":"https:\/\/nordnesrepublikken.no\/#organization"},"image":{"@id":"https:\/\/nordnesrepublikken.no\/index.php\/2026\/01\/19\/den-tristeste-dagen-i-aret-ble-fodt-som-en-markedsforingsstrategi\/#primaryimage"},"thumbnailUrl":"https:\/\/nordnesrepublikken.no\/wp-content\/uploads\/2026\/01\/1768805448_den-tristeste-dagen-i-aret-ble-fodt-som-en-markedsforingsstrategi-scaled.jpg","keywords":["\u00e5ret","ble","Dagen","den","f\u00f8dt","markedsf\u00f8ringsstrategi","som","tristeste"],"articleSection":["Samfunn"],"inLanguage":"nb-NO"},{"@type":"WebPage","@id":"https:\/\/nordnesrepublikken.no\/index.php\/2026\/01\/19\/den-tristeste-dagen-i-aret-ble-fodt-som-en-markedsforingsstrategi\/","url":"https:\/\/nordnesrepublikken.no\/index.php\/2026\/01\/19\/den-tristeste-dagen-i-aret-ble-fodt-som-en-markedsforingsstrategi\/","name":"den tristeste dagen i \u00e5ret ble f\u00f8dt som en markedsf\u00f8ringsstrategi - Nordnesrepublikken","isPartOf":{"@id":"https:\/\/nordnesrepublikken.no\/#website"},"primaryImageOfPage":{"@id":"https:\/\/nordnesrepublikken.no\/index.php\/2026\/01\/19\/den-tristeste-dagen-i-aret-ble-fodt-som-en-markedsforingsstrategi\/#primaryimage"},"image":{"@id":"https:\/\/nordnesrepublikken.no\/index.php\/2026\/01\/19\/den-tristeste-dagen-i-aret-ble-fodt-som-en-markedsforingsstrategi\/#primaryimage"},"thumbnailUrl":"https:\/\/nordnesrepublikken.no\/wp-content\/uploads\/2026\/01\/1768805448_den-tristeste-dagen-i-aret-ble-fodt-som-en-markedsforingsstrategi-scaled.jpg","datePublished":"2026-01-19T06:50:46+00:00","dateModified":"2026-01-19T06:50:52+00:00","breadcrumb":{"@id":"https:\/\/nordnesrepublikken.no\/index.php\/2026\/01\/19\/den-tristeste-dagen-i-aret-ble-fodt-som-en-markedsforingsstrategi\/#breadcrumb"},"inLanguage":"nb-NO","potentialAction":[{"@type":"ReadAction","target":["https:\/\/nordnesrepublikken.no\/index.php\/2026\/01\/19\/den-tristeste-dagen-i-aret-ble-fodt-som-en-markedsforingsstrategi\/"]}]},{"@type":"ImageObject","inLanguage":"nb-NO","@id":"https:\/\/nordnesrepublikken.no\/index.php\/2026\/01\/19\/den-tristeste-dagen-i-aret-ble-fodt-som-en-markedsforingsstrategi\/#primaryimage","url":"https:\/\/nordnesrepublikken.no\/wp-content\/uploads\/2026\/01\/1768805448_den-tristeste-dagen-i-aret-ble-fodt-som-en-markedsforingsstrategi-scaled.jpg","contentUrl":"https:\/\/nordnesrepublikken.no\/wp-content\/uploads\/2026\/01\/1768805448_den-tristeste-dagen-i-aret-ble-fodt-som-en-markedsforingsstrategi-scaled.jpg","width":2560,"height":1429,"caption":"den tristeste dagen i \u00e5ret ble f\u00f8dt som en markedsf\u00f8ringsstrategi"},{"@type":"BreadcrumbList","@id":"https:\/\/nordnesrepublikken.no\/index.php\/2026\/01\/19\/den-tristeste-dagen-i-aret-ble-fodt-som-en-markedsforingsstrategi\/#breadcrumb","itemListElement":[{"@type":"ListItem","position":1,"name":"Home","item":"https:\/\/nordnesrepublikken.no\/"},{"@type":"ListItem","position":2,"name":"den tristeste dagen i \u00e5ret ble f\u00f8dt som en markedsf\u00f8ringsstrategi"}]},{"@type":"WebSite","@id":"https:\/\/nordnesrepublikken.no\/#website","url":"https:\/\/nordnesrepublikken.no\/","name":"Nordnesrepublikken","description":"Stemmer og Visjoner fra Republikkens Hjerte","publisher":{"@id":"https:\/\/nordnesrepublikken.no\/#organization"},"potentialAction":[{"@type":"SearchAction","target":{"@type":"EntryPoint","urlTemplate":"https:\/\/nordnesrepublikken.no\/?s={search_term_string}"},"query-input":{"@type":"PropertyValueSpecification","valueRequired":true,"valueName":"search_term_string"}}],"inLanguage":"nb-NO"},{"@type":"Organization","@id":"https:\/\/nordnesrepublikken.no\/#organization","name":"Nordnesrepublikken","url":"https:\/\/nordnesrepublikken.no\/","logo":{"@type":"ImageObject","inLanguage":"nb-NO","@id":"https:\/\/nordnesrepublikken.no\/#\/schema\/logo\/image\/","url":"https:\/\/nordnesrepublikken.no\/wp-content\/uploads\/2025\/02\/cropped-nordnesrepublikken-2.png","contentUrl":"https:\/\/nordnesrepublikken.no\/wp-content\/uploads\/2025\/02\/cropped-nordnesrepublikken-2.png","width":1248,"height":362,"caption":"Nordnesrepublikken"},"image":{"@id":"https:\/\/nordnesrepublikken.no\/#\/schema\/logo\/image\/"}},{"@type":"Person","@id":"https:\/\/nordnesrepublikken.no\/#\/schema\/person\/2e7e81935bab77882fffb79296240ff1","name":"Ole Andersen","image":{"@type":"ImageObject","inLanguage":"nb-NO","@id":"https:\/\/nordnesrepublikken.no\/#\/schema\/person\/image\/","url":"https:\/\/nordnesrepublikken.no\/wp-content\/uploads\/2025\/02\/nordnesrepublikken-2-2-150x150.jpg","contentUrl":"https:\/\/nordnesrepublikken.no\/wp-content\/uploads\/2025\/02\/nordnesrepublikken-2-2-150x150.jpg","caption":"Ole Andersen"},"description":"Ettersom jeg vokste opp i Oslo, har jeg alltid v\u00e6rt fascinert av ordenes kraft og deres evne til \u00e5 skape endringer. Etter \u00e5 ha fullf\u00f8rt min utdannelse i kommunikasjon ved Universitetet i Bergen, fikk jeg muligheten til \u00e5 jobbe innen ulike medier, der jeg har s\u00f8kt \u00e5 belyse viktige samfunnssp\u00f8rsm\u00e5l. I dag, som redakt\u00f8r for Nordnesrepublikken, pr\u00f8ver jeg \u00e5 forene min kj\u00e6rlighet for journalistikk med min lidenskap for innovasjon og eventyr.","sameAs":["https:\/\/nordnesrepublikken.no\/"]}]}},"_links":{"self":[{"href":"https:\/\/nordnesrepublikken.no\/index.php\/wp-json\/wp\/v2\/posts\/14001","targetHints":{"allow":["GET"]}}],"collection":[{"href":"https:\/\/nordnesrepublikken.no\/index.php\/wp-json\/wp\/v2\/posts"}],"about":[{"href":"https:\/\/nordnesrepublikken.no\/index.php\/wp-json\/wp\/v2\/types\/post"}],"author":[{"embeddable":true,"href":"https:\/\/nordnesrepublikken.no\/index.php\/wp-json\/wp\/v2\/users\/1"}],"replies":[{"embeddable":true,"href":"https:\/\/nordnesrepublikken.no\/index.php\/wp-json\/wp\/v2\/comments?post=14001"}],"version-history":[{"count":1,"href":"https:\/\/nordnesrepublikken.no\/index.php\/wp-json\/wp\/v2\/posts\/14001\/revisions"}],"predecessor-version":[{"id":14003,"href":"https:\/\/nordnesrepublikken.no\/index.php\/wp-json\/wp\/v2\/posts\/14001\/revisions\/14003"}],"wp:featuredmedia":[{"embeddable":true,"href":"https:\/\/nordnesrepublikken.no\/index.php\/wp-json\/wp\/v2\/media\/14002"}],"wp:attachment":[{"href":"https:\/\/nordnesrepublikken.no\/index.php\/wp-json\/wp\/v2\/media?parent=14001"}],"wp:term":[{"taxonomy":"category","embeddable":true,"href":"https:\/\/nordnesrepublikken.no\/index.php\/wp-json\/wp\/v2\/categories?post=14001"},{"taxonomy":"post_tag","embeddable":true,"href":"https:\/\/nordnesrepublikken.no\/index.php\/wp-json\/wp\/v2\/tags?post=14001"}],"curies":[{"name":"wp","href":"https:\/\/api.w.org\/{rel}","templated":true}]}}