{"id":13765,"date":"2026-01-12T13:50:37","date_gmt":"2026-01-12T12:50:37","guid":{"rendered":"https:\/\/nordnesrepublikken.no\/index.php\/2026\/01\/12\/tesla-taper-terreng-over-hele-europa-bortsett-fra-i-dette-ene-landet\/"},"modified":"2026-01-12T13:50:38","modified_gmt":"2026-01-12T12:50:38","slug":"tesla-taper-terreng-over-hele-europa-bortsett-fra-i-dette-ene-landet","status":"publish","type":"post","link":"https:\/\/nordnesrepublikken.no\/index.php\/2026\/01\/12\/tesla-taper-terreng-over-hele-europa-bortsett-fra-i-dette-ene-landet\/","title":{"rendered":"Tesla taper terreng over hele Europa \u2013 bortsett fra i dette ene landet"},"content":{"rendered":"<p><\/p>\n<div class=\"wordpress-content\">\n                    <!-- Article Start --><\/p>\n<p>Hvis du bare s\u00e5 p\u00e5 overskriftene, tror du kanskje at Tesla har det t\u00f8ft i Europa. Og mange steder er det sant. Salget har falt kraftig i flere store markeder, konkurransen biter hardt, og merkevarens en gang s\u00e5 behagelige forsprang er i ferd med \u00e5 glippe.<\/p>\n<p>Men s\u00e5 er det Norge.<\/p>\n<p>Mens registreringene faller i land som Frankrike, Sverige og Spania, har Tesla nettopp publisert sitt sterkeste \u00e5r noensinne i Norge, et av de mest elvennlige bilmarkedene p\u00e5 planeten. Det er en p\u00e5minnelse om at Europa ikke er ett enkelt marked \u2013 og at Teslas formuer n\u00e5 avhenger veldig av hvor du ser.<\/p>\n<div class=\"sra_unit\"><link rel=\"stylesheet\" id=\"block-sra\" href=\"https:\/\/euroweeklynews.com\/wp-content\/plugins\/snack-related-articles\/dist\/css\/snack-related.min.css?250312-193541\" type=\"text\/css\" media=\"all\">\n<\/div>\n<h2>Salget glir over store europeiske markeder<\/h2>\n<p>Tallene fra desember og hele \u00e5ret 2025 forteller en klar historie: I store deler av Europa mister Tesla fart.<\/p>\n<p>Frankrike s\u00e5 et av de st\u00f8rste fallene. Registreringene der gikk ned med 66 prosent i desember, med f\u00e6rre enn 2000 registrerte biler. Over \u00e5ret sett under ett var salget ned 37 prosent. Sverige fulgte et lignende m\u00f8nster, med et fall p\u00e5 71 prosent i desember og en nedgang p\u00e5 70 prosent i 2025.<\/p>\n<p>S\u00f8r-Europa slapp heller ikke unna. Tesla-registreringene falt 13 prosent i Portugal, 44 prosent i Spania og 28 prosent i Belgia i desember. Ser vi p\u00e5 hele \u00e5ret, var Portugal ned 22 prosent, Spania falt 4 prosent, og Belgia registrerte et bratt fall p\u00e5 53 prosent.<\/p>\n<p>Det var et par lysere \u00f8yeblikk. Italia og Sveits hadde begge sterk vekst i desember, med registreringer opp henholdsvis 85 prosent og 76 prosent. Likevel avsluttet begge landene \u00e5ret med generelle nedganger.<\/p>\n<h2>Et t\u00f8ft kvartal gir mer press<\/h2>\n<p>Den europeiske nedturen kommer ettersom Tesla ogs\u00e5 m\u00f8ter press globalt. Selskapet rapporterte nylig om et st\u00f8rre enn forventet fall i verdensomspennende leveranser i siste kvartal, noe som la aksjekursen litt lavere.<\/p>\n<p>Over hele Europa, Storbritannia og EFTA-landene falt Teslas markedsandel til 1,7 prosent, ned fra 2,4 prosent et \u00e5r tidligere, if\u00f8lge det europeiske bilindustriorganet ACEA. Det skjer selv mens elektriske kj\u00f8ret\u00f8y totalt sett fortsetter \u00e5 vokse, og utgj\u00f8r n\u00e5 nesten 19 prosent av det totale bilsalget.<\/p>\n<p>I de \u00e5tte europeiske landene som allerede har publisert hel\u00e5rstall \u2013 som til sammen representerer mer enn halvparten av Teslas europeiske marked \u2013 falt registreringene med omtrent 25 prosent i 2025. Mer fullstendige data for resten av Europa ventes senere denne m\u00e5neden.<\/p>\n<p>Enkelt sagt, elbiler blomstrer \u2013 Tesla vinner bare ikke overalt som f\u00f8r.<\/p>\n<h2>Hvorfor Norge fortsetter \u00e5 trosse trenden<\/h2>\n<p>S\u00e5 kommer Norge, hvor historien ser helt annerledes ut.<\/p>\n<p>I desember steg Tesla-registreringene med 89 prosent sammenlignet med samme m\u00e5ned i fjor, og n\u00e5dde 5.679 kj\u00f8ret\u00f8y. Gjennom hele \u00e5ret tok merket mer enn 19 prosent av det norske markedet, og satte ny \u00e5rsrekord.<\/p>\n<p>Norges suksess er ikke en tilfeldighet. Nesten hver eneste nye bil som selges der er n\u00e5 elektrisk, hjulpet av mange \u00e5r med statlige insentiver, sterk ladeinfrastruktur og sj\u00e5f\u00f8rer som allerede er komfortable med \u00e5 bytte. I det milj\u00f8et drar Tesla fortsatt nytte av merkevaregjenkjenning og et veletablert ladenettverk.<\/p>\n<p>Kontrasten er sl\u00e5ende. Mens store deler av Europa blir mer forsiktige med Tesla, fortsetter Norge \u00e5 omfavne den entusiastisk.<\/p>\n<p>Hva som skjer videre vil bli fulgt n\u00f8ye med. Hvis konkurransen fortsetter \u00e5 strammes og kj\u00f8pernes forventninger fortsetter \u00e5 endre seg, kan 2026 bli et n\u00f8kkel\u00e5r for Teslas fremtid i Europa \u2013 spesielt utenfor dens nordiske h\u00f8yborg.<\/p>\n<p>                    <!-- Originally published at https:\/\/euroweeklynews.com\/2026\/01\/12\/tesla-is-losing-ground-across-europe-except-in-this-one-country\/ on 12 Jan 2026 at 11:53 by Farah Mokrani --><br \/>\n                    <!-- Article End -->\n                <\/div>\n","protected":false},"excerpt":{"rendered":"<p>Hvis du bare s\u00e5 p\u00e5 overskriftene, tror du kanskje at Tesla har det t\u00f8ft i<\/p>\n","protected":false},"author":1,"featured_media":13766,"comment_status":"closed","ping_status":"open","sticky":false,"template":"","format":"standard","meta":{"footnotes":""},"categories":[22],"tags":[9027,185,3157,642,125,3372,3027,9025,9026,711],"class_list":["post-13765","post","type-post","status-publish","format-standard","has-post-thumbnail","hentry","category-nasjonal","tag-bortsett","tag-dette","tag-ene","tag-europa","tag-fra","tag-hele","tag-landet","tag-taper","tag-terreng","tag-tesla","generate-columns","tablet-grid-50","mobile-grid-100","grid-parent","grid-33","resize-featured-image"],"yoast_head":"<!-- This site is optimized with the Yoast SEO plugin v24.4 - https:\/\/yoast.com\/wordpress\/plugins\/seo\/ -->\n<title>Tesla taper terreng over hele Europa \u2013 bortsett fra i dette ene landet - Nordnesrepublikken<\/title>\n<meta name=\"robots\" content=\"index, follow, max-snippet:-1, max-image-preview:large, max-video-preview:-1\" \/>\n<link rel=\"canonical\" href=\"https:\/\/nordnesrepublikken.no\/index.php\/2026\/01\/12\/tesla-taper-terreng-over-hele-europa-bortsett-fra-i-dette-ene-landet\/\" \/>\n<meta property=\"og:locale\" content=\"nb_NO\" \/>\n<meta property=\"og:type\" content=\"article\" \/>\n<meta property=\"og:title\" content=\"Tesla taper terreng over hele Europa \u2013 bortsett fra i dette ene landet - Nordnesrepublikken\" \/>\n<meta property=\"og:description\" content=\"Hvis du bare s\u00e5 p\u00e5 overskriftene, tror du kanskje at Tesla har det t\u00f8ft i\" \/>\n<meta property=\"og:url\" content=\"https:\/\/nordnesrepublikken.no\/index.php\/2026\/01\/12\/tesla-taper-terreng-over-hele-europa-bortsett-fra-i-dette-ene-landet\/\" \/>\n<meta property=\"og:site_name\" content=\"Nordnesrepublikken\" \/>\n<meta property=\"article:published_time\" content=\"2026-01-12T12:50:37+00:00\" \/>\n<meta property=\"article:modified_time\" content=\"2026-01-12T12:50:38+00:00\" \/>\n<meta property=\"og:image\" content=\"https:\/\/nordnesrepublikken.no\/wp-content\/uploads\/2026\/01\/1768222237_Tesla-taper-terreng-over-hele-Europa-\u2013-bortsett-fra-i.jpg\" \/>\n\t<meta property=\"og:image:width\" content=\"1200\" \/>\n\t<meta property=\"og:image:height\" content=\"799\" \/>\n\t<meta property=\"og:image:type\" content=\"image\/jpeg\" \/>\n<meta name=\"author\" content=\"Ole Andersen\" \/>\n<meta name=\"twitter:card\" content=\"summary_large_image\" \/>\n<meta name=\"twitter:label1\" content=\"Skrevet av\" \/>\n\t<meta name=\"twitter:data1\" content=\"Ole Andersen\" \/>\n\t<meta name=\"twitter:label2\" content=\"Ansl. lesetid\" \/>\n\t<meta name=\"twitter:data2\" content=\"3 minutter\" \/>\n<script type=\"application\/ld+json\" class=\"yoast-schema-graph\">{\"@context\":\"https:\/\/schema.org\",\"@graph\":[{\"@type\":\"Article\",\"@id\":\"https:\/\/nordnesrepublikken.no\/index.php\/2026\/01\/12\/tesla-taper-terreng-over-hele-europa-bortsett-fra-i-dette-ene-landet\/#article\",\"isPartOf\":{\"@id\":\"https:\/\/nordnesrepublikken.no\/index.php\/2026\/01\/12\/tesla-taper-terreng-over-hele-europa-bortsett-fra-i-dette-ene-landet\/\"},\"author\":{\"name\":\"Ole Andersen\",\"@id\":\"https:\/\/nordnesrepublikken.no\/#\/schema\/person\/2e7e81935bab77882fffb79296240ff1\"},\"headline\":\"Tesla taper terreng over hele Europa \u2013 bortsett fra i dette ene landet\",\"datePublished\":\"2026-01-12T12:50:37+00:00\",\"dateModified\":\"2026-01-12T12:50:38+00:00\",\"mainEntityOfPage\":{\"@id\":\"https:\/\/nordnesrepublikken.no\/index.php\/2026\/01\/12\/tesla-taper-terreng-over-hele-europa-bortsett-fra-i-dette-ene-landet\/\"},\"wordCount\":552,\"publisher\":{\"@id\":\"https:\/\/nordnesrepublikken.no\/#organization\"},\"image\":{\"@id\":\"https:\/\/nordnesrepublikken.no\/index.php\/2026\/01\/12\/tesla-taper-terreng-over-hele-europa-bortsett-fra-i-dette-ene-landet\/#primaryimage\"},\"thumbnailUrl\":\"https:\/\/nordnesrepublikken.no\/wp-content\/uploads\/2026\/01\/1768222237_Tesla-taper-terreng-over-hele-Europa-\u2013-bortsett-fra-i.jpg\",\"keywords\":[\"bortsett\",\"dette\",\"ene\",\"Europa\",\"fra\",\"hele\",\"Landet\",\"taper\",\"terreng\",\"Tesla\"],\"articleSection\":[\"Nasjonal\"],\"inLanguage\":\"nb-NO\"},{\"@type\":\"WebPage\",\"@id\":\"https:\/\/nordnesrepublikken.no\/index.php\/2026\/01\/12\/tesla-taper-terreng-over-hele-europa-bortsett-fra-i-dette-ene-landet\/\",\"url\":\"https:\/\/nordnesrepublikken.no\/index.php\/2026\/01\/12\/tesla-taper-terreng-over-hele-europa-bortsett-fra-i-dette-ene-landet\/\",\"name\":\"Tesla taper terreng over hele Europa \u2013 bortsett fra i dette ene landet - Nordnesrepublikken\",\"isPartOf\":{\"@id\":\"https:\/\/nordnesrepublikken.no\/#website\"},\"primaryImageOfPage\":{\"@id\":\"https:\/\/nordnesrepublikken.no\/index.php\/2026\/01\/12\/tesla-taper-terreng-over-hele-europa-bortsett-fra-i-dette-ene-landet\/#primaryimage\"},\"image\":{\"@id\":\"https:\/\/nordnesrepublikken.no\/index.php\/2026\/01\/12\/tesla-taper-terreng-over-hele-europa-bortsett-fra-i-dette-ene-landet\/#primaryimage\"},\"thumbnailUrl\":\"https:\/\/nordnesrepublikken.no\/wp-content\/uploads\/2026\/01\/1768222237_Tesla-taper-terreng-over-hele-Europa-\u2013-bortsett-fra-i.jpg\",\"datePublished\":\"2026-01-12T12:50:37+00:00\",\"dateModified\":\"2026-01-12T12:50:38+00:00\",\"breadcrumb\":{\"@id\":\"https:\/\/nordnesrepublikken.no\/index.php\/2026\/01\/12\/tesla-taper-terreng-over-hele-europa-bortsett-fra-i-dette-ene-landet\/#breadcrumb\"},\"inLanguage\":\"nb-NO\",\"potentialAction\":[{\"@type\":\"ReadAction\",\"target\":[\"https:\/\/nordnesrepublikken.no\/index.php\/2026\/01\/12\/tesla-taper-terreng-over-hele-europa-bortsett-fra-i-dette-ene-landet\/\"]}]},{\"@type\":\"ImageObject\",\"inLanguage\":\"nb-NO\",\"@id\":\"https:\/\/nordnesrepublikken.no\/index.php\/2026\/01\/12\/tesla-taper-terreng-over-hele-europa-bortsett-fra-i-dette-ene-landet\/#primaryimage\",\"url\":\"https:\/\/nordnesrepublikken.no\/wp-content\/uploads\/2026\/01\/1768222237_Tesla-taper-terreng-over-hele-Europa-\u2013-bortsett-fra-i.jpg\",\"contentUrl\":\"https:\/\/nordnesrepublikken.no\/wp-content\/uploads\/2026\/01\/1768222237_Tesla-taper-terreng-over-hele-Europa-\u2013-bortsett-fra-i.jpg\",\"width\":1200,\"height\":799,\"caption\":\"Tesla taper terreng over hele Europa \u2013 bortsett fra i dette ene landet\"},{\"@type\":\"BreadcrumbList\",\"@id\":\"https:\/\/nordnesrepublikken.no\/index.php\/2026\/01\/12\/tesla-taper-terreng-over-hele-europa-bortsett-fra-i-dette-ene-landet\/#breadcrumb\",\"itemListElement\":[{\"@type\":\"ListItem\",\"position\":1,\"name\":\"Home\",\"item\":\"https:\/\/nordnesrepublikken.no\/\"},{\"@type\":\"ListItem\",\"position\":2,\"name\":\"Tesla taper terreng over hele Europa \u2013 bortsett fra i dette ene landet\"}]},{\"@type\":\"WebSite\",\"@id\":\"https:\/\/nordnesrepublikken.no\/#website\",\"url\":\"https:\/\/nordnesrepublikken.no\/\",\"name\":\"Nordnesrepublikken\",\"description\":\"Stemmer og Visjoner fra Republikkens Hjerte\",\"publisher\":{\"@id\":\"https:\/\/nordnesrepublikken.no\/#organization\"},\"potentialAction\":[{\"@type\":\"SearchAction\",\"target\":{\"@type\":\"EntryPoint\",\"urlTemplate\":\"https:\/\/nordnesrepublikken.no\/?s={search_term_string}\"},\"query-input\":{\"@type\":\"PropertyValueSpecification\",\"valueRequired\":true,\"valueName\":\"search_term_string\"}}],\"inLanguage\":\"nb-NO\"},{\"@type\":\"Organization\",\"@id\":\"https:\/\/nordnesrepublikken.no\/#organization\",\"name\":\"Nordnesrepublikken\",\"url\":\"https:\/\/nordnesrepublikken.no\/\",\"logo\":{\"@type\":\"ImageObject\",\"inLanguage\":\"nb-NO\",\"@id\":\"https:\/\/nordnesrepublikken.no\/#\/schema\/logo\/image\/\",\"url\":\"https:\/\/nordnesrepublikken.no\/wp-content\/uploads\/2025\/02\/cropped-nordnesrepublikken-2.png\",\"contentUrl\":\"https:\/\/nordnesrepublikken.no\/wp-content\/uploads\/2025\/02\/cropped-nordnesrepublikken-2.png\",\"width\":1248,\"height\":362,\"caption\":\"Nordnesrepublikken\"},\"image\":{\"@id\":\"https:\/\/nordnesrepublikken.no\/#\/schema\/logo\/image\/\"}},{\"@type\":\"Person\",\"@id\":\"https:\/\/nordnesrepublikken.no\/#\/schema\/person\/2e7e81935bab77882fffb79296240ff1\",\"name\":\"Ole Andersen\",\"image\":{\"@type\":\"ImageObject\",\"inLanguage\":\"nb-NO\",\"@id\":\"https:\/\/nordnesrepublikken.no\/#\/schema\/person\/image\/\",\"url\":\"https:\/\/nordnesrepublikken.no\/wp-content\/uploads\/2025\/02\/nordnesrepublikken-2-2-150x150.jpg\",\"contentUrl\":\"https:\/\/nordnesrepublikken.no\/wp-content\/uploads\/2025\/02\/nordnesrepublikken-2-2-150x150.jpg\",\"caption\":\"Ole Andersen\"},\"description\":\"Ettersom jeg vokste opp i Oslo, har jeg alltid v\u00e6rt fascinert av ordenes kraft og deres evne til \u00e5 skape endringer. Etter \u00e5 ha fullf\u00f8rt min utdannelse i kommunikasjon ved Universitetet i Bergen, fikk jeg muligheten til \u00e5 jobbe innen ulike medier, der jeg har s\u00f8kt \u00e5 belyse viktige samfunnssp\u00f8rsm\u00e5l. I dag, som redakt\u00f8r for Nordnesrepublikken, pr\u00f8ver jeg \u00e5 forene min kj\u00e6rlighet for journalistikk med min lidenskap for innovasjon og eventyr.\",\"sameAs\":[\"https:\/\/nordnesrepublikken.no\/\"]}]}<\/script>\n<!-- \/ Yoast SEO plugin. -->","yoast_head_json":{"title":"Tesla taper terreng over hele Europa \u2013 bortsett fra i dette ene landet - Nordnesrepublikken","robots":{"index":"index","follow":"follow","max-snippet":"max-snippet:-1","max-image-preview":"max-image-preview:large","max-video-preview":"max-video-preview:-1"},"canonical":"https:\/\/nordnesrepublikken.no\/index.php\/2026\/01\/12\/tesla-taper-terreng-over-hele-europa-bortsett-fra-i-dette-ene-landet\/","og_locale":"nb_NO","og_type":"article","og_title":"Tesla taper terreng over hele Europa \u2013 bortsett fra i dette ene landet - Nordnesrepublikken","og_description":"Hvis du bare s\u00e5 p\u00e5 overskriftene, tror du kanskje at Tesla har det t\u00f8ft i","og_url":"https:\/\/nordnesrepublikken.no\/index.php\/2026\/01\/12\/tesla-taper-terreng-over-hele-europa-bortsett-fra-i-dette-ene-landet\/","og_site_name":"Nordnesrepublikken","article_published_time":"2026-01-12T12:50:37+00:00","article_modified_time":"2026-01-12T12:50:38+00:00","og_image":[{"width":1200,"height":799,"url":"https:\/\/nordnesrepublikken.no\/wp-content\/uploads\/2026\/01\/1768222237_Tesla-taper-terreng-over-hele-Europa-\u2013-bortsett-fra-i.jpg","type":"image\/jpeg"}],"author":"Ole Andersen","twitter_card":"summary_large_image","twitter_misc":{"Skrevet av":"Ole Andersen","Ansl. lesetid":"3 minutter"},"schema":{"@context":"https:\/\/schema.org","@graph":[{"@type":"Article","@id":"https:\/\/nordnesrepublikken.no\/index.php\/2026\/01\/12\/tesla-taper-terreng-over-hele-europa-bortsett-fra-i-dette-ene-landet\/#article","isPartOf":{"@id":"https:\/\/nordnesrepublikken.no\/index.php\/2026\/01\/12\/tesla-taper-terreng-over-hele-europa-bortsett-fra-i-dette-ene-landet\/"},"author":{"name":"Ole Andersen","@id":"https:\/\/nordnesrepublikken.no\/#\/schema\/person\/2e7e81935bab77882fffb79296240ff1"},"headline":"Tesla taper terreng over hele Europa \u2013 bortsett fra i dette ene landet","datePublished":"2026-01-12T12:50:37+00:00","dateModified":"2026-01-12T12:50:38+00:00","mainEntityOfPage":{"@id":"https:\/\/nordnesrepublikken.no\/index.php\/2026\/01\/12\/tesla-taper-terreng-over-hele-europa-bortsett-fra-i-dette-ene-landet\/"},"wordCount":552,"publisher":{"@id":"https:\/\/nordnesrepublikken.no\/#organization"},"image":{"@id":"https:\/\/nordnesrepublikken.no\/index.php\/2026\/01\/12\/tesla-taper-terreng-over-hele-europa-bortsett-fra-i-dette-ene-landet\/#primaryimage"},"thumbnailUrl":"https:\/\/nordnesrepublikken.no\/wp-content\/uploads\/2026\/01\/1768222237_Tesla-taper-terreng-over-hele-Europa-\u2013-bortsett-fra-i.jpg","keywords":["bortsett","dette","ene","Europa","fra","hele","Landet","taper","terreng","Tesla"],"articleSection":["Nasjonal"],"inLanguage":"nb-NO"},{"@type":"WebPage","@id":"https:\/\/nordnesrepublikken.no\/index.php\/2026\/01\/12\/tesla-taper-terreng-over-hele-europa-bortsett-fra-i-dette-ene-landet\/","url":"https:\/\/nordnesrepublikken.no\/index.php\/2026\/01\/12\/tesla-taper-terreng-over-hele-europa-bortsett-fra-i-dette-ene-landet\/","name":"Tesla taper terreng over hele Europa \u2013 bortsett fra i dette ene landet - Nordnesrepublikken","isPartOf":{"@id":"https:\/\/nordnesrepublikken.no\/#website"},"primaryImageOfPage":{"@id":"https:\/\/nordnesrepublikken.no\/index.php\/2026\/01\/12\/tesla-taper-terreng-over-hele-europa-bortsett-fra-i-dette-ene-landet\/#primaryimage"},"image":{"@id":"https:\/\/nordnesrepublikken.no\/index.php\/2026\/01\/12\/tesla-taper-terreng-over-hele-europa-bortsett-fra-i-dette-ene-landet\/#primaryimage"},"thumbnailUrl":"https:\/\/nordnesrepublikken.no\/wp-content\/uploads\/2026\/01\/1768222237_Tesla-taper-terreng-over-hele-Europa-\u2013-bortsett-fra-i.jpg","datePublished":"2026-01-12T12:50:37+00:00","dateModified":"2026-01-12T12:50:38+00:00","breadcrumb":{"@id":"https:\/\/nordnesrepublikken.no\/index.php\/2026\/01\/12\/tesla-taper-terreng-over-hele-europa-bortsett-fra-i-dette-ene-landet\/#breadcrumb"},"inLanguage":"nb-NO","potentialAction":[{"@type":"ReadAction","target":["https:\/\/nordnesrepublikken.no\/index.php\/2026\/01\/12\/tesla-taper-terreng-over-hele-europa-bortsett-fra-i-dette-ene-landet\/"]}]},{"@type":"ImageObject","inLanguage":"nb-NO","@id":"https:\/\/nordnesrepublikken.no\/index.php\/2026\/01\/12\/tesla-taper-terreng-over-hele-europa-bortsett-fra-i-dette-ene-landet\/#primaryimage","url":"https:\/\/nordnesrepublikken.no\/wp-content\/uploads\/2026\/01\/1768222237_Tesla-taper-terreng-over-hele-Europa-\u2013-bortsett-fra-i.jpg","contentUrl":"https:\/\/nordnesrepublikken.no\/wp-content\/uploads\/2026\/01\/1768222237_Tesla-taper-terreng-over-hele-Europa-\u2013-bortsett-fra-i.jpg","width":1200,"height":799,"caption":"Tesla taper terreng over hele Europa \u2013 bortsett fra i dette ene landet"},{"@type":"BreadcrumbList","@id":"https:\/\/nordnesrepublikken.no\/index.php\/2026\/01\/12\/tesla-taper-terreng-over-hele-europa-bortsett-fra-i-dette-ene-landet\/#breadcrumb","itemListElement":[{"@type":"ListItem","position":1,"name":"Home","item":"https:\/\/nordnesrepublikken.no\/"},{"@type":"ListItem","position":2,"name":"Tesla taper terreng over hele Europa \u2013 bortsett fra i dette ene landet"}]},{"@type":"WebSite","@id":"https:\/\/nordnesrepublikken.no\/#website","url":"https:\/\/nordnesrepublikken.no\/","name":"Nordnesrepublikken","description":"Stemmer og Visjoner fra Republikkens Hjerte","publisher":{"@id":"https:\/\/nordnesrepublikken.no\/#organization"},"potentialAction":[{"@type":"SearchAction","target":{"@type":"EntryPoint","urlTemplate":"https:\/\/nordnesrepublikken.no\/?s={search_term_string}"},"query-input":{"@type":"PropertyValueSpecification","valueRequired":true,"valueName":"search_term_string"}}],"inLanguage":"nb-NO"},{"@type":"Organization","@id":"https:\/\/nordnesrepublikken.no\/#organization","name":"Nordnesrepublikken","url":"https:\/\/nordnesrepublikken.no\/","logo":{"@type":"ImageObject","inLanguage":"nb-NO","@id":"https:\/\/nordnesrepublikken.no\/#\/schema\/logo\/image\/","url":"https:\/\/nordnesrepublikken.no\/wp-content\/uploads\/2025\/02\/cropped-nordnesrepublikken-2.png","contentUrl":"https:\/\/nordnesrepublikken.no\/wp-content\/uploads\/2025\/02\/cropped-nordnesrepublikken-2.png","width":1248,"height":362,"caption":"Nordnesrepublikken"},"image":{"@id":"https:\/\/nordnesrepublikken.no\/#\/schema\/logo\/image\/"}},{"@type":"Person","@id":"https:\/\/nordnesrepublikken.no\/#\/schema\/person\/2e7e81935bab77882fffb79296240ff1","name":"Ole Andersen","image":{"@type":"ImageObject","inLanguage":"nb-NO","@id":"https:\/\/nordnesrepublikken.no\/#\/schema\/person\/image\/","url":"https:\/\/nordnesrepublikken.no\/wp-content\/uploads\/2025\/02\/nordnesrepublikken-2-2-150x150.jpg","contentUrl":"https:\/\/nordnesrepublikken.no\/wp-content\/uploads\/2025\/02\/nordnesrepublikken-2-2-150x150.jpg","caption":"Ole Andersen"},"description":"Ettersom jeg vokste opp i Oslo, har jeg alltid v\u00e6rt fascinert av ordenes kraft og deres evne til \u00e5 skape endringer. Etter \u00e5 ha fullf\u00f8rt min utdannelse i kommunikasjon ved Universitetet i Bergen, fikk jeg muligheten til \u00e5 jobbe innen ulike medier, der jeg har s\u00f8kt \u00e5 belyse viktige samfunnssp\u00f8rsm\u00e5l. I dag, som redakt\u00f8r for Nordnesrepublikken, pr\u00f8ver jeg \u00e5 forene min kj\u00e6rlighet for journalistikk med min lidenskap for innovasjon og eventyr.","sameAs":["https:\/\/nordnesrepublikken.no\/"]}]}},"_links":{"self":[{"href":"https:\/\/nordnesrepublikken.no\/index.php\/wp-json\/wp\/v2\/posts\/13765","targetHints":{"allow":["GET"]}}],"collection":[{"href":"https:\/\/nordnesrepublikken.no\/index.php\/wp-json\/wp\/v2\/posts"}],"about":[{"href":"https:\/\/nordnesrepublikken.no\/index.php\/wp-json\/wp\/v2\/types\/post"}],"author":[{"embeddable":true,"href":"https:\/\/nordnesrepublikken.no\/index.php\/wp-json\/wp\/v2\/users\/1"}],"replies":[{"embeddable":true,"href":"https:\/\/nordnesrepublikken.no\/index.php\/wp-json\/wp\/v2\/comments?post=13765"}],"version-history":[{"count":1,"href":"https:\/\/nordnesrepublikken.no\/index.php\/wp-json\/wp\/v2\/posts\/13765\/revisions"}],"predecessor-version":[{"id":13767,"href":"https:\/\/nordnesrepublikken.no\/index.php\/wp-json\/wp\/v2\/posts\/13765\/revisions\/13767"}],"wp:featuredmedia":[{"embeddable":true,"href":"https:\/\/nordnesrepublikken.no\/index.php\/wp-json\/wp\/v2\/media\/13766"}],"wp:attachment":[{"href":"https:\/\/nordnesrepublikken.no\/index.php\/wp-json\/wp\/v2\/media?parent=13765"}],"wp:term":[{"taxonomy":"category","embeddable":true,"href":"https:\/\/nordnesrepublikken.no\/index.php\/wp-json\/wp\/v2\/categories?post=13765"},{"taxonomy":"post_tag","embeddable":true,"href":"https:\/\/nordnesrepublikken.no\/index.php\/wp-json\/wp\/v2\/tags?post=13765"}],"curies":[{"name":"wp","href":"https:\/\/api.w.org\/{rel}","templated":true}]}}