{"id":13744,"date":"2026-01-11T18:50:53","date_gmt":"2026-01-11T17:50:53","guid":{"rendered":"https:\/\/nordnesrepublikken.no\/index.php\/2026\/01\/11\/mellom-sorrentinos-sett-livet-med-luca-og-forholdet-til-sosiale-medier\/"},"modified":"2026-01-11T18:50:54","modified_gmt":"2026-01-11T17:50:54","slug":"mellom-sorrentinos-sett-livet-med-luca-og-forholdet-til-sosiale-medier","status":"publish","type":"post","link":"https:\/\/nordnesrepublikken.no\/index.php\/2026\/01\/11\/mellom-sorrentinos-sett-livet-med-luca-og-forholdet-til-sosiale-medier\/","title":{"rendered":"mellom Sorrentinos sett, livet med Luca og forholdet til sosiale medier"},"content":{"rendered":"<div>\n<div class=\"cp_wrapper cp_wrapper--fw mb-30 mb-20@tablet\">\n<figure class=\"mm\"><picture class=\"img\" style=\"padding-top:56.25%\"><source  media=\"(min-width: 1024px)\"><source  media=\"(min-width: 768px)\"><\/source><\/source><\/picture><\/figure>\n<\/p><\/div>\n<div class=\"fbx \">\n<div class=\"fbx__content\">\n<p>\t\t\tDu ser p\u00e5 <strong>Pop hj\u00f8rne<\/strong> Ikke g\u00e5 glipp av mer innhold fra <span>Geopop<\/span>\n\t\t<\/p>\n<\/p><\/div>\n<div class=\"fbx__image\">\n<picture class=\"img  img--static-mode \">\n<p>  <img decoding=\"async\" loading=\"lazy\" src=\"https:\/\/nordnesrepublikken.no\/wp-content\/uploads\/2026\/01\/1767649875_902_Luca-Zingaretti-pa-Pop-Corner-mellom-kunstig-intelligens-regi-og.jpg\" alt=\"Bilde\" width=\"1920\" height=\"1080\"\/>\n<\/picture>\n\t<\/div>\n<\/div>\n<p>I denne nye episoden av <strong>PopCorner<\/strong> vi hadde gleden av \u00e5 v\u00e6re vertskap <strong>Luisa Ranieri<\/strong>en av de mest talentfulle og elskede skuespillerinnene i italiensk kino. Fra ikon for eleganse til tolk av viscerale roller, Luisa fortalte oss bak kulissene i yrket hennes, hennes forhold til mannen sin <strong>Luca Zingaretti<\/strong> og hans visjon om kino og livet i en intim historie full av overraskelser.<\/p>\n<p>Det virker utrolig, men Luisa Ranieri dr\u00f8mte ikke om \u00e5 bli skuespiller i det hele tatt, men \u00f8nsket heller \u00e5 bli <strong>sorenskriver<\/strong>. Skuespill kom til ved en tilfeldighet da hun bestemte seg for \u00e5 f\u00f8lge en venninne p\u00e5 et teaterterapikurs, og tenkte at det ogs\u00e5 kunne hjelpe henne med \u00e5 kurere sin sjenanse. Selv i dag innr\u00f8mmer hun faktisk \u00e5 v\u00e6re en sjenert kvinne som spiller rollen som en \u00e5pen og utadvendt kvinne, og demonstrerer hvordan livet noen ganger tar oss ned sentrale veier som vi trodde bare var sidegater.<\/p>\n<p>Vi utforsket deretter hans arbeidsmetode, og oppdaget en nesten skolastisk, men ekstremt effektiv tiln\u00e6rming. Luisa leser manuset flere ganger og skriver sammendrag for \u00e5 fokusere p\u00e5 de emosjonelle blokkeringene og karakterens reise. P\u00e5 settet bruker han &laquo;<strong>s\u00f8keord<\/strong>&raquo; spesifikasjoner som hun trenger for \u00e5 l\u00e5se opp energien og henne <strong>instrument-kropp<\/strong>akkurat som en musiker g\u00e5r over akkordene f\u00f8r han spiller. Ogs\u00e5 den <strong>ropte p\u00e5 kommando<\/strong>avsl\u00f8rte han for oss, det er ikke et magisk triks, men en &laquo;trent muskel&raquo;, resultatet av evnen til \u00e5 fjerne den daglige masken og forbli &laquo;<strong>med et \u00e5pent hjerte<\/strong>&laquo;.<\/p>\n<p>Luisa husker rollen som med enorm hengivenhet <strong>Patricia<\/strong> i <em>Det var Guds h\u00e5nd <\/em>Av <strong>Paolo Sorrentino<\/strong>en karakter som f\u00f8ltes som en perfekt passform fra f\u00f8rste lesning. Chatten gikk ogs\u00e5 videre <strong>privatliv<\/strong> og hva det vil si \u00e5 leve sammen med en annen skuespiller <strong>Luca Zingaretti<\/strong>. Fordelene er \u00e5penbare, siden det er en total forst\u00e5else for det vanvittige tempoet, reisingen og trettheten som er typisk for jobben. Ulempen er imidlertid at du ender opp <strong>dele for mye<\/strong>som ofte bringer faglige diskusjoner selv i hjemmet, til tross for \u00e5 pr\u00f8ve \u00e5 sette grenser for \u00e5 skille liv og arbeid.x<\/p>\n<p>Luisa snakket ogs\u00e5 engasjert til oss om hennes neste prosjekt, serien <strong>Rektor<\/strong>ut 12. januar og setter inn <strong>Caivano <\/strong>(Napoli). Ideen ble f\u00f8dt i 2019 etter \u00e5 ha sett en dokumentar som \u00f8dela henne f\u00f8lelsesmessig, og presset henne til \u00e5 ville snakke om ensomheten til l\u00e6rere i forstedene og deres daglige kamp for \u00e5 gi barn en fremtid gjennom utdanning. Avslutningsvis delte skuespillerinnen en viktig refleksjon om <strong>teknologi<\/strong>: Du har selv p\u00e5lagt en grense p\u00e5 \u00e9n time per dag for \u00e5 bruke din <strong>sosial<\/strong>innser at uendelig rulling skaper en stofflignende avhengighet og tar dyrebar tid bort fra det virkelige liv og lesing.<\/p>\n<\/p><\/div>\n","protected":false},"excerpt":{"rendered":"<p>Du ser p\u00e5 Pop hj\u00f8rne Ikke g\u00e5 glipp av mer innhold fra Geopop I denne<\/p>\n","protected":false},"author":1,"featured_media":13745,"comment_status":"closed","ping_status":"open","sticky":false,"template":"","format":"standard","meta":{"footnotes":""},"categories":[104],"tags":[729,793,8902,79,2980,212,1564,9018,2979,117],"class_list":["post-13744","post","type-post","status-publish","format-standard","has-post-thumbnail","hentry","category-samfunn","tag-forholdet","tag-livet","tag-luca","tag-med","tag-medier","tag-mellom","tag-sett","tag-sorrentinos","tag-sosiale","tag-til","generate-columns","tablet-grid-50","mobile-grid-100","grid-parent","grid-33","resize-featured-image"],"yoast_head":"<!-- This site is optimized with the Yoast SEO plugin v24.4 - https:\/\/yoast.com\/wordpress\/plugins\/seo\/ -->\n<title>mellom Sorrentinos sett, livet med Luca og forholdet til sosiale medier - Nordnesrepublikken<\/title>\n<meta name=\"robots\" content=\"index, follow, max-snippet:-1, max-image-preview:large, max-video-preview:-1\" \/>\n<link rel=\"canonical\" href=\"https:\/\/nordnesrepublikken.no\/index.php\/2026\/01\/11\/mellom-sorrentinos-sett-livet-med-luca-og-forholdet-til-sosiale-medier\/\" \/>\n<meta property=\"og:locale\" content=\"nb_NO\" \/>\n<meta property=\"og:type\" content=\"article\" \/>\n<meta property=\"og:title\" content=\"mellom Sorrentinos sett, livet med Luca og forholdet til sosiale medier - Nordnesrepublikken\" \/>\n<meta property=\"og:description\" content=\"Du ser p\u00e5 Pop hj\u00f8rne Ikke g\u00e5 glipp av mer innhold fra Geopop I denne\" \/>\n<meta property=\"og:url\" content=\"https:\/\/nordnesrepublikken.no\/index.php\/2026\/01\/11\/mellom-sorrentinos-sett-livet-med-luca-og-forholdet-til-sosiale-medier\/\" \/>\n<meta property=\"og:site_name\" content=\"Nordnesrepublikken\" \/>\n<meta property=\"article:published_time\" content=\"2026-01-11T17:50:53+00:00\" \/>\n<meta property=\"article:modified_time\" content=\"2026-01-11T17:50:54+00:00\" \/>\n<meta property=\"og:image\" content=\"https:\/\/nordnesrepublikken.no\/wp-content\/uploads\/2026\/01\/1768153854_mellom-Sorrentinos-sett-livet-med-Luca-og-forholdet-til-sosiale.jpg\" \/>\n\t<meta property=\"og:image:width\" content=\"1280\" \/>\n\t<meta property=\"og:image:height\" content=\"720\" \/>\n\t<meta property=\"og:image:type\" content=\"image\/jpeg\" \/>\n<meta name=\"author\" content=\"Ole Andersen\" \/>\n<meta name=\"twitter:card\" content=\"summary_large_image\" \/>\n<meta name=\"twitter:label1\" content=\"Skrevet av\" \/>\n\t<meta name=\"twitter:data1\" content=\"Ole Andersen\" \/>\n\t<meta name=\"twitter:label2\" content=\"Ansl. lesetid\" \/>\n\t<meta name=\"twitter:data2\" content=\"2 minutter\" \/>\n<script type=\"application\/ld+json\" class=\"yoast-schema-graph\">{\"@context\":\"https:\/\/schema.org\",\"@graph\":[{\"@type\":\"Article\",\"@id\":\"https:\/\/nordnesrepublikken.no\/index.php\/2026\/01\/11\/mellom-sorrentinos-sett-livet-med-luca-og-forholdet-til-sosiale-medier\/#article\",\"isPartOf\":{\"@id\":\"https:\/\/nordnesrepublikken.no\/index.php\/2026\/01\/11\/mellom-sorrentinos-sett-livet-med-luca-og-forholdet-til-sosiale-medier\/\"},\"author\":{\"name\":\"Ole Andersen\",\"@id\":\"https:\/\/nordnesrepublikken.no\/#\/schema\/person\/2e7e81935bab77882fffb79296240ff1\"},\"headline\":\"mellom Sorrentinos sett, livet med Luca og forholdet til sosiale medier\",\"datePublished\":\"2026-01-11T17:50:53+00:00\",\"dateModified\":\"2026-01-11T17:50:54+00:00\",\"mainEntityOfPage\":{\"@id\":\"https:\/\/nordnesrepublikken.no\/index.php\/2026\/01\/11\/mellom-sorrentinos-sett-livet-med-luca-og-forholdet-til-sosiale-medier\/\"},\"wordCount\":469,\"publisher\":{\"@id\":\"https:\/\/nordnesrepublikken.no\/#organization\"},\"image\":{\"@id\":\"https:\/\/nordnesrepublikken.no\/index.php\/2026\/01\/11\/mellom-sorrentinos-sett-livet-med-luca-og-forholdet-til-sosiale-medier\/#primaryimage\"},\"thumbnailUrl\":\"https:\/\/nordnesrepublikken.no\/wp-content\/uploads\/2026\/01\/1768153854_mellom-Sorrentinos-sett-livet-med-Luca-og-forholdet-til-sosiale.jpg\",\"keywords\":[\"forholdet\",\"livet\",\"Luca\",\"med\",\"medier\",\"mellom\",\"sett\",\"Sorrentinos\",\"sosiale\",\"til\"],\"articleSection\":[\"Samfunn\"],\"inLanguage\":\"nb-NO\"},{\"@type\":\"WebPage\",\"@id\":\"https:\/\/nordnesrepublikken.no\/index.php\/2026\/01\/11\/mellom-sorrentinos-sett-livet-med-luca-og-forholdet-til-sosiale-medier\/\",\"url\":\"https:\/\/nordnesrepublikken.no\/index.php\/2026\/01\/11\/mellom-sorrentinos-sett-livet-med-luca-og-forholdet-til-sosiale-medier\/\",\"name\":\"mellom Sorrentinos sett, livet med Luca og forholdet til sosiale medier - Nordnesrepublikken\",\"isPartOf\":{\"@id\":\"https:\/\/nordnesrepublikken.no\/#website\"},\"primaryImageOfPage\":{\"@id\":\"https:\/\/nordnesrepublikken.no\/index.php\/2026\/01\/11\/mellom-sorrentinos-sett-livet-med-luca-og-forholdet-til-sosiale-medier\/#primaryimage\"},\"image\":{\"@id\":\"https:\/\/nordnesrepublikken.no\/index.php\/2026\/01\/11\/mellom-sorrentinos-sett-livet-med-luca-og-forholdet-til-sosiale-medier\/#primaryimage\"},\"thumbnailUrl\":\"https:\/\/nordnesrepublikken.no\/wp-content\/uploads\/2026\/01\/1768153854_mellom-Sorrentinos-sett-livet-med-Luca-og-forholdet-til-sosiale.jpg\",\"datePublished\":\"2026-01-11T17:50:53+00:00\",\"dateModified\":\"2026-01-11T17:50:54+00:00\",\"breadcrumb\":{\"@id\":\"https:\/\/nordnesrepublikken.no\/index.php\/2026\/01\/11\/mellom-sorrentinos-sett-livet-med-luca-og-forholdet-til-sosiale-medier\/#breadcrumb\"},\"inLanguage\":\"nb-NO\",\"potentialAction\":[{\"@type\":\"ReadAction\",\"target\":[\"https:\/\/nordnesrepublikken.no\/index.php\/2026\/01\/11\/mellom-sorrentinos-sett-livet-med-luca-og-forholdet-til-sosiale-medier\/\"]}]},{\"@type\":\"ImageObject\",\"inLanguage\":\"nb-NO\",\"@id\":\"https:\/\/nordnesrepublikken.no\/index.php\/2026\/01\/11\/mellom-sorrentinos-sett-livet-med-luca-og-forholdet-til-sosiale-medier\/#primaryimage\",\"url\":\"https:\/\/nordnesrepublikken.no\/wp-content\/uploads\/2026\/01\/1768153854_mellom-Sorrentinos-sett-livet-med-Luca-og-forholdet-til-sosiale.jpg\",\"contentUrl\":\"https:\/\/nordnesrepublikken.no\/wp-content\/uploads\/2026\/01\/1768153854_mellom-Sorrentinos-sett-livet-med-Luca-og-forholdet-til-sosiale.jpg\",\"width\":1280,\"height\":720,\"caption\":\"THUMB-VIDEO luisa ranieri\"},{\"@type\":\"BreadcrumbList\",\"@id\":\"https:\/\/nordnesrepublikken.no\/index.php\/2026\/01\/11\/mellom-sorrentinos-sett-livet-med-luca-og-forholdet-til-sosiale-medier\/#breadcrumb\",\"itemListElement\":[{\"@type\":\"ListItem\",\"position\":1,\"name\":\"Home\",\"item\":\"https:\/\/nordnesrepublikken.no\/\"},{\"@type\":\"ListItem\",\"position\":2,\"name\":\"mellom Sorrentinos sett, livet med Luca og forholdet til sosiale medier\"}]},{\"@type\":\"WebSite\",\"@id\":\"https:\/\/nordnesrepublikken.no\/#website\",\"url\":\"https:\/\/nordnesrepublikken.no\/\",\"name\":\"Nordnesrepublikken\",\"description\":\"Stemmer og Visjoner fra Republikkens Hjerte\",\"publisher\":{\"@id\":\"https:\/\/nordnesrepublikken.no\/#organization\"},\"potentialAction\":[{\"@type\":\"SearchAction\",\"target\":{\"@type\":\"EntryPoint\",\"urlTemplate\":\"https:\/\/nordnesrepublikken.no\/?s={search_term_string}\"},\"query-input\":{\"@type\":\"PropertyValueSpecification\",\"valueRequired\":true,\"valueName\":\"search_term_string\"}}],\"inLanguage\":\"nb-NO\"},{\"@type\":\"Organization\",\"@id\":\"https:\/\/nordnesrepublikken.no\/#organization\",\"name\":\"Nordnesrepublikken\",\"url\":\"https:\/\/nordnesrepublikken.no\/\",\"logo\":{\"@type\":\"ImageObject\",\"inLanguage\":\"nb-NO\",\"@id\":\"https:\/\/nordnesrepublikken.no\/#\/schema\/logo\/image\/\",\"url\":\"https:\/\/nordnesrepublikken.no\/wp-content\/uploads\/2025\/02\/cropped-nordnesrepublikken-2.png\",\"contentUrl\":\"https:\/\/nordnesrepublikken.no\/wp-content\/uploads\/2025\/02\/cropped-nordnesrepublikken-2.png\",\"width\":1248,\"height\":362,\"caption\":\"Nordnesrepublikken\"},\"image\":{\"@id\":\"https:\/\/nordnesrepublikken.no\/#\/schema\/logo\/image\/\"}},{\"@type\":\"Person\",\"@id\":\"https:\/\/nordnesrepublikken.no\/#\/schema\/person\/2e7e81935bab77882fffb79296240ff1\",\"name\":\"Ole Andersen\",\"image\":{\"@type\":\"ImageObject\",\"inLanguage\":\"nb-NO\",\"@id\":\"https:\/\/nordnesrepublikken.no\/#\/schema\/person\/image\/\",\"url\":\"https:\/\/nordnesrepublikken.no\/wp-content\/uploads\/2025\/02\/nordnesrepublikken-2-2-150x150.jpg\",\"contentUrl\":\"https:\/\/nordnesrepublikken.no\/wp-content\/uploads\/2025\/02\/nordnesrepublikken-2-2-150x150.jpg\",\"caption\":\"Ole Andersen\"},\"description\":\"Ettersom jeg vokste opp i Oslo, har jeg alltid v\u00e6rt fascinert av ordenes kraft og deres evne til \u00e5 skape endringer. Etter \u00e5 ha fullf\u00f8rt min utdannelse i kommunikasjon ved Universitetet i Bergen, fikk jeg muligheten til \u00e5 jobbe innen ulike medier, der jeg har s\u00f8kt \u00e5 belyse viktige samfunnssp\u00f8rsm\u00e5l. I dag, som redakt\u00f8r for Nordnesrepublikken, pr\u00f8ver jeg \u00e5 forene min kj\u00e6rlighet for journalistikk med min lidenskap for innovasjon og eventyr.\",\"sameAs\":[\"https:\/\/nordnesrepublikken.no\/\"]}]}<\/script>\n<!-- \/ Yoast SEO plugin. -->","yoast_head_json":{"title":"mellom Sorrentinos sett, livet med Luca og forholdet til sosiale medier - Nordnesrepublikken","robots":{"index":"index","follow":"follow","max-snippet":"max-snippet:-1","max-image-preview":"max-image-preview:large","max-video-preview":"max-video-preview:-1"},"canonical":"https:\/\/nordnesrepublikken.no\/index.php\/2026\/01\/11\/mellom-sorrentinos-sett-livet-med-luca-og-forholdet-til-sosiale-medier\/","og_locale":"nb_NO","og_type":"article","og_title":"mellom Sorrentinos sett, livet med Luca og forholdet til sosiale medier - Nordnesrepublikken","og_description":"Du ser p\u00e5 Pop hj\u00f8rne Ikke g\u00e5 glipp av mer innhold fra Geopop I denne","og_url":"https:\/\/nordnesrepublikken.no\/index.php\/2026\/01\/11\/mellom-sorrentinos-sett-livet-med-luca-og-forholdet-til-sosiale-medier\/","og_site_name":"Nordnesrepublikken","article_published_time":"2026-01-11T17:50:53+00:00","article_modified_time":"2026-01-11T17:50:54+00:00","og_image":[{"width":1280,"height":720,"url":"https:\/\/nordnesrepublikken.no\/wp-content\/uploads\/2026\/01\/1768153854_mellom-Sorrentinos-sett-livet-med-Luca-og-forholdet-til-sosiale.jpg","type":"image\/jpeg"}],"author":"Ole Andersen","twitter_card":"summary_large_image","twitter_misc":{"Skrevet av":"Ole Andersen","Ansl. lesetid":"2 minutter"},"schema":{"@context":"https:\/\/schema.org","@graph":[{"@type":"Article","@id":"https:\/\/nordnesrepublikken.no\/index.php\/2026\/01\/11\/mellom-sorrentinos-sett-livet-med-luca-og-forholdet-til-sosiale-medier\/#article","isPartOf":{"@id":"https:\/\/nordnesrepublikken.no\/index.php\/2026\/01\/11\/mellom-sorrentinos-sett-livet-med-luca-og-forholdet-til-sosiale-medier\/"},"author":{"name":"Ole Andersen","@id":"https:\/\/nordnesrepublikken.no\/#\/schema\/person\/2e7e81935bab77882fffb79296240ff1"},"headline":"mellom Sorrentinos sett, livet med Luca og forholdet til sosiale medier","datePublished":"2026-01-11T17:50:53+00:00","dateModified":"2026-01-11T17:50:54+00:00","mainEntityOfPage":{"@id":"https:\/\/nordnesrepublikken.no\/index.php\/2026\/01\/11\/mellom-sorrentinos-sett-livet-med-luca-og-forholdet-til-sosiale-medier\/"},"wordCount":469,"publisher":{"@id":"https:\/\/nordnesrepublikken.no\/#organization"},"image":{"@id":"https:\/\/nordnesrepublikken.no\/index.php\/2026\/01\/11\/mellom-sorrentinos-sett-livet-med-luca-og-forholdet-til-sosiale-medier\/#primaryimage"},"thumbnailUrl":"https:\/\/nordnesrepublikken.no\/wp-content\/uploads\/2026\/01\/1768153854_mellom-Sorrentinos-sett-livet-med-Luca-og-forholdet-til-sosiale.jpg","keywords":["forholdet","livet","Luca","med","medier","mellom","sett","Sorrentinos","sosiale","til"],"articleSection":["Samfunn"],"inLanguage":"nb-NO"},{"@type":"WebPage","@id":"https:\/\/nordnesrepublikken.no\/index.php\/2026\/01\/11\/mellom-sorrentinos-sett-livet-med-luca-og-forholdet-til-sosiale-medier\/","url":"https:\/\/nordnesrepublikken.no\/index.php\/2026\/01\/11\/mellom-sorrentinos-sett-livet-med-luca-og-forholdet-til-sosiale-medier\/","name":"mellom Sorrentinos sett, livet med Luca og forholdet til sosiale medier - Nordnesrepublikken","isPartOf":{"@id":"https:\/\/nordnesrepublikken.no\/#website"},"primaryImageOfPage":{"@id":"https:\/\/nordnesrepublikken.no\/index.php\/2026\/01\/11\/mellom-sorrentinos-sett-livet-med-luca-og-forholdet-til-sosiale-medier\/#primaryimage"},"image":{"@id":"https:\/\/nordnesrepublikken.no\/index.php\/2026\/01\/11\/mellom-sorrentinos-sett-livet-med-luca-og-forholdet-til-sosiale-medier\/#primaryimage"},"thumbnailUrl":"https:\/\/nordnesrepublikken.no\/wp-content\/uploads\/2026\/01\/1768153854_mellom-Sorrentinos-sett-livet-med-Luca-og-forholdet-til-sosiale.jpg","datePublished":"2026-01-11T17:50:53+00:00","dateModified":"2026-01-11T17:50:54+00:00","breadcrumb":{"@id":"https:\/\/nordnesrepublikken.no\/index.php\/2026\/01\/11\/mellom-sorrentinos-sett-livet-med-luca-og-forholdet-til-sosiale-medier\/#breadcrumb"},"inLanguage":"nb-NO","potentialAction":[{"@type":"ReadAction","target":["https:\/\/nordnesrepublikken.no\/index.php\/2026\/01\/11\/mellom-sorrentinos-sett-livet-med-luca-og-forholdet-til-sosiale-medier\/"]}]},{"@type":"ImageObject","inLanguage":"nb-NO","@id":"https:\/\/nordnesrepublikken.no\/index.php\/2026\/01\/11\/mellom-sorrentinos-sett-livet-med-luca-og-forholdet-til-sosiale-medier\/#primaryimage","url":"https:\/\/nordnesrepublikken.no\/wp-content\/uploads\/2026\/01\/1768153854_mellom-Sorrentinos-sett-livet-med-Luca-og-forholdet-til-sosiale.jpg","contentUrl":"https:\/\/nordnesrepublikken.no\/wp-content\/uploads\/2026\/01\/1768153854_mellom-Sorrentinos-sett-livet-med-Luca-og-forholdet-til-sosiale.jpg","width":1280,"height":720,"caption":"THUMB-VIDEO luisa ranieri"},{"@type":"BreadcrumbList","@id":"https:\/\/nordnesrepublikken.no\/index.php\/2026\/01\/11\/mellom-sorrentinos-sett-livet-med-luca-og-forholdet-til-sosiale-medier\/#breadcrumb","itemListElement":[{"@type":"ListItem","position":1,"name":"Home","item":"https:\/\/nordnesrepublikken.no\/"},{"@type":"ListItem","position":2,"name":"mellom Sorrentinos sett, livet med Luca og forholdet til sosiale medier"}]},{"@type":"WebSite","@id":"https:\/\/nordnesrepublikken.no\/#website","url":"https:\/\/nordnesrepublikken.no\/","name":"Nordnesrepublikken","description":"Stemmer og Visjoner fra Republikkens Hjerte","publisher":{"@id":"https:\/\/nordnesrepublikken.no\/#organization"},"potentialAction":[{"@type":"SearchAction","target":{"@type":"EntryPoint","urlTemplate":"https:\/\/nordnesrepublikken.no\/?s={search_term_string}"},"query-input":{"@type":"PropertyValueSpecification","valueRequired":true,"valueName":"search_term_string"}}],"inLanguage":"nb-NO"},{"@type":"Organization","@id":"https:\/\/nordnesrepublikken.no\/#organization","name":"Nordnesrepublikken","url":"https:\/\/nordnesrepublikken.no\/","logo":{"@type":"ImageObject","inLanguage":"nb-NO","@id":"https:\/\/nordnesrepublikken.no\/#\/schema\/logo\/image\/","url":"https:\/\/nordnesrepublikken.no\/wp-content\/uploads\/2025\/02\/cropped-nordnesrepublikken-2.png","contentUrl":"https:\/\/nordnesrepublikken.no\/wp-content\/uploads\/2025\/02\/cropped-nordnesrepublikken-2.png","width":1248,"height":362,"caption":"Nordnesrepublikken"},"image":{"@id":"https:\/\/nordnesrepublikken.no\/#\/schema\/logo\/image\/"}},{"@type":"Person","@id":"https:\/\/nordnesrepublikken.no\/#\/schema\/person\/2e7e81935bab77882fffb79296240ff1","name":"Ole Andersen","image":{"@type":"ImageObject","inLanguage":"nb-NO","@id":"https:\/\/nordnesrepublikken.no\/#\/schema\/person\/image\/","url":"https:\/\/nordnesrepublikken.no\/wp-content\/uploads\/2025\/02\/nordnesrepublikken-2-2-150x150.jpg","contentUrl":"https:\/\/nordnesrepublikken.no\/wp-content\/uploads\/2025\/02\/nordnesrepublikken-2-2-150x150.jpg","caption":"Ole Andersen"},"description":"Ettersom jeg vokste opp i Oslo, har jeg alltid v\u00e6rt fascinert av ordenes kraft og deres evne til \u00e5 skape endringer. Etter \u00e5 ha fullf\u00f8rt min utdannelse i kommunikasjon ved Universitetet i Bergen, fikk jeg muligheten til \u00e5 jobbe innen ulike medier, der jeg har s\u00f8kt \u00e5 belyse viktige samfunnssp\u00f8rsm\u00e5l. I dag, som redakt\u00f8r for Nordnesrepublikken, pr\u00f8ver jeg \u00e5 forene min kj\u00e6rlighet for journalistikk med min lidenskap for innovasjon og eventyr.","sameAs":["https:\/\/nordnesrepublikken.no\/"]}]}},"_links":{"self":[{"href":"https:\/\/nordnesrepublikken.no\/index.php\/wp-json\/wp\/v2\/posts\/13744","targetHints":{"allow":["GET"]}}],"collection":[{"href":"https:\/\/nordnesrepublikken.no\/index.php\/wp-json\/wp\/v2\/posts"}],"about":[{"href":"https:\/\/nordnesrepublikken.no\/index.php\/wp-json\/wp\/v2\/types\/post"}],"author":[{"embeddable":true,"href":"https:\/\/nordnesrepublikken.no\/index.php\/wp-json\/wp\/v2\/users\/1"}],"replies":[{"embeddable":true,"href":"https:\/\/nordnesrepublikken.no\/index.php\/wp-json\/wp\/v2\/comments?post=13744"}],"version-history":[{"count":1,"href":"https:\/\/nordnesrepublikken.no\/index.php\/wp-json\/wp\/v2\/posts\/13744\/revisions"}],"predecessor-version":[{"id":13746,"href":"https:\/\/nordnesrepublikken.no\/index.php\/wp-json\/wp\/v2\/posts\/13744\/revisions\/13746"}],"wp:featuredmedia":[{"embeddable":true,"href":"https:\/\/nordnesrepublikken.no\/index.php\/wp-json\/wp\/v2\/media\/13745"}],"wp:attachment":[{"href":"https:\/\/nordnesrepublikken.no\/index.php\/wp-json\/wp\/v2\/media?parent=13744"}],"wp:term":[{"taxonomy":"category","embeddable":true,"href":"https:\/\/nordnesrepublikken.no\/index.php\/wp-json\/wp\/v2\/categories?post=13744"},{"taxonomy":"post_tag","embeddable":true,"href":"https:\/\/nordnesrepublikken.no\/index.php\/wp-json\/wp\/v2\/tags?post=13744"}],"curies":[{"name":"wp","href":"https:\/\/api.w.org\/{rel}","templated":true}]}}