{"id":13714,"date":"2026-01-10T20:50:56","date_gmt":"2026-01-10T19:50:56","guid":{"rendered":"https:\/\/nordnesrepublikken.no\/index.php\/2026\/01\/10\/planlegger-du-en-ferie-i-2026-forbes-valgte-nettopp-to-spanske-steder-du-vil-ha-pa-listen-din\/"},"modified":"2026-01-10T20:50:57","modified_gmt":"2026-01-10T19:50:57","slug":"planlegger-du-en-ferie-i-2026-forbes-valgte-nettopp-to-spanske-steder-du-vil-ha-pa-listen-din","status":"publish","type":"post","link":"https:\/\/nordnesrepublikken.no\/index.php\/2026\/01\/10\/planlegger-du-en-ferie-i-2026-forbes-valgte-nettopp-to-spanske-steder-du-vil-ha-pa-listen-din\/","title":{"rendered":"Planlegger du en ferie i 2026? Forbes valgte nettopp to spanske steder du vil ha p\u00e5 listen din"},"content":{"rendered":"<p><\/p>\n<div class=\"wordpress-content\">\n                    <!-- Article Start --><\/p>\n<p>Hvis du allerede dagdr\u00f8mmer om neste pause, er du ikke alene. N\u00e5r 2026 er i gang, begynner de \u00e5rlige reiselistene \u00e5 dukke opp \u2013 og Forbes har nettopp sluppet sin siste oversikt over 26 destinasjoner rundt om i verden som det sier er verdt \u00e5 reise til i \u00e5r.<\/p>\n<p>Listen strekker seg fra Europa til fjerne hj\u00f8rner av kloden, inkludert steder som Batumi i Georgia og Uganda for de som jakter p\u00e5 noe litt mer eventyrlystent. Men det er spesielt gode nyheter hvis Spania tilfeldigvis er ditt lykkelige sted. To spanske destinasjoner klarte seg, noe som betyr at du ikke trenger en langdistanseflyvning for \u00e5 nyte en reise som har f\u00e5tt global oppmerksomhet.<\/p>\n<p>If\u00f8lge Forbes er en av valgene allerede en fast favoritt blant reisende over hele Europa, mens den andre fortsetter \u00e5 f\u00e5 fart etter hvert som flere bes\u00f8kende oppdager hva den har \u00e5 tilby. Sammen fremhever de hvor mye variasjon Spania fortsatt tilf\u00f8rer bordet \u2013 fra historiske byer til livlig moderne kultur.<\/p>\n<div class=\"sra_unit\"><link rel=\"stylesheet\" id=\"block-sra\" href=\"https:\/\/euroweeklynews.com\/wp-content\/plugins\/snack-related-articles\/dist\/css\/snack-related.min.css?250312-193541\" type=\"text\/css\" media=\"all\">\n<\/div>\n<h2>Hvorfor Andaluc\u00eda fortsatt er en favoritt for europeiske reisende<\/h2>\n<p>Det vil ikke overraske mange at Andaluc\u00eda har sikret seg en plass p\u00e5 Forbes sin liste. Den s\u00f8rlige regionen har lenge v\u00e6rt elsket for sin blanding av historie, arkitektur og umiskjennelige atmosf\u00e6re, spesielt i byer som Sevilla, C\u00f3rdoba og Granada.<\/p>\n<p>G\u00e5 gjennom Sevilla og du vil raskt forst\u00e5 appellen, med sin store katedral, skyggefulle torg og travle gater fulle av liv. C\u00f3rdobas moske-katedral fortsetter \u00e5 imponere f\u00f8rstegangsbes\u00f8kende, mens Granadas Alhambra fortsatt er et av Spanias mest beundrede landemerker. Disse hovedseverdighetene trekker folk inn \u2013 men de er bare en del av historien.<\/p>\n<p>Det som holder Andaluc\u00eda interessant er det som ligger utenfor de \u00e5penbare stoppestedene. Mindre byer, roligere nabolag og mindre bes\u00f8kte hj\u00f8rner bel\u00f8nner alle som er villige til \u00e5 senke farten og utforske. Legg til vanlige festivaler, utstillinger og en stadig voksende kulturscene, og regionen f\u00f8les aldri fastl\u00e5st i fortiden.<\/p>\n<p>For mange reisende leverer Andaluc\u00eda ogs\u00e5 den avslappede spanske rytmen folk lengter etter p\u00e5 ferie \u2013 lange lunsjer, varme kvelder og en f\u00f8lelse av at livet er ment \u00e5 nytes i stedet for forhastet. Det er lett \u00e5 se hvorfor Forbes mener at regionen fortjener nok et \u00f8yeblikk i s\u00f8kelyset i 2026.<\/p>\n<h2>Madrids \u00f8kende popularitet viser ingen tegn til nedgang<\/h2>\n<p>Den andre spanske destinasjonen valgt av Forbes er Madrid, en by som ser ut til \u00e5 v\u00e6re et stort europeisk hotspot. Bes\u00f8kstallene fortsetter \u00e5 stige, og hovedstaden har utviklet et rykte for \u00e5 alltid tilby noe nytt.<\/p>\n<p>En av Madrids sterkeste trekkplaster er fortsatt matscenen. Fra tradisjonelle barer som serverer klassiske retter til nyere steder som eksperimenterer med moderne smaker, det er ingen mangel p\u00e5 steder \u00e5 spise og drikke. Samtidig dukker det stadig opp nye kulturelle rom, utstillinger og arrangementer over hele byen, noe som gir tilbakevendende bes\u00f8kende nye grunner til \u00e5 returnere.<\/p>\n<p>En del av Madrids sjarm ligger i dens hverdagsenergi. \u00c5 sitte p\u00e5 en terrasse og se verden g\u00e5 forbi, vandre gjennom livlige nabolag eller snuble over et lokalt marked kan f\u00f8les like minneverdig som \u00e5 krysse av kjente landemerker.<\/p>\n<p>N\u00e5r det er sagt, er de store severdighetene fortsatt viktige. Det kongelige palasset er fortsatt et must for mange bes\u00f8kende, Puerta de Alcal\u00e1 fortsetter \u00e5 tiltrekke seg kameralinser, og like utenfor byen tilbyr kongelige steder som Aranjuez og La Granja de San Ildefonso enkle dagsturer for de som \u00f8nsker \u00e5 utforske videre.<\/p>\n<p>Alt dette er med p\u00e5 \u00e5 forklare hvorfor Madrids reiselivsboom viser lite tegn til lettelse \u2013 og hvorfor Forbes ser p\u00e5 hovedstaden som en destinasjon verdt \u00e5 prioritere i \u00e5r.<\/p>\n<h2>Spania beholder sin plass p\u00e5 verdens reisekart i 2026<\/h2>\n<p>Mens Forbes&#8217; liste dekker destinasjoner over hele verden, understreker inkluderingen av b\u00e5de Andaluc\u00eda og Madrid Spanias fortsatte appell for internasjonale reisende. De tilbyr sv\u00e6rt forskjellige opplevelser \u2013 den ene forankret i lagdelt historie og regional karakter, den andre drevet av urban energi og konstant gjenoppfinnelse \u2013 men begge leverer mye til \u00e5 fylle en minneverdig ferie.<\/p>\n<p>For reisende som allerede er basert i Europa, er appellen enda tydeligere: utmerkede transportforbindelser, kjente bekvemmeligheter og sjansen til \u00e5 nyte kultur i verdensklasse uten \u00e5 krysse kontinenter.<\/p>\n<p>Etter hvert som flere begynner \u00e5 kartlegge reiseplanene for 2026, fungerer Spanias doble opptreden p\u00e5 Forbes&#8217; liste som en p\u00e5minnelse om at noen av de mest givende turene kan v\u00e6re n\u00e6rmere enn du tror.<\/p>\n<p>                    <!-- Originally published at https:\/\/euroweeklynews.com\/2026\/01\/10\/planning-a-2026-getaway-forbes-just-picked-two-spanish-places-youll-want-on-your-list\/ on 10 Jan 2026 at 12:18 by Farah Mokrani --><br \/>\n                    <!-- Article End -->\n                <\/div>\n","protected":false},"excerpt":{"rendered":"<p>Hvis du allerede dagdr\u00f8mmer om neste pause, er du ikke alene. N\u00e5r 2026 er i<\/p>\n","protected":false},"author":1,"featured_media":13715,"comment_status":"closed","ping_status":"open","sticky":false,"template":"","format":"standard","meta":{"footnotes":""},"categories":[105],"tags":[584,124,9006,6852,2647,81,3058,1447,1643,2237,149],"class_list":["post-13714","post","type-post","status-publish","format-standard","has-post-thumbnail","hentry","category-livsstil","tag-din","tag-ferie","tag-forbes","tag-listen","tag-nettopp","tag-pa","tag-planlegger","tag-spanske","tag-steder","tag-valgte","tag-vil","generate-columns","tablet-grid-50","mobile-grid-100","grid-parent","grid-33","resize-featured-image"],"yoast_head":"<!-- This site is optimized with the Yoast SEO plugin v24.4 - https:\/\/yoast.com\/wordpress\/plugins\/seo\/ -->\n<title>Planlegger du en ferie i 2026? Forbes valgte nettopp to spanske steder du vil ha p\u00e5 listen din - Nordnesrepublikken<\/title>\n<meta name=\"robots\" content=\"index, follow, max-snippet:-1, max-image-preview:large, max-video-preview:-1\" \/>\n<link rel=\"canonical\" href=\"https:\/\/nordnesrepublikken.no\/index.php\/2026\/01\/10\/planlegger-du-en-ferie-i-2026-forbes-valgte-nettopp-to-spanske-steder-du-vil-ha-pa-listen-din\/\" \/>\n<meta property=\"og:locale\" content=\"nb_NO\" \/>\n<meta property=\"og:type\" content=\"article\" \/>\n<meta property=\"og:title\" content=\"Planlegger du en ferie i 2026? Forbes valgte nettopp to spanske steder du vil ha p\u00e5 listen din - Nordnesrepublikken\" \/>\n<meta property=\"og:description\" content=\"Hvis du allerede dagdr\u00f8mmer om neste pause, er du ikke alene. N\u00e5r 2026 er i\" \/>\n<meta property=\"og:url\" content=\"https:\/\/nordnesrepublikken.no\/index.php\/2026\/01\/10\/planlegger-du-en-ferie-i-2026-forbes-valgte-nettopp-to-spanske-steder-du-vil-ha-pa-listen-din\/\" \/>\n<meta property=\"og:site_name\" content=\"Nordnesrepublikken\" \/>\n<meta property=\"article:published_time\" content=\"2026-01-10T19:50:56+00:00\" \/>\n<meta property=\"article:modified_time\" content=\"2026-01-10T19:50:57+00:00\" \/>\n<meta property=\"og:image\" content=\"https:\/\/nordnesrepublikken.no\/wp-content\/uploads\/2026\/01\/1768074657_Planlegger-du-en-ferie-i-2026-Forbes-valgte-nettopp-to.jpg\" \/>\n\t<meta property=\"og:image:width\" content=\"1200\" \/>\n\t<meta property=\"og:image:height\" content=\"624\" \/>\n\t<meta property=\"og:image:type\" content=\"image\/jpeg\" \/>\n<meta name=\"author\" content=\"Ole Andersen\" \/>\n<meta name=\"twitter:card\" content=\"summary_large_image\" \/>\n<meta name=\"twitter:label1\" content=\"Skrevet av\" \/>\n\t<meta name=\"twitter:data1\" content=\"Ole Andersen\" \/>\n\t<meta name=\"twitter:label2\" content=\"Ansl. lesetid\" \/>\n\t<meta name=\"twitter:data2\" content=\"4 minutter\" \/>\n<script type=\"application\/ld+json\" class=\"yoast-schema-graph\">{\"@context\":\"https:\/\/schema.org\",\"@graph\":[{\"@type\":\"Article\",\"@id\":\"https:\/\/nordnesrepublikken.no\/index.php\/2026\/01\/10\/planlegger-du-en-ferie-i-2026-forbes-valgte-nettopp-to-spanske-steder-du-vil-ha-pa-listen-din\/#article\",\"isPartOf\":{\"@id\":\"https:\/\/nordnesrepublikken.no\/index.php\/2026\/01\/10\/planlegger-du-en-ferie-i-2026-forbes-valgte-nettopp-to-spanske-steder-du-vil-ha-pa-listen-din\/\"},\"author\":{\"name\":\"Ole Andersen\",\"@id\":\"https:\/\/nordnesrepublikken.no\/#\/schema\/person\/2e7e81935bab77882fffb79296240ff1\"},\"headline\":\"Planlegger du en ferie i 2026? Forbes valgte nettopp to spanske steder du vil ha p\u00e5 listen din\",\"datePublished\":\"2026-01-10T19:50:56+00:00\",\"dateModified\":\"2026-01-10T19:50:57+00:00\",\"mainEntityOfPage\":{\"@id\":\"https:\/\/nordnesrepublikken.no\/index.php\/2026\/01\/10\/planlegger-du-en-ferie-i-2026-forbes-valgte-nettopp-to-spanske-steder-du-vil-ha-pa-listen-din\/\"},\"wordCount\":734,\"publisher\":{\"@id\":\"https:\/\/nordnesrepublikken.no\/#organization\"},\"image\":{\"@id\":\"https:\/\/nordnesrepublikken.no\/index.php\/2026\/01\/10\/planlegger-du-en-ferie-i-2026-forbes-valgte-nettopp-to-spanske-steder-du-vil-ha-pa-listen-din\/#primaryimage\"},\"thumbnailUrl\":\"https:\/\/nordnesrepublikken.no\/wp-content\/uploads\/2026\/01\/1768074657_Planlegger-du-en-ferie-i-2026-Forbes-valgte-nettopp-to.jpg\",\"keywords\":[\"din\",\"ferie\",\"Forbes\",\"Listen\",\"nettopp\",\"p\u00e5\",\"Planlegger\",\"spanske\",\"steder\",\"valgte\",\"vil\"],\"articleSection\":[\"Livsstil\"],\"inLanguage\":\"nb-NO\"},{\"@type\":\"WebPage\",\"@id\":\"https:\/\/nordnesrepublikken.no\/index.php\/2026\/01\/10\/planlegger-du-en-ferie-i-2026-forbes-valgte-nettopp-to-spanske-steder-du-vil-ha-pa-listen-din\/\",\"url\":\"https:\/\/nordnesrepublikken.no\/index.php\/2026\/01\/10\/planlegger-du-en-ferie-i-2026-forbes-valgte-nettopp-to-spanske-steder-du-vil-ha-pa-listen-din\/\",\"name\":\"Planlegger du en ferie i 2026? Forbes valgte nettopp to spanske steder du vil ha p\u00e5 listen din - Nordnesrepublikken\",\"isPartOf\":{\"@id\":\"https:\/\/nordnesrepublikken.no\/#website\"},\"primaryImageOfPage\":{\"@id\":\"https:\/\/nordnesrepublikken.no\/index.php\/2026\/01\/10\/planlegger-du-en-ferie-i-2026-forbes-valgte-nettopp-to-spanske-steder-du-vil-ha-pa-listen-din\/#primaryimage\"},\"image\":{\"@id\":\"https:\/\/nordnesrepublikken.no\/index.php\/2026\/01\/10\/planlegger-du-en-ferie-i-2026-forbes-valgte-nettopp-to-spanske-steder-du-vil-ha-pa-listen-din\/#primaryimage\"},\"thumbnailUrl\":\"https:\/\/nordnesrepublikken.no\/wp-content\/uploads\/2026\/01\/1768074657_Planlegger-du-en-ferie-i-2026-Forbes-valgte-nettopp-to.jpg\",\"datePublished\":\"2026-01-10T19:50:56+00:00\",\"dateModified\":\"2026-01-10T19:50:57+00:00\",\"breadcrumb\":{\"@id\":\"https:\/\/nordnesrepublikken.no\/index.php\/2026\/01\/10\/planlegger-du-en-ferie-i-2026-forbes-valgte-nettopp-to-spanske-steder-du-vil-ha-pa-listen-din\/#breadcrumb\"},\"inLanguage\":\"nb-NO\",\"potentialAction\":[{\"@type\":\"ReadAction\",\"target\":[\"https:\/\/nordnesrepublikken.no\/index.php\/2026\/01\/10\/planlegger-du-en-ferie-i-2026-forbes-valgte-nettopp-to-spanske-steder-du-vil-ha-pa-listen-din\/\"]}]},{\"@type\":\"ImageObject\",\"inLanguage\":\"nb-NO\",\"@id\":\"https:\/\/nordnesrepublikken.no\/index.php\/2026\/01\/10\/planlegger-du-en-ferie-i-2026-forbes-valgte-nettopp-to-spanske-steder-du-vil-ha-pa-listen-din\/#primaryimage\",\"url\":\"https:\/\/nordnesrepublikken.no\/wp-content\/uploads\/2026\/01\/1768074657_Planlegger-du-en-ferie-i-2026-Forbes-valgte-nettopp-to.jpg\",\"contentUrl\":\"https:\/\/nordnesrepublikken.no\/wp-content\/uploads\/2026\/01\/1768074657_Planlegger-du-en-ferie-i-2026-Forbes-valgte-nettopp-to.jpg\",\"width\":1200,\"height\":624,\"caption\":\"Planlegger du en ferie i 2026? Forbes valgte nettopp to spanske steder du vil ha p\u00e5 listen din\"},{\"@type\":\"BreadcrumbList\",\"@id\":\"https:\/\/nordnesrepublikken.no\/index.php\/2026\/01\/10\/planlegger-du-en-ferie-i-2026-forbes-valgte-nettopp-to-spanske-steder-du-vil-ha-pa-listen-din\/#breadcrumb\",\"itemListElement\":[{\"@type\":\"ListItem\",\"position\":1,\"name\":\"Home\",\"item\":\"https:\/\/nordnesrepublikken.no\/\"},{\"@type\":\"ListItem\",\"position\":2,\"name\":\"Planlegger du en ferie i 2026? Forbes valgte nettopp to spanske steder du vil ha p\u00e5 listen din\"}]},{\"@type\":\"WebSite\",\"@id\":\"https:\/\/nordnesrepublikken.no\/#website\",\"url\":\"https:\/\/nordnesrepublikken.no\/\",\"name\":\"Nordnesrepublikken\",\"description\":\"Stemmer og Visjoner fra Republikkens Hjerte\",\"publisher\":{\"@id\":\"https:\/\/nordnesrepublikken.no\/#organization\"},\"potentialAction\":[{\"@type\":\"SearchAction\",\"target\":{\"@type\":\"EntryPoint\",\"urlTemplate\":\"https:\/\/nordnesrepublikken.no\/?s={search_term_string}\"},\"query-input\":{\"@type\":\"PropertyValueSpecification\",\"valueRequired\":true,\"valueName\":\"search_term_string\"}}],\"inLanguage\":\"nb-NO\"},{\"@type\":\"Organization\",\"@id\":\"https:\/\/nordnesrepublikken.no\/#organization\",\"name\":\"Nordnesrepublikken\",\"url\":\"https:\/\/nordnesrepublikken.no\/\",\"logo\":{\"@type\":\"ImageObject\",\"inLanguage\":\"nb-NO\",\"@id\":\"https:\/\/nordnesrepublikken.no\/#\/schema\/logo\/image\/\",\"url\":\"https:\/\/nordnesrepublikken.no\/wp-content\/uploads\/2025\/02\/cropped-nordnesrepublikken-2.png\",\"contentUrl\":\"https:\/\/nordnesrepublikken.no\/wp-content\/uploads\/2025\/02\/cropped-nordnesrepublikken-2.png\",\"width\":1248,\"height\":362,\"caption\":\"Nordnesrepublikken\"},\"image\":{\"@id\":\"https:\/\/nordnesrepublikken.no\/#\/schema\/logo\/image\/\"}},{\"@type\":\"Person\",\"@id\":\"https:\/\/nordnesrepublikken.no\/#\/schema\/person\/2e7e81935bab77882fffb79296240ff1\",\"name\":\"Ole Andersen\",\"image\":{\"@type\":\"ImageObject\",\"inLanguage\":\"nb-NO\",\"@id\":\"https:\/\/nordnesrepublikken.no\/#\/schema\/person\/image\/\",\"url\":\"https:\/\/nordnesrepublikken.no\/wp-content\/uploads\/2025\/02\/nordnesrepublikken-2-2-150x150.jpg\",\"contentUrl\":\"https:\/\/nordnesrepublikken.no\/wp-content\/uploads\/2025\/02\/nordnesrepublikken-2-2-150x150.jpg\",\"caption\":\"Ole Andersen\"},\"description\":\"Ettersom jeg vokste opp i Oslo, har jeg alltid v\u00e6rt fascinert av ordenes kraft og deres evne til \u00e5 skape endringer. Etter \u00e5 ha fullf\u00f8rt min utdannelse i kommunikasjon ved Universitetet i Bergen, fikk jeg muligheten til \u00e5 jobbe innen ulike medier, der jeg har s\u00f8kt \u00e5 belyse viktige samfunnssp\u00f8rsm\u00e5l. I dag, som redakt\u00f8r for Nordnesrepublikken, pr\u00f8ver jeg \u00e5 forene min kj\u00e6rlighet for journalistikk med min lidenskap for innovasjon og eventyr.\",\"sameAs\":[\"https:\/\/nordnesrepublikken.no\/\"]}]}<\/script>\n<!-- \/ Yoast SEO plugin. -->","yoast_head_json":{"title":"Planlegger du en ferie i 2026? Forbes valgte nettopp to spanske steder du vil ha p\u00e5 listen din - Nordnesrepublikken","robots":{"index":"index","follow":"follow","max-snippet":"max-snippet:-1","max-image-preview":"max-image-preview:large","max-video-preview":"max-video-preview:-1"},"canonical":"https:\/\/nordnesrepublikken.no\/index.php\/2026\/01\/10\/planlegger-du-en-ferie-i-2026-forbes-valgte-nettopp-to-spanske-steder-du-vil-ha-pa-listen-din\/","og_locale":"nb_NO","og_type":"article","og_title":"Planlegger du en ferie i 2026? Forbes valgte nettopp to spanske steder du vil ha p\u00e5 listen din - Nordnesrepublikken","og_description":"Hvis du allerede dagdr\u00f8mmer om neste pause, er du ikke alene. N\u00e5r 2026 er i","og_url":"https:\/\/nordnesrepublikken.no\/index.php\/2026\/01\/10\/planlegger-du-en-ferie-i-2026-forbes-valgte-nettopp-to-spanske-steder-du-vil-ha-pa-listen-din\/","og_site_name":"Nordnesrepublikken","article_published_time":"2026-01-10T19:50:56+00:00","article_modified_time":"2026-01-10T19:50:57+00:00","og_image":[{"width":1200,"height":624,"url":"https:\/\/nordnesrepublikken.no\/wp-content\/uploads\/2026\/01\/1768074657_Planlegger-du-en-ferie-i-2026-Forbes-valgte-nettopp-to.jpg","type":"image\/jpeg"}],"author":"Ole Andersen","twitter_card":"summary_large_image","twitter_misc":{"Skrevet av":"Ole Andersen","Ansl. lesetid":"4 minutter"},"schema":{"@context":"https:\/\/schema.org","@graph":[{"@type":"Article","@id":"https:\/\/nordnesrepublikken.no\/index.php\/2026\/01\/10\/planlegger-du-en-ferie-i-2026-forbes-valgte-nettopp-to-spanske-steder-du-vil-ha-pa-listen-din\/#article","isPartOf":{"@id":"https:\/\/nordnesrepublikken.no\/index.php\/2026\/01\/10\/planlegger-du-en-ferie-i-2026-forbes-valgte-nettopp-to-spanske-steder-du-vil-ha-pa-listen-din\/"},"author":{"name":"Ole Andersen","@id":"https:\/\/nordnesrepublikken.no\/#\/schema\/person\/2e7e81935bab77882fffb79296240ff1"},"headline":"Planlegger du en ferie i 2026? Forbes valgte nettopp to spanske steder du vil ha p\u00e5 listen din","datePublished":"2026-01-10T19:50:56+00:00","dateModified":"2026-01-10T19:50:57+00:00","mainEntityOfPage":{"@id":"https:\/\/nordnesrepublikken.no\/index.php\/2026\/01\/10\/planlegger-du-en-ferie-i-2026-forbes-valgte-nettopp-to-spanske-steder-du-vil-ha-pa-listen-din\/"},"wordCount":734,"publisher":{"@id":"https:\/\/nordnesrepublikken.no\/#organization"},"image":{"@id":"https:\/\/nordnesrepublikken.no\/index.php\/2026\/01\/10\/planlegger-du-en-ferie-i-2026-forbes-valgte-nettopp-to-spanske-steder-du-vil-ha-pa-listen-din\/#primaryimage"},"thumbnailUrl":"https:\/\/nordnesrepublikken.no\/wp-content\/uploads\/2026\/01\/1768074657_Planlegger-du-en-ferie-i-2026-Forbes-valgte-nettopp-to.jpg","keywords":["din","ferie","Forbes","Listen","nettopp","p\u00e5","Planlegger","spanske","steder","valgte","vil"],"articleSection":["Livsstil"],"inLanguage":"nb-NO"},{"@type":"WebPage","@id":"https:\/\/nordnesrepublikken.no\/index.php\/2026\/01\/10\/planlegger-du-en-ferie-i-2026-forbes-valgte-nettopp-to-spanske-steder-du-vil-ha-pa-listen-din\/","url":"https:\/\/nordnesrepublikken.no\/index.php\/2026\/01\/10\/planlegger-du-en-ferie-i-2026-forbes-valgte-nettopp-to-spanske-steder-du-vil-ha-pa-listen-din\/","name":"Planlegger du en ferie i 2026? Forbes valgte nettopp to spanske steder du vil ha p\u00e5 listen din - Nordnesrepublikken","isPartOf":{"@id":"https:\/\/nordnesrepublikken.no\/#website"},"primaryImageOfPage":{"@id":"https:\/\/nordnesrepublikken.no\/index.php\/2026\/01\/10\/planlegger-du-en-ferie-i-2026-forbes-valgte-nettopp-to-spanske-steder-du-vil-ha-pa-listen-din\/#primaryimage"},"image":{"@id":"https:\/\/nordnesrepublikken.no\/index.php\/2026\/01\/10\/planlegger-du-en-ferie-i-2026-forbes-valgte-nettopp-to-spanske-steder-du-vil-ha-pa-listen-din\/#primaryimage"},"thumbnailUrl":"https:\/\/nordnesrepublikken.no\/wp-content\/uploads\/2026\/01\/1768074657_Planlegger-du-en-ferie-i-2026-Forbes-valgte-nettopp-to.jpg","datePublished":"2026-01-10T19:50:56+00:00","dateModified":"2026-01-10T19:50:57+00:00","breadcrumb":{"@id":"https:\/\/nordnesrepublikken.no\/index.php\/2026\/01\/10\/planlegger-du-en-ferie-i-2026-forbes-valgte-nettopp-to-spanske-steder-du-vil-ha-pa-listen-din\/#breadcrumb"},"inLanguage":"nb-NO","potentialAction":[{"@type":"ReadAction","target":["https:\/\/nordnesrepublikken.no\/index.php\/2026\/01\/10\/planlegger-du-en-ferie-i-2026-forbes-valgte-nettopp-to-spanske-steder-du-vil-ha-pa-listen-din\/"]}]},{"@type":"ImageObject","inLanguage":"nb-NO","@id":"https:\/\/nordnesrepublikken.no\/index.php\/2026\/01\/10\/planlegger-du-en-ferie-i-2026-forbes-valgte-nettopp-to-spanske-steder-du-vil-ha-pa-listen-din\/#primaryimage","url":"https:\/\/nordnesrepublikken.no\/wp-content\/uploads\/2026\/01\/1768074657_Planlegger-du-en-ferie-i-2026-Forbes-valgte-nettopp-to.jpg","contentUrl":"https:\/\/nordnesrepublikken.no\/wp-content\/uploads\/2026\/01\/1768074657_Planlegger-du-en-ferie-i-2026-Forbes-valgte-nettopp-to.jpg","width":1200,"height":624,"caption":"Planlegger du en ferie i 2026? Forbes valgte nettopp to spanske steder du vil ha p\u00e5 listen din"},{"@type":"BreadcrumbList","@id":"https:\/\/nordnesrepublikken.no\/index.php\/2026\/01\/10\/planlegger-du-en-ferie-i-2026-forbes-valgte-nettopp-to-spanske-steder-du-vil-ha-pa-listen-din\/#breadcrumb","itemListElement":[{"@type":"ListItem","position":1,"name":"Home","item":"https:\/\/nordnesrepublikken.no\/"},{"@type":"ListItem","position":2,"name":"Planlegger du en ferie i 2026? Forbes valgte nettopp to spanske steder du vil ha p\u00e5 listen din"}]},{"@type":"WebSite","@id":"https:\/\/nordnesrepublikken.no\/#website","url":"https:\/\/nordnesrepublikken.no\/","name":"Nordnesrepublikken","description":"Stemmer og Visjoner fra Republikkens Hjerte","publisher":{"@id":"https:\/\/nordnesrepublikken.no\/#organization"},"potentialAction":[{"@type":"SearchAction","target":{"@type":"EntryPoint","urlTemplate":"https:\/\/nordnesrepublikken.no\/?s={search_term_string}"},"query-input":{"@type":"PropertyValueSpecification","valueRequired":true,"valueName":"search_term_string"}}],"inLanguage":"nb-NO"},{"@type":"Organization","@id":"https:\/\/nordnesrepublikken.no\/#organization","name":"Nordnesrepublikken","url":"https:\/\/nordnesrepublikken.no\/","logo":{"@type":"ImageObject","inLanguage":"nb-NO","@id":"https:\/\/nordnesrepublikken.no\/#\/schema\/logo\/image\/","url":"https:\/\/nordnesrepublikken.no\/wp-content\/uploads\/2025\/02\/cropped-nordnesrepublikken-2.png","contentUrl":"https:\/\/nordnesrepublikken.no\/wp-content\/uploads\/2025\/02\/cropped-nordnesrepublikken-2.png","width":1248,"height":362,"caption":"Nordnesrepublikken"},"image":{"@id":"https:\/\/nordnesrepublikken.no\/#\/schema\/logo\/image\/"}},{"@type":"Person","@id":"https:\/\/nordnesrepublikken.no\/#\/schema\/person\/2e7e81935bab77882fffb79296240ff1","name":"Ole Andersen","image":{"@type":"ImageObject","inLanguage":"nb-NO","@id":"https:\/\/nordnesrepublikken.no\/#\/schema\/person\/image\/","url":"https:\/\/nordnesrepublikken.no\/wp-content\/uploads\/2025\/02\/nordnesrepublikken-2-2-150x150.jpg","contentUrl":"https:\/\/nordnesrepublikken.no\/wp-content\/uploads\/2025\/02\/nordnesrepublikken-2-2-150x150.jpg","caption":"Ole Andersen"},"description":"Ettersom jeg vokste opp i Oslo, har jeg alltid v\u00e6rt fascinert av ordenes kraft og deres evne til \u00e5 skape endringer. Etter \u00e5 ha fullf\u00f8rt min utdannelse i kommunikasjon ved Universitetet i Bergen, fikk jeg muligheten til \u00e5 jobbe innen ulike medier, der jeg har s\u00f8kt \u00e5 belyse viktige samfunnssp\u00f8rsm\u00e5l. I dag, som redakt\u00f8r for Nordnesrepublikken, pr\u00f8ver jeg \u00e5 forene min kj\u00e6rlighet for journalistikk med min lidenskap for innovasjon og eventyr.","sameAs":["https:\/\/nordnesrepublikken.no\/"]}]}},"_links":{"self":[{"href":"https:\/\/nordnesrepublikken.no\/index.php\/wp-json\/wp\/v2\/posts\/13714","targetHints":{"allow":["GET"]}}],"collection":[{"href":"https:\/\/nordnesrepublikken.no\/index.php\/wp-json\/wp\/v2\/posts"}],"about":[{"href":"https:\/\/nordnesrepublikken.no\/index.php\/wp-json\/wp\/v2\/types\/post"}],"author":[{"embeddable":true,"href":"https:\/\/nordnesrepublikken.no\/index.php\/wp-json\/wp\/v2\/users\/1"}],"replies":[{"embeddable":true,"href":"https:\/\/nordnesrepublikken.no\/index.php\/wp-json\/wp\/v2\/comments?post=13714"}],"version-history":[{"count":1,"href":"https:\/\/nordnesrepublikken.no\/index.php\/wp-json\/wp\/v2\/posts\/13714\/revisions"}],"predecessor-version":[{"id":13716,"href":"https:\/\/nordnesrepublikken.no\/index.php\/wp-json\/wp\/v2\/posts\/13714\/revisions\/13716"}],"wp:featuredmedia":[{"embeddable":true,"href":"https:\/\/nordnesrepublikken.no\/index.php\/wp-json\/wp\/v2\/media\/13715"}],"wp:attachment":[{"href":"https:\/\/nordnesrepublikken.no\/index.php\/wp-json\/wp\/v2\/media?parent=13714"}],"wp:term":[{"taxonomy":"category","embeddable":true,"href":"https:\/\/nordnesrepublikken.no\/index.php\/wp-json\/wp\/v2\/categories?post=13714"},{"taxonomy":"post_tag","embeddable":true,"href":"https:\/\/nordnesrepublikken.no\/index.php\/wp-json\/wp\/v2\/tags?post=13714"}],"curies":[{"name":"wp","href":"https:\/\/api.w.org\/{rel}","templated":true}]}}