{"id":13708,"date":"2026-01-10T16:50:38","date_gmt":"2026-01-10T15:50:38","guid":{"rendered":"https:\/\/nordnesrepublikken.no\/index.php\/2026\/01\/10\/punktene-til-felles-mellom-de-to-landene\/"},"modified":"2026-01-10T16:50:41","modified_gmt":"2026-01-10T15:50:41","slug":"punktene-til-felles-mellom-de-to-landene","status":"publish","type":"post","link":"https:\/\/nordnesrepublikken.no\/index.php\/2026\/01\/10\/punktene-til-felles-mellom-de-to-landene\/","title":{"rendered":"punktene til felles mellom de to landene"},"content":{"rendered":"<div>\n<div class=\"cp_wrapper cp_wrapper--fw mb-30 mb-20@tablet\">\n<figure class=\"mm\"><picture class=\"img\" style=\"padding-top:56.25%\"><source  media=\"(min-width: 1024px)\"><source  media=\"(min-width: 768px)\"><\/source><\/source><\/picture><\/figure>\n<\/p><\/div>\n<p>Etter i <strong>raid<\/strong> fly p\u00e5 <strong>Venezuela<\/strong> og fangst av <strong>President Maduro<\/strong> sammen med sin kone, <strong>Donald Trump<\/strong> har nylig annonsert at han <strong>USA<\/strong> de vil motta blant <strong>30 til 50 millioner fat<\/strong> av olje fra Venezuela, som de vil v\u00e6re fri for <strong>sanksjoner<\/strong> og som kan selges videre til markedspris. Samtidig spurte Trump den n\u00e5v\u00e6rende Venezuelas president <em>midlertidig<\/em> <strong>Delcy Rodriguez<\/strong> \u00e5 avbryte ethvert \u00f8konomisk forhold til Kina, Cuba, Iran og Russland, Venezuelas viktigste allierte og \u00f8konomiske partnere p\u00e5 oljefeltet. I denne sammenhengen har president Trumps allerede velkjente m\u00e5l for Gr\u00f8nland ogs\u00e5 kommet tilbake i forgrunnen, og uttrykker behovet for <strong>nasjonal sikkerhet<\/strong> av USA for \u00e5 kontrollere den eller \u2013 til og med \u2013 kj\u00f8pe den fra <strong>Danmark.<\/strong><\/p>\n<h2><b>Venezuela er et av landene rikest p\u00e5 oljeforekomster: avtalen<\/b><\/h2>\n<blockquote>\n<p>Jeg er glad for \u00e5 kunngj\u00f8re at overgangsmyndighetene i Venezuela vil levere mellom 30 og 50 millioner fat h\u00f8ykvalitets, sanksjonsfri olje til USA. Denne oljen vil bli solgt til markedspris og inntektene vil bli administrert av meg, som president i USA, for \u00e5 sikre at den brukes til fordel for det venezuelanske folket og USA!<\/p>\n<\/blockquote>\n<p>Husk at <strong>Venezuela<\/strong> det er et av de rikeste landene i <strong>oljefelt<\/strong> i verden: if\u00f8lge US Energy Information Administration har den ca <strong>20 %<\/strong> av verdens reserver, lik ca <strong>303 milliarder fat<\/strong>. Til dags dato, ogs\u00e5 etter de harde sanksjonene innf\u00f8rt av USA, produserer Venezuela ca <strong>1 million fat om dagen<\/strong> \u2013 om det <strong>0,8 %<\/strong> av den globale r\u00e5oljeproduksjonen. Det nasjonale oljeselskapet, <strong>Petr\u00f3leos de Venezuela Sociedad An\u00f3nima <\/strong>(PDVSA), var en gang en av de viktigste i Latin-Amerika, men mangelen p\u00e5 investeringer og feilstyring av PDVSA f\u00f8rte til en enorm <strong>nedgang i produksjonen<\/strong> i de siste 20 \u00e5rene: frem til 2000 var produksjonen ca <strong>3,2 millioner fat per dag<\/strong> (mbd).<\/p>\n<p>Amerikanske internasjonale sanksjoner mot den venezuelanske regjeringen og en dyp \u00f8konomisk krise har bidratt til nedgangen i landets oljeindustri, sammen med mangel p\u00e5 investeringer og vedlikehold, if\u00f8lge EIA. Alt dette har gjort Venezuela til et sted som er rystet av \u00f8konomiske kriser og eksterne sjokk. I mellomtiden har <strong>Beijing-regjeringen<\/strong> anklager USA for \u00e5 krenke <strong>internasjonal lov,<\/strong> understreker at Venezuela er en suveren stat og derfor besitter &laquo;<strong>full og permanent suverenitet over dets naturressurser og \u00f8konomiske aktiviteter&raquo;<\/strong>.<\/p>\n<div class=\"cp_wrapper cp_wrapper--fw mb-50\">\n<figure class=\"mm\"><picture class=\"img\" style=\"padding-top:66.666666666667%\"><source  media=\"(min-width: 1024px)\"><source  media=\"(min-width: 768px)\"><img decoding=\"async\" loading=\"lazy\" src=\"https:\/\/staticgeopop.akamaized.net\/wp-content\/uploads\/sites\/32\/2026\/01\/P20260103MR-0139_President_Donald_Trump_CIA_Director_John_Ratcliffe_and_Secretary_of_State_Marco_Rubio_monitor_U.S._military_operations_in_Venezuela.jpg?im=Resize,width=638;\" alt=\"Bilde\" width=\"1200\" height=\"800\"\/><\/source><\/source><\/picture><\/figure>\n<\/p><\/div>\n<h2><b>Gr\u00f8nland er et viktig strategisk punkt for den arktiske ruten<\/b><\/h2>\n<p>Etter hendelsene knyttet til Venezuela, har presidenten de siste dagene<strong> Trump<\/strong> han kom tilbake for \u00e5 ta opp emnet igjen <strong>Gr\u00f8nland<\/strong>og erkl\u00e6rer at kontroll over \u00f8ya utgj\u00f8r en <strong>nasjonale sikkerhetsprioriteringer<\/strong> av USA og til og med uttrykker sitt \u00f8nske om \u00e5 kj\u00f8pe den fra Danmark.<\/p>\n<p>Under den kalde krigen hadde \u00f8ya allerede blitt brukt som testbase <strong>ballistiske missiler<\/strong>brukte det amerikanske milit\u00e6ret spesielt Thule Air Base (n\u00e5 Pituffik NATO Base), som ligger i Avannaata kommune p\u00e5 Nord-Gr\u00f8nland.<\/p>\n<p>\u00d8ya er en <strong>strategisk punkt<\/strong> viktig i internasjonal sammenheng for kontroll av <strong>Arktisk rute<\/strong>som krysser Polhavet langs \u00e5tte forskjellige stater. Denne ruten er nesten utelukkende kontrollert av Russland, gitt omfanget av Sibir, men blir stadig mer aktuell p\u00e5 grunn av issmeltingen i omr\u00e5det. Uten tvil er imidlertid en av hoved\u00e5rsakene til USAs interesse knyttet til <strong>rikdom av r\u00e5varer og energikilder <\/strong>av det gr\u00f8nlandske territoriet.<\/p>\n<p>Gr\u00f8nland er faktisk rikt p\u00e5 store forekomster av <strong>hydrokarboner og mineraler<\/strong>slik som gull, platina, sink, nikkel, uran og sjeldne jordarter. Disse mineralene og elementene i <strong>sjeldne jordarter<\/strong> de er viktige komponenter i<strong> fremvoksende teknologier<\/strong>spesielt i sektoren <strong>energisk<\/strong>slik som elektriske kj\u00f8ret\u00f8y og vindturbiner, i tillegg til \u00e5 ha nasjonale sikkerhetsapplikasjoner innen<strong> avansert milit\u00e6r teknologi<\/strong>: droner og missilstyringssystemer fremfor alt. I motsetning til andre er gr\u00f8nlandske forekomster av sjeldne metaller fortsatt <strong>lite utnyttet og utforsket<\/strong>ogs\u00e5 p\u00e5 grunn av vanskelighetene knyttet til <strong>klimatiske forhold<\/strong>: de finnes faktisk under tykke islag som er vanskelig tilgjengelige. Videre <strong>logistikk og utvinningsinfrastruktur <\/strong>tilstede p\u00e5 \u00f8ya er enn\u00e5 ikke fullt utviklet.<\/p>\n<div class=\"cp_wrapper cp_wrapper--fw mb-50\">\n<figure class=\"mm\"><picture class=\"img\" style=\"padding-top:57.6%\"><source  media=\"(min-width: 1024px)\"><source  media=\"(min-width: 768px)\"><img decoding=\"async\" loading=\"lazy\" src=\"https:\/\/nordnesrepublikken.no\/wp-content\/uploads\/2026\/01\/1768060238_663_punktene-til-felles-mellom-de-to-landene.jpg\" alt=\"Bilde\" width=\"1000\" height=\"576\" class=\"js-seedtag-img\"\/><\/source><\/source><\/picture><\/figure>\n<\/p><\/div>\n<h2><b>Likhetene mellom Venezuela og Gr\u00f8nland<\/b><\/h2>\n<p>Tallrike internasjonale observat\u00f8rer og analytikere har sammenlignet situasjonen til de to landene, og avvist dem basert p\u00e5 amerikanske ambisjoner og strategiske interesser. Interessen b\u00e5de p\u00e5 Gr\u00f8nland \u2013 i <strong>kontroll over den arktiske ruten<\/strong> \u2013 b\u00e5de for<strong> Venezuela \u2013<\/strong> \u00e5 gjenta <strong>USAs &laquo;hegemoni&raquo;.<\/strong> p\u00e5 territoriene til Latin-Amerika og for<strong> stoppe den russiske og kinesiske tilstedev\u00e6relsen<\/strong> i disse territoriene \u2013 <strong>det er felles for begge<\/strong>.<\/p>\n<p>For det andre komponenten knyttet til <strong>kontroll over energiressurser<\/strong> Og <strong>mineraler<\/strong> den er utvilsomt sterk i begge tilfeller, om enn med de n\u00f8dvendige forskjellene hovedsakelig knyttet til tilgjengeligheten til ressurser og mineralforekomster. S\u00e5 la det v\u00e6re<strong>\u00f8konomisk og energiforsyningsaspekt<\/strong> at det <strong>milit\u00e6rstrategisk<\/strong> \u00e5 begrense kinesisk og russisk tilstedev\u00e6relse i disse omr\u00e5dene er en fellesnevner for Venezuela og Gr\u00f8nland, sammen med et klart \u00f8nske om \u00e5 bekrefte USAs hegemoni og storhet i internasjonal sammenheng.<\/p>\n<h2><b>Hva er forskjellene mellom de to sakene<\/b><\/h2>\n<p>Gr\u00f8nlands statsminister Jens Frederik Nielsen \u00f8nsket imidlertid \u00e5 understreke <strong>forskjell<\/strong> med Venezuela, og bagatelliserer president Trumps uttalelser.  For det f\u00f8rste er Gr\u00f8nland et land som har en <strong>demokratisk politisk orden<\/strong> og formelt <strong>det er en del av kongeriket Danmark<\/strong>til tross for \u00e5 nyte en status p\u00e5 <strong>autonomi<\/strong>. Vi snakker om et spesialterritorium i Den europeiske union \u2013 til tross for at vi ikke er en del av EU \u2013 til et land alliert med USA, og under paraplyen <strong>F\u00d8DT<\/strong>.<\/p>\n<p>Derimot hadde Venezuela en president og en <strong>regjeringen ikke anerkjent av USA og ti andre land<\/strong> (Paraguay, Argentina, Costa Rica, Chile, Ecuador, Guatemala, Panama, Peru, Den dominikanske republikk og Uruguay) anses som en <strong>autorit\u00e6rt regime<\/strong> og ogs\u00e5 internasjonalt isolert fra synspunktet <strong>forsvar<\/strong>. Selv om det faktisk er <strong>Kina og Russland<\/strong> har alltid uttrykt sin st\u00f8tte til Venezuela, og har ogs\u00e5 ford\u00f8mt Trumps handling fra et folkerettslig synspunkt, til dags dato gir ingen av disse maktene st\u00f8tte i defensive termer til Venezuela.<\/p>\n<p>Der <strong>Gr\u00f8nland<\/strong>som er under NATO-paraplyen, nyter en helt annen posisjon. Videre, l<strong>hypotese om en milit\u00e6r intervensjon<\/strong> i landet eller tvangshandlinger \u2013 som de som skjedde i Venezuela \u2013 i tilfellet med Gr\u00f8nland ser det ut til at <strong>fjernkontroll<\/strong>sammenlignet med en &laquo;diplomatisk&raquo; eller forhandlingsrute, inkludert den absurde hypotesen om kj\u00f8p fra Danmark.<\/p>\n<\/p><\/div>\n","protected":false},"excerpt":{"rendered":"<p>Etter i raid fly p\u00e5 Venezuela og fangst av President Maduro sammen med sin kone,<\/p>\n","protected":false},"author":1,"featured_media":13709,"comment_status":"closed","ping_status":"open","sticky":false,"template":"","format":"standard","meta":{"footnotes":""},"categories":[23],"tags":[571,146,212,5540,117],"class_list":["post-13708","post","type-post","status-publish","format-standard","has-post-thumbnail","hentry","category-politikk","tag-felles","tag-landene","tag-mellom","tag-punktene","tag-til","generate-columns","tablet-grid-50","mobile-grid-100","grid-parent","grid-33","resize-featured-image"],"yoast_head":"<!-- This site is optimized with the Yoast SEO plugin v24.4 - https:\/\/yoast.com\/wordpress\/plugins\/seo\/ -->\n<title>punktene til felles mellom de to landene - Nordnesrepublikken<\/title>\n<meta name=\"robots\" content=\"index, follow, max-snippet:-1, max-image-preview:large, max-video-preview:-1\" \/>\n<link rel=\"canonical\" href=\"https:\/\/nordnesrepublikken.no\/index.php\/2026\/01\/10\/punktene-til-felles-mellom-de-to-landene\/\" \/>\n<meta property=\"og:locale\" content=\"nb_NO\" \/>\n<meta property=\"og:type\" content=\"article\" \/>\n<meta property=\"og:title\" content=\"punktene til felles mellom de to landene - Nordnesrepublikken\" \/>\n<meta property=\"og:description\" content=\"Etter i raid fly p\u00e5 Venezuela og fangst av President Maduro sammen med sin kone,\" \/>\n<meta property=\"og:url\" content=\"https:\/\/nordnesrepublikken.no\/index.php\/2026\/01\/10\/punktene-til-felles-mellom-de-to-landene\/\" \/>\n<meta property=\"og:site_name\" content=\"Nordnesrepublikken\" \/>\n<meta property=\"article:published_time\" content=\"2026-01-10T15:50:38+00:00\" \/>\n<meta property=\"article:modified_time\" content=\"2026-01-10T15:50:41+00:00\" \/>\n<meta property=\"og:image\" content=\"https:\/\/nordnesrepublikken.no\/wp-content\/uploads\/2026\/01\/1768060240_punktene-til-felles-mellom-de-to-landene.jpg\" \/>\n\t<meta property=\"og:image:width\" content=\"1376\" \/>\n\t<meta property=\"og:image:height\" content=\"768\" \/>\n\t<meta property=\"og:image:type\" content=\"image\/jpeg\" \/>\n<meta name=\"author\" content=\"Ole Andersen\" \/>\n<meta name=\"twitter:card\" content=\"summary_large_image\" \/>\n<meta name=\"twitter:label1\" content=\"Skrevet av\" \/>\n\t<meta name=\"twitter:data1\" content=\"Ole Andersen\" \/>\n\t<meta name=\"twitter:label2\" content=\"Ansl. lesetid\" \/>\n\t<meta name=\"twitter:data2\" content=\"5 minutter\" \/>\n<script type=\"application\/ld+json\" class=\"yoast-schema-graph\">{\"@context\":\"https:\/\/schema.org\",\"@graph\":[{\"@type\":\"Article\",\"@id\":\"https:\/\/nordnesrepublikken.no\/index.php\/2026\/01\/10\/punktene-til-felles-mellom-de-to-landene\/#article\",\"isPartOf\":{\"@id\":\"https:\/\/nordnesrepublikken.no\/index.php\/2026\/01\/10\/punktene-til-felles-mellom-de-to-landene\/\"},\"author\":{\"name\":\"Ole Andersen\",\"@id\":\"https:\/\/nordnesrepublikken.no\/#\/schema\/person\/2e7e81935bab77882fffb79296240ff1\"},\"headline\":\"punktene til felles mellom de to landene\",\"datePublished\":\"2026-01-10T15:50:38+00:00\",\"dateModified\":\"2026-01-10T15:50:41+00:00\",\"mainEntityOfPage\":{\"@id\":\"https:\/\/nordnesrepublikken.no\/index.php\/2026\/01\/10\/punktene-til-felles-mellom-de-to-landene\/\"},\"wordCount\":1004,\"publisher\":{\"@id\":\"https:\/\/nordnesrepublikken.no\/#organization\"},\"image\":{\"@id\":\"https:\/\/nordnesrepublikken.no\/index.php\/2026\/01\/10\/punktene-til-felles-mellom-de-to-landene\/#primaryimage\"},\"thumbnailUrl\":\"https:\/\/nordnesrepublikken.no\/wp-content\/uploads\/2026\/01\/1768060240_punktene-til-felles-mellom-de-to-landene.jpg\",\"keywords\":[\"felles\",\"landene\",\"mellom\",\"punktene\",\"til\"],\"articleSection\":[\"Politikk\"],\"inLanguage\":\"nb-NO\"},{\"@type\":\"WebPage\",\"@id\":\"https:\/\/nordnesrepublikken.no\/index.php\/2026\/01\/10\/punktene-til-felles-mellom-de-to-landene\/\",\"url\":\"https:\/\/nordnesrepublikken.no\/index.php\/2026\/01\/10\/punktene-til-felles-mellom-de-to-landene\/\",\"name\":\"punktene til felles mellom de to landene - Nordnesrepublikken\",\"isPartOf\":{\"@id\":\"https:\/\/nordnesrepublikken.no\/#website\"},\"primaryImageOfPage\":{\"@id\":\"https:\/\/nordnesrepublikken.no\/index.php\/2026\/01\/10\/punktene-til-felles-mellom-de-to-landene\/#primaryimage\"},\"image\":{\"@id\":\"https:\/\/nordnesrepublikken.no\/index.php\/2026\/01\/10\/punktene-til-felles-mellom-de-to-landene\/#primaryimage\"},\"thumbnailUrl\":\"https:\/\/nordnesrepublikken.no\/wp-content\/uploads\/2026\/01\/1768060240_punktene-til-felles-mellom-de-to-landene.jpg\",\"datePublished\":\"2026-01-10T15:50:38+00:00\",\"dateModified\":\"2026-01-10T15:50:41+00:00\",\"breadcrumb\":{\"@id\":\"https:\/\/nordnesrepublikken.no\/index.php\/2026\/01\/10\/punktene-til-felles-mellom-de-to-landene\/#breadcrumb\"},\"inLanguage\":\"nb-NO\",\"potentialAction\":[{\"@type\":\"ReadAction\",\"target\":[\"https:\/\/nordnesrepublikken.no\/index.php\/2026\/01\/10\/punktene-til-felles-mellom-de-to-landene\/\"]}]},{\"@type\":\"ImageObject\",\"inLanguage\":\"nb-NO\",\"@id\":\"https:\/\/nordnesrepublikken.no\/index.php\/2026\/01\/10\/punktene-til-felles-mellom-de-to-landene\/#primaryimage\",\"url\":\"https:\/\/nordnesrepublikken.no\/wp-content\/uploads\/2026\/01\/1768060240_punktene-til-felles-mellom-de-to-landene.jpg\",\"contentUrl\":\"https:\/\/nordnesrepublikken.no\/wp-content\/uploads\/2026\/01\/1768060240_punktene-til-felles-mellom-de-to-landene.jpg\",\"width\":1376,\"height\":768,\"caption\":\"punktene til felles mellom de to landene\"},{\"@type\":\"BreadcrumbList\",\"@id\":\"https:\/\/nordnesrepublikken.no\/index.php\/2026\/01\/10\/punktene-til-felles-mellom-de-to-landene\/#breadcrumb\",\"itemListElement\":[{\"@type\":\"ListItem\",\"position\":1,\"name\":\"Home\",\"item\":\"https:\/\/nordnesrepublikken.no\/\"},{\"@type\":\"ListItem\",\"position\":2,\"name\":\"punktene til felles mellom de to landene\"}]},{\"@type\":\"WebSite\",\"@id\":\"https:\/\/nordnesrepublikken.no\/#website\",\"url\":\"https:\/\/nordnesrepublikken.no\/\",\"name\":\"Nordnesrepublikken\",\"description\":\"Stemmer og Visjoner fra Republikkens Hjerte\",\"publisher\":{\"@id\":\"https:\/\/nordnesrepublikken.no\/#organization\"},\"potentialAction\":[{\"@type\":\"SearchAction\",\"target\":{\"@type\":\"EntryPoint\",\"urlTemplate\":\"https:\/\/nordnesrepublikken.no\/?s={search_term_string}\"},\"query-input\":{\"@type\":\"PropertyValueSpecification\",\"valueRequired\":true,\"valueName\":\"search_term_string\"}}],\"inLanguage\":\"nb-NO\"},{\"@type\":\"Organization\",\"@id\":\"https:\/\/nordnesrepublikken.no\/#organization\",\"name\":\"Nordnesrepublikken\",\"url\":\"https:\/\/nordnesrepublikken.no\/\",\"logo\":{\"@type\":\"ImageObject\",\"inLanguage\":\"nb-NO\",\"@id\":\"https:\/\/nordnesrepublikken.no\/#\/schema\/logo\/image\/\",\"url\":\"https:\/\/nordnesrepublikken.no\/wp-content\/uploads\/2025\/02\/cropped-nordnesrepublikken-2.png\",\"contentUrl\":\"https:\/\/nordnesrepublikken.no\/wp-content\/uploads\/2025\/02\/cropped-nordnesrepublikken-2.png\",\"width\":1248,\"height\":362,\"caption\":\"Nordnesrepublikken\"},\"image\":{\"@id\":\"https:\/\/nordnesrepublikken.no\/#\/schema\/logo\/image\/\"}},{\"@type\":\"Person\",\"@id\":\"https:\/\/nordnesrepublikken.no\/#\/schema\/person\/2e7e81935bab77882fffb79296240ff1\",\"name\":\"Ole Andersen\",\"image\":{\"@type\":\"ImageObject\",\"inLanguage\":\"nb-NO\",\"@id\":\"https:\/\/nordnesrepublikken.no\/#\/schema\/person\/image\/\",\"url\":\"https:\/\/nordnesrepublikken.no\/wp-content\/uploads\/2025\/02\/nordnesrepublikken-2-2-150x150.jpg\",\"contentUrl\":\"https:\/\/nordnesrepublikken.no\/wp-content\/uploads\/2025\/02\/nordnesrepublikken-2-2-150x150.jpg\",\"caption\":\"Ole Andersen\"},\"description\":\"Ettersom jeg vokste opp i Oslo, har jeg alltid v\u00e6rt fascinert av ordenes kraft og deres evne til \u00e5 skape endringer. Etter \u00e5 ha fullf\u00f8rt min utdannelse i kommunikasjon ved Universitetet i Bergen, fikk jeg muligheten til \u00e5 jobbe innen ulike medier, der jeg har s\u00f8kt \u00e5 belyse viktige samfunnssp\u00f8rsm\u00e5l. I dag, som redakt\u00f8r for Nordnesrepublikken, pr\u00f8ver jeg \u00e5 forene min kj\u00e6rlighet for journalistikk med min lidenskap for innovasjon og eventyr.\",\"sameAs\":[\"https:\/\/nordnesrepublikken.no\/\"]}]}<\/script>\n<!-- \/ Yoast SEO plugin. -->","yoast_head_json":{"title":"punktene til felles mellom de to landene - Nordnesrepublikken","robots":{"index":"index","follow":"follow","max-snippet":"max-snippet:-1","max-image-preview":"max-image-preview:large","max-video-preview":"max-video-preview:-1"},"canonical":"https:\/\/nordnesrepublikken.no\/index.php\/2026\/01\/10\/punktene-til-felles-mellom-de-to-landene\/","og_locale":"nb_NO","og_type":"article","og_title":"punktene til felles mellom de to landene - Nordnesrepublikken","og_description":"Etter i raid fly p\u00e5 Venezuela og fangst av President Maduro sammen med sin kone,","og_url":"https:\/\/nordnesrepublikken.no\/index.php\/2026\/01\/10\/punktene-til-felles-mellom-de-to-landene\/","og_site_name":"Nordnesrepublikken","article_published_time":"2026-01-10T15:50:38+00:00","article_modified_time":"2026-01-10T15:50:41+00:00","og_image":[{"width":1376,"height":768,"url":"https:\/\/nordnesrepublikken.no\/wp-content\/uploads\/2026\/01\/1768060240_punktene-til-felles-mellom-de-to-landene.jpg","type":"image\/jpeg"}],"author":"Ole Andersen","twitter_card":"summary_large_image","twitter_misc":{"Skrevet av":"Ole Andersen","Ansl. lesetid":"5 minutter"},"schema":{"@context":"https:\/\/schema.org","@graph":[{"@type":"Article","@id":"https:\/\/nordnesrepublikken.no\/index.php\/2026\/01\/10\/punktene-til-felles-mellom-de-to-landene\/#article","isPartOf":{"@id":"https:\/\/nordnesrepublikken.no\/index.php\/2026\/01\/10\/punktene-til-felles-mellom-de-to-landene\/"},"author":{"name":"Ole Andersen","@id":"https:\/\/nordnesrepublikken.no\/#\/schema\/person\/2e7e81935bab77882fffb79296240ff1"},"headline":"punktene til felles mellom de to landene","datePublished":"2026-01-10T15:50:38+00:00","dateModified":"2026-01-10T15:50:41+00:00","mainEntityOfPage":{"@id":"https:\/\/nordnesrepublikken.no\/index.php\/2026\/01\/10\/punktene-til-felles-mellom-de-to-landene\/"},"wordCount":1004,"publisher":{"@id":"https:\/\/nordnesrepublikken.no\/#organization"},"image":{"@id":"https:\/\/nordnesrepublikken.no\/index.php\/2026\/01\/10\/punktene-til-felles-mellom-de-to-landene\/#primaryimage"},"thumbnailUrl":"https:\/\/nordnesrepublikken.no\/wp-content\/uploads\/2026\/01\/1768060240_punktene-til-felles-mellom-de-to-landene.jpg","keywords":["felles","landene","mellom","punktene","til"],"articleSection":["Politikk"],"inLanguage":"nb-NO"},{"@type":"WebPage","@id":"https:\/\/nordnesrepublikken.no\/index.php\/2026\/01\/10\/punktene-til-felles-mellom-de-to-landene\/","url":"https:\/\/nordnesrepublikken.no\/index.php\/2026\/01\/10\/punktene-til-felles-mellom-de-to-landene\/","name":"punktene til felles mellom de to landene - Nordnesrepublikken","isPartOf":{"@id":"https:\/\/nordnesrepublikken.no\/#website"},"primaryImageOfPage":{"@id":"https:\/\/nordnesrepublikken.no\/index.php\/2026\/01\/10\/punktene-til-felles-mellom-de-to-landene\/#primaryimage"},"image":{"@id":"https:\/\/nordnesrepublikken.no\/index.php\/2026\/01\/10\/punktene-til-felles-mellom-de-to-landene\/#primaryimage"},"thumbnailUrl":"https:\/\/nordnesrepublikken.no\/wp-content\/uploads\/2026\/01\/1768060240_punktene-til-felles-mellom-de-to-landene.jpg","datePublished":"2026-01-10T15:50:38+00:00","dateModified":"2026-01-10T15:50:41+00:00","breadcrumb":{"@id":"https:\/\/nordnesrepublikken.no\/index.php\/2026\/01\/10\/punktene-til-felles-mellom-de-to-landene\/#breadcrumb"},"inLanguage":"nb-NO","potentialAction":[{"@type":"ReadAction","target":["https:\/\/nordnesrepublikken.no\/index.php\/2026\/01\/10\/punktene-til-felles-mellom-de-to-landene\/"]}]},{"@type":"ImageObject","inLanguage":"nb-NO","@id":"https:\/\/nordnesrepublikken.no\/index.php\/2026\/01\/10\/punktene-til-felles-mellom-de-to-landene\/#primaryimage","url":"https:\/\/nordnesrepublikken.no\/wp-content\/uploads\/2026\/01\/1768060240_punktene-til-felles-mellom-de-to-landene.jpg","contentUrl":"https:\/\/nordnesrepublikken.no\/wp-content\/uploads\/2026\/01\/1768060240_punktene-til-felles-mellom-de-to-landene.jpg","width":1376,"height":768,"caption":"punktene til felles mellom de to landene"},{"@type":"BreadcrumbList","@id":"https:\/\/nordnesrepublikken.no\/index.php\/2026\/01\/10\/punktene-til-felles-mellom-de-to-landene\/#breadcrumb","itemListElement":[{"@type":"ListItem","position":1,"name":"Home","item":"https:\/\/nordnesrepublikken.no\/"},{"@type":"ListItem","position":2,"name":"punktene til felles mellom de to landene"}]},{"@type":"WebSite","@id":"https:\/\/nordnesrepublikken.no\/#website","url":"https:\/\/nordnesrepublikken.no\/","name":"Nordnesrepublikken","description":"Stemmer og Visjoner fra Republikkens Hjerte","publisher":{"@id":"https:\/\/nordnesrepublikken.no\/#organization"},"potentialAction":[{"@type":"SearchAction","target":{"@type":"EntryPoint","urlTemplate":"https:\/\/nordnesrepublikken.no\/?s={search_term_string}"},"query-input":{"@type":"PropertyValueSpecification","valueRequired":true,"valueName":"search_term_string"}}],"inLanguage":"nb-NO"},{"@type":"Organization","@id":"https:\/\/nordnesrepublikken.no\/#organization","name":"Nordnesrepublikken","url":"https:\/\/nordnesrepublikken.no\/","logo":{"@type":"ImageObject","inLanguage":"nb-NO","@id":"https:\/\/nordnesrepublikken.no\/#\/schema\/logo\/image\/","url":"https:\/\/nordnesrepublikken.no\/wp-content\/uploads\/2025\/02\/cropped-nordnesrepublikken-2.png","contentUrl":"https:\/\/nordnesrepublikken.no\/wp-content\/uploads\/2025\/02\/cropped-nordnesrepublikken-2.png","width":1248,"height":362,"caption":"Nordnesrepublikken"},"image":{"@id":"https:\/\/nordnesrepublikken.no\/#\/schema\/logo\/image\/"}},{"@type":"Person","@id":"https:\/\/nordnesrepublikken.no\/#\/schema\/person\/2e7e81935bab77882fffb79296240ff1","name":"Ole Andersen","image":{"@type":"ImageObject","inLanguage":"nb-NO","@id":"https:\/\/nordnesrepublikken.no\/#\/schema\/person\/image\/","url":"https:\/\/nordnesrepublikken.no\/wp-content\/uploads\/2025\/02\/nordnesrepublikken-2-2-150x150.jpg","contentUrl":"https:\/\/nordnesrepublikken.no\/wp-content\/uploads\/2025\/02\/nordnesrepublikken-2-2-150x150.jpg","caption":"Ole Andersen"},"description":"Ettersom jeg vokste opp i Oslo, har jeg alltid v\u00e6rt fascinert av ordenes kraft og deres evne til \u00e5 skape endringer. Etter \u00e5 ha fullf\u00f8rt min utdannelse i kommunikasjon ved Universitetet i Bergen, fikk jeg muligheten til \u00e5 jobbe innen ulike medier, der jeg har s\u00f8kt \u00e5 belyse viktige samfunnssp\u00f8rsm\u00e5l. I dag, som redakt\u00f8r for Nordnesrepublikken, pr\u00f8ver jeg \u00e5 forene min kj\u00e6rlighet for journalistikk med min lidenskap for innovasjon og eventyr.","sameAs":["https:\/\/nordnesrepublikken.no\/"]}]}},"_links":{"self":[{"href":"https:\/\/nordnesrepublikken.no\/index.php\/wp-json\/wp\/v2\/posts\/13708","targetHints":{"allow":["GET"]}}],"collection":[{"href":"https:\/\/nordnesrepublikken.no\/index.php\/wp-json\/wp\/v2\/posts"}],"about":[{"href":"https:\/\/nordnesrepublikken.no\/index.php\/wp-json\/wp\/v2\/types\/post"}],"author":[{"embeddable":true,"href":"https:\/\/nordnesrepublikken.no\/index.php\/wp-json\/wp\/v2\/users\/1"}],"replies":[{"embeddable":true,"href":"https:\/\/nordnesrepublikken.no\/index.php\/wp-json\/wp\/v2\/comments?post=13708"}],"version-history":[{"count":1,"href":"https:\/\/nordnesrepublikken.no\/index.php\/wp-json\/wp\/v2\/posts\/13708\/revisions"}],"predecessor-version":[{"id":13710,"href":"https:\/\/nordnesrepublikken.no\/index.php\/wp-json\/wp\/v2\/posts\/13708\/revisions\/13710"}],"wp:featuredmedia":[{"embeddable":true,"href":"https:\/\/nordnesrepublikken.no\/index.php\/wp-json\/wp\/v2\/media\/13709"}],"wp:attachment":[{"href":"https:\/\/nordnesrepublikken.no\/index.php\/wp-json\/wp\/v2\/media?parent=13708"}],"wp:term":[{"taxonomy":"category","embeddable":true,"href":"https:\/\/nordnesrepublikken.no\/index.php\/wp-json\/wp\/v2\/categories?post=13708"},{"taxonomy":"post_tag","embeddable":true,"href":"https:\/\/nordnesrepublikken.no\/index.php\/wp-json\/wp\/v2\/tags?post=13708"}],"curies":[{"name":"wp","href":"https:\/\/api.w.org\/{rel}","templated":true}]}}