{"id":13702,"date":"2026-01-10T13:50:45","date_gmt":"2026-01-10T12:50:45","guid":{"rendered":"https:\/\/nordnesrepublikken.no\/index.php\/2026\/01\/10\/sjaforer-skremt-da-spanias-v16-kart-viser-biler-som-aldri-har-slatt-pa-beacons\/"},"modified":"2026-01-10T13:50:46","modified_gmt":"2026-01-10T12:50:46","slug":"sjaforer-skremt-da-spanias-v16-kart-viser-biler-som-aldri-har-slatt-pa-beacons","status":"publish","type":"post","link":"https:\/\/nordnesrepublikken.no\/index.php\/2026\/01\/10\/sjaforer-skremt-da-spanias-v16-kart-viser-biler-som-aldri-har-slatt-pa-beacons\/","title":{"rendered":"Sj\u00e5f\u00f8rer skremt da Spanias V16-kart viser biler som aldri har sl\u00e5tt p\u00e5 beacons"},"content":{"rendered":"<p><\/p>\n<div class=\"wordpress-content\">\n                    <!-- Article Start --><\/p>\n<p>For mange sj\u00e5f\u00f8rer i Spania skulle V16 n\u00f8dfyr v\u00e6re en enkel sikkerhetsoppgradering. Sl\u00e5 den p\u00e5 hvis du g\u00e5r i stykker, varsle andre trafikanter automatisk, og unng\u00e5 \u00e5 g\u00e5 inn i levende trafikk med en varseltrekant. Greit nok.<\/p>\n<p>Bortsett fra at ting ikke har g\u00e5tt helt etter planen.<\/p>\n<p>De siste dagene har et privat opprettet nettkart som viser sanntidsposisjonen til aktiverte V16-fyrlykter begynt \u00e5 sirkulere p\u00e5 nettet \u2013 og det har hevet mer enn noen f\u00e5 \u00f8yenbryn. Kartet henter data knyttet til DGT og lar hvem som helst zoome inn p\u00e5 en by, motorvei eller bygdevei og se hvor et beacon ser ut til \u00e5 v\u00e6re aktivt, inkludert veistrekningen og tiden den angivelig ble sl\u00e5tt p\u00e5.<\/p>\n<div class=\"sra_unit\"><link rel=\"stylesheet\" id=\"block-sra\" href=\"https:\/\/euroweeklynews.com\/wp-content\/plugins\/snack-related-articles\/dist\/css\/snack-related.min.css?250312-193541\" type=\"text\/css\" media=\"all\">\n<\/div>\n<p>Ved f\u00f8rste \u00f8yekast f\u00f8les det som smart teknologi. Se litt n\u00e6rmere, og noen sj\u00e5f\u00f8rer begynner \u00e5 bli urolige. Hvis noen kan se hvor strandede kj\u00f8ret\u00f8y befinner seg, hva er det som hindrer feil personer i \u00e5 bruke den informasjonen ogs\u00e5?<\/p>\n<p>Bekymringene har bare vokst etter at TV-reportere oppdaget noe enda mer forvirrende: Noen kj\u00f8ret\u00f8y dukket opp p\u00e5 kartet selv om V16-lysene deres aldri hadde blitt aktivert.<\/p>\n<h2>N\u00e5r kartet viser et beacon som aldri ble sl\u00e5tt p\u00e5<\/h2>\n<p>Et team fra Antena 3s program <em>Y ahora Sonsoles<\/em> bestemte seg for \u00e5 teste kartet selv. P\u00e5 skjermen s\u00e5 de flere beacon-plasseringer samlet innenfor omtrent 20 kilometer fra hverandre og dro ut for \u00e5 se hva som faktisk skjedde p\u00e5 bakken.<\/p>\n<p>Det f\u00f8rste stoppet f\u00f8rte dem til en bil som stoppet p\u00e5 veien. Da reporteren spurte sj\u00e5f\u00f8ren om han visste hvordan kartet hadde lokalisert ham s\u00e5 raskt, innr\u00f8mmet han at han var kjent med systemet \u2013 men hadde ikke engang hatt tid til \u00e5 ta fyret ut av bilen enn\u00e5. Til tross for det dukket kj\u00f8ret\u00f8yet hans allerede opp p\u00e5 nettet.<\/p>\n<p>Den andre mark\u00f8ren tok laget til en tom veistrekning. Ingen havarert bil, ingen blinkende lys, ingen \u00e5penbar hendelse i det hele tatt. Et tredje punkt f\u00f8rte dem til en lastebil som stoppet med varselblinkene p\u00e5, men igjen, ingen V16-fyr i bruk. I et fjerde tilfelle sa sj\u00e5f\u00f8ren at han eide enheten, men at han ikke en gang hadde pakket den ut av esken.<\/p>\n<p>Det fikk mange til \u00e5 kl\u00f8 seg i hodet. Hvis beacon ikke er sl\u00e5tt p\u00e5, hvordan kan en plassering vises p\u00e5 kartet i det hele tatt?<\/p>\n<p>Sosiale medier ble raskt fylt med spekulasjoner. Noen bilister begynte \u00e5 bekymre seg for at enhetene kunne sende konstant. Andre sp\u00f8kte nerv\u00f8st om \u00e5 pakke sitt fyrt\u00e5rn inn i aluminiumsfolie for sikkerhets skyld \u2013 halvt humor, halvt ekte bekymring.<\/p>\n<p>Den st\u00f8rste bekymringen er imidlertid hva denne typen synlighet kan bety i den virkelige verden. Et offentlig kart som viser strandede kj\u00f8ret\u00f8y kan potensielt gj\u00f8re livet enklere for svindlere, inkludert falske bergingsbiler som retter seg mot sj\u00e5f\u00f8rer n\u00e5r de allerede er stresset og s\u00e5rbare.<\/p>\n<h2>Eksperter p\u00e5 nettsikkerhet forklarer hva som virkelig kan skje<\/h2>\n<p>For \u00e5 rydde opp i forvirringen snakket programmet med cybersikkerhetsekspert Miguel L\u00f3pez. Hans f\u00f8rste poeng var \u00e5 roe noe av frykten. Systemet sporer ikke personer, og ingen personopplysninger deles. Det som er synlig er ganske enkelt en kj\u00f8ret\u00f8yplassering knyttet til en trafikkhendelse.<\/p>\n<p>Men L\u00f3pez erkjente ogs\u00e5 at \u00e5 gj\u00f8re denne typen informasjon s\u00e5 tilgjengelig kan skape muligheter for misbruk. Hvis kriminelle lett kan se hvor kj\u00f8ret\u00f8yer blir stoppet, kan det gj\u00f8re enkelte svindel lettere \u00e5 organisere.<\/p>\n<p>N\u00f8kkeldetaljen mange savnet er at selve kartet ikke er en offisiell DGT-plattform. Den ble laget av en privatperson ved hjelp av tilgjengelige trafikkdata. Det betyr noe, fordi kartet kan blande forskjellige informasjonskilder sammen.<\/p>\n<p>If\u00f8lge L\u00f3pez kan ikke V16-beaconen overf\u00f8re noe med mindre en sj\u00e5f\u00f8r aktivt sl\u00e5r den p\u00e5. Hvis kj\u00f8ret\u00f8y vises p\u00e5 kartet uten at et beacon er aktivert, er den mest sannsynlige forklaringen at kartet ogs\u00e5 viser andre typer hendelser som er oppdaget av DGT, for eksempel rapporter fra trafikkkameraer eller patruljer, men presenterer dem som om de var beacon-aktiveringer.<\/p>\n<p>Med andre ord, sender trolig ikke beacon i hemmelighet noens plassering. Forvirringen ser ut til \u00e5 ligge i hvordan dataene blir tolket og vist.<\/p>\n<p>N\u00e5r det er sagt, har episoden lagt enda et lag av tvil til en enhet som allerede har skapt mye debatt siden den ble obligatorisk i begynnelsen av \u00e5ret. Mange sj\u00e5f\u00f8rer f\u00f8ler seg fortsatt usikre p\u00e5 hvordan teknologien fungerer, hvilke data som deles og hvem som kan se dem.<\/p>\n<p>L\u00f3pez p\u00e5pekte ogs\u00e5 at lignende stedsdata har eksistert i \u00e5revis gjennom navigasjonsapper og trafikkoverv\u00e5kingssystemer. Det som f\u00f8les annerledes n\u00e5 er synlighet. N\u00e5r informasjon blir lett s\u00f8kbar p\u00e5 et offentlig kart, legger folk naturlig nok mer oppmerksomhet til den \u2013 og noen ganger forestiller de seg verste scenarioer.<\/p>\n<p>For sj\u00e5f\u00f8rer forblir den praktiske takeawayen ganske enkel. Hvis du bryter sammen og noen henvender seg for \u00e5 tilby hjelp, er det verdt \u00e5 v\u00e6re forsiktig og bekrefte hvem de er, akkurat som du ville ha gjort f\u00f8r V16-\u00e6raen. Bruk offisielle gjenopprettingstjenester der det er mulig og unng\u00e5 \u00e5 dele personlige opplysninger i veikanten.<\/p>\n<p>V16 beacon ble designet for \u00e5 forbedre sikkerheten og redusere risikoen p\u00e5 Spanias veier. Men som denne siste historien viser, kan til og med fornuftig teknologi skape nye bekymringer n\u00e5r den m\u00f8ter hverdagens virkelighet. Forel\u00f8pig begynner mange bilister fortsatt \u00e5 venne seg til ideen om at et lite blinkende lys kan b\u00e6re langt mer digital vekt enn noen forventet.<\/p>\n<p>                    <!-- Originally published at https:\/\/euroweeklynews.com\/2026\/01\/10\/drivers-alarmed-as-spains-v16-map-shows-cars-that-never-switched-their-beacons-on\/ on 10 Jan 2026 at 13:07 by Farah Mokrani --><br \/>\n                    <!-- Article End -->\n                <\/div>\n","protected":false},"excerpt":{"rendered":"<p>For mange sj\u00e5f\u00f8rer i Spania skulle V16 n\u00f8dfyr v\u00e6re en enkel sikkerhetsoppgradering. Sl\u00e5 den p\u00e5<\/p>\n","protected":false},"author":1,"featured_media":13703,"comment_status":"closed","ping_status":"open","sticky":false,"template":"","format":"standard","meta":{"footnotes":""},"categories":[105],"tags":[1558,8908,3064,179,81,1737,8998,4630,31,1892,8999,5790],"class_list":["post-13702","post","type-post","status-publish","format-standard","has-post-thumbnail","hentry","category-livsstil","tag-aldri","tag-beacons","tag-biler","tag-har","tag-pa","tag-sjaforer","tag-skremt","tag-slatt","tag-som","tag-spanias","tag-v16kart","tag-viser","generate-columns","tablet-grid-50","mobile-grid-100","grid-parent","grid-33","resize-featured-image"],"yoast_head":"<!-- This site is optimized with the Yoast SEO plugin v24.4 - https:\/\/yoast.com\/wordpress\/plugins\/seo\/ -->\n<title>Sj\u00e5f\u00f8rer skremt da Spanias V16-kart viser biler som aldri har sl\u00e5tt p\u00e5 beacons - Nordnesrepublikken<\/title>\n<meta name=\"robots\" content=\"index, follow, max-snippet:-1, max-image-preview:large, max-video-preview:-1\" \/>\n<link rel=\"canonical\" href=\"https:\/\/nordnesrepublikken.no\/index.php\/2026\/01\/10\/sjaforer-skremt-da-spanias-v16-kart-viser-biler-som-aldri-har-slatt-pa-beacons\/\" \/>\n<meta property=\"og:locale\" content=\"nb_NO\" \/>\n<meta property=\"og:type\" content=\"article\" \/>\n<meta property=\"og:title\" content=\"Sj\u00e5f\u00f8rer skremt da Spanias V16-kart viser biler som aldri har sl\u00e5tt p\u00e5 beacons - Nordnesrepublikken\" \/>\n<meta property=\"og:description\" content=\"For mange sj\u00e5f\u00f8rer i Spania skulle V16 n\u00f8dfyr v\u00e6re en enkel sikkerhetsoppgradering. Sl\u00e5 den p\u00e5\" \/>\n<meta property=\"og:url\" content=\"https:\/\/nordnesrepublikken.no\/index.php\/2026\/01\/10\/sjaforer-skremt-da-spanias-v16-kart-viser-biler-som-aldri-har-slatt-pa-beacons\/\" \/>\n<meta property=\"og:site_name\" content=\"Nordnesrepublikken\" \/>\n<meta property=\"article:published_time\" content=\"2026-01-10T12:50:45+00:00\" \/>\n<meta property=\"article:modified_time\" content=\"2026-01-10T12:50:46+00:00\" \/>\n<meta property=\"og:image\" content=\"https:\/\/nordnesrepublikken.no\/wp-content\/uploads\/2026\/01\/1768049446_Sjaforer-skremt-da-Spanias-V16-kart-viser-biler-som-aldri-har.jpg\" \/>\n\t<meta property=\"og:image:width\" content=\"1200\" \/>\n\t<meta property=\"og:image:height\" content=\"788\" \/>\n\t<meta property=\"og:image:type\" content=\"image\/jpeg\" \/>\n<meta name=\"author\" content=\"Ole Andersen\" \/>\n<meta name=\"twitter:card\" content=\"summary_large_image\" \/>\n<meta name=\"twitter:label1\" content=\"Skrevet av\" \/>\n\t<meta name=\"twitter:data1\" content=\"Ole Andersen\" \/>\n\t<meta name=\"twitter:label2\" content=\"Ansl. lesetid\" \/>\n\t<meta name=\"twitter:data2\" content=\"5 minutter\" \/>\n<script type=\"application\/ld+json\" class=\"yoast-schema-graph\">{\"@context\":\"https:\/\/schema.org\",\"@graph\":[{\"@type\":\"Article\",\"@id\":\"https:\/\/nordnesrepublikken.no\/index.php\/2026\/01\/10\/sjaforer-skremt-da-spanias-v16-kart-viser-biler-som-aldri-har-slatt-pa-beacons\/#article\",\"isPartOf\":{\"@id\":\"https:\/\/nordnesrepublikken.no\/index.php\/2026\/01\/10\/sjaforer-skremt-da-spanias-v16-kart-viser-biler-som-aldri-har-slatt-pa-beacons\/\"},\"author\":{\"name\":\"Ole Andersen\",\"@id\":\"https:\/\/nordnesrepublikken.no\/#\/schema\/person\/2e7e81935bab77882fffb79296240ff1\"},\"headline\":\"Sj\u00e5f\u00f8rer skremt da Spanias V16-kart viser biler som aldri har sl\u00e5tt p\u00e5 beacons\",\"datePublished\":\"2026-01-10T12:50:45+00:00\",\"dateModified\":\"2026-01-10T12:50:46+00:00\",\"mainEntityOfPage\":{\"@id\":\"https:\/\/nordnesrepublikken.no\/index.php\/2026\/01\/10\/sjaforer-skremt-da-spanias-v16-kart-viser-biler-som-aldri-har-slatt-pa-beacons\/\"},\"wordCount\":948,\"publisher\":{\"@id\":\"https:\/\/nordnesrepublikken.no\/#organization\"},\"image\":{\"@id\":\"https:\/\/nordnesrepublikken.no\/index.php\/2026\/01\/10\/sjaforer-skremt-da-spanias-v16-kart-viser-biler-som-aldri-har-slatt-pa-beacons\/#primaryimage\"},\"thumbnailUrl\":\"https:\/\/nordnesrepublikken.no\/wp-content\/uploads\/2026\/01\/1768049446_Sjaforer-skremt-da-Spanias-V16-kart-viser-biler-som-aldri-har.jpg\",\"keywords\":[\"aldri\",\"Beacons\",\"biler\",\"har\",\"p\u00e5\",\"sj\u00e5f\u00f8rer\",\"skremt\",\"sl\u00e5tt\",\"som\",\"Spanias\",\"V16kart\",\"viser\"],\"articleSection\":[\"Livsstil\"],\"inLanguage\":\"nb-NO\"},{\"@type\":\"WebPage\",\"@id\":\"https:\/\/nordnesrepublikken.no\/index.php\/2026\/01\/10\/sjaforer-skremt-da-spanias-v16-kart-viser-biler-som-aldri-har-slatt-pa-beacons\/\",\"url\":\"https:\/\/nordnesrepublikken.no\/index.php\/2026\/01\/10\/sjaforer-skremt-da-spanias-v16-kart-viser-biler-som-aldri-har-slatt-pa-beacons\/\",\"name\":\"Sj\u00e5f\u00f8rer skremt da Spanias V16-kart viser biler som aldri har sl\u00e5tt p\u00e5 beacons - Nordnesrepublikken\",\"isPartOf\":{\"@id\":\"https:\/\/nordnesrepublikken.no\/#website\"},\"primaryImageOfPage\":{\"@id\":\"https:\/\/nordnesrepublikken.no\/index.php\/2026\/01\/10\/sjaforer-skremt-da-spanias-v16-kart-viser-biler-som-aldri-har-slatt-pa-beacons\/#primaryimage\"},\"image\":{\"@id\":\"https:\/\/nordnesrepublikken.no\/index.php\/2026\/01\/10\/sjaforer-skremt-da-spanias-v16-kart-viser-biler-som-aldri-har-slatt-pa-beacons\/#primaryimage\"},\"thumbnailUrl\":\"https:\/\/nordnesrepublikken.no\/wp-content\/uploads\/2026\/01\/1768049446_Sjaforer-skremt-da-Spanias-V16-kart-viser-biler-som-aldri-har.jpg\",\"datePublished\":\"2026-01-10T12:50:45+00:00\",\"dateModified\":\"2026-01-10T12:50:46+00:00\",\"breadcrumb\":{\"@id\":\"https:\/\/nordnesrepublikken.no\/index.php\/2026\/01\/10\/sjaforer-skremt-da-spanias-v16-kart-viser-biler-som-aldri-har-slatt-pa-beacons\/#breadcrumb\"},\"inLanguage\":\"nb-NO\",\"potentialAction\":[{\"@type\":\"ReadAction\",\"target\":[\"https:\/\/nordnesrepublikken.no\/index.php\/2026\/01\/10\/sjaforer-skremt-da-spanias-v16-kart-viser-biler-som-aldri-har-slatt-pa-beacons\/\"]}]},{\"@type\":\"ImageObject\",\"inLanguage\":\"nb-NO\",\"@id\":\"https:\/\/nordnesrepublikken.no\/index.php\/2026\/01\/10\/sjaforer-skremt-da-spanias-v16-kart-viser-biler-som-aldri-har-slatt-pa-beacons\/#primaryimage\",\"url\":\"https:\/\/nordnesrepublikken.no\/wp-content\/uploads\/2026\/01\/1768049446_Sjaforer-skremt-da-Spanias-V16-kart-viser-biler-som-aldri-har.jpg\",\"contentUrl\":\"https:\/\/nordnesrepublikken.no\/wp-content\/uploads\/2026\/01\/1768049446_Sjaforer-skremt-da-Spanias-V16-kart-viser-biler-som-aldri-har.jpg\",\"width\":1200,\"height\":788,\"caption\":\"Sj\u00e5f\u00f8rer skremt da Spanias V16-kart viser biler som aldri har sl\u00e5tt p\u00e5 beacons\"},{\"@type\":\"BreadcrumbList\",\"@id\":\"https:\/\/nordnesrepublikken.no\/index.php\/2026\/01\/10\/sjaforer-skremt-da-spanias-v16-kart-viser-biler-som-aldri-har-slatt-pa-beacons\/#breadcrumb\",\"itemListElement\":[{\"@type\":\"ListItem\",\"position\":1,\"name\":\"Home\",\"item\":\"https:\/\/nordnesrepublikken.no\/\"},{\"@type\":\"ListItem\",\"position\":2,\"name\":\"Sj\u00e5f\u00f8rer skremt da Spanias V16-kart viser biler som aldri har sl\u00e5tt p\u00e5 beacons\"}]},{\"@type\":\"WebSite\",\"@id\":\"https:\/\/nordnesrepublikken.no\/#website\",\"url\":\"https:\/\/nordnesrepublikken.no\/\",\"name\":\"Nordnesrepublikken\",\"description\":\"Stemmer og Visjoner fra Republikkens Hjerte\",\"publisher\":{\"@id\":\"https:\/\/nordnesrepublikken.no\/#organization\"},\"potentialAction\":[{\"@type\":\"SearchAction\",\"target\":{\"@type\":\"EntryPoint\",\"urlTemplate\":\"https:\/\/nordnesrepublikken.no\/?s={search_term_string}\"},\"query-input\":{\"@type\":\"PropertyValueSpecification\",\"valueRequired\":true,\"valueName\":\"search_term_string\"}}],\"inLanguage\":\"nb-NO\"},{\"@type\":\"Organization\",\"@id\":\"https:\/\/nordnesrepublikken.no\/#organization\",\"name\":\"Nordnesrepublikken\",\"url\":\"https:\/\/nordnesrepublikken.no\/\",\"logo\":{\"@type\":\"ImageObject\",\"inLanguage\":\"nb-NO\",\"@id\":\"https:\/\/nordnesrepublikken.no\/#\/schema\/logo\/image\/\",\"url\":\"https:\/\/nordnesrepublikken.no\/wp-content\/uploads\/2025\/02\/cropped-nordnesrepublikken-2.png\",\"contentUrl\":\"https:\/\/nordnesrepublikken.no\/wp-content\/uploads\/2025\/02\/cropped-nordnesrepublikken-2.png\",\"width\":1248,\"height\":362,\"caption\":\"Nordnesrepublikken\"},\"image\":{\"@id\":\"https:\/\/nordnesrepublikken.no\/#\/schema\/logo\/image\/\"}},{\"@type\":\"Person\",\"@id\":\"https:\/\/nordnesrepublikken.no\/#\/schema\/person\/2e7e81935bab77882fffb79296240ff1\",\"name\":\"Ole Andersen\",\"image\":{\"@type\":\"ImageObject\",\"inLanguage\":\"nb-NO\",\"@id\":\"https:\/\/nordnesrepublikken.no\/#\/schema\/person\/image\/\",\"url\":\"https:\/\/nordnesrepublikken.no\/wp-content\/uploads\/2025\/02\/nordnesrepublikken-2-2-150x150.jpg\",\"contentUrl\":\"https:\/\/nordnesrepublikken.no\/wp-content\/uploads\/2025\/02\/nordnesrepublikken-2-2-150x150.jpg\",\"caption\":\"Ole Andersen\"},\"description\":\"Ettersom jeg vokste opp i Oslo, har jeg alltid v\u00e6rt fascinert av ordenes kraft og deres evne til \u00e5 skape endringer. Etter \u00e5 ha fullf\u00f8rt min utdannelse i kommunikasjon ved Universitetet i Bergen, fikk jeg muligheten til \u00e5 jobbe innen ulike medier, der jeg har s\u00f8kt \u00e5 belyse viktige samfunnssp\u00f8rsm\u00e5l. I dag, som redakt\u00f8r for Nordnesrepublikken, pr\u00f8ver jeg \u00e5 forene min kj\u00e6rlighet for journalistikk med min lidenskap for innovasjon og eventyr.\",\"sameAs\":[\"https:\/\/nordnesrepublikken.no\/\"]}]}<\/script>\n<!-- \/ Yoast SEO plugin. -->","yoast_head_json":{"title":"Sj\u00e5f\u00f8rer skremt da Spanias V16-kart viser biler som aldri har sl\u00e5tt p\u00e5 beacons - Nordnesrepublikken","robots":{"index":"index","follow":"follow","max-snippet":"max-snippet:-1","max-image-preview":"max-image-preview:large","max-video-preview":"max-video-preview:-1"},"canonical":"https:\/\/nordnesrepublikken.no\/index.php\/2026\/01\/10\/sjaforer-skremt-da-spanias-v16-kart-viser-biler-som-aldri-har-slatt-pa-beacons\/","og_locale":"nb_NO","og_type":"article","og_title":"Sj\u00e5f\u00f8rer skremt da Spanias V16-kart viser biler som aldri har sl\u00e5tt p\u00e5 beacons - Nordnesrepublikken","og_description":"For mange sj\u00e5f\u00f8rer i Spania skulle V16 n\u00f8dfyr v\u00e6re en enkel sikkerhetsoppgradering. Sl\u00e5 den p\u00e5","og_url":"https:\/\/nordnesrepublikken.no\/index.php\/2026\/01\/10\/sjaforer-skremt-da-spanias-v16-kart-viser-biler-som-aldri-har-slatt-pa-beacons\/","og_site_name":"Nordnesrepublikken","article_published_time":"2026-01-10T12:50:45+00:00","article_modified_time":"2026-01-10T12:50:46+00:00","og_image":[{"width":1200,"height":788,"url":"https:\/\/nordnesrepublikken.no\/wp-content\/uploads\/2026\/01\/1768049446_Sjaforer-skremt-da-Spanias-V16-kart-viser-biler-som-aldri-har.jpg","type":"image\/jpeg"}],"author":"Ole Andersen","twitter_card":"summary_large_image","twitter_misc":{"Skrevet av":"Ole Andersen","Ansl. lesetid":"5 minutter"},"schema":{"@context":"https:\/\/schema.org","@graph":[{"@type":"Article","@id":"https:\/\/nordnesrepublikken.no\/index.php\/2026\/01\/10\/sjaforer-skremt-da-spanias-v16-kart-viser-biler-som-aldri-har-slatt-pa-beacons\/#article","isPartOf":{"@id":"https:\/\/nordnesrepublikken.no\/index.php\/2026\/01\/10\/sjaforer-skremt-da-spanias-v16-kart-viser-biler-som-aldri-har-slatt-pa-beacons\/"},"author":{"name":"Ole Andersen","@id":"https:\/\/nordnesrepublikken.no\/#\/schema\/person\/2e7e81935bab77882fffb79296240ff1"},"headline":"Sj\u00e5f\u00f8rer skremt da Spanias V16-kart viser biler som aldri har sl\u00e5tt p\u00e5 beacons","datePublished":"2026-01-10T12:50:45+00:00","dateModified":"2026-01-10T12:50:46+00:00","mainEntityOfPage":{"@id":"https:\/\/nordnesrepublikken.no\/index.php\/2026\/01\/10\/sjaforer-skremt-da-spanias-v16-kart-viser-biler-som-aldri-har-slatt-pa-beacons\/"},"wordCount":948,"publisher":{"@id":"https:\/\/nordnesrepublikken.no\/#organization"},"image":{"@id":"https:\/\/nordnesrepublikken.no\/index.php\/2026\/01\/10\/sjaforer-skremt-da-spanias-v16-kart-viser-biler-som-aldri-har-slatt-pa-beacons\/#primaryimage"},"thumbnailUrl":"https:\/\/nordnesrepublikken.no\/wp-content\/uploads\/2026\/01\/1768049446_Sjaforer-skremt-da-Spanias-V16-kart-viser-biler-som-aldri-har.jpg","keywords":["aldri","Beacons","biler","har","p\u00e5","sj\u00e5f\u00f8rer","skremt","sl\u00e5tt","som","Spanias","V16kart","viser"],"articleSection":["Livsstil"],"inLanguage":"nb-NO"},{"@type":"WebPage","@id":"https:\/\/nordnesrepublikken.no\/index.php\/2026\/01\/10\/sjaforer-skremt-da-spanias-v16-kart-viser-biler-som-aldri-har-slatt-pa-beacons\/","url":"https:\/\/nordnesrepublikken.no\/index.php\/2026\/01\/10\/sjaforer-skremt-da-spanias-v16-kart-viser-biler-som-aldri-har-slatt-pa-beacons\/","name":"Sj\u00e5f\u00f8rer skremt da Spanias V16-kart viser biler som aldri har sl\u00e5tt p\u00e5 beacons - Nordnesrepublikken","isPartOf":{"@id":"https:\/\/nordnesrepublikken.no\/#website"},"primaryImageOfPage":{"@id":"https:\/\/nordnesrepublikken.no\/index.php\/2026\/01\/10\/sjaforer-skremt-da-spanias-v16-kart-viser-biler-som-aldri-har-slatt-pa-beacons\/#primaryimage"},"image":{"@id":"https:\/\/nordnesrepublikken.no\/index.php\/2026\/01\/10\/sjaforer-skremt-da-spanias-v16-kart-viser-biler-som-aldri-har-slatt-pa-beacons\/#primaryimage"},"thumbnailUrl":"https:\/\/nordnesrepublikken.no\/wp-content\/uploads\/2026\/01\/1768049446_Sjaforer-skremt-da-Spanias-V16-kart-viser-biler-som-aldri-har.jpg","datePublished":"2026-01-10T12:50:45+00:00","dateModified":"2026-01-10T12:50:46+00:00","breadcrumb":{"@id":"https:\/\/nordnesrepublikken.no\/index.php\/2026\/01\/10\/sjaforer-skremt-da-spanias-v16-kart-viser-biler-som-aldri-har-slatt-pa-beacons\/#breadcrumb"},"inLanguage":"nb-NO","potentialAction":[{"@type":"ReadAction","target":["https:\/\/nordnesrepublikken.no\/index.php\/2026\/01\/10\/sjaforer-skremt-da-spanias-v16-kart-viser-biler-som-aldri-har-slatt-pa-beacons\/"]}]},{"@type":"ImageObject","inLanguage":"nb-NO","@id":"https:\/\/nordnesrepublikken.no\/index.php\/2026\/01\/10\/sjaforer-skremt-da-spanias-v16-kart-viser-biler-som-aldri-har-slatt-pa-beacons\/#primaryimage","url":"https:\/\/nordnesrepublikken.no\/wp-content\/uploads\/2026\/01\/1768049446_Sjaforer-skremt-da-Spanias-V16-kart-viser-biler-som-aldri-har.jpg","contentUrl":"https:\/\/nordnesrepublikken.no\/wp-content\/uploads\/2026\/01\/1768049446_Sjaforer-skremt-da-Spanias-V16-kart-viser-biler-som-aldri-har.jpg","width":1200,"height":788,"caption":"Sj\u00e5f\u00f8rer skremt da Spanias V16-kart viser biler som aldri har sl\u00e5tt p\u00e5 beacons"},{"@type":"BreadcrumbList","@id":"https:\/\/nordnesrepublikken.no\/index.php\/2026\/01\/10\/sjaforer-skremt-da-spanias-v16-kart-viser-biler-som-aldri-har-slatt-pa-beacons\/#breadcrumb","itemListElement":[{"@type":"ListItem","position":1,"name":"Home","item":"https:\/\/nordnesrepublikken.no\/"},{"@type":"ListItem","position":2,"name":"Sj\u00e5f\u00f8rer skremt da Spanias V16-kart viser biler som aldri har sl\u00e5tt p\u00e5 beacons"}]},{"@type":"WebSite","@id":"https:\/\/nordnesrepublikken.no\/#website","url":"https:\/\/nordnesrepublikken.no\/","name":"Nordnesrepublikken","description":"Stemmer og Visjoner fra Republikkens Hjerte","publisher":{"@id":"https:\/\/nordnesrepublikken.no\/#organization"},"potentialAction":[{"@type":"SearchAction","target":{"@type":"EntryPoint","urlTemplate":"https:\/\/nordnesrepublikken.no\/?s={search_term_string}"},"query-input":{"@type":"PropertyValueSpecification","valueRequired":true,"valueName":"search_term_string"}}],"inLanguage":"nb-NO"},{"@type":"Organization","@id":"https:\/\/nordnesrepublikken.no\/#organization","name":"Nordnesrepublikken","url":"https:\/\/nordnesrepublikken.no\/","logo":{"@type":"ImageObject","inLanguage":"nb-NO","@id":"https:\/\/nordnesrepublikken.no\/#\/schema\/logo\/image\/","url":"https:\/\/nordnesrepublikken.no\/wp-content\/uploads\/2025\/02\/cropped-nordnesrepublikken-2.png","contentUrl":"https:\/\/nordnesrepublikken.no\/wp-content\/uploads\/2025\/02\/cropped-nordnesrepublikken-2.png","width":1248,"height":362,"caption":"Nordnesrepublikken"},"image":{"@id":"https:\/\/nordnesrepublikken.no\/#\/schema\/logo\/image\/"}},{"@type":"Person","@id":"https:\/\/nordnesrepublikken.no\/#\/schema\/person\/2e7e81935bab77882fffb79296240ff1","name":"Ole Andersen","image":{"@type":"ImageObject","inLanguage":"nb-NO","@id":"https:\/\/nordnesrepublikken.no\/#\/schema\/person\/image\/","url":"https:\/\/nordnesrepublikken.no\/wp-content\/uploads\/2025\/02\/nordnesrepublikken-2-2-150x150.jpg","contentUrl":"https:\/\/nordnesrepublikken.no\/wp-content\/uploads\/2025\/02\/nordnesrepublikken-2-2-150x150.jpg","caption":"Ole Andersen"},"description":"Ettersom jeg vokste opp i Oslo, har jeg alltid v\u00e6rt fascinert av ordenes kraft og deres evne til \u00e5 skape endringer. Etter \u00e5 ha fullf\u00f8rt min utdannelse i kommunikasjon ved Universitetet i Bergen, fikk jeg muligheten til \u00e5 jobbe innen ulike medier, der jeg har s\u00f8kt \u00e5 belyse viktige samfunnssp\u00f8rsm\u00e5l. I dag, som redakt\u00f8r for Nordnesrepublikken, pr\u00f8ver jeg \u00e5 forene min kj\u00e6rlighet for journalistikk med min lidenskap for innovasjon og eventyr.","sameAs":["https:\/\/nordnesrepublikken.no\/"]}]}},"_links":{"self":[{"href":"https:\/\/nordnesrepublikken.no\/index.php\/wp-json\/wp\/v2\/posts\/13702","targetHints":{"allow":["GET"]}}],"collection":[{"href":"https:\/\/nordnesrepublikken.no\/index.php\/wp-json\/wp\/v2\/posts"}],"about":[{"href":"https:\/\/nordnesrepublikken.no\/index.php\/wp-json\/wp\/v2\/types\/post"}],"author":[{"embeddable":true,"href":"https:\/\/nordnesrepublikken.no\/index.php\/wp-json\/wp\/v2\/users\/1"}],"replies":[{"embeddable":true,"href":"https:\/\/nordnesrepublikken.no\/index.php\/wp-json\/wp\/v2\/comments?post=13702"}],"version-history":[{"count":1,"href":"https:\/\/nordnesrepublikken.no\/index.php\/wp-json\/wp\/v2\/posts\/13702\/revisions"}],"predecessor-version":[{"id":13704,"href":"https:\/\/nordnesrepublikken.no\/index.php\/wp-json\/wp\/v2\/posts\/13702\/revisions\/13704"}],"wp:featuredmedia":[{"embeddable":true,"href":"https:\/\/nordnesrepublikken.no\/index.php\/wp-json\/wp\/v2\/media\/13703"}],"wp:attachment":[{"href":"https:\/\/nordnesrepublikken.no\/index.php\/wp-json\/wp\/v2\/media?parent=13702"}],"wp:term":[{"taxonomy":"category","embeddable":true,"href":"https:\/\/nordnesrepublikken.no\/index.php\/wp-json\/wp\/v2\/categories?post=13702"},{"taxonomy":"post_tag","embeddable":true,"href":"https:\/\/nordnesrepublikken.no\/index.php\/wp-json\/wp\/v2\/tags?post=13702"}],"curies":[{"name":"wp","href":"https:\/\/api.w.org\/{rel}","templated":true}]}}