{"id":13679,"date":"2026-01-09T20:50:40","date_gmt":"2026-01-09T19:50:40","guid":{"rendered":"https:\/\/nordnesrepublikken.no\/index.php\/2026\/01\/09\/jordskjelv-i-brescia-med-styrke-34-episenter-3-km-fra-gargnano\/"},"modified":"2026-01-09T20:50:42","modified_gmt":"2026-01-09T19:50:42","slug":"jordskjelv-i-brescia-med-styrke-34-episenter-3-km-fra-gargnano","status":"publish","type":"post","link":"https:\/\/nordnesrepublikken.no\/index.php\/2026\/01\/09\/jordskjelv-i-brescia-med-styrke-34-episenter-3-km-fra-gargnano\/","title":{"rendered":"Jordskjelv i Brescia med styrke 3,4, episenter 3 km fra Gargnano"},"content":{"rendered":"<div>\n<div class=\"cp_wrapper cp_wrapper--fw mb-30 mb-20@tablet\">\n<figure class=\"mm\"><picture class=\"img\" style=\"padding-top:56.25%\"><source  media=\"(min-width: 1024px)\"><source  media=\"(min-width: 768px)\"><\/source><\/source><\/picture><\/figure>\n<\/p><\/div>\n<p>Et sjokk av <b>jordskjelv <\/b>Av<b> styrke 3,4 traff provinsen Brescia<\/b> i dag 9. januar kl <strong>15.28<\/strong>. I f\u00f8lge det som ble registrert av INGV, var episenteret lokalisert kl<strong> 3 km<\/strong> nord fra <strong>Gargnano<\/strong>en by som ligger ved bredden av Gardasj\u00f8en, omtrent 30 km fra sentrum av Brescia. Hyposenteret ble imidlertid oppdaget kl<strong> 10,2 km dyp<\/strong>. P\u00e5 <strong>15.24<\/strong>seismografene hadde allerede registrert en <strong>jordskjelv med styrke 2,5<\/strong>igjen med sitt episenter i Gargnano og med en dybde p\u00e5 10,8 km.<\/p>\n<p>Jordskjelvet ble tydelig f\u00f8lt i hele provinsen Brescia, inntil <strong>Veneto<\/strong> et al <strong>Trentino-Alto Adige<\/strong>. For \u00f8yeblikket derimot, <strong>ingen spesiell skade ble rapportert<\/strong> til bygninger eller mennesker.<\/p>\n<p>Fra et geologisk synspunkt, <strong>det er ikke et spesielt seismisk omr\u00e5de<\/strong>som demonstrert av kartet nedenfor laget av INGV, som viser alle jordskjelvene registrert fra \u00e5r 1000 til 2020 i dette omr\u00e5det. Gjennom \u00e5rene har alle registrerte skjelvinger hatt en maksimal styrke p\u00e5 5,0, med det eneste unntaket av <strong>jordskjelvet i 1117 <\/strong>av styrke 6,8.<\/p>\n<div class=\"cp_wrapper cp_wrapper--fw mb-50\">\n<figure class=\"mm\"><picture class=\"img\" style=\"padding-top:115.25%\"><source  media=\"(min-width: 1024px)\"><source  media=\"(min-width: 768px)\"><img decoding=\"async\" loading=\"lazy\" src=\"https:\/\/nordnesrepublikken.no\/wp-content\/uploads\/2026\/01\/1767988240_47_Jordskjelv-i-Brescia-med-styrke-34-episenter-3-km-fra.jpg\" alt=\"Bilde\" width=\"1200\" height=\"1383\"\/><\/source><\/source><\/picture><\/figure>\n<\/p><\/div>\n<p><em>Artikkelen oppdateres.<\/em><\/p>\n<\/p><\/div>\n","protected":false},"excerpt":{"rendered":"<p>Et sjokk av jordskjelv Av styrke 3,4 traff provinsen Brescia i dag 9. januar kl<\/p>\n","protected":false},"author":1,"featured_media":13680,"comment_status":"closed","ping_status":"open","sticky":false,"template":"","format":"standard","meta":{"footnotes":""},"categories":[24],"tags":[4801,2076,125,8986,137,79,6954],"class_list":["post-13679","post","type-post","status-publish","format-standard","has-post-thumbnail","hentry","category-vitenskap","tag-brescia","tag-episenter","tag-fra","tag-gargnano","tag-jordskjelv","tag-med","tag-styrke","generate-columns","tablet-grid-50","mobile-grid-100","grid-parent","grid-33","resize-featured-image"],"yoast_head":"<!-- This site is optimized with the Yoast SEO plugin v24.4 - https:\/\/yoast.com\/wordpress\/plugins\/seo\/ -->\n<title>Jordskjelv i Brescia med styrke 3,4, episenter 3 km fra Gargnano - Nordnesrepublikken<\/title>\n<meta name=\"robots\" content=\"index, follow, max-snippet:-1, max-image-preview:large, max-video-preview:-1\" \/>\n<link rel=\"canonical\" href=\"https:\/\/nordnesrepublikken.no\/index.php\/2026\/01\/09\/jordskjelv-i-brescia-med-styrke-34-episenter-3-km-fra-gargnano\/\" \/>\n<meta property=\"og:locale\" content=\"nb_NO\" \/>\n<meta property=\"og:type\" content=\"article\" \/>\n<meta property=\"og:title\" content=\"Jordskjelv i Brescia med styrke 3,4, episenter 3 km fra Gargnano - Nordnesrepublikken\" \/>\n<meta property=\"og:description\" content=\"Et sjokk av jordskjelv Av styrke 3,4 traff provinsen Brescia i dag 9. januar kl\" \/>\n<meta property=\"og:url\" content=\"https:\/\/nordnesrepublikken.no\/index.php\/2026\/01\/09\/jordskjelv-i-brescia-med-styrke-34-episenter-3-km-fra-gargnano\/\" \/>\n<meta property=\"og:site_name\" content=\"Nordnesrepublikken\" \/>\n<meta property=\"article:published_time\" content=\"2026-01-09T19:50:40+00:00\" \/>\n<meta property=\"article:modified_time\" content=\"2026-01-09T19:50:42+00:00\" \/>\n<meta property=\"og:image\" content=\"https:\/\/nordnesrepublikken.no\/wp-content\/uploads\/2026\/01\/1767988241_Jordskjelv-i-Brescia-med-styrke-34-episenter-3-km-fra.jpg\" \/>\n\t<meta property=\"og:image:width\" content=\"1280\" \/>\n\t<meta property=\"og:image:height\" content=\"720\" \/>\n\t<meta property=\"og:image:type\" content=\"image\/jpeg\" \/>\n<meta name=\"author\" content=\"Ole Andersen\" \/>\n<meta name=\"twitter:card\" content=\"summary_large_image\" \/>\n<meta name=\"twitter:label1\" content=\"Skrevet av\" \/>\n\t<meta name=\"twitter:data1\" content=\"Ole Andersen\" \/>\n\t<meta name=\"twitter:label2\" content=\"Ansl. lesetid\" \/>\n\t<meta name=\"twitter:data2\" content=\"1 minutt\" \/>\n<script type=\"application\/ld+json\" class=\"yoast-schema-graph\">{\"@context\":\"https:\/\/schema.org\",\"@graph\":[{\"@type\":\"Article\",\"@id\":\"https:\/\/nordnesrepublikken.no\/index.php\/2026\/01\/09\/jordskjelv-i-brescia-med-styrke-34-episenter-3-km-fra-gargnano\/#article\",\"isPartOf\":{\"@id\":\"https:\/\/nordnesrepublikken.no\/index.php\/2026\/01\/09\/jordskjelv-i-brescia-med-styrke-34-episenter-3-km-fra-gargnano\/\"},\"author\":{\"name\":\"Ole Andersen\",\"@id\":\"https:\/\/nordnesrepublikken.no\/#\/schema\/person\/2e7e81935bab77882fffb79296240ff1\"},\"headline\":\"Jordskjelv i Brescia med styrke 3,4, episenter 3 km fra Gargnano\",\"datePublished\":\"2026-01-09T19:50:40+00:00\",\"dateModified\":\"2026-01-09T19:50:42+00:00\",\"mainEntityOfPage\":{\"@id\":\"https:\/\/nordnesrepublikken.no\/index.php\/2026\/01\/09\/jordskjelv-i-brescia-med-styrke-34-episenter-3-km-fra-gargnano\/\"},\"wordCount\":161,\"publisher\":{\"@id\":\"https:\/\/nordnesrepublikken.no\/#organization\"},\"image\":{\"@id\":\"https:\/\/nordnesrepublikken.no\/index.php\/2026\/01\/09\/jordskjelv-i-brescia-med-styrke-34-episenter-3-km-fra-gargnano\/#primaryimage\"},\"thumbnailUrl\":\"https:\/\/nordnesrepublikken.no\/wp-content\/uploads\/2026\/01\/1767988241_Jordskjelv-i-Brescia-med-styrke-34-episenter-3-km-fra.jpg\",\"keywords\":[\"Brescia\",\"episenter\",\"fra\",\"Gargnano\",\"Jordskjelv\",\"med\",\"styrke\"],\"articleSection\":[\"Vitenskap\"],\"inLanguage\":\"nb-NO\"},{\"@type\":\"WebPage\",\"@id\":\"https:\/\/nordnesrepublikken.no\/index.php\/2026\/01\/09\/jordskjelv-i-brescia-med-styrke-34-episenter-3-km-fra-gargnano\/\",\"url\":\"https:\/\/nordnesrepublikken.no\/index.php\/2026\/01\/09\/jordskjelv-i-brescia-med-styrke-34-episenter-3-km-fra-gargnano\/\",\"name\":\"Jordskjelv i Brescia med styrke 3,4, episenter 3 km fra Gargnano - Nordnesrepublikken\",\"isPartOf\":{\"@id\":\"https:\/\/nordnesrepublikken.no\/#website\"},\"primaryImageOfPage\":{\"@id\":\"https:\/\/nordnesrepublikken.no\/index.php\/2026\/01\/09\/jordskjelv-i-brescia-med-styrke-34-episenter-3-km-fra-gargnano\/#primaryimage\"},\"image\":{\"@id\":\"https:\/\/nordnesrepublikken.no\/index.php\/2026\/01\/09\/jordskjelv-i-brescia-med-styrke-34-episenter-3-km-fra-gargnano\/#primaryimage\"},\"thumbnailUrl\":\"https:\/\/nordnesrepublikken.no\/wp-content\/uploads\/2026\/01\/1767988241_Jordskjelv-i-Brescia-med-styrke-34-episenter-3-km-fra.jpg\",\"datePublished\":\"2026-01-09T19:50:40+00:00\",\"dateModified\":\"2026-01-09T19:50:42+00:00\",\"breadcrumb\":{\"@id\":\"https:\/\/nordnesrepublikken.no\/index.php\/2026\/01\/09\/jordskjelv-i-brescia-med-styrke-34-episenter-3-km-fra-gargnano\/#breadcrumb\"},\"inLanguage\":\"nb-NO\",\"potentialAction\":[{\"@type\":\"ReadAction\",\"target\":[\"https:\/\/nordnesrepublikken.no\/index.php\/2026\/01\/09\/jordskjelv-i-brescia-med-styrke-34-episenter-3-km-fra-gargnano\/\"]}]},{\"@type\":\"ImageObject\",\"inLanguage\":\"nb-NO\",\"@id\":\"https:\/\/nordnesrepublikken.no\/index.php\/2026\/01\/09\/jordskjelv-i-brescia-med-styrke-34-episenter-3-km-fra-gargnano\/#primaryimage\",\"url\":\"https:\/\/nordnesrepublikken.no\/wp-content\/uploads\/2026\/01\/1767988241_Jordskjelv-i-Brescia-med-styrke-34-episenter-3-km-fra.jpg\",\"contentUrl\":\"https:\/\/nordnesrepublikken.no\/wp-content\/uploads\/2026\/01\/1767988241_Jordskjelv-i-Brescia-med-styrke-34-episenter-3-km-fra.jpg\",\"width\":1280,\"height\":720,\"caption\":\"Jordskjelv i Brescia med styrke 3,4, episenter 3 km fra Gargnano\"},{\"@type\":\"BreadcrumbList\",\"@id\":\"https:\/\/nordnesrepublikken.no\/index.php\/2026\/01\/09\/jordskjelv-i-brescia-med-styrke-34-episenter-3-km-fra-gargnano\/#breadcrumb\",\"itemListElement\":[{\"@type\":\"ListItem\",\"position\":1,\"name\":\"Home\",\"item\":\"https:\/\/nordnesrepublikken.no\/\"},{\"@type\":\"ListItem\",\"position\":2,\"name\":\"Jordskjelv i Brescia med styrke 3,4, episenter 3 km fra Gargnano\"}]},{\"@type\":\"WebSite\",\"@id\":\"https:\/\/nordnesrepublikken.no\/#website\",\"url\":\"https:\/\/nordnesrepublikken.no\/\",\"name\":\"Nordnesrepublikken\",\"description\":\"Stemmer og Visjoner fra Republikkens Hjerte\",\"publisher\":{\"@id\":\"https:\/\/nordnesrepublikken.no\/#organization\"},\"potentialAction\":[{\"@type\":\"SearchAction\",\"target\":{\"@type\":\"EntryPoint\",\"urlTemplate\":\"https:\/\/nordnesrepublikken.no\/?s={search_term_string}\"},\"query-input\":{\"@type\":\"PropertyValueSpecification\",\"valueRequired\":true,\"valueName\":\"search_term_string\"}}],\"inLanguage\":\"nb-NO\"},{\"@type\":\"Organization\",\"@id\":\"https:\/\/nordnesrepublikken.no\/#organization\",\"name\":\"Nordnesrepublikken\",\"url\":\"https:\/\/nordnesrepublikken.no\/\",\"logo\":{\"@type\":\"ImageObject\",\"inLanguage\":\"nb-NO\",\"@id\":\"https:\/\/nordnesrepublikken.no\/#\/schema\/logo\/image\/\",\"url\":\"https:\/\/nordnesrepublikken.no\/wp-content\/uploads\/2025\/02\/cropped-nordnesrepublikken-2.png\",\"contentUrl\":\"https:\/\/nordnesrepublikken.no\/wp-content\/uploads\/2025\/02\/cropped-nordnesrepublikken-2.png\",\"width\":1248,\"height\":362,\"caption\":\"Nordnesrepublikken\"},\"image\":{\"@id\":\"https:\/\/nordnesrepublikken.no\/#\/schema\/logo\/image\/\"}},{\"@type\":\"Person\",\"@id\":\"https:\/\/nordnesrepublikken.no\/#\/schema\/person\/2e7e81935bab77882fffb79296240ff1\",\"name\":\"Ole Andersen\",\"image\":{\"@type\":\"ImageObject\",\"inLanguage\":\"nb-NO\",\"@id\":\"https:\/\/nordnesrepublikken.no\/#\/schema\/person\/image\/\",\"url\":\"https:\/\/nordnesrepublikken.no\/wp-content\/uploads\/2025\/02\/nordnesrepublikken-2-2-150x150.jpg\",\"contentUrl\":\"https:\/\/nordnesrepublikken.no\/wp-content\/uploads\/2025\/02\/nordnesrepublikken-2-2-150x150.jpg\",\"caption\":\"Ole Andersen\"},\"description\":\"Ettersom jeg vokste opp i Oslo, har jeg alltid v\u00e6rt fascinert av ordenes kraft og deres evne til \u00e5 skape endringer. Etter \u00e5 ha fullf\u00f8rt min utdannelse i kommunikasjon ved Universitetet i Bergen, fikk jeg muligheten til \u00e5 jobbe innen ulike medier, der jeg har s\u00f8kt \u00e5 belyse viktige samfunnssp\u00f8rsm\u00e5l. I dag, som redakt\u00f8r for Nordnesrepublikken, pr\u00f8ver jeg \u00e5 forene min kj\u00e6rlighet for journalistikk med min lidenskap for innovasjon og eventyr.\",\"sameAs\":[\"https:\/\/nordnesrepublikken.no\/\"]}]}<\/script>\n<!-- \/ Yoast SEO plugin. -->","yoast_head_json":{"title":"Jordskjelv i Brescia med styrke 3,4, episenter 3 km fra Gargnano - Nordnesrepublikken","robots":{"index":"index","follow":"follow","max-snippet":"max-snippet:-1","max-image-preview":"max-image-preview:large","max-video-preview":"max-video-preview:-1"},"canonical":"https:\/\/nordnesrepublikken.no\/index.php\/2026\/01\/09\/jordskjelv-i-brescia-med-styrke-34-episenter-3-km-fra-gargnano\/","og_locale":"nb_NO","og_type":"article","og_title":"Jordskjelv i Brescia med styrke 3,4, episenter 3 km fra Gargnano - Nordnesrepublikken","og_description":"Et sjokk av jordskjelv Av styrke 3,4 traff provinsen Brescia i dag 9. januar kl","og_url":"https:\/\/nordnesrepublikken.no\/index.php\/2026\/01\/09\/jordskjelv-i-brescia-med-styrke-34-episenter-3-km-fra-gargnano\/","og_site_name":"Nordnesrepublikken","article_published_time":"2026-01-09T19:50:40+00:00","article_modified_time":"2026-01-09T19:50:42+00:00","og_image":[{"width":1280,"height":720,"url":"https:\/\/nordnesrepublikken.no\/wp-content\/uploads\/2026\/01\/1767988241_Jordskjelv-i-Brescia-med-styrke-34-episenter-3-km-fra.jpg","type":"image\/jpeg"}],"author":"Ole Andersen","twitter_card":"summary_large_image","twitter_misc":{"Skrevet av":"Ole Andersen","Ansl. lesetid":"1 minutt"},"schema":{"@context":"https:\/\/schema.org","@graph":[{"@type":"Article","@id":"https:\/\/nordnesrepublikken.no\/index.php\/2026\/01\/09\/jordskjelv-i-brescia-med-styrke-34-episenter-3-km-fra-gargnano\/#article","isPartOf":{"@id":"https:\/\/nordnesrepublikken.no\/index.php\/2026\/01\/09\/jordskjelv-i-brescia-med-styrke-34-episenter-3-km-fra-gargnano\/"},"author":{"name":"Ole Andersen","@id":"https:\/\/nordnesrepublikken.no\/#\/schema\/person\/2e7e81935bab77882fffb79296240ff1"},"headline":"Jordskjelv i Brescia med styrke 3,4, episenter 3 km fra Gargnano","datePublished":"2026-01-09T19:50:40+00:00","dateModified":"2026-01-09T19:50:42+00:00","mainEntityOfPage":{"@id":"https:\/\/nordnesrepublikken.no\/index.php\/2026\/01\/09\/jordskjelv-i-brescia-med-styrke-34-episenter-3-km-fra-gargnano\/"},"wordCount":161,"publisher":{"@id":"https:\/\/nordnesrepublikken.no\/#organization"},"image":{"@id":"https:\/\/nordnesrepublikken.no\/index.php\/2026\/01\/09\/jordskjelv-i-brescia-med-styrke-34-episenter-3-km-fra-gargnano\/#primaryimage"},"thumbnailUrl":"https:\/\/nordnesrepublikken.no\/wp-content\/uploads\/2026\/01\/1767988241_Jordskjelv-i-Brescia-med-styrke-34-episenter-3-km-fra.jpg","keywords":["Brescia","episenter","fra","Gargnano","Jordskjelv","med","styrke"],"articleSection":["Vitenskap"],"inLanguage":"nb-NO"},{"@type":"WebPage","@id":"https:\/\/nordnesrepublikken.no\/index.php\/2026\/01\/09\/jordskjelv-i-brescia-med-styrke-34-episenter-3-km-fra-gargnano\/","url":"https:\/\/nordnesrepublikken.no\/index.php\/2026\/01\/09\/jordskjelv-i-brescia-med-styrke-34-episenter-3-km-fra-gargnano\/","name":"Jordskjelv i Brescia med styrke 3,4, episenter 3 km fra Gargnano - Nordnesrepublikken","isPartOf":{"@id":"https:\/\/nordnesrepublikken.no\/#website"},"primaryImageOfPage":{"@id":"https:\/\/nordnesrepublikken.no\/index.php\/2026\/01\/09\/jordskjelv-i-brescia-med-styrke-34-episenter-3-km-fra-gargnano\/#primaryimage"},"image":{"@id":"https:\/\/nordnesrepublikken.no\/index.php\/2026\/01\/09\/jordskjelv-i-brescia-med-styrke-34-episenter-3-km-fra-gargnano\/#primaryimage"},"thumbnailUrl":"https:\/\/nordnesrepublikken.no\/wp-content\/uploads\/2026\/01\/1767988241_Jordskjelv-i-Brescia-med-styrke-34-episenter-3-km-fra.jpg","datePublished":"2026-01-09T19:50:40+00:00","dateModified":"2026-01-09T19:50:42+00:00","breadcrumb":{"@id":"https:\/\/nordnesrepublikken.no\/index.php\/2026\/01\/09\/jordskjelv-i-brescia-med-styrke-34-episenter-3-km-fra-gargnano\/#breadcrumb"},"inLanguage":"nb-NO","potentialAction":[{"@type":"ReadAction","target":["https:\/\/nordnesrepublikken.no\/index.php\/2026\/01\/09\/jordskjelv-i-brescia-med-styrke-34-episenter-3-km-fra-gargnano\/"]}]},{"@type":"ImageObject","inLanguage":"nb-NO","@id":"https:\/\/nordnesrepublikken.no\/index.php\/2026\/01\/09\/jordskjelv-i-brescia-med-styrke-34-episenter-3-km-fra-gargnano\/#primaryimage","url":"https:\/\/nordnesrepublikken.no\/wp-content\/uploads\/2026\/01\/1767988241_Jordskjelv-i-Brescia-med-styrke-34-episenter-3-km-fra.jpg","contentUrl":"https:\/\/nordnesrepublikken.no\/wp-content\/uploads\/2026\/01\/1767988241_Jordskjelv-i-Brescia-med-styrke-34-episenter-3-km-fra.jpg","width":1280,"height":720,"caption":"Jordskjelv i Brescia med styrke 3,4, episenter 3 km fra Gargnano"},{"@type":"BreadcrumbList","@id":"https:\/\/nordnesrepublikken.no\/index.php\/2026\/01\/09\/jordskjelv-i-brescia-med-styrke-34-episenter-3-km-fra-gargnano\/#breadcrumb","itemListElement":[{"@type":"ListItem","position":1,"name":"Home","item":"https:\/\/nordnesrepublikken.no\/"},{"@type":"ListItem","position":2,"name":"Jordskjelv i Brescia med styrke 3,4, episenter 3 km fra Gargnano"}]},{"@type":"WebSite","@id":"https:\/\/nordnesrepublikken.no\/#website","url":"https:\/\/nordnesrepublikken.no\/","name":"Nordnesrepublikken","description":"Stemmer og Visjoner fra Republikkens Hjerte","publisher":{"@id":"https:\/\/nordnesrepublikken.no\/#organization"},"potentialAction":[{"@type":"SearchAction","target":{"@type":"EntryPoint","urlTemplate":"https:\/\/nordnesrepublikken.no\/?s={search_term_string}"},"query-input":{"@type":"PropertyValueSpecification","valueRequired":true,"valueName":"search_term_string"}}],"inLanguage":"nb-NO"},{"@type":"Organization","@id":"https:\/\/nordnesrepublikken.no\/#organization","name":"Nordnesrepublikken","url":"https:\/\/nordnesrepublikken.no\/","logo":{"@type":"ImageObject","inLanguage":"nb-NO","@id":"https:\/\/nordnesrepublikken.no\/#\/schema\/logo\/image\/","url":"https:\/\/nordnesrepublikken.no\/wp-content\/uploads\/2025\/02\/cropped-nordnesrepublikken-2.png","contentUrl":"https:\/\/nordnesrepublikken.no\/wp-content\/uploads\/2025\/02\/cropped-nordnesrepublikken-2.png","width":1248,"height":362,"caption":"Nordnesrepublikken"},"image":{"@id":"https:\/\/nordnesrepublikken.no\/#\/schema\/logo\/image\/"}},{"@type":"Person","@id":"https:\/\/nordnesrepublikken.no\/#\/schema\/person\/2e7e81935bab77882fffb79296240ff1","name":"Ole Andersen","image":{"@type":"ImageObject","inLanguage":"nb-NO","@id":"https:\/\/nordnesrepublikken.no\/#\/schema\/person\/image\/","url":"https:\/\/nordnesrepublikken.no\/wp-content\/uploads\/2025\/02\/nordnesrepublikken-2-2-150x150.jpg","contentUrl":"https:\/\/nordnesrepublikken.no\/wp-content\/uploads\/2025\/02\/nordnesrepublikken-2-2-150x150.jpg","caption":"Ole Andersen"},"description":"Ettersom jeg vokste opp i Oslo, har jeg alltid v\u00e6rt fascinert av ordenes kraft og deres evne til \u00e5 skape endringer. Etter \u00e5 ha fullf\u00f8rt min utdannelse i kommunikasjon ved Universitetet i Bergen, fikk jeg muligheten til \u00e5 jobbe innen ulike medier, der jeg har s\u00f8kt \u00e5 belyse viktige samfunnssp\u00f8rsm\u00e5l. I dag, som redakt\u00f8r for Nordnesrepublikken, pr\u00f8ver jeg \u00e5 forene min kj\u00e6rlighet for journalistikk med min lidenskap for innovasjon og eventyr.","sameAs":["https:\/\/nordnesrepublikken.no\/"]}]}},"_links":{"self":[{"href":"https:\/\/nordnesrepublikken.no\/index.php\/wp-json\/wp\/v2\/posts\/13679","targetHints":{"allow":["GET"]}}],"collection":[{"href":"https:\/\/nordnesrepublikken.no\/index.php\/wp-json\/wp\/v2\/posts"}],"about":[{"href":"https:\/\/nordnesrepublikken.no\/index.php\/wp-json\/wp\/v2\/types\/post"}],"author":[{"embeddable":true,"href":"https:\/\/nordnesrepublikken.no\/index.php\/wp-json\/wp\/v2\/users\/1"}],"replies":[{"embeddable":true,"href":"https:\/\/nordnesrepublikken.no\/index.php\/wp-json\/wp\/v2\/comments?post=13679"}],"version-history":[{"count":1,"href":"https:\/\/nordnesrepublikken.no\/index.php\/wp-json\/wp\/v2\/posts\/13679\/revisions"}],"predecessor-version":[{"id":13681,"href":"https:\/\/nordnesrepublikken.no\/index.php\/wp-json\/wp\/v2\/posts\/13679\/revisions\/13681"}],"wp:featuredmedia":[{"embeddable":true,"href":"https:\/\/nordnesrepublikken.no\/index.php\/wp-json\/wp\/v2\/media\/13680"}],"wp:attachment":[{"href":"https:\/\/nordnesrepublikken.no\/index.php\/wp-json\/wp\/v2\/media?parent=13679"}],"wp:term":[{"taxonomy":"category","embeddable":true,"href":"https:\/\/nordnesrepublikken.no\/index.php\/wp-json\/wp\/v2\/categories?post=13679"},{"taxonomy":"post_tag","embeddable":true,"href":"https:\/\/nordnesrepublikken.no\/index.php\/wp-json\/wp\/v2\/tags?post=13679"}],"curies":[{"name":"wp","href":"https:\/\/api.w.org\/{rel}","templated":true}]}}